{"id":343445,"date":"2023-06-20T11:44:17","date_gmt":"2023-06-20T14:44:17","guid":{"rendered":"https:\/\/blogdofarnesio.com.br\/?p=343445"},"modified":"2023-06-20T10:26:03","modified_gmt":"2023-06-20T13:26:03","slug":"leilao-solidario-do-transforma-petrolina-tera-peca-exclusiva-do-cantor-leo-santana","status":"publish","type":"post","link":"https:\/\/blogdofarnesio.com.br\/?p=343445","title":{"rendered":"Leil\u00e3o Solid\u00e1rio em Petrolina ter\u00e1 pe\u00e7a exclusiva  do cantor L\u00e9o Santana"},"content":{"rendered":"<p style=\"font-weight: 400;\">A 2\u00aa Edi\u00e7\u00e3o do Leil\u00e3o Solid\u00e1rio do Transforma Petrolina contar\u00e1 com uma pe\u00e7a de roupa\u00a0 exclusiva do cantor baiano L\u00e9o Santana. O\u00a0 artista se apresentou no s\u00e1bado (17), no S\u00e3o Jo\u00e3o de Petrolina e foi uma das atra\u00e7\u00f5es que j\u00e1\u00a0 confirmou que apoiar\u00e1 o leil\u00e3o\u00a0que beneficiar\u00e1 32 Institui\u00e7\u00f5es sociais que atuam\u00a0 para acelerar o poder de impacto social no munic\u00edpio.<\/p>\n<p style=\"font-weight: 400;\">Al\u00e9m da pe\u00e7a de L\u00e9o Santana, o Leil\u00e3o Solid\u00e1rio\u00a0 conta, pela segunda vez, \u00a0 com pe\u00e7as\u00a0 da dupla Henrique e Juliano. O Leil\u00e3o faz parte das a\u00e7\u00f5es do S\u00e3o Jo\u00e3o Solid\u00e1rio\u00a0 do Transforma Petrolina e ser\u00e1 realizado durante um\u00a0 evento presencial, no dia 30 de junho,\u00a0\u00a0 com todas as pe\u00e7as arrecadadas no S\u00e3o Jo\u00e3o.<\/p>\n<p style=\"font-weight: 400;\">A Iniciativa nasceu da ideia da\u00a0 criadora da\u00a0 ONG Proteger, Gabi Paiva, que identificou no Leil\u00e3o\u00a0 uma oportunidade de apoiar o trabalho das institui\u00e7\u00f5es.<\/p>\n<p style=\"font-weight: 400;\">De acordo com a coordenadora volunt\u00e1ria do Transforma Petrolina, Alinne Durando, muitos artistas que se apresentam no S\u00e3o Jo\u00e3o abra\u00e7am o projeto e acreditam no impacto da a\u00e7\u00e3o. &#8220;Aproveitamos a temporada junina para\u00a0 receber o apoio desses cantores e tamb\u00e9m fortalecer\u00a0 o trabalho das institui\u00e7\u00f5es sociais da nossa cidade&#8221;, afirma.<\/p>\n","protected":false},"excerpt":{"rendered":"<p>A 2\u00aa Edi\u00e7\u00e3o do Leil\u00e3o Solid\u00e1rio do Transforma Petrolina contar\u00e1 com uma pe\u00e7a de roupa\u00a0 exclusiva do cantor baiano L\u00e9o Santana. O\u00a0 artista se apresentou no s\u00e1bado (17), no S\u00e3o Jo\u00e3o de Petrolina e foi uma das atra\u00e7\u00f5es que j\u00e1\u00a0 confirmou que apoiar\u00e1 o leil\u00e3o\u00a0que beneficiar\u00e1 32 Institui\u00e7\u00f5es sociais que atuam\u00a0 para acelerar o poder de impacto social no munic\u00edpio. Al\u00e9m da pe\u00e7a de L\u00e9o Santana, o Leil\u00e3o Solid\u00e1rio\u00a0 conta, pela segunda vez, \u00a0 com pe\u00e7as\u00a0 da dupla Henrique e Juliano. O Leil\u00e3o faz parte das a\u00e7\u00f5es do S\u00e3o Jo\u00e3o Solid\u00e1rio\u00a0 do Transforma Petrolina e ser\u00e1 realizado durante um\u00a0 evento presencial, no dia 30 de junho,\u00a0\u00a0 com todas as pe\u00e7as arrecadadas no S\u00e3o Jo\u00e3o. A Iniciativa nasceu da ideia da\u00a0&hellip; <\/p>\n","protected":false},"author":2,"featured_media":343446,"comment_status":"open","ping_status":"open","sticky":false,"template":"","format":"standard","meta":{"_acf_changed":false,"footnotes":""},"categories":[22,3],"tags":[],"class_list":["post-343445","post","type-post","status-publish","format-standard","has-post-thumbnail","hentry","category-acao-social","category-entretenimento"],"acf":[],"yoast_head":"<!-- This site is optimized with the Yoast SEO plugin v27.4 - https:\/\/yoast.com\/product\/yoast-seo-wordpress\/ -->\n<title>Leil\u00e3o Solid\u00e1rio em Petrolina ter\u00e1 pe\u00e7a exclusiva do cantor L\u00e9o Santana - Blog do Farn\u00e9sio<\/title>\n<meta name=\"robots\" content=\"index, follow, max-snippet:-1, max-image-preview:large, max-video-preview:-1\" \/>\n<link rel=\"canonical\" href=\"https:\/\/blogdofarnesio.com.br\/?p=343445\" \/>\n<meta property=\"og:locale\" content=\"pt_BR\" \/>\n<meta property=\"og:type\" content=\"article\" \/>\n<meta property=\"og:title\" content=\"Leil\u00e3o Solid\u00e1rio em Petrolina ter\u00e1 pe\u00e7a exclusiva do cantor L\u00e9o Santana - Blog do Farn\u00e9sio\" \/>\n<meta property=\"og:description\" content=\"A 2\u00aa Edi\u00e7\u00e3o do Leil\u00e3o Solid\u00e1rio do Transforma Petrolina contar\u00e1 com uma pe\u00e7a de roupa\u00a0 exclusiva do cantor baiano L\u00e9o Santana. O\u00a0 artista se apresentou no s\u00e1bado (17), no S\u00e3o Jo\u00e3o de Petrolina e foi uma das atra\u00e7\u00f5es que j\u00e1\u00a0 confirmou que apoiar\u00e1 o leil\u00e3o\u00a0que beneficiar\u00e1 32 Institui\u00e7\u00f5es sociais que atuam\u00a0 para acelerar o poder de impacto social no munic\u00edpio. Al\u00e9m da pe\u00e7a de L\u00e9o Santana, o Leil\u00e3o Solid\u00e1rio\u00a0 conta, pela segunda vez, \u00a0 com pe\u00e7as\u00a0 da dupla Henrique e Juliano. O Leil\u00e3o faz parte das a\u00e7\u00f5es do S\u00e3o Jo\u00e3o Solid\u00e1rio\u00a0 do Transforma Petrolina e ser\u00e1 realizado durante um\u00a0 evento presencial, no dia 30 de junho,\u00a0\u00a0 com todas as pe\u00e7as arrecadadas no S\u00e3o Jo\u00e3o. A Iniciativa nasceu da ideia da\u00a0&hellip;\" \/>\n<meta property=\"og:url\" content=\"https:\/\/blogdofarnesio.com.br\/?p=343445\" \/>\n<meta property=\"og:site_name\" content=\"Blog do Farn\u00e9sio\" \/>\n<meta property=\"article:publisher\" content=\"https:\/\/www.facebook.com\/BlogQuerSaberPolitica\/\" \/>\n<meta property=\"article:author\" content=\"https:\/\/www.facebook.com\/?ref=tn_tnmn\" \/>\n<meta property=\"article:published_time\" content=\"2023-06-20T14:44:17+00:00\" \/>\n<meta property=\"og:image\" content=\"https:\/\/blogdofarnesio.com.br\/wp-content\/uploads\/2023\/06\/leo-santana-e1687208022185.jpeg\" \/>\n\t<meta property=\"og:image:width\" content=\"600\" \/>\n\t<meta property=\"og:image:height\" content=\"400\" \/>\n\t<meta property=\"og:image:type\" content=\"image\/jpeg\" \/>\n<meta name=\"author\" content=\"Farn\u00e9sio\" \/>\n<meta name=\"twitter:card\" content=\"summary_large_image\" \/>\n<meta name=\"twitter:label1\" content=\"Escrito por\" \/>\n\t<meta name=\"twitter:data1\" content=\"Farn\u00e9sio\" \/>\n\t<meta name=\"twitter:label2\" content=\"Est. tempo de leitura\" \/>\n\t<meta name=\"twitter:data2\" content=\"2 minutos\" \/>\n<script type=\"application\/ld+json\" class=\"yoast-schema-graph\">{\"@context\":\"https:\\\/\\\/schema.org\",\"@graph\":[{\"@type\":\"Article\",\"@id\":\"https:\\\/\\\/blogdofarnesio.com.br\\\/?p=343445#article\",\"isPartOf\":{\"@id\":\"https:\\\/\\\/blogdofarnesio.com.br\\\/?p=343445\"},\"author\":{\"name\":\"Farn\u00e9sio\",\"@id\":\"https:\\\/\\\/blogdofarnesio.com.br\\\/#\\\/schema\\\/person\\\/bb9b23ae3ad0609ce8df7b6c9e76824d\"},\"headline\":\"Leil\u00e3o Solid\u00e1rio em Petrolina ter\u00e1 pe\u00e7a exclusiva do cantor L\u00e9o Santana\",\"datePublished\":\"2023-06-20T14:44:17+00:00\",\"mainEntityOfPage\":{\"@id\":\"https:\\\/\\\/blogdofarnesio.com.br\\\/?p=343445\"},\"wordCount\":234,\"commentCount\":0,\"publisher\":{\"@id\":\"https:\\\/\\\/blogdofarnesio.com.br\\\/#organization\"},\"image\":{\"@id\":\"https:\\\/\\\/blogdofarnesio.com.br\\\/?p=343445#primaryimage\"},\"thumbnailUrl\":\"https:\\\/\\\/blogdofarnesio.com.br\\\/wp-content\\\/uploads\\\/2023\\\/06\\\/leo-santana-e1687208022185.jpeg\",\"articleSection\":[\"A\u00e7\u00e3o Social\",\"Entretenimento\"],\"inLanguage\":\"pt-BR\",\"potentialAction\":[{\"@type\":\"CommentAction\",\"name\":\"Comment\",\"target\":[\"https:\\\/\\\/blogdofarnesio.com.br\\\/?p=343445#respond\"]}]},{\"@type\":\"WebPage\",\"@id\":\"https:\\\/\\\/blogdofarnesio.com.br\\\/?p=343445\",\"url\":\"https:\\\/\\\/blogdofarnesio.com.br\\\/?p=343445\",\"name\":\"Leil\u00e3o Solid\u00e1rio em Petrolina ter\u00e1 pe\u00e7a exclusiva do cantor L\u00e9o Santana - Blog do Farn\u00e9sio\",\"isPartOf\":{\"@id\":\"https:\\\/\\\/blogdofarnesio.com.br\\\/#website\"},\"primaryImageOfPage\":{\"@id\":\"https:\\\/\\\/blogdofarnesio.com.br\\\/?p=343445#primaryimage\"},\"image\":{\"@id\":\"https:\\\/\\\/blogdofarnesio.com.br\\\/?p=343445#primaryimage\"},\"thumbnailUrl\":\"https:\\\/\\\/blogdofarnesio.com.br\\\/wp-content\\\/uploads\\\/2023\\\/06\\\/leo-santana-e1687208022185.jpeg\",\"datePublished\":\"2023-06-20T14:44:17+00:00\",\"breadcrumb\":{\"@id\":\"https:\\\/\\\/blogdofarnesio.com.br\\\/?p=343445#breadcrumb\"},\"inLanguage\":\"pt-BR\",\"potentialAction\":[{\"@type\":\"ReadAction\",\"target\":[\"https:\\\/\\\/blogdofarnesio.com.br\\\/?p=343445\"]}]},{\"@type\":\"ImageObject\",\"inLanguage\":\"pt-BR\",\"@id\":\"https:\\\/\\\/blogdofarnesio.com.br\\\/?p=343445#primaryimage\",\"url\":\"https:\\\/\\\/blogdofarnesio.com.br\\\/wp-content\\\/uploads\\\/2023\\\/06\\\/leo-santana-e1687208022185.jpeg\",\"contentUrl\":\"https:\\\/\\\/blogdofarnesio.com.br\\\/wp-content\\\/uploads\\\/2023\\\/06\\\/leo-santana-e1687208022185.jpeg\",\"width\":600,\"height\":400},{\"@type\":\"BreadcrumbList\",\"@id\":\"https:\\\/\\\/blogdofarnesio.com.br\\\/?p=343445#breadcrumb\",\"itemListElement\":[{\"@type\":\"ListItem\",\"position\":1,\"name\":\"In\u00edcio\",\"item\":\"https:\\\/\\\/blogdofarnesio.com.br\\\/\"},{\"@type\":\"ListItem\",\"position\":2,\"name\":\"Leil\u00e3o Solid\u00e1rio em Petrolina ter\u00e1 pe\u00e7a exclusiva do cantor L\u00e9o Santana\"}]},{\"@type\":\"WebSite\",\"@id\":\"https:\\\/\\\/blogdofarnesio.com.br\\\/#website\",\"url\":\"https:\\\/\\\/blogdofarnesio.com.br\\\/\",\"name\":\"Blog do Farn\u00e9sio\",\"description\":\"Quer Saber Pol\u00edtica?\",\"publisher\":{\"@id\":\"https:\\\/\\\/blogdofarnesio.com.br\\\/#organization\"},\"potentialAction\":[{\"@type\":\"SearchAction\",\"target\":{\"@type\":\"EntryPoint\",\"urlTemplate\":\"https:\\\/\\\/blogdofarnesio.com.br\\\/?s={search_term_string}\"},\"query-input\":{\"@type\":\"PropertyValueSpecification\",\"valueRequired\":true,\"valueName\":\"search_term_string\"}}],\"inLanguage\":\"pt-BR\"},{\"@type\":\"Organization\",\"@id\":\"https:\\\/\\\/blogdofarnesio.com.br\\\/#organization\",\"name\":\"Blog do Farn\u00e9sio\",\"url\":\"https:\\\/\\\/blogdofarnesio.com.br\\\/\",\"logo\":{\"@type\":\"ImageObject\",\"inLanguage\":\"pt-BR\",\"@id\":\"https:\\\/\\\/blogdofarnesio.com.br\\\/#\\\/schema\\\/logo\\\/image\\\/\",\"url\":\"https:\\\/\\\/blogdofarnesio.com.br\\\/wp-content\\\/uploads\\\/2026\\\/03\\\/cropped-logo_new-1.png\",\"contentUrl\":\"https:\\\/\\\/blogdofarnesio.com.br\\\/wp-content\\\/uploads\\\/2026\\\/03\\\/cropped-logo_new-1.png\",\"width\":881,\"height\":685,\"caption\":\"Blog do Farn\u00e9sio\"},\"image\":{\"@id\":\"https:\\\/\\\/blogdofarnesio.com.br\\\/#\\\/schema\\\/logo\\\/image\\\/\"},\"sameAs\":[\"https:\\\/\\\/www.facebook.com\\\/BlogQuerSaberPolitica\\\/\"]},{\"@type\":\"Person\",\"@id\":\"https:\\\/\\\/blogdofarnesio.com.br\\\/#\\\/schema\\\/person\\\/bb9b23ae3ad0609ce8df7b6c9e76824d\",\"name\":\"Farn\u00e9sio\",\"image\":{\"@type\":\"ImageObject\",\"inLanguage\":\"pt-BR\",\"@id\":\"https:\\\/\\\/secure.gravatar.com\\\/avatar\\\/986aa4c61ccdb66f8555bf88fc2a65609d00bcabd4d2d94377a727547345cbca?s=96&d=mm&r=g\",\"url\":\"https:\\\/\\\/secure.gravatar.com\\\/avatar\\\/986aa4c61ccdb66f8555bf88fc2a65609d00bcabd4d2d94377a727547345cbca?s=96&d=mm&r=g\",\"contentUrl\":\"https:\\\/\\\/secure.gravatar.com\\\/avatar\\\/986aa4c61ccdb66f8555bf88fc2a65609d00bcabd4d2d94377a727547345cbca?s=96&d=mm&r=g\",\"caption\":\"Farn\u00e9sio\"},\"description\":\"Radialista blogueiro, chegou a Petrolina\\\/Juazeiro em setembro de 1980, Farn\u00e9sio Silva \u00e9 de Arapiraca-Alagoas.\",\"sameAs\":[\"http:\\\/\\\/blogdofarnesio.com.br\",\"https:\\\/\\\/www.facebook.com\\\/?ref=tn_tnmn\",\"https:\\\/\\\/www.instagram.com\\\/?utm_source=pwa_homescreen\",\"https:\\\/\\\/youtube.com.br\\\/\"],\"url\":\"https:\\\/\\\/blogdofarnesio.com.br\\\/?author=2\"}]}<\/script>\n<!-- \/ Yoast SEO plugin. -->","yoast_head_json":{"title":"Leil\u00e3o Solid\u00e1rio em Petrolina ter\u00e1 pe\u00e7a exclusiva do cantor L\u00e9o Santana - Blog do Farn\u00e9sio","robots":{"index":"index","follow":"follow","max-snippet":"max-snippet:-1","max-image-preview":"max-image-preview:large","max-video-preview":"max-video-preview:-1"},"canonical":"https:\/\/blogdofarnesio.com.br\/?p=343445","og_locale":"pt_BR","og_type":"article","og_title":"Leil\u00e3o Solid\u00e1rio em Petrolina ter\u00e1 pe\u00e7a exclusiva do cantor L\u00e9o Santana - Blog do Farn\u00e9sio","og_description":"A 2\u00aa Edi\u00e7\u00e3o do Leil\u00e3o Solid\u00e1rio do Transforma Petrolina contar\u00e1 com uma pe\u00e7a de roupa\u00a0 exclusiva do cantor baiano L\u00e9o Santana. O\u00a0 artista se apresentou no s\u00e1bado (17), no S\u00e3o Jo\u00e3o de Petrolina e foi uma das atra\u00e7\u00f5es que j\u00e1\u00a0 confirmou que apoiar\u00e1 o leil\u00e3o\u00a0que beneficiar\u00e1 32 Institui\u00e7\u00f5es sociais que atuam\u00a0 para acelerar o poder de impacto social no munic\u00edpio. Al\u00e9m da pe\u00e7a de L\u00e9o Santana, o Leil\u00e3o Solid\u00e1rio\u00a0 conta, pela segunda vez, \u00a0 com pe\u00e7as\u00a0 da dupla Henrique e Juliano. O Leil\u00e3o faz parte das a\u00e7\u00f5es do S\u00e3o Jo\u00e3o Solid\u00e1rio\u00a0 do Transforma Petrolina e ser\u00e1 realizado durante um\u00a0 evento presencial, no dia 30 de junho,\u00a0\u00a0 com todas as pe\u00e7as arrecadadas no S\u00e3o Jo\u00e3o. A Iniciativa nasceu da ideia da\u00a0&hellip;","og_url":"https:\/\/blogdofarnesio.com.br\/?p=343445","og_site_name":"Blog do Farn\u00e9sio","article_publisher":"https:\/\/www.facebook.com\/BlogQuerSaberPolitica\/","article_author":"https:\/\/www.facebook.com\/?ref=tn_tnmn","article_published_time":"2023-06-20T14:44:17+00:00","og_image":[{"width":600,"height":400,"url":"https:\/\/blogdofarnesio.com.br\/wp-content\/uploads\/2023\/06\/leo-santana-e1687208022185.jpeg","type":"image\/jpeg"}],"author":"Farn\u00e9sio","twitter_card":"summary_large_image","twitter_misc":{"Escrito por":"Farn\u00e9sio","Est. tempo de leitura":"2 minutos"},"schema":{"@context":"https:\/\/schema.org","@graph":[{"@type":"Article","@id":"https:\/\/blogdofarnesio.com.br\/?p=343445#article","isPartOf":{"@id":"https:\/\/blogdofarnesio.com.br\/?p=343445"},"author":{"name":"Farn\u00e9sio","@id":"https:\/\/blogdofarnesio.com.br\/#\/schema\/person\/bb9b23ae3ad0609ce8df7b6c9e76824d"},"headline":"Leil\u00e3o Solid\u00e1rio em Petrolina ter\u00e1 pe\u00e7a exclusiva do cantor L\u00e9o Santana","datePublished":"2023-06-20T14:44:17+00:00","mainEntityOfPage":{"@id":"https:\/\/blogdofarnesio.com.br\/?p=343445"},"wordCount":234,"commentCount":0,"publisher":{"@id":"https:\/\/blogdofarnesio.com.br\/#organization"},"image":{"@id":"https:\/\/blogdofarnesio.com.br\/?p=343445#primaryimage"},"thumbnailUrl":"https:\/\/blogdofarnesio.com.br\/wp-content\/uploads\/2023\/06\/leo-santana-e1687208022185.jpeg","articleSection":["A\u00e7\u00e3o Social","Entretenimento"],"inLanguage":"pt-BR","potentialAction":[{"@type":"CommentAction","name":"Comment","target":["https:\/\/blogdofarnesio.com.br\/?p=343445#respond"]}]},{"@type":"WebPage","@id":"https:\/\/blogdofarnesio.com.br\/?p=343445","url":"https:\/\/blogdofarnesio.com.br\/?p=343445","name":"Leil\u00e3o Solid\u00e1rio em Petrolina ter\u00e1 pe\u00e7a exclusiva do cantor L\u00e9o Santana - Blog do Farn\u00e9sio","isPartOf":{"@id":"https:\/\/blogdofarnesio.com.br\/#website"},"primaryImageOfPage":{"@id":"https:\/\/blogdofarnesio.com.br\/?p=343445#primaryimage"},"image":{"@id":"https:\/\/blogdofarnesio.com.br\/?p=343445#primaryimage"},"thumbnailUrl":"https:\/\/blogdofarnesio.com.br\/wp-content\/uploads\/2023\/06\/leo-santana-e1687208022185.jpeg","datePublished":"2023-06-20T14:44:17+00:00","breadcrumb":{"@id":"https:\/\/blogdofarnesio.com.br\/?p=343445#breadcrumb"},"inLanguage":"pt-BR","potentialAction":[{"@type":"ReadAction","target":["https:\/\/blogdofarnesio.com.br\/?p=343445"]}]},{"@type":"ImageObject","inLanguage":"pt-BR","@id":"https:\/\/blogdofarnesio.com.br\/?p=343445#primaryimage","url":"https:\/\/blogdofarnesio.com.br\/wp-content\/uploads\/2023\/06\/leo-santana-e1687208022185.jpeg","contentUrl":"https:\/\/blogdofarnesio.com.br\/wp-content\/uploads\/2023\/06\/leo-santana-e1687208022185.jpeg","width":600,"height":400},{"@type":"BreadcrumbList","@id":"https:\/\/blogdofarnesio.com.br\/?p=343445#breadcrumb","itemListElement":[{"@type":"ListItem","position":1,"name":"In\u00edcio","item":"https:\/\/blogdofarnesio.com.br\/"},{"@type":"ListItem","position":2,"name":"Leil\u00e3o Solid\u00e1rio em Petrolina ter\u00e1 pe\u00e7a exclusiva do cantor L\u00e9o Santana"}]},{"@type":"WebSite","@id":"https:\/\/blogdofarnesio.com.br\/#website","url":"https:\/\/blogdofarnesio.com.br\/","name":"Blog do Farn\u00e9sio","description":"Quer Saber Pol\u00edtica?","publisher":{"@id":"https:\/\/blogdofarnesio.com.br\/#organization"},"potentialAction":[{"@type":"SearchAction","target":{"@type":"EntryPoint","urlTemplate":"https:\/\/blogdofarnesio.com.br\/?s={search_term_string}"},"query-input":{"@type":"PropertyValueSpecification","valueRequired":true,"valueName":"search_term_string"}}],"inLanguage":"pt-BR"},{"@type":"Organization","@id":"https:\/\/blogdofarnesio.com.br\/#organization","name":"Blog do Farn\u00e9sio","url":"https:\/\/blogdofarnesio.com.br\/","logo":{"@type":"ImageObject","inLanguage":"pt-BR","@id":"https:\/\/blogdofarnesio.com.br\/#\/schema\/logo\/image\/","url":"https:\/\/blogdofarnesio.com.br\/wp-content\/uploads\/2026\/03\/cropped-logo_new-1.png","contentUrl":"https:\/\/blogdofarnesio.com.br\/wp-content\/uploads\/2026\/03\/cropped-logo_new-1.png","width":881,"height":685,"caption":"Blog do Farn\u00e9sio"},"image":{"@id":"https:\/\/blogdofarnesio.com.br\/#\/schema\/logo\/image\/"},"sameAs":["https:\/\/www.facebook.com\/BlogQuerSaberPolitica\/"]},{"@type":"Person","@id":"https:\/\/blogdofarnesio.com.br\/#\/schema\/person\/bb9b23ae3ad0609ce8df7b6c9e76824d","name":"Farn\u00e9sio","image":{"@type":"ImageObject","inLanguage":"pt-BR","@id":"https:\/\/secure.gravatar.com\/avatar\/986aa4c61ccdb66f8555bf88fc2a65609d00bcabd4d2d94377a727547345cbca?s=96&d=mm&r=g","url":"https:\/\/secure.gravatar.com\/avatar\/986aa4c61ccdb66f8555bf88fc2a65609d00bcabd4d2d94377a727547345cbca?s=96&d=mm&r=g","contentUrl":"https:\/\/secure.gravatar.com\/avatar\/986aa4c61ccdb66f8555bf88fc2a65609d00bcabd4d2d94377a727547345cbca?s=96&d=mm&r=g","caption":"Farn\u00e9sio"},"description":"Radialista blogueiro, chegou a Petrolina\/Juazeiro em setembro de 1980, Farn\u00e9sio Silva \u00e9 de Arapiraca-Alagoas.","sameAs":["http:\/\/blogdofarnesio.com.br","https:\/\/www.facebook.com\/?ref=tn_tnmn","https:\/\/www.instagram.com\/?utm_source=pwa_homescreen","https:\/\/youtube.com.br\/"],"url":"https:\/\/blogdofarnesio.com.br\/?author=2"}]}},"_links":{"self":[{"href":"https:\/\/blogdofarnesio.com.br\/index.php?rest_route=\/wp\/v2\/posts\/343445","targetHints":{"allow":["GET"]}}],"collection":[{"href":"https:\/\/blogdofarnesio.com.br\/index.php?rest_route=\/wp\/v2\/posts"}],"about":[{"href":"https:\/\/blogdofarnesio.com.br\/index.php?rest_route=\/wp\/v2\/types\/post"}],"author":[{"embeddable":true,"href":"https:\/\/blogdofarnesio.com.br\/index.php?rest_route=\/wp\/v2\/users\/2"}],"replies":[{"embeddable":true,"href":"https:\/\/blogdofarnesio.com.br\/index.php?rest_route=%2Fwp%2Fv2%2Fcomments&post=343445"}],"version-history":[{"count":0,"href":"https:\/\/blogdofarnesio.com.br\/index.php?rest_route=\/wp\/v2\/posts\/343445\/revisions"}],"wp:featuredmedia":[{"embeddable":true,"href":"https:\/\/blogdofarnesio.com.br\/index.php?rest_route=\/wp\/v2\/media\/343446"}],"wp:attachment":[{"href":"https:\/\/blogdofarnesio.com.br\/index.php?rest_route=%2Fwp%2Fv2%2Fmedia&parent=343445"}],"wp:term":[{"taxonomy":"category","embeddable":true,"href":"https:\/\/blogdofarnesio.com.br\/index.php?rest_route=%2Fwp%2Fv2%2Fcategories&post=343445"},{"taxonomy":"post_tag","embeddable":true,"href":"https:\/\/blogdofarnesio.com.br\/index.php?rest_route=%2Fwp%2Fv2%2Ftags&post=343445"}],"curies":[{"name":"wp","href":"https:\/\/api.w.org\/{rel}","templated":true}]}}