{"id":343401,"date":"2023-06-20T11:04:00","date_gmt":"2023-06-20T14:04:00","guid":{"rendered":"https:\/\/blogdofarnesio.com.br\/?p=343401"},"modified":"2023-06-20T10:17:04","modified_gmt":"2023-06-20T13:17:04","slug":"inverno-que-se-aproxima-sera-atipico-el-nino-trara-temperaturas-e-chuvas-acima-da-media-em-parte-do-pais","status":"publish","type":"post","link":"https:\/\/blogdofarnesio.com.br\/2023\/06\/inverno-que-se-aproxima-sera-atipico-el-nino-trara-temperaturas-e-chuvas-acima-da-media-em-parte-do-pais\/","title":{"rendered":"Inverno que se aproxima ser\u00e1 at\u00edpico; El Ni\u00f1o trar\u00e1 temperaturas e chuvas acima da m\u00e9dia em parte do pa\u00eds"},"content":{"rendered":"<p>Por J\u00falia Putini\/g1\u00a0 &#8211;<\/p>\n<p>O inverno, que chega oficialmente na quarta-feira (21), deve ser marcado tanto por temperaturas acima da m\u00e9dia quanto por chuvas volumosas. Isso acontecer\u00e1 principalmente nas regi\u00f5es Sul, Norte e Nordeste, \u00e1reas do pa\u00eds mais impactadas pelo El Ni\u00f1o, fen\u00f4meno meteorol\u00f3gico que eleva as temperaturas.<\/p>\n<p>No Sudeste, \u00e9 esperado um aumento de 1\u00b0C a 2\u00b0C acima do normal, o que parece pouco, mas implica em temperaturas bem maiores do que os valores t\u00edpicos para o trimestre (junho, julho e agosto).<\/p>\n<p>At\u00e9 o final de junho, no entanto, o Centro-Sul do pa\u00eds deve manter temperaturas abaixo da m\u00e9dia, em virtude da potente massa de ar polar que influenciou o clima no pa\u00eds na \u00faltima semana, segundo Bruno Kabke Bainy, meteorologista do Cepagri\/Unicamp.<\/p>\n<p>No Sul, a expectativa \u00e9 de grandes volumes de precipita\u00e7\u00e3o, principalmente entre Rio Grande do Sul e Santa Catarina (chuvas at\u00e9 50 a 100 mil\u00edmetros acima da m\u00e9dia).<\/p>\n","protected":false},"excerpt":{"rendered":"<p>Por J\u00falia Putini\/g1\u00a0 &#8211; O inverno, que chega oficialmente na quarta-feira (21), deve ser marcado tanto por temperaturas acima da m\u00e9dia quanto por chuvas volumosas. Isso acontecer\u00e1 principalmente nas regi\u00f5es Sul, Norte e Nordeste, \u00e1reas do pa\u00eds mais impactadas pelo El Ni\u00f1o, fen\u00f4meno meteorol\u00f3gico que eleva as temperaturas. No Sudeste, \u00e9 esperado um aumento de 1\u00b0C a 2\u00b0C acima do normal, o que parece pouco, mas implica em temperaturas bem maiores do que os valores t\u00edpicos para o trimestre (junho, julho e agosto). At\u00e9 o final de junho, no entanto, o Centro-Sul do pa\u00eds deve manter temperaturas abaixo da m\u00e9dia, em virtude da potente massa de ar polar que influenciou o clima no pa\u00eds na \u00faltima semana, segundo Bruno Kabke&hellip; <\/p>\n","protected":false},"author":2,"featured_media":343468,"comment_status":"open","ping_status":"open","sticky":false,"template":"","format":"standard","meta":{"_acf_changed":false,"footnotes":""},"categories":[29],"tags":[],"class_list":["post-343401","post","type-post","status-publish","format-standard","has-post-thumbnail","hentry","category-meio-ambiente"],"acf":[],"yoast_head":"<!-- This site is optimized with the Yoast SEO plugin v27.5 - https:\/\/yoast.com\/product\/yoast-seo-wordpress\/ -->\n<title>Inverno que se aproxima ser\u00e1 at\u00edpico; El Ni\u00f1o trar\u00e1 temperaturas e chuvas acima da m\u00e9dia em parte do pa\u00eds - Blog do Farn\u00e9sio<\/title>\n<meta name=\"robots\" content=\"index, follow, max-snippet:-1, max-image-preview:large, max-video-preview:-1\" \/>\n<link rel=\"canonical\" href=\"https:\/\/blogdofarnesio.com.br\/2023\/06\/inverno-que-se-aproxima-sera-atipico-el-nino-trara-temperaturas-e-chuvas-acima-da-media-em-parte-do-pais\/\" \/>\n<meta property=\"og:locale\" content=\"pt_BR\" \/>\n<meta property=\"og:type\" content=\"article\" \/>\n<meta property=\"og:title\" content=\"Inverno que se aproxima ser\u00e1 at\u00edpico; El Ni\u00f1o trar\u00e1 temperaturas e chuvas acima da m\u00e9dia em parte do pa\u00eds - Blog do Farn\u00e9sio\" \/>\n<meta property=\"og:description\" content=\"Por J\u00falia Putini\/g1\u00a0 &#8211; O inverno, que chega oficialmente na quarta-feira (21), deve ser marcado tanto por temperaturas acima da m\u00e9dia quanto por chuvas volumosas. Isso acontecer\u00e1 principalmente nas regi\u00f5es Sul, Norte e Nordeste, \u00e1reas do pa\u00eds mais impactadas pelo El Ni\u00f1o, fen\u00f4meno meteorol\u00f3gico que eleva as temperaturas. No Sudeste, \u00e9 esperado um aumento de 1\u00b0C a 2\u00b0C acima do normal, o que parece pouco, mas implica em temperaturas bem maiores do que os valores t\u00edpicos para o trimestre (junho, julho e agosto). At\u00e9 o final de junho, no entanto, o Centro-Sul do pa\u00eds deve manter temperaturas abaixo da m\u00e9dia, em virtude da potente massa de ar polar que influenciou o clima no pa\u00eds na \u00faltima semana, segundo Bruno Kabke&hellip;\" \/>\n<meta property=\"og:url\" content=\"https:\/\/blogdofarnesio.com.br\/2023\/06\/inverno-que-se-aproxima-sera-atipico-el-nino-trara-temperaturas-e-chuvas-acima-da-media-em-parte-do-pais\/\" \/>\n<meta property=\"og:site_name\" content=\"Blog do Farn\u00e9sio\" \/>\n<meta property=\"article:publisher\" content=\"https:\/\/www.facebook.com\/BlogQuerSaberPolitica\/\" \/>\n<meta property=\"article:author\" content=\"https:\/\/www.facebook.com\/?ref=tn_tnmn\" \/>\n<meta property=\"article:published_time\" content=\"2023-06-20T14:04:00+00:00\" \/>\n<meta property=\"og:image\" content=\"https:\/\/blogdofarnesio.com.br\/wp-content\/uploads\/2023\/06\/blogqsp-inverno.jpg\" \/>\n\t<meta property=\"og:image:width\" content=\"640\" \/>\n\t<meta property=\"og:image:height\" content=\"422\" \/>\n\t<meta property=\"og:image:type\" content=\"image\/jpeg\" \/>\n<meta name=\"author\" content=\"Farn\u00e9sio\" \/>\n<meta name=\"twitter:card\" content=\"summary_large_image\" \/>\n<meta name=\"twitter:label1\" content=\"Escrito por\" \/>\n\t<meta name=\"twitter:data1\" content=\"Farn\u00e9sio\" \/>\n\t<meta name=\"twitter:label2\" content=\"Est. tempo de leitura\" \/>\n\t<meta name=\"twitter:data2\" content=\"1 minuto\" \/>\n<script type=\"application\/ld+json\" class=\"yoast-schema-graph\">{\"@context\":\"https:\\\/\\\/schema.org\",\"@graph\":[{\"@type\":\"Article\",\"@id\":\"https:\\\/\\\/blogdofarnesio.com.br\\\/2023\\\/06\\\/inverno-que-se-aproxima-sera-atipico-el-nino-trara-temperaturas-e-chuvas-acima-da-media-em-parte-do-pais\\\/#article\",\"isPartOf\":{\"@id\":\"https:\\\/\\\/blogdofarnesio.com.br\\\/2023\\\/06\\\/inverno-que-se-aproxima-sera-atipico-el-nino-trara-temperaturas-e-chuvas-acima-da-media-em-parte-do-pais\\\/\"},\"author\":{\"name\":\"Farn\u00e9sio\",\"@id\":\"https:\\\/\\\/blogdofarnesio.com.br\\\/#\\\/schema\\\/person\\\/bb9b23ae3ad0609ce8df7b6c9e76824d\"},\"headline\":\"Inverno que se aproxima ser\u00e1 at\u00edpico; El Ni\u00f1o trar\u00e1 temperaturas e chuvas acima da m\u00e9dia em parte do pa\u00eds\",\"datePublished\":\"2023-06-20T14:04:00+00:00\",\"mainEntityOfPage\":{\"@id\":\"https:\\\/\\\/blogdofarnesio.com.br\\\/2023\\\/06\\\/inverno-que-se-aproxima-sera-atipico-el-nino-trara-temperaturas-e-chuvas-acima-da-media-em-parte-do-pais\\\/\"},\"wordCount\":186,\"commentCount\":0,\"publisher\":{\"@id\":\"https:\\\/\\\/blogdofarnesio.com.br\\\/#organization\"},\"image\":{\"@id\":\"https:\\\/\\\/blogdofarnesio.com.br\\\/2023\\\/06\\\/inverno-que-se-aproxima-sera-atipico-el-nino-trara-temperaturas-e-chuvas-acima-da-media-em-parte-do-pais\\\/#primaryimage\"},\"thumbnailUrl\":\"https:\\\/\\\/blogdofarnesio.com.br\\\/wp-content\\\/uploads\\\/2023\\\/06\\\/blogqsp-inverno.jpg\",\"articleSection\":[\"Meio Ambiente\"],\"inLanguage\":\"pt-BR\",\"potentialAction\":[{\"@type\":\"CommentAction\",\"name\":\"Comment\",\"target\":[\"https:\\\/\\\/blogdofarnesio.com.br\\\/2023\\\/06\\\/inverno-que-se-aproxima-sera-atipico-el-nino-trara-temperaturas-e-chuvas-acima-da-media-em-parte-do-pais\\\/#respond\"]}]},{\"@type\":\"WebPage\",\"@id\":\"https:\\\/\\\/blogdofarnesio.com.br\\\/2023\\\/06\\\/inverno-que-se-aproxima-sera-atipico-el-nino-trara-temperaturas-e-chuvas-acima-da-media-em-parte-do-pais\\\/\",\"url\":\"https:\\\/\\\/blogdofarnesio.com.br\\\/2023\\\/06\\\/inverno-que-se-aproxima-sera-atipico-el-nino-trara-temperaturas-e-chuvas-acima-da-media-em-parte-do-pais\\\/\",\"name\":\"Inverno que se aproxima ser\u00e1 at\u00edpico; El Ni\u00f1o trar\u00e1 temperaturas e chuvas acima da m\u00e9dia em parte do pa\u00eds - Blog do Farn\u00e9sio\",\"isPartOf\":{\"@id\":\"https:\\\/\\\/blogdofarnesio.com.br\\\/#website\"},\"primaryImageOfPage\":{\"@id\":\"https:\\\/\\\/blogdofarnesio.com.br\\\/2023\\\/06\\\/inverno-que-se-aproxima-sera-atipico-el-nino-trara-temperaturas-e-chuvas-acima-da-media-em-parte-do-pais\\\/#primaryimage\"},\"image\":{\"@id\":\"https:\\\/\\\/blogdofarnesio.com.br\\\/2023\\\/06\\\/inverno-que-se-aproxima-sera-atipico-el-nino-trara-temperaturas-e-chuvas-acima-da-media-em-parte-do-pais\\\/#primaryimage\"},\"thumbnailUrl\":\"https:\\\/\\\/blogdofarnesio.com.br\\\/wp-content\\\/uploads\\\/2023\\\/06\\\/blogqsp-inverno.jpg\",\"datePublished\":\"2023-06-20T14:04:00+00:00\",\"breadcrumb\":{\"@id\":\"https:\\\/\\\/blogdofarnesio.com.br\\\/2023\\\/06\\\/inverno-que-se-aproxima-sera-atipico-el-nino-trara-temperaturas-e-chuvas-acima-da-media-em-parte-do-pais\\\/#breadcrumb\"},\"inLanguage\":\"pt-BR\",\"potentialAction\":[{\"@type\":\"ReadAction\",\"target\":[\"https:\\\/\\\/blogdofarnesio.com.br\\\/2023\\\/06\\\/inverno-que-se-aproxima-sera-atipico-el-nino-trara-temperaturas-e-chuvas-acima-da-media-em-parte-do-pais\\\/\"]}]},{\"@type\":\"ImageObject\",\"inLanguage\":\"pt-BR\",\"@id\":\"https:\\\/\\\/blogdofarnesio.com.br\\\/2023\\\/06\\\/inverno-que-se-aproxima-sera-atipico-el-nino-trara-temperaturas-e-chuvas-acima-da-media-em-parte-do-pais\\\/#primaryimage\",\"url\":\"https:\\\/\\\/blogdofarnesio.com.br\\\/wp-content\\\/uploads\\\/2023\\\/06\\\/blogqsp-inverno.jpg\",\"contentUrl\":\"https:\\\/\\\/blogdofarnesio.com.br\\\/wp-content\\\/uploads\\\/2023\\\/06\\\/blogqsp-inverno.jpg\",\"width\":640,\"height\":422},{\"@type\":\"BreadcrumbList\",\"@id\":\"https:\\\/\\\/blogdofarnesio.com.br\\\/2023\\\/06\\\/inverno-que-se-aproxima-sera-atipico-el-nino-trara-temperaturas-e-chuvas-acima-da-media-em-parte-do-pais\\\/#breadcrumb\",\"itemListElement\":[{\"@type\":\"ListItem\",\"position\":1,\"name\":\"In\u00edcio\",\"item\":\"https:\\\/\\\/blogdofarnesio.com.br\\\/\"},{\"@type\":\"ListItem\",\"position\":2,\"name\":\"Inverno que se aproxima ser\u00e1 at\u00edpico; El Ni\u00f1o trar\u00e1 temperaturas e chuvas acima da m\u00e9dia em parte do pa\u00eds\"}]},{\"@type\":\"WebSite\",\"@id\":\"https:\\\/\\\/blogdofarnesio.com.br\\\/#website\",\"url\":\"https:\\\/\\\/blogdofarnesio.com.br\\\/\",\"name\":\"Blog do Farn\u00e9sio\",\"description\":\"Quer Saber Pol\u00edtica?\",\"publisher\":{\"@id\":\"https:\\\/\\\/blogdofarnesio.com.br\\\/#organization\"},\"potentialAction\":[{\"@type\":\"SearchAction\",\"target\":{\"@type\":\"EntryPoint\",\"urlTemplate\":\"https:\\\/\\\/blogdofarnesio.com.br\\\/?s={search_term_string}\"},\"query-input\":{\"@type\":\"PropertyValueSpecification\",\"valueRequired\":true,\"valueName\":\"search_term_string\"}}],\"inLanguage\":\"pt-BR\"},{\"@type\":\"Organization\",\"@id\":\"https:\\\/\\\/blogdofarnesio.com.br\\\/#organization\",\"name\":\"Blog do Farn\u00e9sio\",\"url\":\"https:\\\/\\\/blogdofarnesio.com.br\\\/\",\"logo\":{\"@type\":\"ImageObject\",\"inLanguage\":\"pt-BR\",\"@id\":\"https:\\\/\\\/blogdofarnesio.com.br\\\/#\\\/schema\\\/logo\\\/image\\\/\",\"url\":\"https:\\\/\\\/blogdofarnesio.com.br\\\/wp-content\\\/uploads\\\/2026\\\/03\\\/cropped-logo_new-1.png\",\"contentUrl\":\"https:\\\/\\\/blogdofarnesio.com.br\\\/wp-content\\\/uploads\\\/2026\\\/03\\\/cropped-logo_new-1.png\",\"width\":881,\"height\":685,\"caption\":\"Blog do Farn\u00e9sio\"},\"image\":{\"@id\":\"https:\\\/\\\/blogdofarnesio.com.br\\\/#\\\/schema\\\/logo\\\/image\\\/\"},\"sameAs\":[\"https:\\\/\\\/www.facebook.com\\\/BlogQuerSaberPolitica\\\/\"]},{\"@type\":\"Person\",\"@id\":\"https:\\\/\\\/blogdofarnesio.com.br\\\/#\\\/schema\\\/person\\\/bb9b23ae3ad0609ce8df7b6c9e76824d\",\"name\":\"Farn\u00e9sio\",\"image\":{\"@type\":\"ImageObject\",\"inLanguage\":\"pt-BR\",\"@id\":\"https:\\\/\\\/secure.gravatar.com\\\/avatar\\\/986aa4c61ccdb66f8555bf88fc2a65609d00bcabd4d2d94377a727547345cbca?s=96&d=mm&r=g\",\"url\":\"https:\\\/\\\/secure.gravatar.com\\\/avatar\\\/986aa4c61ccdb66f8555bf88fc2a65609d00bcabd4d2d94377a727547345cbca?s=96&d=mm&r=g\",\"contentUrl\":\"https:\\\/\\\/secure.gravatar.com\\\/avatar\\\/986aa4c61ccdb66f8555bf88fc2a65609d00bcabd4d2d94377a727547345cbca?s=96&d=mm&r=g\",\"caption\":\"Farn\u00e9sio\"},\"description\":\"Radialista blogueiro, chegou a Petrolina\\\/Juazeiro em setembro de 1980, Farn\u00e9sio Silva \u00e9 de Arapiraca-Alagoas.\",\"sameAs\":[\"http:\\\/\\\/blogdofarnesio.com.br\",\"https:\\\/\\\/www.facebook.com\\\/?ref=tn_tnmn\",\"https:\\\/\\\/www.instagram.com\\\/?utm_source=pwa_homescreen\",\"https:\\\/\\\/youtube.com.br\\\/\"],\"url\":\"https:\\\/\\\/blogdofarnesio.com.br\\\/author\\\/farnesio-2\\\/\"}]}<\/script>\n<!-- \/ Yoast SEO plugin. -->","yoast_head_json":{"title":"Inverno que se aproxima ser\u00e1 at\u00edpico; El Ni\u00f1o trar\u00e1 temperaturas e chuvas acima da m\u00e9dia em parte do pa\u00eds - Blog do Farn\u00e9sio","robots":{"index":"index","follow":"follow","max-snippet":"max-snippet:-1","max-image-preview":"max-image-preview:large","max-video-preview":"max-video-preview:-1"},"canonical":"https:\/\/blogdofarnesio.com.br\/2023\/06\/inverno-que-se-aproxima-sera-atipico-el-nino-trara-temperaturas-e-chuvas-acima-da-media-em-parte-do-pais\/","og_locale":"pt_BR","og_type":"article","og_title":"Inverno que se aproxima ser\u00e1 at\u00edpico; El Ni\u00f1o trar\u00e1 temperaturas e chuvas acima da m\u00e9dia em parte do pa\u00eds - Blog do Farn\u00e9sio","og_description":"Por J\u00falia Putini\/g1\u00a0 &#8211; O inverno, que chega oficialmente na quarta-feira (21), deve ser marcado tanto por temperaturas acima da m\u00e9dia quanto por chuvas volumosas. Isso acontecer\u00e1 principalmente nas regi\u00f5es Sul, Norte e Nordeste, \u00e1reas do pa\u00eds mais impactadas pelo El Ni\u00f1o, fen\u00f4meno meteorol\u00f3gico que eleva as temperaturas. No Sudeste, \u00e9 esperado um aumento de 1\u00b0C a 2\u00b0C acima do normal, o que parece pouco, mas implica em temperaturas bem maiores do que os valores t\u00edpicos para o trimestre (junho, julho e agosto). At\u00e9 o final de junho, no entanto, o Centro-Sul do pa\u00eds deve manter temperaturas abaixo da m\u00e9dia, em virtude da potente massa de ar polar que influenciou o clima no pa\u00eds na \u00faltima semana, segundo Bruno Kabke&hellip;","og_url":"https:\/\/blogdofarnesio.com.br\/2023\/06\/inverno-que-se-aproxima-sera-atipico-el-nino-trara-temperaturas-e-chuvas-acima-da-media-em-parte-do-pais\/","og_site_name":"Blog do Farn\u00e9sio","article_publisher":"https:\/\/www.facebook.com\/BlogQuerSaberPolitica\/","article_author":"https:\/\/www.facebook.com\/?ref=tn_tnmn","article_published_time":"2023-06-20T14:04:00+00:00","og_image":[{"width":640,"height":422,"url":"https:\/\/blogdofarnesio.com.br\/wp-content\/uploads\/2023\/06\/blogqsp-inverno.jpg","type":"image\/jpeg"}],"author":"Farn\u00e9sio","twitter_card":"summary_large_image","twitter_misc":{"Escrito por":"Farn\u00e9sio","Est. tempo de leitura":"1 minuto"},"schema":{"@context":"https:\/\/schema.org","@graph":[{"@type":"Article","@id":"https:\/\/blogdofarnesio.com.br\/2023\/06\/inverno-que-se-aproxima-sera-atipico-el-nino-trara-temperaturas-e-chuvas-acima-da-media-em-parte-do-pais\/#article","isPartOf":{"@id":"https:\/\/blogdofarnesio.com.br\/2023\/06\/inverno-que-se-aproxima-sera-atipico-el-nino-trara-temperaturas-e-chuvas-acima-da-media-em-parte-do-pais\/"},"author":{"name":"Farn\u00e9sio","@id":"https:\/\/blogdofarnesio.com.br\/#\/schema\/person\/bb9b23ae3ad0609ce8df7b6c9e76824d"},"headline":"Inverno que se aproxima ser\u00e1 at\u00edpico; El Ni\u00f1o trar\u00e1 temperaturas e chuvas acima da m\u00e9dia em parte do pa\u00eds","datePublished":"2023-06-20T14:04:00+00:00","mainEntityOfPage":{"@id":"https:\/\/blogdofarnesio.com.br\/2023\/06\/inverno-que-se-aproxima-sera-atipico-el-nino-trara-temperaturas-e-chuvas-acima-da-media-em-parte-do-pais\/"},"wordCount":186,"commentCount":0,"publisher":{"@id":"https:\/\/blogdofarnesio.com.br\/#organization"},"image":{"@id":"https:\/\/blogdofarnesio.com.br\/2023\/06\/inverno-que-se-aproxima-sera-atipico-el-nino-trara-temperaturas-e-chuvas-acima-da-media-em-parte-do-pais\/#primaryimage"},"thumbnailUrl":"https:\/\/blogdofarnesio.com.br\/wp-content\/uploads\/2023\/06\/blogqsp-inverno.jpg","articleSection":["Meio Ambiente"],"inLanguage":"pt-BR","potentialAction":[{"@type":"CommentAction","name":"Comment","target":["https:\/\/blogdofarnesio.com.br\/2023\/06\/inverno-que-se-aproxima-sera-atipico-el-nino-trara-temperaturas-e-chuvas-acima-da-media-em-parte-do-pais\/#respond"]}]},{"@type":"WebPage","@id":"https:\/\/blogdofarnesio.com.br\/2023\/06\/inverno-que-se-aproxima-sera-atipico-el-nino-trara-temperaturas-e-chuvas-acima-da-media-em-parte-do-pais\/","url":"https:\/\/blogdofarnesio.com.br\/2023\/06\/inverno-que-se-aproxima-sera-atipico-el-nino-trara-temperaturas-e-chuvas-acima-da-media-em-parte-do-pais\/","name":"Inverno que se aproxima ser\u00e1 at\u00edpico; El Ni\u00f1o trar\u00e1 temperaturas e chuvas acima da m\u00e9dia em parte do pa\u00eds - Blog do Farn\u00e9sio","isPartOf":{"@id":"https:\/\/blogdofarnesio.com.br\/#website"},"primaryImageOfPage":{"@id":"https:\/\/blogdofarnesio.com.br\/2023\/06\/inverno-que-se-aproxima-sera-atipico-el-nino-trara-temperaturas-e-chuvas-acima-da-media-em-parte-do-pais\/#primaryimage"},"image":{"@id":"https:\/\/blogdofarnesio.com.br\/2023\/06\/inverno-que-se-aproxima-sera-atipico-el-nino-trara-temperaturas-e-chuvas-acima-da-media-em-parte-do-pais\/#primaryimage"},"thumbnailUrl":"https:\/\/blogdofarnesio.com.br\/wp-content\/uploads\/2023\/06\/blogqsp-inverno.jpg","datePublished":"2023-06-20T14:04:00+00:00","breadcrumb":{"@id":"https:\/\/blogdofarnesio.com.br\/2023\/06\/inverno-que-se-aproxima-sera-atipico-el-nino-trara-temperaturas-e-chuvas-acima-da-media-em-parte-do-pais\/#breadcrumb"},"inLanguage":"pt-BR","potentialAction":[{"@type":"ReadAction","target":["https:\/\/blogdofarnesio.com.br\/2023\/06\/inverno-que-se-aproxima-sera-atipico-el-nino-trara-temperaturas-e-chuvas-acima-da-media-em-parte-do-pais\/"]}]},{"@type":"ImageObject","inLanguage":"pt-BR","@id":"https:\/\/blogdofarnesio.com.br\/2023\/06\/inverno-que-se-aproxima-sera-atipico-el-nino-trara-temperaturas-e-chuvas-acima-da-media-em-parte-do-pais\/#primaryimage","url":"https:\/\/blogdofarnesio.com.br\/wp-content\/uploads\/2023\/06\/blogqsp-inverno.jpg","contentUrl":"https:\/\/blogdofarnesio.com.br\/wp-content\/uploads\/2023\/06\/blogqsp-inverno.jpg","width":640,"height":422},{"@type":"BreadcrumbList","@id":"https:\/\/blogdofarnesio.com.br\/2023\/06\/inverno-que-se-aproxima-sera-atipico-el-nino-trara-temperaturas-e-chuvas-acima-da-media-em-parte-do-pais\/#breadcrumb","itemListElement":[{"@type":"ListItem","position":1,"name":"In\u00edcio","item":"https:\/\/blogdofarnesio.com.br\/"},{"@type":"ListItem","position":2,"name":"Inverno que se aproxima ser\u00e1 at\u00edpico; El Ni\u00f1o trar\u00e1 temperaturas e chuvas acima da m\u00e9dia em parte do pa\u00eds"}]},{"@type":"WebSite","@id":"https:\/\/blogdofarnesio.com.br\/#website","url":"https:\/\/blogdofarnesio.com.br\/","name":"Blog do Farn\u00e9sio","description":"Quer Saber Pol\u00edtica?","publisher":{"@id":"https:\/\/blogdofarnesio.com.br\/#organization"},"potentialAction":[{"@type":"SearchAction","target":{"@type":"EntryPoint","urlTemplate":"https:\/\/blogdofarnesio.com.br\/?s={search_term_string}"},"query-input":{"@type":"PropertyValueSpecification","valueRequired":true,"valueName":"search_term_string"}}],"inLanguage":"pt-BR"},{"@type":"Organization","@id":"https:\/\/blogdofarnesio.com.br\/#organization","name":"Blog do Farn\u00e9sio","url":"https:\/\/blogdofarnesio.com.br\/","logo":{"@type":"ImageObject","inLanguage":"pt-BR","@id":"https:\/\/blogdofarnesio.com.br\/#\/schema\/logo\/image\/","url":"https:\/\/blogdofarnesio.com.br\/wp-content\/uploads\/2026\/03\/cropped-logo_new-1.png","contentUrl":"https:\/\/blogdofarnesio.com.br\/wp-content\/uploads\/2026\/03\/cropped-logo_new-1.png","width":881,"height":685,"caption":"Blog do Farn\u00e9sio"},"image":{"@id":"https:\/\/blogdofarnesio.com.br\/#\/schema\/logo\/image\/"},"sameAs":["https:\/\/www.facebook.com\/BlogQuerSaberPolitica\/"]},{"@type":"Person","@id":"https:\/\/blogdofarnesio.com.br\/#\/schema\/person\/bb9b23ae3ad0609ce8df7b6c9e76824d","name":"Farn\u00e9sio","image":{"@type":"ImageObject","inLanguage":"pt-BR","@id":"https:\/\/secure.gravatar.com\/avatar\/986aa4c61ccdb66f8555bf88fc2a65609d00bcabd4d2d94377a727547345cbca?s=96&d=mm&r=g","url":"https:\/\/secure.gravatar.com\/avatar\/986aa4c61ccdb66f8555bf88fc2a65609d00bcabd4d2d94377a727547345cbca?s=96&d=mm&r=g","contentUrl":"https:\/\/secure.gravatar.com\/avatar\/986aa4c61ccdb66f8555bf88fc2a65609d00bcabd4d2d94377a727547345cbca?s=96&d=mm&r=g","caption":"Farn\u00e9sio"},"description":"Radialista blogueiro, chegou a Petrolina\/Juazeiro em setembro de 1980, Farn\u00e9sio Silva \u00e9 de Arapiraca-Alagoas.","sameAs":["http:\/\/blogdofarnesio.com.br","https:\/\/www.facebook.com\/?ref=tn_tnmn","https:\/\/www.instagram.com\/?utm_source=pwa_homescreen","https:\/\/youtube.com.br\/"],"url":"https:\/\/blogdofarnesio.com.br\/author\/farnesio-2\/"}]}},"_links":{"self":[{"href":"https:\/\/blogdofarnesio.com.br\/wp-json\/wp\/v2\/posts\/343401","targetHints":{"allow":["GET"]}}],"collection":[{"href":"https:\/\/blogdofarnesio.com.br\/wp-json\/wp\/v2\/posts"}],"about":[{"href":"https:\/\/blogdofarnesio.com.br\/wp-json\/wp\/v2\/types\/post"}],"author":[{"embeddable":true,"href":"https:\/\/blogdofarnesio.com.br\/wp-json\/wp\/v2\/users\/2"}],"replies":[{"embeddable":true,"href":"https:\/\/blogdofarnesio.com.br\/wp-json\/wp\/v2\/comments?post=343401"}],"version-history":[{"count":0,"href":"https:\/\/blogdofarnesio.com.br\/wp-json\/wp\/v2\/posts\/343401\/revisions"}],"wp:featuredmedia":[{"embeddable":true,"href":"https:\/\/blogdofarnesio.com.br\/wp-json\/wp\/v2\/media\/343468"}],"wp:attachment":[{"href":"https:\/\/blogdofarnesio.com.br\/wp-json\/wp\/v2\/media?parent=343401"}],"wp:term":[{"taxonomy":"category","embeddable":true,"href":"https:\/\/blogdofarnesio.com.br\/wp-json\/wp\/v2\/categories?post=343401"},{"taxonomy":"post_tag","embeddable":true,"href":"https:\/\/blogdofarnesio.com.br\/wp-json\/wp\/v2\/tags?post=343401"}],"curies":[{"name":"wp","href":"https:\/\/api.w.org\/{rel}","templated":true}]}}