{"id":343229,"date":"2023-06-16T16:23:56","date_gmt":"2023-06-16T19:23:56","guid":{"rendered":"https:\/\/blogdofarnesio.com.br\/?p=343229"},"modified":"2023-06-16T13:20:16","modified_gmt":"2023-06-16T16:20:16","slug":"mercado-joca-de-souza-recebe-o-forro-nas-feiras-promovido-pela-prefeitura-de-juazeiro","status":"publish","type":"post","link":"https:\/\/blogdofarnesio.com.br\/?p=343229","title":{"rendered":"Mercado Joca de Souza recebe o \u2018Forr\u00f3 nas Feiras\u2019 promovido pela Prefeitura de Juazeiro"},"content":{"rendered":"<p style=\"font-weight: 400;\">Nesta sexta-feira (16) o clima junino tomou conta do Mercado Joca de Souza Oliveira com a realiza\u00e7\u00e3o do Forr\u00f3 nas Feiras, uma iniciativa da Prefeitura de Juazeiro, por meio da Autarquia Municipal de Abastecimento (AMA), que tem como objetivo dar continuidade ao processo de revitaliza\u00e7\u00e3o dos espa\u00e7os, al\u00e9m de celebrar o per\u00edodo junino.<\/p>\n<p style=\"font-weight: 400;\">Os alunos da Escola Municipal Nossa Senhora das Grotas, acompanhados das professoras, conheceram o mercado e participaram da programa\u00e7\u00e3o junina. Para a diretora da escola, Catiane Soares da Silva Almeida, um momento importante para os alunos, j\u00e1 que eles n\u00e3o conheciam o mercado. \u201cAs crian\u00e7as gostaram muito. Ficaram bastante felizes e dizem que v\u00e3o trazer os pais para o Joca. Quero parabenizar toda a organiza\u00e7\u00e3o e a seguran\u00e7a do mercado\u201d enfatizou Catiane.<\/p>\n<p style=\"font-weight: 400;\"><strong>Participa\u00e7\u00f5es<\/strong><\/p>\n<p style=\"font-weight: 400;\">A R\u00e1dio Juazeiro mais uma vez esteve no Mercado Joca de Souza, desta vez com dois programas: O toque de primeira, com Charles Grey; e o Giro policial, com Geraldo Messias. Representantes da Pol\u00edcia Militar, Pol\u00edcia Civil, Conselho Comunit\u00e1rio de Seguran\u00e7a e Guarda Civil Municipal (GCM) tamb\u00e9m participaram da programa\u00e7\u00e3o. A programa\u00e7\u00e3o especial contou ainda com a presen\u00e7a do cantor Dudu Almeida e da banda da Pol\u00edcia Militar.<\/p>\n<p style=\"font-weight: 400;\">Segundo o gestor de pol\u00edticas p\u00fablicas do munic\u00edpio, Z\u00e9 Carlos Medeiros, estas programa\u00e7\u00f5es fazem parte de uma estrat\u00e9gia para revitalizar definitivamente o mercado Joca de Souza Oliveira. \u201c\u00c9 um desejo da nossa prefeita Suzana Ramos, trazer de volta a popula\u00e7\u00e3o ao Mercado Joca. Um espa\u00e7o tradicional de compras da nossa cidade. Por isso sempre estamos promovendo eventos como este, para que as fam\u00edlias voltem a frequentar o mercado e assim possamos ajudar os permission\u00e1rios em suas vendas\u201d, afirmou Z\u00e9 Carlos Medeiros.<\/p>\n<p style=\"font-weight: 400;\"><strong>O mercado<\/strong><\/p>\n<p style=\"font-weight: 400;\">O Mercado Joca de Souza Oliveira foi totalmente reformado, com a constru\u00e7\u00e3o de um novo pr\u00e9dio, que conta agora com dois pavimentos, cobertura em telha met\u00e1lica, pintura, piso, revestimentos cer\u00e2micos, instala\u00e7\u00f5es el\u00e9tricas e hidr\u00e1ulicas al\u00e9m de outros servi\u00e7os que est\u00e3o proporcionando um novo ambiente de trabalho para os 220 permission\u00e1rios e maior conforto para os clientes.<\/p>\n<p style=\"font-weight: 400;\">O espa\u00e7o \u00e9 administrado pela Prefeitura de Juazeiro, atrav\u00e9s da Autarquia Municipal de Abastecimento (AMA). Para o diretor Britoaldo Bessa, as a\u00e7\u00f5es motivam as pessoas a frequentarem e conhecerem o novo espa\u00e7o. \u201c\u00c9 muito positiva essa divulga\u00e7\u00e3o. S\u00e3o a\u00e7\u00f5es como esta que fomentam o com\u00e9rcio local, estimulam as vendas e aquecem a economia no mercado Joca\u201d, finalizou Britoaldo.<\/p>\n<p style=\"font-weight: 400;\">Texto: Welington Alves \u2013 Ascom AMA\/PMJ<\/p>\n","protected":false},"excerpt":{"rendered":"<p>Nesta sexta-feira (16) o clima junino tomou conta do Mercado Joca de Souza Oliveira com a realiza\u00e7\u00e3o do Forr\u00f3 nas Feiras, uma iniciativa da Prefeitura de Juazeiro, por meio da Autarquia Municipal de Abastecimento (AMA), que tem como objetivo dar continuidade ao processo de revitaliza\u00e7\u00e3o dos espa\u00e7os, al\u00e9m de celebrar o per\u00edodo junino. Os alunos da Escola Municipal Nossa Senhora das Grotas, acompanhados das professoras, conheceram o mercado e participaram da programa\u00e7\u00e3o junina. Para a diretora da escola, Catiane Soares da Silva Almeida, um momento importante para os alunos, j\u00e1 que eles n\u00e3o conheciam o mercado. \u201cAs crian\u00e7as gostaram muito. Ficaram bastante felizes e dizem que v\u00e3o trazer os pais para o Joca. Quero parabenizar toda a organiza\u00e7\u00e3o e a&hellip; <\/p>\n","protected":false},"author":2,"featured_media":343230,"comment_status":"open","ping_status":"open","sticky":false,"template":"","format":"standard","meta":{"_acf_changed":false,"footnotes":""},"categories":[10],"tags":[],"class_list":["post-343229","post","type-post","status-publish","format-standard","has-post-thumbnail","hentry","category-cultura"],"acf":[],"yoast_head":"<!-- This site is optimized with the Yoast SEO plugin v27.4 - https:\/\/yoast.com\/product\/yoast-seo-wordpress\/ -->\n<title>Mercado Joca de Souza recebe o \u2018Forr\u00f3 nas Feiras\u2019 promovido pela Prefeitura de Juazeiro - Blog do Farn\u00e9sio<\/title>\n<meta name=\"robots\" content=\"index, follow, max-snippet:-1, max-image-preview:large, max-video-preview:-1\" \/>\n<link rel=\"canonical\" href=\"https:\/\/blogdofarnesio.com.br\/?p=343229\" \/>\n<meta property=\"og:locale\" content=\"pt_BR\" \/>\n<meta property=\"og:type\" content=\"article\" \/>\n<meta property=\"og:title\" content=\"Mercado Joca de Souza recebe o \u2018Forr\u00f3 nas Feiras\u2019 promovido pela Prefeitura de Juazeiro - Blog do Farn\u00e9sio\" \/>\n<meta property=\"og:description\" content=\"Nesta sexta-feira (16) o clima junino tomou conta do Mercado Joca de Souza Oliveira com a realiza\u00e7\u00e3o do Forr\u00f3 nas Feiras, uma iniciativa da Prefeitura de Juazeiro, por meio da Autarquia Municipal de Abastecimento (AMA), que tem como objetivo dar continuidade ao processo de revitaliza\u00e7\u00e3o dos espa\u00e7os, al\u00e9m de celebrar o per\u00edodo junino. Os alunos da Escola Municipal Nossa Senhora das Grotas, acompanhados das professoras, conheceram o mercado e participaram da programa\u00e7\u00e3o junina. Para a diretora da escola, Catiane Soares da Silva Almeida, um momento importante para os alunos, j\u00e1 que eles n\u00e3o conheciam o mercado. \u201cAs crian\u00e7as gostaram muito. Ficaram bastante felizes e dizem que v\u00e3o trazer os pais para o Joca. Quero parabenizar toda a organiza\u00e7\u00e3o e a&hellip;\" \/>\n<meta property=\"og:url\" content=\"https:\/\/blogdofarnesio.com.br\/?p=343229\" \/>\n<meta property=\"og:site_name\" content=\"Blog do Farn\u00e9sio\" \/>\n<meta property=\"article:publisher\" content=\"https:\/\/www.facebook.com\/BlogQuerSaberPolitica\/\" \/>\n<meta property=\"article:author\" content=\"https:\/\/www.facebook.com\/?ref=tn_tnmn\" \/>\n<meta property=\"article:published_time\" content=\"2023-06-16T19:23:56+00:00\" \/>\n<meta property=\"og:image\" content=\"https:\/\/blogdofarnesio.com.br\/wp-content\/uploads\/2023\/06\/joca-sao-joao-2-e1686932389686.jpg\" \/>\n\t<meta property=\"og:image:width\" content=\"600\" \/>\n\t<meta property=\"og:image:height\" content=\"407\" \/>\n\t<meta property=\"og:image:type\" content=\"image\/jpeg\" \/>\n<meta name=\"author\" content=\"Farn\u00e9sio\" \/>\n<meta name=\"twitter:card\" content=\"summary_large_image\" \/>\n<meta name=\"twitter:label1\" content=\"Escrito por\" \/>\n\t<meta name=\"twitter:data1\" content=\"Farn\u00e9sio\" \/>\n\t<meta name=\"twitter:label2\" content=\"Est. tempo de leitura\" \/>\n\t<meta name=\"twitter:data2\" content=\"3 minutos\" \/>\n<script type=\"application\/ld+json\" class=\"yoast-schema-graph\">{\"@context\":\"https:\\\/\\\/schema.org\",\"@graph\":[{\"@type\":\"Article\",\"@id\":\"https:\\\/\\\/blogdofarnesio.com.br\\\/?p=343229#article\",\"isPartOf\":{\"@id\":\"https:\\\/\\\/blogdofarnesio.com.br\\\/?p=343229\"},\"author\":{\"name\":\"Farn\u00e9sio\",\"@id\":\"https:\\\/\\\/blogdofarnesio.com.br\\\/#\\\/schema\\\/person\\\/bb9b23ae3ad0609ce8df7b6c9e76824d\"},\"headline\":\"Mercado Joca de Souza recebe o \u2018Forr\u00f3 nas Feiras\u2019 promovido pela Prefeitura de Juazeiro\",\"datePublished\":\"2023-06-16T19:23:56+00:00\",\"mainEntityOfPage\":{\"@id\":\"https:\\\/\\\/blogdofarnesio.com.br\\\/?p=343229\"},\"wordCount\":456,\"commentCount\":0,\"publisher\":{\"@id\":\"https:\\\/\\\/blogdofarnesio.com.br\\\/#organization\"},\"image\":{\"@id\":\"https:\\\/\\\/blogdofarnesio.com.br\\\/?p=343229#primaryimage\"},\"thumbnailUrl\":\"https:\\\/\\\/blogdofarnesio.com.br\\\/wp-content\\\/uploads\\\/2023\\\/06\\\/joca-sao-joao-2-e1686932389686.jpg\",\"articleSection\":[\"Cultura\"],\"inLanguage\":\"pt-BR\",\"potentialAction\":[{\"@type\":\"CommentAction\",\"name\":\"Comment\",\"target\":[\"https:\\\/\\\/blogdofarnesio.com.br\\\/?p=343229#respond\"]}]},{\"@type\":\"WebPage\",\"@id\":\"https:\\\/\\\/blogdofarnesio.com.br\\\/?p=343229\",\"url\":\"https:\\\/\\\/blogdofarnesio.com.br\\\/?p=343229\",\"name\":\"Mercado Joca de Souza recebe o \u2018Forr\u00f3 nas Feiras\u2019 promovido pela Prefeitura de Juazeiro - Blog do Farn\u00e9sio\",\"isPartOf\":{\"@id\":\"https:\\\/\\\/blogdofarnesio.com.br\\\/#website\"},\"primaryImageOfPage\":{\"@id\":\"https:\\\/\\\/blogdofarnesio.com.br\\\/?p=343229#primaryimage\"},\"image\":{\"@id\":\"https:\\\/\\\/blogdofarnesio.com.br\\\/?p=343229#primaryimage\"},\"thumbnailUrl\":\"https:\\\/\\\/blogdofarnesio.com.br\\\/wp-content\\\/uploads\\\/2023\\\/06\\\/joca-sao-joao-2-e1686932389686.jpg\",\"datePublished\":\"2023-06-16T19:23:56+00:00\",\"breadcrumb\":{\"@id\":\"https:\\\/\\\/blogdofarnesio.com.br\\\/?p=343229#breadcrumb\"},\"inLanguage\":\"pt-BR\",\"potentialAction\":[{\"@type\":\"ReadAction\",\"target\":[\"https:\\\/\\\/blogdofarnesio.com.br\\\/?p=343229\"]}]},{\"@type\":\"ImageObject\",\"inLanguage\":\"pt-BR\",\"@id\":\"https:\\\/\\\/blogdofarnesio.com.br\\\/?p=343229#primaryimage\",\"url\":\"https:\\\/\\\/blogdofarnesio.com.br\\\/wp-content\\\/uploads\\\/2023\\\/06\\\/joca-sao-joao-2-e1686932389686.jpg\",\"contentUrl\":\"https:\\\/\\\/blogdofarnesio.com.br\\\/wp-content\\\/uploads\\\/2023\\\/06\\\/joca-sao-joao-2-e1686932389686.jpg\",\"width\":600,\"height\":407},{\"@type\":\"BreadcrumbList\",\"@id\":\"https:\\\/\\\/blogdofarnesio.com.br\\\/?p=343229#breadcrumb\",\"itemListElement\":[{\"@type\":\"ListItem\",\"position\":1,\"name\":\"In\u00edcio\",\"item\":\"https:\\\/\\\/blogdofarnesio.com.br\\\/\"},{\"@type\":\"ListItem\",\"position\":2,\"name\":\"Mercado Joca de Souza recebe o \u2018Forr\u00f3 nas Feiras\u2019 promovido pela Prefeitura de Juazeiro\"}]},{\"@type\":\"WebSite\",\"@id\":\"https:\\\/\\\/blogdofarnesio.com.br\\\/#website\",\"url\":\"https:\\\/\\\/blogdofarnesio.com.br\\\/\",\"name\":\"Blog do Farn\u00e9sio\",\"description\":\"Quer Saber Pol\u00edtica?\",\"publisher\":{\"@id\":\"https:\\\/\\\/blogdofarnesio.com.br\\\/#organization\"},\"potentialAction\":[{\"@type\":\"SearchAction\",\"target\":{\"@type\":\"EntryPoint\",\"urlTemplate\":\"https:\\\/\\\/blogdofarnesio.com.br\\\/?s={search_term_string}\"},\"query-input\":{\"@type\":\"PropertyValueSpecification\",\"valueRequired\":true,\"valueName\":\"search_term_string\"}}],\"inLanguage\":\"pt-BR\"},{\"@type\":\"Organization\",\"@id\":\"https:\\\/\\\/blogdofarnesio.com.br\\\/#organization\",\"name\":\"Blog do Farn\u00e9sio\",\"url\":\"https:\\\/\\\/blogdofarnesio.com.br\\\/\",\"logo\":{\"@type\":\"ImageObject\",\"inLanguage\":\"pt-BR\",\"@id\":\"https:\\\/\\\/blogdofarnesio.com.br\\\/#\\\/schema\\\/logo\\\/image\\\/\",\"url\":\"https:\\\/\\\/blogdofarnesio.com.br\\\/wp-content\\\/uploads\\\/2026\\\/03\\\/cropped-logo_new-1.png\",\"contentUrl\":\"https:\\\/\\\/blogdofarnesio.com.br\\\/wp-content\\\/uploads\\\/2026\\\/03\\\/cropped-logo_new-1.png\",\"width\":881,\"height\":685,\"caption\":\"Blog do Farn\u00e9sio\"},\"image\":{\"@id\":\"https:\\\/\\\/blogdofarnesio.com.br\\\/#\\\/schema\\\/logo\\\/image\\\/\"},\"sameAs\":[\"https:\\\/\\\/www.facebook.com\\\/BlogQuerSaberPolitica\\\/\"]},{\"@type\":\"Person\",\"@id\":\"https:\\\/\\\/blogdofarnesio.com.br\\\/#\\\/schema\\\/person\\\/bb9b23ae3ad0609ce8df7b6c9e76824d\",\"name\":\"Farn\u00e9sio\",\"image\":{\"@type\":\"ImageObject\",\"inLanguage\":\"pt-BR\",\"@id\":\"https:\\\/\\\/secure.gravatar.com\\\/avatar\\\/986aa4c61ccdb66f8555bf88fc2a65609d00bcabd4d2d94377a727547345cbca?s=96&d=mm&r=g\",\"url\":\"https:\\\/\\\/secure.gravatar.com\\\/avatar\\\/986aa4c61ccdb66f8555bf88fc2a65609d00bcabd4d2d94377a727547345cbca?s=96&d=mm&r=g\",\"contentUrl\":\"https:\\\/\\\/secure.gravatar.com\\\/avatar\\\/986aa4c61ccdb66f8555bf88fc2a65609d00bcabd4d2d94377a727547345cbca?s=96&d=mm&r=g\",\"caption\":\"Farn\u00e9sio\"},\"description\":\"Radialista blogueiro, chegou a Petrolina\\\/Juazeiro em setembro de 1980, Farn\u00e9sio Silva \u00e9 de Arapiraca-Alagoas.\",\"sameAs\":[\"http:\\\/\\\/blogdofarnesio.com.br\",\"https:\\\/\\\/www.facebook.com\\\/?ref=tn_tnmn\",\"https:\\\/\\\/www.instagram.com\\\/?utm_source=pwa_homescreen\",\"https:\\\/\\\/youtube.com.br\\\/\"],\"url\":\"https:\\\/\\\/blogdofarnesio.com.br\\\/?author=2\"}]}<\/script>\n<!-- \/ Yoast SEO plugin. -->","yoast_head_json":{"title":"Mercado Joca de Souza recebe o \u2018Forr\u00f3 nas Feiras\u2019 promovido pela Prefeitura de Juazeiro - Blog do Farn\u00e9sio","robots":{"index":"index","follow":"follow","max-snippet":"max-snippet:-1","max-image-preview":"max-image-preview:large","max-video-preview":"max-video-preview:-1"},"canonical":"https:\/\/blogdofarnesio.com.br\/?p=343229","og_locale":"pt_BR","og_type":"article","og_title":"Mercado Joca de Souza recebe o \u2018Forr\u00f3 nas Feiras\u2019 promovido pela Prefeitura de Juazeiro - Blog do Farn\u00e9sio","og_description":"Nesta sexta-feira (16) o clima junino tomou conta do Mercado Joca de Souza Oliveira com a realiza\u00e7\u00e3o do Forr\u00f3 nas Feiras, uma iniciativa da Prefeitura de Juazeiro, por meio da Autarquia Municipal de Abastecimento (AMA), que tem como objetivo dar continuidade ao processo de revitaliza\u00e7\u00e3o dos espa\u00e7os, al\u00e9m de celebrar o per\u00edodo junino. Os alunos da Escola Municipal Nossa Senhora das Grotas, acompanhados das professoras, conheceram o mercado e participaram da programa\u00e7\u00e3o junina. Para a diretora da escola, Catiane Soares da Silva Almeida, um momento importante para os alunos, j\u00e1 que eles n\u00e3o conheciam o mercado. \u201cAs crian\u00e7as gostaram muito. Ficaram bastante felizes e dizem que v\u00e3o trazer os pais para o Joca. Quero parabenizar toda a organiza\u00e7\u00e3o e a&hellip;","og_url":"https:\/\/blogdofarnesio.com.br\/?p=343229","og_site_name":"Blog do Farn\u00e9sio","article_publisher":"https:\/\/www.facebook.com\/BlogQuerSaberPolitica\/","article_author":"https:\/\/www.facebook.com\/?ref=tn_tnmn","article_published_time":"2023-06-16T19:23:56+00:00","og_image":[{"width":600,"height":407,"url":"https:\/\/blogdofarnesio.com.br\/wp-content\/uploads\/2023\/06\/joca-sao-joao-2-e1686932389686.jpg","type":"image\/jpeg"}],"author":"Farn\u00e9sio","twitter_card":"summary_large_image","twitter_misc":{"Escrito por":"Farn\u00e9sio","Est. tempo de leitura":"3 minutos"},"schema":{"@context":"https:\/\/schema.org","@graph":[{"@type":"Article","@id":"https:\/\/blogdofarnesio.com.br\/?p=343229#article","isPartOf":{"@id":"https:\/\/blogdofarnesio.com.br\/?p=343229"},"author":{"name":"Farn\u00e9sio","@id":"https:\/\/blogdofarnesio.com.br\/#\/schema\/person\/bb9b23ae3ad0609ce8df7b6c9e76824d"},"headline":"Mercado Joca de Souza recebe o \u2018Forr\u00f3 nas Feiras\u2019 promovido pela Prefeitura de Juazeiro","datePublished":"2023-06-16T19:23:56+00:00","mainEntityOfPage":{"@id":"https:\/\/blogdofarnesio.com.br\/?p=343229"},"wordCount":456,"commentCount":0,"publisher":{"@id":"https:\/\/blogdofarnesio.com.br\/#organization"},"image":{"@id":"https:\/\/blogdofarnesio.com.br\/?p=343229#primaryimage"},"thumbnailUrl":"https:\/\/blogdofarnesio.com.br\/wp-content\/uploads\/2023\/06\/joca-sao-joao-2-e1686932389686.jpg","articleSection":["Cultura"],"inLanguage":"pt-BR","potentialAction":[{"@type":"CommentAction","name":"Comment","target":["https:\/\/blogdofarnesio.com.br\/?p=343229#respond"]}]},{"@type":"WebPage","@id":"https:\/\/blogdofarnesio.com.br\/?p=343229","url":"https:\/\/blogdofarnesio.com.br\/?p=343229","name":"Mercado Joca de Souza recebe o \u2018Forr\u00f3 nas Feiras\u2019 promovido pela Prefeitura de Juazeiro - Blog do Farn\u00e9sio","isPartOf":{"@id":"https:\/\/blogdofarnesio.com.br\/#website"},"primaryImageOfPage":{"@id":"https:\/\/blogdofarnesio.com.br\/?p=343229#primaryimage"},"image":{"@id":"https:\/\/blogdofarnesio.com.br\/?p=343229#primaryimage"},"thumbnailUrl":"https:\/\/blogdofarnesio.com.br\/wp-content\/uploads\/2023\/06\/joca-sao-joao-2-e1686932389686.jpg","datePublished":"2023-06-16T19:23:56+00:00","breadcrumb":{"@id":"https:\/\/blogdofarnesio.com.br\/?p=343229#breadcrumb"},"inLanguage":"pt-BR","potentialAction":[{"@type":"ReadAction","target":["https:\/\/blogdofarnesio.com.br\/?p=343229"]}]},{"@type":"ImageObject","inLanguage":"pt-BR","@id":"https:\/\/blogdofarnesio.com.br\/?p=343229#primaryimage","url":"https:\/\/blogdofarnesio.com.br\/wp-content\/uploads\/2023\/06\/joca-sao-joao-2-e1686932389686.jpg","contentUrl":"https:\/\/blogdofarnesio.com.br\/wp-content\/uploads\/2023\/06\/joca-sao-joao-2-e1686932389686.jpg","width":600,"height":407},{"@type":"BreadcrumbList","@id":"https:\/\/blogdofarnesio.com.br\/?p=343229#breadcrumb","itemListElement":[{"@type":"ListItem","position":1,"name":"In\u00edcio","item":"https:\/\/blogdofarnesio.com.br\/"},{"@type":"ListItem","position":2,"name":"Mercado Joca de Souza recebe o \u2018Forr\u00f3 nas Feiras\u2019 promovido pela Prefeitura de Juazeiro"}]},{"@type":"WebSite","@id":"https:\/\/blogdofarnesio.com.br\/#website","url":"https:\/\/blogdofarnesio.com.br\/","name":"Blog do Farn\u00e9sio","description":"Quer Saber Pol\u00edtica?","publisher":{"@id":"https:\/\/blogdofarnesio.com.br\/#organization"},"potentialAction":[{"@type":"SearchAction","target":{"@type":"EntryPoint","urlTemplate":"https:\/\/blogdofarnesio.com.br\/?s={search_term_string}"},"query-input":{"@type":"PropertyValueSpecification","valueRequired":true,"valueName":"search_term_string"}}],"inLanguage":"pt-BR"},{"@type":"Organization","@id":"https:\/\/blogdofarnesio.com.br\/#organization","name":"Blog do Farn\u00e9sio","url":"https:\/\/blogdofarnesio.com.br\/","logo":{"@type":"ImageObject","inLanguage":"pt-BR","@id":"https:\/\/blogdofarnesio.com.br\/#\/schema\/logo\/image\/","url":"https:\/\/blogdofarnesio.com.br\/wp-content\/uploads\/2026\/03\/cropped-logo_new-1.png","contentUrl":"https:\/\/blogdofarnesio.com.br\/wp-content\/uploads\/2026\/03\/cropped-logo_new-1.png","width":881,"height":685,"caption":"Blog do Farn\u00e9sio"},"image":{"@id":"https:\/\/blogdofarnesio.com.br\/#\/schema\/logo\/image\/"},"sameAs":["https:\/\/www.facebook.com\/BlogQuerSaberPolitica\/"]},{"@type":"Person","@id":"https:\/\/blogdofarnesio.com.br\/#\/schema\/person\/bb9b23ae3ad0609ce8df7b6c9e76824d","name":"Farn\u00e9sio","image":{"@type":"ImageObject","inLanguage":"pt-BR","@id":"https:\/\/secure.gravatar.com\/avatar\/986aa4c61ccdb66f8555bf88fc2a65609d00bcabd4d2d94377a727547345cbca?s=96&d=mm&r=g","url":"https:\/\/secure.gravatar.com\/avatar\/986aa4c61ccdb66f8555bf88fc2a65609d00bcabd4d2d94377a727547345cbca?s=96&d=mm&r=g","contentUrl":"https:\/\/secure.gravatar.com\/avatar\/986aa4c61ccdb66f8555bf88fc2a65609d00bcabd4d2d94377a727547345cbca?s=96&d=mm&r=g","caption":"Farn\u00e9sio"},"description":"Radialista blogueiro, chegou a Petrolina\/Juazeiro em setembro de 1980, Farn\u00e9sio Silva \u00e9 de Arapiraca-Alagoas.","sameAs":["http:\/\/blogdofarnesio.com.br","https:\/\/www.facebook.com\/?ref=tn_tnmn","https:\/\/www.instagram.com\/?utm_source=pwa_homescreen","https:\/\/youtube.com.br\/"],"url":"https:\/\/blogdofarnesio.com.br\/?author=2"}]}},"_links":{"self":[{"href":"https:\/\/blogdofarnesio.com.br\/index.php?rest_route=\/wp\/v2\/posts\/343229","targetHints":{"allow":["GET"]}}],"collection":[{"href":"https:\/\/blogdofarnesio.com.br\/index.php?rest_route=\/wp\/v2\/posts"}],"about":[{"href":"https:\/\/blogdofarnesio.com.br\/index.php?rest_route=\/wp\/v2\/types\/post"}],"author":[{"embeddable":true,"href":"https:\/\/blogdofarnesio.com.br\/index.php?rest_route=\/wp\/v2\/users\/2"}],"replies":[{"embeddable":true,"href":"https:\/\/blogdofarnesio.com.br\/index.php?rest_route=%2Fwp%2Fv2%2Fcomments&post=343229"}],"version-history":[{"count":0,"href":"https:\/\/blogdofarnesio.com.br\/index.php?rest_route=\/wp\/v2\/posts\/343229\/revisions"}],"wp:featuredmedia":[{"embeddable":true,"href":"https:\/\/blogdofarnesio.com.br\/index.php?rest_route=\/wp\/v2\/media\/343230"}],"wp:attachment":[{"href":"https:\/\/blogdofarnesio.com.br\/index.php?rest_route=%2Fwp%2Fv2%2Fmedia&parent=343229"}],"wp:term":[{"taxonomy":"category","embeddable":true,"href":"https:\/\/blogdofarnesio.com.br\/index.php?rest_route=%2Fwp%2Fv2%2Fcategories&post=343229"},{"taxonomy":"post_tag","embeddable":true,"href":"https:\/\/blogdofarnesio.com.br\/index.php?rest_route=%2Fwp%2Fv2%2Ftags&post=343229"}],"curies":[{"name":"wp","href":"https:\/\/api.w.org\/{rel}","templated":true}]}}