{"id":343184,"date":"2023-06-16T15:43:40","date_gmt":"2023-06-16T18:43:40","guid":{"rendered":"https:\/\/blogdofarnesio.com.br\/?p=343184"},"modified":"2023-06-16T13:08:13","modified_gmt":"2023-06-16T16:08:13","slug":"direitos-de-criancas-com-autismo-ao-bpc-loas-e-tema-de-roda-de-conversa-realizada-em-juazeiro","status":"publish","type":"post","link":"https:\/\/blogdofarnesio.com.br\/?p=343184","title":{"rendered":"Direitos de crian\u00e7as com autismo ao BPC-LOAS \u00e9 tema de roda de conversa realizada em Juazeiro"},"content":{"rendered":"<p>Os direitos e requisitos para a concess\u00e3o do Benef\u00edcio de Presta\u00e7\u00e3o Continuada da Lei Org\u00e2nica da Assist\u00eancia Social (BPC-LOAS) para crian\u00e7as com Transtorno do Espectro Autista (TEA), foi o tema de uma roda de conversa promovida pela Prefeitura de Juazeiro, por meio da Secretaria de Sa\u00fade (Sesau). O encontro aconteceu nesta quinta-feira (15) no Centro Regional de Reabilita\u00e7\u00e3o, Preven\u00e7\u00e3o e Inclus\u00e3o Social (Cerpris).<\/p>\n<p>A palestra foi realizada em parceria com advogada previdenci\u00e1ria Renata Alencar que esclareceu as d\u00favidas de pais e respons\u00e1veis por crian\u00e7as com TEA. \u201cBuscamos o Cerpris por ser refer\u00eancia no tratamento de autistas e pessoas com defici\u00eancia. Sabemos que muitas pessoas desconhecem o direito ao benef\u00edcio ou enfrentam muitas dificuldades durante o processo de solicita\u00e7\u00e3o por falta de informa\u00e7\u00f5es\u201d, comentou.<\/p>\n<p>Falta de informa\u00e7\u00e3o sobre o direito ao benef\u00edcio, era exatamente o problema da dona de casa Maria Cristiane dos Santos, av\u00f3 de uma crian\u00e7a com TEA. Ela conta que seu neto foi diagnosticado recentemente e que n\u00e3o sabia que podia solicitar o BPC. \u201cFiquei maravilhada com todas as informa\u00e7\u00f5es que recebi aqui. Foi uma palestra muito produtiva e vai nos ajudar muito\u201d, disse.<\/p>\n<p>\u201cA ideia desse encontro foi justamente criar um espa\u00e7o para que os pais tivessem acesso a informa\u00e7\u00f5es repassadas por uma profissional e pudessem fazer as perguntas que achassem importantes. Agora, esses mesmos pais ser\u00e3o multiplicadores desse conhecimento e poder\u00e3o ajudar outras fam\u00edlias, pois sabemos das dificuldades financeiras que pais de crian\u00e7as com TEA enfrentam para custear as despesas dos tratamentos que geralmente s\u00e3o longos e requerem multidisciplinaridade para evolu\u00e7\u00e3o do quadro cl\u00ednico\u201d, comentou a gerente do Cerpris, Ver\u00f4nica Pesqueira.<\/p>\n<p><b>Sobre o BPC-LOAS<\/b><\/p>\n<p>De acordo com a advogada Renata Alencar, o BPC-LOAS \u00e9 um benef\u00edcio no valor de um sal\u00e1rio m\u00ednimo, pago mensalmente a pessoas com defici\u00eancia, inclu\u00eddo tamb\u00e9m o autismo. A crian\u00e7a com o TEA tem direito ao BPC desde que preencha alguns requisitos. \u201cA Lei exige laudo m\u00e9dico comprovando o transtorno e a renda familiar mensal por pessoas deve ser igual ou inferior a 1\/4 sal\u00e1rio m\u00ednimo, algo em torno de R$ 330\u201d, explicou.<\/p>\n<p>Para acessar o benef\u00edcio, os pais ou respons\u00e1veis devem procurar o Instituto Nacional do Seguro Social (INSS), portando laudo m\u00e9dico da crian\u00e7a e a inscri\u00e7\u00e3o atualizada no Cadastro \u00danico (Cad\u00danico), para solicitar o agendamento da per\u00edcia m\u00e9dica. A assessoria de um advogado previdenci\u00e1rio pode ajudar no processo.<\/p>\n","protected":false},"excerpt":{"rendered":"<p>Os direitos e requisitos para a concess\u00e3o do Benef\u00edcio de Presta\u00e7\u00e3o Continuada da Lei Org\u00e2nica da Assist\u00eancia Social (BPC-LOAS) para crian\u00e7as com Transtorno do Espectro Autista (TEA), foi o tema de uma roda de conversa promovida pela Prefeitura de Juazeiro, por meio da Secretaria de Sa\u00fade (Sesau). O encontro aconteceu nesta quinta-feira (15) no Centro Regional de Reabilita\u00e7\u00e3o, Preven\u00e7\u00e3o e Inclus\u00e3o Social (Cerpris). A palestra foi realizada em parceria com advogada previdenci\u00e1ria Renata Alencar que esclareceu as d\u00favidas de pais e respons\u00e1veis por crian\u00e7as com TEA. \u201cBuscamos o Cerpris por ser refer\u00eancia no tratamento de autistas e pessoas com defici\u00eancia. Sabemos que muitas pessoas desconhecem o direito ao benef\u00edcio ou enfrentam muitas dificuldades durante o processo de solicita\u00e7\u00e3o por falta&hellip; <\/p>\n","protected":false},"author":2,"featured_media":310191,"comment_status":"open","ping_status":"open","sticky":false,"template":"","format":"standard","meta":{"_acf_changed":false,"footnotes":""},"categories":[22],"tags":[],"class_list":["post-343184","post","type-post","status-publish","format-standard","has-post-thumbnail","hentry","category-acao-social"],"acf":[],"yoast_head":"<!-- This site is optimized with the Yoast SEO plugin v27.4 - https:\/\/yoast.com\/product\/yoast-seo-wordpress\/ -->\n<title>Direitos de crian\u00e7as com autismo ao BPC-LOAS \u00e9 tema de roda de conversa realizada em Juazeiro - Blog do Farn\u00e9sio<\/title>\n<meta name=\"robots\" content=\"index, follow, max-snippet:-1, max-image-preview:large, max-video-preview:-1\" \/>\n<link rel=\"canonical\" href=\"https:\/\/blogdofarnesio.com.br\/?p=343184\" \/>\n<meta property=\"og:locale\" content=\"pt_BR\" \/>\n<meta property=\"og:type\" content=\"article\" \/>\n<meta property=\"og:title\" content=\"Direitos de crian\u00e7as com autismo ao BPC-LOAS \u00e9 tema de roda de conversa realizada em Juazeiro - Blog do Farn\u00e9sio\" \/>\n<meta property=\"og:description\" content=\"Os direitos e requisitos para a concess\u00e3o do Benef\u00edcio de Presta\u00e7\u00e3o Continuada da Lei Org\u00e2nica da Assist\u00eancia Social (BPC-LOAS) para crian\u00e7as com Transtorno do Espectro Autista (TEA), foi o tema de uma roda de conversa promovida pela Prefeitura de Juazeiro, por meio da Secretaria de Sa\u00fade (Sesau). O encontro aconteceu nesta quinta-feira (15) no Centro Regional de Reabilita\u00e7\u00e3o, Preven\u00e7\u00e3o e Inclus\u00e3o Social (Cerpris). A palestra foi realizada em parceria com advogada previdenci\u00e1ria Renata Alencar que esclareceu as d\u00favidas de pais e respons\u00e1veis por crian\u00e7as com TEA. \u201cBuscamos o Cerpris por ser refer\u00eancia no tratamento de autistas e pessoas com defici\u00eancia. Sabemos que muitas pessoas desconhecem o direito ao benef\u00edcio ou enfrentam muitas dificuldades durante o processo de solicita\u00e7\u00e3o por falta&hellip;\" \/>\n<meta property=\"og:url\" content=\"https:\/\/blogdofarnesio.com.br\/?p=343184\" \/>\n<meta property=\"og:site_name\" content=\"Blog do Farn\u00e9sio\" \/>\n<meta property=\"article:publisher\" content=\"https:\/\/www.facebook.com\/BlogQuerSaberPolitica\/\" \/>\n<meta property=\"article:author\" content=\"https:\/\/www.facebook.com\/?ref=tn_tnmn\" \/>\n<meta property=\"article:published_time\" content=\"2023-06-16T18:43:40+00:00\" \/>\n<meta property=\"og:image\" content=\"https:\/\/blogdofarnesio.com.br\/wp-content\/uploads\/2022\/04\/blogqspdia-mundial-autismo.png\" \/>\n\t<meta property=\"og:image:width\" content=\"800\" \/>\n\t<meta property=\"og:image:height\" content=\"534\" \/>\n\t<meta property=\"og:image:type\" content=\"image\/png\" \/>\n<meta name=\"author\" content=\"Farn\u00e9sio\" \/>\n<meta name=\"twitter:card\" content=\"summary_large_image\" \/>\n<meta name=\"twitter:label1\" content=\"Escrito por\" \/>\n\t<meta name=\"twitter:data1\" content=\"Farn\u00e9sio\" \/>\n\t<meta name=\"twitter:label2\" content=\"Est. tempo de leitura\" \/>\n\t<meta name=\"twitter:data2\" content=\"3 minutos\" \/>\n<script type=\"application\/ld+json\" class=\"yoast-schema-graph\">{\"@context\":\"https:\\\/\\\/schema.org\",\"@graph\":[{\"@type\":\"Article\",\"@id\":\"https:\\\/\\\/blogdofarnesio.com.br\\\/?p=343184#article\",\"isPartOf\":{\"@id\":\"https:\\\/\\\/blogdofarnesio.com.br\\\/?p=343184\"},\"author\":{\"name\":\"Farn\u00e9sio\",\"@id\":\"https:\\\/\\\/blogdofarnesio.com.br\\\/#\\\/schema\\\/person\\\/bb9b23ae3ad0609ce8df7b6c9e76824d\"},\"headline\":\"Direitos de crian\u00e7as com autismo ao BPC-LOAS \u00e9 tema de roda de conversa realizada em Juazeiro\",\"datePublished\":\"2023-06-16T18:43:40+00:00\",\"mainEntityOfPage\":{\"@id\":\"https:\\\/\\\/blogdofarnesio.com.br\\\/?p=343184\"},\"wordCount\":453,\"commentCount\":0,\"publisher\":{\"@id\":\"https:\\\/\\\/blogdofarnesio.com.br\\\/#organization\"},\"image\":{\"@id\":\"https:\\\/\\\/blogdofarnesio.com.br\\\/?p=343184#primaryimage\"},\"thumbnailUrl\":\"https:\\\/\\\/blogdofarnesio.com.br\\\/wp-content\\\/uploads\\\/2022\\\/04\\\/blogqspdia-mundial-autismo.png\",\"articleSection\":[\"A\u00e7\u00e3o Social\"],\"inLanguage\":\"pt-BR\",\"potentialAction\":[{\"@type\":\"CommentAction\",\"name\":\"Comment\",\"target\":[\"https:\\\/\\\/blogdofarnesio.com.br\\\/?p=343184#respond\"]}]},{\"@type\":\"WebPage\",\"@id\":\"https:\\\/\\\/blogdofarnesio.com.br\\\/?p=343184\",\"url\":\"https:\\\/\\\/blogdofarnesio.com.br\\\/?p=343184\",\"name\":\"Direitos de crian\u00e7as com autismo ao BPC-LOAS \u00e9 tema de roda de conversa realizada em Juazeiro - Blog do Farn\u00e9sio\",\"isPartOf\":{\"@id\":\"https:\\\/\\\/blogdofarnesio.com.br\\\/#website\"},\"primaryImageOfPage\":{\"@id\":\"https:\\\/\\\/blogdofarnesio.com.br\\\/?p=343184#primaryimage\"},\"image\":{\"@id\":\"https:\\\/\\\/blogdofarnesio.com.br\\\/?p=343184#primaryimage\"},\"thumbnailUrl\":\"https:\\\/\\\/blogdofarnesio.com.br\\\/wp-content\\\/uploads\\\/2022\\\/04\\\/blogqspdia-mundial-autismo.png\",\"datePublished\":\"2023-06-16T18:43:40+00:00\",\"breadcrumb\":{\"@id\":\"https:\\\/\\\/blogdofarnesio.com.br\\\/?p=343184#breadcrumb\"},\"inLanguage\":\"pt-BR\",\"potentialAction\":[{\"@type\":\"ReadAction\",\"target\":[\"https:\\\/\\\/blogdofarnesio.com.br\\\/?p=343184\"]}]},{\"@type\":\"ImageObject\",\"inLanguage\":\"pt-BR\",\"@id\":\"https:\\\/\\\/blogdofarnesio.com.br\\\/?p=343184#primaryimage\",\"url\":\"https:\\\/\\\/blogdofarnesio.com.br\\\/wp-content\\\/uploads\\\/2022\\\/04\\\/blogqspdia-mundial-autismo.png\",\"contentUrl\":\"https:\\\/\\\/blogdofarnesio.com.br\\\/wp-content\\\/uploads\\\/2022\\\/04\\\/blogqspdia-mundial-autismo.png\",\"width\":800,\"height\":534},{\"@type\":\"BreadcrumbList\",\"@id\":\"https:\\\/\\\/blogdofarnesio.com.br\\\/?p=343184#breadcrumb\",\"itemListElement\":[{\"@type\":\"ListItem\",\"position\":1,\"name\":\"In\u00edcio\",\"item\":\"https:\\\/\\\/blogdofarnesio.com.br\\\/\"},{\"@type\":\"ListItem\",\"position\":2,\"name\":\"Direitos de crian\u00e7as com autismo ao BPC-LOAS \u00e9 tema de roda de conversa realizada em Juazeiro\"}]},{\"@type\":\"WebSite\",\"@id\":\"https:\\\/\\\/blogdofarnesio.com.br\\\/#website\",\"url\":\"https:\\\/\\\/blogdofarnesio.com.br\\\/\",\"name\":\"Blog do Farn\u00e9sio\",\"description\":\"Quer Saber Pol\u00edtica?\",\"publisher\":{\"@id\":\"https:\\\/\\\/blogdofarnesio.com.br\\\/#organization\"},\"potentialAction\":[{\"@type\":\"SearchAction\",\"target\":{\"@type\":\"EntryPoint\",\"urlTemplate\":\"https:\\\/\\\/blogdofarnesio.com.br\\\/?s={search_term_string}\"},\"query-input\":{\"@type\":\"PropertyValueSpecification\",\"valueRequired\":true,\"valueName\":\"search_term_string\"}}],\"inLanguage\":\"pt-BR\"},{\"@type\":\"Organization\",\"@id\":\"https:\\\/\\\/blogdofarnesio.com.br\\\/#organization\",\"name\":\"Blog do Farn\u00e9sio\",\"url\":\"https:\\\/\\\/blogdofarnesio.com.br\\\/\",\"logo\":{\"@type\":\"ImageObject\",\"inLanguage\":\"pt-BR\",\"@id\":\"https:\\\/\\\/blogdofarnesio.com.br\\\/#\\\/schema\\\/logo\\\/image\\\/\",\"url\":\"https:\\\/\\\/blogdofarnesio.com.br\\\/wp-content\\\/uploads\\\/2026\\\/03\\\/cropped-logo_new-1.png\",\"contentUrl\":\"https:\\\/\\\/blogdofarnesio.com.br\\\/wp-content\\\/uploads\\\/2026\\\/03\\\/cropped-logo_new-1.png\",\"width\":881,\"height\":685,\"caption\":\"Blog do Farn\u00e9sio\"},\"image\":{\"@id\":\"https:\\\/\\\/blogdofarnesio.com.br\\\/#\\\/schema\\\/logo\\\/image\\\/\"},\"sameAs\":[\"https:\\\/\\\/www.facebook.com\\\/BlogQuerSaberPolitica\\\/\"]},{\"@type\":\"Person\",\"@id\":\"https:\\\/\\\/blogdofarnesio.com.br\\\/#\\\/schema\\\/person\\\/bb9b23ae3ad0609ce8df7b6c9e76824d\",\"name\":\"Farn\u00e9sio\",\"image\":{\"@type\":\"ImageObject\",\"inLanguage\":\"pt-BR\",\"@id\":\"https:\\\/\\\/secure.gravatar.com\\\/avatar\\\/986aa4c61ccdb66f8555bf88fc2a65609d00bcabd4d2d94377a727547345cbca?s=96&d=mm&r=g\",\"url\":\"https:\\\/\\\/secure.gravatar.com\\\/avatar\\\/986aa4c61ccdb66f8555bf88fc2a65609d00bcabd4d2d94377a727547345cbca?s=96&d=mm&r=g\",\"contentUrl\":\"https:\\\/\\\/secure.gravatar.com\\\/avatar\\\/986aa4c61ccdb66f8555bf88fc2a65609d00bcabd4d2d94377a727547345cbca?s=96&d=mm&r=g\",\"caption\":\"Farn\u00e9sio\"},\"description\":\"Radialista blogueiro, chegou a Petrolina\\\/Juazeiro em setembro de 1980, Farn\u00e9sio Silva \u00e9 de Arapiraca-Alagoas.\",\"sameAs\":[\"http:\\\/\\\/blogdofarnesio.com.br\",\"https:\\\/\\\/www.facebook.com\\\/?ref=tn_tnmn\",\"https:\\\/\\\/www.instagram.com\\\/?utm_source=pwa_homescreen\",\"https:\\\/\\\/youtube.com.br\\\/\"],\"url\":\"https:\\\/\\\/blogdofarnesio.com.br\\\/?author=2\"}]}<\/script>\n<!-- \/ Yoast SEO plugin. -->","yoast_head_json":{"title":"Direitos de crian\u00e7as com autismo ao BPC-LOAS \u00e9 tema de roda de conversa realizada em Juazeiro - Blog do Farn\u00e9sio","robots":{"index":"index","follow":"follow","max-snippet":"max-snippet:-1","max-image-preview":"max-image-preview:large","max-video-preview":"max-video-preview:-1"},"canonical":"https:\/\/blogdofarnesio.com.br\/?p=343184","og_locale":"pt_BR","og_type":"article","og_title":"Direitos de crian\u00e7as com autismo ao BPC-LOAS \u00e9 tema de roda de conversa realizada em Juazeiro - Blog do Farn\u00e9sio","og_description":"Os direitos e requisitos para a concess\u00e3o do Benef\u00edcio de Presta\u00e7\u00e3o Continuada da Lei Org\u00e2nica da Assist\u00eancia Social (BPC-LOAS) para crian\u00e7as com Transtorno do Espectro Autista (TEA), foi o tema de uma roda de conversa promovida pela Prefeitura de Juazeiro, por meio da Secretaria de Sa\u00fade (Sesau). O encontro aconteceu nesta quinta-feira (15) no Centro Regional de Reabilita\u00e7\u00e3o, Preven\u00e7\u00e3o e Inclus\u00e3o Social (Cerpris). A palestra foi realizada em parceria com advogada previdenci\u00e1ria Renata Alencar que esclareceu as d\u00favidas de pais e respons\u00e1veis por crian\u00e7as com TEA. \u201cBuscamos o Cerpris por ser refer\u00eancia no tratamento de autistas e pessoas com defici\u00eancia. Sabemos que muitas pessoas desconhecem o direito ao benef\u00edcio ou enfrentam muitas dificuldades durante o processo de solicita\u00e7\u00e3o por falta&hellip;","og_url":"https:\/\/blogdofarnesio.com.br\/?p=343184","og_site_name":"Blog do Farn\u00e9sio","article_publisher":"https:\/\/www.facebook.com\/BlogQuerSaberPolitica\/","article_author":"https:\/\/www.facebook.com\/?ref=tn_tnmn","article_published_time":"2023-06-16T18:43:40+00:00","og_image":[{"width":800,"height":534,"url":"https:\/\/blogdofarnesio.com.br\/wp-content\/uploads\/2022\/04\/blogqspdia-mundial-autismo.png","type":"image\/png"}],"author":"Farn\u00e9sio","twitter_card":"summary_large_image","twitter_misc":{"Escrito por":"Farn\u00e9sio","Est. tempo de leitura":"3 minutos"},"schema":{"@context":"https:\/\/schema.org","@graph":[{"@type":"Article","@id":"https:\/\/blogdofarnesio.com.br\/?p=343184#article","isPartOf":{"@id":"https:\/\/blogdofarnesio.com.br\/?p=343184"},"author":{"name":"Farn\u00e9sio","@id":"https:\/\/blogdofarnesio.com.br\/#\/schema\/person\/bb9b23ae3ad0609ce8df7b6c9e76824d"},"headline":"Direitos de crian\u00e7as com autismo ao BPC-LOAS \u00e9 tema de roda de conversa realizada em Juazeiro","datePublished":"2023-06-16T18:43:40+00:00","mainEntityOfPage":{"@id":"https:\/\/blogdofarnesio.com.br\/?p=343184"},"wordCount":453,"commentCount":0,"publisher":{"@id":"https:\/\/blogdofarnesio.com.br\/#organization"},"image":{"@id":"https:\/\/blogdofarnesio.com.br\/?p=343184#primaryimage"},"thumbnailUrl":"https:\/\/blogdofarnesio.com.br\/wp-content\/uploads\/2022\/04\/blogqspdia-mundial-autismo.png","articleSection":["A\u00e7\u00e3o Social"],"inLanguage":"pt-BR","potentialAction":[{"@type":"CommentAction","name":"Comment","target":["https:\/\/blogdofarnesio.com.br\/?p=343184#respond"]}]},{"@type":"WebPage","@id":"https:\/\/blogdofarnesio.com.br\/?p=343184","url":"https:\/\/blogdofarnesio.com.br\/?p=343184","name":"Direitos de crian\u00e7as com autismo ao BPC-LOAS \u00e9 tema de roda de conversa realizada em Juazeiro - Blog do Farn\u00e9sio","isPartOf":{"@id":"https:\/\/blogdofarnesio.com.br\/#website"},"primaryImageOfPage":{"@id":"https:\/\/blogdofarnesio.com.br\/?p=343184#primaryimage"},"image":{"@id":"https:\/\/blogdofarnesio.com.br\/?p=343184#primaryimage"},"thumbnailUrl":"https:\/\/blogdofarnesio.com.br\/wp-content\/uploads\/2022\/04\/blogqspdia-mundial-autismo.png","datePublished":"2023-06-16T18:43:40+00:00","breadcrumb":{"@id":"https:\/\/blogdofarnesio.com.br\/?p=343184#breadcrumb"},"inLanguage":"pt-BR","potentialAction":[{"@type":"ReadAction","target":["https:\/\/blogdofarnesio.com.br\/?p=343184"]}]},{"@type":"ImageObject","inLanguage":"pt-BR","@id":"https:\/\/blogdofarnesio.com.br\/?p=343184#primaryimage","url":"https:\/\/blogdofarnesio.com.br\/wp-content\/uploads\/2022\/04\/blogqspdia-mundial-autismo.png","contentUrl":"https:\/\/blogdofarnesio.com.br\/wp-content\/uploads\/2022\/04\/blogqspdia-mundial-autismo.png","width":800,"height":534},{"@type":"BreadcrumbList","@id":"https:\/\/blogdofarnesio.com.br\/?p=343184#breadcrumb","itemListElement":[{"@type":"ListItem","position":1,"name":"In\u00edcio","item":"https:\/\/blogdofarnesio.com.br\/"},{"@type":"ListItem","position":2,"name":"Direitos de crian\u00e7as com autismo ao BPC-LOAS \u00e9 tema de roda de conversa realizada em Juazeiro"}]},{"@type":"WebSite","@id":"https:\/\/blogdofarnesio.com.br\/#website","url":"https:\/\/blogdofarnesio.com.br\/","name":"Blog do Farn\u00e9sio","description":"Quer Saber Pol\u00edtica?","publisher":{"@id":"https:\/\/blogdofarnesio.com.br\/#organization"},"potentialAction":[{"@type":"SearchAction","target":{"@type":"EntryPoint","urlTemplate":"https:\/\/blogdofarnesio.com.br\/?s={search_term_string}"},"query-input":{"@type":"PropertyValueSpecification","valueRequired":true,"valueName":"search_term_string"}}],"inLanguage":"pt-BR"},{"@type":"Organization","@id":"https:\/\/blogdofarnesio.com.br\/#organization","name":"Blog do Farn\u00e9sio","url":"https:\/\/blogdofarnesio.com.br\/","logo":{"@type":"ImageObject","inLanguage":"pt-BR","@id":"https:\/\/blogdofarnesio.com.br\/#\/schema\/logo\/image\/","url":"https:\/\/blogdofarnesio.com.br\/wp-content\/uploads\/2026\/03\/cropped-logo_new-1.png","contentUrl":"https:\/\/blogdofarnesio.com.br\/wp-content\/uploads\/2026\/03\/cropped-logo_new-1.png","width":881,"height":685,"caption":"Blog do Farn\u00e9sio"},"image":{"@id":"https:\/\/blogdofarnesio.com.br\/#\/schema\/logo\/image\/"},"sameAs":["https:\/\/www.facebook.com\/BlogQuerSaberPolitica\/"]},{"@type":"Person","@id":"https:\/\/blogdofarnesio.com.br\/#\/schema\/person\/bb9b23ae3ad0609ce8df7b6c9e76824d","name":"Farn\u00e9sio","image":{"@type":"ImageObject","inLanguage":"pt-BR","@id":"https:\/\/secure.gravatar.com\/avatar\/986aa4c61ccdb66f8555bf88fc2a65609d00bcabd4d2d94377a727547345cbca?s=96&d=mm&r=g","url":"https:\/\/secure.gravatar.com\/avatar\/986aa4c61ccdb66f8555bf88fc2a65609d00bcabd4d2d94377a727547345cbca?s=96&d=mm&r=g","contentUrl":"https:\/\/secure.gravatar.com\/avatar\/986aa4c61ccdb66f8555bf88fc2a65609d00bcabd4d2d94377a727547345cbca?s=96&d=mm&r=g","caption":"Farn\u00e9sio"},"description":"Radialista blogueiro, chegou a Petrolina\/Juazeiro em setembro de 1980, Farn\u00e9sio Silva \u00e9 de Arapiraca-Alagoas.","sameAs":["http:\/\/blogdofarnesio.com.br","https:\/\/www.facebook.com\/?ref=tn_tnmn","https:\/\/www.instagram.com\/?utm_source=pwa_homescreen","https:\/\/youtube.com.br\/"],"url":"https:\/\/blogdofarnesio.com.br\/?author=2"}]}},"_links":{"self":[{"href":"https:\/\/blogdofarnesio.com.br\/index.php?rest_route=\/wp\/v2\/posts\/343184","targetHints":{"allow":["GET"]}}],"collection":[{"href":"https:\/\/blogdofarnesio.com.br\/index.php?rest_route=\/wp\/v2\/posts"}],"about":[{"href":"https:\/\/blogdofarnesio.com.br\/index.php?rest_route=\/wp\/v2\/types\/post"}],"author":[{"embeddable":true,"href":"https:\/\/blogdofarnesio.com.br\/index.php?rest_route=\/wp\/v2\/users\/2"}],"replies":[{"embeddable":true,"href":"https:\/\/blogdofarnesio.com.br\/index.php?rest_route=%2Fwp%2Fv2%2Fcomments&post=343184"}],"version-history":[{"count":0,"href":"https:\/\/blogdofarnesio.com.br\/index.php?rest_route=\/wp\/v2\/posts\/343184\/revisions"}],"wp:featuredmedia":[{"embeddable":true,"href":"https:\/\/blogdofarnesio.com.br\/index.php?rest_route=\/wp\/v2\/media\/310191"}],"wp:attachment":[{"href":"https:\/\/blogdofarnesio.com.br\/index.php?rest_route=%2Fwp%2Fv2%2Fmedia&parent=343184"}],"wp:term":[{"taxonomy":"category","embeddable":true,"href":"https:\/\/blogdofarnesio.com.br\/index.php?rest_route=%2Fwp%2Fv2%2Fcategories&post=343184"},{"taxonomy":"post_tag","embeddable":true,"href":"https:\/\/blogdofarnesio.com.br\/index.php?rest_route=%2Fwp%2Fv2%2Ftags&post=343184"}],"curies":[{"name":"wp","href":"https:\/\/api.w.org\/{rel}","templated":true}]}}