{"id":343121,"date":"2023-06-15T13:00:35","date_gmt":"2023-06-15T16:00:35","guid":{"rendered":"https:\/\/blogdofarnesio.com.br\/?p=343121"},"modified":"2023-06-15T10:25:25","modified_gmt":"2023-06-15T13:25:25","slug":"prefeito-apresenta-a-estrutura-e-os-servicos-ofertados-durante-o-sao-joao-de-petrolina-2023","status":"publish","type":"post","link":"https:\/\/blogdofarnesio.com.br\/?p=343121","title":{"rendered":"Prefeito apresenta a estrutura e os servi\u00e7os ofertados durante o S\u00e3o Jo\u00e3o de Petrolina 2023"},"content":{"rendered":"<div class=\"row content-head non-featured \">\n<div class=\"title\" data-block-type=\"title\" data-block-id=\"0\">\n<h1 class=\"content-head__title\"><span style=\"font-size: 16px;\">Por g1 Petrolina\u00a0 &#8211;\u00a0\u00a0<\/span><\/h1>\n<\/div>\n<\/div>\n<div class=\"content__signa-share\">\n<div class=\"content__signature\">\n<div class=\"content-publication-data\">\n<div class=\"content-publication-data__text\">\n<p title=\"g1 Petrolina\">Uma coletiva de imprensa foi realizada na noite de ontem (15), no p\u00e1tio Ana das Carrancas em <a class=\"\" href=\"https:\/\/g1.globo.com\/pe\/petrolina-regiao\/cidade\/petrolina\/\">Petrolina<\/a>, no Sert\u00e3o de Pernambuco . Durante o evento, o prefeito Sim\u00e3o Durando apresentou detalhes sobre a estrutura e servi\u00e7os ofertados durante os nove dias do festejo, e, destacou ainda a import\u00e2ncia da festa, que movimenta a economia do munic\u00edpio.<\/p>\n<\/div>\n<\/div>\n<\/div>\n<\/div>\n<div class=\"mc-article-body\">\n<article>\n<div id=\"chunk-6ehmb\">\n<div class=\"bs-video-block mc-column content-media content-video\" data-block-type=\"backstage-video\" data-block-id=\"1\">\n<div class=\"content-media__container\">\n<div class=\"content-video__bigger-player-description-fixer\">\n<article class=\"content-video\">\n<section class=\"content-video__video-container\">\n<div class=\"content-video__video\">\n<div id=\"wp3-player-2\" class=\"clappr-player\" tabindex=\"9999\" data-player=\"\">\n<div class=\"media-control media-control-hide h720 w960\">\n<div class=\"media-control-panel\">\n<div class=\"media-control-panel__front-layer\">\n<div class=\"media-control-position__right\">&#8220;S\u00f3 nesse S\u00e3o jo\u00e3o v\u00e3o ficar mais de R$ 270 milh\u00f5es na cidade de Petrolina nas diversas cadeias produtivas que fazem parte do evento. Mostrando o aquecimento do com\u00e9rcio local, 100% da rede hoteleira est\u00e1 lotada. A gente est\u00e1 fazendo o S\u00e3o Jo\u00e3o para manter a cultura, a tradi\u00e7\u00e3o, mas movimentar e aquecer o turismo&#8221;, ressaltou Durando.<\/div>\n<\/div>\n<\/div>\n<\/div>\n<\/div>\n<\/div>\n<\/section>\n<\/article>\n<\/div>\n<\/div>\n<\/div>\n<\/div>\n<div class=\"wall protected-content\">\n<div id=\"chunk-3mc9q\">\n<div class=\"row medium-uncollapsed content-media content-photo\" data-block-type=\"backstage-photo\" data-block-id=\"6\">\n<div class=\" mc-column content-media__container\">\n<div class=\"content-media-container glb-skeleton-box\">\n<figure class=\"content-media-figure\"><img decoding=\"async\" class=\"i-amphtml-fill-content i-amphtml-replaced-content\" src=\"https:\/\/s2-g1.glbimg.com\/UC_zQaW-zozZocj78bhY1FChbLA=\/0x0:1600x1066\/984x0\/smart\/filters:strip_icc()\/i.s3.glbimg.com\/v1\/AUTH_59edd422c0c84a879bd37670ae4f538a\/internal_photos\/bs\/2023\/w\/X\/WoSPISQ5CUT2ZzescilQ\/whatsapp-image-2023-06-15-at-08.13.11.jpeg\" sizes=\"(max-width: 2049px) 648px, 100vw\" srcset=\"https:\/\/s2-g1.glbimg.com\/igbmUqjq_H7H-94rOivqZxs02Z0=\/0x0:1600x1066\/1000x0\/smart\/filters:strip_icc()\/i.s3.glbimg.com\/v1\/AUTH_59edd422c0c84a879bd37670ae4f538a\/internal_photos\/bs\/2023\/w\/X\/WoSPISQ5CUT2ZzescilQ\/whatsapp-image-2023-06-15-at-08.13.11.jpeg 1000w, https:\/\/s2-g1.glbimg.com\/UC_zQaW-zozZocj78bhY1FChbLA=\/0x0:1600x1066\/984x0\/smart\/filters:strip_icc()\/i.s3.glbimg.com\/v1\/AUTH_59edd422c0c84a879bd37670ae4f538a\/internal_photos\/bs\/2023\/w\/X\/WoSPISQ5CUT2ZzescilQ\/whatsapp-image-2023-06-15-at-08.13.11.jpeg 984w, https:\/\/s2-g1.glbimg.com\/C20hXVTD1SVCw4H031s8mVXUIeI=\/0x0:1600x1066\/640x0\/smart\/filters:strip_icc()\/i.s3.glbimg.com\/v1\/AUTH_59edd422c0c84a879bd37670ae4f538a\/internal_photos\/bs\/2023\/w\/X\/WoSPISQ5CUT2ZzescilQ\/whatsapp-image-2023-06-15-at-08.13.11.jpeg 640w, https:\/\/s2-g1.glbimg.com\/bA_uTOhnX9NTDvG4m-Pp5Uy_Mi8=\/0x0:1600x1066\/600x0\/smart\/filters:strip_icc()\/i.s3.glbimg.com\/v1\/AUTH_59edd422c0c84a879bd37670ae4f538a\/internal_photos\/bs\/2023\/w\/X\/WoSPISQ5CUT2ZzescilQ\/whatsapp-image-2023-06-15-at-08.13.11.jpeg 600w\" alt=\"Prefeito Sim\u00e3o Durando durante a coletiva de imprensa \u2014 Foto: Rodrigo Della Favera\/ Erlan Alexandre\/ PMP\" \/><\/figure>\n<\/div>\n<p class=\"content-media__description \">Prefeito Sim\u00e3o Durando durante a coletiva de imprensa \u2014 Foto: Rodrigo Della Favera\/ Erlan Alexandre\/ PMP<\/p>\n<\/div>\n<\/div>\n<\/div>\n<div id=\"chunk-h6dc\">\n<div class=\"mc-column content-text active-extra-styles \" data-block-type=\"unstyled\" data-block-weight=\"56\" data-block-id=\"7\">\n<p class=\"content-text__container \" data-track-category=\"Link no Texto\" data-track-links=\"\">Foram apresentados servi\u00e7os de Sa\u00fade e Social que ser\u00e3o disponibilizados, como o &#8216;Lounge da Acessibilidade&#8217; e um estande social, que vai atender os filhos dos ambulantes. Este ano, tem ainda uma novidade, O S\u00e3o Jo\u00e3o do Vov\u00f3, uma festa que ser\u00e1 realizada no dia 19 de junho, na vila cenogr\u00e1fica, destinada ao p\u00fablico idoso.<\/p>\n<\/div>\n<\/div>\n<div id=\"chunk-978pq\">\n<div class=\"mc-column content-text active-extra-styles \" data-block-type=\"unstyled\" data-block-weight=\"34\" data-block-id=\"8\">\n<p class=\"content-text__container \" data-track-category=\"Link no Texto\" data-track-links=\"\">A previs\u00e3o \u00e9 que mais de 800 mil pessoas circulem no P\u00e1tio Ana das Carrancas durante o ciclo junino.\u00a0<a class=\"\" href=\"https:\/\/g1.globo.com\/pe\/petrolina-regiao\/arraianosertao\/noticia\/2023\/06\/15\/prefeitura-detalha-esquema-de-seguranca-para-o-sao-joao-de-petrolina.ghtml\">Para manter a seguran\u00e7a da festa, um esquema especial de seguran\u00e7a foi montado.<\/a><\/p>\n<\/div>\n<\/div>\n<\/div>\n<\/article>\n<\/div>\n","protected":false},"excerpt":{"rendered":"<p>Por g1 Petrolina\u00a0 &#8211;\u00a0\u00a0 Uma coletiva de imprensa foi realizada na noite de ontem (15), no p\u00e1tio Ana das Carrancas em Petrolina, no Sert\u00e3o de Pernambuco . Durante o evento, o prefeito Sim\u00e3o Durando apresentou detalhes sobre a estrutura e servi\u00e7os ofertados durante os nove dias do festejo, e, destacou ainda a import\u00e2ncia da festa, que movimenta a economia do munic\u00edpio. &#8220;S\u00f3 nesse S\u00e3o jo\u00e3o v\u00e3o ficar mais de R$ 270 milh\u00f5es na cidade de Petrolina nas diversas cadeias produtivas que fazem parte do evento. Mostrando o aquecimento do com\u00e9rcio local, 100% da rede hoteleira est\u00e1 lotada. A gente est\u00e1 fazendo o S\u00e3o Jo\u00e3o para manter a cultura, a tradi\u00e7\u00e3o, mas movimentar e aquecer o turismo&#8221;, ressaltou Durando. Prefeito Sim\u00e3o&hellip; <\/p>\n","protected":false},"author":2,"featured_media":343122,"comment_status":"open","ping_status":"open","sticky":false,"template":"","format":"standard","meta":{"_acf_changed":false,"footnotes":""},"categories":[43],"tags":[],"class_list":["post-343121","post","type-post","status-publish","format-standard","has-post-thumbnail","hentry","category-sem-categoria"],"acf":[],"yoast_head":"<!-- This site is optimized with the Yoast SEO plugin v27.4 - https:\/\/yoast.com\/product\/yoast-seo-wordpress\/ -->\n<title>Prefeito apresenta a estrutura e os servi\u00e7os ofertados durante o S\u00e3o Jo\u00e3o de Petrolina 2023 - Blog do Farn\u00e9sio<\/title>\n<meta name=\"robots\" content=\"index, follow, max-snippet:-1, max-image-preview:large, max-video-preview:-1\" \/>\n<link rel=\"canonical\" href=\"https:\/\/blogdofarnesio.com.br\/?p=343121\" \/>\n<meta property=\"og:locale\" content=\"pt_BR\" \/>\n<meta property=\"og:type\" content=\"article\" \/>\n<meta property=\"og:title\" content=\"Prefeito apresenta a estrutura e os servi\u00e7os ofertados durante o S\u00e3o Jo\u00e3o de Petrolina 2023 - Blog do Farn\u00e9sio\" \/>\n<meta property=\"og:description\" content=\"Por g1 Petrolina\u00a0 &#8211;\u00a0\u00a0 Uma coletiva de imprensa foi realizada na noite de ontem (15), no p\u00e1tio Ana das Carrancas em Petrolina, no Sert\u00e3o de Pernambuco . Durante o evento, o prefeito Sim\u00e3o Durando apresentou detalhes sobre a estrutura e servi\u00e7os ofertados durante os nove dias do festejo, e, destacou ainda a import\u00e2ncia da festa, que movimenta a economia do munic\u00edpio. &#8220;S\u00f3 nesse S\u00e3o jo\u00e3o v\u00e3o ficar mais de R$ 270 milh\u00f5es na cidade de Petrolina nas diversas cadeias produtivas que fazem parte do evento. Mostrando o aquecimento do com\u00e9rcio local, 100% da rede hoteleira est\u00e1 lotada. A gente est\u00e1 fazendo o S\u00e3o Jo\u00e3o para manter a cultura, a tradi\u00e7\u00e3o, mas movimentar e aquecer o turismo&#8221;, ressaltou Durando. Prefeito Sim\u00e3o&hellip;\" \/>\n<meta property=\"og:url\" content=\"https:\/\/blogdofarnesio.com.br\/?p=343121\" \/>\n<meta property=\"og:site_name\" content=\"Blog do Farn\u00e9sio\" \/>\n<meta property=\"article:publisher\" content=\"https:\/\/www.facebook.com\/BlogQuerSaberPolitica\/\" \/>\n<meta property=\"article:author\" content=\"https:\/\/www.facebook.com\/?ref=tn_tnmn\" \/>\n<meta property=\"article:published_time\" content=\"2023-06-15T16:00:35+00:00\" \/>\n<meta property=\"og:image\" content=\"https:\/\/blogdofarnesio.com.br\/wp-content\/uploads\/2023\/06\/blogqsppet-simao-sjoao.jpg\" \/>\n\t<meta property=\"og:image:width\" content=\"427\" \/>\n\t<meta property=\"og:image:height\" content=\"240\" \/>\n\t<meta property=\"og:image:type\" content=\"image\/jpeg\" \/>\n<meta name=\"author\" content=\"Farn\u00e9sio\" \/>\n<meta name=\"twitter:card\" content=\"summary_large_image\" \/>\n<meta name=\"twitter:label1\" content=\"Escrito por\" \/>\n\t<meta name=\"twitter:data1\" content=\"Farn\u00e9sio\" \/>\n\t<meta name=\"twitter:label2\" content=\"Est. tempo de leitura\" \/>\n\t<meta name=\"twitter:data2\" content=\"2 minutos\" \/>\n<script type=\"application\/ld+json\" class=\"yoast-schema-graph\">{\"@context\":\"https:\\\/\\\/schema.org\",\"@graph\":[{\"@type\":\"Article\",\"@id\":\"https:\\\/\\\/blogdofarnesio.com.br\\\/?p=343121#article\",\"isPartOf\":{\"@id\":\"https:\\\/\\\/blogdofarnesio.com.br\\\/?p=343121\"},\"author\":{\"name\":\"Farn\u00e9sio\",\"@id\":\"https:\\\/\\\/blogdofarnesio.com.br\\\/#\\\/schema\\\/person\\\/bb9b23ae3ad0609ce8df7b6c9e76824d\"},\"headline\":\"Prefeito apresenta a estrutura e os servi\u00e7os ofertados durante o S\u00e3o Jo\u00e3o de Petrolina 2023\",\"datePublished\":\"2023-06-15T16:00:35+00:00\",\"mainEntityOfPage\":{\"@id\":\"https:\\\/\\\/blogdofarnesio.com.br\\\/?p=343121\"},\"wordCount\":255,\"commentCount\":0,\"publisher\":{\"@id\":\"https:\\\/\\\/blogdofarnesio.com.br\\\/#organization\"},\"image\":{\"@id\":\"https:\\\/\\\/blogdofarnesio.com.br\\\/?p=343121#primaryimage\"},\"thumbnailUrl\":\"https:\\\/\\\/blogdofarnesio.com.br\\\/wp-content\\\/uploads\\\/2023\\\/06\\\/blogqsppet-simao-sjoao.jpg\",\"inLanguage\":\"pt-BR\",\"potentialAction\":[{\"@type\":\"CommentAction\",\"name\":\"Comment\",\"target\":[\"https:\\\/\\\/blogdofarnesio.com.br\\\/?p=343121#respond\"]}]},{\"@type\":\"WebPage\",\"@id\":\"https:\\\/\\\/blogdofarnesio.com.br\\\/?p=343121\",\"url\":\"https:\\\/\\\/blogdofarnesio.com.br\\\/?p=343121\",\"name\":\"Prefeito apresenta a estrutura e os servi\u00e7os ofertados durante o S\u00e3o Jo\u00e3o de Petrolina 2023 - Blog do Farn\u00e9sio\",\"isPartOf\":{\"@id\":\"https:\\\/\\\/blogdofarnesio.com.br\\\/#website\"},\"primaryImageOfPage\":{\"@id\":\"https:\\\/\\\/blogdofarnesio.com.br\\\/?p=343121#primaryimage\"},\"image\":{\"@id\":\"https:\\\/\\\/blogdofarnesio.com.br\\\/?p=343121#primaryimage\"},\"thumbnailUrl\":\"https:\\\/\\\/blogdofarnesio.com.br\\\/wp-content\\\/uploads\\\/2023\\\/06\\\/blogqsppet-simao-sjoao.jpg\",\"datePublished\":\"2023-06-15T16:00:35+00:00\",\"breadcrumb\":{\"@id\":\"https:\\\/\\\/blogdofarnesio.com.br\\\/?p=343121#breadcrumb\"},\"inLanguage\":\"pt-BR\",\"potentialAction\":[{\"@type\":\"ReadAction\",\"target\":[\"https:\\\/\\\/blogdofarnesio.com.br\\\/?p=343121\"]}]},{\"@type\":\"ImageObject\",\"inLanguage\":\"pt-BR\",\"@id\":\"https:\\\/\\\/blogdofarnesio.com.br\\\/?p=343121#primaryimage\",\"url\":\"https:\\\/\\\/blogdofarnesio.com.br\\\/wp-content\\\/uploads\\\/2023\\\/06\\\/blogqsppet-simao-sjoao.jpg\",\"contentUrl\":\"https:\\\/\\\/blogdofarnesio.com.br\\\/wp-content\\\/uploads\\\/2023\\\/06\\\/blogqsppet-simao-sjoao.jpg\",\"width\":427,\"height\":240},{\"@type\":\"BreadcrumbList\",\"@id\":\"https:\\\/\\\/blogdofarnesio.com.br\\\/?p=343121#breadcrumb\",\"itemListElement\":[{\"@type\":\"ListItem\",\"position\":1,\"name\":\"In\u00edcio\",\"item\":\"https:\\\/\\\/blogdofarnesio.com.br\\\/\"},{\"@type\":\"ListItem\",\"position\":2,\"name\":\"Prefeito apresenta a estrutura e os servi\u00e7os ofertados durante o S\u00e3o Jo\u00e3o de Petrolina 2023\"}]},{\"@type\":\"WebSite\",\"@id\":\"https:\\\/\\\/blogdofarnesio.com.br\\\/#website\",\"url\":\"https:\\\/\\\/blogdofarnesio.com.br\\\/\",\"name\":\"Blog do Farn\u00e9sio\",\"description\":\"Quer Saber Pol\u00edtica?\",\"publisher\":{\"@id\":\"https:\\\/\\\/blogdofarnesio.com.br\\\/#organization\"},\"potentialAction\":[{\"@type\":\"SearchAction\",\"target\":{\"@type\":\"EntryPoint\",\"urlTemplate\":\"https:\\\/\\\/blogdofarnesio.com.br\\\/?s={search_term_string}\"},\"query-input\":{\"@type\":\"PropertyValueSpecification\",\"valueRequired\":true,\"valueName\":\"search_term_string\"}}],\"inLanguage\":\"pt-BR\"},{\"@type\":\"Organization\",\"@id\":\"https:\\\/\\\/blogdofarnesio.com.br\\\/#organization\",\"name\":\"Blog do Farn\u00e9sio\",\"url\":\"https:\\\/\\\/blogdofarnesio.com.br\\\/\",\"logo\":{\"@type\":\"ImageObject\",\"inLanguage\":\"pt-BR\",\"@id\":\"https:\\\/\\\/blogdofarnesio.com.br\\\/#\\\/schema\\\/logo\\\/image\\\/\",\"url\":\"https:\\\/\\\/blogdofarnesio.com.br\\\/wp-content\\\/uploads\\\/2026\\\/03\\\/cropped-logo_new-1.png\",\"contentUrl\":\"https:\\\/\\\/blogdofarnesio.com.br\\\/wp-content\\\/uploads\\\/2026\\\/03\\\/cropped-logo_new-1.png\",\"width\":881,\"height\":685,\"caption\":\"Blog do Farn\u00e9sio\"},\"image\":{\"@id\":\"https:\\\/\\\/blogdofarnesio.com.br\\\/#\\\/schema\\\/logo\\\/image\\\/\"},\"sameAs\":[\"https:\\\/\\\/www.facebook.com\\\/BlogQuerSaberPolitica\\\/\"]},{\"@type\":\"Person\",\"@id\":\"https:\\\/\\\/blogdofarnesio.com.br\\\/#\\\/schema\\\/person\\\/bb9b23ae3ad0609ce8df7b6c9e76824d\",\"name\":\"Farn\u00e9sio\",\"image\":{\"@type\":\"ImageObject\",\"inLanguage\":\"pt-BR\",\"@id\":\"https:\\\/\\\/secure.gravatar.com\\\/avatar\\\/986aa4c61ccdb66f8555bf88fc2a65609d00bcabd4d2d94377a727547345cbca?s=96&d=mm&r=g\",\"url\":\"https:\\\/\\\/secure.gravatar.com\\\/avatar\\\/986aa4c61ccdb66f8555bf88fc2a65609d00bcabd4d2d94377a727547345cbca?s=96&d=mm&r=g\",\"contentUrl\":\"https:\\\/\\\/secure.gravatar.com\\\/avatar\\\/986aa4c61ccdb66f8555bf88fc2a65609d00bcabd4d2d94377a727547345cbca?s=96&d=mm&r=g\",\"caption\":\"Farn\u00e9sio\"},\"description\":\"Radialista blogueiro, chegou a Petrolina\\\/Juazeiro em setembro de 1980, Farn\u00e9sio Silva \u00e9 de Arapiraca-Alagoas.\",\"sameAs\":[\"http:\\\/\\\/blogdofarnesio.com.br\",\"https:\\\/\\\/www.facebook.com\\\/?ref=tn_tnmn\",\"https:\\\/\\\/www.instagram.com\\\/?utm_source=pwa_homescreen\",\"https:\\\/\\\/youtube.com.br\\\/\"],\"url\":\"https:\\\/\\\/blogdofarnesio.com.br\\\/?author=2\"}]}<\/script>\n<!-- \/ Yoast SEO plugin. -->","yoast_head_json":{"title":"Prefeito apresenta a estrutura e os servi\u00e7os ofertados durante o S\u00e3o Jo\u00e3o de Petrolina 2023 - Blog do Farn\u00e9sio","robots":{"index":"index","follow":"follow","max-snippet":"max-snippet:-1","max-image-preview":"max-image-preview:large","max-video-preview":"max-video-preview:-1"},"canonical":"https:\/\/blogdofarnesio.com.br\/?p=343121","og_locale":"pt_BR","og_type":"article","og_title":"Prefeito apresenta a estrutura e os servi\u00e7os ofertados durante o S\u00e3o Jo\u00e3o de Petrolina 2023 - Blog do Farn\u00e9sio","og_description":"Por g1 Petrolina\u00a0 &#8211;\u00a0\u00a0 Uma coletiva de imprensa foi realizada na noite de ontem (15), no p\u00e1tio Ana das Carrancas em Petrolina, no Sert\u00e3o de Pernambuco . Durante o evento, o prefeito Sim\u00e3o Durando apresentou detalhes sobre a estrutura e servi\u00e7os ofertados durante os nove dias do festejo, e, destacou ainda a import\u00e2ncia da festa, que movimenta a economia do munic\u00edpio. &#8220;S\u00f3 nesse S\u00e3o jo\u00e3o v\u00e3o ficar mais de R$ 270 milh\u00f5es na cidade de Petrolina nas diversas cadeias produtivas que fazem parte do evento. Mostrando o aquecimento do com\u00e9rcio local, 100% da rede hoteleira est\u00e1 lotada. A gente est\u00e1 fazendo o S\u00e3o Jo\u00e3o para manter a cultura, a tradi\u00e7\u00e3o, mas movimentar e aquecer o turismo&#8221;, ressaltou Durando. Prefeito Sim\u00e3o&hellip;","og_url":"https:\/\/blogdofarnesio.com.br\/?p=343121","og_site_name":"Blog do Farn\u00e9sio","article_publisher":"https:\/\/www.facebook.com\/BlogQuerSaberPolitica\/","article_author":"https:\/\/www.facebook.com\/?ref=tn_tnmn","article_published_time":"2023-06-15T16:00:35+00:00","og_image":[{"width":427,"height":240,"url":"https:\/\/blogdofarnesio.com.br\/wp-content\/uploads\/2023\/06\/blogqsppet-simao-sjoao.jpg","type":"image\/jpeg"}],"author":"Farn\u00e9sio","twitter_card":"summary_large_image","twitter_misc":{"Escrito por":"Farn\u00e9sio","Est. tempo de leitura":"2 minutos"},"schema":{"@context":"https:\/\/schema.org","@graph":[{"@type":"Article","@id":"https:\/\/blogdofarnesio.com.br\/?p=343121#article","isPartOf":{"@id":"https:\/\/blogdofarnesio.com.br\/?p=343121"},"author":{"name":"Farn\u00e9sio","@id":"https:\/\/blogdofarnesio.com.br\/#\/schema\/person\/bb9b23ae3ad0609ce8df7b6c9e76824d"},"headline":"Prefeito apresenta a estrutura e os servi\u00e7os ofertados durante o S\u00e3o Jo\u00e3o de Petrolina 2023","datePublished":"2023-06-15T16:00:35+00:00","mainEntityOfPage":{"@id":"https:\/\/blogdofarnesio.com.br\/?p=343121"},"wordCount":255,"commentCount":0,"publisher":{"@id":"https:\/\/blogdofarnesio.com.br\/#organization"},"image":{"@id":"https:\/\/blogdofarnesio.com.br\/?p=343121#primaryimage"},"thumbnailUrl":"https:\/\/blogdofarnesio.com.br\/wp-content\/uploads\/2023\/06\/blogqsppet-simao-sjoao.jpg","inLanguage":"pt-BR","potentialAction":[{"@type":"CommentAction","name":"Comment","target":["https:\/\/blogdofarnesio.com.br\/?p=343121#respond"]}]},{"@type":"WebPage","@id":"https:\/\/blogdofarnesio.com.br\/?p=343121","url":"https:\/\/blogdofarnesio.com.br\/?p=343121","name":"Prefeito apresenta a estrutura e os servi\u00e7os ofertados durante o S\u00e3o Jo\u00e3o de Petrolina 2023 - Blog do Farn\u00e9sio","isPartOf":{"@id":"https:\/\/blogdofarnesio.com.br\/#website"},"primaryImageOfPage":{"@id":"https:\/\/blogdofarnesio.com.br\/?p=343121#primaryimage"},"image":{"@id":"https:\/\/blogdofarnesio.com.br\/?p=343121#primaryimage"},"thumbnailUrl":"https:\/\/blogdofarnesio.com.br\/wp-content\/uploads\/2023\/06\/blogqsppet-simao-sjoao.jpg","datePublished":"2023-06-15T16:00:35+00:00","breadcrumb":{"@id":"https:\/\/blogdofarnesio.com.br\/?p=343121#breadcrumb"},"inLanguage":"pt-BR","potentialAction":[{"@type":"ReadAction","target":["https:\/\/blogdofarnesio.com.br\/?p=343121"]}]},{"@type":"ImageObject","inLanguage":"pt-BR","@id":"https:\/\/blogdofarnesio.com.br\/?p=343121#primaryimage","url":"https:\/\/blogdofarnesio.com.br\/wp-content\/uploads\/2023\/06\/blogqsppet-simao-sjoao.jpg","contentUrl":"https:\/\/blogdofarnesio.com.br\/wp-content\/uploads\/2023\/06\/blogqsppet-simao-sjoao.jpg","width":427,"height":240},{"@type":"BreadcrumbList","@id":"https:\/\/blogdofarnesio.com.br\/?p=343121#breadcrumb","itemListElement":[{"@type":"ListItem","position":1,"name":"In\u00edcio","item":"https:\/\/blogdofarnesio.com.br\/"},{"@type":"ListItem","position":2,"name":"Prefeito apresenta a estrutura e os servi\u00e7os ofertados durante o S\u00e3o Jo\u00e3o de Petrolina 2023"}]},{"@type":"WebSite","@id":"https:\/\/blogdofarnesio.com.br\/#website","url":"https:\/\/blogdofarnesio.com.br\/","name":"Blog do Farn\u00e9sio","description":"Quer Saber Pol\u00edtica?","publisher":{"@id":"https:\/\/blogdofarnesio.com.br\/#organization"},"potentialAction":[{"@type":"SearchAction","target":{"@type":"EntryPoint","urlTemplate":"https:\/\/blogdofarnesio.com.br\/?s={search_term_string}"},"query-input":{"@type":"PropertyValueSpecification","valueRequired":true,"valueName":"search_term_string"}}],"inLanguage":"pt-BR"},{"@type":"Organization","@id":"https:\/\/blogdofarnesio.com.br\/#organization","name":"Blog do Farn\u00e9sio","url":"https:\/\/blogdofarnesio.com.br\/","logo":{"@type":"ImageObject","inLanguage":"pt-BR","@id":"https:\/\/blogdofarnesio.com.br\/#\/schema\/logo\/image\/","url":"https:\/\/blogdofarnesio.com.br\/wp-content\/uploads\/2026\/03\/cropped-logo_new-1.png","contentUrl":"https:\/\/blogdofarnesio.com.br\/wp-content\/uploads\/2026\/03\/cropped-logo_new-1.png","width":881,"height":685,"caption":"Blog do Farn\u00e9sio"},"image":{"@id":"https:\/\/blogdofarnesio.com.br\/#\/schema\/logo\/image\/"},"sameAs":["https:\/\/www.facebook.com\/BlogQuerSaberPolitica\/"]},{"@type":"Person","@id":"https:\/\/blogdofarnesio.com.br\/#\/schema\/person\/bb9b23ae3ad0609ce8df7b6c9e76824d","name":"Farn\u00e9sio","image":{"@type":"ImageObject","inLanguage":"pt-BR","@id":"https:\/\/secure.gravatar.com\/avatar\/986aa4c61ccdb66f8555bf88fc2a65609d00bcabd4d2d94377a727547345cbca?s=96&d=mm&r=g","url":"https:\/\/secure.gravatar.com\/avatar\/986aa4c61ccdb66f8555bf88fc2a65609d00bcabd4d2d94377a727547345cbca?s=96&d=mm&r=g","contentUrl":"https:\/\/secure.gravatar.com\/avatar\/986aa4c61ccdb66f8555bf88fc2a65609d00bcabd4d2d94377a727547345cbca?s=96&d=mm&r=g","caption":"Farn\u00e9sio"},"description":"Radialista blogueiro, chegou a Petrolina\/Juazeiro em setembro de 1980, Farn\u00e9sio Silva \u00e9 de Arapiraca-Alagoas.","sameAs":["http:\/\/blogdofarnesio.com.br","https:\/\/www.facebook.com\/?ref=tn_tnmn","https:\/\/www.instagram.com\/?utm_source=pwa_homescreen","https:\/\/youtube.com.br\/"],"url":"https:\/\/blogdofarnesio.com.br\/?author=2"}]}},"_links":{"self":[{"href":"https:\/\/blogdofarnesio.com.br\/index.php?rest_route=\/wp\/v2\/posts\/343121","targetHints":{"allow":["GET"]}}],"collection":[{"href":"https:\/\/blogdofarnesio.com.br\/index.php?rest_route=\/wp\/v2\/posts"}],"about":[{"href":"https:\/\/blogdofarnesio.com.br\/index.php?rest_route=\/wp\/v2\/types\/post"}],"author":[{"embeddable":true,"href":"https:\/\/blogdofarnesio.com.br\/index.php?rest_route=\/wp\/v2\/users\/2"}],"replies":[{"embeddable":true,"href":"https:\/\/blogdofarnesio.com.br\/index.php?rest_route=%2Fwp%2Fv2%2Fcomments&post=343121"}],"version-history":[{"count":0,"href":"https:\/\/blogdofarnesio.com.br\/index.php?rest_route=\/wp\/v2\/posts\/343121\/revisions"}],"wp:featuredmedia":[{"embeddable":true,"href":"https:\/\/blogdofarnesio.com.br\/index.php?rest_route=\/wp\/v2\/media\/343122"}],"wp:attachment":[{"href":"https:\/\/blogdofarnesio.com.br\/index.php?rest_route=%2Fwp%2Fv2%2Fmedia&parent=343121"}],"wp:term":[{"taxonomy":"category","embeddable":true,"href":"https:\/\/blogdofarnesio.com.br\/index.php?rest_route=%2Fwp%2Fv2%2Fcategories&post=343121"},{"taxonomy":"post_tag","embeddable":true,"href":"https:\/\/blogdofarnesio.com.br\/index.php?rest_route=%2Fwp%2Fv2%2Ftags&post=343121"}],"curies":[{"name":"wp","href":"https:\/\/api.w.org\/{rel}","templated":true}]}}