{"id":343095,"date":"2023-06-15T09:42:29","date_gmt":"2023-06-15T12:42:29","guid":{"rendered":"https:\/\/blogdofarnesio.com.br\/?p=343095"},"modified":"2023-06-15T08:38:41","modified_gmt":"2023-06-15T11:38:41","slug":"prefeitura-apresenta-esquema-de-seguranca-para-os-nove-dias-de-festa","status":"publish","type":"post","link":"https:\/\/blogdofarnesio.com.br\/?p=343095","title":{"rendered":"Prefeitura apresenta esquema de seguran\u00e7a para os nove dias de festa junina em Petrolina"},"content":{"rendered":"<p style=\"font-weight: 400;\">De modo a garantir seguran\u00e7a, mobilidade e conforto aos forrozeiros que retornar\u00e3o ao P\u00e1tio Ana das Carrancas para curtir o melhor S\u00e3o Jo\u00e3o do Brasil, a Prefeitura de Petrolina contar\u00e1 com o trabalho integrado da Guarda Civil Municipal, Bombeiros, Pol\u00edcias Civil, Militar e Rodovi\u00e1ria Federal. Al\u00e9m disso, o evento tamb\u00e9m vai contar com a empresa de seguran\u00e7a privada contratada para refor\u00e7ar o monitoramento e garantir a seguran\u00e7a externa e interna de milhares de pessoas.<\/p>\n<p style=\"font-weight: 400;\">O objetivo \u00e9 que, em toda extens\u00e3o do espa\u00e7o, seja poss\u00edvel avistar policiais ou agentes de seguran\u00e7as. S\u00f3 da Guarda Municipal e Pol\u00edcia Militar est\u00e3o escalados, em m\u00e9dia, mais de 210 agentes por dia. Outros 540 seguran\u00e7as privados ajudam no monitoramento da festa.<\/p>\n<p style=\"font-weight: 400;\"><img loading=\"lazy\" decoding=\"async\" class=\"aligncenter wp-image-343098 size-full\" src=\"https:\/\/blogdofarnesio.com.br\/wp-content\/uploads\/2023\/06\/blogqsppet-DEIVID-MENEZES-FORCAS-DE-SEGURANCA-SAO-JOAO-3-e1686829039443.jpeg\" alt=\"\" width=\"600\" height=\"400\" srcset=\"https:\/\/blogdofarnesio.com.br\/wp-content\/uploads\/2023\/06\/blogqsppet-DEIVID-MENEZES-FORCAS-DE-SEGURANCA-SAO-JOAO-3-e1686829039443.jpeg 600w, https:\/\/blogdofarnesio.com.br\/wp-content\/uploads\/2023\/06\/blogqsppet-DEIVID-MENEZES-FORCAS-DE-SEGURANCA-SAO-JOAO-3-e1686829039443-300x200.jpeg 300w\" sizes=\"auto, (max-width: 600px) 100vw, 600px\" \/>Por noite, 60 agentes da &#8220;For\u00e7a Azul* seguem atuando no entorno da festa. A PM, atrav\u00e9s do 5\u00b0 BPM e do BIESP, est\u00e1 com um efetivo di\u00e1rio de 150 policiais. Na seguran\u00e7a vi\u00e1ria, em m\u00e9dia 20 agentes da Pol\u00edcia Rodovi\u00e1ria Federal atuar\u00e3o, bem como, equipes da Pol\u00edcia Civil, com oito agentes, e do Corpo de Bombeiros, com 10 homens.<\/p>\n<p style=\"font-weight: 400;\">Para o secret\u00e1rio executivo de Seguran\u00e7a P\u00fablica, Luiz Cl\u00e1udio, o esquema de seguran\u00e7a do S\u00e3o Jo\u00e3o de Petrolina est\u00e1 consolidado como um modelo para demais cidades do pa\u00eds. \u201cRealizamos reuni\u00f5es entre os \u00f3rg\u00e3os de seguran\u00e7a tanto do Estado como da Prefeitura. Vamos trabalhar integrados com todas as for\u00e7as de seguran\u00e7a p\u00fablica em todos os n\u00edveis. A recomenda\u00e7\u00e3o do prefeito Sim\u00e3o Durando \u00e9 coibir quaisquer a\u00e7\u00f5es criminosas de modo a garantir e transmitir seguran\u00e7a ao p\u00fablico, dentro e fora da \u00e1rea da festa\u201d, frisou Luiz Cl\u00e1udio.<\/p>\n","protected":false},"excerpt":{"rendered":"<p>De modo a garantir seguran\u00e7a, mobilidade e conforto aos forrozeiros que retornar\u00e3o ao P\u00e1tio Ana das Carrancas para curtir o melhor S\u00e3o Jo\u00e3o do Brasil, a Prefeitura de Petrolina contar\u00e1 com o trabalho integrado da Guarda Civil Municipal, Bombeiros, Pol\u00edcias Civil, Militar e Rodovi\u00e1ria Federal. Al\u00e9m disso, o evento tamb\u00e9m vai contar com a empresa de seguran\u00e7a privada contratada para refor\u00e7ar o monitoramento e garantir a seguran\u00e7a externa e interna de milhares de pessoas. O objetivo \u00e9 que, em toda extens\u00e3o do espa\u00e7o, seja poss\u00edvel avistar policiais ou agentes de seguran\u00e7as. S\u00f3 da Guarda Municipal e Pol\u00edcia Militar est\u00e3o escalados, em m\u00e9dia, mais de 210 agentes por dia. Outros 540 seguran\u00e7as privados ajudam no monitoramento da festa. Por noite, 60&hellip; <\/p>\n","protected":false},"author":2,"featured_media":343096,"comment_status":"open","ping_status":"open","sticky":false,"template":"","format":"standard","meta":{"_acf_changed":false,"footnotes":""},"categories":[5],"tags":[],"class_list":["post-343095","post","type-post","status-publish","format-standard","has-post-thumbnail","hentry","category-seguranca"],"acf":[],"yoast_head":"<!-- This site is optimized with the Yoast SEO plugin v27.4 - https:\/\/yoast.com\/product\/yoast-seo-wordpress\/ -->\n<title>Prefeitura apresenta esquema de seguran\u00e7a para os nove dias de festa junina em Petrolina - Blog do Farn\u00e9sio<\/title>\n<meta name=\"robots\" content=\"index, follow, max-snippet:-1, max-image-preview:large, max-video-preview:-1\" \/>\n<link rel=\"canonical\" href=\"https:\/\/blogdofarnesio.com.br\/?p=343095\" \/>\n<meta property=\"og:locale\" content=\"pt_BR\" \/>\n<meta property=\"og:type\" content=\"article\" \/>\n<meta property=\"og:title\" content=\"Prefeitura apresenta esquema de seguran\u00e7a para os nove dias de festa junina em Petrolina - Blog do Farn\u00e9sio\" \/>\n<meta property=\"og:description\" content=\"De modo a garantir seguran\u00e7a, mobilidade e conforto aos forrozeiros que retornar\u00e3o ao P\u00e1tio Ana das Carrancas para curtir o melhor S\u00e3o Jo\u00e3o do Brasil, a Prefeitura de Petrolina contar\u00e1 com o trabalho integrado da Guarda Civil Municipal, Bombeiros, Pol\u00edcias Civil, Militar e Rodovi\u00e1ria Federal. Al\u00e9m disso, o evento tamb\u00e9m vai contar com a empresa de seguran\u00e7a privada contratada para refor\u00e7ar o monitoramento e garantir a seguran\u00e7a externa e interna de milhares de pessoas. O objetivo \u00e9 que, em toda extens\u00e3o do espa\u00e7o, seja poss\u00edvel avistar policiais ou agentes de seguran\u00e7as. S\u00f3 da Guarda Municipal e Pol\u00edcia Militar est\u00e3o escalados, em m\u00e9dia, mais de 210 agentes por dia. Outros 540 seguran\u00e7as privados ajudam no monitoramento da festa. Por noite, 60&hellip;\" \/>\n<meta property=\"og:url\" content=\"https:\/\/blogdofarnesio.com.br\/?p=343095\" \/>\n<meta property=\"og:site_name\" content=\"Blog do Farn\u00e9sio\" \/>\n<meta property=\"article:publisher\" content=\"https:\/\/www.facebook.com\/BlogQuerSaberPolitica\/\" \/>\n<meta property=\"article:author\" content=\"https:\/\/www.facebook.com\/?ref=tn_tnmn\" \/>\n<meta property=\"article:published_time\" content=\"2023-06-15T12:42:29+00:00\" \/>\n<meta property=\"og:image\" content=\"https:\/\/blogdofarnesio.com.br\/wp-content\/uploads\/2023\/06\/blogqsppet-DEIVID-MENEZES-FORCAS-DE-SEGURANCA-SAO-JOAO-1-e1686829011603.jpeg\" \/>\n\t<meta property=\"og:image:width\" content=\"600\" \/>\n\t<meta property=\"og:image:height\" content=\"400\" \/>\n\t<meta property=\"og:image:type\" content=\"image\/jpeg\" \/>\n<meta name=\"author\" content=\"Farn\u00e9sio\" \/>\n<meta name=\"twitter:card\" content=\"summary_large_image\" \/>\n<meta name=\"twitter:label1\" content=\"Escrito por\" \/>\n\t<meta name=\"twitter:data1\" content=\"Farn\u00e9sio\" \/>\n\t<meta name=\"twitter:label2\" content=\"Est. tempo de leitura\" \/>\n\t<meta name=\"twitter:data2\" content=\"2 minutos\" \/>\n<script type=\"application\/ld+json\" class=\"yoast-schema-graph\">{\"@context\":\"https:\\\/\\\/schema.org\",\"@graph\":[{\"@type\":\"Article\",\"@id\":\"https:\\\/\\\/blogdofarnesio.com.br\\\/?p=343095#article\",\"isPartOf\":{\"@id\":\"https:\\\/\\\/blogdofarnesio.com.br\\\/?p=343095\"},\"author\":{\"name\":\"Farn\u00e9sio\",\"@id\":\"https:\\\/\\\/blogdofarnesio.com.br\\\/#\\\/schema\\\/person\\\/bb9b23ae3ad0609ce8df7b6c9e76824d\"},\"headline\":\"Prefeitura apresenta esquema de seguran\u00e7a para os nove dias de festa junina em Petrolina\",\"datePublished\":\"2023-06-15T12:42:29+00:00\",\"mainEntityOfPage\":{\"@id\":\"https:\\\/\\\/blogdofarnesio.com.br\\\/?p=343095\"},\"wordCount\":318,\"commentCount\":0,\"publisher\":{\"@id\":\"https:\\\/\\\/blogdofarnesio.com.br\\\/#organization\"},\"image\":{\"@id\":\"https:\\\/\\\/blogdofarnesio.com.br\\\/?p=343095#primaryimage\"},\"thumbnailUrl\":\"https:\\\/\\\/blogdofarnesio.com.br\\\/wp-content\\\/uploads\\\/2023\\\/06\\\/blogqsppet-DEIVID-MENEZES-FORCAS-DE-SEGURANCA-SAO-JOAO-1-e1686829011603.jpeg\",\"articleSection\":[\"Seguran\u00e7a\"],\"inLanguage\":\"pt-BR\",\"potentialAction\":[{\"@type\":\"CommentAction\",\"name\":\"Comment\",\"target\":[\"https:\\\/\\\/blogdofarnesio.com.br\\\/?p=343095#respond\"]}]},{\"@type\":\"WebPage\",\"@id\":\"https:\\\/\\\/blogdofarnesio.com.br\\\/?p=343095\",\"url\":\"https:\\\/\\\/blogdofarnesio.com.br\\\/?p=343095\",\"name\":\"Prefeitura apresenta esquema de seguran\u00e7a para os nove dias de festa junina em Petrolina - Blog do Farn\u00e9sio\",\"isPartOf\":{\"@id\":\"https:\\\/\\\/blogdofarnesio.com.br\\\/#website\"},\"primaryImageOfPage\":{\"@id\":\"https:\\\/\\\/blogdofarnesio.com.br\\\/?p=343095#primaryimage\"},\"image\":{\"@id\":\"https:\\\/\\\/blogdofarnesio.com.br\\\/?p=343095#primaryimage\"},\"thumbnailUrl\":\"https:\\\/\\\/blogdofarnesio.com.br\\\/wp-content\\\/uploads\\\/2023\\\/06\\\/blogqsppet-DEIVID-MENEZES-FORCAS-DE-SEGURANCA-SAO-JOAO-1-e1686829011603.jpeg\",\"datePublished\":\"2023-06-15T12:42:29+00:00\",\"breadcrumb\":{\"@id\":\"https:\\\/\\\/blogdofarnesio.com.br\\\/?p=343095#breadcrumb\"},\"inLanguage\":\"pt-BR\",\"potentialAction\":[{\"@type\":\"ReadAction\",\"target\":[\"https:\\\/\\\/blogdofarnesio.com.br\\\/?p=343095\"]}]},{\"@type\":\"ImageObject\",\"inLanguage\":\"pt-BR\",\"@id\":\"https:\\\/\\\/blogdofarnesio.com.br\\\/?p=343095#primaryimage\",\"url\":\"https:\\\/\\\/blogdofarnesio.com.br\\\/wp-content\\\/uploads\\\/2023\\\/06\\\/blogqsppet-DEIVID-MENEZES-FORCAS-DE-SEGURANCA-SAO-JOAO-1-e1686829011603.jpeg\",\"contentUrl\":\"https:\\\/\\\/blogdofarnesio.com.br\\\/wp-content\\\/uploads\\\/2023\\\/06\\\/blogqsppet-DEIVID-MENEZES-FORCAS-DE-SEGURANCA-SAO-JOAO-1-e1686829011603.jpeg\",\"width\":600,\"height\":400},{\"@type\":\"BreadcrumbList\",\"@id\":\"https:\\\/\\\/blogdofarnesio.com.br\\\/?p=343095#breadcrumb\",\"itemListElement\":[{\"@type\":\"ListItem\",\"position\":1,\"name\":\"In\u00edcio\",\"item\":\"https:\\\/\\\/blogdofarnesio.com.br\\\/\"},{\"@type\":\"ListItem\",\"position\":2,\"name\":\"Prefeitura apresenta esquema de seguran\u00e7a para os nove dias de festa junina em Petrolina\"}]},{\"@type\":\"WebSite\",\"@id\":\"https:\\\/\\\/blogdofarnesio.com.br\\\/#website\",\"url\":\"https:\\\/\\\/blogdofarnesio.com.br\\\/\",\"name\":\"Blog do Farn\u00e9sio\",\"description\":\"Quer Saber Pol\u00edtica?\",\"publisher\":{\"@id\":\"https:\\\/\\\/blogdofarnesio.com.br\\\/#organization\"},\"potentialAction\":[{\"@type\":\"SearchAction\",\"target\":{\"@type\":\"EntryPoint\",\"urlTemplate\":\"https:\\\/\\\/blogdofarnesio.com.br\\\/?s={search_term_string}\"},\"query-input\":{\"@type\":\"PropertyValueSpecification\",\"valueRequired\":true,\"valueName\":\"search_term_string\"}}],\"inLanguage\":\"pt-BR\"},{\"@type\":\"Organization\",\"@id\":\"https:\\\/\\\/blogdofarnesio.com.br\\\/#organization\",\"name\":\"Blog do Farn\u00e9sio\",\"url\":\"https:\\\/\\\/blogdofarnesio.com.br\\\/\",\"logo\":{\"@type\":\"ImageObject\",\"inLanguage\":\"pt-BR\",\"@id\":\"https:\\\/\\\/blogdofarnesio.com.br\\\/#\\\/schema\\\/logo\\\/image\\\/\",\"url\":\"https:\\\/\\\/blogdofarnesio.com.br\\\/wp-content\\\/uploads\\\/2026\\\/03\\\/cropped-logo_new-1.png\",\"contentUrl\":\"https:\\\/\\\/blogdofarnesio.com.br\\\/wp-content\\\/uploads\\\/2026\\\/03\\\/cropped-logo_new-1.png\",\"width\":881,\"height\":685,\"caption\":\"Blog do Farn\u00e9sio\"},\"image\":{\"@id\":\"https:\\\/\\\/blogdofarnesio.com.br\\\/#\\\/schema\\\/logo\\\/image\\\/\"},\"sameAs\":[\"https:\\\/\\\/www.facebook.com\\\/BlogQuerSaberPolitica\\\/\"]},{\"@type\":\"Person\",\"@id\":\"https:\\\/\\\/blogdofarnesio.com.br\\\/#\\\/schema\\\/person\\\/bb9b23ae3ad0609ce8df7b6c9e76824d\",\"name\":\"Farn\u00e9sio\",\"image\":{\"@type\":\"ImageObject\",\"inLanguage\":\"pt-BR\",\"@id\":\"https:\\\/\\\/secure.gravatar.com\\\/avatar\\\/986aa4c61ccdb66f8555bf88fc2a65609d00bcabd4d2d94377a727547345cbca?s=96&d=mm&r=g\",\"url\":\"https:\\\/\\\/secure.gravatar.com\\\/avatar\\\/986aa4c61ccdb66f8555bf88fc2a65609d00bcabd4d2d94377a727547345cbca?s=96&d=mm&r=g\",\"contentUrl\":\"https:\\\/\\\/secure.gravatar.com\\\/avatar\\\/986aa4c61ccdb66f8555bf88fc2a65609d00bcabd4d2d94377a727547345cbca?s=96&d=mm&r=g\",\"caption\":\"Farn\u00e9sio\"},\"description\":\"Radialista blogueiro, chegou a Petrolina\\\/Juazeiro em setembro de 1980, Farn\u00e9sio Silva \u00e9 de Arapiraca-Alagoas.\",\"sameAs\":[\"http:\\\/\\\/blogdofarnesio.com.br\",\"https:\\\/\\\/www.facebook.com\\\/?ref=tn_tnmn\",\"https:\\\/\\\/www.instagram.com\\\/?utm_source=pwa_homescreen\",\"https:\\\/\\\/youtube.com.br\\\/\"],\"url\":\"https:\\\/\\\/blogdofarnesio.com.br\\\/?author=2\"}]}<\/script>\n<!-- \/ Yoast SEO plugin. -->","yoast_head_json":{"title":"Prefeitura apresenta esquema de seguran\u00e7a para os nove dias de festa junina em Petrolina - Blog do Farn\u00e9sio","robots":{"index":"index","follow":"follow","max-snippet":"max-snippet:-1","max-image-preview":"max-image-preview:large","max-video-preview":"max-video-preview:-1"},"canonical":"https:\/\/blogdofarnesio.com.br\/?p=343095","og_locale":"pt_BR","og_type":"article","og_title":"Prefeitura apresenta esquema de seguran\u00e7a para os nove dias de festa junina em Petrolina - Blog do Farn\u00e9sio","og_description":"De modo a garantir seguran\u00e7a, mobilidade e conforto aos forrozeiros que retornar\u00e3o ao P\u00e1tio Ana das Carrancas para curtir o melhor S\u00e3o Jo\u00e3o do Brasil, a Prefeitura de Petrolina contar\u00e1 com o trabalho integrado da Guarda Civil Municipal, Bombeiros, Pol\u00edcias Civil, Militar e Rodovi\u00e1ria Federal. Al\u00e9m disso, o evento tamb\u00e9m vai contar com a empresa de seguran\u00e7a privada contratada para refor\u00e7ar o monitoramento e garantir a seguran\u00e7a externa e interna de milhares de pessoas. O objetivo \u00e9 que, em toda extens\u00e3o do espa\u00e7o, seja poss\u00edvel avistar policiais ou agentes de seguran\u00e7as. S\u00f3 da Guarda Municipal e Pol\u00edcia Militar est\u00e3o escalados, em m\u00e9dia, mais de 210 agentes por dia. Outros 540 seguran\u00e7as privados ajudam no monitoramento da festa. Por noite, 60&hellip;","og_url":"https:\/\/blogdofarnesio.com.br\/?p=343095","og_site_name":"Blog do Farn\u00e9sio","article_publisher":"https:\/\/www.facebook.com\/BlogQuerSaberPolitica\/","article_author":"https:\/\/www.facebook.com\/?ref=tn_tnmn","article_published_time":"2023-06-15T12:42:29+00:00","og_image":[{"width":600,"height":400,"url":"https:\/\/blogdofarnesio.com.br\/wp-content\/uploads\/2023\/06\/blogqsppet-DEIVID-MENEZES-FORCAS-DE-SEGURANCA-SAO-JOAO-1-e1686829011603.jpeg","type":"image\/jpeg"}],"author":"Farn\u00e9sio","twitter_card":"summary_large_image","twitter_misc":{"Escrito por":"Farn\u00e9sio","Est. tempo de leitura":"2 minutos"},"schema":{"@context":"https:\/\/schema.org","@graph":[{"@type":"Article","@id":"https:\/\/blogdofarnesio.com.br\/?p=343095#article","isPartOf":{"@id":"https:\/\/blogdofarnesio.com.br\/?p=343095"},"author":{"name":"Farn\u00e9sio","@id":"https:\/\/blogdofarnesio.com.br\/#\/schema\/person\/bb9b23ae3ad0609ce8df7b6c9e76824d"},"headline":"Prefeitura apresenta esquema de seguran\u00e7a para os nove dias de festa junina em Petrolina","datePublished":"2023-06-15T12:42:29+00:00","mainEntityOfPage":{"@id":"https:\/\/blogdofarnesio.com.br\/?p=343095"},"wordCount":318,"commentCount":0,"publisher":{"@id":"https:\/\/blogdofarnesio.com.br\/#organization"},"image":{"@id":"https:\/\/blogdofarnesio.com.br\/?p=343095#primaryimage"},"thumbnailUrl":"https:\/\/blogdofarnesio.com.br\/wp-content\/uploads\/2023\/06\/blogqsppet-DEIVID-MENEZES-FORCAS-DE-SEGURANCA-SAO-JOAO-1-e1686829011603.jpeg","articleSection":["Seguran\u00e7a"],"inLanguage":"pt-BR","potentialAction":[{"@type":"CommentAction","name":"Comment","target":["https:\/\/blogdofarnesio.com.br\/?p=343095#respond"]}]},{"@type":"WebPage","@id":"https:\/\/blogdofarnesio.com.br\/?p=343095","url":"https:\/\/blogdofarnesio.com.br\/?p=343095","name":"Prefeitura apresenta esquema de seguran\u00e7a para os nove dias de festa junina em Petrolina - Blog do Farn\u00e9sio","isPartOf":{"@id":"https:\/\/blogdofarnesio.com.br\/#website"},"primaryImageOfPage":{"@id":"https:\/\/blogdofarnesio.com.br\/?p=343095#primaryimage"},"image":{"@id":"https:\/\/blogdofarnesio.com.br\/?p=343095#primaryimage"},"thumbnailUrl":"https:\/\/blogdofarnesio.com.br\/wp-content\/uploads\/2023\/06\/blogqsppet-DEIVID-MENEZES-FORCAS-DE-SEGURANCA-SAO-JOAO-1-e1686829011603.jpeg","datePublished":"2023-06-15T12:42:29+00:00","breadcrumb":{"@id":"https:\/\/blogdofarnesio.com.br\/?p=343095#breadcrumb"},"inLanguage":"pt-BR","potentialAction":[{"@type":"ReadAction","target":["https:\/\/blogdofarnesio.com.br\/?p=343095"]}]},{"@type":"ImageObject","inLanguage":"pt-BR","@id":"https:\/\/blogdofarnesio.com.br\/?p=343095#primaryimage","url":"https:\/\/blogdofarnesio.com.br\/wp-content\/uploads\/2023\/06\/blogqsppet-DEIVID-MENEZES-FORCAS-DE-SEGURANCA-SAO-JOAO-1-e1686829011603.jpeg","contentUrl":"https:\/\/blogdofarnesio.com.br\/wp-content\/uploads\/2023\/06\/blogqsppet-DEIVID-MENEZES-FORCAS-DE-SEGURANCA-SAO-JOAO-1-e1686829011603.jpeg","width":600,"height":400},{"@type":"BreadcrumbList","@id":"https:\/\/blogdofarnesio.com.br\/?p=343095#breadcrumb","itemListElement":[{"@type":"ListItem","position":1,"name":"In\u00edcio","item":"https:\/\/blogdofarnesio.com.br\/"},{"@type":"ListItem","position":2,"name":"Prefeitura apresenta esquema de seguran\u00e7a para os nove dias de festa junina em Petrolina"}]},{"@type":"WebSite","@id":"https:\/\/blogdofarnesio.com.br\/#website","url":"https:\/\/blogdofarnesio.com.br\/","name":"Blog do Farn\u00e9sio","description":"Quer Saber Pol\u00edtica?","publisher":{"@id":"https:\/\/blogdofarnesio.com.br\/#organization"},"potentialAction":[{"@type":"SearchAction","target":{"@type":"EntryPoint","urlTemplate":"https:\/\/blogdofarnesio.com.br\/?s={search_term_string}"},"query-input":{"@type":"PropertyValueSpecification","valueRequired":true,"valueName":"search_term_string"}}],"inLanguage":"pt-BR"},{"@type":"Organization","@id":"https:\/\/blogdofarnesio.com.br\/#organization","name":"Blog do Farn\u00e9sio","url":"https:\/\/blogdofarnesio.com.br\/","logo":{"@type":"ImageObject","inLanguage":"pt-BR","@id":"https:\/\/blogdofarnesio.com.br\/#\/schema\/logo\/image\/","url":"https:\/\/blogdofarnesio.com.br\/wp-content\/uploads\/2026\/03\/cropped-logo_new-1.png","contentUrl":"https:\/\/blogdofarnesio.com.br\/wp-content\/uploads\/2026\/03\/cropped-logo_new-1.png","width":881,"height":685,"caption":"Blog do Farn\u00e9sio"},"image":{"@id":"https:\/\/blogdofarnesio.com.br\/#\/schema\/logo\/image\/"},"sameAs":["https:\/\/www.facebook.com\/BlogQuerSaberPolitica\/"]},{"@type":"Person","@id":"https:\/\/blogdofarnesio.com.br\/#\/schema\/person\/bb9b23ae3ad0609ce8df7b6c9e76824d","name":"Farn\u00e9sio","image":{"@type":"ImageObject","inLanguage":"pt-BR","@id":"https:\/\/secure.gravatar.com\/avatar\/986aa4c61ccdb66f8555bf88fc2a65609d00bcabd4d2d94377a727547345cbca?s=96&d=mm&r=g","url":"https:\/\/secure.gravatar.com\/avatar\/986aa4c61ccdb66f8555bf88fc2a65609d00bcabd4d2d94377a727547345cbca?s=96&d=mm&r=g","contentUrl":"https:\/\/secure.gravatar.com\/avatar\/986aa4c61ccdb66f8555bf88fc2a65609d00bcabd4d2d94377a727547345cbca?s=96&d=mm&r=g","caption":"Farn\u00e9sio"},"description":"Radialista blogueiro, chegou a Petrolina\/Juazeiro em setembro de 1980, Farn\u00e9sio Silva \u00e9 de Arapiraca-Alagoas.","sameAs":["http:\/\/blogdofarnesio.com.br","https:\/\/www.facebook.com\/?ref=tn_tnmn","https:\/\/www.instagram.com\/?utm_source=pwa_homescreen","https:\/\/youtube.com.br\/"],"url":"https:\/\/blogdofarnesio.com.br\/?author=2"}]}},"_links":{"self":[{"href":"https:\/\/blogdofarnesio.com.br\/index.php?rest_route=\/wp\/v2\/posts\/343095","targetHints":{"allow":["GET"]}}],"collection":[{"href":"https:\/\/blogdofarnesio.com.br\/index.php?rest_route=\/wp\/v2\/posts"}],"about":[{"href":"https:\/\/blogdofarnesio.com.br\/index.php?rest_route=\/wp\/v2\/types\/post"}],"author":[{"embeddable":true,"href":"https:\/\/blogdofarnesio.com.br\/index.php?rest_route=\/wp\/v2\/users\/2"}],"replies":[{"embeddable":true,"href":"https:\/\/blogdofarnesio.com.br\/index.php?rest_route=%2Fwp%2Fv2%2Fcomments&post=343095"}],"version-history":[{"count":0,"href":"https:\/\/blogdofarnesio.com.br\/index.php?rest_route=\/wp\/v2\/posts\/343095\/revisions"}],"wp:featuredmedia":[{"embeddable":true,"href":"https:\/\/blogdofarnesio.com.br\/index.php?rest_route=\/wp\/v2\/media\/343096"}],"wp:attachment":[{"href":"https:\/\/blogdofarnesio.com.br\/index.php?rest_route=%2Fwp%2Fv2%2Fmedia&parent=343095"}],"wp:term":[{"taxonomy":"category","embeddable":true,"href":"https:\/\/blogdofarnesio.com.br\/index.php?rest_route=%2Fwp%2Fv2%2Fcategories&post=343095"},{"taxonomy":"post_tag","embeddable":true,"href":"https:\/\/blogdofarnesio.com.br\/index.php?rest_route=%2Fwp%2Fv2%2Ftags&post=343095"}],"curies":[{"name":"wp","href":"https:\/\/api.w.org\/{rel}","templated":true}]}}