{"id":343065,"date":"2023-06-15T11:04:13","date_gmt":"2023-06-15T14:04:13","guid":{"rendered":"https:\/\/blogdofarnesio.com.br\/?p=343065"},"modified":"2023-06-15T08:49:34","modified_gmt":"2023-06-15T11:49:34","slug":"potencialidades-do-semiarido-para-a-agricultura-brasileira","status":"publish","type":"post","link":"https:\/\/blogdofarnesio.com.br\/?p=343065","title":{"rendered":"Potencialidades do Semi\u00e1rido para a agricultura brasileira"},"content":{"rendered":"<p style=\"font-weight: 400;\"><strong>Maria Auxiliadora Co\u00ealho*<\/strong><\/p>\n<p style=\"font-weight: 400;\">O Semi\u00e1rido brasileiro tem caracter\u00edsticas muito desafiadoras. A maioria dos seus munic\u00edpios apresenta pluviosidade inferior a 800 mm anuais. A evapotranspira\u00e7\u00e3o \u00e9, em m\u00e9dia, de 2000 mm ao ano, superando a precipita\u00e7\u00e3o em praticamente tr\u00eas vezes. Nessa perspectiva, \u00e9 poss\u00edvel analisar o tamanho do desafio que \u00e9 promover o desenvolvimento da agropecu\u00e1ria na regi\u00e3o.<\/p>\n<p style=\"font-weight: 400;\">O compromisso de contribuir para uma realidade produtiva que permita evolu\u00e7\u00e3o nos indicadores socioecon\u00f4micos atuais impulsiona a pesquisa para o desenvolvimento de solu\u00e7\u00f5es tecnol\u00f3gicas adaptadas \u00e0 condi\u00e7\u00e3o local, gerando incrementos de produtividade e oportunidade de renda.<\/p>\n<p style=\"font-weight: 400;\">Na regi\u00e3o, convivem duas agropecu\u00e1rias: uma tipicamente dependente de chuva e outra que utiliza a irriga\u00e7\u00e3o das \u00e1guas do Rio S\u00e3o Francisco como motor que impulsiona a economia e o desenvolvimento social. Nesses dois espa\u00e7os, h\u00e1 diferentes atividades sendo desenvolvidas e atendendo ao p\u00fablico diverso do Semi\u00e1rido.<\/p>\n<p style=\"font-weight: 400;\"><img loading=\"lazy\" decoding=\"async\" class=\"alignright size-medium wp-image-272254\" src=\"https:\/\/blogdofarnesio.com.br\/wp-content\/uploads\/2020\/11\/blogqspCaprinos-na-CAatinga-verde-e1605702024278-300x201.jpg\" alt=\"\" width=\"300\" height=\"201\" \/>Para as \u00e1reas dependentes de chuva, a pecu\u00e1ria \u00e9 um elemento importante, sendo a caprinovinocultura sua atividade principal. Cerca de 30% do rebanho caprino nacional est\u00e1 localizado no Semi\u00e1rido, a maior parte em propriedades de agricultores familiares.<\/p>\n<p style=\"font-weight: 400;\">H\u00e1 tamb\u00e9m microrregi\u00f5es que t\u00eam uma pecu\u00e1ria bovina de bastante relev\u00e2ncia e bacias leiteiras consolidadas, que movimentam a economia, em especial, no limite entre o Semi\u00e1rido e o litoral &#8211; o Agreste.<\/p>\n<p style=\"font-weight: 400;\">Nestas microrregi\u00f5es, onde a precipita\u00e7\u00e3o pluviom\u00e9trica \u00e9 relativamente maior, instalou-se e vem crescendo a agroind\u00fastria de produtos derivados de leite.<\/p>\n<p style=\"font-weight: 400;\">No segundo contexto, a agricultura irrigada trouxe a possibilidade de desenvolvimento de uma fruticultura s\u00f3lida, em que os avan\u00e7os tecnol\u00f3gicos notavelmente promovem a evolu\u00e7\u00e3o cont\u00ednua das cadeias produtivas, com destaque para tr\u00eas delas: mel\u00e3o, uva e manga. A dimens\u00e3o dessa realidade, amparada pela irriga\u00e7\u00e3o e pelas tecnologias que lhe s\u00e3o associadas, \u00e9 estimada quando se constata seu crescimento em poucas d\u00e9cadas. Os avan\u00e7os ressaltam a diversifica\u00e7\u00e3o da produ\u00e7\u00e3o, que tornou a fruticultura do Semi\u00e1rido competitiva diante do mercado nacional e internacional, trazendo um crescimento fant\u00e1stico para alguns p\u00f3los de irriga\u00e7\u00e3o no Nordeste.<\/p>\n<p style=\"font-weight: 400;\">Hoje, a fruticultura irrigada est\u00e1 consolidada no Vale do S\u00e3o Francisco, em Petrolina (PE), Juazeiro (BA) e munic\u00edpios do entorno; no p\u00f3lo Assu-Mossor\u00f3, no Rio Grande do Norte, e tamb\u00e9m em polos do Cear\u00e1 e de outras microrregi\u00f5es da Bahia. O mundo reconhece a qualidade da fruta brasileira que \u00e9 exportada, sendo um diferencial da capacidade produtiva da regi\u00e3o Nordeste. Isso tudo apresenta o amplo potencial para aprimorar, crescer e tornar o Semi\u00e1rido ainda mais importante para a economia nacional.<\/p>\n<p style=\"font-weight: 400;\">Mesmo nas regi\u00f5es dependentes de chuva, tem-se uma agricultura din\u00e2mica e, ao mesmo tempo, limitada pelos ciclos de chuva. O principal desafio, nesse caso, \u00e9 a pr\u00f3pria indisponibilidade de \u00e1gua, que imp\u00f5e o planejamento da produ\u00e7\u00e3o e a necessidade de ado\u00e7\u00e3o de estrat\u00e9gias de armazenamento e de uso dessa \u00e1gua para torn\u00e1-la dispon\u00edvel por mais tempo.<\/p>\n<p style=\"font-weight: 400;\">S\u00e3o, dessa forma, desafios que t\u00eam escalas diferentes quando se considera as atividades da agricultura irrigada e os trabalhos desenvolvidos para a agricultura dependente de chuva, em que o fator \u00e1gua \u00e9 o determinante de sucesso para a produ\u00e7\u00e3o. Para que o per\u00edodo de disponibilidade dessa \u00e1gua possa ser estendido, \u00e9 preciso planejar e atrelar tecnologias de capta\u00e7\u00e3o para suplementar as limita\u00e7\u00f5es h\u00eddricas ao longo da produ\u00e7\u00e3o, em culturas como o feij\u00e3o-caupi, milho, mandioca e outras que refletem a diversidade de alimentos que a regi\u00e3o Nordeste \u00e9 capaz de produzir e disponibilizar para o resto do pa\u00eds.<\/p>\n<p style=\"font-weight: 400;\">O risco de perda de safras, em fun\u00e7\u00e3o da ocorr\u00eancia de ciclos de seca da regi\u00e3o, \u00e9 alt\u00edssimo, mas, com estrat\u00e9gias e com pol\u00edticas adequadas \u00e9 poss\u00edvel ameniz\u00e1-los e ampliar a import\u00e2ncia da regi\u00e3o para agricultura brasileira nas suas diferentes possibilidades e extratos sociais, fortalecendo as unidades familiares e as empresas absorvedoras de m\u00e3o-de-obra.<\/p>\n<p><strong>*Maria Auxiliadora Co\u00ealho, Chefe-geral da Embrapa Semi\u00e1rido<\/strong><\/p>\n<p>Contatos para a imprensa<\/p>\n<p><a href=\"mailto:semiarido.imprensa@embrapa.br\">semiarido.imprensa@embrapa.br<\/a><\/p>\n","protected":false},"excerpt":{"rendered":"<p>Maria Auxiliadora Co\u00ealho* O Semi\u00e1rido brasileiro tem caracter\u00edsticas muito desafiadoras. A maioria dos seus munic\u00edpios apresenta pluviosidade inferior a 800 mm anuais. A evapotranspira\u00e7\u00e3o \u00e9, em m\u00e9dia, de 2000 mm ao ano, superando a precipita\u00e7\u00e3o em praticamente tr\u00eas vezes. Nessa perspectiva, \u00e9 poss\u00edvel analisar o tamanho do desafio que \u00e9 promover o desenvolvimento da agropecu\u00e1ria na regi\u00e3o. O compromisso de contribuir para uma realidade produtiva que permita evolu\u00e7\u00e3o nos indicadores socioecon\u00f4micos atuais impulsiona a pesquisa para o desenvolvimento de solu\u00e7\u00f5es tecnol\u00f3gicas adaptadas \u00e0 condi\u00e7\u00e3o local, gerando incrementos de produtividade e oportunidade de renda. Na regi\u00e3o, convivem duas agropecu\u00e1rias: uma tipicamente dependente de chuva e outra que utiliza a irriga\u00e7\u00e3o das \u00e1guas do Rio S\u00e3o Francisco como motor que impulsiona a&hellip; <\/p>\n","protected":false},"author":2,"featured_media":217705,"comment_status":"open","ping_status":"open","sticky":false,"template":"","format":"standard","meta":{"_acf_changed":false,"footnotes":""},"categories":[30],"tags":[],"class_list":["post-343065","post","type-post","status-publish","format-standard","has-post-thumbnail","hentry","category-artigo"],"acf":[],"yoast_head":"<!-- This site is optimized with the Yoast SEO plugin v27.4 - https:\/\/yoast.com\/product\/yoast-seo-wordpress\/ -->\n<title>Potencialidades do Semi\u00e1rido para a agricultura brasileira - Blog do Farn\u00e9sio<\/title>\n<meta name=\"robots\" content=\"index, follow, max-snippet:-1, max-image-preview:large, max-video-preview:-1\" \/>\n<link rel=\"canonical\" href=\"https:\/\/blogdofarnesio.com.br\/?p=343065\" \/>\n<meta property=\"og:locale\" content=\"pt_BR\" \/>\n<meta property=\"og:type\" content=\"article\" \/>\n<meta property=\"og:title\" content=\"Potencialidades do Semi\u00e1rido para a agricultura brasileira - Blog do Farn\u00e9sio\" \/>\n<meta property=\"og:description\" content=\"Maria Auxiliadora Co\u00ealho* O Semi\u00e1rido brasileiro tem caracter\u00edsticas muito desafiadoras. A maioria dos seus munic\u00edpios apresenta pluviosidade inferior a 800 mm anuais. A evapotranspira\u00e7\u00e3o \u00e9, em m\u00e9dia, de 2000 mm ao ano, superando a precipita\u00e7\u00e3o em praticamente tr\u00eas vezes. Nessa perspectiva, \u00e9 poss\u00edvel analisar o tamanho do desafio que \u00e9 promover o desenvolvimento da agropecu\u00e1ria na regi\u00e3o. O compromisso de contribuir para uma realidade produtiva que permita evolu\u00e7\u00e3o nos indicadores socioecon\u00f4micos atuais impulsiona a pesquisa para o desenvolvimento de solu\u00e7\u00f5es tecnol\u00f3gicas adaptadas \u00e0 condi\u00e7\u00e3o local, gerando incrementos de produtividade e oportunidade de renda. Na regi\u00e3o, convivem duas agropecu\u00e1rias: uma tipicamente dependente de chuva e outra que utiliza a irriga\u00e7\u00e3o das \u00e1guas do Rio S\u00e3o Francisco como motor que impulsiona a&hellip;\" \/>\n<meta property=\"og:url\" content=\"https:\/\/blogdofarnesio.com.br\/?p=343065\" \/>\n<meta property=\"og:site_name\" content=\"Blog do Farn\u00e9sio\" \/>\n<meta property=\"article:publisher\" content=\"https:\/\/www.facebook.com\/BlogQuerSaberPolitica\/\" \/>\n<meta property=\"article:author\" content=\"https:\/\/www.facebook.com\/?ref=tn_tnmn\" \/>\n<meta property=\"article:published_time\" content=\"2023-06-15T14:04:13+00:00\" \/>\n<meta property=\"og:image\" content=\"https:\/\/blogdofarnesio.com.br\/wp-content\/uploads\/2018\/12\/blogqspagricultura-G-SAFRA.jpg\" \/>\n\t<meta property=\"og:image:width\" content=\"750\" \/>\n\t<meta property=\"og:image:height\" content=\"500\" \/>\n\t<meta property=\"og:image:type\" content=\"image\/jpeg\" \/>\n<meta name=\"author\" content=\"Farn\u00e9sio\" \/>\n<meta name=\"twitter:card\" content=\"summary_large_image\" \/>\n<meta name=\"twitter:label1\" content=\"Escrito por\" \/>\n\t<meta name=\"twitter:data1\" content=\"Farn\u00e9sio\" \/>\n\t<meta name=\"twitter:label2\" content=\"Est. tempo de leitura\" \/>\n\t<meta name=\"twitter:data2\" content=\"4 minutos\" \/>\n<script type=\"application\/ld+json\" class=\"yoast-schema-graph\">{\"@context\":\"https:\\\/\\\/schema.org\",\"@graph\":[{\"@type\":\"Article\",\"@id\":\"https:\\\/\\\/blogdofarnesio.com.br\\\/?p=343065#article\",\"isPartOf\":{\"@id\":\"https:\\\/\\\/blogdofarnesio.com.br\\\/?p=343065\"},\"author\":{\"name\":\"Farn\u00e9sio\",\"@id\":\"https:\\\/\\\/blogdofarnesio.com.br\\\/#\\\/schema\\\/person\\\/bb9b23ae3ad0609ce8df7b6c9e76824d\"},\"headline\":\"Potencialidades do Semi\u00e1rido para a agricultura brasileira\",\"datePublished\":\"2023-06-15T14:04:13+00:00\",\"mainEntityOfPage\":{\"@id\":\"https:\\\/\\\/blogdofarnesio.com.br\\\/?p=343065\"},\"wordCount\":707,\"commentCount\":0,\"publisher\":{\"@id\":\"https:\\\/\\\/blogdofarnesio.com.br\\\/#organization\"},\"image\":{\"@id\":\"https:\\\/\\\/blogdofarnesio.com.br\\\/?p=343065#primaryimage\"},\"thumbnailUrl\":\"https:\\\/\\\/blogdofarnesio.com.br\\\/wp-content\\\/uploads\\\/2018\\\/12\\\/blogqspagricultura-G-SAFRA.jpg\",\"articleSection\":[\"Artigo\"],\"inLanguage\":\"pt-BR\",\"potentialAction\":[{\"@type\":\"CommentAction\",\"name\":\"Comment\",\"target\":[\"https:\\\/\\\/blogdofarnesio.com.br\\\/?p=343065#respond\"]}]},{\"@type\":\"WebPage\",\"@id\":\"https:\\\/\\\/blogdofarnesio.com.br\\\/?p=343065\",\"url\":\"https:\\\/\\\/blogdofarnesio.com.br\\\/?p=343065\",\"name\":\"Potencialidades do Semi\u00e1rido para a agricultura brasileira - Blog do Farn\u00e9sio\",\"isPartOf\":{\"@id\":\"https:\\\/\\\/blogdofarnesio.com.br\\\/#website\"},\"primaryImageOfPage\":{\"@id\":\"https:\\\/\\\/blogdofarnesio.com.br\\\/?p=343065#primaryimage\"},\"image\":{\"@id\":\"https:\\\/\\\/blogdofarnesio.com.br\\\/?p=343065#primaryimage\"},\"thumbnailUrl\":\"https:\\\/\\\/blogdofarnesio.com.br\\\/wp-content\\\/uploads\\\/2018\\\/12\\\/blogqspagricultura-G-SAFRA.jpg\",\"datePublished\":\"2023-06-15T14:04:13+00:00\",\"breadcrumb\":{\"@id\":\"https:\\\/\\\/blogdofarnesio.com.br\\\/?p=343065#breadcrumb\"},\"inLanguage\":\"pt-BR\",\"potentialAction\":[{\"@type\":\"ReadAction\",\"target\":[\"https:\\\/\\\/blogdofarnesio.com.br\\\/?p=343065\"]}]},{\"@type\":\"ImageObject\",\"inLanguage\":\"pt-BR\",\"@id\":\"https:\\\/\\\/blogdofarnesio.com.br\\\/?p=343065#primaryimage\",\"url\":\"https:\\\/\\\/blogdofarnesio.com.br\\\/wp-content\\\/uploads\\\/2018\\\/12\\\/blogqspagricultura-G-SAFRA.jpg\",\"contentUrl\":\"https:\\\/\\\/blogdofarnesio.com.br\\\/wp-content\\\/uploads\\\/2018\\\/12\\\/blogqspagricultura-G-SAFRA.jpg\",\"width\":750,\"height\":500},{\"@type\":\"BreadcrumbList\",\"@id\":\"https:\\\/\\\/blogdofarnesio.com.br\\\/?p=343065#breadcrumb\",\"itemListElement\":[{\"@type\":\"ListItem\",\"position\":1,\"name\":\"In\u00edcio\",\"item\":\"https:\\\/\\\/blogdofarnesio.com.br\\\/\"},{\"@type\":\"ListItem\",\"position\":2,\"name\":\"Potencialidades do Semi\u00e1rido para a agricultura brasileira\"}]},{\"@type\":\"WebSite\",\"@id\":\"https:\\\/\\\/blogdofarnesio.com.br\\\/#website\",\"url\":\"https:\\\/\\\/blogdofarnesio.com.br\\\/\",\"name\":\"Blog do Farn\u00e9sio\",\"description\":\"Quer Saber Pol\u00edtica?\",\"publisher\":{\"@id\":\"https:\\\/\\\/blogdofarnesio.com.br\\\/#organization\"},\"potentialAction\":[{\"@type\":\"SearchAction\",\"target\":{\"@type\":\"EntryPoint\",\"urlTemplate\":\"https:\\\/\\\/blogdofarnesio.com.br\\\/?s={search_term_string}\"},\"query-input\":{\"@type\":\"PropertyValueSpecification\",\"valueRequired\":true,\"valueName\":\"search_term_string\"}}],\"inLanguage\":\"pt-BR\"},{\"@type\":\"Organization\",\"@id\":\"https:\\\/\\\/blogdofarnesio.com.br\\\/#organization\",\"name\":\"Blog do Farn\u00e9sio\",\"url\":\"https:\\\/\\\/blogdofarnesio.com.br\\\/\",\"logo\":{\"@type\":\"ImageObject\",\"inLanguage\":\"pt-BR\",\"@id\":\"https:\\\/\\\/blogdofarnesio.com.br\\\/#\\\/schema\\\/logo\\\/image\\\/\",\"url\":\"https:\\\/\\\/blogdofarnesio.com.br\\\/wp-content\\\/uploads\\\/2026\\\/03\\\/cropped-logo_new-1.png\",\"contentUrl\":\"https:\\\/\\\/blogdofarnesio.com.br\\\/wp-content\\\/uploads\\\/2026\\\/03\\\/cropped-logo_new-1.png\",\"width\":881,\"height\":685,\"caption\":\"Blog do Farn\u00e9sio\"},\"image\":{\"@id\":\"https:\\\/\\\/blogdofarnesio.com.br\\\/#\\\/schema\\\/logo\\\/image\\\/\"},\"sameAs\":[\"https:\\\/\\\/www.facebook.com\\\/BlogQuerSaberPolitica\\\/\"]},{\"@type\":\"Person\",\"@id\":\"https:\\\/\\\/blogdofarnesio.com.br\\\/#\\\/schema\\\/person\\\/bb9b23ae3ad0609ce8df7b6c9e76824d\",\"name\":\"Farn\u00e9sio\",\"image\":{\"@type\":\"ImageObject\",\"inLanguage\":\"pt-BR\",\"@id\":\"https:\\\/\\\/secure.gravatar.com\\\/avatar\\\/986aa4c61ccdb66f8555bf88fc2a65609d00bcabd4d2d94377a727547345cbca?s=96&d=mm&r=g\",\"url\":\"https:\\\/\\\/secure.gravatar.com\\\/avatar\\\/986aa4c61ccdb66f8555bf88fc2a65609d00bcabd4d2d94377a727547345cbca?s=96&d=mm&r=g\",\"contentUrl\":\"https:\\\/\\\/secure.gravatar.com\\\/avatar\\\/986aa4c61ccdb66f8555bf88fc2a65609d00bcabd4d2d94377a727547345cbca?s=96&d=mm&r=g\",\"caption\":\"Farn\u00e9sio\"},\"description\":\"Radialista blogueiro, chegou a Petrolina\\\/Juazeiro em setembro de 1980, Farn\u00e9sio Silva \u00e9 de Arapiraca-Alagoas.\",\"sameAs\":[\"http:\\\/\\\/blogdofarnesio.com.br\",\"https:\\\/\\\/www.facebook.com\\\/?ref=tn_tnmn\",\"https:\\\/\\\/www.instagram.com\\\/?utm_source=pwa_homescreen\",\"https:\\\/\\\/youtube.com.br\\\/\"],\"url\":\"https:\\\/\\\/blogdofarnesio.com.br\\\/?author=2\"}]}<\/script>\n<!-- \/ Yoast SEO plugin. -->","yoast_head_json":{"title":"Potencialidades do Semi\u00e1rido para a agricultura brasileira - Blog do Farn\u00e9sio","robots":{"index":"index","follow":"follow","max-snippet":"max-snippet:-1","max-image-preview":"max-image-preview:large","max-video-preview":"max-video-preview:-1"},"canonical":"https:\/\/blogdofarnesio.com.br\/?p=343065","og_locale":"pt_BR","og_type":"article","og_title":"Potencialidades do Semi\u00e1rido para a agricultura brasileira - Blog do Farn\u00e9sio","og_description":"Maria Auxiliadora Co\u00ealho* O Semi\u00e1rido brasileiro tem caracter\u00edsticas muito desafiadoras. A maioria dos seus munic\u00edpios apresenta pluviosidade inferior a 800 mm anuais. A evapotranspira\u00e7\u00e3o \u00e9, em m\u00e9dia, de 2000 mm ao ano, superando a precipita\u00e7\u00e3o em praticamente tr\u00eas vezes. Nessa perspectiva, \u00e9 poss\u00edvel analisar o tamanho do desafio que \u00e9 promover o desenvolvimento da agropecu\u00e1ria na regi\u00e3o. O compromisso de contribuir para uma realidade produtiva que permita evolu\u00e7\u00e3o nos indicadores socioecon\u00f4micos atuais impulsiona a pesquisa para o desenvolvimento de solu\u00e7\u00f5es tecnol\u00f3gicas adaptadas \u00e0 condi\u00e7\u00e3o local, gerando incrementos de produtividade e oportunidade de renda. Na regi\u00e3o, convivem duas agropecu\u00e1rias: uma tipicamente dependente de chuva e outra que utiliza a irriga\u00e7\u00e3o das \u00e1guas do Rio S\u00e3o Francisco como motor que impulsiona a&hellip;","og_url":"https:\/\/blogdofarnesio.com.br\/?p=343065","og_site_name":"Blog do Farn\u00e9sio","article_publisher":"https:\/\/www.facebook.com\/BlogQuerSaberPolitica\/","article_author":"https:\/\/www.facebook.com\/?ref=tn_tnmn","article_published_time":"2023-06-15T14:04:13+00:00","og_image":[{"width":750,"height":500,"url":"https:\/\/blogdofarnesio.com.br\/wp-content\/uploads\/2018\/12\/blogqspagricultura-G-SAFRA.jpg","type":"image\/jpeg"}],"author":"Farn\u00e9sio","twitter_card":"summary_large_image","twitter_misc":{"Escrito por":"Farn\u00e9sio","Est. tempo de leitura":"4 minutos"},"schema":{"@context":"https:\/\/schema.org","@graph":[{"@type":"Article","@id":"https:\/\/blogdofarnesio.com.br\/?p=343065#article","isPartOf":{"@id":"https:\/\/blogdofarnesio.com.br\/?p=343065"},"author":{"name":"Farn\u00e9sio","@id":"https:\/\/blogdofarnesio.com.br\/#\/schema\/person\/bb9b23ae3ad0609ce8df7b6c9e76824d"},"headline":"Potencialidades do Semi\u00e1rido para a agricultura brasileira","datePublished":"2023-06-15T14:04:13+00:00","mainEntityOfPage":{"@id":"https:\/\/blogdofarnesio.com.br\/?p=343065"},"wordCount":707,"commentCount":0,"publisher":{"@id":"https:\/\/blogdofarnesio.com.br\/#organization"},"image":{"@id":"https:\/\/blogdofarnesio.com.br\/?p=343065#primaryimage"},"thumbnailUrl":"https:\/\/blogdofarnesio.com.br\/wp-content\/uploads\/2018\/12\/blogqspagricultura-G-SAFRA.jpg","articleSection":["Artigo"],"inLanguage":"pt-BR","potentialAction":[{"@type":"CommentAction","name":"Comment","target":["https:\/\/blogdofarnesio.com.br\/?p=343065#respond"]}]},{"@type":"WebPage","@id":"https:\/\/blogdofarnesio.com.br\/?p=343065","url":"https:\/\/blogdofarnesio.com.br\/?p=343065","name":"Potencialidades do Semi\u00e1rido para a agricultura brasileira - Blog do Farn\u00e9sio","isPartOf":{"@id":"https:\/\/blogdofarnesio.com.br\/#website"},"primaryImageOfPage":{"@id":"https:\/\/blogdofarnesio.com.br\/?p=343065#primaryimage"},"image":{"@id":"https:\/\/blogdofarnesio.com.br\/?p=343065#primaryimage"},"thumbnailUrl":"https:\/\/blogdofarnesio.com.br\/wp-content\/uploads\/2018\/12\/blogqspagricultura-G-SAFRA.jpg","datePublished":"2023-06-15T14:04:13+00:00","breadcrumb":{"@id":"https:\/\/blogdofarnesio.com.br\/?p=343065#breadcrumb"},"inLanguage":"pt-BR","potentialAction":[{"@type":"ReadAction","target":["https:\/\/blogdofarnesio.com.br\/?p=343065"]}]},{"@type":"ImageObject","inLanguage":"pt-BR","@id":"https:\/\/blogdofarnesio.com.br\/?p=343065#primaryimage","url":"https:\/\/blogdofarnesio.com.br\/wp-content\/uploads\/2018\/12\/blogqspagricultura-G-SAFRA.jpg","contentUrl":"https:\/\/blogdofarnesio.com.br\/wp-content\/uploads\/2018\/12\/blogqspagricultura-G-SAFRA.jpg","width":750,"height":500},{"@type":"BreadcrumbList","@id":"https:\/\/blogdofarnesio.com.br\/?p=343065#breadcrumb","itemListElement":[{"@type":"ListItem","position":1,"name":"In\u00edcio","item":"https:\/\/blogdofarnesio.com.br\/"},{"@type":"ListItem","position":2,"name":"Potencialidades do Semi\u00e1rido para a agricultura brasileira"}]},{"@type":"WebSite","@id":"https:\/\/blogdofarnesio.com.br\/#website","url":"https:\/\/blogdofarnesio.com.br\/","name":"Blog do Farn\u00e9sio","description":"Quer Saber Pol\u00edtica?","publisher":{"@id":"https:\/\/blogdofarnesio.com.br\/#organization"},"potentialAction":[{"@type":"SearchAction","target":{"@type":"EntryPoint","urlTemplate":"https:\/\/blogdofarnesio.com.br\/?s={search_term_string}"},"query-input":{"@type":"PropertyValueSpecification","valueRequired":true,"valueName":"search_term_string"}}],"inLanguage":"pt-BR"},{"@type":"Organization","@id":"https:\/\/blogdofarnesio.com.br\/#organization","name":"Blog do Farn\u00e9sio","url":"https:\/\/blogdofarnesio.com.br\/","logo":{"@type":"ImageObject","inLanguage":"pt-BR","@id":"https:\/\/blogdofarnesio.com.br\/#\/schema\/logo\/image\/","url":"https:\/\/blogdofarnesio.com.br\/wp-content\/uploads\/2026\/03\/cropped-logo_new-1.png","contentUrl":"https:\/\/blogdofarnesio.com.br\/wp-content\/uploads\/2026\/03\/cropped-logo_new-1.png","width":881,"height":685,"caption":"Blog do Farn\u00e9sio"},"image":{"@id":"https:\/\/blogdofarnesio.com.br\/#\/schema\/logo\/image\/"},"sameAs":["https:\/\/www.facebook.com\/BlogQuerSaberPolitica\/"]},{"@type":"Person","@id":"https:\/\/blogdofarnesio.com.br\/#\/schema\/person\/bb9b23ae3ad0609ce8df7b6c9e76824d","name":"Farn\u00e9sio","image":{"@type":"ImageObject","inLanguage":"pt-BR","@id":"https:\/\/secure.gravatar.com\/avatar\/986aa4c61ccdb66f8555bf88fc2a65609d00bcabd4d2d94377a727547345cbca?s=96&d=mm&r=g","url":"https:\/\/secure.gravatar.com\/avatar\/986aa4c61ccdb66f8555bf88fc2a65609d00bcabd4d2d94377a727547345cbca?s=96&d=mm&r=g","contentUrl":"https:\/\/secure.gravatar.com\/avatar\/986aa4c61ccdb66f8555bf88fc2a65609d00bcabd4d2d94377a727547345cbca?s=96&d=mm&r=g","caption":"Farn\u00e9sio"},"description":"Radialista blogueiro, chegou a Petrolina\/Juazeiro em setembro de 1980, Farn\u00e9sio Silva \u00e9 de Arapiraca-Alagoas.","sameAs":["http:\/\/blogdofarnesio.com.br","https:\/\/www.facebook.com\/?ref=tn_tnmn","https:\/\/www.instagram.com\/?utm_source=pwa_homescreen","https:\/\/youtube.com.br\/"],"url":"https:\/\/blogdofarnesio.com.br\/?author=2"}]}},"_links":{"self":[{"href":"https:\/\/blogdofarnesio.com.br\/index.php?rest_route=\/wp\/v2\/posts\/343065","targetHints":{"allow":["GET"]}}],"collection":[{"href":"https:\/\/blogdofarnesio.com.br\/index.php?rest_route=\/wp\/v2\/posts"}],"about":[{"href":"https:\/\/blogdofarnesio.com.br\/index.php?rest_route=\/wp\/v2\/types\/post"}],"author":[{"embeddable":true,"href":"https:\/\/blogdofarnesio.com.br\/index.php?rest_route=\/wp\/v2\/users\/2"}],"replies":[{"embeddable":true,"href":"https:\/\/blogdofarnesio.com.br\/index.php?rest_route=%2Fwp%2Fv2%2Fcomments&post=343065"}],"version-history":[{"count":0,"href":"https:\/\/blogdofarnesio.com.br\/index.php?rest_route=\/wp\/v2\/posts\/343065\/revisions"}],"wp:featuredmedia":[{"embeddable":true,"href":"https:\/\/blogdofarnesio.com.br\/index.php?rest_route=\/wp\/v2\/media\/217705"}],"wp:attachment":[{"href":"https:\/\/blogdofarnesio.com.br\/index.php?rest_route=%2Fwp%2Fv2%2Fmedia&parent=343065"}],"wp:term":[{"taxonomy":"category","embeddable":true,"href":"https:\/\/blogdofarnesio.com.br\/index.php?rest_route=%2Fwp%2Fv2%2Fcategories&post=343065"},{"taxonomy":"post_tag","embeddable":true,"href":"https:\/\/blogdofarnesio.com.br\/index.php?rest_route=%2Fwp%2Fv2%2Ftags&post=343065"}],"curies":[{"name":"wp","href":"https:\/\/api.w.org\/{rel}","templated":true}]}}