{"id":343049,"date":"2023-06-14T17:25:20","date_gmt":"2023-06-14T20:25:20","guid":{"rendered":"https:\/\/blogdofarnesio.com.br\/?p=343049"},"modified":"2023-06-14T16:41:11","modified_gmt":"2023-06-14T19:41:11","slug":"monte-santo-deputado-repudia-briga-politica-que-deixou-homem-baleado-e-critica-gestao-da-prefeita","status":"publish","type":"post","link":"https:\/\/blogdofarnesio.com.br\/?p=343049","title":{"rendered":"Monte Santo: deputado repudia briga pol\u00edtica que deixou homem baleado e critica gest\u00e3o da prefeita"},"content":{"rendered":"<div class=\"sc-45a20580-0 bByZds\">\n<div class=\"sc-45a20580-1 daIHgz\">\n<div><\/div>\n<\/div>\n<\/div>\n<div class=\"sc-da6135f6-0 dSVSoU\">\n<article class=\"sc-da6135f6-1 ZNJXs\"><em><strong>IRM\u00c3O DA PREFEITA EST\u00c1 FORAGIDO<\/strong><\/em><\/p>\n<p>O deputado estadual Larte do Vando (PSC) lamentou a<a href=\"https:\/\/www.portalsalvadorfm.com.br\/noticias\/116914,briga-politica-acaba-com-uma-pessoa-gravemente-ferida-no-norte-da-bahia\" target=\"_blank\" rel=\"noopener\">\u00a0briga pol\u00edtica que acabou com um homem ferido com dois tiros, no \u00faltimo domingo (11), na cidade de Monte Santo<\/a>, terra natal do parlamentar. O principal suspeito do crime \u00e9 Josu\u00e9 Matos, irm\u00e3o da prefeita Silvana Matos (PSB), advers\u00e1ria pol\u00edtica do deputado.<\/p>\n<p>&#8220;Eu n\u00e3o posso julgar porque ainda est\u00e1 em fase de investiga\u00e7\u00e3o [&#8230;] Mas, foi um epis\u00f3dio lament\u00e1vel. A pol\u00edtica nos dias de hoje, acho que esse modo precisa ser mudado. N\u00e3o \u00e9 dessa forma que deve ser conduzida as coisas. Tem que se buscar a paz&#8221;, opinou o parlamentar.<\/p>\n<p>Ainda segundo Laerte, a v\u00edtima, que votou na prefeita no pleito de 2020, tem feito cr\u00edticas constantes \u00e0 gest\u00e3o de Silv\u00e2nia Matos. &#8220;Esse rapaz que foi baleado fazia seguran\u00e7a da pr\u00f3pria pefeita na \u00e9poca da campanha. Ele sempre fez parte do grupo dela. J\u00e1 vinha h\u00e1 algum tempo demonstrando insatisfa\u00e7\u00e3o com a gest\u00e3o dela&#8221;, revelou o parlamentar que tamb\u00e9m teceu cr\u00edticas \u00e0 administra\u00e7\u00e3o da gestora municipal.<\/p>\n<p>&#8220;Existem algumas \u00e1reas que possuem uma extrema defici\u00eancia na cidade. O servi\u00e7o de sa\u00fade em nosso munic\u00edpio, por exemplo, \u00e9 muito prec\u00e1rio. Temos not\u00edcias de p\u00e9ssimos servi\u00e7os prestados no hospital. No in\u00edcio do ano, v\u00e1rios postos de sa\u00fade estavam fechados, o que foi alvo de muitas reclama\u00e7\u00f5es por parte da popula\u00e7\u00e3o&#8221;, frisou.<\/p>\n<p>Questionado sobre as elei\u00e7\u00f5es municipais do ano que vem, Larte declarou que o seu grupo pol\u00edtico deve lan\u00e7ar um candidato para disputar a prefeitura de Monte Santo.<\/p>\n<p>&#8220;Nosso grupo vai ter um candidato, provavelmente o meu tio Everaldo, que j\u00e1 foi prefeito. Estamos avaliando tamb\u00e9m outros nomes e o grupo \u00e9 quem decide. Temos que ouvir as pessoas, as lideran\u00e7as para tomarmos a decis\u00e3o mais correta, de acordo com o que a popula\u00e7\u00e3o mais anseia&#8221;, disse.<\/p>\n<p><strong>O que diz a prefeita<\/strong><\/p>\n<p>Em nota,<a href=\"https:\/\/www.portalsalvadorfm.com.br\/noticias\/116961,prefeita-de-monte-santo-sai-em-defesa-do-irmao-que-atirou-contra-homem-apos-briga-politica\" target=\"_blank\" rel=\"noopener\">\u00a0Silv\u00e2nia Matos disse que o irm\u00e3o agiu em &#8220;leg\u00edtima defesa&#8221;<\/a>. Segundo a socialista, a a\u00e7\u00e3o foi o meio necess\u00e1rio para repelir a atitude da v\u00edtima. A alega\u00e7\u00e3o dela foi a de que Josu\u00e9 estava estava retornando da zona rural quando avistou Gilvan, na esquina de sua casa, com uma arma de fogo apontando em sua dire\u00e7\u00e3o. Diante da suposta amea\u00e7a, Josu\u00e9 atirou.<\/p>\n<p>Ainda conforme a prefeita, ao contr\u00e1rio que foi informado, o epis\u00f3dio n\u00e3o teve liga\u00e7\u00e3o com a pol\u00edtica local e enfatizou que Josu\u00e9 Matos preservou a &#8220;pr\u00f3pria integridade&#8221;.<\/p>\n<p>\u201cGilvan vinha reiteradamente proferindo diversas amea\u00e7as \u00e0 prefeita, ao presidente da C\u00e2mara, Bira do Valtinho, e aos demais integrantes do grupo pol\u00edtico liderado pela prefeita, chegando a afirmar que \u2018a prefeita subiria ao palco no dia 28 [data da tradicional festa de S\u00e3o Pedro, no Povoado de Lagoa das Pedras], mas n\u00e3o desceria&#8217;\u201d, diz um trecho de nota.<\/p>\n<\/article>\n<\/div>\n","protected":false},"excerpt":{"rendered":"<p>IRM\u00c3O DA PREFEITA EST\u00c1 FORAGIDO O deputado estadual Larte do Vando (PSC) lamentou a\u00a0briga pol\u00edtica que acabou com um homem ferido com dois tiros, no \u00faltimo domingo (11), na cidade de Monte Santo, terra natal do parlamentar. O principal suspeito do crime \u00e9 Josu\u00e9 Matos, irm\u00e3o da prefeita Silvana Matos (PSB), advers\u00e1ria pol\u00edtica do deputado. &#8220;Eu n\u00e3o posso julgar porque ainda est\u00e1 em fase de investiga\u00e7\u00e3o [&#8230;] Mas, foi um epis\u00f3dio lament\u00e1vel. A pol\u00edtica nos dias de hoje, acho que esse modo precisa ser mudado. N\u00e3o \u00e9 dessa forma que deve ser conduzida as coisas. Tem que se buscar a paz&#8221;, opinou o parlamentar. Ainda segundo Laerte, a v\u00edtima, que votou na prefeita no pleito de 2020, tem feito cr\u00edticas&hellip; <\/p>\n","protected":false},"author":2,"featured_media":343050,"comment_status":"open","ping_status":"open","sticky":false,"template":"","format":"standard","meta":{"_acf_changed":false,"footnotes":""},"categories":[27],"tags":[],"class_list":["post-343049","post","type-post","status-publish","format-standard","has-post-thumbnail","hentry","category-cidades"],"acf":[],"yoast_head":"<!-- This site is optimized with the Yoast SEO plugin v27.4 - https:\/\/yoast.com\/product\/yoast-seo-wordpress\/ -->\n<title>Monte Santo: deputado repudia briga pol\u00edtica que deixou homem baleado e critica gest\u00e3o da prefeita - Blog do Farn\u00e9sio<\/title>\n<meta name=\"robots\" content=\"index, follow, max-snippet:-1, max-image-preview:large, max-video-preview:-1\" \/>\n<link rel=\"canonical\" href=\"https:\/\/blogdofarnesio.com.br\/?p=343049\" \/>\n<meta property=\"og:locale\" content=\"pt_BR\" \/>\n<meta property=\"og:type\" content=\"article\" \/>\n<meta property=\"og:title\" content=\"Monte Santo: deputado repudia briga pol\u00edtica que deixou homem baleado e critica gest\u00e3o da prefeita - Blog do Farn\u00e9sio\" \/>\n<meta property=\"og:description\" content=\"IRM\u00c3O DA PREFEITA EST\u00c1 FORAGIDO O deputado estadual Larte do Vando (PSC) lamentou a\u00a0briga pol\u00edtica que acabou com um homem ferido com dois tiros, no \u00faltimo domingo (11), na cidade de Monte Santo, terra natal do parlamentar. O principal suspeito do crime \u00e9 Josu\u00e9 Matos, irm\u00e3o da prefeita Silvana Matos (PSB), advers\u00e1ria pol\u00edtica do deputado. &#8220;Eu n\u00e3o posso julgar porque ainda est\u00e1 em fase de investiga\u00e7\u00e3o [&#8230;] Mas, foi um epis\u00f3dio lament\u00e1vel. A pol\u00edtica nos dias de hoje, acho que esse modo precisa ser mudado. N\u00e3o \u00e9 dessa forma que deve ser conduzida as coisas. Tem que se buscar a paz&#8221;, opinou o parlamentar. Ainda segundo Laerte, a v\u00edtima, que votou na prefeita no pleito de 2020, tem feito cr\u00edticas&hellip;\" \/>\n<meta property=\"og:url\" content=\"https:\/\/blogdofarnesio.com.br\/?p=343049\" \/>\n<meta property=\"og:site_name\" content=\"Blog do Farn\u00e9sio\" \/>\n<meta property=\"article:publisher\" content=\"https:\/\/www.facebook.com\/BlogQuerSaberPolitica\/\" \/>\n<meta property=\"article:author\" content=\"https:\/\/www.facebook.com\/?ref=tn_tnmn\" \/>\n<meta property=\"article:published_time\" content=\"2023-06-14T20:25:20+00:00\" \/>\n<meta property=\"og:image\" content=\"https:\/\/blogdofarnesio.com.br\/wp-content\/uploads\/2023\/06\/blogqspdeputado-estadual-Larte-do-Vando-PSC-e1686771632191.jpg\" \/>\n\t<meta property=\"og:image:width\" content=\"650\" \/>\n\t<meta property=\"og:image:height\" content=\"416\" \/>\n\t<meta property=\"og:image:type\" content=\"image\/jpeg\" \/>\n<meta name=\"author\" content=\"Farn\u00e9sio\" \/>\n<meta name=\"twitter:card\" content=\"summary_large_image\" \/>\n<meta name=\"twitter:label1\" content=\"Escrito por\" \/>\n\t<meta name=\"twitter:data1\" content=\"Farn\u00e9sio\" \/>\n\t<meta name=\"twitter:label2\" content=\"Est. tempo de leitura\" \/>\n\t<meta name=\"twitter:data2\" content=\"3 minutos\" \/>\n<script type=\"application\/ld+json\" class=\"yoast-schema-graph\">{\"@context\":\"https:\\\/\\\/schema.org\",\"@graph\":[{\"@type\":\"Article\",\"@id\":\"https:\\\/\\\/blogdofarnesio.com.br\\\/?p=343049#article\",\"isPartOf\":{\"@id\":\"https:\\\/\\\/blogdofarnesio.com.br\\\/?p=343049\"},\"author\":{\"name\":\"Farn\u00e9sio\",\"@id\":\"https:\\\/\\\/blogdofarnesio.com.br\\\/#\\\/schema\\\/person\\\/bb9b23ae3ad0609ce8df7b6c9e76824d\"},\"headline\":\"Monte Santo: deputado repudia briga pol\u00edtica que deixou homem baleado e critica gest\u00e3o da prefeita\",\"datePublished\":\"2023-06-14T20:25:20+00:00\",\"mainEntityOfPage\":{\"@id\":\"https:\\\/\\\/blogdofarnesio.com.br\\\/?p=343049\"},\"wordCount\":521,\"commentCount\":0,\"publisher\":{\"@id\":\"https:\\\/\\\/blogdofarnesio.com.br\\\/#organization\"},\"image\":{\"@id\":\"https:\\\/\\\/blogdofarnesio.com.br\\\/?p=343049#primaryimage\"},\"thumbnailUrl\":\"https:\\\/\\\/blogdofarnesio.com.br\\\/wp-content\\\/uploads\\\/2023\\\/06\\\/blogqspdeputado-estadual-Larte-do-Vando-PSC-e1686771632191.jpg\",\"articleSection\":[\"Cidades\"],\"inLanguage\":\"pt-BR\",\"potentialAction\":[{\"@type\":\"CommentAction\",\"name\":\"Comment\",\"target\":[\"https:\\\/\\\/blogdofarnesio.com.br\\\/?p=343049#respond\"]}]},{\"@type\":\"WebPage\",\"@id\":\"https:\\\/\\\/blogdofarnesio.com.br\\\/?p=343049\",\"url\":\"https:\\\/\\\/blogdofarnesio.com.br\\\/?p=343049\",\"name\":\"Monte Santo: deputado repudia briga pol\u00edtica que deixou homem baleado e critica gest\u00e3o da prefeita - Blog do Farn\u00e9sio\",\"isPartOf\":{\"@id\":\"https:\\\/\\\/blogdofarnesio.com.br\\\/#website\"},\"primaryImageOfPage\":{\"@id\":\"https:\\\/\\\/blogdofarnesio.com.br\\\/?p=343049#primaryimage\"},\"image\":{\"@id\":\"https:\\\/\\\/blogdofarnesio.com.br\\\/?p=343049#primaryimage\"},\"thumbnailUrl\":\"https:\\\/\\\/blogdofarnesio.com.br\\\/wp-content\\\/uploads\\\/2023\\\/06\\\/blogqspdeputado-estadual-Larte-do-Vando-PSC-e1686771632191.jpg\",\"datePublished\":\"2023-06-14T20:25:20+00:00\",\"breadcrumb\":{\"@id\":\"https:\\\/\\\/blogdofarnesio.com.br\\\/?p=343049#breadcrumb\"},\"inLanguage\":\"pt-BR\",\"potentialAction\":[{\"@type\":\"ReadAction\",\"target\":[\"https:\\\/\\\/blogdofarnesio.com.br\\\/?p=343049\"]}]},{\"@type\":\"ImageObject\",\"inLanguage\":\"pt-BR\",\"@id\":\"https:\\\/\\\/blogdofarnesio.com.br\\\/?p=343049#primaryimage\",\"url\":\"https:\\\/\\\/blogdofarnesio.com.br\\\/wp-content\\\/uploads\\\/2023\\\/06\\\/blogqspdeputado-estadual-Larte-do-Vando-PSC-e1686771632191.jpg\",\"contentUrl\":\"https:\\\/\\\/blogdofarnesio.com.br\\\/wp-content\\\/uploads\\\/2023\\\/06\\\/blogqspdeputado-estadual-Larte-do-Vando-PSC-e1686771632191.jpg\",\"width\":650,\"height\":416},{\"@type\":\"BreadcrumbList\",\"@id\":\"https:\\\/\\\/blogdofarnesio.com.br\\\/?p=343049#breadcrumb\",\"itemListElement\":[{\"@type\":\"ListItem\",\"position\":1,\"name\":\"In\u00edcio\",\"item\":\"https:\\\/\\\/blogdofarnesio.com.br\\\/\"},{\"@type\":\"ListItem\",\"position\":2,\"name\":\"Monte Santo: deputado repudia briga pol\u00edtica que deixou homem baleado e critica gest\u00e3o da prefeita\"}]},{\"@type\":\"WebSite\",\"@id\":\"https:\\\/\\\/blogdofarnesio.com.br\\\/#website\",\"url\":\"https:\\\/\\\/blogdofarnesio.com.br\\\/\",\"name\":\"Blog do Farn\u00e9sio\",\"description\":\"Quer Saber Pol\u00edtica?\",\"publisher\":{\"@id\":\"https:\\\/\\\/blogdofarnesio.com.br\\\/#organization\"},\"potentialAction\":[{\"@type\":\"SearchAction\",\"target\":{\"@type\":\"EntryPoint\",\"urlTemplate\":\"https:\\\/\\\/blogdofarnesio.com.br\\\/?s={search_term_string}\"},\"query-input\":{\"@type\":\"PropertyValueSpecification\",\"valueRequired\":true,\"valueName\":\"search_term_string\"}}],\"inLanguage\":\"pt-BR\"},{\"@type\":\"Organization\",\"@id\":\"https:\\\/\\\/blogdofarnesio.com.br\\\/#organization\",\"name\":\"Blog do Farn\u00e9sio\",\"url\":\"https:\\\/\\\/blogdofarnesio.com.br\\\/\",\"logo\":{\"@type\":\"ImageObject\",\"inLanguage\":\"pt-BR\",\"@id\":\"https:\\\/\\\/blogdofarnesio.com.br\\\/#\\\/schema\\\/logo\\\/image\\\/\",\"url\":\"https:\\\/\\\/blogdofarnesio.com.br\\\/wp-content\\\/uploads\\\/2026\\\/03\\\/cropped-logo_new-1.png\",\"contentUrl\":\"https:\\\/\\\/blogdofarnesio.com.br\\\/wp-content\\\/uploads\\\/2026\\\/03\\\/cropped-logo_new-1.png\",\"width\":881,\"height\":685,\"caption\":\"Blog do Farn\u00e9sio\"},\"image\":{\"@id\":\"https:\\\/\\\/blogdofarnesio.com.br\\\/#\\\/schema\\\/logo\\\/image\\\/\"},\"sameAs\":[\"https:\\\/\\\/www.facebook.com\\\/BlogQuerSaberPolitica\\\/\"]},{\"@type\":\"Person\",\"@id\":\"https:\\\/\\\/blogdofarnesio.com.br\\\/#\\\/schema\\\/person\\\/bb9b23ae3ad0609ce8df7b6c9e76824d\",\"name\":\"Farn\u00e9sio\",\"image\":{\"@type\":\"ImageObject\",\"inLanguage\":\"pt-BR\",\"@id\":\"https:\\\/\\\/secure.gravatar.com\\\/avatar\\\/986aa4c61ccdb66f8555bf88fc2a65609d00bcabd4d2d94377a727547345cbca?s=96&d=mm&r=g\",\"url\":\"https:\\\/\\\/secure.gravatar.com\\\/avatar\\\/986aa4c61ccdb66f8555bf88fc2a65609d00bcabd4d2d94377a727547345cbca?s=96&d=mm&r=g\",\"contentUrl\":\"https:\\\/\\\/secure.gravatar.com\\\/avatar\\\/986aa4c61ccdb66f8555bf88fc2a65609d00bcabd4d2d94377a727547345cbca?s=96&d=mm&r=g\",\"caption\":\"Farn\u00e9sio\"},\"description\":\"Radialista blogueiro, chegou a Petrolina\\\/Juazeiro em setembro de 1980, Farn\u00e9sio Silva \u00e9 de Arapiraca-Alagoas.\",\"sameAs\":[\"http:\\\/\\\/blogdofarnesio.com.br\",\"https:\\\/\\\/www.facebook.com\\\/?ref=tn_tnmn\",\"https:\\\/\\\/www.instagram.com\\\/?utm_source=pwa_homescreen\",\"https:\\\/\\\/youtube.com.br\\\/\"],\"url\":\"https:\\\/\\\/blogdofarnesio.com.br\\\/?author=2\"}]}<\/script>\n<!-- \/ Yoast SEO plugin. -->","yoast_head_json":{"title":"Monte Santo: deputado repudia briga pol\u00edtica que deixou homem baleado e critica gest\u00e3o da prefeita - Blog do Farn\u00e9sio","robots":{"index":"index","follow":"follow","max-snippet":"max-snippet:-1","max-image-preview":"max-image-preview:large","max-video-preview":"max-video-preview:-1"},"canonical":"https:\/\/blogdofarnesio.com.br\/?p=343049","og_locale":"pt_BR","og_type":"article","og_title":"Monte Santo: deputado repudia briga pol\u00edtica que deixou homem baleado e critica gest\u00e3o da prefeita - Blog do Farn\u00e9sio","og_description":"IRM\u00c3O DA PREFEITA EST\u00c1 FORAGIDO O deputado estadual Larte do Vando (PSC) lamentou a\u00a0briga pol\u00edtica que acabou com um homem ferido com dois tiros, no \u00faltimo domingo (11), na cidade de Monte Santo, terra natal do parlamentar. O principal suspeito do crime \u00e9 Josu\u00e9 Matos, irm\u00e3o da prefeita Silvana Matos (PSB), advers\u00e1ria pol\u00edtica do deputado. &#8220;Eu n\u00e3o posso julgar porque ainda est\u00e1 em fase de investiga\u00e7\u00e3o [&#8230;] Mas, foi um epis\u00f3dio lament\u00e1vel. A pol\u00edtica nos dias de hoje, acho que esse modo precisa ser mudado. N\u00e3o \u00e9 dessa forma que deve ser conduzida as coisas. Tem que se buscar a paz&#8221;, opinou o parlamentar. Ainda segundo Laerte, a v\u00edtima, que votou na prefeita no pleito de 2020, tem feito cr\u00edticas&hellip;","og_url":"https:\/\/blogdofarnesio.com.br\/?p=343049","og_site_name":"Blog do Farn\u00e9sio","article_publisher":"https:\/\/www.facebook.com\/BlogQuerSaberPolitica\/","article_author":"https:\/\/www.facebook.com\/?ref=tn_tnmn","article_published_time":"2023-06-14T20:25:20+00:00","og_image":[{"width":650,"height":416,"url":"https:\/\/blogdofarnesio.com.br\/wp-content\/uploads\/2023\/06\/blogqspdeputado-estadual-Larte-do-Vando-PSC-e1686771632191.jpg","type":"image\/jpeg"}],"author":"Farn\u00e9sio","twitter_card":"summary_large_image","twitter_misc":{"Escrito por":"Farn\u00e9sio","Est. tempo de leitura":"3 minutos"},"schema":{"@context":"https:\/\/schema.org","@graph":[{"@type":"Article","@id":"https:\/\/blogdofarnesio.com.br\/?p=343049#article","isPartOf":{"@id":"https:\/\/blogdofarnesio.com.br\/?p=343049"},"author":{"name":"Farn\u00e9sio","@id":"https:\/\/blogdofarnesio.com.br\/#\/schema\/person\/bb9b23ae3ad0609ce8df7b6c9e76824d"},"headline":"Monte Santo: deputado repudia briga pol\u00edtica que deixou homem baleado e critica gest\u00e3o da prefeita","datePublished":"2023-06-14T20:25:20+00:00","mainEntityOfPage":{"@id":"https:\/\/blogdofarnesio.com.br\/?p=343049"},"wordCount":521,"commentCount":0,"publisher":{"@id":"https:\/\/blogdofarnesio.com.br\/#organization"},"image":{"@id":"https:\/\/blogdofarnesio.com.br\/?p=343049#primaryimage"},"thumbnailUrl":"https:\/\/blogdofarnesio.com.br\/wp-content\/uploads\/2023\/06\/blogqspdeputado-estadual-Larte-do-Vando-PSC-e1686771632191.jpg","articleSection":["Cidades"],"inLanguage":"pt-BR","potentialAction":[{"@type":"CommentAction","name":"Comment","target":["https:\/\/blogdofarnesio.com.br\/?p=343049#respond"]}]},{"@type":"WebPage","@id":"https:\/\/blogdofarnesio.com.br\/?p=343049","url":"https:\/\/blogdofarnesio.com.br\/?p=343049","name":"Monte Santo: deputado repudia briga pol\u00edtica que deixou homem baleado e critica gest\u00e3o da prefeita - Blog do Farn\u00e9sio","isPartOf":{"@id":"https:\/\/blogdofarnesio.com.br\/#website"},"primaryImageOfPage":{"@id":"https:\/\/blogdofarnesio.com.br\/?p=343049#primaryimage"},"image":{"@id":"https:\/\/blogdofarnesio.com.br\/?p=343049#primaryimage"},"thumbnailUrl":"https:\/\/blogdofarnesio.com.br\/wp-content\/uploads\/2023\/06\/blogqspdeputado-estadual-Larte-do-Vando-PSC-e1686771632191.jpg","datePublished":"2023-06-14T20:25:20+00:00","breadcrumb":{"@id":"https:\/\/blogdofarnesio.com.br\/?p=343049#breadcrumb"},"inLanguage":"pt-BR","potentialAction":[{"@type":"ReadAction","target":["https:\/\/blogdofarnesio.com.br\/?p=343049"]}]},{"@type":"ImageObject","inLanguage":"pt-BR","@id":"https:\/\/blogdofarnesio.com.br\/?p=343049#primaryimage","url":"https:\/\/blogdofarnesio.com.br\/wp-content\/uploads\/2023\/06\/blogqspdeputado-estadual-Larte-do-Vando-PSC-e1686771632191.jpg","contentUrl":"https:\/\/blogdofarnesio.com.br\/wp-content\/uploads\/2023\/06\/blogqspdeputado-estadual-Larte-do-Vando-PSC-e1686771632191.jpg","width":650,"height":416},{"@type":"BreadcrumbList","@id":"https:\/\/blogdofarnesio.com.br\/?p=343049#breadcrumb","itemListElement":[{"@type":"ListItem","position":1,"name":"In\u00edcio","item":"https:\/\/blogdofarnesio.com.br\/"},{"@type":"ListItem","position":2,"name":"Monte Santo: deputado repudia briga pol\u00edtica que deixou homem baleado e critica gest\u00e3o da prefeita"}]},{"@type":"WebSite","@id":"https:\/\/blogdofarnesio.com.br\/#website","url":"https:\/\/blogdofarnesio.com.br\/","name":"Blog do Farn\u00e9sio","description":"Quer Saber Pol\u00edtica?","publisher":{"@id":"https:\/\/blogdofarnesio.com.br\/#organization"},"potentialAction":[{"@type":"SearchAction","target":{"@type":"EntryPoint","urlTemplate":"https:\/\/blogdofarnesio.com.br\/?s={search_term_string}"},"query-input":{"@type":"PropertyValueSpecification","valueRequired":true,"valueName":"search_term_string"}}],"inLanguage":"pt-BR"},{"@type":"Organization","@id":"https:\/\/blogdofarnesio.com.br\/#organization","name":"Blog do Farn\u00e9sio","url":"https:\/\/blogdofarnesio.com.br\/","logo":{"@type":"ImageObject","inLanguage":"pt-BR","@id":"https:\/\/blogdofarnesio.com.br\/#\/schema\/logo\/image\/","url":"https:\/\/blogdofarnesio.com.br\/wp-content\/uploads\/2026\/03\/cropped-logo_new-1.png","contentUrl":"https:\/\/blogdofarnesio.com.br\/wp-content\/uploads\/2026\/03\/cropped-logo_new-1.png","width":881,"height":685,"caption":"Blog do Farn\u00e9sio"},"image":{"@id":"https:\/\/blogdofarnesio.com.br\/#\/schema\/logo\/image\/"},"sameAs":["https:\/\/www.facebook.com\/BlogQuerSaberPolitica\/"]},{"@type":"Person","@id":"https:\/\/blogdofarnesio.com.br\/#\/schema\/person\/bb9b23ae3ad0609ce8df7b6c9e76824d","name":"Farn\u00e9sio","image":{"@type":"ImageObject","inLanguage":"pt-BR","@id":"https:\/\/secure.gravatar.com\/avatar\/986aa4c61ccdb66f8555bf88fc2a65609d00bcabd4d2d94377a727547345cbca?s=96&d=mm&r=g","url":"https:\/\/secure.gravatar.com\/avatar\/986aa4c61ccdb66f8555bf88fc2a65609d00bcabd4d2d94377a727547345cbca?s=96&d=mm&r=g","contentUrl":"https:\/\/secure.gravatar.com\/avatar\/986aa4c61ccdb66f8555bf88fc2a65609d00bcabd4d2d94377a727547345cbca?s=96&d=mm&r=g","caption":"Farn\u00e9sio"},"description":"Radialista blogueiro, chegou a Petrolina\/Juazeiro em setembro de 1980, Farn\u00e9sio Silva \u00e9 de Arapiraca-Alagoas.","sameAs":["http:\/\/blogdofarnesio.com.br","https:\/\/www.facebook.com\/?ref=tn_tnmn","https:\/\/www.instagram.com\/?utm_source=pwa_homescreen","https:\/\/youtube.com.br\/"],"url":"https:\/\/blogdofarnesio.com.br\/?author=2"}]}},"_links":{"self":[{"href":"https:\/\/blogdofarnesio.com.br\/index.php?rest_route=\/wp\/v2\/posts\/343049","targetHints":{"allow":["GET"]}}],"collection":[{"href":"https:\/\/blogdofarnesio.com.br\/index.php?rest_route=\/wp\/v2\/posts"}],"about":[{"href":"https:\/\/blogdofarnesio.com.br\/index.php?rest_route=\/wp\/v2\/types\/post"}],"author":[{"embeddable":true,"href":"https:\/\/blogdofarnesio.com.br\/index.php?rest_route=\/wp\/v2\/users\/2"}],"replies":[{"embeddable":true,"href":"https:\/\/blogdofarnesio.com.br\/index.php?rest_route=%2Fwp%2Fv2%2Fcomments&post=343049"}],"version-history":[{"count":0,"href":"https:\/\/blogdofarnesio.com.br\/index.php?rest_route=\/wp\/v2\/posts\/343049\/revisions"}],"wp:featuredmedia":[{"embeddable":true,"href":"https:\/\/blogdofarnesio.com.br\/index.php?rest_route=\/wp\/v2\/media\/343050"}],"wp:attachment":[{"href":"https:\/\/blogdofarnesio.com.br\/index.php?rest_route=%2Fwp%2Fv2%2Fmedia&parent=343049"}],"wp:term":[{"taxonomy":"category","embeddable":true,"href":"https:\/\/blogdofarnesio.com.br\/index.php?rest_route=%2Fwp%2Fv2%2Fcategories&post=343049"},{"taxonomy":"post_tag","embeddable":true,"href":"https:\/\/blogdofarnesio.com.br\/index.php?rest_route=%2Fwp%2Fv2%2Ftags&post=343049"}],"curies":[{"name":"wp","href":"https:\/\/api.w.org\/{rel}","templated":true}]}}