{"id":343046,"date":"2023-06-15T08:22:23","date_gmt":"2023-06-15T11:22:23","guid":{"rendered":"https:\/\/blogdofarnesio.com.br\/?p=343046"},"modified":"2023-06-14T16:35:49","modified_gmt":"2023-06-14T19:35:49","slug":"santanna-chora-ao-assistir-apresentacao-de-flavio-jose-tem-video","status":"publish","type":"post","link":"https:\/\/blogdofarnesio.com.br\/?p=343046","title":{"rendered":"Santanna chora ao assistir apresenta\u00e7\u00e3o de Fl\u00e1vio Jos\u00e9. Tem v\u00eddeo"},"content":{"rendered":"<p>Por Erem Carla\/BN\u00a0 &#8211;<\/p>\n<p>O v\u00eddeo de\u00a0Santanna, o Cantador\u00a0chorando ao ver\u00a0<a href=\"https:\/\/www.bahianoticias.com.br\/tags\/flavio-jose\">Fl\u00e1vio Jos\u00e9<\/a>\u00a0interpretando o cl\u00e1ssico \u201cTareco &amp; Mariola\u201d no S\u00e3o Jo\u00e3o de Caruaru emocionou os nordestinos e f\u00e3s de forr\u00f3 por todo Brasil nesta ter\u00e7a-feira (13).<\/p>\n<p>Em seu perfil oficial no Instagram, Fl\u00e1vio Jos\u00e9 publicou o momento da emo\u00e7\u00e3o do amigo e legendou com um trecho da can\u00e7\u00e3o \u201cA Poeira \u00e9 a Estrada\u201d. \u201cPor isso amigo, N\u00e3o se entregue agora, Talvez um dia o mundo lhe pe\u00e7a perd\u00e3o, Por isso n\u00e3o se perca n\u00e3o, Os amores v\u00e3o e a gente fica\u201d, escreveu Fl\u00e1vio.<\/p>\n<p>Nos coment\u00e1rios, Santanna se declarou para o amigo. \u201cMeu amigo irm\u00e3o, quanta admira\u00e7\u00e3o por voc\u00ea, palavras n\u00e3o descrevem\u201d, escreveu o artista.<\/p>\n<p>\u201cMestres\u201d, escreveu Tato, vocalista da Falamansa. \u201cGigantes da cultura nordestina\u201d, comentou um internauta. \u201cEspero que voc\u00eas tenham ainda em vida todas as homenagens que merecem\u201d, avaliou outro.<\/p>\n<div class=\"sc-494c7b39-0 eaihTq\">\n<div class=\"sc-494c7b39-1 bRxsec\">\n<div class=\"sc-494c7b39-3 fUSHdU\"><iframe id=\"instagram-embed-1\" class=\"instagram-media instagram-media-rendered\" src=\"https:\/\/www.instagram.com\/reel\/CtaxR-nr_yN\/embed\/captioned\/?cr=1&amp;v=14&amp;wp=540&amp;rd=https%3A%2F%2Fwww.bahianoticias.com.br&amp;rp=%2F#%7B%22ci%22%3A1%2C%22os%22%3A208497.3999999985%2C%22ls%22%3A547.2999999988824%2C%22le%22%3A1259.3999999985099%7D\" height=\"1130\" frameborder=\"0\" scrolling=\"no\" allowfullscreen=\"allowfullscreen\" data-instgrm-payload-id=\"instagram-media-payload-1\" data-mce-fragment=\"1\"><\/iframe><\/div>\n<\/div>\n<div>\n<div class=\"sc-a2085f8e-0 gKIthy\"><\/div>\n<\/div>\n<\/div>\n<div class=\"sc-494c7b39-0 eaihTq\">\n<div class=\"sc-8a384deb-0 gcFtGo\"><\/div>\n<\/div>\n","protected":false},"excerpt":{"rendered":"<p>Por Erem Carla\/BN\u00a0 &#8211; O v\u00eddeo de\u00a0Santanna, o Cantador\u00a0chorando ao ver\u00a0Fl\u00e1vio Jos\u00e9\u00a0interpretando o cl\u00e1ssico \u201cTareco &amp; Mariola\u201d no S\u00e3o Jo\u00e3o de Caruaru emocionou os nordestinos e f\u00e3s de forr\u00f3 por todo Brasil nesta ter\u00e7a-feira (13). Em seu perfil oficial no Instagram, Fl\u00e1vio Jos\u00e9 publicou o momento da emo\u00e7\u00e3o do amigo e legendou com um trecho da can\u00e7\u00e3o \u201cA Poeira \u00e9 a Estrada\u201d. \u201cPor isso amigo, N\u00e3o se entregue agora, Talvez um dia o mundo lhe pe\u00e7a perd\u00e3o, Por isso n\u00e3o se perca n\u00e3o, Os amores v\u00e3o e a gente fica\u201d, escreveu Fl\u00e1vio. Nos coment\u00e1rios, Santanna se declarou para o amigo. \u201cMeu amigo irm\u00e3o, quanta admira\u00e7\u00e3o por voc\u00ea, palavras n\u00e3o descrevem\u201d, escreveu o artista. \u201cMestres\u201d, escreveu Tato, vocalista da Falamansa. \u201cGigantes&hellip; <\/p>\n","protected":false},"author":2,"featured_media":343047,"comment_status":"open","ping_status":"open","sticky":false,"template":"","format":"standard","meta":{"_acf_changed":false,"footnotes":""},"categories":[43],"tags":[],"class_list":["post-343046","post","type-post","status-publish","format-standard","has-post-thumbnail","hentry","category-sem-categoria"],"acf":[],"yoast_head":"<!-- This site is optimized with the Yoast SEO plugin v27.4 - https:\/\/yoast.com\/product\/yoast-seo-wordpress\/ -->\n<title>Santanna chora ao assistir apresenta\u00e7\u00e3o de Fl\u00e1vio Jos\u00e9. Tem v\u00eddeo - Blog do Farn\u00e9sio<\/title>\n<meta name=\"robots\" content=\"index, follow, max-snippet:-1, max-image-preview:large, max-video-preview:-1\" \/>\n<link rel=\"canonical\" href=\"https:\/\/blogdofarnesio.com.br\/?p=343046\" \/>\n<meta property=\"og:locale\" content=\"pt_BR\" \/>\n<meta property=\"og:type\" content=\"article\" \/>\n<meta property=\"og:title\" content=\"Santanna chora ao assistir apresenta\u00e7\u00e3o de Fl\u00e1vio Jos\u00e9. Tem v\u00eddeo - Blog do Farn\u00e9sio\" \/>\n<meta property=\"og:description\" content=\"Por Erem Carla\/BN\u00a0 &#8211; O v\u00eddeo de\u00a0Santanna, o Cantador\u00a0chorando ao ver\u00a0Fl\u00e1vio Jos\u00e9\u00a0interpretando o cl\u00e1ssico \u201cTareco &amp; Mariola\u201d no S\u00e3o Jo\u00e3o de Caruaru emocionou os nordestinos e f\u00e3s de forr\u00f3 por todo Brasil nesta ter\u00e7a-feira (13). Em seu perfil oficial no Instagram, Fl\u00e1vio Jos\u00e9 publicou o momento da emo\u00e7\u00e3o do amigo e legendou com um trecho da can\u00e7\u00e3o \u201cA Poeira \u00e9 a Estrada\u201d. \u201cPor isso amigo, N\u00e3o se entregue agora, Talvez um dia o mundo lhe pe\u00e7a perd\u00e3o, Por isso n\u00e3o se perca n\u00e3o, Os amores v\u00e3o e a gente fica\u201d, escreveu Fl\u00e1vio. Nos coment\u00e1rios, Santanna se declarou para o amigo. \u201cMeu amigo irm\u00e3o, quanta admira\u00e7\u00e3o por voc\u00ea, palavras n\u00e3o descrevem\u201d, escreveu o artista. \u201cMestres\u201d, escreveu Tato, vocalista da Falamansa. \u201cGigantes&hellip;\" \/>\n<meta property=\"og:url\" content=\"https:\/\/blogdofarnesio.com.br\/?p=343046\" \/>\n<meta property=\"og:site_name\" content=\"Blog do Farn\u00e9sio\" \/>\n<meta property=\"article:publisher\" content=\"https:\/\/www.facebook.com\/BlogQuerSaberPolitica\/\" \/>\n<meta property=\"article:author\" content=\"https:\/\/www.facebook.com\/?ref=tn_tnmn\" \/>\n<meta property=\"article:published_time\" content=\"2023-06-15T11:22:23+00:00\" \/>\n<meta property=\"og:image\" content=\"https:\/\/blogdofarnesio.com.br\/wp-content\/uploads\/2023\/06\/blogqspcantor-santana.jpg\" \/>\n\t<meta property=\"og:image:width\" content=\"633\" \/>\n\t<meta property=\"og:image:height\" content=\"362\" \/>\n\t<meta property=\"og:image:type\" content=\"image\/jpeg\" \/>\n<meta name=\"author\" content=\"Farn\u00e9sio\" \/>\n<meta name=\"twitter:card\" content=\"summary_large_image\" \/>\n<meta name=\"twitter:label1\" content=\"Escrito por\" \/>\n\t<meta name=\"twitter:data1\" content=\"Farn\u00e9sio\" \/>\n\t<meta name=\"twitter:label2\" content=\"Est. tempo de leitura\" \/>\n\t<meta name=\"twitter:data2\" content=\"1 minuto\" \/>\n<script type=\"application\/ld+json\" class=\"yoast-schema-graph\">{\"@context\":\"https:\\\/\\\/schema.org\",\"@graph\":[{\"@type\":\"Article\",\"@id\":\"https:\\\/\\\/blogdofarnesio.com.br\\\/?p=343046#article\",\"isPartOf\":{\"@id\":\"https:\\\/\\\/blogdofarnesio.com.br\\\/?p=343046\"},\"author\":{\"name\":\"Farn\u00e9sio\",\"@id\":\"https:\\\/\\\/blogdofarnesio.com.br\\\/#\\\/schema\\\/person\\\/bb9b23ae3ad0609ce8df7b6c9e76824d\"},\"headline\":\"Santanna chora ao assistir apresenta\u00e7\u00e3o de Fl\u00e1vio Jos\u00e9. Tem v\u00eddeo\",\"datePublished\":\"2023-06-15T11:22:23+00:00\",\"mainEntityOfPage\":{\"@id\":\"https:\\\/\\\/blogdofarnesio.com.br\\\/?p=343046\"},\"wordCount\":178,\"commentCount\":0,\"publisher\":{\"@id\":\"https:\\\/\\\/blogdofarnesio.com.br\\\/#organization\"},\"image\":{\"@id\":\"https:\\\/\\\/blogdofarnesio.com.br\\\/?p=343046#primaryimage\"},\"thumbnailUrl\":\"https:\\\/\\\/blogdofarnesio.com.br\\\/wp-content\\\/uploads\\\/2023\\\/06\\\/blogqspcantor-santana.jpg\",\"inLanguage\":\"pt-BR\",\"potentialAction\":[{\"@type\":\"CommentAction\",\"name\":\"Comment\",\"target\":[\"https:\\\/\\\/blogdofarnesio.com.br\\\/?p=343046#respond\"]}]},{\"@type\":\"WebPage\",\"@id\":\"https:\\\/\\\/blogdofarnesio.com.br\\\/?p=343046\",\"url\":\"https:\\\/\\\/blogdofarnesio.com.br\\\/?p=343046\",\"name\":\"Santanna chora ao assistir apresenta\u00e7\u00e3o de Fl\u00e1vio Jos\u00e9. Tem v\u00eddeo - Blog do Farn\u00e9sio\",\"isPartOf\":{\"@id\":\"https:\\\/\\\/blogdofarnesio.com.br\\\/#website\"},\"primaryImageOfPage\":{\"@id\":\"https:\\\/\\\/blogdofarnesio.com.br\\\/?p=343046#primaryimage\"},\"image\":{\"@id\":\"https:\\\/\\\/blogdofarnesio.com.br\\\/?p=343046#primaryimage\"},\"thumbnailUrl\":\"https:\\\/\\\/blogdofarnesio.com.br\\\/wp-content\\\/uploads\\\/2023\\\/06\\\/blogqspcantor-santana.jpg\",\"datePublished\":\"2023-06-15T11:22:23+00:00\",\"breadcrumb\":{\"@id\":\"https:\\\/\\\/blogdofarnesio.com.br\\\/?p=343046#breadcrumb\"},\"inLanguage\":\"pt-BR\",\"potentialAction\":[{\"@type\":\"ReadAction\",\"target\":[\"https:\\\/\\\/blogdofarnesio.com.br\\\/?p=343046\"]}]},{\"@type\":\"ImageObject\",\"inLanguage\":\"pt-BR\",\"@id\":\"https:\\\/\\\/blogdofarnesio.com.br\\\/?p=343046#primaryimage\",\"url\":\"https:\\\/\\\/blogdofarnesio.com.br\\\/wp-content\\\/uploads\\\/2023\\\/06\\\/blogqspcantor-santana.jpg\",\"contentUrl\":\"https:\\\/\\\/blogdofarnesio.com.br\\\/wp-content\\\/uploads\\\/2023\\\/06\\\/blogqspcantor-santana.jpg\",\"width\":633,\"height\":362},{\"@type\":\"BreadcrumbList\",\"@id\":\"https:\\\/\\\/blogdofarnesio.com.br\\\/?p=343046#breadcrumb\",\"itemListElement\":[{\"@type\":\"ListItem\",\"position\":1,\"name\":\"In\u00edcio\",\"item\":\"https:\\\/\\\/blogdofarnesio.com.br\\\/\"},{\"@type\":\"ListItem\",\"position\":2,\"name\":\"Santanna chora ao assistir apresenta\u00e7\u00e3o de Fl\u00e1vio Jos\u00e9. Tem v\u00eddeo\"}]},{\"@type\":\"WebSite\",\"@id\":\"https:\\\/\\\/blogdofarnesio.com.br\\\/#website\",\"url\":\"https:\\\/\\\/blogdofarnesio.com.br\\\/\",\"name\":\"Blog do Farn\u00e9sio\",\"description\":\"Quer Saber Pol\u00edtica?\",\"publisher\":{\"@id\":\"https:\\\/\\\/blogdofarnesio.com.br\\\/#organization\"},\"potentialAction\":[{\"@type\":\"SearchAction\",\"target\":{\"@type\":\"EntryPoint\",\"urlTemplate\":\"https:\\\/\\\/blogdofarnesio.com.br\\\/?s={search_term_string}\"},\"query-input\":{\"@type\":\"PropertyValueSpecification\",\"valueRequired\":true,\"valueName\":\"search_term_string\"}}],\"inLanguage\":\"pt-BR\"},{\"@type\":\"Organization\",\"@id\":\"https:\\\/\\\/blogdofarnesio.com.br\\\/#organization\",\"name\":\"Blog do Farn\u00e9sio\",\"url\":\"https:\\\/\\\/blogdofarnesio.com.br\\\/\",\"logo\":{\"@type\":\"ImageObject\",\"inLanguage\":\"pt-BR\",\"@id\":\"https:\\\/\\\/blogdofarnesio.com.br\\\/#\\\/schema\\\/logo\\\/image\\\/\",\"url\":\"https:\\\/\\\/blogdofarnesio.com.br\\\/wp-content\\\/uploads\\\/2026\\\/03\\\/cropped-logo_new-1.png\",\"contentUrl\":\"https:\\\/\\\/blogdofarnesio.com.br\\\/wp-content\\\/uploads\\\/2026\\\/03\\\/cropped-logo_new-1.png\",\"width\":881,\"height\":685,\"caption\":\"Blog do Farn\u00e9sio\"},\"image\":{\"@id\":\"https:\\\/\\\/blogdofarnesio.com.br\\\/#\\\/schema\\\/logo\\\/image\\\/\"},\"sameAs\":[\"https:\\\/\\\/www.facebook.com\\\/BlogQuerSaberPolitica\\\/\"]},{\"@type\":\"Person\",\"@id\":\"https:\\\/\\\/blogdofarnesio.com.br\\\/#\\\/schema\\\/person\\\/bb9b23ae3ad0609ce8df7b6c9e76824d\",\"name\":\"Farn\u00e9sio\",\"image\":{\"@type\":\"ImageObject\",\"inLanguage\":\"pt-BR\",\"@id\":\"https:\\\/\\\/secure.gravatar.com\\\/avatar\\\/986aa4c61ccdb66f8555bf88fc2a65609d00bcabd4d2d94377a727547345cbca?s=96&d=mm&r=g\",\"url\":\"https:\\\/\\\/secure.gravatar.com\\\/avatar\\\/986aa4c61ccdb66f8555bf88fc2a65609d00bcabd4d2d94377a727547345cbca?s=96&d=mm&r=g\",\"contentUrl\":\"https:\\\/\\\/secure.gravatar.com\\\/avatar\\\/986aa4c61ccdb66f8555bf88fc2a65609d00bcabd4d2d94377a727547345cbca?s=96&d=mm&r=g\",\"caption\":\"Farn\u00e9sio\"},\"description\":\"Radialista blogueiro, chegou a Petrolina\\\/Juazeiro em setembro de 1980, Farn\u00e9sio Silva \u00e9 de Arapiraca-Alagoas.\",\"sameAs\":[\"http:\\\/\\\/blogdofarnesio.com.br\",\"https:\\\/\\\/www.facebook.com\\\/?ref=tn_tnmn\",\"https:\\\/\\\/www.instagram.com\\\/?utm_source=pwa_homescreen\",\"https:\\\/\\\/youtube.com.br\\\/\"],\"url\":\"https:\\\/\\\/blogdofarnesio.com.br\\\/?author=2\"}]}<\/script>\n<!-- \/ Yoast SEO plugin. -->","yoast_head_json":{"title":"Santanna chora ao assistir apresenta\u00e7\u00e3o de Fl\u00e1vio Jos\u00e9. Tem v\u00eddeo - Blog do Farn\u00e9sio","robots":{"index":"index","follow":"follow","max-snippet":"max-snippet:-1","max-image-preview":"max-image-preview:large","max-video-preview":"max-video-preview:-1"},"canonical":"https:\/\/blogdofarnesio.com.br\/?p=343046","og_locale":"pt_BR","og_type":"article","og_title":"Santanna chora ao assistir apresenta\u00e7\u00e3o de Fl\u00e1vio Jos\u00e9. Tem v\u00eddeo - Blog do Farn\u00e9sio","og_description":"Por Erem Carla\/BN\u00a0 &#8211; O v\u00eddeo de\u00a0Santanna, o Cantador\u00a0chorando ao ver\u00a0Fl\u00e1vio Jos\u00e9\u00a0interpretando o cl\u00e1ssico \u201cTareco &amp; Mariola\u201d no S\u00e3o Jo\u00e3o de Caruaru emocionou os nordestinos e f\u00e3s de forr\u00f3 por todo Brasil nesta ter\u00e7a-feira (13). Em seu perfil oficial no Instagram, Fl\u00e1vio Jos\u00e9 publicou o momento da emo\u00e7\u00e3o do amigo e legendou com um trecho da can\u00e7\u00e3o \u201cA Poeira \u00e9 a Estrada\u201d. \u201cPor isso amigo, N\u00e3o se entregue agora, Talvez um dia o mundo lhe pe\u00e7a perd\u00e3o, Por isso n\u00e3o se perca n\u00e3o, Os amores v\u00e3o e a gente fica\u201d, escreveu Fl\u00e1vio. Nos coment\u00e1rios, Santanna se declarou para o amigo. \u201cMeu amigo irm\u00e3o, quanta admira\u00e7\u00e3o por voc\u00ea, palavras n\u00e3o descrevem\u201d, escreveu o artista. \u201cMestres\u201d, escreveu Tato, vocalista da Falamansa. \u201cGigantes&hellip;","og_url":"https:\/\/blogdofarnesio.com.br\/?p=343046","og_site_name":"Blog do Farn\u00e9sio","article_publisher":"https:\/\/www.facebook.com\/BlogQuerSaberPolitica\/","article_author":"https:\/\/www.facebook.com\/?ref=tn_tnmn","article_published_time":"2023-06-15T11:22:23+00:00","og_image":[{"width":633,"height":362,"url":"https:\/\/blogdofarnesio.com.br\/wp-content\/uploads\/2023\/06\/blogqspcantor-santana.jpg","type":"image\/jpeg"}],"author":"Farn\u00e9sio","twitter_card":"summary_large_image","twitter_misc":{"Escrito por":"Farn\u00e9sio","Est. tempo de leitura":"1 minuto"},"schema":{"@context":"https:\/\/schema.org","@graph":[{"@type":"Article","@id":"https:\/\/blogdofarnesio.com.br\/?p=343046#article","isPartOf":{"@id":"https:\/\/blogdofarnesio.com.br\/?p=343046"},"author":{"name":"Farn\u00e9sio","@id":"https:\/\/blogdofarnesio.com.br\/#\/schema\/person\/bb9b23ae3ad0609ce8df7b6c9e76824d"},"headline":"Santanna chora ao assistir apresenta\u00e7\u00e3o de Fl\u00e1vio Jos\u00e9. Tem v\u00eddeo","datePublished":"2023-06-15T11:22:23+00:00","mainEntityOfPage":{"@id":"https:\/\/blogdofarnesio.com.br\/?p=343046"},"wordCount":178,"commentCount":0,"publisher":{"@id":"https:\/\/blogdofarnesio.com.br\/#organization"},"image":{"@id":"https:\/\/blogdofarnesio.com.br\/?p=343046#primaryimage"},"thumbnailUrl":"https:\/\/blogdofarnesio.com.br\/wp-content\/uploads\/2023\/06\/blogqspcantor-santana.jpg","inLanguage":"pt-BR","potentialAction":[{"@type":"CommentAction","name":"Comment","target":["https:\/\/blogdofarnesio.com.br\/?p=343046#respond"]}]},{"@type":"WebPage","@id":"https:\/\/blogdofarnesio.com.br\/?p=343046","url":"https:\/\/blogdofarnesio.com.br\/?p=343046","name":"Santanna chora ao assistir apresenta\u00e7\u00e3o de Fl\u00e1vio Jos\u00e9. Tem v\u00eddeo - Blog do Farn\u00e9sio","isPartOf":{"@id":"https:\/\/blogdofarnesio.com.br\/#website"},"primaryImageOfPage":{"@id":"https:\/\/blogdofarnesio.com.br\/?p=343046#primaryimage"},"image":{"@id":"https:\/\/blogdofarnesio.com.br\/?p=343046#primaryimage"},"thumbnailUrl":"https:\/\/blogdofarnesio.com.br\/wp-content\/uploads\/2023\/06\/blogqspcantor-santana.jpg","datePublished":"2023-06-15T11:22:23+00:00","breadcrumb":{"@id":"https:\/\/blogdofarnesio.com.br\/?p=343046#breadcrumb"},"inLanguage":"pt-BR","potentialAction":[{"@type":"ReadAction","target":["https:\/\/blogdofarnesio.com.br\/?p=343046"]}]},{"@type":"ImageObject","inLanguage":"pt-BR","@id":"https:\/\/blogdofarnesio.com.br\/?p=343046#primaryimage","url":"https:\/\/blogdofarnesio.com.br\/wp-content\/uploads\/2023\/06\/blogqspcantor-santana.jpg","contentUrl":"https:\/\/blogdofarnesio.com.br\/wp-content\/uploads\/2023\/06\/blogqspcantor-santana.jpg","width":633,"height":362},{"@type":"BreadcrumbList","@id":"https:\/\/blogdofarnesio.com.br\/?p=343046#breadcrumb","itemListElement":[{"@type":"ListItem","position":1,"name":"In\u00edcio","item":"https:\/\/blogdofarnesio.com.br\/"},{"@type":"ListItem","position":2,"name":"Santanna chora ao assistir apresenta\u00e7\u00e3o de Fl\u00e1vio Jos\u00e9. Tem v\u00eddeo"}]},{"@type":"WebSite","@id":"https:\/\/blogdofarnesio.com.br\/#website","url":"https:\/\/blogdofarnesio.com.br\/","name":"Blog do Farn\u00e9sio","description":"Quer Saber Pol\u00edtica?","publisher":{"@id":"https:\/\/blogdofarnesio.com.br\/#organization"},"potentialAction":[{"@type":"SearchAction","target":{"@type":"EntryPoint","urlTemplate":"https:\/\/blogdofarnesio.com.br\/?s={search_term_string}"},"query-input":{"@type":"PropertyValueSpecification","valueRequired":true,"valueName":"search_term_string"}}],"inLanguage":"pt-BR"},{"@type":"Organization","@id":"https:\/\/blogdofarnesio.com.br\/#organization","name":"Blog do Farn\u00e9sio","url":"https:\/\/blogdofarnesio.com.br\/","logo":{"@type":"ImageObject","inLanguage":"pt-BR","@id":"https:\/\/blogdofarnesio.com.br\/#\/schema\/logo\/image\/","url":"https:\/\/blogdofarnesio.com.br\/wp-content\/uploads\/2026\/03\/cropped-logo_new-1.png","contentUrl":"https:\/\/blogdofarnesio.com.br\/wp-content\/uploads\/2026\/03\/cropped-logo_new-1.png","width":881,"height":685,"caption":"Blog do Farn\u00e9sio"},"image":{"@id":"https:\/\/blogdofarnesio.com.br\/#\/schema\/logo\/image\/"},"sameAs":["https:\/\/www.facebook.com\/BlogQuerSaberPolitica\/"]},{"@type":"Person","@id":"https:\/\/blogdofarnesio.com.br\/#\/schema\/person\/bb9b23ae3ad0609ce8df7b6c9e76824d","name":"Farn\u00e9sio","image":{"@type":"ImageObject","inLanguage":"pt-BR","@id":"https:\/\/secure.gravatar.com\/avatar\/986aa4c61ccdb66f8555bf88fc2a65609d00bcabd4d2d94377a727547345cbca?s=96&d=mm&r=g","url":"https:\/\/secure.gravatar.com\/avatar\/986aa4c61ccdb66f8555bf88fc2a65609d00bcabd4d2d94377a727547345cbca?s=96&d=mm&r=g","contentUrl":"https:\/\/secure.gravatar.com\/avatar\/986aa4c61ccdb66f8555bf88fc2a65609d00bcabd4d2d94377a727547345cbca?s=96&d=mm&r=g","caption":"Farn\u00e9sio"},"description":"Radialista blogueiro, chegou a Petrolina\/Juazeiro em setembro de 1980, Farn\u00e9sio Silva \u00e9 de Arapiraca-Alagoas.","sameAs":["http:\/\/blogdofarnesio.com.br","https:\/\/www.facebook.com\/?ref=tn_tnmn","https:\/\/www.instagram.com\/?utm_source=pwa_homescreen","https:\/\/youtube.com.br\/"],"url":"https:\/\/blogdofarnesio.com.br\/?author=2"}]}},"_links":{"self":[{"href":"https:\/\/blogdofarnesio.com.br\/index.php?rest_route=\/wp\/v2\/posts\/343046","targetHints":{"allow":["GET"]}}],"collection":[{"href":"https:\/\/blogdofarnesio.com.br\/index.php?rest_route=\/wp\/v2\/posts"}],"about":[{"href":"https:\/\/blogdofarnesio.com.br\/index.php?rest_route=\/wp\/v2\/types\/post"}],"author":[{"embeddable":true,"href":"https:\/\/blogdofarnesio.com.br\/index.php?rest_route=\/wp\/v2\/users\/2"}],"replies":[{"embeddable":true,"href":"https:\/\/blogdofarnesio.com.br\/index.php?rest_route=%2Fwp%2Fv2%2Fcomments&post=343046"}],"version-history":[{"count":0,"href":"https:\/\/blogdofarnesio.com.br\/index.php?rest_route=\/wp\/v2\/posts\/343046\/revisions"}],"wp:featuredmedia":[{"embeddable":true,"href":"https:\/\/blogdofarnesio.com.br\/index.php?rest_route=\/wp\/v2\/media\/343047"}],"wp:attachment":[{"href":"https:\/\/blogdofarnesio.com.br\/index.php?rest_route=%2Fwp%2Fv2%2Fmedia&parent=343046"}],"wp:term":[{"taxonomy":"category","embeddable":true,"href":"https:\/\/blogdofarnesio.com.br\/index.php?rest_route=%2Fwp%2Fv2%2Fcategories&post=343046"},{"taxonomy":"post_tag","embeddable":true,"href":"https:\/\/blogdofarnesio.com.br\/index.php?rest_route=%2Fwp%2Fv2%2Ftags&post=343046"}],"curies":[{"name":"wp","href":"https:\/\/api.w.org\/{rel}","templated":true}]}}