{"id":343027,"date":"2023-06-15T07:20:21","date_gmt":"2023-06-15T10:20:21","guid":{"rendered":"https:\/\/blogdofarnesio.com.br\/?p=343027"},"modified":"2023-06-14T15:53:44","modified_gmt":"2023-06-14T18:53:44","slug":"procon-juazeiro-intensifica-fiscalizacao-no-comercio-de-fogos-de-artificio","status":"publish","type":"post","link":"https:\/\/blogdofarnesio.com.br\/?p=343027","title":{"rendered":"Procon\/Juazeiro intensifica fiscaliza\u00e7\u00e3o no com\u00e9rcio de fogos de artif\u00edcio"},"content":{"rendered":"<p style=\"font-weight: 400;\">Com a chegada do per\u00edodo junino, a venda e utiliza\u00e7\u00e3o de fogos de artif\u00edcio \u00e9 intensificada. Por isso, o Programa Municipal de Defesa do Consumidor, o Procon Juazeiro, que \u00e9 vinculado \u00e0 Procuradoria Geral do Munic\u00edpio (PGM), intensificou nesta semana a fiscaliza\u00e7\u00e3o em barracas de fogos instaladas em Juazeiro.<\/p>\n<p style=\"font-weight: 400;\">A a\u00e7\u00e3o teve como objetivo garantir seguran\u00e7a para quem comercializa e para quem compra um dos itens mais vendidos durante esta \u00e9poca do ano. Entre os crit\u00e9rios observados est\u00e3o a disponibiliza\u00e7\u00e3o do C\u00f3digo de Defesa do Consumidor (CDC), em local vis\u00edvel e de f\u00e1cil acesso; precifica\u00e7\u00e3o de todos os itens expostos \u00e0 venda; e o fornecimento de informa\u00e7\u00e3o pr\u00e9via sobre a diferencia\u00e7\u00e3o de pre\u00e7os a partir da forma de pagamento.<\/p>\n<p style=\"font-weight: 400;\">\n<p style=\"font-weight: 400;\">O diretor do Procon de Juazeiro, Carlos Macedo destacou a import\u00e2ncia da &#8220;Opera\u00e7\u00e3o S\u00e3o Jo\u00e3o&#8221; para a seguran\u00e7a e prote\u00e7\u00e3o dos consumidores. \u201cEstamos realizando o papel de fiscalizador para evitar acidentes e coibir pr\u00e1ticas que possam prejudicar o consumidor que est\u00e1 pronto para curtir as festas juninas\u201d, disse.<\/p>\n<p style=\"font-weight: 400;\">\n<p style=\"font-weight: 400;\">Durante a opera\u00e7\u00e3o, foram constatadas irregularidades em todos os sete estabelecimentos inspecionados, como a falta de exemplares do CDC, o que configura uma infra\u00e7\u00e3o \u00e0 legisla\u00e7\u00e3o vigente. Al\u00e9m disso, dois estabelecimentos apresentaram problemas na precifica\u00e7\u00e3o de seus produtos, o que tamb\u00e9m \u00e9 considerado uma pr\u00e1tica irregular.<\/p>\n<p style=\"font-weight: 400;\">\nCarlos Dias da Silva Neto, um dos comerciantes de fogos, ressaltou a relev\u00e2ncia da fiscaliza\u00e7\u00e3o. \u201cComo propriet\u00e1rio estou sempre conferindo para garantir que todos os produtos estejam dentro do prazo de validade. Atualmente, os produtos de maior sa\u00edda em nosso estabelecimento s\u00e3o o estalo de sal\u00e3o, track e a chuvinha, os mais populares entre as crian\u00e7as nesta \u00e9poca\u201d, disse.<strong>Adequa\u00e7\u00e3o<\/strong><\/p>\n<p style=\"font-weight: 400;\">Diante das irregularidades encontradas, o Procon concedeu um prazo para que os estabelecimentos regularizem suas situa\u00e7\u00f5es. Os respons\u00e1veis foram orientados sobre as medidas necess\u00e1rias para cumprir as determina\u00e7\u00f5es legais e evitar futuras penalidades.<\/p>\n<p style=\"font-weight: 400;\"><strong>Pesquisa de Pre\u00e7os<\/strong><\/p>\n<p style=\"font-weight: 400;\">Em rela\u00e7\u00e3o aos fogos de artif\u00edcio, o Procon realizou uma pesquisa de pre\u00e7os nos produtos mais vendidos (confira a lista AQUI), com o intuito de auxiliar os consumidores nas compras durante o per\u00edodo festivo. A iniciativa visa garantir que os consumidores obtenham produtos de qualidade e com pre\u00e7os justos.<\/p>\n","protected":false},"excerpt":{"rendered":"<p>Com a chegada do per\u00edodo junino, a venda e utiliza\u00e7\u00e3o de fogos de artif\u00edcio \u00e9 intensificada. Por isso, o Programa Municipal de Defesa do Consumidor, o Procon Juazeiro, que \u00e9 vinculado \u00e0 Procuradoria Geral do Munic\u00edpio (PGM), intensificou nesta semana a fiscaliza\u00e7\u00e3o em barracas de fogos instaladas em Juazeiro. A a\u00e7\u00e3o teve como objetivo garantir seguran\u00e7a para quem comercializa e para quem compra um dos itens mais vendidos durante esta \u00e9poca do ano. Entre os crit\u00e9rios observados est\u00e3o a disponibiliza\u00e7\u00e3o do C\u00f3digo de Defesa do Consumidor (CDC), em local vis\u00edvel e de f\u00e1cil acesso; precifica\u00e7\u00e3o de todos os itens expostos \u00e0 venda; e o fornecimento de informa\u00e7\u00e3o pr\u00e9via sobre a diferencia\u00e7\u00e3o de pre\u00e7os a partir da forma de pagamento. O&hellip; <\/p>\n","protected":false},"author":2,"featured_media":343028,"comment_status":"open","ping_status":"open","sticky":false,"template":"","format":"standard","meta":{"_acf_changed":false,"footnotes":""},"categories":[20,5],"tags":[],"class_list":["post-343027","post","type-post","status-publish","format-standard","has-post-thumbnail","hentry","category-economia","category-seguranca"],"acf":[],"yoast_head":"<!-- This site is optimized with the Yoast SEO plugin v27.4 - https:\/\/yoast.com\/product\/yoast-seo-wordpress\/ -->\n<title>Procon\/Juazeiro intensifica fiscaliza\u00e7\u00e3o no com\u00e9rcio de fogos de artif\u00edcio - Blog do Farn\u00e9sio<\/title>\n<meta name=\"robots\" content=\"index, follow, max-snippet:-1, max-image-preview:large, max-video-preview:-1\" \/>\n<link rel=\"canonical\" href=\"https:\/\/blogdofarnesio.com.br\/?p=343027\" \/>\n<meta property=\"og:locale\" content=\"pt_BR\" \/>\n<meta property=\"og:type\" content=\"article\" \/>\n<meta property=\"og:title\" content=\"Procon\/Juazeiro intensifica fiscaliza\u00e7\u00e3o no com\u00e9rcio de fogos de artif\u00edcio - Blog do Farn\u00e9sio\" \/>\n<meta property=\"og:description\" content=\"Com a chegada do per\u00edodo junino, a venda e utiliza\u00e7\u00e3o de fogos de artif\u00edcio \u00e9 intensificada. Por isso, o Programa Municipal de Defesa do Consumidor, o Procon Juazeiro, que \u00e9 vinculado \u00e0 Procuradoria Geral do Munic\u00edpio (PGM), intensificou nesta semana a fiscaliza\u00e7\u00e3o em barracas de fogos instaladas em Juazeiro. A a\u00e7\u00e3o teve como objetivo garantir seguran\u00e7a para quem comercializa e para quem compra um dos itens mais vendidos durante esta \u00e9poca do ano. Entre os crit\u00e9rios observados est\u00e3o a disponibiliza\u00e7\u00e3o do C\u00f3digo de Defesa do Consumidor (CDC), em local vis\u00edvel e de f\u00e1cil acesso; precifica\u00e7\u00e3o de todos os itens expostos \u00e0 venda; e o fornecimento de informa\u00e7\u00e3o pr\u00e9via sobre a diferencia\u00e7\u00e3o de pre\u00e7os a partir da forma de pagamento. O&hellip;\" \/>\n<meta property=\"og:url\" content=\"https:\/\/blogdofarnesio.com.br\/?p=343027\" \/>\n<meta property=\"og:site_name\" content=\"Blog do Farn\u00e9sio\" \/>\n<meta property=\"article:publisher\" content=\"https:\/\/www.facebook.com\/BlogQuerSaberPolitica\/\" \/>\n<meta property=\"article:author\" content=\"https:\/\/www.facebook.com\/?ref=tn_tnmn\" \/>\n<meta property=\"article:published_time\" content=\"2023-06-15T10:20:21+00:00\" \/>\n<meta property=\"og:image\" content=\"https:\/\/blogdofarnesio.com.br\/wp-content\/uploads\/2023\/06\/blogqspjua-procon-fogos-e1686768770236.jpeg\" \/>\n\t<meta property=\"og:image:width\" content=\"600\" \/>\n\t<meta property=\"og:image:height\" content=\"393\" \/>\n\t<meta property=\"og:image:type\" content=\"image\/jpeg\" \/>\n<meta name=\"author\" content=\"Farn\u00e9sio\" \/>\n<meta name=\"twitter:card\" content=\"summary_large_image\" \/>\n<meta name=\"twitter:label1\" content=\"Escrito por\" \/>\n\t<meta name=\"twitter:data1\" content=\"Farn\u00e9sio\" \/>\n\t<meta name=\"twitter:label2\" content=\"Est. tempo de leitura\" \/>\n\t<meta name=\"twitter:data2\" content=\"2 minutos\" \/>\n<script type=\"application\/ld+json\" class=\"yoast-schema-graph\">{\"@context\":\"https:\\\/\\\/schema.org\",\"@graph\":[{\"@type\":\"Article\",\"@id\":\"https:\\\/\\\/blogdofarnesio.com.br\\\/?p=343027#article\",\"isPartOf\":{\"@id\":\"https:\\\/\\\/blogdofarnesio.com.br\\\/?p=343027\"},\"author\":{\"name\":\"Farn\u00e9sio\",\"@id\":\"https:\\\/\\\/blogdofarnesio.com.br\\\/#\\\/schema\\\/person\\\/bb9b23ae3ad0609ce8df7b6c9e76824d\"},\"headline\":\"Procon\\\/Juazeiro intensifica fiscaliza\u00e7\u00e3o no com\u00e9rcio de fogos de artif\u00edcio\",\"datePublished\":\"2023-06-15T10:20:21+00:00\",\"mainEntityOfPage\":{\"@id\":\"https:\\\/\\\/blogdofarnesio.com.br\\\/?p=343027\"},\"wordCount\":415,\"commentCount\":0,\"publisher\":{\"@id\":\"https:\\\/\\\/blogdofarnesio.com.br\\\/#organization\"},\"image\":{\"@id\":\"https:\\\/\\\/blogdofarnesio.com.br\\\/?p=343027#primaryimage\"},\"thumbnailUrl\":\"https:\\\/\\\/blogdofarnesio.com.br\\\/wp-content\\\/uploads\\\/2023\\\/06\\\/blogqspjua-procon-fogos-e1686768770236.jpeg\",\"articleSection\":[\"Economia\",\"Seguran\u00e7a\"],\"inLanguage\":\"pt-BR\",\"potentialAction\":[{\"@type\":\"CommentAction\",\"name\":\"Comment\",\"target\":[\"https:\\\/\\\/blogdofarnesio.com.br\\\/?p=343027#respond\"]}]},{\"@type\":\"WebPage\",\"@id\":\"https:\\\/\\\/blogdofarnesio.com.br\\\/?p=343027\",\"url\":\"https:\\\/\\\/blogdofarnesio.com.br\\\/?p=343027\",\"name\":\"Procon\\\/Juazeiro intensifica fiscaliza\u00e7\u00e3o no com\u00e9rcio de fogos de artif\u00edcio - Blog do Farn\u00e9sio\",\"isPartOf\":{\"@id\":\"https:\\\/\\\/blogdofarnesio.com.br\\\/#website\"},\"primaryImageOfPage\":{\"@id\":\"https:\\\/\\\/blogdofarnesio.com.br\\\/?p=343027#primaryimage\"},\"image\":{\"@id\":\"https:\\\/\\\/blogdofarnesio.com.br\\\/?p=343027#primaryimage\"},\"thumbnailUrl\":\"https:\\\/\\\/blogdofarnesio.com.br\\\/wp-content\\\/uploads\\\/2023\\\/06\\\/blogqspjua-procon-fogos-e1686768770236.jpeg\",\"datePublished\":\"2023-06-15T10:20:21+00:00\",\"breadcrumb\":{\"@id\":\"https:\\\/\\\/blogdofarnesio.com.br\\\/?p=343027#breadcrumb\"},\"inLanguage\":\"pt-BR\",\"potentialAction\":[{\"@type\":\"ReadAction\",\"target\":[\"https:\\\/\\\/blogdofarnesio.com.br\\\/?p=343027\"]}]},{\"@type\":\"ImageObject\",\"inLanguage\":\"pt-BR\",\"@id\":\"https:\\\/\\\/blogdofarnesio.com.br\\\/?p=343027#primaryimage\",\"url\":\"https:\\\/\\\/blogdofarnesio.com.br\\\/wp-content\\\/uploads\\\/2023\\\/06\\\/blogqspjua-procon-fogos-e1686768770236.jpeg\",\"contentUrl\":\"https:\\\/\\\/blogdofarnesio.com.br\\\/wp-content\\\/uploads\\\/2023\\\/06\\\/blogqspjua-procon-fogos-e1686768770236.jpeg\",\"width\":600,\"height\":393},{\"@type\":\"BreadcrumbList\",\"@id\":\"https:\\\/\\\/blogdofarnesio.com.br\\\/?p=343027#breadcrumb\",\"itemListElement\":[{\"@type\":\"ListItem\",\"position\":1,\"name\":\"In\u00edcio\",\"item\":\"https:\\\/\\\/blogdofarnesio.com.br\\\/\"},{\"@type\":\"ListItem\",\"position\":2,\"name\":\"Procon\\\/Juazeiro intensifica fiscaliza\u00e7\u00e3o no com\u00e9rcio de fogos de artif\u00edcio\"}]},{\"@type\":\"WebSite\",\"@id\":\"https:\\\/\\\/blogdofarnesio.com.br\\\/#website\",\"url\":\"https:\\\/\\\/blogdofarnesio.com.br\\\/\",\"name\":\"Blog do Farn\u00e9sio\",\"description\":\"Quer Saber Pol\u00edtica?\",\"publisher\":{\"@id\":\"https:\\\/\\\/blogdofarnesio.com.br\\\/#organization\"},\"potentialAction\":[{\"@type\":\"SearchAction\",\"target\":{\"@type\":\"EntryPoint\",\"urlTemplate\":\"https:\\\/\\\/blogdofarnesio.com.br\\\/?s={search_term_string}\"},\"query-input\":{\"@type\":\"PropertyValueSpecification\",\"valueRequired\":true,\"valueName\":\"search_term_string\"}}],\"inLanguage\":\"pt-BR\"},{\"@type\":\"Organization\",\"@id\":\"https:\\\/\\\/blogdofarnesio.com.br\\\/#organization\",\"name\":\"Blog do Farn\u00e9sio\",\"url\":\"https:\\\/\\\/blogdofarnesio.com.br\\\/\",\"logo\":{\"@type\":\"ImageObject\",\"inLanguage\":\"pt-BR\",\"@id\":\"https:\\\/\\\/blogdofarnesio.com.br\\\/#\\\/schema\\\/logo\\\/image\\\/\",\"url\":\"https:\\\/\\\/blogdofarnesio.com.br\\\/wp-content\\\/uploads\\\/2026\\\/03\\\/cropped-logo_new-1.png\",\"contentUrl\":\"https:\\\/\\\/blogdofarnesio.com.br\\\/wp-content\\\/uploads\\\/2026\\\/03\\\/cropped-logo_new-1.png\",\"width\":881,\"height\":685,\"caption\":\"Blog do Farn\u00e9sio\"},\"image\":{\"@id\":\"https:\\\/\\\/blogdofarnesio.com.br\\\/#\\\/schema\\\/logo\\\/image\\\/\"},\"sameAs\":[\"https:\\\/\\\/www.facebook.com\\\/BlogQuerSaberPolitica\\\/\"]},{\"@type\":\"Person\",\"@id\":\"https:\\\/\\\/blogdofarnesio.com.br\\\/#\\\/schema\\\/person\\\/bb9b23ae3ad0609ce8df7b6c9e76824d\",\"name\":\"Farn\u00e9sio\",\"image\":{\"@type\":\"ImageObject\",\"inLanguage\":\"pt-BR\",\"@id\":\"https:\\\/\\\/secure.gravatar.com\\\/avatar\\\/986aa4c61ccdb66f8555bf88fc2a65609d00bcabd4d2d94377a727547345cbca?s=96&d=mm&r=g\",\"url\":\"https:\\\/\\\/secure.gravatar.com\\\/avatar\\\/986aa4c61ccdb66f8555bf88fc2a65609d00bcabd4d2d94377a727547345cbca?s=96&d=mm&r=g\",\"contentUrl\":\"https:\\\/\\\/secure.gravatar.com\\\/avatar\\\/986aa4c61ccdb66f8555bf88fc2a65609d00bcabd4d2d94377a727547345cbca?s=96&d=mm&r=g\",\"caption\":\"Farn\u00e9sio\"},\"description\":\"Radialista blogueiro, chegou a Petrolina\\\/Juazeiro em setembro de 1980, Farn\u00e9sio Silva \u00e9 de Arapiraca-Alagoas.\",\"sameAs\":[\"http:\\\/\\\/blogdofarnesio.com.br\",\"https:\\\/\\\/www.facebook.com\\\/?ref=tn_tnmn\",\"https:\\\/\\\/www.instagram.com\\\/?utm_source=pwa_homescreen\",\"https:\\\/\\\/youtube.com.br\\\/\"],\"url\":\"https:\\\/\\\/blogdofarnesio.com.br\\\/?author=2\"}]}<\/script>\n<!-- \/ Yoast SEO plugin. -->","yoast_head_json":{"title":"Procon\/Juazeiro intensifica fiscaliza\u00e7\u00e3o no com\u00e9rcio de fogos de artif\u00edcio - Blog do Farn\u00e9sio","robots":{"index":"index","follow":"follow","max-snippet":"max-snippet:-1","max-image-preview":"max-image-preview:large","max-video-preview":"max-video-preview:-1"},"canonical":"https:\/\/blogdofarnesio.com.br\/?p=343027","og_locale":"pt_BR","og_type":"article","og_title":"Procon\/Juazeiro intensifica fiscaliza\u00e7\u00e3o no com\u00e9rcio de fogos de artif\u00edcio - Blog do Farn\u00e9sio","og_description":"Com a chegada do per\u00edodo junino, a venda e utiliza\u00e7\u00e3o de fogos de artif\u00edcio \u00e9 intensificada. Por isso, o Programa Municipal de Defesa do Consumidor, o Procon Juazeiro, que \u00e9 vinculado \u00e0 Procuradoria Geral do Munic\u00edpio (PGM), intensificou nesta semana a fiscaliza\u00e7\u00e3o em barracas de fogos instaladas em Juazeiro. A a\u00e7\u00e3o teve como objetivo garantir seguran\u00e7a para quem comercializa e para quem compra um dos itens mais vendidos durante esta \u00e9poca do ano. Entre os crit\u00e9rios observados est\u00e3o a disponibiliza\u00e7\u00e3o do C\u00f3digo de Defesa do Consumidor (CDC), em local vis\u00edvel e de f\u00e1cil acesso; precifica\u00e7\u00e3o de todos os itens expostos \u00e0 venda; e o fornecimento de informa\u00e7\u00e3o pr\u00e9via sobre a diferencia\u00e7\u00e3o de pre\u00e7os a partir da forma de pagamento. O&hellip;","og_url":"https:\/\/blogdofarnesio.com.br\/?p=343027","og_site_name":"Blog do Farn\u00e9sio","article_publisher":"https:\/\/www.facebook.com\/BlogQuerSaberPolitica\/","article_author":"https:\/\/www.facebook.com\/?ref=tn_tnmn","article_published_time":"2023-06-15T10:20:21+00:00","og_image":[{"width":600,"height":393,"url":"https:\/\/blogdofarnesio.com.br\/wp-content\/uploads\/2023\/06\/blogqspjua-procon-fogos-e1686768770236.jpeg","type":"image\/jpeg"}],"author":"Farn\u00e9sio","twitter_card":"summary_large_image","twitter_misc":{"Escrito por":"Farn\u00e9sio","Est. tempo de leitura":"2 minutos"},"schema":{"@context":"https:\/\/schema.org","@graph":[{"@type":"Article","@id":"https:\/\/blogdofarnesio.com.br\/?p=343027#article","isPartOf":{"@id":"https:\/\/blogdofarnesio.com.br\/?p=343027"},"author":{"name":"Farn\u00e9sio","@id":"https:\/\/blogdofarnesio.com.br\/#\/schema\/person\/bb9b23ae3ad0609ce8df7b6c9e76824d"},"headline":"Procon\/Juazeiro intensifica fiscaliza\u00e7\u00e3o no com\u00e9rcio de fogos de artif\u00edcio","datePublished":"2023-06-15T10:20:21+00:00","mainEntityOfPage":{"@id":"https:\/\/blogdofarnesio.com.br\/?p=343027"},"wordCount":415,"commentCount":0,"publisher":{"@id":"https:\/\/blogdofarnesio.com.br\/#organization"},"image":{"@id":"https:\/\/blogdofarnesio.com.br\/?p=343027#primaryimage"},"thumbnailUrl":"https:\/\/blogdofarnesio.com.br\/wp-content\/uploads\/2023\/06\/blogqspjua-procon-fogos-e1686768770236.jpeg","articleSection":["Economia","Seguran\u00e7a"],"inLanguage":"pt-BR","potentialAction":[{"@type":"CommentAction","name":"Comment","target":["https:\/\/blogdofarnesio.com.br\/?p=343027#respond"]}]},{"@type":"WebPage","@id":"https:\/\/blogdofarnesio.com.br\/?p=343027","url":"https:\/\/blogdofarnesio.com.br\/?p=343027","name":"Procon\/Juazeiro intensifica fiscaliza\u00e7\u00e3o no com\u00e9rcio de fogos de artif\u00edcio - Blog do Farn\u00e9sio","isPartOf":{"@id":"https:\/\/blogdofarnesio.com.br\/#website"},"primaryImageOfPage":{"@id":"https:\/\/blogdofarnesio.com.br\/?p=343027#primaryimage"},"image":{"@id":"https:\/\/blogdofarnesio.com.br\/?p=343027#primaryimage"},"thumbnailUrl":"https:\/\/blogdofarnesio.com.br\/wp-content\/uploads\/2023\/06\/blogqspjua-procon-fogos-e1686768770236.jpeg","datePublished":"2023-06-15T10:20:21+00:00","breadcrumb":{"@id":"https:\/\/blogdofarnesio.com.br\/?p=343027#breadcrumb"},"inLanguage":"pt-BR","potentialAction":[{"@type":"ReadAction","target":["https:\/\/blogdofarnesio.com.br\/?p=343027"]}]},{"@type":"ImageObject","inLanguage":"pt-BR","@id":"https:\/\/blogdofarnesio.com.br\/?p=343027#primaryimage","url":"https:\/\/blogdofarnesio.com.br\/wp-content\/uploads\/2023\/06\/blogqspjua-procon-fogos-e1686768770236.jpeg","contentUrl":"https:\/\/blogdofarnesio.com.br\/wp-content\/uploads\/2023\/06\/blogqspjua-procon-fogos-e1686768770236.jpeg","width":600,"height":393},{"@type":"BreadcrumbList","@id":"https:\/\/blogdofarnesio.com.br\/?p=343027#breadcrumb","itemListElement":[{"@type":"ListItem","position":1,"name":"In\u00edcio","item":"https:\/\/blogdofarnesio.com.br\/"},{"@type":"ListItem","position":2,"name":"Procon\/Juazeiro intensifica fiscaliza\u00e7\u00e3o no com\u00e9rcio de fogos de artif\u00edcio"}]},{"@type":"WebSite","@id":"https:\/\/blogdofarnesio.com.br\/#website","url":"https:\/\/blogdofarnesio.com.br\/","name":"Blog do Farn\u00e9sio","description":"Quer Saber Pol\u00edtica?","publisher":{"@id":"https:\/\/blogdofarnesio.com.br\/#organization"},"potentialAction":[{"@type":"SearchAction","target":{"@type":"EntryPoint","urlTemplate":"https:\/\/blogdofarnesio.com.br\/?s={search_term_string}"},"query-input":{"@type":"PropertyValueSpecification","valueRequired":true,"valueName":"search_term_string"}}],"inLanguage":"pt-BR"},{"@type":"Organization","@id":"https:\/\/blogdofarnesio.com.br\/#organization","name":"Blog do Farn\u00e9sio","url":"https:\/\/blogdofarnesio.com.br\/","logo":{"@type":"ImageObject","inLanguage":"pt-BR","@id":"https:\/\/blogdofarnesio.com.br\/#\/schema\/logo\/image\/","url":"https:\/\/blogdofarnesio.com.br\/wp-content\/uploads\/2026\/03\/cropped-logo_new-1.png","contentUrl":"https:\/\/blogdofarnesio.com.br\/wp-content\/uploads\/2026\/03\/cropped-logo_new-1.png","width":881,"height":685,"caption":"Blog do Farn\u00e9sio"},"image":{"@id":"https:\/\/blogdofarnesio.com.br\/#\/schema\/logo\/image\/"},"sameAs":["https:\/\/www.facebook.com\/BlogQuerSaberPolitica\/"]},{"@type":"Person","@id":"https:\/\/blogdofarnesio.com.br\/#\/schema\/person\/bb9b23ae3ad0609ce8df7b6c9e76824d","name":"Farn\u00e9sio","image":{"@type":"ImageObject","inLanguage":"pt-BR","@id":"https:\/\/secure.gravatar.com\/avatar\/986aa4c61ccdb66f8555bf88fc2a65609d00bcabd4d2d94377a727547345cbca?s=96&d=mm&r=g","url":"https:\/\/secure.gravatar.com\/avatar\/986aa4c61ccdb66f8555bf88fc2a65609d00bcabd4d2d94377a727547345cbca?s=96&d=mm&r=g","contentUrl":"https:\/\/secure.gravatar.com\/avatar\/986aa4c61ccdb66f8555bf88fc2a65609d00bcabd4d2d94377a727547345cbca?s=96&d=mm&r=g","caption":"Farn\u00e9sio"},"description":"Radialista blogueiro, chegou a Petrolina\/Juazeiro em setembro de 1980, Farn\u00e9sio Silva \u00e9 de Arapiraca-Alagoas.","sameAs":["http:\/\/blogdofarnesio.com.br","https:\/\/www.facebook.com\/?ref=tn_tnmn","https:\/\/www.instagram.com\/?utm_source=pwa_homescreen","https:\/\/youtube.com.br\/"],"url":"https:\/\/blogdofarnesio.com.br\/?author=2"}]}},"_links":{"self":[{"href":"https:\/\/blogdofarnesio.com.br\/index.php?rest_route=\/wp\/v2\/posts\/343027","targetHints":{"allow":["GET"]}}],"collection":[{"href":"https:\/\/blogdofarnesio.com.br\/index.php?rest_route=\/wp\/v2\/posts"}],"about":[{"href":"https:\/\/blogdofarnesio.com.br\/index.php?rest_route=\/wp\/v2\/types\/post"}],"author":[{"embeddable":true,"href":"https:\/\/blogdofarnesio.com.br\/index.php?rest_route=\/wp\/v2\/users\/2"}],"replies":[{"embeddable":true,"href":"https:\/\/blogdofarnesio.com.br\/index.php?rest_route=%2Fwp%2Fv2%2Fcomments&post=343027"}],"version-history":[{"count":0,"href":"https:\/\/blogdofarnesio.com.br\/index.php?rest_route=\/wp\/v2\/posts\/343027\/revisions"}],"wp:featuredmedia":[{"embeddable":true,"href":"https:\/\/blogdofarnesio.com.br\/index.php?rest_route=\/wp\/v2\/media\/343028"}],"wp:attachment":[{"href":"https:\/\/blogdofarnesio.com.br\/index.php?rest_route=%2Fwp%2Fv2%2Fmedia&parent=343027"}],"wp:term":[{"taxonomy":"category","embeddable":true,"href":"https:\/\/blogdofarnesio.com.br\/index.php?rest_route=%2Fwp%2Fv2%2Fcategories&post=343027"},{"taxonomy":"post_tag","embeddable":true,"href":"https:\/\/blogdofarnesio.com.br\/index.php?rest_route=%2Fwp%2Fv2%2Ftags&post=343027"}],"curies":[{"name":"wp","href":"https:\/\/api.w.org\/{rel}","templated":true}]}}