{"id":343021,"date":"2023-06-14T16:04:39","date_gmt":"2023-06-14T19:04:39","guid":{"rendered":"https:\/\/blogdofarnesio.com.br\/?p=343021"},"modified":"2023-06-14T12:46:55","modified_gmt":"2023-06-14T15:46:55","slug":"em-audios-divulgados-robinho-diz-que-daria-um-soco-na-cara-de-vitima-de-estupro-na-italia","status":"publish","type":"post","link":"https:\/\/blogdofarnesio.com.br\/?p=343021","title":{"rendered":"Em \u00e1udios divulgados, Robinho diz que daria um soco na cara de v\u00edtima de estupro na It\u00e1lia"},"content":{"rendered":"<div class=\"sc-8a384deb-0 gcFtGo\"><\/div>\n<div class=\"sc-494c7b39-1 bRxsec\">\n<div class=\"sc-494c7b39-2 dUevSg\">\n<div class=\"imgCredits\">Em \u00e1udios divulgados pelo site UOL Esporte, nesta quarta-feira (14), o atacante Robinho diz que daria um soco na cara de v\u00edtima de estupro na It\u00e1lia. A declara\u00e7\u00e3o foi dada na noite do dia 24 de abril de 2014, em Mil\u00e3o, quando discutia com o amigo Ricardo Falco sobre a acusa\u00e7\u00e3o de uma mulher albanesa. A conversa foi grampeada pela pol\u00edcia e as escutas foram inclu\u00eddas na den\u00fancia que o Minist\u00e9rio P\u00fablico italiano movia contra ele e cinco amigos.<\/div>\n<\/div>\n<div class=\"sc-494c7b39-3 fUSHdU\">\n<p>&#8220;A mina sabe que tu n\u00e3o fez porra nenhuma com ela, ela \u00e9 idiota? A gente vai dar um soco na cara dela. Tu vai dar um murro na cara, vai falar: &#8216;Porra, que que eu fiz contigo?&#8221;, disse Robinho, que na \u00e9poca jogava no Milan.<\/p>\n<p>A Justi\u00e7a italiana possui mais de 10 horas de escutas que foram as principais provas no processo que condenou Robinho e Falco a nove anos de pris\u00e3o por estupro coletivo. A senten\u00e7a passou por tr\u00eas inst\u00e2ncias nos tribunais do pa\u00eds europeu, sendo a \u00faltima no dia 19 de janeiro de 2022, e com isso n\u00e3o cabe mais recurso.<\/p>\n<p>O crime aconteceu na madrugada de 22 de janeiro de 2013. Uma mulher albanesa acusou Robinho, Ricardo Falco, Fabio Cassis Galan, Clayton Flor\u00eancio dos Santos, Alexsandro da Silva e Rudney Gomes da Silva de terem a estuprado, na boate Sio Cafe. A v\u00edtima comemorava o anivers\u00e1rio de 23 anos. Na \u00e9poca, o jogador negou o envolvimento no caso. No entanto, ele e os outros acusados aparecem nas grava\u00e7\u00f5es do estabelecimento. Ao longo dos meses, os seis mudaram suas vers\u00f5es sobre o ocorrido.<\/p>\n<p>Na escuta grampeada em que admite que daria um soco na v\u00edtima, Robinho confessa ter mantido rela\u00e7\u00f5es sexuais com a mulher.<\/p>\n<p>&#8220;Vamos chutar errado: &#8216;Ah, deu alguma coisa, descobriram que o Ricardo participou, que o Neguinho comeu a mina.&#8217; &#8216;\u00c9, eu comi, p\u00f4! Porque ela quis. Aonde eu forcei a mina? Eu comi a mina, ela fez chupeta pra mim e depois sa\u00ed fora. Os caras continuaram l\u00e1&#8221;, disse o atleta.<\/p>\n<p>Em outras grava\u00e7\u00f5es, Robinho fala do estado da garota. Segundo ele, a v\u00edtima estava embriagada.<\/p>\n<p>&#8220;Por isso que eu estou rindo, eu n\u00e3o estou nem a\u00ed. A mina estava extremamente embriagada, n\u00e3o sabe nem quem que eu sou&#8221;, comentou. &#8220;Tem que ver quem transou com ela e como que era o estado dela. Ela tava muito louca&#8221;, falou em outro trecho.<\/p>\n<p>Enquanto Robinho e Falco acabaram sendo condenados, os outros brasileiros denunciados nunca foram encontrados pela Justi\u00e7a italiana, por terem deixado o pa\u00eds logo em seguida e com isso, o processo n\u00e3o andou. Todos eles moram no Brasil atualmente.<\/p>\n<p>&#8220;Eu vi o Rudney rangando ela e os outros cara rangando ali. Ent\u00e3o os caras que rangaram ela v\u00e3o se foder&#8221;, disse o atacante. &#8220;Ningu\u00e9m vai dizer que voc\u00eas fez porra nenhuma com a mina, nem tu nem o Jairo. Pros moleque vai, pro Seu Claytinho, pro Seu Galan, pro Seu Alex. O Galan n\u00e3o, ele n\u00e3o fez nada, mas se a mina botou o nome dele, vou fazer o qu\u00ea? Agora Claytinho, Rudney e Alex, t\u00e1 morto&#8221;, completou.<\/p>\n<p>A Justi\u00e7a italiana pediu ao Brasil para que Robinho e Falco cumpram a pena em solo brasileiro. Pela Constitui\u00e7\u00e3o brasileira, nenhum cidad\u00e3o pode ser extraditado. O processo tramita no Superior Tribunal de Justi\u00e7a (STJ). A defesa do atleta alega problemas na tradu\u00e7\u00e3o das grava\u00e7\u00f5es e pede que o tribunal exija da It\u00e1lia todo o processo traduzido e n\u00e3o apenas a senten\u00e7a. No entanto, a solicita\u00e7\u00e3o foi negada.<\/p>\n<\/div>\n<\/div>\n","protected":false},"excerpt":{"rendered":"<p>Em \u00e1udios divulgados pelo site UOL Esporte, nesta quarta-feira (14), o atacante Robinho diz que daria um soco na cara de v\u00edtima de estupro na It\u00e1lia. A declara\u00e7\u00e3o foi dada na noite do dia 24 de abril de 2014, em Mil\u00e3o, quando discutia com o amigo Ricardo Falco sobre a acusa\u00e7\u00e3o de uma mulher albanesa. A conversa foi grampeada pela pol\u00edcia e as escutas foram inclu\u00eddas na den\u00fancia que o Minist\u00e9rio P\u00fablico italiano movia contra ele e cinco amigos. &#8220;A mina sabe que tu n\u00e3o fez porra nenhuma com ela, ela \u00e9 idiota? A gente vai dar um soco na cara dela. Tu vai dar um murro na cara, vai falar: &#8216;Porra, que que eu fiz contigo?&#8221;, disse Robinho, que&hellip; <\/p>\n","protected":false},"author":2,"featured_media":304530,"comment_status":"open","ping_status":"open","sticky":false,"template":"","format":"standard","meta":{"_acf_changed":false,"footnotes":""},"categories":[23],"tags":[],"class_list":["post-343021","post","type-post","status-publish","format-standard","has-post-thumbnail","hentry","category-justica"],"acf":[],"yoast_head":"<!-- This site is optimized with the Yoast SEO plugin v27.4 - https:\/\/yoast.com\/product\/yoast-seo-wordpress\/ -->\n<title>Em \u00e1udios divulgados, Robinho diz que daria um soco na cara de v\u00edtima de estupro na It\u00e1lia - Blog do Farn\u00e9sio<\/title>\n<meta name=\"robots\" content=\"index, follow, max-snippet:-1, max-image-preview:large, max-video-preview:-1\" \/>\n<link rel=\"canonical\" href=\"https:\/\/blogdofarnesio.com.br\/?p=343021\" \/>\n<meta property=\"og:locale\" content=\"pt_BR\" \/>\n<meta property=\"og:type\" content=\"article\" \/>\n<meta property=\"og:title\" content=\"Em \u00e1udios divulgados, Robinho diz que daria um soco na cara de v\u00edtima de estupro na It\u00e1lia - Blog do Farn\u00e9sio\" \/>\n<meta property=\"og:description\" content=\"Em \u00e1udios divulgados pelo site UOL Esporte, nesta quarta-feira (14), o atacante Robinho diz que daria um soco na cara de v\u00edtima de estupro na It\u00e1lia. A declara\u00e7\u00e3o foi dada na noite do dia 24 de abril de 2014, em Mil\u00e3o, quando discutia com o amigo Ricardo Falco sobre a acusa\u00e7\u00e3o de uma mulher albanesa. A conversa foi grampeada pela pol\u00edcia e as escutas foram inclu\u00eddas na den\u00fancia que o Minist\u00e9rio P\u00fablico italiano movia contra ele e cinco amigos. &#8220;A mina sabe que tu n\u00e3o fez porra nenhuma com ela, ela \u00e9 idiota? A gente vai dar um soco na cara dela. Tu vai dar um murro na cara, vai falar: &#8216;Porra, que que eu fiz contigo?&#8221;, disse Robinho, que&hellip;\" \/>\n<meta property=\"og:url\" content=\"https:\/\/blogdofarnesio.com.br\/?p=343021\" \/>\n<meta property=\"og:site_name\" content=\"Blog do Farn\u00e9sio\" \/>\n<meta property=\"article:publisher\" content=\"https:\/\/www.facebook.com\/BlogQuerSaberPolitica\/\" \/>\n<meta property=\"article:author\" content=\"https:\/\/www.facebook.com\/?ref=tn_tnmn\" \/>\n<meta property=\"article:published_time\" content=\"2023-06-14T19:04:39+00:00\" \/>\n<meta property=\"og:image\" content=\"https:\/\/blogdofarnesio.com.br\/wp-content\/uploads\/2022\/01\/blogqsprobinho-Foto-Ivan-Storti-Santos-FC.jpg\" \/>\n\t<meta property=\"og:image:width\" content=\"380\" \/>\n\t<meta property=\"og:image:height\" content=\"280\" \/>\n\t<meta property=\"og:image:type\" content=\"image\/jpeg\" \/>\n<meta name=\"author\" content=\"Farn\u00e9sio\" \/>\n<meta name=\"twitter:card\" content=\"summary_large_image\" \/>\n<meta name=\"twitter:label1\" content=\"Escrito por\" \/>\n\t<meta name=\"twitter:data1\" content=\"Farn\u00e9sio\" \/>\n\t<meta name=\"twitter:label2\" content=\"Est. tempo de leitura\" \/>\n\t<meta name=\"twitter:data2\" content=\"4 minutos\" \/>\n<script type=\"application\/ld+json\" class=\"yoast-schema-graph\">{\"@context\":\"https:\\\/\\\/schema.org\",\"@graph\":[{\"@type\":\"Article\",\"@id\":\"https:\\\/\\\/blogdofarnesio.com.br\\\/?p=343021#article\",\"isPartOf\":{\"@id\":\"https:\\\/\\\/blogdofarnesio.com.br\\\/?p=343021\"},\"author\":{\"name\":\"Farn\u00e9sio\",\"@id\":\"https:\\\/\\\/blogdofarnesio.com.br\\\/#\\\/schema\\\/person\\\/bb9b23ae3ad0609ce8df7b6c9e76824d\"},\"headline\":\"Em \u00e1udios divulgados, Robinho diz que daria um soco na cara de v\u00edtima de estupro na It\u00e1lia\",\"datePublished\":\"2023-06-14T19:04:39+00:00\",\"mainEntityOfPage\":{\"@id\":\"https:\\\/\\\/blogdofarnesio.com.br\\\/?p=343021\"},\"wordCount\":637,\"commentCount\":0,\"publisher\":{\"@id\":\"https:\\\/\\\/blogdofarnesio.com.br\\\/#organization\"},\"image\":{\"@id\":\"https:\\\/\\\/blogdofarnesio.com.br\\\/?p=343021#primaryimage\"},\"thumbnailUrl\":\"https:\\\/\\\/blogdofarnesio.com.br\\\/wp-content\\\/uploads\\\/2022\\\/01\\\/blogqsprobinho-Foto-Ivan-Storti-Santos-FC.jpg\",\"articleSection\":[\"Justi\u00e7a\"],\"inLanguage\":\"pt-BR\",\"potentialAction\":[{\"@type\":\"CommentAction\",\"name\":\"Comment\",\"target\":[\"https:\\\/\\\/blogdofarnesio.com.br\\\/?p=343021#respond\"]}]},{\"@type\":\"WebPage\",\"@id\":\"https:\\\/\\\/blogdofarnesio.com.br\\\/?p=343021\",\"url\":\"https:\\\/\\\/blogdofarnesio.com.br\\\/?p=343021\",\"name\":\"Em \u00e1udios divulgados, Robinho diz que daria um soco na cara de v\u00edtima de estupro na It\u00e1lia - Blog do Farn\u00e9sio\",\"isPartOf\":{\"@id\":\"https:\\\/\\\/blogdofarnesio.com.br\\\/#website\"},\"primaryImageOfPage\":{\"@id\":\"https:\\\/\\\/blogdofarnesio.com.br\\\/?p=343021#primaryimage\"},\"image\":{\"@id\":\"https:\\\/\\\/blogdofarnesio.com.br\\\/?p=343021#primaryimage\"},\"thumbnailUrl\":\"https:\\\/\\\/blogdofarnesio.com.br\\\/wp-content\\\/uploads\\\/2022\\\/01\\\/blogqsprobinho-Foto-Ivan-Storti-Santos-FC.jpg\",\"datePublished\":\"2023-06-14T19:04:39+00:00\",\"breadcrumb\":{\"@id\":\"https:\\\/\\\/blogdofarnesio.com.br\\\/?p=343021#breadcrumb\"},\"inLanguage\":\"pt-BR\",\"potentialAction\":[{\"@type\":\"ReadAction\",\"target\":[\"https:\\\/\\\/blogdofarnesio.com.br\\\/?p=343021\"]}]},{\"@type\":\"ImageObject\",\"inLanguage\":\"pt-BR\",\"@id\":\"https:\\\/\\\/blogdofarnesio.com.br\\\/?p=343021#primaryimage\",\"url\":\"https:\\\/\\\/blogdofarnesio.com.br\\\/wp-content\\\/uploads\\\/2022\\\/01\\\/blogqsprobinho-Foto-Ivan-Storti-Santos-FC.jpg\",\"contentUrl\":\"https:\\\/\\\/blogdofarnesio.com.br\\\/wp-content\\\/uploads\\\/2022\\\/01\\\/blogqsprobinho-Foto-Ivan-Storti-Santos-FC.jpg\",\"width\":380,\"height\":280},{\"@type\":\"BreadcrumbList\",\"@id\":\"https:\\\/\\\/blogdofarnesio.com.br\\\/?p=343021#breadcrumb\",\"itemListElement\":[{\"@type\":\"ListItem\",\"position\":1,\"name\":\"In\u00edcio\",\"item\":\"https:\\\/\\\/blogdofarnesio.com.br\\\/\"},{\"@type\":\"ListItem\",\"position\":2,\"name\":\"Em \u00e1udios divulgados, Robinho diz que daria um soco na cara de v\u00edtima de estupro na It\u00e1lia\"}]},{\"@type\":\"WebSite\",\"@id\":\"https:\\\/\\\/blogdofarnesio.com.br\\\/#website\",\"url\":\"https:\\\/\\\/blogdofarnesio.com.br\\\/\",\"name\":\"Blog do Farn\u00e9sio\",\"description\":\"Quer Saber Pol\u00edtica?\",\"publisher\":{\"@id\":\"https:\\\/\\\/blogdofarnesio.com.br\\\/#organization\"},\"potentialAction\":[{\"@type\":\"SearchAction\",\"target\":{\"@type\":\"EntryPoint\",\"urlTemplate\":\"https:\\\/\\\/blogdofarnesio.com.br\\\/?s={search_term_string}\"},\"query-input\":{\"@type\":\"PropertyValueSpecification\",\"valueRequired\":true,\"valueName\":\"search_term_string\"}}],\"inLanguage\":\"pt-BR\"},{\"@type\":\"Organization\",\"@id\":\"https:\\\/\\\/blogdofarnesio.com.br\\\/#organization\",\"name\":\"Blog do Farn\u00e9sio\",\"url\":\"https:\\\/\\\/blogdofarnesio.com.br\\\/\",\"logo\":{\"@type\":\"ImageObject\",\"inLanguage\":\"pt-BR\",\"@id\":\"https:\\\/\\\/blogdofarnesio.com.br\\\/#\\\/schema\\\/logo\\\/image\\\/\",\"url\":\"https:\\\/\\\/blogdofarnesio.com.br\\\/wp-content\\\/uploads\\\/2026\\\/03\\\/cropped-logo_new-1.png\",\"contentUrl\":\"https:\\\/\\\/blogdofarnesio.com.br\\\/wp-content\\\/uploads\\\/2026\\\/03\\\/cropped-logo_new-1.png\",\"width\":881,\"height\":685,\"caption\":\"Blog do Farn\u00e9sio\"},\"image\":{\"@id\":\"https:\\\/\\\/blogdofarnesio.com.br\\\/#\\\/schema\\\/logo\\\/image\\\/\"},\"sameAs\":[\"https:\\\/\\\/www.facebook.com\\\/BlogQuerSaberPolitica\\\/\"]},{\"@type\":\"Person\",\"@id\":\"https:\\\/\\\/blogdofarnesio.com.br\\\/#\\\/schema\\\/person\\\/bb9b23ae3ad0609ce8df7b6c9e76824d\",\"name\":\"Farn\u00e9sio\",\"image\":{\"@type\":\"ImageObject\",\"inLanguage\":\"pt-BR\",\"@id\":\"https:\\\/\\\/secure.gravatar.com\\\/avatar\\\/986aa4c61ccdb66f8555bf88fc2a65609d00bcabd4d2d94377a727547345cbca?s=96&d=mm&r=g\",\"url\":\"https:\\\/\\\/secure.gravatar.com\\\/avatar\\\/986aa4c61ccdb66f8555bf88fc2a65609d00bcabd4d2d94377a727547345cbca?s=96&d=mm&r=g\",\"contentUrl\":\"https:\\\/\\\/secure.gravatar.com\\\/avatar\\\/986aa4c61ccdb66f8555bf88fc2a65609d00bcabd4d2d94377a727547345cbca?s=96&d=mm&r=g\",\"caption\":\"Farn\u00e9sio\"},\"description\":\"Radialista blogueiro, chegou a Petrolina\\\/Juazeiro em setembro de 1980, Farn\u00e9sio Silva \u00e9 de Arapiraca-Alagoas.\",\"sameAs\":[\"http:\\\/\\\/blogdofarnesio.com.br\",\"https:\\\/\\\/www.facebook.com\\\/?ref=tn_tnmn\",\"https:\\\/\\\/www.instagram.com\\\/?utm_source=pwa_homescreen\",\"https:\\\/\\\/youtube.com.br\\\/\"],\"url\":\"https:\\\/\\\/blogdofarnesio.com.br\\\/?author=2\"}]}<\/script>\n<!-- \/ Yoast SEO plugin. -->","yoast_head_json":{"title":"Em \u00e1udios divulgados, Robinho diz que daria um soco na cara de v\u00edtima de estupro na It\u00e1lia - Blog do Farn\u00e9sio","robots":{"index":"index","follow":"follow","max-snippet":"max-snippet:-1","max-image-preview":"max-image-preview:large","max-video-preview":"max-video-preview:-1"},"canonical":"https:\/\/blogdofarnesio.com.br\/?p=343021","og_locale":"pt_BR","og_type":"article","og_title":"Em \u00e1udios divulgados, Robinho diz que daria um soco na cara de v\u00edtima de estupro na It\u00e1lia - Blog do Farn\u00e9sio","og_description":"Em \u00e1udios divulgados pelo site UOL Esporte, nesta quarta-feira (14), o atacante Robinho diz que daria um soco na cara de v\u00edtima de estupro na It\u00e1lia. A declara\u00e7\u00e3o foi dada na noite do dia 24 de abril de 2014, em Mil\u00e3o, quando discutia com o amigo Ricardo Falco sobre a acusa\u00e7\u00e3o de uma mulher albanesa. A conversa foi grampeada pela pol\u00edcia e as escutas foram inclu\u00eddas na den\u00fancia que o Minist\u00e9rio P\u00fablico italiano movia contra ele e cinco amigos. &#8220;A mina sabe que tu n\u00e3o fez porra nenhuma com ela, ela \u00e9 idiota? A gente vai dar um soco na cara dela. Tu vai dar um murro na cara, vai falar: &#8216;Porra, que que eu fiz contigo?&#8221;, disse Robinho, que&hellip;","og_url":"https:\/\/blogdofarnesio.com.br\/?p=343021","og_site_name":"Blog do Farn\u00e9sio","article_publisher":"https:\/\/www.facebook.com\/BlogQuerSaberPolitica\/","article_author":"https:\/\/www.facebook.com\/?ref=tn_tnmn","article_published_time":"2023-06-14T19:04:39+00:00","og_image":[{"width":380,"height":280,"url":"https:\/\/blogdofarnesio.com.br\/wp-content\/uploads\/2022\/01\/blogqsprobinho-Foto-Ivan-Storti-Santos-FC.jpg","type":"image\/jpeg"}],"author":"Farn\u00e9sio","twitter_card":"summary_large_image","twitter_misc":{"Escrito por":"Farn\u00e9sio","Est. tempo de leitura":"4 minutos"},"schema":{"@context":"https:\/\/schema.org","@graph":[{"@type":"Article","@id":"https:\/\/blogdofarnesio.com.br\/?p=343021#article","isPartOf":{"@id":"https:\/\/blogdofarnesio.com.br\/?p=343021"},"author":{"name":"Farn\u00e9sio","@id":"https:\/\/blogdofarnesio.com.br\/#\/schema\/person\/bb9b23ae3ad0609ce8df7b6c9e76824d"},"headline":"Em \u00e1udios divulgados, Robinho diz que daria um soco na cara de v\u00edtima de estupro na It\u00e1lia","datePublished":"2023-06-14T19:04:39+00:00","mainEntityOfPage":{"@id":"https:\/\/blogdofarnesio.com.br\/?p=343021"},"wordCount":637,"commentCount":0,"publisher":{"@id":"https:\/\/blogdofarnesio.com.br\/#organization"},"image":{"@id":"https:\/\/blogdofarnesio.com.br\/?p=343021#primaryimage"},"thumbnailUrl":"https:\/\/blogdofarnesio.com.br\/wp-content\/uploads\/2022\/01\/blogqsprobinho-Foto-Ivan-Storti-Santos-FC.jpg","articleSection":["Justi\u00e7a"],"inLanguage":"pt-BR","potentialAction":[{"@type":"CommentAction","name":"Comment","target":["https:\/\/blogdofarnesio.com.br\/?p=343021#respond"]}]},{"@type":"WebPage","@id":"https:\/\/blogdofarnesio.com.br\/?p=343021","url":"https:\/\/blogdofarnesio.com.br\/?p=343021","name":"Em \u00e1udios divulgados, Robinho diz que daria um soco na cara de v\u00edtima de estupro na It\u00e1lia - Blog do Farn\u00e9sio","isPartOf":{"@id":"https:\/\/blogdofarnesio.com.br\/#website"},"primaryImageOfPage":{"@id":"https:\/\/blogdofarnesio.com.br\/?p=343021#primaryimage"},"image":{"@id":"https:\/\/blogdofarnesio.com.br\/?p=343021#primaryimage"},"thumbnailUrl":"https:\/\/blogdofarnesio.com.br\/wp-content\/uploads\/2022\/01\/blogqsprobinho-Foto-Ivan-Storti-Santos-FC.jpg","datePublished":"2023-06-14T19:04:39+00:00","breadcrumb":{"@id":"https:\/\/blogdofarnesio.com.br\/?p=343021#breadcrumb"},"inLanguage":"pt-BR","potentialAction":[{"@type":"ReadAction","target":["https:\/\/blogdofarnesio.com.br\/?p=343021"]}]},{"@type":"ImageObject","inLanguage":"pt-BR","@id":"https:\/\/blogdofarnesio.com.br\/?p=343021#primaryimage","url":"https:\/\/blogdofarnesio.com.br\/wp-content\/uploads\/2022\/01\/blogqsprobinho-Foto-Ivan-Storti-Santos-FC.jpg","contentUrl":"https:\/\/blogdofarnesio.com.br\/wp-content\/uploads\/2022\/01\/blogqsprobinho-Foto-Ivan-Storti-Santos-FC.jpg","width":380,"height":280},{"@type":"BreadcrumbList","@id":"https:\/\/blogdofarnesio.com.br\/?p=343021#breadcrumb","itemListElement":[{"@type":"ListItem","position":1,"name":"In\u00edcio","item":"https:\/\/blogdofarnesio.com.br\/"},{"@type":"ListItem","position":2,"name":"Em \u00e1udios divulgados, Robinho diz que daria um soco na cara de v\u00edtima de estupro na It\u00e1lia"}]},{"@type":"WebSite","@id":"https:\/\/blogdofarnesio.com.br\/#website","url":"https:\/\/blogdofarnesio.com.br\/","name":"Blog do Farn\u00e9sio","description":"Quer Saber Pol\u00edtica?","publisher":{"@id":"https:\/\/blogdofarnesio.com.br\/#organization"},"potentialAction":[{"@type":"SearchAction","target":{"@type":"EntryPoint","urlTemplate":"https:\/\/blogdofarnesio.com.br\/?s={search_term_string}"},"query-input":{"@type":"PropertyValueSpecification","valueRequired":true,"valueName":"search_term_string"}}],"inLanguage":"pt-BR"},{"@type":"Organization","@id":"https:\/\/blogdofarnesio.com.br\/#organization","name":"Blog do Farn\u00e9sio","url":"https:\/\/blogdofarnesio.com.br\/","logo":{"@type":"ImageObject","inLanguage":"pt-BR","@id":"https:\/\/blogdofarnesio.com.br\/#\/schema\/logo\/image\/","url":"https:\/\/blogdofarnesio.com.br\/wp-content\/uploads\/2026\/03\/cropped-logo_new-1.png","contentUrl":"https:\/\/blogdofarnesio.com.br\/wp-content\/uploads\/2026\/03\/cropped-logo_new-1.png","width":881,"height":685,"caption":"Blog do Farn\u00e9sio"},"image":{"@id":"https:\/\/blogdofarnesio.com.br\/#\/schema\/logo\/image\/"},"sameAs":["https:\/\/www.facebook.com\/BlogQuerSaberPolitica\/"]},{"@type":"Person","@id":"https:\/\/blogdofarnesio.com.br\/#\/schema\/person\/bb9b23ae3ad0609ce8df7b6c9e76824d","name":"Farn\u00e9sio","image":{"@type":"ImageObject","inLanguage":"pt-BR","@id":"https:\/\/secure.gravatar.com\/avatar\/986aa4c61ccdb66f8555bf88fc2a65609d00bcabd4d2d94377a727547345cbca?s=96&d=mm&r=g","url":"https:\/\/secure.gravatar.com\/avatar\/986aa4c61ccdb66f8555bf88fc2a65609d00bcabd4d2d94377a727547345cbca?s=96&d=mm&r=g","contentUrl":"https:\/\/secure.gravatar.com\/avatar\/986aa4c61ccdb66f8555bf88fc2a65609d00bcabd4d2d94377a727547345cbca?s=96&d=mm&r=g","caption":"Farn\u00e9sio"},"description":"Radialista blogueiro, chegou a Petrolina\/Juazeiro em setembro de 1980, Farn\u00e9sio Silva \u00e9 de Arapiraca-Alagoas.","sameAs":["http:\/\/blogdofarnesio.com.br","https:\/\/www.facebook.com\/?ref=tn_tnmn","https:\/\/www.instagram.com\/?utm_source=pwa_homescreen","https:\/\/youtube.com.br\/"],"url":"https:\/\/blogdofarnesio.com.br\/?author=2"}]}},"_links":{"self":[{"href":"https:\/\/blogdofarnesio.com.br\/index.php?rest_route=\/wp\/v2\/posts\/343021","targetHints":{"allow":["GET"]}}],"collection":[{"href":"https:\/\/blogdofarnesio.com.br\/index.php?rest_route=\/wp\/v2\/posts"}],"about":[{"href":"https:\/\/blogdofarnesio.com.br\/index.php?rest_route=\/wp\/v2\/types\/post"}],"author":[{"embeddable":true,"href":"https:\/\/blogdofarnesio.com.br\/index.php?rest_route=\/wp\/v2\/users\/2"}],"replies":[{"embeddable":true,"href":"https:\/\/blogdofarnesio.com.br\/index.php?rest_route=%2Fwp%2Fv2%2Fcomments&post=343021"}],"version-history":[{"count":0,"href":"https:\/\/blogdofarnesio.com.br\/index.php?rest_route=\/wp\/v2\/posts\/343021\/revisions"}],"wp:featuredmedia":[{"embeddable":true,"href":"https:\/\/blogdofarnesio.com.br\/index.php?rest_route=\/wp\/v2\/media\/304530"}],"wp:attachment":[{"href":"https:\/\/blogdofarnesio.com.br\/index.php?rest_route=%2Fwp%2Fv2%2Fmedia&parent=343021"}],"wp:term":[{"taxonomy":"category","embeddable":true,"href":"https:\/\/blogdofarnesio.com.br\/index.php?rest_route=%2Fwp%2Fv2%2Fcategories&post=343021"},{"taxonomy":"post_tag","embeddable":true,"href":"https:\/\/blogdofarnesio.com.br\/index.php?rest_route=%2Fwp%2Fv2%2Ftags&post=343021"}],"curies":[{"name":"wp","href":"https:\/\/api.w.org\/{rel}","templated":true}]}}