{"id":342912,"date":"2023-06-13T15:23:40","date_gmt":"2023-06-13T18:23:40","guid":{"rendered":"https:\/\/blogdofarnesio.com.br\/?p=342912"},"modified":"2023-06-13T10:34:52","modified_gmt":"2023-06-13T13:34:52","slug":"prefeita-suzana-ramos-cumpre-agenda-em-salvador-em-busca-de-mais-desenvolvimento-para-juazeiro","status":"publish","type":"post","link":"https:\/\/blogdofarnesio.com.br\/2023\/06\/prefeita-suzana-ramos-cumpre-agenda-em-salvador-em-busca-de-mais-desenvolvimento-para-juazeiro\/","title":{"rendered":"Prefeita Suzana Ramos cumpre agenda em Salvador em busca de mais desenvolvimento para Juazeiro"},"content":{"rendered":"<p style=\"font-weight: 400;\">A prefeita Suzana Ramos iniciou a semana cumprindo agenda em Salvador na segunda-feira (12). Acompanhada do deputado estadual Jord\u00e1vio Ramos; do secret\u00e1rio de Obras e Desenvolvimento Urbano (Sedur), Acau\u00e3 Santiago e do superintendente de finan\u00e7as, Anisio Viana, a prefeita e sua comitiva participaram de uma audi\u00eancia na sede da Secretaria de Infraestrutura (Seinfra-BA), junto ao secret\u00e1rio S\u00e9rgio Brito, em busca de a\u00e7\u00f5es e projetos voltados para o desenvolvimento de Juazeiro.<\/p>\n<p style=\"font-weight: 400;\">Entre as pautas da reuni\u00e3o estiveram demandas relacionadas ao desenvolvimento do munic\u00edpio, como: a implementa\u00e7\u00e3o da estrada que liga o distrito de Itamotinga a BA-210, al\u00e9m de cobrar a celeridade na conclus\u00e3o das obras de duplica\u00e7\u00e3o do trecho urbano da BA-210, entre o Mercado do Produtor e a Rodovia Salitre.<\/p>\n<p style=\"font-weight: 400;\">\u201cParticipamos de um momento bastante positivo e produtivo que teve como foco o desenvolvimento de Juazeiro. Agrade\u00e7o ao secret\u00e1rio S\u00e9rgio Brito por ouvir as nossas demandas e se comprometer com o desenvolvimento da nossa cidade, ao deputado Jord\u00e1vio Ramos por abrir as portas para que n\u00f3s possamos sempre trazer as necessidades do povo de Juazeiro ao governo do estado\u201d, destacou a prefeita Suzana Ramos.<\/p>\n<p style=\"font-weight: 400;\">O deputado estadual Jord\u00e1vio Ramos destacou que as a\u00e7\u00f5es pautadas ir\u00e3o proporcionar qualidade de vida para os juazeirenses. \u201cO desenvolvimento de Juazeiro sempre ser\u00e1 uma pauta minha. Eu sei do esfor\u00e7o da prefeita Suzana Ramos e toda sua equipe na busca por melhorias para o povo de Juazeiro. Ela pode contar comigo, sempre estarei batendo nas portas dos secret\u00e1rios, do governador ou de quem preciso for, para levar recursos para Juazeiro, pois sei que quando o desenvolvimento chega, proporciona mais qualidade de vida para a popula\u00e7\u00e3o. Agrade\u00e7o a sensibilidade do secret\u00e1rio S\u00e9rgio Britto em nos ouvir e se comprometer com Juazeiro\u201d, pontuou o parlamentar.<\/p>\n","protected":false},"excerpt":{"rendered":"<p>A prefeita Suzana Ramos iniciou a semana cumprindo agenda em Salvador na segunda-feira (12). Acompanhada do deputado estadual Jord\u00e1vio Ramos; do secret\u00e1rio de Obras e Desenvolvimento Urbano (Sedur), Acau\u00e3 Santiago e do superintendente de finan\u00e7as, Anisio Viana, a prefeita e sua comitiva participaram de uma audi\u00eancia na sede da Secretaria de Infraestrutura (Seinfra-BA), junto ao secret\u00e1rio S\u00e9rgio Brito, em busca de a\u00e7\u00f5es e projetos voltados para o desenvolvimento de Juazeiro. Entre as pautas da reuni\u00e3o estiveram demandas relacionadas ao desenvolvimento do munic\u00edpio, como: a implementa\u00e7\u00e3o da estrada que liga o distrito de Itamotinga a BA-210, al\u00e9m de cobrar a celeridade na conclus\u00e3o das obras de duplica\u00e7\u00e3o do trecho urbano da BA-210, entre o Mercado do Produtor e a Rodovia Salitre.&hellip; <\/p>\n","protected":false},"author":2,"featured_media":342913,"comment_status":"open","ping_status":"open","sticky":false,"template":"","format":"standard","meta":{"_acf_changed":false,"footnotes":""},"categories":[44],"tags":[],"class_list":["post-342912","post","type-post","status-publish","format-standard","has-post-thumbnail","hentry","category-administracao"],"acf":[],"yoast_head":"<!-- This site is optimized with the Yoast SEO plugin v27.5 - https:\/\/yoast.com\/product\/yoast-seo-wordpress\/ -->\n<title>Prefeita Suzana Ramos cumpre agenda em Salvador em busca de mais desenvolvimento para Juazeiro - Blog do Farn\u00e9sio<\/title>\n<meta name=\"robots\" content=\"index, follow, max-snippet:-1, max-image-preview:large, max-video-preview:-1\" \/>\n<link rel=\"canonical\" href=\"https:\/\/blogdofarnesio.com.br\/2023\/06\/prefeita-suzana-ramos-cumpre-agenda-em-salvador-em-busca-de-mais-desenvolvimento-para-juazeiro\/\" \/>\n<meta property=\"og:locale\" content=\"pt_BR\" \/>\n<meta property=\"og:type\" content=\"article\" \/>\n<meta property=\"og:title\" content=\"Prefeita Suzana Ramos cumpre agenda em Salvador em busca de mais desenvolvimento para Juazeiro - Blog do Farn\u00e9sio\" \/>\n<meta property=\"og:description\" content=\"A prefeita Suzana Ramos iniciou a semana cumprindo agenda em Salvador na segunda-feira (12). Acompanhada do deputado estadual Jord\u00e1vio Ramos; do secret\u00e1rio de Obras e Desenvolvimento Urbano (Sedur), Acau\u00e3 Santiago e do superintendente de finan\u00e7as, Anisio Viana, a prefeita e sua comitiva participaram de uma audi\u00eancia na sede da Secretaria de Infraestrutura (Seinfra-BA), junto ao secret\u00e1rio S\u00e9rgio Brito, em busca de a\u00e7\u00f5es e projetos voltados para o desenvolvimento de Juazeiro. Entre as pautas da reuni\u00e3o estiveram demandas relacionadas ao desenvolvimento do munic\u00edpio, como: a implementa\u00e7\u00e3o da estrada que liga o distrito de Itamotinga a BA-210, al\u00e9m de cobrar a celeridade na conclus\u00e3o das obras de duplica\u00e7\u00e3o do trecho urbano da BA-210, entre o Mercado do Produtor e a Rodovia Salitre.&hellip;\" \/>\n<meta property=\"og:url\" content=\"https:\/\/blogdofarnesio.com.br\/2023\/06\/prefeita-suzana-ramos-cumpre-agenda-em-salvador-em-busca-de-mais-desenvolvimento-para-juazeiro\/\" \/>\n<meta property=\"og:site_name\" content=\"Blog do Farn\u00e9sio\" \/>\n<meta property=\"article:publisher\" content=\"https:\/\/www.facebook.com\/BlogQuerSaberPolitica\/\" \/>\n<meta property=\"article:author\" content=\"https:\/\/www.facebook.com\/?ref=tn_tnmn\" \/>\n<meta property=\"article:published_time\" content=\"2023-06-13T18:23:40+00:00\" \/>\n<meta property=\"og:image\" content=\"https:\/\/blogdofarnesio.com.br\/wp-content\/uploads\/2023\/06\/blogqspsuzana-jordavio-sec-sergio-brito-e1686662128208.jpeg\" \/>\n\t<meta property=\"og:image:width\" content=\"680\" \/>\n\t<meta property=\"og:image:height\" content=\"431\" \/>\n\t<meta property=\"og:image:type\" content=\"image\/jpeg\" \/>\n<meta name=\"author\" content=\"Farn\u00e9sio\" \/>\n<meta name=\"twitter:card\" content=\"summary_large_image\" \/>\n<meta name=\"twitter:label1\" content=\"Escrito por\" \/>\n\t<meta name=\"twitter:data1\" content=\"Farn\u00e9sio\" \/>\n\t<meta name=\"twitter:label2\" content=\"Est. tempo de leitura\" \/>\n\t<meta name=\"twitter:data2\" content=\"2 minutos\" \/>\n<script type=\"application\/ld+json\" class=\"yoast-schema-graph\">{\"@context\":\"https:\\\/\\\/schema.org\",\"@graph\":[{\"@type\":\"Article\",\"@id\":\"https:\\\/\\\/blogdofarnesio.com.br\\\/2023\\\/06\\\/prefeita-suzana-ramos-cumpre-agenda-em-salvador-em-busca-de-mais-desenvolvimento-para-juazeiro\\\/#article\",\"isPartOf\":{\"@id\":\"https:\\\/\\\/blogdofarnesio.com.br\\\/2023\\\/06\\\/prefeita-suzana-ramos-cumpre-agenda-em-salvador-em-busca-de-mais-desenvolvimento-para-juazeiro\\\/\"},\"author\":{\"name\":\"Farn\u00e9sio\",\"@id\":\"https:\\\/\\\/blogdofarnesio.com.br\\\/#\\\/schema\\\/person\\\/bb9b23ae3ad0609ce8df7b6c9e76824d\"},\"headline\":\"Prefeita Suzana Ramos cumpre agenda em Salvador em busca de mais desenvolvimento para Juazeiro\",\"datePublished\":\"2023-06-13T18:23:40+00:00\",\"mainEntityOfPage\":{\"@id\":\"https:\\\/\\\/blogdofarnesio.com.br\\\/2023\\\/06\\\/prefeita-suzana-ramos-cumpre-agenda-em-salvador-em-busca-de-mais-desenvolvimento-para-juazeiro\\\/\"},\"wordCount\":328,\"commentCount\":0,\"publisher\":{\"@id\":\"https:\\\/\\\/blogdofarnesio.com.br\\\/#organization\"},\"image\":{\"@id\":\"https:\\\/\\\/blogdofarnesio.com.br\\\/2023\\\/06\\\/prefeita-suzana-ramos-cumpre-agenda-em-salvador-em-busca-de-mais-desenvolvimento-para-juazeiro\\\/#primaryimage\"},\"thumbnailUrl\":\"https:\\\/\\\/blogdofarnesio.com.br\\\/wp-content\\\/uploads\\\/2023\\\/06\\\/blogqspsuzana-jordavio-sec-sergio-brito-e1686662128208.jpeg\",\"articleSection\":[\"Administra\u00e7\u00e3o\"],\"inLanguage\":\"pt-BR\",\"potentialAction\":[{\"@type\":\"CommentAction\",\"name\":\"Comment\",\"target\":[\"https:\\\/\\\/blogdofarnesio.com.br\\\/2023\\\/06\\\/prefeita-suzana-ramos-cumpre-agenda-em-salvador-em-busca-de-mais-desenvolvimento-para-juazeiro\\\/#respond\"]}]},{\"@type\":\"WebPage\",\"@id\":\"https:\\\/\\\/blogdofarnesio.com.br\\\/2023\\\/06\\\/prefeita-suzana-ramos-cumpre-agenda-em-salvador-em-busca-de-mais-desenvolvimento-para-juazeiro\\\/\",\"url\":\"https:\\\/\\\/blogdofarnesio.com.br\\\/2023\\\/06\\\/prefeita-suzana-ramos-cumpre-agenda-em-salvador-em-busca-de-mais-desenvolvimento-para-juazeiro\\\/\",\"name\":\"Prefeita Suzana Ramos cumpre agenda em Salvador em busca de mais desenvolvimento para Juazeiro - Blog do Farn\u00e9sio\",\"isPartOf\":{\"@id\":\"https:\\\/\\\/blogdofarnesio.com.br\\\/#website\"},\"primaryImageOfPage\":{\"@id\":\"https:\\\/\\\/blogdofarnesio.com.br\\\/2023\\\/06\\\/prefeita-suzana-ramos-cumpre-agenda-em-salvador-em-busca-de-mais-desenvolvimento-para-juazeiro\\\/#primaryimage\"},\"image\":{\"@id\":\"https:\\\/\\\/blogdofarnesio.com.br\\\/2023\\\/06\\\/prefeita-suzana-ramos-cumpre-agenda-em-salvador-em-busca-de-mais-desenvolvimento-para-juazeiro\\\/#primaryimage\"},\"thumbnailUrl\":\"https:\\\/\\\/blogdofarnesio.com.br\\\/wp-content\\\/uploads\\\/2023\\\/06\\\/blogqspsuzana-jordavio-sec-sergio-brito-e1686662128208.jpeg\",\"datePublished\":\"2023-06-13T18:23:40+00:00\",\"breadcrumb\":{\"@id\":\"https:\\\/\\\/blogdofarnesio.com.br\\\/2023\\\/06\\\/prefeita-suzana-ramos-cumpre-agenda-em-salvador-em-busca-de-mais-desenvolvimento-para-juazeiro\\\/#breadcrumb\"},\"inLanguage\":\"pt-BR\",\"potentialAction\":[{\"@type\":\"ReadAction\",\"target\":[\"https:\\\/\\\/blogdofarnesio.com.br\\\/2023\\\/06\\\/prefeita-suzana-ramos-cumpre-agenda-em-salvador-em-busca-de-mais-desenvolvimento-para-juazeiro\\\/\"]}]},{\"@type\":\"ImageObject\",\"inLanguage\":\"pt-BR\",\"@id\":\"https:\\\/\\\/blogdofarnesio.com.br\\\/2023\\\/06\\\/prefeita-suzana-ramos-cumpre-agenda-em-salvador-em-busca-de-mais-desenvolvimento-para-juazeiro\\\/#primaryimage\",\"url\":\"https:\\\/\\\/blogdofarnesio.com.br\\\/wp-content\\\/uploads\\\/2023\\\/06\\\/blogqspsuzana-jordavio-sec-sergio-brito-e1686662128208.jpeg\",\"contentUrl\":\"https:\\\/\\\/blogdofarnesio.com.br\\\/wp-content\\\/uploads\\\/2023\\\/06\\\/blogqspsuzana-jordavio-sec-sergio-brito-e1686662128208.jpeg\",\"width\":680,\"height\":431},{\"@type\":\"BreadcrumbList\",\"@id\":\"https:\\\/\\\/blogdofarnesio.com.br\\\/2023\\\/06\\\/prefeita-suzana-ramos-cumpre-agenda-em-salvador-em-busca-de-mais-desenvolvimento-para-juazeiro\\\/#breadcrumb\",\"itemListElement\":[{\"@type\":\"ListItem\",\"position\":1,\"name\":\"In\u00edcio\",\"item\":\"https:\\\/\\\/blogdofarnesio.com.br\\\/\"},{\"@type\":\"ListItem\",\"position\":2,\"name\":\"Prefeita Suzana Ramos cumpre agenda em Salvador em busca de mais desenvolvimento para Juazeiro\"}]},{\"@type\":\"WebSite\",\"@id\":\"https:\\\/\\\/blogdofarnesio.com.br\\\/#website\",\"url\":\"https:\\\/\\\/blogdofarnesio.com.br\\\/\",\"name\":\"Blog do Farn\u00e9sio\",\"description\":\"Quer Saber Pol\u00edtica?\",\"publisher\":{\"@id\":\"https:\\\/\\\/blogdofarnesio.com.br\\\/#organization\"},\"potentialAction\":[{\"@type\":\"SearchAction\",\"target\":{\"@type\":\"EntryPoint\",\"urlTemplate\":\"https:\\\/\\\/blogdofarnesio.com.br\\\/?s={search_term_string}\"},\"query-input\":{\"@type\":\"PropertyValueSpecification\",\"valueRequired\":true,\"valueName\":\"search_term_string\"}}],\"inLanguage\":\"pt-BR\"},{\"@type\":\"Organization\",\"@id\":\"https:\\\/\\\/blogdofarnesio.com.br\\\/#organization\",\"name\":\"Blog do Farn\u00e9sio\",\"url\":\"https:\\\/\\\/blogdofarnesio.com.br\\\/\",\"logo\":{\"@type\":\"ImageObject\",\"inLanguage\":\"pt-BR\",\"@id\":\"https:\\\/\\\/blogdofarnesio.com.br\\\/#\\\/schema\\\/logo\\\/image\\\/\",\"url\":\"https:\\\/\\\/blogdofarnesio.com.br\\\/wp-content\\\/uploads\\\/2026\\\/03\\\/cropped-logo_new-1.png\",\"contentUrl\":\"https:\\\/\\\/blogdofarnesio.com.br\\\/wp-content\\\/uploads\\\/2026\\\/03\\\/cropped-logo_new-1.png\",\"width\":881,\"height\":685,\"caption\":\"Blog do Farn\u00e9sio\"},\"image\":{\"@id\":\"https:\\\/\\\/blogdofarnesio.com.br\\\/#\\\/schema\\\/logo\\\/image\\\/\"},\"sameAs\":[\"https:\\\/\\\/www.facebook.com\\\/BlogQuerSaberPolitica\\\/\"]},{\"@type\":\"Person\",\"@id\":\"https:\\\/\\\/blogdofarnesio.com.br\\\/#\\\/schema\\\/person\\\/bb9b23ae3ad0609ce8df7b6c9e76824d\",\"name\":\"Farn\u00e9sio\",\"image\":{\"@type\":\"ImageObject\",\"inLanguage\":\"pt-BR\",\"@id\":\"https:\\\/\\\/secure.gravatar.com\\\/avatar\\\/986aa4c61ccdb66f8555bf88fc2a65609d00bcabd4d2d94377a727547345cbca?s=96&d=mm&r=g\",\"url\":\"https:\\\/\\\/secure.gravatar.com\\\/avatar\\\/986aa4c61ccdb66f8555bf88fc2a65609d00bcabd4d2d94377a727547345cbca?s=96&d=mm&r=g\",\"contentUrl\":\"https:\\\/\\\/secure.gravatar.com\\\/avatar\\\/986aa4c61ccdb66f8555bf88fc2a65609d00bcabd4d2d94377a727547345cbca?s=96&d=mm&r=g\",\"caption\":\"Farn\u00e9sio\"},\"description\":\"Radialista blogueiro, chegou a Petrolina\\\/Juazeiro em setembro de 1980, Farn\u00e9sio Silva \u00e9 de Arapiraca-Alagoas.\",\"sameAs\":[\"http:\\\/\\\/blogdofarnesio.com.br\",\"https:\\\/\\\/www.facebook.com\\\/?ref=tn_tnmn\",\"https:\\\/\\\/www.instagram.com\\\/?utm_source=pwa_homescreen\",\"https:\\\/\\\/youtube.com.br\\\/\"],\"url\":\"https:\\\/\\\/blogdofarnesio.com.br\\\/author\\\/farnesio-2\\\/\"}]}<\/script>\n<!-- \/ Yoast SEO plugin. -->","yoast_head_json":{"title":"Prefeita Suzana Ramos cumpre agenda em Salvador em busca de mais desenvolvimento para Juazeiro - Blog do Farn\u00e9sio","robots":{"index":"index","follow":"follow","max-snippet":"max-snippet:-1","max-image-preview":"max-image-preview:large","max-video-preview":"max-video-preview:-1"},"canonical":"https:\/\/blogdofarnesio.com.br\/2023\/06\/prefeita-suzana-ramos-cumpre-agenda-em-salvador-em-busca-de-mais-desenvolvimento-para-juazeiro\/","og_locale":"pt_BR","og_type":"article","og_title":"Prefeita Suzana Ramos cumpre agenda em Salvador em busca de mais desenvolvimento para Juazeiro - Blog do Farn\u00e9sio","og_description":"A prefeita Suzana Ramos iniciou a semana cumprindo agenda em Salvador na segunda-feira (12). Acompanhada do deputado estadual Jord\u00e1vio Ramos; do secret\u00e1rio de Obras e Desenvolvimento Urbano (Sedur), Acau\u00e3 Santiago e do superintendente de finan\u00e7as, Anisio Viana, a prefeita e sua comitiva participaram de uma audi\u00eancia na sede da Secretaria de Infraestrutura (Seinfra-BA), junto ao secret\u00e1rio S\u00e9rgio Brito, em busca de a\u00e7\u00f5es e projetos voltados para o desenvolvimento de Juazeiro. Entre as pautas da reuni\u00e3o estiveram demandas relacionadas ao desenvolvimento do munic\u00edpio, como: a implementa\u00e7\u00e3o da estrada que liga o distrito de Itamotinga a BA-210, al\u00e9m de cobrar a celeridade na conclus\u00e3o das obras de duplica\u00e7\u00e3o do trecho urbano da BA-210, entre o Mercado do Produtor e a Rodovia Salitre.&hellip;","og_url":"https:\/\/blogdofarnesio.com.br\/2023\/06\/prefeita-suzana-ramos-cumpre-agenda-em-salvador-em-busca-de-mais-desenvolvimento-para-juazeiro\/","og_site_name":"Blog do Farn\u00e9sio","article_publisher":"https:\/\/www.facebook.com\/BlogQuerSaberPolitica\/","article_author":"https:\/\/www.facebook.com\/?ref=tn_tnmn","article_published_time":"2023-06-13T18:23:40+00:00","og_image":[{"width":680,"height":431,"url":"https:\/\/blogdofarnesio.com.br\/wp-content\/uploads\/2023\/06\/blogqspsuzana-jordavio-sec-sergio-brito-e1686662128208.jpeg","type":"image\/jpeg"}],"author":"Farn\u00e9sio","twitter_card":"summary_large_image","twitter_misc":{"Escrito por":"Farn\u00e9sio","Est. tempo de leitura":"2 minutos"},"schema":{"@context":"https:\/\/schema.org","@graph":[{"@type":"Article","@id":"https:\/\/blogdofarnesio.com.br\/2023\/06\/prefeita-suzana-ramos-cumpre-agenda-em-salvador-em-busca-de-mais-desenvolvimento-para-juazeiro\/#article","isPartOf":{"@id":"https:\/\/blogdofarnesio.com.br\/2023\/06\/prefeita-suzana-ramos-cumpre-agenda-em-salvador-em-busca-de-mais-desenvolvimento-para-juazeiro\/"},"author":{"name":"Farn\u00e9sio","@id":"https:\/\/blogdofarnesio.com.br\/#\/schema\/person\/bb9b23ae3ad0609ce8df7b6c9e76824d"},"headline":"Prefeita Suzana Ramos cumpre agenda em Salvador em busca de mais desenvolvimento para Juazeiro","datePublished":"2023-06-13T18:23:40+00:00","mainEntityOfPage":{"@id":"https:\/\/blogdofarnesio.com.br\/2023\/06\/prefeita-suzana-ramos-cumpre-agenda-em-salvador-em-busca-de-mais-desenvolvimento-para-juazeiro\/"},"wordCount":328,"commentCount":0,"publisher":{"@id":"https:\/\/blogdofarnesio.com.br\/#organization"},"image":{"@id":"https:\/\/blogdofarnesio.com.br\/2023\/06\/prefeita-suzana-ramos-cumpre-agenda-em-salvador-em-busca-de-mais-desenvolvimento-para-juazeiro\/#primaryimage"},"thumbnailUrl":"https:\/\/blogdofarnesio.com.br\/wp-content\/uploads\/2023\/06\/blogqspsuzana-jordavio-sec-sergio-brito-e1686662128208.jpeg","articleSection":["Administra\u00e7\u00e3o"],"inLanguage":"pt-BR","potentialAction":[{"@type":"CommentAction","name":"Comment","target":["https:\/\/blogdofarnesio.com.br\/2023\/06\/prefeita-suzana-ramos-cumpre-agenda-em-salvador-em-busca-de-mais-desenvolvimento-para-juazeiro\/#respond"]}]},{"@type":"WebPage","@id":"https:\/\/blogdofarnesio.com.br\/2023\/06\/prefeita-suzana-ramos-cumpre-agenda-em-salvador-em-busca-de-mais-desenvolvimento-para-juazeiro\/","url":"https:\/\/blogdofarnesio.com.br\/2023\/06\/prefeita-suzana-ramos-cumpre-agenda-em-salvador-em-busca-de-mais-desenvolvimento-para-juazeiro\/","name":"Prefeita Suzana Ramos cumpre agenda em Salvador em busca de mais desenvolvimento para Juazeiro - Blog do Farn\u00e9sio","isPartOf":{"@id":"https:\/\/blogdofarnesio.com.br\/#website"},"primaryImageOfPage":{"@id":"https:\/\/blogdofarnesio.com.br\/2023\/06\/prefeita-suzana-ramos-cumpre-agenda-em-salvador-em-busca-de-mais-desenvolvimento-para-juazeiro\/#primaryimage"},"image":{"@id":"https:\/\/blogdofarnesio.com.br\/2023\/06\/prefeita-suzana-ramos-cumpre-agenda-em-salvador-em-busca-de-mais-desenvolvimento-para-juazeiro\/#primaryimage"},"thumbnailUrl":"https:\/\/blogdofarnesio.com.br\/wp-content\/uploads\/2023\/06\/blogqspsuzana-jordavio-sec-sergio-brito-e1686662128208.jpeg","datePublished":"2023-06-13T18:23:40+00:00","breadcrumb":{"@id":"https:\/\/blogdofarnesio.com.br\/2023\/06\/prefeita-suzana-ramos-cumpre-agenda-em-salvador-em-busca-de-mais-desenvolvimento-para-juazeiro\/#breadcrumb"},"inLanguage":"pt-BR","potentialAction":[{"@type":"ReadAction","target":["https:\/\/blogdofarnesio.com.br\/2023\/06\/prefeita-suzana-ramos-cumpre-agenda-em-salvador-em-busca-de-mais-desenvolvimento-para-juazeiro\/"]}]},{"@type":"ImageObject","inLanguage":"pt-BR","@id":"https:\/\/blogdofarnesio.com.br\/2023\/06\/prefeita-suzana-ramos-cumpre-agenda-em-salvador-em-busca-de-mais-desenvolvimento-para-juazeiro\/#primaryimage","url":"https:\/\/blogdofarnesio.com.br\/wp-content\/uploads\/2023\/06\/blogqspsuzana-jordavio-sec-sergio-brito-e1686662128208.jpeg","contentUrl":"https:\/\/blogdofarnesio.com.br\/wp-content\/uploads\/2023\/06\/blogqspsuzana-jordavio-sec-sergio-brito-e1686662128208.jpeg","width":680,"height":431},{"@type":"BreadcrumbList","@id":"https:\/\/blogdofarnesio.com.br\/2023\/06\/prefeita-suzana-ramos-cumpre-agenda-em-salvador-em-busca-de-mais-desenvolvimento-para-juazeiro\/#breadcrumb","itemListElement":[{"@type":"ListItem","position":1,"name":"In\u00edcio","item":"https:\/\/blogdofarnesio.com.br\/"},{"@type":"ListItem","position":2,"name":"Prefeita Suzana Ramos cumpre agenda em Salvador em busca de mais desenvolvimento para Juazeiro"}]},{"@type":"WebSite","@id":"https:\/\/blogdofarnesio.com.br\/#website","url":"https:\/\/blogdofarnesio.com.br\/","name":"Blog do Farn\u00e9sio","description":"Quer Saber Pol\u00edtica?","publisher":{"@id":"https:\/\/blogdofarnesio.com.br\/#organization"},"potentialAction":[{"@type":"SearchAction","target":{"@type":"EntryPoint","urlTemplate":"https:\/\/blogdofarnesio.com.br\/?s={search_term_string}"},"query-input":{"@type":"PropertyValueSpecification","valueRequired":true,"valueName":"search_term_string"}}],"inLanguage":"pt-BR"},{"@type":"Organization","@id":"https:\/\/blogdofarnesio.com.br\/#organization","name":"Blog do Farn\u00e9sio","url":"https:\/\/blogdofarnesio.com.br\/","logo":{"@type":"ImageObject","inLanguage":"pt-BR","@id":"https:\/\/blogdofarnesio.com.br\/#\/schema\/logo\/image\/","url":"https:\/\/blogdofarnesio.com.br\/wp-content\/uploads\/2026\/03\/cropped-logo_new-1.png","contentUrl":"https:\/\/blogdofarnesio.com.br\/wp-content\/uploads\/2026\/03\/cropped-logo_new-1.png","width":881,"height":685,"caption":"Blog do Farn\u00e9sio"},"image":{"@id":"https:\/\/blogdofarnesio.com.br\/#\/schema\/logo\/image\/"},"sameAs":["https:\/\/www.facebook.com\/BlogQuerSaberPolitica\/"]},{"@type":"Person","@id":"https:\/\/blogdofarnesio.com.br\/#\/schema\/person\/bb9b23ae3ad0609ce8df7b6c9e76824d","name":"Farn\u00e9sio","image":{"@type":"ImageObject","inLanguage":"pt-BR","@id":"https:\/\/secure.gravatar.com\/avatar\/986aa4c61ccdb66f8555bf88fc2a65609d00bcabd4d2d94377a727547345cbca?s=96&d=mm&r=g","url":"https:\/\/secure.gravatar.com\/avatar\/986aa4c61ccdb66f8555bf88fc2a65609d00bcabd4d2d94377a727547345cbca?s=96&d=mm&r=g","contentUrl":"https:\/\/secure.gravatar.com\/avatar\/986aa4c61ccdb66f8555bf88fc2a65609d00bcabd4d2d94377a727547345cbca?s=96&d=mm&r=g","caption":"Farn\u00e9sio"},"description":"Radialista blogueiro, chegou a Petrolina\/Juazeiro em setembro de 1980, Farn\u00e9sio Silva \u00e9 de Arapiraca-Alagoas.","sameAs":["http:\/\/blogdofarnesio.com.br","https:\/\/www.facebook.com\/?ref=tn_tnmn","https:\/\/www.instagram.com\/?utm_source=pwa_homescreen","https:\/\/youtube.com.br\/"],"url":"https:\/\/blogdofarnesio.com.br\/author\/farnesio-2\/"}]}},"_links":{"self":[{"href":"https:\/\/blogdofarnesio.com.br\/wp-json\/wp\/v2\/posts\/342912","targetHints":{"allow":["GET"]}}],"collection":[{"href":"https:\/\/blogdofarnesio.com.br\/wp-json\/wp\/v2\/posts"}],"about":[{"href":"https:\/\/blogdofarnesio.com.br\/wp-json\/wp\/v2\/types\/post"}],"author":[{"embeddable":true,"href":"https:\/\/blogdofarnesio.com.br\/wp-json\/wp\/v2\/users\/2"}],"replies":[{"embeddable":true,"href":"https:\/\/blogdofarnesio.com.br\/wp-json\/wp\/v2\/comments?post=342912"}],"version-history":[{"count":0,"href":"https:\/\/blogdofarnesio.com.br\/wp-json\/wp\/v2\/posts\/342912\/revisions"}],"wp:featuredmedia":[{"embeddable":true,"href":"https:\/\/blogdofarnesio.com.br\/wp-json\/wp\/v2\/media\/342913"}],"wp:attachment":[{"href":"https:\/\/blogdofarnesio.com.br\/wp-json\/wp\/v2\/media?parent=342912"}],"wp:term":[{"taxonomy":"category","embeddable":true,"href":"https:\/\/blogdofarnesio.com.br\/wp-json\/wp\/v2\/categories?post=342912"},{"taxonomy":"post_tag","embeddable":true,"href":"https:\/\/blogdofarnesio.com.br\/wp-json\/wp\/v2\/tags?post=342912"}],"curies":[{"name":"wp","href":"https:\/\/api.w.org\/{rel}","templated":true}]}}