{"id":342683,"date":"2023-06-09T17:05:58","date_gmt":"2023-06-09T20:05:58","guid":{"rendered":"https:\/\/blogdofarnesio.com.br\/?p=342683"},"modified":"2023-06-09T16:25:13","modified_gmt":"2023-06-09T19:25:13","slug":"ipec-aprovacao-de-lula-no-nordeste-cai-10-pontos-mas-regiao-e-a-que-mais-avalia-bem-o-governo","status":"publish","type":"post","link":"https:\/\/blogdofarnesio.com.br\/?p=342683","title":{"rendered":"Ipec: Aprova\u00e7\u00e3o de Lula no Nordeste cai 10 pontos, mas regi\u00e3o \u00e9 a que mais avalia bem o governo"},"content":{"rendered":"<header class=\"amp-wp-article-header\"><\/header>\n<figure class=\"amp-wp-article-featured-image wp-caption\">\n<p class=\"wp-caption-text\">Um levantamento realizado pelo Ipec e divulgado nesta sexta-feira 9 mostra que a aprova\u00e7\u00e3o do presidente Luiz In\u00e1cio <a href=\"http:\/\/cartacapital.com.br\/tag\/lula\">Lula<\/a>\u00a0da Silva (PT)\u00a0<mark>diminuiu 10 pontos percentuais no Nordeste<\/mark>, regi\u00e3o onde o petista venceu\u00a0<a href=\"https:\/\/www.cartacapital.com.br\/tag\/jair-bolsonaro\/\">Jair Bolsonaro<\/a> (PL) no segundo turno das elei\u00e7\u00f5es 2022.<\/p>\n<\/figure>\n<div class=\"amp-wp-article-content\" data-url-canonical-nonamp=\"https:\/\/www.cartacapital.com.br\/politica\/ipec-aprovacao-de-lula-no-nordeste-cai-10-pontos-mas-regiao-e-a-que-mais-avalia-bem-o-governo\/\">\n<div class=\"paywall_open\">\n<p>De acordo com o instituto, a avalia\u00e7\u00e3o do governo caiu de\u00a055% para 45% desde abril. O patamar de aprova\u00e7\u00e3o no Nordeste, contudo, continua o maior entre os brasileiros que avaliam a gest\u00e3o petista como \u201cboa\u201d ou \u201c\u00f3tima\u201d.<\/p>\n<p>Em outras regi\u00f5es do Pa\u00eds, a exemplo do Norte e Centro-Oeste, a reprova\u00e7\u00e3o do governo Lula aumentou 12 pontos percentuais \u2013 era 21% em abril ante 33% nesta nova rodada.<\/p>\n<p>O Ipec entrevistou 2.000 pessoas de 1\u00ba e 5 de junho em 127 munic\u00edpios do pa\u00eds.\u00a0O levantamento foi encomendado pelo jornal\u00a0<em>O Globo<\/em><\/p>\n<\/div>\n<\/div>\n<p><strong>Resultados gerais<\/strong><\/p>\n<p>A sondagem indica 37% de aprova\u00e7\u00e3o (\u00f3timo ou bom) e 28% de reprova\u00e7\u00e3o (ruim ou p\u00e9ssimo) ao governo Lula. Outros 32% consideram a gest\u00e3o regular.<\/p>\n<p>O resultado indica um cen\u00e1rio de estabilidade, mas oscila\u00e7\u00f5es para baixo dentro da margem de erro podem indicar um alerta. Na pesquisa anterior, feita em abril, a aprova\u00e7\u00e3o era de 39% \u2013 agora, oscilou dois pontos para baixo na margem de erro. J\u00e1 a reprova\u00e7\u00e3o estava em 26%, oscilando agora dois pontos para cima. Tamb\u00e9m oscilou pra cima a parcela que considera o governo regular, de 30% para 32%.<\/p>\n<p>Em mar\u00e7o, no primeiro levantamento feito pelo instituto, 17 pontos percentuais separavam os grupos dos satisfeitos e o dos insatisfeitos. Hoje, essa dist\u00e2ncia est\u00e1 em nove pontos.<\/p>\n","protected":false},"excerpt":{"rendered":"<p>Um levantamento realizado pelo Ipec e divulgado nesta sexta-feira 9 mostra que a aprova\u00e7\u00e3o do presidente Luiz In\u00e1cio Lula\u00a0da Silva (PT)\u00a0diminuiu 10 pontos percentuais no Nordeste, regi\u00e3o onde o petista venceu\u00a0Jair Bolsonaro (PL) no segundo turno das elei\u00e7\u00f5es 2022. De acordo com o instituto, a avalia\u00e7\u00e3o do governo caiu de\u00a055% para 45% desde abril. O patamar de aprova\u00e7\u00e3o no Nordeste, contudo, continua o maior entre os brasileiros que avaliam a gest\u00e3o petista como \u201cboa\u201d ou \u201c\u00f3tima\u201d. Em outras regi\u00f5es do Pa\u00eds, a exemplo do Norte e Centro-Oeste, a reprova\u00e7\u00e3o do governo Lula aumentou 12 pontos percentuais \u2013 era 21% em abril ante 33% nesta nova rodada. O Ipec entrevistou 2.000 pessoas de 1\u00ba e 5 de junho em 127 munic\u00edpios&hellip; <\/p>\n","protected":false},"author":2,"featured_media":335948,"comment_status":"open","ping_status":"open","sticky":false,"template":"","format":"standard","meta":{"_acf_changed":false,"footnotes":""},"categories":[51],"tags":[],"class_list":["post-342683","post","type-post","status-publish","format-standard","has-post-thumbnail","hentry","category-pesquisa"],"acf":[],"yoast_head":"<!-- This site is optimized with the Yoast SEO plugin v27.4 - https:\/\/yoast.com\/product\/yoast-seo-wordpress\/ -->\n<title>Ipec: Aprova\u00e7\u00e3o de Lula no Nordeste cai 10 pontos, mas regi\u00e3o \u00e9 a que mais avalia bem o governo - Blog do Farn\u00e9sio<\/title>\n<meta name=\"robots\" content=\"index, follow, max-snippet:-1, max-image-preview:large, max-video-preview:-1\" \/>\n<link rel=\"canonical\" href=\"https:\/\/blogdofarnesio.com.br\/?p=342683\" \/>\n<meta property=\"og:locale\" content=\"pt_BR\" \/>\n<meta property=\"og:type\" content=\"article\" \/>\n<meta property=\"og:title\" content=\"Ipec: Aprova\u00e7\u00e3o de Lula no Nordeste cai 10 pontos, mas regi\u00e3o \u00e9 a que mais avalia bem o governo - Blog do Farn\u00e9sio\" \/>\n<meta property=\"og:description\" content=\"Um levantamento realizado pelo Ipec e divulgado nesta sexta-feira 9 mostra que a aprova\u00e7\u00e3o do presidente Luiz In\u00e1cio Lula\u00a0da Silva (PT)\u00a0diminuiu 10 pontos percentuais no Nordeste, regi\u00e3o onde o petista venceu\u00a0Jair Bolsonaro (PL) no segundo turno das elei\u00e7\u00f5es 2022. De acordo com o instituto, a avalia\u00e7\u00e3o do governo caiu de\u00a055% para 45% desde abril. O patamar de aprova\u00e7\u00e3o no Nordeste, contudo, continua o maior entre os brasileiros que avaliam a gest\u00e3o petista como \u201cboa\u201d ou \u201c\u00f3tima\u201d. Em outras regi\u00f5es do Pa\u00eds, a exemplo do Norte e Centro-Oeste, a reprova\u00e7\u00e3o do governo Lula aumentou 12 pontos percentuais \u2013 era 21% em abril ante 33% nesta nova rodada. O Ipec entrevistou 2.000 pessoas de 1\u00ba e 5 de junho em 127 munic\u00edpios&hellip;\" \/>\n<meta property=\"og:url\" content=\"https:\/\/blogdofarnesio.com.br\/?p=342683\" \/>\n<meta property=\"og:site_name\" content=\"Blog do Farn\u00e9sio\" \/>\n<meta property=\"article:publisher\" content=\"https:\/\/www.facebook.com\/BlogQuerSaberPolitica\/\" \/>\n<meta property=\"article:author\" content=\"https:\/\/www.facebook.com\/?ref=tn_tnmn\" \/>\n<meta property=\"article:published_time\" content=\"2023-06-09T20:05:58+00:00\" \/>\n<meta property=\"og:image\" content=\"https:\/\/blogdofarnesio.com.br\/wp-content\/uploads\/2023\/03\/blogqspSimao-e-Lula-e1721131563594.jpg\" \/>\n\t<meta property=\"og:image:width\" content=\"550\" \/>\n\t<meta property=\"og:image:height\" content=\"413\" \/>\n\t<meta property=\"og:image:type\" content=\"image\/jpeg\" \/>\n<meta name=\"author\" content=\"Farn\u00e9sio\" \/>\n<meta name=\"twitter:card\" content=\"summary_large_image\" \/>\n<meta name=\"twitter:label1\" content=\"Escrito por\" \/>\n\t<meta name=\"twitter:data1\" content=\"Farn\u00e9sio\" \/>\n\t<meta name=\"twitter:label2\" content=\"Est. tempo de leitura\" \/>\n\t<meta name=\"twitter:data2\" content=\"2 minutos\" \/>\n<script type=\"application\/ld+json\" class=\"yoast-schema-graph\">{\"@context\":\"https:\\\/\\\/schema.org\",\"@graph\":[{\"@type\":\"Article\",\"@id\":\"https:\\\/\\\/blogdofarnesio.com.br\\\/?p=342683#article\",\"isPartOf\":{\"@id\":\"https:\\\/\\\/blogdofarnesio.com.br\\\/?p=342683\"},\"author\":{\"name\":\"Farn\u00e9sio\",\"@id\":\"https:\\\/\\\/blogdofarnesio.com.br\\\/#\\\/schema\\\/person\\\/bb9b23ae3ad0609ce8df7b6c9e76824d\"},\"headline\":\"Ipec: Aprova\u00e7\u00e3o de Lula no Nordeste cai 10 pontos, mas regi\u00e3o \u00e9 a que mais avalia bem o governo\",\"datePublished\":\"2023-06-09T20:05:58+00:00\",\"mainEntityOfPage\":{\"@id\":\"https:\\\/\\\/blogdofarnesio.com.br\\\/?p=342683\"},\"wordCount\":277,\"commentCount\":0,\"publisher\":{\"@id\":\"https:\\\/\\\/blogdofarnesio.com.br\\\/#organization\"},\"image\":{\"@id\":\"https:\\\/\\\/blogdofarnesio.com.br\\\/?p=342683#primaryimage\"},\"thumbnailUrl\":\"https:\\\/\\\/blogdofarnesio.com.br\\\/wp-content\\\/uploads\\\/2023\\\/03\\\/blogqspSimao-e-Lula-e1721131563594.jpg\",\"articleSection\":[\"Pesquisa\"],\"inLanguage\":\"pt-BR\",\"potentialAction\":[{\"@type\":\"CommentAction\",\"name\":\"Comment\",\"target\":[\"https:\\\/\\\/blogdofarnesio.com.br\\\/?p=342683#respond\"]}]},{\"@type\":\"WebPage\",\"@id\":\"https:\\\/\\\/blogdofarnesio.com.br\\\/?p=342683\",\"url\":\"https:\\\/\\\/blogdofarnesio.com.br\\\/?p=342683\",\"name\":\"Ipec: Aprova\u00e7\u00e3o de Lula no Nordeste cai 10 pontos, mas regi\u00e3o \u00e9 a que mais avalia bem o governo - Blog do Farn\u00e9sio\",\"isPartOf\":{\"@id\":\"https:\\\/\\\/blogdofarnesio.com.br\\\/#website\"},\"primaryImageOfPage\":{\"@id\":\"https:\\\/\\\/blogdofarnesio.com.br\\\/?p=342683#primaryimage\"},\"image\":{\"@id\":\"https:\\\/\\\/blogdofarnesio.com.br\\\/?p=342683#primaryimage\"},\"thumbnailUrl\":\"https:\\\/\\\/blogdofarnesio.com.br\\\/wp-content\\\/uploads\\\/2023\\\/03\\\/blogqspSimao-e-Lula-e1721131563594.jpg\",\"datePublished\":\"2023-06-09T20:05:58+00:00\",\"breadcrumb\":{\"@id\":\"https:\\\/\\\/blogdofarnesio.com.br\\\/?p=342683#breadcrumb\"},\"inLanguage\":\"pt-BR\",\"potentialAction\":[{\"@type\":\"ReadAction\",\"target\":[\"https:\\\/\\\/blogdofarnesio.com.br\\\/?p=342683\"]}]},{\"@type\":\"ImageObject\",\"inLanguage\":\"pt-BR\",\"@id\":\"https:\\\/\\\/blogdofarnesio.com.br\\\/?p=342683#primaryimage\",\"url\":\"https:\\\/\\\/blogdofarnesio.com.br\\\/wp-content\\\/uploads\\\/2023\\\/03\\\/blogqspSimao-e-Lula-e1721131563594.jpg\",\"contentUrl\":\"https:\\\/\\\/blogdofarnesio.com.br\\\/wp-content\\\/uploads\\\/2023\\\/03\\\/blogqspSimao-e-Lula-e1721131563594.jpg\",\"width\":550,\"height\":413},{\"@type\":\"BreadcrumbList\",\"@id\":\"https:\\\/\\\/blogdofarnesio.com.br\\\/?p=342683#breadcrumb\",\"itemListElement\":[{\"@type\":\"ListItem\",\"position\":1,\"name\":\"In\u00edcio\",\"item\":\"https:\\\/\\\/blogdofarnesio.com.br\\\/\"},{\"@type\":\"ListItem\",\"position\":2,\"name\":\"Ipec: Aprova\u00e7\u00e3o de Lula no Nordeste cai 10 pontos, mas regi\u00e3o \u00e9 a que mais avalia bem o governo\"}]},{\"@type\":\"WebSite\",\"@id\":\"https:\\\/\\\/blogdofarnesio.com.br\\\/#website\",\"url\":\"https:\\\/\\\/blogdofarnesio.com.br\\\/\",\"name\":\"Blog do Farn\u00e9sio\",\"description\":\"Quer Saber Pol\u00edtica?\",\"publisher\":{\"@id\":\"https:\\\/\\\/blogdofarnesio.com.br\\\/#organization\"},\"potentialAction\":[{\"@type\":\"SearchAction\",\"target\":{\"@type\":\"EntryPoint\",\"urlTemplate\":\"https:\\\/\\\/blogdofarnesio.com.br\\\/?s={search_term_string}\"},\"query-input\":{\"@type\":\"PropertyValueSpecification\",\"valueRequired\":true,\"valueName\":\"search_term_string\"}}],\"inLanguage\":\"pt-BR\"},{\"@type\":\"Organization\",\"@id\":\"https:\\\/\\\/blogdofarnesio.com.br\\\/#organization\",\"name\":\"Blog do Farn\u00e9sio\",\"url\":\"https:\\\/\\\/blogdofarnesio.com.br\\\/\",\"logo\":{\"@type\":\"ImageObject\",\"inLanguage\":\"pt-BR\",\"@id\":\"https:\\\/\\\/blogdofarnesio.com.br\\\/#\\\/schema\\\/logo\\\/image\\\/\",\"url\":\"https:\\\/\\\/blogdofarnesio.com.br\\\/wp-content\\\/uploads\\\/2026\\\/03\\\/cropped-logo_new-1.png\",\"contentUrl\":\"https:\\\/\\\/blogdofarnesio.com.br\\\/wp-content\\\/uploads\\\/2026\\\/03\\\/cropped-logo_new-1.png\",\"width\":881,\"height\":685,\"caption\":\"Blog do Farn\u00e9sio\"},\"image\":{\"@id\":\"https:\\\/\\\/blogdofarnesio.com.br\\\/#\\\/schema\\\/logo\\\/image\\\/\"},\"sameAs\":[\"https:\\\/\\\/www.facebook.com\\\/BlogQuerSaberPolitica\\\/\"]},{\"@type\":\"Person\",\"@id\":\"https:\\\/\\\/blogdofarnesio.com.br\\\/#\\\/schema\\\/person\\\/bb9b23ae3ad0609ce8df7b6c9e76824d\",\"name\":\"Farn\u00e9sio\",\"image\":{\"@type\":\"ImageObject\",\"inLanguage\":\"pt-BR\",\"@id\":\"https:\\\/\\\/secure.gravatar.com\\\/avatar\\\/986aa4c61ccdb66f8555bf88fc2a65609d00bcabd4d2d94377a727547345cbca?s=96&d=mm&r=g\",\"url\":\"https:\\\/\\\/secure.gravatar.com\\\/avatar\\\/986aa4c61ccdb66f8555bf88fc2a65609d00bcabd4d2d94377a727547345cbca?s=96&d=mm&r=g\",\"contentUrl\":\"https:\\\/\\\/secure.gravatar.com\\\/avatar\\\/986aa4c61ccdb66f8555bf88fc2a65609d00bcabd4d2d94377a727547345cbca?s=96&d=mm&r=g\",\"caption\":\"Farn\u00e9sio\"},\"description\":\"Radialista blogueiro, chegou a Petrolina\\\/Juazeiro em setembro de 1980, Farn\u00e9sio Silva \u00e9 de Arapiraca-Alagoas.\",\"sameAs\":[\"http:\\\/\\\/blogdofarnesio.com.br\",\"https:\\\/\\\/www.facebook.com\\\/?ref=tn_tnmn\",\"https:\\\/\\\/www.instagram.com\\\/?utm_source=pwa_homescreen\",\"https:\\\/\\\/youtube.com.br\\\/\"],\"url\":\"https:\\\/\\\/blogdofarnesio.com.br\\\/?author=2\"}]}<\/script>\n<!-- \/ Yoast SEO plugin. -->","yoast_head_json":{"title":"Ipec: Aprova\u00e7\u00e3o de Lula no Nordeste cai 10 pontos, mas regi\u00e3o \u00e9 a que mais avalia bem o governo - Blog do Farn\u00e9sio","robots":{"index":"index","follow":"follow","max-snippet":"max-snippet:-1","max-image-preview":"max-image-preview:large","max-video-preview":"max-video-preview:-1"},"canonical":"https:\/\/blogdofarnesio.com.br\/?p=342683","og_locale":"pt_BR","og_type":"article","og_title":"Ipec: Aprova\u00e7\u00e3o de Lula no Nordeste cai 10 pontos, mas regi\u00e3o \u00e9 a que mais avalia bem o governo - Blog do Farn\u00e9sio","og_description":"Um levantamento realizado pelo Ipec e divulgado nesta sexta-feira 9 mostra que a aprova\u00e7\u00e3o do presidente Luiz In\u00e1cio Lula\u00a0da Silva (PT)\u00a0diminuiu 10 pontos percentuais no Nordeste, regi\u00e3o onde o petista venceu\u00a0Jair Bolsonaro (PL) no segundo turno das elei\u00e7\u00f5es 2022. De acordo com o instituto, a avalia\u00e7\u00e3o do governo caiu de\u00a055% para 45% desde abril. O patamar de aprova\u00e7\u00e3o no Nordeste, contudo, continua o maior entre os brasileiros que avaliam a gest\u00e3o petista como \u201cboa\u201d ou \u201c\u00f3tima\u201d. Em outras regi\u00f5es do Pa\u00eds, a exemplo do Norte e Centro-Oeste, a reprova\u00e7\u00e3o do governo Lula aumentou 12 pontos percentuais \u2013 era 21% em abril ante 33% nesta nova rodada. O Ipec entrevistou 2.000 pessoas de 1\u00ba e 5 de junho em 127 munic\u00edpios&hellip;","og_url":"https:\/\/blogdofarnesio.com.br\/?p=342683","og_site_name":"Blog do Farn\u00e9sio","article_publisher":"https:\/\/www.facebook.com\/BlogQuerSaberPolitica\/","article_author":"https:\/\/www.facebook.com\/?ref=tn_tnmn","article_published_time":"2023-06-09T20:05:58+00:00","og_image":[{"width":550,"height":413,"url":"https:\/\/blogdofarnesio.com.br\/wp-content\/uploads\/2023\/03\/blogqspSimao-e-Lula-e1721131563594.jpg","type":"image\/jpeg"}],"author":"Farn\u00e9sio","twitter_card":"summary_large_image","twitter_misc":{"Escrito por":"Farn\u00e9sio","Est. tempo de leitura":"2 minutos"},"schema":{"@context":"https:\/\/schema.org","@graph":[{"@type":"Article","@id":"https:\/\/blogdofarnesio.com.br\/?p=342683#article","isPartOf":{"@id":"https:\/\/blogdofarnesio.com.br\/?p=342683"},"author":{"name":"Farn\u00e9sio","@id":"https:\/\/blogdofarnesio.com.br\/#\/schema\/person\/bb9b23ae3ad0609ce8df7b6c9e76824d"},"headline":"Ipec: Aprova\u00e7\u00e3o de Lula no Nordeste cai 10 pontos, mas regi\u00e3o \u00e9 a que mais avalia bem o governo","datePublished":"2023-06-09T20:05:58+00:00","mainEntityOfPage":{"@id":"https:\/\/blogdofarnesio.com.br\/?p=342683"},"wordCount":277,"commentCount":0,"publisher":{"@id":"https:\/\/blogdofarnesio.com.br\/#organization"},"image":{"@id":"https:\/\/blogdofarnesio.com.br\/?p=342683#primaryimage"},"thumbnailUrl":"https:\/\/blogdofarnesio.com.br\/wp-content\/uploads\/2023\/03\/blogqspSimao-e-Lula-e1721131563594.jpg","articleSection":["Pesquisa"],"inLanguage":"pt-BR","potentialAction":[{"@type":"CommentAction","name":"Comment","target":["https:\/\/blogdofarnesio.com.br\/?p=342683#respond"]}]},{"@type":"WebPage","@id":"https:\/\/blogdofarnesio.com.br\/?p=342683","url":"https:\/\/blogdofarnesio.com.br\/?p=342683","name":"Ipec: Aprova\u00e7\u00e3o de Lula no Nordeste cai 10 pontos, mas regi\u00e3o \u00e9 a que mais avalia bem o governo - Blog do Farn\u00e9sio","isPartOf":{"@id":"https:\/\/blogdofarnesio.com.br\/#website"},"primaryImageOfPage":{"@id":"https:\/\/blogdofarnesio.com.br\/?p=342683#primaryimage"},"image":{"@id":"https:\/\/blogdofarnesio.com.br\/?p=342683#primaryimage"},"thumbnailUrl":"https:\/\/blogdofarnesio.com.br\/wp-content\/uploads\/2023\/03\/blogqspSimao-e-Lula-e1721131563594.jpg","datePublished":"2023-06-09T20:05:58+00:00","breadcrumb":{"@id":"https:\/\/blogdofarnesio.com.br\/?p=342683#breadcrumb"},"inLanguage":"pt-BR","potentialAction":[{"@type":"ReadAction","target":["https:\/\/blogdofarnesio.com.br\/?p=342683"]}]},{"@type":"ImageObject","inLanguage":"pt-BR","@id":"https:\/\/blogdofarnesio.com.br\/?p=342683#primaryimage","url":"https:\/\/blogdofarnesio.com.br\/wp-content\/uploads\/2023\/03\/blogqspSimao-e-Lula-e1721131563594.jpg","contentUrl":"https:\/\/blogdofarnesio.com.br\/wp-content\/uploads\/2023\/03\/blogqspSimao-e-Lula-e1721131563594.jpg","width":550,"height":413},{"@type":"BreadcrumbList","@id":"https:\/\/blogdofarnesio.com.br\/?p=342683#breadcrumb","itemListElement":[{"@type":"ListItem","position":1,"name":"In\u00edcio","item":"https:\/\/blogdofarnesio.com.br\/"},{"@type":"ListItem","position":2,"name":"Ipec: Aprova\u00e7\u00e3o de Lula no Nordeste cai 10 pontos, mas regi\u00e3o \u00e9 a que mais avalia bem o governo"}]},{"@type":"WebSite","@id":"https:\/\/blogdofarnesio.com.br\/#website","url":"https:\/\/blogdofarnesio.com.br\/","name":"Blog do Farn\u00e9sio","description":"Quer Saber Pol\u00edtica?","publisher":{"@id":"https:\/\/blogdofarnesio.com.br\/#organization"},"potentialAction":[{"@type":"SearchAction","target":{"@type":"EntryPoint","urlTemplate":"https:\/\/blogdofarnesio.com.br\/?s={search_term_string}"},"query-input":{"@type":"PropertyValueSpecification","valueRequired":true,"valueName":"search_term_string"}}],"inLanguage":"pt-BR"},{"@type":"Organization","@id":"https:\/\/blogdofarnesio.com.br\/#organization","name":"Blog do Farn\u00e9sio","url":"https:\/\/blogdofarnesio.com.br\/","logo":{"@type":"ImageObject","inLanguage":"pt-BR","@id":"https:\/\/blogdofarnesio.com.br\/#\/schema\/logo\/image\/","url":"https:\/\/blogdofarnesio.com.br\/wp-content\/uploads\/2026\/03\/cropped-logo_new-1.png","contentUrl":"https:\/\/blogdofarnesio.com.br\/wp-content\/uploads\/2026\/03\/cropped-logo_new-1.png","width":881,"height":685,"caption":"Blog do Farn\u00e9sio"},"image":{"@id":"https:\/\/blogdofarnesio.com.br\/#\/schema\/logo\/image\/"},"sameAs":["https:\/\/www.facebook.com\/BlogQuerSaberPolitica\/"]},{"@type":"Person","@id":"https:\/\/blogdofarnesio.com.br\/#\/schema\/person\/bb9b23ae3ad0609ce8df7b6c9e76824d","name":"Farn\u00e9sio","image":{"@type":"ImageObject","inLanguage":"pt-BR","@id":"https:\/\/secure.gravatar.com\/avatar\/986aa4c61ccdb66f8555bf88fc2a65609d00bcabd4d2d94377a727547345cbca?s=96&d=mm&r=g","url":"https:\/\/secure.gravatar.com\/avatar\/986aa4c61ccdb66f8555bf88fc2a65609d00bcabd4d2d94377a727547345cbca?s=96&d=mm&r=g","contentUrl":"https:\/\/secure.gravatar.com\/avatar\/986aa4c61ccdb66f8555bf88fc2a65609d00bcabd4d2d94377a727547345cbca?s=96&d=mm&r=g","caption":"Farn\u00e9sio"},"description":"Radialista blogueiro, chegou a Petrolina\/Juazeiro em setembro de 1980, Farn\u00e9sio Silva \u00e9 de Arapiraca-Alagoas.","sameAs":["http:\/\/blogdofarnesio.com.br","https:\/\/www.facebook.com\/?ref=tn_tnmn","https:\/\/www.instagram.com\/?utm_source=pwa_homescreen","https:\/\/youtube.com.br\/"],"url":"https:\/\/blogdofarnesio.com.br\/?author=2"}]}},"_links":{"self":[{"href":"https:\/\/blogdofarnesio.com.br\/index.php?rest_route=\/wp\/v2\/posts\/342683","targetHints":{"allow":["GET"]}}],"collection":[{"href":"https:\/\/blogdofarnesio.com.br\/index.php?rest_route=\/wp\/v2\/posts"}],"about":[{"href":"https:\/\/blogdofarnesio.com.br\/index.php?rest_route=\/wp\/v2\/types\/post"}],"author":[{"embeddable":true,"href":"https:\/\/blogdofarnesio.com.br\/index.php?rest_route=\/wp\/v2\/users\/2"}],"replies":[{"embeddable":true,"href":"https:\/\/blogdofarnesio.com.br\/index.php?rest_route=%2Fwp%2Fv2%2Fcomments&post=342683"}],"version-history":[{"count":0,"href":"https:\/\/blogdofarnesio.com.br\/index.php?rest_route=\/wp\/v2\/posts\/342683\/revisions"}],"wp:featuredmedia":[{"embeddable":true,"href":"https:\/\/blogdofarnesio.com.br\/index.php?rest_route=\/wp\/v2\/media\/335948"}],"wp:attachment":[{"href":"https:\/\/blogdofarnesio.com.br\/index.php?rest_route=%2Fwp%2Fv2%2Fmedia&parent=342683"}],"wp:term":[{"taxonomy":"category","embeddable":true,"href":"https:\/\/blogdofarnesio.com.br\/index.php?rest_route=%2Fwp%2Fv2%2Fcategories&post=342683"},{"taxonomy":"post_tag","embeddable":true,"href":"https:\/\/blogdofarnesio.com.br\/index.php?rest_route=%2Fwp%2Fv2%2Ftags&post=342683"}],"curies":[{"name":"wp","href":"https:\/\/api.w.org\/{rel}","templated":true}]}}