{"id":342681,"date":"2023-06-09T16:23:58","date_gmt":"2023-06-09T19:23:58","guid":{"rendered":"https:\/\/blogdofarnesio.com.br\/?p=342681"},"modified":"2023-06-09T14:12:53","modified_gmt":"2023-06-09T17:12:53","slug":"10a-feira-do-bode-de-itamotinga-comeca-hoje-no-povoado-de-cacimba-do-silva","status":"publish","type":"post","link":"https:\/\/blogdofarnesio.com.br\/?p=342681","title":{"rendered":"10\u00aa Feira do Bode de Itamotinga come\u00e7a hoje no Povoado de Cacimba do Silva"},"content":{"rendered":"<div class=\"ot\">\n<div class=\"dt\">\n<div class=\"et\">\n<div class=\"gt\">Come\u00e7a nesta sexta-feira (9) a 10\u00aa Feira do Bode de Itamotinga, uma realiza\u00e7\u00e3o da Prefeitura de Juazeiro, atrav\u00e9s da Ag\u00eancia de Desenvolvimento Econ\u00f4mico, Agricultura e Pecu\u00e1ria (Adeap), em parceria com a Associa\u00e7\u00e3o de Desenvolvimento e A\u00e7\u00e3o Comunit\u00e1ria (Adac), Comiss\u00e3o Organizadora do Distrito de Itamotinga, e o patroc\u00ednio do Banco do Nordeste e Governo Federal.<\/div>\n<\/div>\n<\/div>\n<\/div>\n<div id=\"cv_\" class=\" sf  \">\n<div class=\"uf\">\n<div class=\"mf\">\n<div class=\"hh\">\n<div class=\"Uh\">\n<div class=\"lg\" data-onclick=\"cvmsgcontainercl+22\">\n<div id=\"cvcmsg_188a0c22a3cf0e8a\" class=\"Uf\">\n<div id=\"cvcfullmsg_188a0c22a3cf0e8a\" class=\"rg\">\n<div id=\"cvcmsgbod_188a0c22a3cf0e8a\" class=\"wh\">\n<div class=\"jh\">\n<div class=\"Jg Lg \" dir=\"ltr\">\n<div dir=\"ltr\">\nA feira que ser\u00e1 realizada no Parque Em\u00eddio Rodrigues Rosa, no povoado de Cacimba do Silva tem o objetivo de valorizar a cadeia produtiva da caprinovinocultura da regi\u00e3o. \u201cA Feira do Bode de Itamotinga tem uma peculiaridade em rela\u00e7\u00e3o \u00e0s outras, porque \u00e9 realizada longe da sede do distrito, em um povoado formado por criadores.\u00a0 S\u00e3o pessoas que vivem da pecu\u00e1ria naquela \u00e1rea e, por isso mesmo, tradicionalmente tem sido um sucesso em n\u00famero de animais e de p\u00fablico\u201d, destacou o superintendente da Adeap, Denis Medrado.<\/p>\n<p>O evento ter\u00e1 uma programa\u00e7\u00e3o diversificada que conta com: exposi\u00e7\u00e3o e comercializa\u00e7\u00e3o de animais, de artesanatos, de produtos da culin\u00e1ria local e outros produtos, trabalhos tecnol\u00f3gicos, torneio leiteiro e de pista, exame de OPG em caprinos e ovinos, al\u00e9m de shows art\u00edsticos culturais.<\/p>\n<p>\u201cO foco do evento sempre ser\u00e1 a caprinovinocultura, mas a Feira do Bode \u00e9 muito mais que uma exposi\u00e7\u00e3o e venda de animais, al\u00e9m de ser uma grande festa, ela cria oportunidade de gera\u00e7\u00e3o de renda para dezenas de pequenos empreendedores, que levam seus produtos, sua culin\u00e1ria, artesanato e cultura, dando ainda mais legitimidade a essa tradi\u00e7\u00e3o\u201d declarou Carlos Neiva, secret\u00e1rio da Adeap.<\/p>\n<p>Confira a programa\u00e7\u00e3o da 10\u00aa Feira do Bode de Itamotinga<\/p>\n<p>Sexta-feira (09\/06)<br \/>\n16h \u2013 Abertura do parque para a chegada dos animais<br \/>\n18h \u2013 Acolhida dos expositores<br \/>\n19h \u2013 Abertura oficial do evento<br \/>\n20h \u2013 Reisado<br \/>\n20h \u2013 Inscri\u00e7\u00e3o das cabras que ir\u00e3o participar do Torneio Leiteiro<br \/>\n20h \u00e0s 23h30 \u2013 Atra\u00e7\u00e3o musical Natinho e BP do Piseiro<br \/>\n24h \u2013 Fechamento do Parque<\/p>\n<p>S\u00e1bado (10\/06)<br \/>\n07h \u2013 Abertura do parque para recep\u00e7\u00e3o dos animais<br \/>\n08h \u00e0s 22h \u2013 Exposi\u00e7\u00e3o e comercializa\u00e7\u00e3o de animais, de artesanatos, de produtos da culin\u00e1ria local e de outros produtos afins e trabalhos tecnol\u00f3gicos<br \/>\n09h \u2013 Visita\u00e7\u00e3o dos alunos da rede municipal a Feira do Bode<br \/>\n08h30 \u2013 Primeira Ordenha do Torneio Leiteiro<br \/>\n10h \u2013 Atividade t\u00e9cnica \u2013 Exame de OPG em caprinos e ovinos<br \/>\n14h \u00e0s 17h \u2013 Atra\u00e7\u00e3o musical, voz e viol\u00e3o Joana e Jos\u00e9 Wilson<br \/>\n12h \u00e0s 14h \u2013 Inscri\u00e7\u00e3o dos animais para o torneio de pista<br \/>\n15h \u00e0s 17h \u2013 Julgamento do Torneio de Pista e entrega da premia\u00e7\u00e3o<br \/>\n18h \u00e0s 22h \u2013 Atra\u00e7\u00e3o musical Edinho e Juju<br \/>\n22h \u00e0 01h \u2013 Atra\u00e7\u00e3o musical Clint Alves<br \/>\n01h30 \u2013 Fechamento do Parque no s\u00e1bado ocorrer\u00e1 \u00e0s<\/p>\n<p>Domingo (11\/06)<br \/>\n07h \u2013 Abertura do Parque para visita\u00e7\u00e3o<br \/>\n08h \u00e0s 22h \u2013 Exposi\u00e7\u00e3o e comercializa\u00e7\u00e3o de animais, de artesanatos, de produtos da culin\u00e1ria local e de outros produtos afins e trabalhos tecnol\u00f3gicos<br \/>\n08h30 \u2013 Terceira Ordenha do Torneio Leiteiro<br \/>\n13h \u2013 Encerramento oficial da Feira de Animais<br \/>\n12h \u00e0s 15h \u2013 Atra\u00e7\u00e3o musical, voz e viol\u00e3o Natinho<\/p><\/div>\n<\/div>\n<\/div>\n<\/div>\n<\/div>\n<\/div>\n<\/div>\n<\/div>\n<\/div>\n<\/div>\n<\/div>\n<\/div>\n","protected":false},"excerpt":{"rendered":"<p>Come\u00e7a nesta sexta-feira (9) a 10\u00aa Feira do Bode de Itamotinga, uma realiza\u00e7\u00e3o da Prefeitura de Juazeiro, atrav\u00e9s da Ag\u00eancia de Desenvolvimento Econ\u00f4mico, Agricultura e Pecu\u00e1ria (Adeap), em parceria com a Associa\u00e7\u00e3o de Desenvolvimento e A\u00e7\u00e3o Comunit\u00e1ria (Adac), Comiss\u00e3o Organizadora do Distrito de Itamotinga, e o patroc\u00ednio do Banco do Nordeste e Governo Federal. A feira que ser\u00e1 realizada no Parque Em\u00eddio Rodrigues Rosa, no povoado de Cacimba do Silva tem o objetivo de valorizar a cadeia produtiva da caprinovinocultura da regi\u00e3o. \u201cA Feira do Bode de Itamotinga tem uma peculiaridade em rela\u00e7\u00e3o \u00e0s outras, porque \u00e9 realizada longe da sede do distrito, em um povoado formado por criadores.\u00a0 S\u00e3o pessoas que vivem da pecu\u00e1ria naquela \u00e1rea e, por isso&hellip; <\/p>\n","protected":false},"author":2,"featured_media":342457,"comment_status":"open","ping_status":"open","sticky":false,"template":"","format":"standard","meta":{"_acf_changed":false,"footnotes":""},"categories":[55],"tags":[],"class_list":["post-342681","post","type-post","status-publish","format-standard","has-post-thumbnail","hentry","category-agropecuaria"],"acf":[],"yoast_head":"<!-- This site is optimized with the Yoast SEO plugin v27.4 - https:\/\/yoast.com\/product\/yoast-seo-wordpress\/ -->\n<title>10\u00aa Feira do Bode de Itamotinga come\u00e7a hoje no Povoado de Cacimba do Silva - Blog do Farn\u00e9sio<\/title>\n<meta name=\"robots\" content=\"index, follow, max-snippet:-1, max-image-preview:large, max-video-preview:-1\" \/>\n<link rel=\"canonical\" href=\"https:\/\/blogdofarnesio.com.br\/?p=342681\" \/>\n<meta property=\"og:locale\" content=\"pt_BR\" \/>\n<meta property=\"og:type\" content=\"article\" \/>\n<meta property=\"og:title\" content=\"10\u00aa Feira do Bode de Itamotinga come\u00e7a hoje no Povoado de Cacimba do Silva - Blog do Farn\u00e9sio\" \/>\n<meta property=\"og:description\" content=\"Come\u00e7a nesta sexta-feira (9) a 10\u00aa Feira do Bode de Itamotinga, uma realiza\u00e7\u00e3o da Prefeitura de Juazeiro, atrav\u00e9s da Ag\u00eancia de Desenvolvimento Econ\u00f4mico, Agricultura e Pecu\u00e1ria (Adeap), em parceria com a Associa\u00e7\u00e3o de Desenvolvimento e A\u00e7\u00e3o Comunit\u00e1ria (Adac), Comiss\u00e3o Organizadora do Distrito de Itamotinga, e o patroc\u00ednio do Banco do Nordeste e Governo Federal. A feira que ser\u00e1 realizada no Parque Em\u00eddio Rodrigues Rosa, no povoado de Cacimba do Silva tem o objetivo de valorizar a cadeia produtiva da caprinovinocultura da regi\u00e3o. \u201cA Feira do Bode de Itamotinga tem uma peculiaridade em rela\u00e7\u00e3o \u00e0s outras, porque \u00e9 realizada longe da sede do distrito, em um povoado formado por criadores.\u00a0 S\u00e3o pessoas que vivem da pecu\u00e1ria naquela \u00e1rea e, por isso&hellip;\" \/>\n<meta property=\"og:url\" content=\"https:\/\/blogdofarnesio.com.br\/?p=342681\" \/>\n<meta property=\"og:site_name\" content=\"Blog do Farn\u00e9sio\" \/>\n<meta property=\"article:publisher\" content=\"https:\/\/www.facebook.com\/BlogQuerSaberPolitica\/\" \/>\n<meta property=\"article:author\" content=\"https:\/\/www.facebook.com\/?ref=tn_tnmn\" \/>\n<meta property=\"article:published_time\" content=\"2023-06-09T19:23:58+00:00\" \/>\n<meta property=\"og:image\" content=\"https:\/\/blogdofarnesio.com.br\/wp-content\/uploads\/2023\/06\/blogqspjua-feira-bode-itamotinga-e1686083008705.jpeg\" \/>\n\t<meta property=\"og:image:width\" content=\"580\" \/>\n\t<meta property=\"og:image:height\" content=\"479\" \/>\n\t<meta property=\"og:image:type\" content=\"image\/jpeg\" \/>\n<meta name=\"author\" content=\"Farn\u00e9sio\" \/>\n<meta name=\"twitter:card\" content=\"summary_large_image\" \/>\n<meta name=\"twitter:label1\" content=\"Escrito por\" \/>\n\t<meta name=\"twitter:data1\" content=\"Farn\u00e9sio\" \/>\n\t<meta name=\"twitter:label2\" content=\"Est. tempo de leitura\" \/>\n\t<meta name=\"twitter:data2\" content=\"3 minutos\" \/>\n<script type=\"application\/ld+json\" class=\"yoast-schema-graph\">{\"@context\":\"https:\\\/\\\/schema.org\",\"@graph\":[{\"@type\":\"Article\",\"@id\":\"https:\\\/\\\/blogdofarnesio.com.br\\\/?p=342681#article\",\"isPartOf\":{\"@id\":\"https:\\\/\\\/blogdofarnesio.com.br\\\/?p=342681\"},\"author\":{\"name\":\"Farn\u00e9sio\",\"@id\":\"https:\\\/\\\/blogdofarnesio.com.br\\\/#\\\/schema\\\/person\\\/bb9b23ae3ad0609ce8df7b6c9e76824d\"},\"headline\":\"10\u00aa Feira do Bode de Itamotinga come\u00e7a hoje no Povoado de Cacimba do Silva\",\"datePublished\":\"2023-06-09T19:23:58+00:00\",\"mainEntityOfPage\":{\"@id\":\"https:\\\/\\\/blogdofarnesio.com.br\\\/?p=342681\"},\"wordCount\":535,\"commentCount\":0,\"publisher\":{\"@id\":\"https:\\\/\\\/blogdofarnesio.com.br\\\/#organization\"},\"image\":{\"@id\":\"https:\\\/\\\/blogdofarnesio.com.br\\\/?p=342681#primaryimage\"},\"thumbnailUrl\":\"https:\\\/\\\/blogdofarnesio.com.br\\\/wp-content\\\/uploads\\\/2023\\\/06\\\/blogqspjua-feira-bode-itamotinga-e1686083008705.jpeg\",\"articleSection\":[\"Agropecu\u00e1ria\"],\"inLanguage\":\"pt-BR\",\"potentialAction\":[{\"@type\":\"CommentAction\",\"name\":\"Comment\",\"target\":[\"https:\\\/\\\/blogdofarnesio.com.br\\\/?p=342681#respond\"]}]},{\"@type\":\"WebPage\",\"@id\":\"https:\\\/\\\/blogdofarnesio.com.br\\\/?p=342681\",\"url\":\"https:\\\/\\\/blogdofarnesio.com.br\\\/?p=342681\",\"name\":\"10\u00aa Feira do Bode de Itamotinga come\u00e7a hoje no Povoado de Cacimba do Silva - Blog do Farn\u00e9sio\",\"isPartOf\":{\"@id\":\"https:\\\/\\\/blogdofarnesio.com.br\\\/#website\"},\"primaryImageOfPage\":{\"@id\":\"https:\\\/\\\/blogdofarnesio.com.br\\\/?p=342681#primaryimage\"},\"image\":{\"@id\":\"https:\\\/\\\/blogdofarnesio.com.br\\\/?p=342681#primaryimage\"},\"thumbnailUrl\":\"https:\\\/\\\/blogdofarnesio.com.br\\\/wp-content\\\/uploads\\\/2023\\\/06\\\/blogqspjua-feira-bode-itamotinga-e1686083008705.jpeg\",\"datePublished\":\"2023-06-09T19:23:58+00:00\",\"breadcrumb\":{\"@id\":\"https:\\\/\\\/blogdofarnesio.com.br\\\/?p=342681#breadcrumb\"},\"inLanguage\":\"pt-BR\",\"potentialAction\":[{\"@type\":\"ReadAction\",\"target\":[\"https:\\\/\\\/blogdofarnesio.com.br\\\/?p=342681\"]}]},{\"@type\":\"ImageObject\",\"inLanguage\":\"pt-BR\",\"@id\":\"https:\\\/\\\/blogdofarnesio.com.br\\\/?p=342681#primaryimage\",\"url\":\"https:\\\/\\\/blogdofarnesio.com.br\\\/wp-content\\\/uploads\\\/2023\\\/06\\\/blogqspjua-feira-bode-itamotinga-e1686083008705.jpeg\",\"contentUrl\":\"https:\\\/\\\/blogdofarnesio.com.br\\\/wp-content\\\/uploads\\\/2023\\\/06\\\/blogqspjua-feira-bode-itamotinga-e1686083008705.jpeg\",\"width\":580,\"height\":479},{\"@type\":\"BreadcrumbList\",\"@id\":\"https:\\\/\\\/blogdofarnesio.com.br\\\/?p=342681#breadcrumb\",\"itemListElement\":[{\"@type\":\"ListItem\",\"position\":1,\"name\":\"In\u00edcio\",\"item\":\"https:\\\/\\\/blogdofarnesio.com.br\\\/\"},{\"@type\":\"ListItem\",\"position\":2,\"name\":\"10\u00aa Feira do Bode de Itamotinga come\u00e7a hoje no Povoado de Cacimba do Silva\"}]},{\"@type\":\"WebSite\",\"@id\":\"https:\\\/\\\/blogdofarnesio.com.br\\\/#website\",\"url\":\"https:\\\/\\\/blogdofarnesio.com.br\\\/\",\"name\":\"Blog do Farn\u00e9sio\",\"description\":\"Quer Saber Pol\u00edtica?\",\"publisher\":{\"@id\":\"https:\\\/\\\/blogdofarnesio.com.br\\\/#organization\"},\"potentialAction\":[{\"@type\":\"SearchAction\",\"target\":{\"@type\":\"EntryPoint\",\"urlTemplate\":\"https:\\\/\\\/blogdofarnesio.com.br\\\/?s={search_term_string}\"},\"query-input\":{\"@type\":\"PropertyValueSpecification\",\"valueRequired\":true,\"valueName\":\"search_term_string\"}}],\"inLanguage\":\"pt-BR\"},{\"@type\":\"Organization\",\"@id\":\"https:\\\/\\\/blogdofarnesio.com.br\\\/#organization\",\"name\":\"Blog do Farn\u00e9sio\",\"url\":\"https:\\\/\\\/blogdofarnesio.com.br\\\/\",\"logo\":{\"@type\":\"ImageObject\",\"inLanguage\":\"pt-BR\",\"@id\":\"https:\\\/\\\/blogdofarnesio.com.br\\\/#\\\/schema\\\/logo\\\/image\\\/\",\"url\":\"https:\\\/\\\/blogdofarnesio.com.br\\\/wp-content\\\/uploads\\\/2026\\\/03\\\/cropped-logo_new-1.png\",\"contentUrl\":\"https:\\\/\\\/blogdofarnesio.com.br\\\/wp-content\\\/uploads\\\/2026\\\/03\\\/cropped-logo_new-1.png\",\"width\":881,\"height\":685,\"caption\":\"Blog do Farn\u00e9sio\"},\"image\":{\"@id\":\"https:\\\/\\\/blogdofarnesio.com.br\\\/#\\\/schema\\\/logo\\\/image\\\/\"},\"sameAs\":[\"https:\\\/\\\/www.facebook.com\\\/BlogQuerSaberPolitica\\\/\"]},{\"@type\":\"Person\",\"@id\":\"https:\\\/\\\/blogdofarnesio.com.br\\\/#\\\/schema\\\/person\\\/bb9b23ae3ad0609ce8df7b6c9e76824d\",\"name\":\"Farn\u00e9sio\",\"image\":{\"@type\":\"ImageObject\",\"inLanguage\":\"pt-BR\",\"@id\":\"https:\\\/\\\/secure.gravatar.com\\\/avatar\\\/986aa4c61ccdb66f8555bf88fc2a65609d00bcabd4d2d94377a727547345cbca?s=96&d=mm&r=g\",\"url\":\"https:\\\/\\\/secure.gravatar.com\\\/avatar\\\/986aa4c61ccdb66f8555bf88fc2a65609d00bcabd4d2d94377a727547345cbca?s=96&d=mm&r=g\",\"contentUrl\":\"https:\\\/\\\/secure.gravatar.com\\\/avatar\\\/986aa4c61ccdb66f8555bf88fc2a65609d00bcabd4d2d94377a727547345cbca?s=96&d=mm&r=g\",\"caption\":\"Farn\u00e9sio\"},\"description\":\"Radialista blogueiro, chegou a Petrolina\\\/Juazeiro em setembro de 1980, Farn\u00e9sio Silva \u00e9 de Arapiraca-Alagoas.\",\"sameAs\":[\"http:\\\/\\\/blogdofarnesio.com.br\",\"https:\\\/\\\/www.facebook.com\\\/?ref=tn_tnmn\",\"https:\\\/\\\/www.instagram.com\\\/?utm_source=pwa_homescreen\",\"https:\\\/\\\/youtube.com.br\\\/\"],\"url\":\"https:\\\/\\\/blogdofarnesio.com.br\\\/?author=2\"}]}<\/script>\n<!-- \/ Yoast SEO plugin. -->","yoast_head_json":{"title":"10\u00aa Feira do Bode de Itamotinga come\u00e7a hoje no Povoado de Cacimba do Silva - Blog do Farn\u00e9sio","robots":{"index":"index","follow":"follow","max-snippet":"max-snippet:-1","max-image-preview":"max-image-preview:large","max-video-preview":"max-video-preview:-1"},"canonical":"https:\/\/blogdofarnesio.com.br\/?p=342681","og_locale":"pt_BR","og_type":"article","og_title":"10\u00aa Feira do Bode de Itamotinga come\u00e7a hoje no Povoado de Cacimba do Silva - Blog do Farn\u00e9sio","og_description":"Come\u00e7a nesta sexta-feira (9) a 10\u00aa Feira do Bode de Itamotinga, uma realiza\u00e7\u00e3o da Prefeitura de Juazeiro, atrav\u00e9s da Ag\u00eancia de Desenvolvimento Econ\u00f4mico, Agricultura e Pecu\u00e1ria (Adeap), em parceria com a Associa\u00e7\u00e3o de Desenvolvimento e A\u00e7\u00e3o Comunit\u00e1ria (Adac), Comiss\u00e3o Organizadora do Distrito de Itamotinga, e o patroc\u00ednio do Banco do Nordeste e Governo Federal. A feira que ser\u00e1 realizada no Parque Em\u00eddio Rodrigues Rosa, no povoado de Cacimba do Silva tem o objetivo de valorizar a cadeia produtiva da caprinovinocultura da regi\u00e3o. \u201cA Feira do Bode de Itamotinga tem uma peculiaridade em rela\u00e7\u00e3o \u00e0s outras, porque \u00e9 realizada longe da sede do distrito, em um povoado formado por criadores.\u00a0 S\u00e3o pessoas que vivem da pecu\u00e1ria naquela \u00e1rea e, por isso&hellip;","og_url":"https:\/\/blogdofarnesio.com.br\/?p=342681","og_site_name":"Blog do Farn\u00e9sio","article_publisher":"https:\/\/www.facebook.com\/BlogQuerSaberPolitica\/","article_author":"https:\/\/www.facebook.com\/?ref=tn_tnmn","article_published_time":"2023-06-09T19:23:58+00:00","og_image":[{"width":580,"height":479,"url":"https:\/\/blogdofarnesio.com.br\/wp-content\/uploads\/2023\/06\/blogqspjua-feira-bode-itamotinga-e1686083008705.jpeg","type":"image\/jpeg"}],"author":"Farn\u00e9sio","twitter_card":"summary_large_image","twitter_misc":{"Escrito por":"Farn\u00e9sio","Est. tempo de leitura":"3 minutos"},"schema":{"@context":"https:\/\/schema.org","@graph":[{"@type":"Article","@id":"https:\/\/blogdofarnesio.com.br\/?p=342681#article","isPartOf":{"@id":"https:\/\/blogdofarnesio.com.br\/?p=342681"},"author":{"name":"Farn\u00e9sio","@id":"https:\/\/blogdofarnesio.com.br\/#\/schema\/person\/bb9b23ae3ad0609ce8df7b6c9e76824d"},"headline":"10\u00aa Feira do Bode de Itamotinga come\u00e7a hoje no Povoado de Cacimba do Silva","datePublished":"2023-06-09T19:23:58+00:00","mainEntityOfPage":{"@id":"https:\/\/blogdofarnesio.com.br\/?p=342681"},"wordCount":535,"commentCount":0,"publisher":{"@id":"https:\/\/blogdofarnesio.com.br\/#organization"},"image":{"@id":"https:\/\/blogdofarnesio.com.br\/?p=342681#primaryimage"},"thumbnailUrl":"https:\/\/blogdofarnesio.com.br\/wp-content\/uploads\/2023\/06\/blogqspjua-feira-bode-itamotinga-e1686083008705.jpeg","articleSection":["Agropecu\u00e1ria"],"inLanguage":"pt-BR","potentialAction":[{"@type":"CommentAction","name":"Comment","target":["https:\/\/blogdofarnesio.com.br\/?p=342681#respond"]}]},{"@type":"WebPage","@id":"https:\/\/blogdofarnesio.com.br\/?p=342681","url":"https:\/\/blogdofarnesio.com.br\/?p=342681","name":"10\u00aa Feira do Bode de Itamotinga come\u00e7a hoje no Povoado de Cacimba do Silva - Blog do Farn\u00e9sio","isPartOf":{"@id":"https:\/\/blogdofarnesio.com.br\/#website"},"primaryImageOfPage":{"@id":"https:\/\/blogdofarnesio.com.br\/?p=342681#primaryimage"},"image":{"@id":"https:\/\/blogdofarnesio.com.br\/?p=342681#primaryimage"},"thumbnailUrl":"https:\/\/blogdofarnesio.com.br\/wp-content\/uploads\/2023\/06\/blogqspjua-feira-bode-itamotinga-e1686083008705.jpeg","datePublished":"2023-06-09T19:23:58+00:00","breadcrumb":{"@id":"https:\/\/blogdofarnesio.com.br\/?p=342681#breadcrumb"},"inLanguage":"pt-BR","potentialAction":[{"@type":"ReadAction","target":["https:\/\/blogdofarnesio.com.br\/?p=342681"]}]},{"@type":"ImageObject","inLanguage":"pt-BR","@id":"https:\/\/blogdofarnesio.com.br\/?p=342681#primaryimage","url":"https:\/\/blogdofarnesio.com.br\/wp-content\/uploads\/2023\/06\/blogqspjua-feira-bode-itamotinga-e1686083008705.jpeg","contentUrl":"https:\/\/blogdofarnesio.com.br\/wp-content\/uploads\/2023\/06\/blogqspjua-feira-bode-itamotinga-e1686083008705.jpeg","width":580,"height":479},{"@type":"BreadcrumbList","@id":"https:\/\/blogdofarnesio.com.br\/?p=342681#breadcrumb","itemListElement":[{"@type":"ListItem","position":1,"name":"In\u00edcio","item":"https:\/\/blogdofarnesio.com.br\/"},{"@type":"ListItem","position":2,"name":"10\u00aa Feira do Bode de Itamotinga come\u00e7a hoje no Povoado de Cacimba do Silva"}]},{"@type":"WebSite","@id":"https:\/\/blogdofarnesio.com.br\/#website","url":"https:\/\/blogdofarnesio.com.br\/","name":"Blog do Farn\u00e9sio","description":"Quer Saber Pol\u00edtica?","publisher":{"@id":"https:\/\/blogdofarnesio.com.br\/#organization"},"potentialAction":[{"@type":"SearchAction","target":{"@type":"EntryPoint","urlTemplate":"https:\/\/blogdofarnesio.com.br\/?s={search_term_string}"},"query-input":{"@type":"PropertyValueSpecification","valueRequired":true,"valueName":"search_term_string"}}],"inLanguage":"pt-BR"},{"@type":"Organization","@id":"https:\/\/blogdofarnesio.com.br\/#organization","name":"Blog do Farn\u00e9sio","url":"https:\/\/blogdofarnesio.com.br\/","logo":{"@type":"ImageObject","inLanguage":"pt-BR","@id":"https:\/\/blogdofarnesio.com.br\/#\/schema\/logo\/image\/","url":"https:\/\/blogdofarnesio.com.br\/wp-content\/uploads\/2026\/03\/cropped-logo_new-1.png","contentUrl":"https:\/\/blogdofarnesio.com.br\/wp-content\/uploads\/2026\/03\/cropped-logo_new-1.png","width":881,"height":685,"caption":"Blog do Farn\u00e9sio"},"image":{"@id":"https:\/\/blogdofarnesio.com.br\/#\/schema\/logo\/image\/"},"sameAs":["https:\/\/www.facebook.com\/BlogQuerSaberPolitica\/"]},{"@type":"Person","@id":"https:\/\/blogdofarnesio.com.br\/#\/schema\/person\/bb9b23ae3ad0609ce8df7b6c9e76824d","name":"Farn\u00e9sio","image":{"@type":"ImageObject","inLanguage":"pt-BR","@id":"https:\/\/secure.gravatar.com\/avatar\/986aa4c61ccdb66f8555bf88fc2a65609d00bcabd4d2d94377a727547345cbca?s=96&d=mm&r=g","url":"https:\/\/secure.gravatar.com\/avatar\/986aa4c61ccdb66f8555bf88fc2a65609d00bcabd4d2d94377a727547345cbca?s=96&d=mm&r=g","contentUrl":"https:\/\/secure.gravatar.com\/avatar\/986aa4c61ccdb66f8555bf88fc2a65609d00bcabd4d2d94377a727547345cbca?s=96&d=mm&r=g","caption":"Farn\u00e9sio"},"description":"Radialista blogueiro, chegou a Petrolina\/Juazeiro em setembro de 1980, Farn\u00e9sio Silva \u00e9 de Arapiraca-Alagoas.","sameAs":["http:\/\/blogdofarnesio.com.br","https:\/\/www.facebook.com\/?ref=tn_tnmn","https:\/\/www.instagram.com\/?utm_source=pwa_homescreen","https:\/\/youtube.com.br\/"],"url":"https:\/\/blogdofarnesio.com.br\/?author=2"}]}},"_links":{"self":[{"href":"https:\/\/blogdofarnesio.com.br\/index.php?rest_route=\/wp\/v2\/posts\/342681","targetHints":{"allow":["GET"]}}],"collection":[{"href":"https:\/\/blogdofarnesio.com.br\/index.php?rest_route=\/wp\/v2\/posts"}],"about":[{"href":"https:\/\/blogdofarnesio.com.br\/index.php?rest_route=\/wp\/v2\/types\/post"}],"author":[{"embeddable":true,"href":"https:\/\/blogdofarnesio.com.br\/index.php?rest_route=\/wp\/v2\/users\/2"}],"replies":[{"embeddable":true,"href":"https:\/\/blogdofarnesio.com.br\/index.php?rest_route=%2Fwp%2Fv2%2Fcomments&post=342681"}],"version-history":[{"count":0,"href":"https:\/\/blogdofarnesio.com.br\/index.php?rest_route=\/wp\/v2\/posts\/342681\/revisions"}],"wp:featuredmedia":[{"embeddable":true,"href":"https:\/\/blogdofarnesio.com.br\/index.php?rest_route=\/wp\/v2\/media\/342457"}],"wp:attachment":[{"href":"https:\/\/blogdofarnesio.com.br\/index.php?rest_route=%2Fwp%2Fv2%2Fmedia&parent=342681"}],"wp:term":[{"taxonomy":"category","embeddable":true,"href":"https:\/\/blogdofarnesio.com.br\/index.php?rest_route=%2Fwp%2Fv2%2Fcategories&post=342681"},{"taxonomy":"post_tag","embeddable":true,"href":"https:\/\/blogdofarnesio.com.br\/index.php?rest_route=%2Fwp%2Fv2%2Ftags&post=342681"}],"curies":[{"name":"wp","href":"https:\/\/api.w.org\/{rel}","templated":true}]}}