{"id":342513,"date":"2023-06-07T15:43:07","date_gmt":"2023-06-07T18:43:07","guid":{"rendered":"https:\/\/blogdofarnesio.com.br\/?p=342513"},"modified":"2023-06-07T11:06:20","modified_gmt":"2023-06-07T14:06:20","slug":"quando-disputas-da-republica-federativa-da-bahia-influenciam-rumos-do-brasil","status":"publish","type":"post","link":"https:\/\/blogdofarnesio.com.br\/?p=342513","title":{"rendered":"Quando disputas da Rep\u00fablica Federativa da Bahia influenciam rumos do Brasil"},"content":{"rendered":"<div class=\"sc-8a384deb-0 gcFtGo\">\n<div class=\"sc-8a384deb-4 ebUzRt\">Por Fernando Duarte\/BN\u00a0 &#8211;<\/div>\n<div><\/div>\n<\/div>\n<div class=\"sc-494c7b39-1 bRxsec\">\n<div class=\"sc-494c7b39-2 dUevSg\">\n<div class=\"imgCredits\">A Rep\u00fablica se tornou ref\u00e9m de brigas provincianas. Depois da rixa dos alagoanos Renan Calheiros e Arthur Lira, agora o Brasil \u00e9 obrigado a lidar com a rivalidade entre o l\u00edder do Uni\u00e3o Brasil na C\u00e2mara, Elmar Nascimento, e o ministro da Casa Civil, Rui Costa. Em outras circunst\u00e2ncias, as disputas por poder seriam at\u00e9 interessantes. Todavia, pelo andar da carruagem, mais provocam tens\u00f5es desnecess\u00e1rias do que um debate efetivo sobre o futuro do pa\u00eds.<\/div>\n<\/div>\n<div class=\"sc-494c7b39-3 fUSHdU\">\n<p>\u00c9 poss\u00edvel, inclusive, tra\u00e7ar paralelos entre as duas batalhas campais nordestinas. Lira e Elmar s\u00e3o um \u00fanico corpo sob a \u00f3tima de utilizar a C\u00e2mara para pressionar o Executivo. Se h\u00e1 algumas semanas a guerrilha entre o presidente da C\u00e2mara e o presidente do Senado, Rodrigo Pacheco, sobre a tramita\u00e7\u00e3o de medidas provis\u00f3rias tinha como pano de fundo a briga de Lira com Renan, a vota\u00e7\u00e3o da reorganiza\u00e7\u00e3o da Esplanada dos Minist\u00e9rios contrap\u00f4s Elmar e Rui. Agora, ficou tudo um pouco mais exposto.<\/p>\n<p>A rusga entre Elmar e o PT \u00e9 muito anterior a atual gest\u00e3o de Luiz In\u00e1cio Lula da Silva. Quase ministro, o deputado federal teve que voltar a colocar o palet\u00f3 da posse no arm\u00e1rio depois que o PT baiano vetou que ele fosse ministro. N\u00e3o \u00e9 algo novo para o pol\u00edtico baiano. Em 2008, quando ainda era deputado estadual pelo antigo PR (atual PL), Elmar tamb\u00e9m teria chegado a arrumar o traje para ser secret\u00e1rio de Jaques Wagner e n\u00e3o logrou \u00eaxito. O presente ent\u00e3o repete o passado. De quase aliado, o campo-formosense se tornou um ferino advers\u00e1rio, n\u00e3o permitindo um di\u00e1logo poss\u00edvel.<\/p>\n<p>Rui, que teve participa\u00e7\u00e3o no veto a Elmar, ainda que indireta, tamb\u00e9m n\u00e3o ajuda. Desde que tomou posse na Casa Civil, \u00e9 poss\u00edvel ouvir de aliados, nos corredores, que a estrat\u00e9gia utilizada pelo ex-governador para lidar com os congressistas tinha grandes chances de dar errado. Controlador da \u201ccaneta\u201d do Planalto, o ministro estaria esticando a corda nos mesmos moldes que fazia no comando da Bahia, algo impens\u00e1vel para lidar com raposas da C\u00e2mara e do Senado.<\/p>\n<p>A cereja do bolo foi a \u201c<a href=\"https:\/\/www.bahianoticias.com.br\/folha\/noticia\/228232-rui-costa-afirma-que-em-brasilia-fazer-o-errado-para-muitos-e-o-certo\">ilha da fantasia<\/a>\u201d. Rui foi duro ao falar que Bras\u00edlia vive deslocada da realidade do restante do Brasil. O ex-governador da Bahia n\u00e3o est\u00e1 inteiramente equivocado, apesar de ter sido infeliz na express\u00e3o. Uma parcela expressiva dos pol\u00edticos que migra para a capital federal realmente vive numa bolha e desconhecem o Brasil real. Tanto que o slogan \u201cmais Brasil menos Bras\u00edlia\u201d embalou os primeiros meses de Jair Bolsonaro e \u201cempolgou\u201d o endosso ao ent\u00e3o presidente rec\u00e9m-eleito.<\/p>\n<p>Esse epis\u00f3dio de Rui versus Bras\u00edlia tem ajudado para que Elmar aperte ainda mais a cr\u00edtica ao ministro da Casa Civil. Ao lado de Arthur Lira, que n\u00e3o mede esfor\u00e7os para criticar a articula\u00e7\u00e3o de Lula, ele engrossa o coro para a queda de Rui &#8211; mesmo que a articula\u00e7\u00e3o n\u00e3o caiba exclusivamente ao ex-governador. Por mais que a briga entre Lira e Renan n\u00e3o esteja mais no foco, teremos mais algum tempo da disputa da Rep\u00fablica Federativa da Bahia conduzindo rumos do debate p\u00fablico no embate\u00a0pol\u00edtico.<\/p>\n<\/div>\n<\/div>\n","protected":false},"excerpt":{"rendered":"<p>Por Fernando Duarte\/BN\u00a0 &#8211; A Rep\u00fablica se tornou ref\u00e9m de brigas provincianas. Depois da rixa dos alagoanos Renan Calheiros e Arthur Lira, agora o Brasil \u00e9 obrigado a lidar com a rivalidade entre o l\u00edder do Uni\u00e3o Brasil na C\u00e2mara, Elmar Nascimento, e o ministro da Casa Civil, Rui Costa. Em outras circunst\u00e2ncias, as disputas por poder seriam at\u00e9 interessantes. Todavia, pelo andar da carruagem, mais provocam tens\u00f5es desnecess\u00e1rias do que um debate efetivo sobre o futuro do pa\u00eds. \u00c9 poss\u00edvel, inclusive, tra\u00e7ar paralelos entre as duas batalhas campais nordestinas. Lira e Elmar s\u00e3o um \u00fanico corpo sob a \u00f3tima de utilizar a C\u00e2mara para pressionar o Executivo. Se h\u00e1 algumas semanas a guerrilha entre o presidente da C\u00e2mara e&hellip; <\/p>\n","protected":false},"author":2,"featured_media":342514,"comment_status":"open","ping_status":"open","sticky":false,"template":"","format":"standard","meta":{"_acf_changed":false,"footnotes":""},"categories":[30],"tags":[],"class_list":["post-342513","post","type-post","status-publish","format-standard","has-post-thumbnail","hentry","category-artigo"],"acf":[],"yoast_head":"<!-- This site is optimized with the Yoast SEO plugin v27.4 - https:\/\/yoast.com\/product\/yoast-seo-wordpress\/ -->\n<title>Quando disputas da Rep\u00fablica Federativa da Bahia influenciam rumos do Brasil - Blog do Farn\u00e9sio<\/title>\n<meta name=\"robots\" content=\"index, follow, max-snippet:-1, max-image-preview:large, max-video-preview:-1\" \/>\n<link rel=\"canonical\" href=\"https:\/\/blogdofarnesio.com.br\/?p=342513\" \/>\n<meta property=\"og:locale\" content=\"pt_BR\" \/>\n<meta property=\"og:type\" content=\"article\" \/>\n<meta property=\"og:title\" content=\"Quando disputas da Rep\u00fablica Federativa da Bahia influenciam rumos do Brasil - Blog do Farn\u00e9sio\" \/>\n<meta property=\"og:description\" content=\"Por Fernando Duarte\/BN\u00a0 &#8211; A Rep\u00fablica se tornou ref\u00e9m de brigas provincianas. Depois da rixa dos alagoanos Renan Calheiros e Arthur Lira, agora o Brasil \u00e9 obrigado a lidar com a rivalidade entre o l\u00edder do Uni\u00e3o Brasil na C\u00e2mara, Elmar Nascimento, e o ministro da Casa Civil, Rui Costa. Em outras circunst\u00e2ncias, as disputas por poder seriam at\u00e9 interessantes. Todavia, pelo andar da carruagem, mais provocam tens\u00f5es desnecess\u00e1rias do que um debate efetivo sobre o futuro do pa\u00eds. \u00c9 poss\u00edvel, inclusive, tra\u00e7ar paralelos entre as duas batalhas campais nordestinas. Lira e Elmar s\u00e3o um \u00fanico corpo sob a \u00f3tima de utilizar a C\u00e2mara para pressionar o Executivo. Se h\u00e1 algumas semanas a guerrilha entre o presidente da C\u00e2mara e&hellip;\" \/>\n<meta property=\"og:url\" content=\"https:\/\/blogdofarnesio.com.br\/?p=342513\" \/>\n<meta property=\"og:site_name\" content=\"Blog do Farn\u00e9sio\" \/>\n<meta property=\"article:publisher\" content=\"https:\/\/www.facebook.com\/BlogQuerSaberPolitica\/\" \/>\n<meta property=\"article:author\" content=\"https:\/\/www.facebook.com\/?ref=tn_tnmn\" \/>\n<meta property=\"article:published_time\" content=\"2023-06-07T18:43:07+00:00\" \/>\n<meta property=\"og:image\" content=\"https:\/\/blogdofarnesio.com.br\/wp-content\/uploads\/2023\/06\/blogqsprui-elmar.jpg\" \/>\n\t<meta property=\"og:image:width\" content=\"635\" \/>\n\t<meta property=\"og:image:height\" content=\"429\" \/>\n\t<meta property=\"og:image:type\" content=\"image\/jpeg\" \/>\n<meta name=\"author\" content=\"Farn\u00e9sio\" \/>\n<meta name=\"twitter:card\" content=\"summary_large_image\" \/>\n<meta name=\"twitter:label1\" content=\"Escrito por\" \/>\n\t<meta name=\"twitter:data1\" content=\"Farn\u00e9sio\" \/>\n\t<meta name=\"twitter:label2\" content=\"Est. tempo de leitura\" \/>\n\t<meta name=\"twitter:data2\" content=\"3 minutos\" \/>\n<script type=\"application\/ld+json\" class=\"yoast-schema-graph\">{\"@context\":\"https:\\\/\\\/schema.org\",\"@graph\":[{\"@type\":\"Article\",\"@id\":\"https:\\\/\\\/blogdofarnesio.com.br\\\/?p=342513#article\",\"isPartOf\":{\"@id\":\"https:\\\/\\\/blogdofarnesio.com.br\\\/?p=342513\"},\"author\":{\"name\":\"Farn\u00e9sio\",\"@id\":\"https:\\\/\\\/blogdofarnesio.com.br\\\/#\\\/schema\\\/person\\\/bb9b23ae3ad0609ce8df7b6c9e76824d\"},\"headline\":\"Quando disputas da Rep\u00fablica Federativa da Bahia influenciam rumos do Brasil\",\"datePublished\":\"2023-06-07T18:43:07+00:00\",\"mainEntityOfPage\":{\"@id\":\"https:\\\/\\\/blogdofarnesio.com.br\\\/?p=342513\"},\"wordCount\":578,\"commentCount\":0,\"publisher\":{\"@id\":\"https:\\\/\\\/blogdofarnesio.com.br\\\/#organization\"},\"image\":{\"@id\":\"https:\\\/\\\/blogdofarnesio.com.br\\\/?p=342513#primaryimage\"},\"thumbnailUrl\":\"https:\\\/\\\/blogdofarnesio.com.br\\\/wp-content\\\/uploads\\\/2023\\\/06\\\/blogqsprui-elmar.jpg\",\"articleSection\":[\"Artigo\"],\"inLanguage\":\"pt-BR\",\"potentialAction\":[{\"@type\":\"CommentAction\",\"name\":\"Comment\",\"target\":[\"https:\\\/\\\/blogdofarnesio.com.br\\\/?p=342513#respond\"]}]},{\"@type\":\"WebPage\",\"@id\":\"https:\\\/\\\/blogdofarnesio.com.br\\\/?p=342513\",\"url\":\"https:\\\/\\\/blogdofarnesio.com.br\\\/?p=342513\",\"name\":\"Quando disputas da Rep\u00fablica Federativa da Bahia influenciam rumos do Brasil - Blog do Farn\u00e9sio\",\"isPartOf\":{\"@id\":\"https:\\\/\\\/blogdofarnesio.com.br\\\/#website\"},\"primaryImageOfPage\":{\"@id\":\"https:\\\/\\\/blogdofarnesio.com.br\\\/?p=342513#primaryimage\"},\"image\":{\"@id\":\"https:\\\/\\\/blogdofarnesio.com.br\\\/?p=342513#primaryimage\"},\"thumbnailUrl\":\"https:\\\/\\\/blogdofarnesio.com.br\\\/wp-content\\\/uploads\\\/2023\\\/06\\\/blogqsprui-elmar.jpg\",\"datePublished\":\"2023-06-07T18:43:07+00:00\",\"breadcrumb\":{\"@id\":\"https:\\\/\\\/blogdofarnesio.com.br\\\/?p=342513#breadcrumb\"},\"inLanguage\":\"pt-BR\",\"potentialAction\":[{\"@type\":\"ReadAction\",\"target\":[\"https:\\\/\\\/blogdofarnesio.com.br\\\/?p=342513\"]}]},{\"@type\":\"ImageObject\",\"inLanguage\":\"pt-BR\",\"@id\":\"https:\\\/\\\/blogdofarnesio.com.br\\\/?p=342513#primaryimage\",\"url\":\"https:\\\/\\\/blogdofarnesio.com.br\\\/wp-content\\\/uploads\\\/2023\\\/06\\\/blogqsprui-elmar.jpg\",\"contentUrl\":\"https:\\\/\\\/blogdofarnesio.com.br\\\/wp-content\\\/uploads\\\/2023\\\/06\\\/blogqsprui-elmar.jpg\",\"width\":635,\"height\":429},{\"@type\":\"BreadcrumbList\",\"@id\":\"https:\\\/\\\/blogdofarnesio.com.br\\\/?p=342513#breadcrumb\",\"itemListElement\":[{\"@type\":\"ListItem\",\"position\":1,\"name\":\"In\u00edcio\",\"item\":\"https:\\\/\\\/blogdofarnesio.com.br\\\/\"},{\"@type\":\"ListItem\",\"position\":2,\"name\":\"Quando disputas da Rep\u00fablica Federativa da Bahia influenciam rumos do Brasil\"}]},{\"@type\":\"WebSite\",\"@id\":\"https:\\\/\\\/blogdofarnesio.com.br\\\/#website\",\"url\":\"https:\\\/\\\/blogdofarnesio.com.br\\\/\",\"name\":\"Blog do Farn\u00e9sio\",\"description\":\"Quer Saber Pol\u00edtica?\",\"publisher\":{\"@id\":\"https:\\\/\\\/blogdofarnesio.com.br\\\/#organization\"},\"potentialAction\":[{\"@type\":\"SearchAction\",\"target\":{\"@type\":\"EntryPoint\",\"urlTemplate\":\"https:\\\/\\\/blogdofarnesio.com.br\\\/?s={search_term_string}\"},\"query-input\":{\"@type\":\"PropertyValueSpecification\",\"valueRequired\":true,\"valueName\":\"search_term_string\"}}],\"inLanguage\":\"pt-BR\"},{\"@type\":\"Organization\",\"@id\":\"https:\\\/\\\/blogdofarnesio.com.br\\\/#organization\",\"name\":\"Blog do Farn\u00e9sio\",\"url\":\"https:\\\/\\\/blogdofarnesio.com.br\\\/\",\"logo\":{\"@type\":\"ImageObject\",\"inLanguage\":\"pt-BR\",\"@id\":\"https:\\\/\\\/blogdofarnesio.com.br\\\/#\\\/schema\\\/logo\\\/image\\\/\",\"url\":\"https:\\\/\\\/blogdofarnesio.com.br\\\/wp-content\\\/uploads\\\/2026\\\/03\\\/cropped-logo_new-1.png\",\"contentUrl\":\"https:\\\/\\\/blogdofarnesio.com.br\\\/wp-content\\\/uploads\\\/2026\\\/03\\\/cropped-logo_new-1.png\",\"width\":881,\"height\":685,\"caption\":\"Blog do Farn\u00e9sio\"},\"image\":{\"@id\":\"https:\\\/\\\/blogdofarnesio.com.br\\\/#\\\/schema\\\/logo\\\/image\\\/\"},\"sameAs\":[\"https:\\\/\\\/www.facebook.com\\\/BlogQuerSaberPolitica\\\/\"]},{\"@type\":\"Person\",\"@id\":\"https:\\\/\\\/blogdofarnesio.com.br\\\/#\\\/schema\\\/person\\\/bb9b23ae3ad0609ce8df7b6c9e76824d\",\"name\":\"Farn\u00e9sio\",\"image\":{\"@type\":\"ImageObject\",\"inLanguage\":\"pt-BR\",\"@id\":\"https:\\\/\\\/secure.gravatar.com\\\/avatar\\\/986aa4c61ccdb66f8555bf88fc2a65609d00bcabd4d2d94377a727547345cbca?s=96&d=mm&r=g\",\"url\":\"https:\\\/\\\/secure.gravatar.com\\\/avatar\\\/986aa4c61ccdb66f8555bf88fc2a65609d00bcabd4d2d94377a727547345cbca?s=96&d=mm&r=g\",\"contentUrl\":\"https:\\\/\\\/secure.gravatar.com\\\/avatar\\\/986aa4c61ccdb66f8555bf88fc2a65609d00bcabd4d2d94377a727547345cbca?s=96&d=mm&r=g\",\"caption\":\"Farn\u00e9sio\"},\"description\":\"Radialista blogueiro, chegou a Petrolina\\\/Juazeiro em setembro de 1980, Farn\u00e9sio Silva \u00e9 de Arapiraca-Alagoas.\",\"sameAs\":[\"http:\\\/\\\/blogdofarnesio.com.br\",\"https:\\\/\\\/www.facebook.com\\\/?ref=tn_tnmn\",\"https:\\\/\\\/www.instagram.com\\\/?utm_source=pwa_homescreen\",\"https:\\\/\\\/youtube.com.br\\\/\"],\"url\":\"https:\\\/\\\/blogdofarnesio.com.br\\\/?author=2\"}]}<\/script>\n<!-- \/ Yoast SEO plugin. -->","yoast_head_json":{"title":"Quando disputas da Rep\u00fablica Federativa da Bahia influenciam rumos do Brasil - Blog do Farn\u00e9sio","robots":{"index":"index","follow":"follow","max-snippet":"max-snippet:-1","max-image-preview":"max-image-preview:large","max-video-preview":"max-video-preview:-1"},"canonical":"https:\/\/blogdofarnesio.com.br\/?p=342513","og_locale":"pt_BR","og_type":"article","og_title":"Quando disputas da Rep\u00fablica Federativa da Bahia influenciam rumos do Brasil - Blog do Farn\u00e9sio","og_description":"Por Fernando Duarte\/BN\u00a0 &#8211; A Rep\u00fablica se tornou ref\u00e9m de brigas provincianas. Depois da rixa dos alagoanos Renan Calheiros e Arthur Lira, agora o Brasil \u00e9 obrigado a lidar com a rivalidade entre o l\u00edder do Uni\u00e3o Brasil na C\u00e2mara, Elmar Nascimento, e o ministro da Casa Civil, Rui Costa. Em outras circunst\u00e2ncias, as disputas por poder seriam at\u00e9 interessantes. Todavia, pelo andar da carruagem, mais provocam tens\u00f5es desnecess\u00e1rias do que um debate efetivo sobre o futuro do pa\u00eds. \u00c9 poss\u00edvel, inclusive, tra\u00e7ar paralelos entre as duas batalhas campais nordestinas. Lira e Elmar s\u00e3o um \u00fanico corpo sob a \u00f3tima de utilizar a C\u00e2mara para pressionar o Executivo. Se h\u00e1 algumas semanas a guerrilha entre o presidente da C\u00e2mara e&hellip;","og_url":"https:\/\/blogdofarnesio.com.br\/?p=342513","og_site_name":"Blog do Farn\u00e9sio","article_publisher":"https:\/\/www.facebook.com\/BlogQuerSaberPolitica\/","article_author":"https:\/\/www.facebook.com\/?ref=tn_tnmn","article_published_time":"2023-06-07T18:43:07+00:00","og_image":[{"width":635,"height":429,"url":"https:\/\/blogdofarnesio.com.br\/wp-content\/uploads\/2023\/06\/blogqsprui-elmar.jpg","type":"image\/jpeg"}],"author":"Farn\u00e9sio","twitter_card":"summary_large_image","twitter_misc":{"Escrito por":"Farn\u00e9sio","Est. tempo de leitura":"3 minutos"},"schema":{"@context":"https:\/\/schema.org","@graph":[{"@type":"Article","@id":"https:\/\/blogdofarnesio.com.br\/?p=342513#article","isPartOf":{"@id":"https:\/\/blogdofarnesio.com.br\/?p=342513"},"author":{"name":"Farn\u00e9sio","@id":"https:\/\/blogdofarnesio.com.br\/#\/schema\/person\/bb9b23ae3ad0609ce8df7b6c9e76824d"},"headline":"Quando disputas da Rep\u00fablica Federativa da Bahia influenciam rumos do Brasil","datePublished":"2023-06-07T18:43:07+00:00","mainEntityOfPage":{"@id":"https:\/\/blogdofarnesio.com.br\/?p=342513"},"wordCount":578,"commentCount":0,"publisher":{"@id":"https:\/\/blogdofarnesio.com.br\/#organization"},"image":{"@id":"https:\/\/blogdofarnesio.com.br\/?p=342513#primaryimage"},"thumbnailUrl":"https:\/\/blogdofarnesio.com.br\/wp-content\/uploads\/2023\/06\/blogqsprui-elmar.jpg","articleSection":["Artigo"],"inLanguage":"pt-BR","potentialAction":[{"@type":"CommentAction","name":"Comment","target":["https:\/\/blogdofarnesio.com.br\/?p=342513#respond"]}]},{"@type":"WebPage","@id":"https:\/\/blogdofarnesio.com.br\/?p=342513","url":"https:\/\/blogdofarnesio.com.br\/?p=342513","name":"Quando disputas da Rep\u00fablica Federativa da Bahia influenciam rumos do Brasil - Blog do Farn\u00e9sio","isPartOf":{"@id":"https:\/\/blogdofarnesio.com.br\/#website"},"primaryImageOfPage":{"@id":"https:\/\/blogdofarnesio.com.br\/?p=342513#primaryimage"},"image":{"@id":"https:\/\/blogdofarnesio.com.br\/?p=342513#primaryimage"},"thumbnailUrl":"https:\/\/blogdofarnesio.com.br\/wp-content\/uploads\/2023\/06\/blogqsprui-elmar.jpg","datePublished":"2023-06-07T18:43:07+00:00","breadcrumb":{"@id":"https:\/\/blogdofarnesio.com.br\/?p=342513#breadcrumb"},"inLanguage":"pt-BR","potentialAction":[{"@type":"ReadAction","target":["https:\/\/blogdofarnesio.com.br\/?p=342513"]}]},{"@type":"ImageObject","inLanguage":"pt-BR","@id":"https:\/\/blogdofarnesio.com.br\/?p=342513#primaryimage","url":"https:\/\/blogdofarnesio.com.br\/wp-content\/uploads\/2023\/06\/blogqsprui-elmar.jpg","contentUrl":"https:\/\/blogdofarnesio.com.br\/wp-content\/uploads\/2023\/06\/blogqsprui-elmar.jpg","width":635,"height":429},{"@type":"BreadcrumbList","@id":"https:\/\/blogdofarnesio.com.br\/?p=342513#breadcrumb","itemListElement":[{"@type":"ListItem","position":1,"name":"In\u00edcio","item":"https:\/\/blogdofarnesio.com.br\/"},{"@type":"ListItem","position":2,"name":"Quando disputas da Rep\u00fablica Federativa da Bahia influenciam rumos do Brasil"}]},{"@type":"WebSite","@id":"https:\/\/blogdofarnesio.com.br\/#website","url":"https:\/\/blogdofarnesio.com.br\/","name":"Blog do Farn\u00e9sio","description":"Quer Saber Pol\u00edtica?","publisher":{"@id":"https:\/\/blogdofarnesio.com.br\/#organization"},"potentialAction":[{"@type":"SearchAction","target":{"@type":"EntryPoint","urlTemplate":"https:\/\/blogdofarnesio.com.br\/?s={search_term_string}"},"query-input":{"@type":"PropertyValueSpecification","valueRequired":true,"valueName":"search_term_string"}}],"inLanguage":"pt-BR"},{"@type":"Organization","@id":"https:\/\/blogdofarnesio.com.br\/#organization","name":"Blog do Farn\u00e9sio","url":"https:\/\/blogdofarnesio.com.br\/","logo":{"@type":"ImageObject","inLanguage":"pt-BR","@id":"https:\/\/blogdofarnesio.com.br\/#\/schema\/logo\/image\/","url":"https:\/\/blogdofarnesio.com.br\/wp-content\/uploads\/2026\/03\/cropped-logo_new-1.png","contentUrl":"https:\/\/blogdofarnesio.com.br\/wp-content\/uploads\/2026\/03\/cropped-logo_new-1.png","width":881,"height":685,"caption":"Blog do Farn\u00e9sio"},"image":{"@id":"https:\/\/blogdofarnesio.com.br\/#\/schema\/logo\/image\/"},"sameAs":["https:\/\/www.facebook.com\/BlogQuerSaberPolitica\/"]},{"@type":"Person","@id":"https:\/\/blogdofarnesio.com.br\/#\/schema\/person\/bb9b23ae3ad0609ce8df7b6c9e76824d","name":"Farn\u00e9sio","image":{"@type":"ImageObject","inLanguage":"pt-BR","@id":"https:\/\/secure.gravatar.com\/avatar\/986aa4c61ccdb66f8555bf88fc2a65609d00bcabd4d2d94377a727547345cbca?s=96&d=mm&r=g","url":"https:\/\/secure.gravatar.com\/avatar\/986aa4c61ccdb66f8555bf88fc2a65609d00bcabd4d2d94377a727547345cbca?s=96&d=mm&r=g","contentUrl":"https:\/\/secure.gravatar.com\/avatar\/986aa4c61ccdb66f8555bf88fc2a65609d00bcabd4d2d94377a727547345cbca?s=96&d=mm&r=g","caption":"Farn\u00e9sio"},"description":"Radialista blogueiro, chegou a Petrolina\/Juazeiro em setembro de 1980, Farn\u00e9sio Silva \u00e9 de Arapiraca-Alagoas.","sameAs":["http:\/\/blogdofarnesio.com.br","https:\/\/www.facebook.com\/?ref=tn_tnmn","https:\/\/www.instagram.com\/?utm_source=pwa_homescreen","https:\/\/youtube.com.br\/"],"url":"https:\/\/blogdofarnesio.com.br\/?author=2"}]}},"_links":{"self":[{"href":"https:\/\/blogdofarnesio.com.br\/index.php?rest_route=\/wp\/v2\/posts\/342513","targetHints":{"allow":["GET"]}}],"collection":[{"href":"https:\/\/blogdofarnesio.com.br\/index.php?rest_route=\/wp\/v2\/posts"}],"about":[{"href":"https:\/\/blogdofarnesio.com.br\/index.php?rest_route=\/wp\/v2\/types\/post"}],"author":[{"embeddable":true,"href":"https:\/\/blogdofarnesio.com.br\/index.php?rest_route=\/wp\/v2\/users\/2"}],"replies":[{"embeddable":true,"href":"https:\/\/blogdofarnesio.com.br\/index.php?rest_route=%2Fwp%2Fv2%2Fcomments&post=342513"}],"version-history":[{"count":0,"href":"https:\/\/blogdofarnesio.com.br\/index.php?rest_route=\/wp\/v2\/posts\/342513\/revisions"}],"wp:featuredmedia":[{"embeddable":true,"href":"https:\/\/blogdofarnesio.com.br\/index.php?rest_route=\/wp\/v2\/media\/342514"}],"wp:attachment":[{"href":"https:\/\/blogdofarnesio.com.br\/index.php?rest_route=%2Fwp%2Fv2%2Fmedia&parent=342513"}],"wp:term":[{"taxonomy":"category","embeddable":true,"href":"https:\/\/blogdofarnesio.com.br\/index.php?rest_route=%2Fwp%2Fv2%2Fcategories&post=342513"},{"taxonomy":"post_tag","embeddable":true,"href":"https:\/\/blogdofarnesio.com.br\/index.php?rest_route=%2Fwp%2Fv2%2Ftags&post=342513"}],"curies":[{"name":"wp","href":"https:\/\/api.w.org\/{rel}","templated":true}]}}