{"id":342448,"date":"2023-06-06T17:25:09","date_gmt":"2023-06-06T20:25:09","guid":{"rendered":"https:\/\/blogdofarnesio.com.br\/?p=342448"},"modified":"2023-06-06T17:08:09","modified_gmt":"2023-06-06T20:08:09","slug":"jeronimo-e-lula-participam-da-abertura-da-bahia-farm-show-que-espera-movimentar-r-8-bilhoes-em-negocios","status":"publish","type":"post","link":"https:\/\/blogdofarnesio.com.br\/?p=342448","title":{"rendered":"Jer\u00f4nimo e Lula participam da abertura da Bahia Farm Show, que espera movimentar R$ 8 bilh\u00f5es em neg\u00f3cios"},"content":{"rendered":"<p>Maior feira de agroneg\u00f3cio do Norte e Nordeste, a 17\u00aa edi\u00e7\u00e3o da Bahia Farm Show foi aberta oficialmente, no munic\u00edpio de Lu\u00eds Eduardo Magalh\u00e3es, com as presen\u00e7as do governador Jer\u00f4nimo Rodrigues, do presidente Luiz In\u00e1cio Lula da Silva, do ministro da Casa Civil, Rui Costa e outras autoridades.<\/p>\n<p style=\"text-align: center;\">A comitiva visitou o espa\u00e7o onde, at\u00e9 o pr\u00f3ximo s\u00e1bado (10), ser\u00e3o realizados neg\u00f3cios de maquin\u00e1rio, fertilizantes, tecnologia agr\u00edcolas e outros itens. A expectativa \u00e9 superar os R$ 8 bilh\u00f5es em neg\u00f3cios e o p\u00fablico de 120 mil visitantes da edi\u00e7\u00e3o passada.<\/p>\n<p>Jer\u00f4nimo destacou a for\u00e7a do agroneg\u00f3cio baiano. \u201cN\u00f3s temos aqui um agro muito forte, no Extremo-Sul, no Norte, na Chapada. N\u00f3s temos o prazer de ter um clima bom, um solo bom, um len\u00e7ol fre\u00e1tico bom. Bastou que juntassem empres\u00e1rios e trabalhadores de v\u00e1rias partes do pa\u00eds, para que juntos, n\u00f3s tiv\u00e9ssemos a oportunidade de colocar o Brasil entre os maiores produtores e exportadores do setor agr\u00edcola\u201d.<\/p>\n<p>O governador falou ainda da import\u00e2ncia e for\u00e7a do pequeno produtor e de atitudes para preservar a paz no campo. \u201cA presen\u00e7a do presidente \u00e9 um chamado pela unidade. N\u00f3s precisamos produzir com paz no campo. Ontem, na reuni\u00e3o com a dire\u00e7\u00e3o do agroneg\u00f3cio baiano, com os segmentos representativos do agro, eu me coloquei \u00e0 disposi\u00e7\u00e3o. Eu sei que n\u00f3s temos a chancela de falar em seu nome para promover o di\u00e1logo, para que a pacifica\u00e7\u00e3o no campo seja dada para fortalecer a imagem de um Brasil que conhecemos\u201d.<\/p>\n<p>O presidente Lula incentivou a parceria entre produtores do agroneg\u00f3cio e agricultores familiares. \u201cS\u00e3o duas coisas totalmente necess\u00e1rias no pa\u00eds. N\u00e3o h\u00e1 rivalidade, n\u00e3o h\u00e1 porque ter preconceito do grande com o pequeno ou do pequeno com o grande. O Brasil precisa dos dois. N\u00f3s temos 4,6 milh\u00f5es de propriedades com menos de 100 hectares no pa\u00eds. Essa gente cria porco, cria galinha, vaca-leiteira, planta milho, soja, cria peixe. Essa gente produz parte dos alimentos que consumimos. Por isso n\u00f3s precisamos de todos eles\u201d, frisou.<\/p>\n<p>Lula ainda falou da import\u00e2ncia do pa\u00eds produzir produtos manufaturados e tamb\u00e9m commodities e detalhou os avan\u00e7os tecnol\u00f3gicos que o setor agropecu\u00e1rio tem incentivado. \u201cN\u00e3o tem rivalidade entre exportar produtos manufaturados e exportar commodities. Hoje existe muita tecnologia envolvida para a produ\u00e7\u00e3o de um gr\u00e3o de soja, h\u00e1 muita gen\u00e9tica envolvida na cria\u00e7\u00e3o de um frango, de um porco, de um boi. O Brasil precisa dos dois, precisa da agricultura e da ind\u00fastria\u201d.<\/p>\n<p>*Parceria*<\/p>\n<p>O presidente da Associa\u00e7\u00e3o de Agricultores e Irrigantes da Bahia (Aiba), Odacil Ranzi, destacou a parceria entre o Governo do Estado e o agroneg\u00f3cio. \u201cNos \u00faltimos dois anos, a Bahia Farm Show cresceu exatamente 51%, um salto muito grande nas nossas estruturas porque \u00e9 um investimento muito forte. E o Governo do Estado \u00e9 muito importante porque aporta recursos e apoio no desenvolvimento do evento\u201d.<\/p>\n<p>As secretarias estaduais da Agricultura, de Desenvolvimento Econ\u00f4mico e Desenvolvimento Rural t\u00eam estandes nesta edi\u00e7\u00e3o do evento. Entre as a\u00e7\u00f5es desenvolvidas pelo Governo do Estado est\u00e3o Feira da Agricultura Familiar e Economia Solid\u00e1ria est\u00e1 com nova estrutura e vai apresentar o Emp\u00f3rio da Agricultura Familiar, uma loja boutique climatizada com produtos de diversas regi\u00f5es do estado como chocolates, caf\u00e9s, sorvetes e artesanatos regionais. O investimento em todas as a\u00e7\u00f5es de secretarias e \u00f3rg\u00e3os foi de R$ 1,4 milh\u00e3o.<\/p>\n<p>A feira tamb\u00e9m contar\u00e1 com a\u00e7\u00f5es desenvolvidas pelas secretarias de Desenvolvimento Urbano, Turismo, Meio Ambiente, e Planejamento. Este ano, a Bahia Farm Show conta com a participa\u00e7\u00e3o de 420 empresas e 1,2 mil marcas, que exp\u00f5em e negociam m\u00e1quinas, equipamentos e servi\u00e7os para o agroneg\u00f3cio.<\/p>\n<p>*_Rep\u00f3rter: Raul Rodrigues_*<br \/>\n*_Fotos: Jo\u00e1 Souza\/GOVBA_*<\/p>\n","protected":false},"excerpt":{"rendered":"<p>Maior feira de agroneg\u00f3cio do Norte e Nordeste, a 17\u00aa edi\u00e7\u00e3o da Bahia Farm Show foi aberta oficialmente, no munic\u00edpio de Lu\u00eds Eduardo Magalh\u00e3es, com as presen\u00e7as do governador Jer\u00f4nimo Rodrigues, do presidente Luiz In\u00e1cio Lula da Silva, do ministro da Casa Civil, Rui Costa e outras autoridades. A comitiva visitou o espa\u00e7o onde, at\u00e9 o pr\u00f3ximo s\u00e1bado (10), ser\u00e3o realizados neg\u00f3cios de maquin\u00e1rio, fertilizantes, tecnologia agr\u00edcolas e outros itens. A expectativa \u00e9 superar os R$ 8 bilh\u00f5es em neg\u00f3cios e o p\u00fablico de 120 mil visitantes da edi\u00e7\u00e3o passada. Jer\u00f4nimo destacou a for\u00e7a do agroneg\u00f3cio baiano. \u201cN\u00f3s temos aqui um agro muito forte, no Extremo-Sul, no Norte, na Chapada. N\u00f3s temos o prazer de ter um clima bom, um&hellip; <\/p>\n","protected":false},"author":2,"featured_media":342450,"comment_status":"open","ping_status":"open","sticky":false,"template":"","format":"standard","meta":{"_acf_changed":false,"footnotes":""},"categories":[44],"tags":[],"class_list":["post-342448","post","type-post","status-publish","format-standard","has-post-thumbnail","hentry","category-administracao"],"acf":[],"yoast_head":"<!-- This site is optimized with the Yoast SEO plugin v27.4 - https:\/\/yoast.com\/product\/yoast-seo-wordpress\/ -->\n<title>Jer\u00f4nimo e Lula participam da abertura da Bahia Farm Show, que espera movimentar R$ 8 bilh\u00f5es em neg\u00f3cios - Blog do Farn\u00e9sio<\/title>\n<meta name=\"robots\" content=\"index, follow, max-snippet:-1, max-image-preview:large, max-video-preview:-1\" \/>\n<link rel=\"canonical\" href=\"https:\/\/blogdofarnesio.com.br\/?p=342448\" \/>\n<meta property=\"og:locale\" content=\"pt_BR\" \/>\n<meta property=\"og:type\" content=\"article\" \/>\n<meta property=\"og:title\" content=\"Jer\u00f4nimo e Lula participam da abertura da Bahia Farm Show, que espera movimentar R$ 8 bilh\u00f5es em neg\u00f3cios - Blog do Farn\u00e9sio\" \/>\n<meta property=\"og:description\" content=\"Maior feira de agroneg\u00f3cio do Norte e Nordeste, a 17\u00aa edi\u00e7\u00e3o da Bahia Farm Show foi aberta oficialmente, no munic\u00edpio de Lu\u00eds Eduardo Magalh\u00e3es, com as presen\u00e7as do governador Jer\u00f4nimo Rodrigues, do presidente Luiz In\u00e1cio Lula da Silva, do ministro da Casa Civil, Rui Costa e outras autoridades. A comitiva visitou o espa\u00e7o onde, at\u00e9 o pr\u00f3ximo s\u00e1bado (10), ser\u00e3o realizados neg\u00f3cios de maquin\u00e1rio, fertilizantes, tecnologia agr\u00edcolas e outros itens. A expectativa \u00e9 superar os R$ 8 bilh\u00f5es em neg\u00f3cios e o p\u00fablico de 120 mil visitantes da edi\u00e7\u00e3o passada. Jer\u00f4nimo destacou a for\u00e7a do agroneg\u00f3cio baiano. \u201cN\u00f3s temos aqui um agro muito forte, no Extremo-Sul, no Norte, na Chapada. N\u00f3s temos o prazer de ter um clima bom, um&hellip;\" \/>\n<meta property=\"og:url\" content=\"https:\/\/blogdofarnesio.com.br\/?p=342448\" \/>\n<meta property=\"og:site_name\" content=\"Blog do Farn\u00e9sio\" \/>\n<meta property=\"article:publisher\" content=\"https:\/\/www.facebook.com\/BlogQuerSaberPolitica\/\" \/>\n<meta property=\"article:author\" content=\"https:\/\/www.facebook.com\/?ref=tn_tnmn\" \/>\n<meta property=\"article:published_time\" content=\"2023-06-06T20:25:09+00:00\" \/>\n<meta property=\"og:image\" content=\"https:\/\/blogdofarnesio.com.br\/wp-content\/uploads\/2023\/06\/IMG-20230606-WA0173-e1686082042518.jpg\" \/>\n\t<meta property=\"og:image:width\" content=\"600\" \/>\n\t<meta property=\"og:image:height\" content=\"400\" \/>\n\t<meta property=\"og:image:type\" content=\"image\/jpeg\" \/>\n<meta name=\"author\" content=\"Farn\u00e9sio\" \/>\n<meta name=\"twitter:card\" content=\"summary_large_image\" \/>\n<meta name=\"twitter:label1\" content=\"Escrito por\" \/>\n\t<meta name=\"twitter:data1\" content=\"Farn\u00e9sio\" \/>\n\t<meta name=\"twitter:label2\" content=\"Est. tempo de leitura\" \/>\n\t<meta name=\"twitter:data2\" content=\"4 minutos\" \/>\n<script type=\"application\/ld+json\" class=\"yoast-schema-graph\">{\"@context\":\"https:\\\/\\\/schema.org\",\"@graph\":[{\"@type\":\"Article\",\"@id\":\"https:\\\/\\\/blogdofarnesio.com.br\\\/?p=342448#article\",\"isPartOf\":{\"@id\":\"https:\\\/\\\/blogdofarnesio.com.br\\\/?p=342448\"},\"author\":{\"name\":\"Farn\u00e9sio\",\"@id\":\"https:\\\/\\\/blogdofarnesio.com.br\\\/#\\\/schema\\\/person\\\/bb9b23ae3ad0609ce8df7b6c9e76824d\"},\"headline\":\"Jer\u00f4nimo e Lula participam da abertura da Bahia Farm Show, que espera movimentar R$ 8 bilh\u00f5es em neg\u00f3cios\",\"datePublished\":\"2023-06-06T20:25:09+00:00\",\"mainEntityOfPage\":{\"@id\":\"https:\\\/\\\/blogdofarnesio.com.br\\\/?p=342448\"},\"wordCount\":692,\"commentCount\":0,\"publisher\":{\"@id\":\"https:\\\/\\\/blogdofarnesio.com.br\\\/#organization\"},\"image\":{\"@id\":\"https:\\\/\\\/blogdofarnesio.com.br\\\/?p=342448#primaryimage\"},\"thumbnailUrl\":\"https:\\\/\\\/blogdofarnesio.com.br\\\/wp-content\\\/uploads\\\/2023\\\/06\\\/IMG-20230606-WA0173-e1686082042518.jpg\",\"articleSection\":[\"Administra\u00e7\u00e3o\"],\"inLanguage\":\"pt-BR\",\"potentialAction\":[{\"@type\":\"CommentAction\",\"name\":\"Comment\",\"target\":[\"https:\\\/\\\/blogdofarnesio.com.br\\\/?p=342448#respond\"]}]},{\"@type\":\"WebPage\",\"@id\":\"https:\\\/\\\/blogdofarnesio.com.br\\\/?p=342448\",\"url\":\"https:\\\/\\\/blogdofarnesio.com.br\\\/?p=342448\",\"name\":\"Jer\u00f4nimo e Lula participam da abertura da Bahia Farm Show, que espera movimentar R$ 8 bilh\u00f5es em neg\u00f3cios - Blog do Farn\u00e9sio\",\"isPartOf\":{\"@id\":\"https:\\\/\\\/blogdofarnesio.com.br\\\/#website\"},\"primaryImageOfPage\":{\"@id\":\"https:\\\/\\\/blogdofarnesio.com.br\\\/?p=342448#primaryimage\"},\"image\":{\"@id\":\"https:\\\/\\\/blogdofarnesio.com.br\\\/?p=342448#primaryimage\"},\"thumbnailUrl\":\"https:\\\/\\\/blogdofarnesio.com.br\\\/wp-content\\\/uploads\\\/2023\\\/06\\\/IMG-20230606-WA0173-e1686082042518.jpg\",\"datePublished\":\"2023-06-06T20:25:09+00:00\",\"breadcrumb\":{\"@id\":\"https:\\\/\\\/blogdofarnesio.com.br\\\/?p=342448#breadcrumb\"},\"inLanguage\":\"pt-BR\",\"potentialAction\":[{\"@type\":\"ReadAction\",\"target\":[\"https:\\\/\\\/blogdofarnesio.com.br\\\/?p=342448\"]}]},{\"@type\":\"ImageObject\",\"inLanguage\":\"pt-BR\",\"@id\":\"https:\\\/\\\/blogdofarnesio.com.br\\\/?p=342448#primaryimage\",\"url\":\"https:\\\/\\\/blogdofarnesio.com.br\\\/wp-content\\\/uploads\\\/2023\\\/06\\\/IMG-20230606-WA0173-e1686082042518.jpg\",\"contentUrl\":\"https:\\\/\\\/blogdofarnesio.com.br\\\/wp-content\\\/uploads\\\/2023\\\/06\\\/IMG-20230606-WA0173-e1686082042518.jpg\",\"width\":600,\"height\":400},{\"@type\":\"BreadcrumbList\",\"@id\":\"https:\\\/\\\/blogdofarnesio.com.br\\\/?p=342448#breadcrumb\",\"itemListElement\":[{\"@type\":\"ListItem\",\"position\":1,\"name\":\"In\u00edcio\",\"item\":\"https:\\\/\\\/blogdofarnesio.com.br\\\/\"},{\"@type\":\"ListItem\",\"position\":2,\"name\":\"Jer\u00f4nimo e Lula participam da abertura da Bahia Farm Show, que espera movimentar R$ 8 bilh\u00f5es em neg\u00f3cios\"}]},{\"@type\":\"WebSite\",\"@id\":\"https:\\\/\\\/blogdofarnesio.com.br\\\/#website\",\"url\":\"https:\\\/\\\/blogdofarnesio.com.br\\\/\",\"name\":\"Blog do Farn\u00e9sio\",\"description\":\"Quer Saber Pol\u00edtica?\",\"publisher\":{\"@id\":\"https:\\\/\\\/blogdofarnesio.com.br\\\/#organization\"},\"potentialAction\":[{\"@type\":\"SearchAction\",\"target\":{\"@type\":\"EntryPoint\",\"urlTemplate\":\"https:\\\/\\\/blogdofarnesio.com.br\\\/?s={search_term_string}\"},\"query-input\":{\"@type\":\"PropertyValueSpecification\",\"valueRequired\":true,\"valueName\":\"search_term_string\"}}],\"inLanguage\":\"pt-BR\"},{\"@type\":\"Organization\",\"@id\":\"https:\\\/\\\/blogdofarnesio.com.br\\\/#organization\",\"name\":\"Blog do Farn\u00e9sio\",\"url\":\"https:\\\/\\\/blogdofarnesio.com.br\\\/\",\"logo\":{\"@type\":\"ImageObject\",\"inLanguage\":\"pt-BR\",\"@id\":\"https:\\\/\\\/blogdofarnesio.com.br\\\/#\\\/schema\\\/logo\\\/image\\\/\",\"url\":\"https:\\\/\\\/blogdofarnesio.com.br\\\/wp-content\\\/uploads\\\/2026\\\/03\\\/cropped-logo_new-1.png\",\"contentUrl\":\"https:\\\/\\\/blogdofarnesio.com.br\\\/wp-content\\\/uploads\\\/2026\\\/03\\\/cropped-logo_new-1.png\",\"width\":881,\"height\":685,\"caption\":\"Blog do Farn\u00e9sio\"},\"image\":{\"@id\":\"https:\\\/\\\/blogdofarnesio.com.br\\\/#\\\/schema\\\/logo\\\/image\\\/\"},\"sameAs\":[\"https:\\\/\\\/www.facebook.com\\\/BlogQuerSaberPolitica\\\/\"]},{\"@type\":\"Person\",\"@id\":\"https:\\\/\\\/blogdofarnesio.com.br\\\/#\\\/schema\\\/person\\\/bb9b23ae3ad0609ce8df7b6c9e76824d\",\"name\":\"Farn\u00e9sio\",\"image\":{\"@type\":\"ImageObject\",\"inLanguage\":\"pt-BR\",\"@id\":\"https:\\\/\\\/secure.gravatar.com\\\/avatar\\\/986aa4c61ccdb66f8555bf88fc2a65609d00bcabd4d2d94377a727547345cbca?s=96&d=mm&r=g\",\"url\":\"https:\\\/\\\/secure.gravatar.com\\\/avatar\\\/986aa4c61ccdb66f8555bf88fc2a65609d00bcabd4d2d94377a727547345cbca?s=96&d=mm&r=g\",\"contentUrl\":\"https:\\\/\\\/secure.gravatar.com\\\/avatar\\\/986aa4c61ccdb66f8555bf88fc2a65609d00bcabd4d2d94377a727547345cbca?s=96&d=mm&r=g\",\"caption\":\"Farn\u00e9sio\"},\"description\":\"Radialista blogueiro, chegou a Petrolina\\\/Juazeiro em setembro de 1980, Farn\u00e9sio Silva \u00e9 de Arapiraca-Alagoas.\",\"sameAs\":[\"http:\\\/\\\/blogdofarnesio.com.br\",\"https:\\\/\\\/www.facebook.com\\\/?ref=tn_tnmn\",\"https:\\\/\\\/www.instagram.com\\\/?utm_source=pwa_homescreen\",\"https:\\\/\\\/youtube.com.br\\\/\"],\"url\":\"https:\\\/\\\/blogdofarnesio.com.br\\\/?author=2\"}]}<\/script>\n<!-- \/ Yoast SEO plugin. -->","yoast_head_json":{"title":"Jer\u00f4nimo e Lula participam da abertura da Bahia Farm Show, que espera movimentar R$ 8 bilh\u00f5es em neg\u00f3cios - Blog do Farn\u00e9sio","robots":{"index":"index","follow":"follow","max-snippet":"max-snippet:-1","max-image-preview":"max-image-preview:large","max-video-preview":"max-video-preview:-1"},"canonical":"https:\/\/blogdofarnesio.com.br\/?p=342448","og_locale":"pt_BR","og_type":"article","og_title":"Jer\u00f4nimo e Lula participam da abertura da Bahia Farm Show, que espera movimentar R$ 8 bilh\u00f5es em neg\u00f3cios - Blog do Farn\u00e9sio","og_description":"Maior feira de agroneg\u00f3cio do Norte e Nordeste, a 17\u00aa edi\u00e7\u00e3o da Bahia Farm Show foi aberta oficialmente, no munic\u00edpio de Lu\u00eds Eduardo Magalh\u00e3es, com as presen\u00e7as do governador Jer\u00f4nimo Rodrigues, do presidente Luiz In\u00e1cio Lula da Silva, do ministro da Casa Civil, Rui Costa e outras autoridades. A comitiva visitou o espa\u00e7o onde, at\u00e9 o pr\u00f3ximo s\u00e1bado (10), ser\u00e3o realizados neg\u00f3cios de maquin\u00e1rio, fertilizantes, tecnologia agr\u00edcolas e outros itens. A expectativa \u00e9 superar os R$ 8 bilh\u00f5es em neg\u00f3cios e o p\u00fablico de 120 mil visitantes da edi\u00e7\u00e3o passada. Jer\u00f4nimo destacou a for\u00e7a do agroneg\u00f3cio baiano. \u201cN\u00f3s temos aqui um agro muito forte, no Extremo-Sul, no Norte, na Chapada. N\u00f3s temos o prazer de ter um clima bom, um&hellip;","og_url":"https:\/\/blogdofarnesio.com.br\/?p=342448","og_site_name":"Blog do Farn\u00e9sio","article_publisher":"https:\/\/www.facebook.com\/BlogQuerSaberPolitica\/","article_author":"https:\/\/www.facebook.com\/?ref=tn_tnmn","article_published_time":"2023-06-06T20:25:09+00:00","og_image":[{"width":600,"height":400,"url":"https:\/\/blogdofarnesio.com.br\/wp-content\/uploads\/2023\/06\/IMG-20230606-WA0173-e1686082042518.jpg","type":"image\/jpeg"}],"author":"Farn\u00e9sio","twitter_card":"summary_large_image","twitter_misc":{"Escrito por":"Farn\u00e9sio","Est. tempo de leitura":"4 minutos"},"schema":{"@context":"https:\/\/schema.org","@graph":[{"@type":"Article","@id":"https:\/\/blogdofarnesio.com.br\/?p=342448#article","isPartOf":{"@id":"https:\/\/blogdofarnesio.com.br\/?p=342448"},"author":{"name":"Farn\u00e9sio","@id":"https:\/\/blogdofarnesio.com.br\/#\/schema\/person\/bb9b23ae3ad0609ce8df7b6c9e76824d"},"headline":"Jer\u00f4nimo e Lula participam da abertura da Bahia Farm Show, que espera movimentar R$ 8 bilh\u00f5es em neg\u00f3cios","datePublished":"2023-06-06T20:25:09+00:00","mainEntityOfPage":{"@id":"https:\/\/blogdofarnesio.com.br\/?p=342448"},"wordCount":692,"commentCount":0,"publisher":{"@id":"https:\/\/blogdofarnesio.com.br\/#organization"},"image":{"@id":"https:\/\/blogdofarnesio.com.br\/?p=342448#primaryimage"},"thumbnailUrl":"https:\/\/blogdofarnesio.com.br\/wp-content\/uploads\/2023\/06\/IMG-20230606-WA0173-e1686082042518.jpg","articleSection":["Administra\u00e7\u00e3o"],"inLanguage":"pt-BR","potentialAction":[{"@type":"CommentAction","name":"Comment","target":["https:\/\/blogdofarnesio.com.br\/?p=342448#respond"]}]},{"@type":"WebPage","@id":"https:\/\/blogdofarnesio.com.br\/?p=342448","url":"https:\/\/blogdofarnesio.com.br\/?p=342448","name":"Jer\u00f4nimo e Lula participam da abertura da Bahia Farm Show, que espera movimentar R$ 8 bilh\u00f5es em neg\u00f3cios - Blog do Farn\u00e9sio","isPartOf":{"@id":"https:\/\/blogdofarnesio.com.br\/#website"},"primaryImageOfPage":{"@id":"https:\/\/blogdofarnesio.com.br\/?p=342448#primaryimage"},"image":{"@id":"https:\/\/blogdofarnesio.com.br\/?p=342448#primaryimage"},"thumbnailUrl":"https:\/\/blogdofarnesio.com.br\/wp-content\/uploads\/2023\/06\/IMG-20230606-WA0173-e1686082042518.jpg","datePublished":"2023-06-06T20:25:09+00:00","breadcrumb":{"@id":"https:\/\/blogdofarnesio.com.br\/?p=342448#breadcrumb"},"inLanguage":"pt-BR","potentialAction":[{"@type":"ReadAction","target":["https:\/\/blogdofarnesio.com.br\/?p=342448"]}]},{"@type":"ImageObject","inLanguage":"pt-BR","@id":"https:\/\/blogdofarnesio.com.br\/?p=342448#primaryimage","url":"https:\/\/blogdofarnesio.com.br\/wp-content\/uploads\/2023\/06\/IMG-20230606-WA0173-e1686082042518.jpg","contentUrl":"https:\/\/blogdofarnesio.com.br\/wp-content\/uploads\/2023\/06\/IMG-20230606-WA0173-e1686082042518.jpg","width":600,"height":400},{"@type":"BreadcrumbList","@id":"https:\/\/blogdofarnesio.com.br\/?p=342448#breadcrumb","itemListElement":[{"@type":"ListItem","position":1,"name":"In\u00edcio","item":"https:\/\/blogdofarnesio.com.br\/"},{"@type":"ListItem","position":2,"name":"Jer\u00f4nimo e Lula participam da abertura da Bahia Farm Show, que espera movimentar R$ 8 bilh\u00f5es em neg\u00f3cios"}]},{"@type":"WebSite","@id":"https:\/\/blogdofarnesio.com.br\/#website","url":"https:\/\/blogdofarnesio.com.br\/","name":"Blog do Farn\u00e9sio","description":"Quer Saber Pol\u00edtica?","publisher":{"@id":"https:\/\/blogdofarnesio.com.br\/#organization"},"potentialAction":[{"@type":"SearchAction","target":{"@type":"EntryPoint","urlTemplate":"https:\/\/blogdofarnesio.com.br\/?s={search_term_string}"},"query-input":{"@type":"PropertyValueSpecification","valueRequired":true,"valueName":"search_term_string"}}],"inLanguage":"pt-BR"},{"@type":"Organization","@id":"https:\/\/blogdofarnesio.com.br\/#organization","name":"Blog do Farn\u00e9sio","url":"https:\/\/blogdofarnesio.com.br\/","logo":{"@type":"ImageObject","inLanguage":"pt-BR","@id":"https:\/\/blogdofarnesio.com.br\/#\/schema\/logo\/image\/","url":"https:\/\/blogdofarnesio.com.br\/wp-content\/uploads\/2026\/03\/cropped-logo_new-1.png","contentUrl":"https:\/\/blogdofarnesio.com.br\/wp-content\/uploads\/2026\/03\/cropped-logo_new-1.png","width":881,"height":685,"caption":"Blog do Farn\u00e9sio"},"image":{"@id":"https:\/\/blogdofarnesio.com.br\/#\/schema\/logo\/image\/"},"sameAs":["https:\/\/www.facebook.com\/BlogQuerSaberPolitica\/"]},{"@type":"Person","@id":"https:\/\/blogdofarnesio.com.br\/#\/schema\/person\/bb9b23ae3ad0609ce8df7b6c9e76824d","name":"Farn\u00e9sio","image":{"@type":"ImageObject","inLanguage":"pt-BR","@id":"https:\/\/secure.gravatar.com\/avatar\/986aa4c61ccdb66f8555bf88fc2a65609d00bcabd4d2d94377a727547345cbca?s=96&d=mm&r=g","url":"https:\/\/secure.gravatar.com\/avatar\/986aa4c61ccdb66f8555bf88fc2a65609d00bcabd4d2d94377a727547345cbca?s=96&d=mm&r=g","contentUrl":"https:\/\/secure.gravatar.com\/avatar\/986aa4c61ccdb66f8555bf88fc2a65609d00bcabd4d2d94377a727547345cbca?s=96&d=mm&r=g","caption":"Farn\u00e9sio"},"description":"Radialista blogueiro, chegou a Petrolina\/Juazeiro em setembro de 1980, Farn\u00e9sio Silva \u00e9 de Arapiraca-Alagoas.","sameAs":["http:\/\/blogdofarnesio.com.br","https:\/\/www.facebook.com\/?ref=tn_tnmn","https:\/\/www.instagram.com\/?utm_source=pwa_homescreen","https:\/\/youtube.com.br\/"],"url":"https:\/\/blogdofarnesio.com.br\/?author=2"}]}},"_links":{"self":[{"href":"https:\/\/blogdofarnesio.com.br\/index.php?rest_route=\/wp\/v2\/posts\/342448","targetHints":{"allow":["GET"]}}],"collection":[{"href":"https:\/\/blogdofarnesio.com.br\/index.php?rest_route=\/wp\/v2\/posts"}],"about":[{"href":"https:\/\/blogdofarnesio.com.br\/index.php?rest_route=\/wp\/v2\/types\/post"}],"author":[{"embeddable":true,"href":"https:\/\/blogdofarnesio.com.br\/index.php?rest_route=\/wp\/v2\/users\/2"}],"replies":[{"embeddable":true,"href":"https:\/\/blogdofarnesio.com.br\/index.php?rest_route=%2Fwp%2Fv2%2Fcomments&post=342448"}],"version-history":[{"count":0,"href":"https:\/\/blogdofarnesio.com.br\/index.php?rest_route=\/wp\/v2\/posts\/342448\/revisions"}],"wp:featuredmedia":[{"embeddable":true,"href":"https:\/\/blogdofarnesio.com.br\/index.php?rest_route=\/wp\/v2\/media\/342450"}],"wp:attachment":[{"href":"https:\/\/blogdofarnesio.com.br\/index.php?rest_route=%2Fwp%2Fv2%2Fmedia&parent=342448"}],"wp:term":[{"taxonomy":"category","embeddable":true,"href":"https:\/\/blogdofarnesio.com.br\/index.php?rest_route=%2Fwp%2Fv2%2Fcategories&post=342448"},{"taxonomy":"post_tag","embeddable":true,"href":"https:\/\/blogdofarnesio.com.br\/index.php?rest_route=%2Fwp%2Fv2%2Ftags&post=342448"}],"curies":[{"name":"wp","href":"https:\/\/api.w.org\/{rel}","templated":true}]}}