{"id":342298,"date":"2023-06-05T13:00:25","date_gmt":"2023-06-05T16:00:25","guid":{"rendered":"https:\/\/blogdofarnesio.com.br\/?p=342298"},"modified":"2023-06-05T09:16:28","modified_gmt":"2023-06-05T12:16:28","slug":"suzana-ramos-parabeniza-juazeirense-mirella-campos-pela-brilhante-participacao-no-the-voice-kids-2023","status":"publish","type":"post","link":"https:\/\/blogdofarnesio.com.br\/?p=342298","title":{"rendered":"Suzana Ramos parabeniza juazeirense Mirella Campos pela brilhante participa\u00e7\u00e3o no The Voice Kids 2023"},"content":{"rendered":"<p style=\"font-weight: 400;\">Ap\u00f3s se destacar entre 3 milh\u00f5es de inscritos para o programa The Voice Kids da Rede Globo, a juazeirense Mirella Campos encerrou sua participa\u00e7\u00e3o no programa neste domingo (05).<\/p>\n<p style=\"font-weight: 400;\">Na etapa das Audi\u00e7\u00f5es \u00e0s Cegas, Mirella interpretou a m\u00fasica Alvejante da cantora Priscila Senna, e foi disputada pelos t\u00e9cnicos Carlinhos Brown e Mumuzinho. A juazeirense escolheu o t\u00e9cnico Mumuzinho para seguir para a fase das batalhas na competi\u00e7\u00e3o que aconteceu neste domingo (04). Mais uma vez Mirella emocionou o p\u00fablico, mas infelizmente n\u00e3o foi escolhida pelo seu t\u00e9cnico.<\/p>\n<p style=\"font-weight: 400;\">A prefeita Suzana Ramos que acompanhou Mirella desde o in\u00edcio da competi\u00e7\u00e3o, fez quest\u00e3o de exaltar o talento da jovem e parabeniza-la por toda sua garra e talento. \u201cO talento de Mirella \u00e9 inexplic\u00e1vel, ela transmite o que canta para as pessoas, e j\u00e1 ganhou o mundo.<\/p>\n<p style=\"font-weight: 400;\">\u00c9 um orgulho ver mais uma filha da nossa terra, que \u00e9 celeiro de talentos, ser destaque em cen\u00e1rio nacional. O talento de Mirella \u00e9 grande e est\u00e1 apenas despontando para um futuro promissor e brilhante. Estarei sempre aqui para apoi\u00e1-la na sua jornada\u201d, destacou a gestora municipal.<\/p>\n","protected":false},"excerpt":{"rendered":"<p>Ap\u00f3s se destacar entre 3 milh\u00f5es de inscritos para o programa The Voice Kids da Rede Globo, a juazeirense Mirella Campos encerrou sua participa\u00e7\u00e3o no programa neste domingo (05). Na etapa das Audi\u00e7\u00f5es \u00e0s Cegas, Mirella interpretou a m\u00fasica Alvejante da cantora Priscila Senna, e foi disputada pelos t\u00e9cnicos Carlinhos Brown e Mumuzinho. A juazeirense escolheu o t\u00e9cnico Mumuzinho para seguir para a fase das batalhas na competi\u00e7\u00e3o que aconteceu neste domingo (04). Mais uma vez Mirella emocionou o p\u00fablico, mas infelizmente n\u00e3o foi escolhida pelo seu t\u00e9cnico. A prefeita Suzana Ramos que acompanhou Mirella desde o in\u00edcio da competi\u00e7\u00e3o, fez quest\u00e3o de exaltar o talento da jovem e parabeniza-la por toda sua garra e talento. \u201cO talento de Mirella&hellip; <\/p>\n","protected":false},"author":2,"featured_media":342299,"comment_status":"open","ping_status":"open","sticky":false,"template":"","format":"standard","meta":{"_acf_changed":false,"footnotes":""},"categories":[3],"tags":[],"class_list":["post-342298","post","type-post","status-publish","format-standard","has-post-thumbnail","hentry","category-entretenimento"],"acf":[],"yoast_head":"<!-- This site is optimized with the Yoast SEO plugin v27.4 - https:\/\/yoast.com\/product\/yoast-seo-wordpress\/ -->\n<title>Suzana Ramos parabeniza juazeirense Mirella Campos pela brilhante participa\u00e7\u00e3o no The Voice Kids 2023 - Blog do Farn\u00e9sio<\/title>\n<meta name=\"robots\" content=\"index, follow, max-snippet:-1, max-image-preview:large, max-video-preview:-1\" \/>\n<link rel=\"canonical\" href=\"https:\/\/blogdofarnesio.com.br\/?p=342298\" \/>\n<meta property=\"og:locale\" content=\"pt_BR\" \/>\n<meta property=\"og:type\" content=\"article\" \/>\n<meta property=\"og:title\" content=\"Suzana Ramos parabeniza juazeirense Mirella Campos pela brilhante participa\u00e7\u00e3o no The Voice Kids 2023 - Blog do Farn\u00e9sio\" \/>\n<meta property=\"og:description\" content=\"Ap\u00f3s se destacar entre 3 milh\u00f5es de inscritos para o programa The Voice Kids da Rede Globo, a juazeirense Mirella Campos encerrou sua participa\u00e7\u00e3o no programa neste domingo (05). Na etapa das Audi\u00e7\u00f5es \u00e0s Cegas, Mirella interpretou a m\u00fasica Alvejante da cantora Priscila Senna, e foi disputada pelos t\u00e9cnicos Carlinhos Brown e Mumuzinho. A juazeirense escolheu o t\u00e9cnico Mumuzinho para seguir para a fase das batalhas na competi\u00e7\u00e3o que aconteceu neste domingo (04). Mais uma vez Mirella emocionou o p\u00fablico, mas infelizmente n\u00e3o foi escolhida pelo seu t\u00e9cnico. A prefeita Suzana Ramos que acompanhou Mirella desde o in\u00edcio da competi\u00e7\u00e3o, fez quest\u00e3o de exaltar o talento da jovem e parabeniza-la por toda sua garra e talento. \u201cO talento de Mirella&hellip;\" \/>\n<meta property=\"og:url\" content=\"https:\/\/blogdofarnesio.com.br\/?p=342298\" \/>\n<meta property=\"og:site_name\" content=\"Blog do Farn\u00e9sio\" \/>\n<meta property=\"article:publisher\" content=\"https:\/\/www.facebook.com\/BlogQuerSaberPolitica\/\" \/>\n<meta property=\"article:author\" content=\"https:\/\/www.facebook.com\/?ref=tn_tnmn\" \/>\n<meta property=\"article:published_time\" content=\"2023-06-05T16:00:25+00:00\" \/>\n<meta property=\"og:image\" content=\"https:\/\/blogdofarnesio.com.br\/wp-content\/uploads\/2023\/06\/blogqspjua-suzana-mirela-e1685967354110.jpeg\" \/>\n\t<meta property=\"og:image:width\" content=\"650\" \/>\n\t<meta property=\"og:image:height\" content=\"433\" \/>\n\t<meta property=\"og:image:type\" content=\"image\/jpeg\" \/>\n<meta name=\"author\" content=\"Farn\u00e9sio\" \/>\n<meta name=\"twitter:card\" content=\"summary_large_image\" \/>\n<meta name=\"twitter:label1\" content=\"Escrito por\" \/>\n\t<meta name=\"twitter:data1\" content=\"Farn\u00e9sio\" \/>\n\t<meta name=\"twitter:label2\" content=\"Est. tempo de leitura\" \/>\n\t<meta name=\"twitter:data2\" content=\"2 minutos\" \/>\n<script type=\"application\/ld+json\" class=\"yoast-schema-graph\">{\"@context\":\"https:\\\/\\\/schema.org\",\"@graph\":[{\"@type\":\"Article\",\"@id\":\"https:\\\/\\\/blogdofarnesio.com.br\\\/?p=342298#article\",\"isPartOf\":{\"@id\":\"https:\\\/\\\/blogdofarnesio.com.br\\\/?p=342298\"},\"author\":{\"name\":\"Farn\u00e9sio\",\"@id\":\"https:\\\/\\\/blogdofarnesio.com.br\\\/#\\\/schema\\\/person\\\/bb9b23ae3ad0609ce8df7b6c9e76824d\"},\"headline\":\"Suzana Ramos parabeniza juazeirense Mirella Campos pela brilhante participa\u00e7\u00e3o no The Voice Kids 2023\",\"datePublished\":\"2023-06-05T16:00:25+00:00\",\"mainEntityOfPage\":{\"@id\":\"https:\\\/\\\/blogdofarnesio.com.br\\\/?p=342298\"},\"wordCount\":207,\"commentCount\":0,\"publisher\":{\"@id\":\"https:\\\/\\\/blogdofarnesio.com.br\\\/#organization\"},\"image\":{\"@id\":\"https:\\\/\\\/blogdofarnesio.com.br\\\/?p=342298#primaryimage\"},\"thumbnailUrl\":\"https:\\\/\\\/blogdofarnesio.com.br\\\/wp-content\\\/uploads\\\/2023\\\/06\\\/blogqspjua-suzana-mirela-e1685967354110.jpeg\",\"articleSection\":[\"Entretenimento\"],\"inLanguage\":\"pt-BR\",\"potentialAction\":[{\"@type\":\"CommentAction\",\"name\":\"Comment\",\"target\":[\"https:\\\/\\\/blogdofarnesio.com.br\\\/?p=342298#respond\"]}]},{\"@type\":\"WebPage\",\"@id\":\"https:\\\/\\\/blogdofarnesio.com.br\\\/?p=342298\",\"url\":\"https:\\\/\\\/blogdofarnesio.com.br\\\/?p=342298\",\"name\":\"Suzana Ramos parabeniza juazeirense Mirella Campos pela brilhante participa\u00e7\u00e3o no The Voice Kids 2023 - Blog do Farn\u00e9sio\",\"isPartOf\":{\"@id\":\"https:\\\/\\\/blogdofarnesio.com.br\\\/#website\"},\"primaryImageOfPage\":{\"@id\":\"https:\\\/\\\/blogdofarnesio.com.br\\\/?p=342298#primaryimage\"},\"image\":{\"@id\":\"https:\\\/\\\/blogdofarnesio.com.br\\\/?p=342298#primaryimage\"},\"thumbnailUrl\":\"https:\\\/\\\/blogdofarnesio.com.br\\\/wp-content\\\/uploads\\\/2023\\\/06\\\/blogqspjua-suzana-mirela-e1685967354110.jpeg\",\"datePublished\":\"2023-06-05T16:00:25+00:00\",\"breadcrumb\":{\"@id\":\"https:\\\/\\\/blogdofarnesio.com.br\\\/?p=342298#breadcrumb\"},\"inLanguage\":\"pt-BR\",\"potentialAction\":[{\"@type\":\"ReadAction\",\"target\":[\"https:\\\/\\\/blogdofarnesio.com.br\\\/?p=342298\"]}]},{\"@type\":\"ImageObject\",\"inLanguage\":\"pt-BR\",\"@id\":\"https:\\\/\\\/blogdofarnesio.com.br\\\/?p=342298#primaryimage\",\"url\":\"https:\\\/\\\/blogdofarnesio.com.br\\\/wp-content\\\/uploads\\\/2023\\\/06\\\/blogqspjua-suzana-mirela-e1685967354110.jpeg\",\"contentUrl\":\"https:\\\/\\\/blogdofarnesio.com.br\\\/wp-content\\\/uploads\\\/2023\\\/06\\\/blogqspjua-suzana-mirela-e1685967354110.jpeg\",\"width\":650,\"height\":433},{\"@type\":\"BreadcrumbList\",\"@id\":\"https:\\\/\\\/blogdofarnesio.com.br\\\/?p=342298#breadcrumb\",\"itemListElement\":[{\"@type\":\"ListItem\",\"position\":1,\"name\":\"In\u00edcio\",\"item\":\"https:\\\/\\\/blogdofarnesio.com.br\\\/\"},{\"@type\":\"ListItem\",\"position\":2,\"name\":\"Suzana Ramos parabeniza juazeirense Mirella Campos pela brilhante participa\u00e7\u00e3o no The Voice Kids 2023\"}]},{\"@type\":\"WebSite\",\"@id\":\"https:\\\/\\\/blogdofarnesio.com.br\\\/#website\",\"url\":\"https:\\\/\\\/blogdofarnesio.com.br\\\/\",\"name\":\"Blog do Farn\u00e9sio\",\"description\":\"Quer Saber Pol\u00edtica?\",\"publisher\":{\"@id\":\"https:\\\/\\\/blogdofarnesio.com.br\\\/#organization\"},\"potentialAction\":[{\"@type\":\"SearchAction\",\"target\":{\"@type\":\"EntryPoint\",\"urlTemplate\":\"https:\\\/\\\/blogdofarnesio.com.br\\\/?s={search_term_string}\"},\"query-input\":{\"@type\":\"PropertyValueSpecification\",\"valueRequired\":true,\"valueName\":\"search_term_string\"}}],\"inLanguage\":\"pt-BR\"},{\"@type\":\"Organization\",\"@id\":\"https:\\\/\\\/blogdofarnesio.com.br\\\/#organization\",\"name\":\"Blog do Farn\u00e9sio\",\"url\":\"https:\\\/\\\/blogdofarnesio.com.br\\\/\",\"logo\":{\"@type\":\"ImageObject\",\"inLanguage\":\"pt-BR\",\"@id\":\"https:\\\/\\\/blogdofarnesio.com.br\\\/#\\\/schema\\\/logo\\\/image\\\/\",\"url\":\"https:\\\/\\\/blogdofarnesio.com.br\\\/wp-content\\\/uploads\\\/2026\\\/03\\\/cropped-logo_new-1.png\",\"contentUrl\":\"https:\\\/\\\/blogdofarnesio.com.br\\\/wp-content\\\/uploads\\\/2026\\\/03\\\/cropped-logo_new-1.png\",\"width\":881,\"height\":685,\"caption\":\"Blog do Farn\u00e9sio\"},\"image\":{\"@id\":\"https:\\\/\\\/blogdofarnesio.com.br\\\/#\\\/schema\\\/logo\\\/image\\\/\"},\"sameAs\":[\"https:\\\/\\\/www.facebook.com\\\/BlogQuerSaberPolitica\\\/\"]},{\"@type\":\"Person\",\"@id\":\"https:\\\/\\\/blogdofarnesio.com.br\\\/#\\\/schema\\\/person\\\/bb9b23ae3ad0609ce8df7b6c9e76824d\",\"name\":\"Farn\u00e9sio\",\"image\":{\"@type\":\"ImageObject\",\"inLanguage\":\"pt-BR\",\"@id\":\"https:\\\/\\\/secure.gravatar.com\\\/avatar\\\/986aa4c61ccdb66f8555bf88fc2a65609d00bcabd4d2d94377a727547345cbca?s=96&d=mm&r=g\",\"url\":\"https:\\\/\\\/secure.gravatar.com\\\/avatar\\\/986aa4c61ccdb66f8555bf88fc2a65609d00bcabd4d2d94377a727547345cbca?s=96&d=mm&r=g\",\"contentUrl\":\"https:\\\/\\\/secure.gravatar.com\\\/avatar\\\/986aa4c61ccdb66f8555bf88fc2a65609d00bcabd4d2d94377a727547345cbca?s=96&d=mm&r=g\",\"caption\":\"Farn\u00e9sio\"},\"description\":\"Radialista blogueiro, chegou a Petrolina\\\/Juazeiro em setembro de 1980, Farn\u00e9sio Silva \u00e9 de Arapiraca-Alagoas.\",\"sameAs\":[\"http:\\\/\\\/blogdofarnesio.com.br\",\"https:\\\/\\\/www.facebook.com\\\/?ref=tn_tnmn\",\"https:\\\/\\\/www.instagram.com\\\/?utm_source=pwa_homescreen\",\"https:\\\/\\\/youtube.com.br\\\/\"],\"url\":\"https:\\\/\\\/blogdofarnesio.com.br\\\/?author=2\"}]}<\/script>\n<!-- \/ Yoast SEO plugin. -->","yoast_head_json":{"title":"Suzana Ramos parabeniza juazeirense Mirella Campos pela brilhante participa\u00e7\u00e3o no The Voice Kids 2023 - Blog do Farn\u00e9sio","robots":{"index":"index","follow":"follow","max-snippet":"max-snippet:-1","max-image-preview":"max-image-preview:large","max-video-preview":"max-video-preview:-1"},"canonical":"https:\/\/blogdofarnesio.com.br\/?p=342298","og_locale":"pt_BR","og_type":"article","og_title":"Suzana Ramos parabeniza juazeirense Mirella Campos pela brilhante participa\u00e7\u00e3o no The Voice Kids 2023 - Blog do Farn\u00e9sio","og_description":"Ap\u00f3s se destacar entre 3 milh\u00f5es de inscritos para o programa The Voice Kids da Rede Globo, a juazeirense Mirella Campos encerrou sua participa\u00e7\u00e3o no programa neste domingo (05). Na etapa das Audi\u00e7\u00f5es \u00e0s Cegas, Mirella interpretou a m\u00fasica Alvejante da cantora Priscila Senna, e foi disputada pelos t\u00e9cnicos Carlinhos Brown e Mumuzinho. A juazeirense escolheu o t\u00e9cnico Mumuzinho para seguir para a fase das batalhas na competi\u00e7\u00e3o que aconteceu neste domingo (04). Mais uma vez Mirella emocionou o p\u00fablico, mas infelizmente n\u00e3o foi escolhida pelo seu t\u00e9cnico. A prefeita Suzana Ramos que acompanhou Mirella desde o in\u00edcio da competi\u00e7\u00e3o, fez quest\u00e3o de exaltar o talento da jovem e parabeniza-la por toda sua garra e talento. \u201cO talento de Mirella&hellip;","og_url":"https:\/\/blogdofarnesio.com.br\/?p=342298","og_site_name":"Blog do Farn\u00e9sio","article_publisher":"https:\/\/www.facebook.com\/BlogQuerSaberPolitica\/","article_author":"https:\/\/www.facebook.com\/?ref=tn_tnmn","article_published_time":"2023-06-05T16:00:25+00:00","og_image":[{"width":650,"height":433,"url":"https:\/\/blogdofarnesio.com.br\/wp-content\/uploads\/2023\/06\/blogqspjua-suzana-mirela-e1685967354110.jpeg","type":"image\/jpeg"}],"author":"Farn\u00e9sio","twitter_card":"summary_large_image","twitter_misc":{"Escrito por":"Farn\u00e9sio","Est. tempo de leitura":"2 minutos"},"schema":{"@context":"https:\/\/schema.org","@graph":[{"@type":"Article","@id":"https:\/\/blogdofarnesio.com.br\/?p=342298#article","isPartOf":{"@id":"https:\/\/blogdofarnesio.com.br\/?p=342298"},"author":{"name":"Farn\u00e9sio","@id":"https:\/\/blogdofarnesio.com.br\/#\/schema\/person\/bb9b23ae3ad0609ce8df7b6c9e76824d"},"headline":"Suzana Ramos parabeniza juazeirense Mirella Campos pela brilhante participa\u00e7\u00e3o no The Voice Kids 2023","datePublished":"2023-06-05T16:00:25+00:00","mainEntityOfPage":{"@id":"https:\/\/blogdofarnesio.com.br\/?p=342298"},"wordCount":207,"commentCount":0,"publisher":{"@id":"https:\/\/blogdofarnesio.com.br\/#organization"},"image":{"@id":"https:\/\/blogdofarnesio.com.br\/?p=342298#primaryimage"},"thumbnailUrl":"https:\/\/blogdofarnesio.com.br\/wp-content\/uploads\/2023\/06\/blogqspjua-suzana-mirela-e1685967354110.jpeg","articleSection":["Entretenimento"],"inLanguage":"pt-BR","potentialAction":[{"@type":"CommentAction","name":"Comment","target":["https:\/\/blogdofarnesio.com.br\/?p=342298#respond"]}]},{"@type":"WebPage","@id":"https:\/\/blogdofarnesio.com.br\/?p=342298","url":"https:\/\/blogdofarnesio.com.br\/?p=342298","name":"Suzana Ramos parabeniza juazeirense Mirella Campos pela brilhante participa\u00e7\u00e3o no The Voice Kids 2023 - Blog do Farn\u00e9sio","isPartOf":{"@id":"https:\/\/blogdofarnesio.com.br\/#website"},"primaryImageOfPage":{"@id":"https:\/\/blogdofarnesio.com.br\/?p=342298#primaryimage"},"image":{"@id":"https:\/\/blogdofarnesio.com.br\/?p=342298#primaryimage"},"thumbnailUrl":"https:\/\/blogdofarnesio.com.br\/wp-content\/uploads\/2023\/06\/blogqspjua-suzana-mirela-e1685967354110.jpeg","datePublished":"2023-06-05T16:00:25+00:00","breadcrumb":{"@id":"https:\/\/blogdofarnesio.com.br\/?p=342298#breadcrumb"},"inLanguage":"pt-BR","potentialAction":[{"@type":"ReadAction","target":["https:\/\/blogdofarnesio.com.br\/?p=342298"]}]},{"@type":"ImageObject","inLanguage":"pt-BR","@id":"https:\/\/blogdofarnesio.com.br\/?p=342298#primaryimage","url":"https:\/\/blogdofarnesio.com.br\/wp-content\/uploads\/2023\/06\/blogqspjua-suzana-mirela-e1685967354110.jpeg","contentUrl":"https:\/\/blogdofarnesio.com.br\/wp-content\/uploads\/2023\/06\/blogqspjua-suzana-mirela-e1685967354110.jpeg","width":650,"height":433},{"@type":"BreadcrumbList","@id":"https:\/\/blogdofarnesio.com.br\/?p=342298#breadcrumb","itemListElement":[{"@type":"ListItem","position":1,"name":"In\u00edcio","item":"https:\/\/blogdofarnesio.com.br\/"},{"@type":"ListItem","position":2,"name":"Suzana Ramos parabeniza juazeirense Mirella Campos pela brilhante participa\u00e7\u00e3o no The Voice Kids 2023"}]},{"@type":"WebSite","@id":"https:\/\/blogdofarnesio.com.br\/#website","url":"https:\/\/blogdofarnesio.com.br\/","name":"Blog do Farn\u00e9sio","description":"Quer Saber Pol\u00edtica?","publisher":{"@id":"https:\/\/blogdofarnesio.com.br\/#organization"},"potentialAction":[{"@type":"SearchAction","target":{"@type":"EntryPoint","urlTemplate":"https:\/\/blogdofarnesio.com.br\/?s={search_term_string}"},"query-input":{"@type":"PropertyValueSpecification","valueRequired":true,"valueName":"search_term_string"}}],"inLanguage":"pt-BR"},{"@type":"Organization","@id":"https:\/\/blogdofarnesio.com.br\/#organization","name":"Blog do Farn\u00e9sio","url":"https:\/\/blogdofarnesio.com.br\/","logo":{"@type":"ImageObject","inLanguage":"pt-BR","@id":"https:\/\/blogdofarnesio.com.br\/#\/schema\/logo\/image\/","url":"https:\/\/blogdofarnesio.com.br\/wp-content\/uploads\/2026\/03\/cropped-logo_new-1.png","contentUrl":"https:\/\/blogdofarnesio.com.br\/wp-content\/uploads\/2026\/03\/cropped-logo_new-1.png","width":881,"height":685,"caption":"Blog do Farn\u00e9sio"},"image":{"@id":"https:\/\/blogdofarnesio.com.br\/#\/schema\/logo\/image\/"},"sameAs":["https:\/\/www.facebook.com\/BlogQuerSaberPolitica\/"]},{"@type":"Person","@id":"https:\/\/blogdofarnesio.com.br\/#\/schema\/person\/bb9b23ae3ad0609ce8df7b6c9e76824d","name":"Farn\u00e9sio","image":{"@type":"ImageObject","inLanguage":"pt-BR","@id":"https:\/\/secure.gravatar.com\/avatar\/986aa4c61ccdb66f8555bf88fc2a65609d00bcabd4d2d94377a727547345cbca?s=96&d=mm&r=g","url":"https:\/\/secure.gravatar.com\/avatar\/986aa4c61ccdb66f8555bf88fc2a65609d00bcabd4d2d94377a727547345cbca?s=96&d=mm&r=g","contentUrl":"https:\/\/secure.gravatar.com\/avatar\/986aa4c61ccdb66f8555bf88fc2a65609d00bcabd4d2d94377a727547345cbca?s=96&d=mm&r=g","caption":"Farn\u00e9sio"},"description":"Radialista blogueiro, chegou a Petrolina\/Juazeiro em setembro de 1980, Farn\u00e9sio Silva \u00e9 de Arapiraca-Alagoas.","sameAs":["http:\/\/blogdofarnesio.com.br","https:\/\/www.facebook.com\/?ref=tn_tnmn","https:\/\/www.instagram.com\/?utm_source=pwa_homescreen","https:\/\/youtube.com.br\/"],"url":"https:\/\/blogdofarnesio.com.br\/?author=2"}]}},"_links":{"self":[{"href":"https:\/\/blogdofarnesio.com.br\/index.php?rest_route=\/wp\/v2\/posts\/342298","targetHints":{"allow":["GET"]}}],"collection":[{"href":"https:\/\/blogdofarnesio.com.br\/index.php?rest_route=\/wp\/v2\/posts"}],"about":[{"href":"https:\/\/blogdofarnesio.com.br\/index.php?rest_route=\/wp\/v2\/types\/post"}],"author":[{"embeddable":true,"href":"https:\/\/blogdofarnesio.com.br\/index.php?rest_route=\/wp\/v2\/users\/2"}],"replies":[{"embeddable":true,"href":"https:\/\/blogdofarnesio.com.br\/index.php?rest_route=%2Fwp%2Fv2%2Fcomments&post=342298"}],"version-history":[{"count":0,"href":"https:\/\/blogdofarnesio.com.br\/index.php?rest_route=\/wp\/v2\/posts\/342298\/revisions"}],"wp:featuredmedia":[{"embeddable":true,"href":"https:\/\/blogdofarnesio.com.br\/index.php?rest_route=\/wp\/v2\/media\/342299"}],"wp:attachment":[{"href":"https:\/\/blogdofarnesio.com.br\/index.php?rest_route=%2Fwp%2Fv2%2Fmedia&parent=342298"}],"wp:term":[{"taxonomy":"category","embeddable":true,"href":"https:\/\/blogdofarnesio.com.br\/index.php?rest_route=%2Fwp%2Fv2%2Fcategories&post=342298"},{"taxonomy":"post_tag","embeddable":true,"href":"https:\/\/blogdofarnesio.com.br\/index.php?rest_route=%2Fwp%2Fv2%2Ftags&post=342298"}],"curies":[{"name":"wp","href":"https:\/\/api.w.org\/{rel}","templated":true}]}}