{"id":342225,"date":"2023-06-04T08:31:56","date_gmt":"2023-06-04T11:31:56","guid":{"rendered":"https:\/\/blogdofarnesio.com.br\/?p=342225"},"modified":"2023-06-03T16:55:19","modified_gmt":"2023-06-03T19:55:19","slug":"nao-recebeu-a-restituicao-do-ir-2023-neste-primeiro-lote-veja-como-conferir-em-qual-deles-voce-esta","status":"publish","type":"post","link":"https:\/\/blogdofarnesio.com.br\/?p=342225","title":{"rendered":"N\u00e3o recebeu a restitui\u00e7\u00e3o do IR 2023 neste primeiro lote? Veja como conferir em qual deles voc\u00ea est\u00e1"},"content":{"rendered":"<header class=\"tnh1-amp-header\"><\/header>\n<article class=\"tnh1-amp__content-article single-content\">\n<p class=\"bodytext\">A Receita Federal libera na quarta-feira (dia 31), o pagamento referente ao primeiro lote de restitui\u00e7\u00e3o do Imposto de Renda da Pessoa F\u00edsica (IRPF) de 2023 (ano-base 2022). No total, 4.129.925 contribuintes v\u00e3o receber o valor de R$ 7,5 bilh\u00f5es, o maior j\u00e1 pago em um lote de restitui\u00e7\u00e3o do IR.<\/p>\n<p class=\"bodytext\"><strong>O primeiro lote incluir\u00e1 os contribuintes que t\u00eam prioridade:<\/strong><\/p>\n<ul>\n<li>S\u00e3o 246.013 idosos acima de 80 anos<\/li>\n<li>Mais 2.464.031 de idosos entre 60 e 79 anos<\/li>\n<li>Outras 163.859 pessoas com alguma defici\u00eancia f\u00edsica ou mental ou mol\u00e9stia grave<\/li>\n<li>1.052.002 cuja maior fonte de renda seja o magist\u00e9rio<\/li>\n<li>E 204.020 que n\u00e3o possuem prioridade legal, mas que utilizaram a declara\u00e7\u00e3o pr\u00e9-preenchida ou optaram pela restitui\u00e7\u00e3o via Pix<\/li>\n<\/ul>\n<div class=\"single-publicidade text-center\">\n<div class=\"amp-hidden\"><\/div>\n<p><iframe loading=\"lazy\" class=\"i-amphtml-fill-content\" title=\"Advertisement\" src=\"https:\/\/d-29133359871616305606.ampproject.net\/2305182038000\/frame.html\" name=\"{&quot;host&quot;:&quot;d-29133359871616305606.ampproject.net&quot;,&quot;bootstrap&quot;:&quot;https:\/\/3p.ampproject.net\/2305182038000\/vendor\/teads.mjs&quot;,&quot;type&quot;:&quot;teads&quot;,&quot;count&quot;:1,&quot;attributes&quot;:{&quot;pid&quot;:&quot;103358&quot;,&quot;ampSlotIndex&quot;:&quot;2&quot;,&quot;width&quot;:300,&quot;height&quot;:1,&quot;_context&quot;:{&quot;ampcontextVersion&quot;:&quot;2305182038000&quot;,&quot;ampcontextFilepath&quot;:&quot;https:\/\/3p.ampproject.net\/2305182038000\/ampcontext-v0.js&quot;,&quot;sourceUrl&quot;:&quot;https:\/\/www.tnh1.com.br\/amp\/nid\/nao-recebeu-a-restituicao-do-ir-2023-neste-primeiro-lote-veja-como-conferir-em-qual-deles-voce-esta\/#amp_tf=De%20%251%24s&amp;aoh=16858055439328&amp;csi=1&amp;referrer=https%3A%2F%2Fwww.google.com&amp;ampshare=https%3A%2F%2Fwww.tnh1.com.br%2Fnoticia%2Fnid%2Fnao-recebeu-a-restituicao-do-ir-2023-neste-primeiro-lote-veja-como-conferir-em-qual-deles-voce-esta%2F&quot;,&quot;referrer&quot;:&quot;android-app:\/\/com.google.android.googlequicksearchbox\/&quot;,&quot;canonicalUrl&quot;:&quot;https:\/\/www.tnh1.com.br\/noticia\/nid\/nao-recebeu-a-restituicao-do-ir-2023-neste-primeiro-lote-veja-como-conferir-em-qual-deles-voce-esta\/&quot;,&quot;pageViewId&quot;:&quot;7388&quot;,&quot;location&quot;:{&quot;href&quot;:&quot;https:\/\/www-tnh1-com-br.cdn.ampproject.org\/v\/s\/www.tnh1.com.br\/amp\/nid\/nao-recebeu-a-restituicao-do-ir-2023-neste-primeiro-lote-veja-como-conferir-em-qual-deles-voce-esta\/?amp_gsa=1&amp;amp_js_v=a9&amp;usqp=mq331AQGsAEggAID#amp_tf=De%20%251%24s&amp;aoh=16858055439328&amp;csi=1&amp;referrer=https%3A%2F%2Fwww.google.com&amp;ampshare=https%3A%2F%2Fwww.tnh1.com.br%2Fnoticia%2Fnid%2Fnao-recebeu-a-restituicao-do-ir-2023-neste-primeiro-lote-veja-como-conferir-em-qual-deles-voce-esta%2F&quot;},&quot;startTime&quot;:1685809207551,&quot;tagName&quot;:&quot;AMP-AD&quot;,&quot;mode&quot;:{&quot;localDev&quot;:false,&quot;development&quot;:false,&quot;esm&quot;:true,&quot;test&quot;:false,&quot;rtvVersion&quot;:&quot;012305182038000&quot;},&quot;canary&quot;:false,&quot;hidden&quot;:false,&quot;initialLayoutRect&quot;:{&quot;left&quot;:10,&quot;top&quot;:1780,&quot;width&quot;:392,&quot;height&quot;:1},&quot;domFingerprint&quot;:&quot;3694581583&quot;,&quot;experimentToggles&quot;:{&quot;canary&quot;:false,&quot;a4aProfilingRate&quot;:false,&quot;doubleclickSraExp&quot;:false,&quot;doubleclickSraReportExcludedBlock&quot;:false,&quot;flexAdSlots&quot;:false,&quot;flexible-bitrate&quot;:false,&quot;ios-fixed-no-transfer&quot;:false,&quot;story-ad-placements&quot;:false,&quot;story-disable-animations-first-page&quot;:true,&quot;story-load-inactive-outside-viewport&quot;:true,&quot;amp-sticky-ad-to-amp-ad-v4&quot;:false,&quot;story-video-cache-apply-audio&quot;:false,&quot;amp-story-subscriptions&quot;:true,&quot;esm&quot;:true,&quot;amp-story-first-page-max-bitrate&quot;:false,&quot;story-load-first-page-only&quot;:true,&quot;story-ad-page-outlink&quot;:false,&quot;amp-geo-ssr&quot;:true,&quot;story-remote-localization&quot;:true,&quot;attribution-reporting&quot;:false},&quot;sentinel&quot;:&quot;0-8949988562265475601&quot;,&quot;clientId&quot;:null,&quot;container&quot;:null,&quot;initialConsentState&quot;:null,&quot;consentSharedData&quot;:null,&quot;initialConsentValue&quot;:null,&quot;initialConsentMetadata&quot;:null,&quot;pageViewId64&quot;:&quot;a_VMpJCuyO4REzyLzmMC1w&quot;,&quot;initialIntersection&quot;:{&quot;time&quot;:3833.3000000000466,&quot;rootBounds&quot;:{&quot;left&quot;:0,&quot;top&quot;:0,&quot;width&quot;:412,&quot;height&quot;:767,&quot;bottom&quot;:767,&quot;right&quot;:412,&quot;x&quot;:0,&quot;y&quot;:0},&quot;boundingClientRect&quot;:{&quot;left&quot;:10,&quot;top&quot;:1780,&quot;width&quot;:392,&quot;height&quot;:1,&quot;bottom&quot;:1781,&quot;right&quot;:402,&quot;x&quot;:10,&quot;y&quot;:1780},&quot;intersectionRect&quot;:{&quot;left&quot;:0,&quot;top&quot;:0,&quot;width&quot;:0,&quot;height&quot;:0,&quot;bottom&quot;:0,&quot;right&quot;:0,&quot;x&quot;:0,&quot;y&quot;:0},&quot;intersectionRatio&quot;:0}},&quot;type&quot;:&quot;teads&quot;}}\" width=\"300\" height=\"1\" scrolling=\"no\" sandbox=\"allow-top-navigation-by-user-activation allow-popups-to-escape-sandbox allow-forms allow-modals allow-pointer-lock allow-popups allow-same-origin allow-scripts\" data-amp-3p-sentinel=\"0-8949988562265475601\" data-mce-fragment=\"1\"><\/iframe><\/p>\n<\/div>\n<p class=\"bodytext\">O contribuinte que n\u00e3o entrou nesse primeiro lote ou ainda n\u00e3o entregou sua declara\u00e7\u00e3o deve estar atento \u00e0s datas programadas para os pr\u00f3ximos<\/p>\n<\/article>\n<p>Ao todo, s\u00e3o cinco lotes, sendo que o \u00faltimo est\u00e1 previsto para 29 de setembro.<\/p>\n<p>Confira abaixo o calend\u00e1rio das restitui\u00e7\u00f5es do IR 2023<\/p>\n<p>1\u00ba lote &#8211; 31 de maio<br \/>\n2\u00ba lote &#8211; 30 de junho<br \/>\n3\u00ba lote &#8211; 31 de julho<br \/>\n4\u00ba lote &#8211; 31 de agosto<br \/>\n5\u00ba lote &#8211; 29 de setembro<\/p>\n<p>Como consultar a restitui\u00e7\u00e3o do Imposto de Renda?<\/p>\n<p>O contribuinte deve acessar a p\u00e1gina da Receita Federal;<br \/>\nEm seguida, ir em &#8220;Meu Imposto de Renda&#8221;;<br \/>\nDepois, escolher a op\u00e7\u00e3o &#8220;Consultar a Restitui\u00e7\u00e3o&#8221;.<br \/>\nO contribuinte tem at\u00e9 esta quarta-feira para prestar contas com o Fisco. A Receita Federal espera receber entre 38,5 milh\u00f5es e 39,5 milh\u00f5es de declara\u00e7\u00f5es<\/p>\n","protected":false},"excerpt":{"rendered":"<p>A Receita Federal libera na quarta-feira (dia 31), o pagamento referente ao primeiro lote de restitui\u00e7\u00e3o do Imposto de Renda da Pessoa F\u00edsica (IRPF) de 2023 (ano-base 2022). No total, 4.129.925 contribuintes v\u00e3o receber o valor de R$ 7,5 bilh\u00f5es, o maior j\u00e1 pago em um lote de restitui\u00e7\u00e3o do IR. O primeiro lote incluir\u00e1 os contribuintes que t\u00eam prioridade: S\u00e3o 246.013 idosos acima de 80 anos Mais 2.464.031 de idosos entre 60 e 79 anos Outras 163.859 pessoas com alguma defici\u00eancia f\u00edsica ou mental ou mol\u00e9stia grave 1.052.002 cuja maior fonte de renda seja o magist\u00e9rio E 204.020 que n\u00e3o possuem prioridade legal, mas que utilizaram a declara\u00e7\u00e3o pr\u00e9-preenchida ou optaram pela restitui\u00e7\u00e3o via Pix O contribuinte que n\u00e3o&hellip; <\/p>\n","protected":false},"author":2,"featured_media":156496,"comment_status":"open","ping_status":"open","sticky":false,"template":"","format":"standard","meta":{"_acf_changed":false,"footnotes":""},"categories":[20],"tags":[],"class_list":["post-342225","post","type-post","status-publish","format-standard","has-post-thumbnail","hentry","category-economia"],"acf":[],"yoast_head":"<!-- This site is optimized with the Yoast SEO plugin v27.4 - https:\/\/yoast.com\/product\/yoast-seo-wordpress\/ -->\n<title>N\u00e3o recebeu a restitui\u00e7\u00e3o do IR 2023 neste primeiro lote? Veja como conferir em qual deles voc\u00ea est\u00e1 - Blog do Farn\u00e9sio<\/title>\n<meta name=\"robots\" content=\"index, follow, max-snippet:-1, max-image-preview:large, max-video-preview:-1\" \/>\n<link rel=\"canonical\" href=\"https:\/\/blogdofarnesio.com.br\/?p=342225\" \/>\n<meta property=\"og:locale\" content=\"pt_BR\" \/>\n<meta property=\"og:type\" content=\"article\" \/>\n<meta property=\"og:title\" content=\"N\u00e3o recebeu a restitui\u00e7\u00e3o do IR 2023 neste primeiro lote? Veja como conferir em qual deles voc\u00ea est\u00e1 - Blog do Farn\u00e9sio\" \/>\n<meta property=\"og:description\" content=\"A Receita Federal libera na quarta-feira (dia 31), o pagamento referente ao primeiro lote de restitui\u00e7\u00e3o do Imposto de Renda da Pessoa F\u00edsica (IRPF) de 2023 (ano-base 2022). No total, 4.129.925 contribuintes v\u00e3o receber o valor de R$ 7,5 bilh\u00f5es, o maior j\u00e1 pago em um lote de restitui\u00e7\u00e3o do IR. O primeiro lote incluir\u00e1 os contribuintes que t\u00eam prioridade: S\u00e3o 246.013 idosos acima de 80 anos Mais 2.464.031 de idosos entre 60 e 79 anos Outras 163.859 pessoas com alguma defici\u00eancia f\u00edsica ou mental ou mol\u00e9stia grave 1.052.002 cuja maior fonte de renda seja o magist\u00e9rio E 204.020 que n\u00e3o possuem prioridade legal, mas que utilizaram a declara\u00e7\u00e3o pr\u00e9-preenchida ou optaram pela restitui\u00e7\u00e3o via Pix O contribuinte que n\u00e3o&hellip;\" \/>\n<meta property=\"og:url\" content=\"https:\/\/blogdofarnesio.com.br\/?p=342225\" \/>\n<meta property=\"og:site_name\" content=\"Blog do Farn\u00e9sio\" \/>\n<meta property=\"article:publisher\" content=\"https:\/\/www.facebook.com\/BlogQuerSaberPolitica\/\" \/>\n<meta property=\"article:author\" content=\"https:\/\/www.facebook.com\/?ref=tn_tnmn\" \/>\n<meta property=\"article:published_time\" content=\"2023-06-04T11:31:56+00:00\" \/>\n<meta property=\"og:image\" content=\"https:\/\/blogdofarnesio.com.br\/wp-content\/uploads\/2017\/02\/blogqsple\u00e3oimposto.jpg\" \/>\n\t<meta property=\"og:image:width\" content=\"615\" \/>\n\t<meta property=\"og:image:height\" content=\"300\" \/>\n\t<meta property=\"og:image:type\" content=\"image\/jpeg\" \/>\n<meta name=\"author\" content=\"Farn\u00e9sio\" \/>\n<meta name=\"twitter:card\" content=\"summary_large_image\" \/>\n<meta name=\"twitter:label1\" content=\"Escrito por\" \/>\n\t<meta name=\"twitter:data1\" content=\"Farn\u00e9sio\" \/>\n\t<meta name=\"twitter:label2\" content=\"Est. tempo de leitura\" \/>\n\t<meta name=\"twitter:data2\" content=\"2 minutos\" \/>\n<script type=\"application\/ld+json\" class=\"yoast-schema-graph\">{\"@context\":\"https:\\\/\\\/schema.org\",\"@graph\":[{\"@type\":\"Article\",\"@id\":\"https:\\\/\\\/blogdofarnesio.com.br\\\/?p=342225#article\",\"isPartOf\":{\"@id\":\"https:\\\/\\\/blogdofarnesio.com.br\\\/?p=342225\"},\"author\":{\"name\":\"Farn\u00e9sio\",\"@id\":\"https:\\\/\\\/blogdofarnesio.com.br\\\/#\\\/schema\\\/person\\\/bb9b23ae3ad0609ce8df7b6c9e76824d\"},\"headline\":\"N\u00e3o recebeu a restitui\u00e7\u00e3o do IR 2023 neste primeiro lote? Veja como conferir em qual deles voc\u00ea est\u00e1\",\"datePublished\":\"2023-06-04T11:31:56+00:00\",\"mainEntityOfPage\":{\"@id\":\"https:\\\/\\\/blogdofarnesio.com.br\\\/?p=342225\"},\"wordCount\":271,\"commentCount\":0,\"publisher\":{\"@id\":\"https:\\\/\\\/blogdofarnesio.com.br\\\/#organization\"},\"image\":{\"@id\":\"https:\\\/\\\/blogdofarnesio.com.br\\\/?p=342225#primaryimage\"},\"thumbnailUrl\":\"https:\\\/\\\/blogdofarnesio.com.br\\\/wp-content\\\/uploads\\\/2017\\\/02\\\/blogqsple\u00e3oimposto.jpg\",\"articleSection\":[\"Economia\"],\"inLanguage\":\"pt-BR\",\"potentialAction\":[{\"@type\":\"CommentAction\",\"name\":\"Comment\",\"target\":[\"https:\\\/\\\/blogdofarnesio.com.br\\\/?p=342225#respond\"]}]},{\"@type\":\"WebPage\",\"@id\":\"https:\\\/\\\/blogdofarnesio.com.br\\\/?p=342225\",\"url\":\"https:\\\/\\\/blogdofarnesio.com.br\\\/?p=342225\",\"name\":\"N\u00e3o recebeu a restitui\u00e7\u00e3o do IR 2023 neste primeiro lote? Veja como conferir em qual deles voc\u00ea est\u00e1 - Blog do Farn\u00e9sio\",\"isPartOf\":{\"@id\":\"https:\\\/\\\/blogdofarnesio.com.br\\\/#website\"},\"primaryImageOfPage\":{\"@id\":\"https:\\\/\\\/blogdofarnesio.com.br\\\/?p=342225#primaryimage\"},\"image\":{\"@id\":\"https:\\\/\\\/blogdofarnesio.com.br\\\/?p=342225#primaryimage\"},\"thumbnailUrl\":\"https:\\\/\\\/blogdofarnesio.com.br\\\/wp-content\\\/uploads\\\/2017\\\/02\\\/blogqsple\u00e3oimposto.jpg\",\"datePublished\":\"2023-06-04T11:31:56+00:00\",\"breadcrumb\":{\"@id\":\"https:\\\/\\\/blogdofarnesio.com.br\\\/?p=342225#breadcrumb\"},\"inLanguage\":\"pt-BR\",\"potentialAction\":[{\"@type\":\"ReadAction\",\"target\":[\"https:\\\/\\\/blogdofarnesio.com.br\\\/?p=342225\"]}]},{\"@type\":\"ImageObject\",\"inLanguage\":\"pt-BR\",\"@id\":\"https:\\\/\\\/blogdofarnesio.com.br\\\/?p=342225#primaryimage\",\"url\":\"https:\\\/\\\/blogdofarnesio.com.br\\\/wp-content\\\/uploads\\\/2017\\\/02\\\/blogqsple\u00e3oimposto.jpg\",\"contentUrl\":\"https:\\\/\\\/blogdofarnesio.com.br\\\/wp-content\\\/uploads\\\/2017\\\/02\\\/blogqsple\u00e3oimposto.jpg\",\"width\":615,\"height\":300},{\"@type\":\"BreadcrumbList\",\"@id\":\"https:\\\/\\\/blogdofarnesio.com.br\\\/?p=342225#breadcrumb\",\"itemListElement\":[{\"@type\":\"ListItem\",\"position\":1,\"name\":\"In\u00edcio\",\"item\":\"https:\\\/\\\/blogdofarnesio.com.br\\\/\"},{\"@type\":\"ListItem\",\"position\":2,\"name\":\"N\u00e3o recebeu a restitui\u00e7\u00e3o do IR 2023 neste primeiro lote? Veja como conferir em qual deles voc\u00ea est\u00e1\"}]},{\"@type\":\"WebSite\",\"@id\":\"https:\\\/\\\/blogdofarnesio.com.br\\\/#website\",\"url\":\"https:\\\/\\\/blogdofarnesio.com.br\\\/\",\"name\":\"Blog do Farn\u00e9sio\",\"description\":\"Quer Saber Pol\u00edtica?\",\"publisher\":{\"@id\":\"https:\\\/\\\/blogdofarnesio.com.br\\\/#organization\"},\"potentialAction\":[{\"@type\":\"SearchAction\",\"target\":{\"@type\":\"EntryPoint\",\"urlTemplate\":\"https:\\\/\\\/blogdofarnesio.com.br\\\/?s={search_term_string}\"},\"query-input\":{\"@type\":\"PropertyValueSpecification\",\"valueRequired\":true,\"valueName\":\"search_term_string\"}}],\"inLanguage\":\"pt-BR\"},{\"@type\":\"Organization\",\"@id\":\"https:\\\/\\\/blogdofarnesio.com.br\\\/#organization\",\"name\":\"Blog do Farn\u00e9sio\",\"url\":\"https:\\\/\\\/blogdofarnesio.com.br\\\/\",\"logo\":{\"@type\":\"ImageObject\",\"inLanguage\":\"pt-BR\",\"@id\":\"https:\\\/\\\/blogdofarnesio.com.br\\\/#\\\/schema\\\/logo\\\/image\\\/\",\"url\":\"https:\\\/\\\/blogdofarnesio.com.br\\\/wp-content\\\/uploads\\\/2026\\\/03\\\/cropped-logo_new-1.png\",\"contentUrl\":\"https:\\\/\\\/blogdofarnesio.com.br\\\/wp-content\\\/uploads\\\/2026\\\/03\\\/cropped-logo_new-1.png\",\"width\":881,\"height\":685,\"caption\":\"Blog do Farn\u00e9sio\"},\"image\":{\"@id\":\"https:\\\/\\\/blogdofarnesio.com.br\\\/#\\\/schema\\\/logo\\\/image\\\/\"},\"sameAs\":[\"https:\\\/\\\/www.facebook.com\\\/BlogQuerSaberPolitica\\\/\"]},{\"@type\":\"Person\",\"@id\":\"https:\\\/\\\/blogdofarnesio.com.br\\\/#\\\/schema\\\/person\\\/bb9b23ae3ad0609ce8df7b6c9e76824d\",\"name\":\"Farn\u00e9sio\",\"image\":{\"@type\":\"ImageObject\",\"inLanguage\":\"pt-BR\",\"@id\":\"https:\\\/\\\/secure.gravatar.com\\\/avatar\\\/986aa4c61ccdb66f8555bf88fc2a65609d00bcabd4d2d94377a727547345cbca?s=96&d=mm&r=g\",\"url\":\"https:\\\/\\\/secure.gravatar.com\\\/avatar\\\/986aa4c61ccdb66f8555bf88fc2a65609d00bcabd4d2d94377a727547345cbca?s=96&d=mm&r=g\",\"contentUrl\":\"https:\\\/\\\/secure.gravatar.com\\\/avatar\\\/986aa4c61ccdb66f8555bf88fc2a65609d00bcabd4d2d94377a727547345cbca?s=96&d=mm&r=g\",\"caption\":\"Farn\u00e9sio\"},\"description\":\"Radialista blogueiro, chegou a Petrolina\\\/Juazeiro em setembro de 1980, Farn\u00e9sio Silva \u00e9 de Arapiraca-Alagoas.\",\"sameAs\":[\"http:\\\/\\\/blogdofarnesio.com.br\",\"https:\\\/\\\/www.facebook.com\\\/?ref=tn_tnmn\",\"https:\\\/\\\/www.instagram.com\\\/?utm_source=pwa_homescreen\",\"https:\\\/\\\/youtube.com.br\\\/\"],\"url\":\"https:\\\/\\\/blogdofarnesio.com.br\\\/?author=2\"}]}<\/script>\n<!-- \/ Yoast SEO plugin. -->","yoast_head_json":{"title":"N\u00e3o recebeu a restitui\u00e7\u00e3o do IR 2023 neste primeiro lote? Veja como conferir em qual deles voc\u00ea est\u00e1 - Blog do Farn\u00e9sio","robots":{"index":"index","follow":"follow","max-snippet":"max-snippet:-1","max-image-preview":"max-image-preview:large","max-video-preview":"max-video-preview:-1"},"canonical":"https:\/\/blogdofarnesio.com.br\/?p=342225","og_locale":"pt_BR","og_type":"article","og_title":"N\u00e3o recebeu a restitui\u00e7\u00e3o do IR 2023 neste primeiro lote? Veja como conferir em qual deles voc\u00ea est\u00e1 - Blog do Farn\u00e9sio","og_description":"A Receita Federal libera na quarta-feira (dia 31), o pagamento referente ao primeiro lote de restitui\u00e7\u00e3o do Imposto de Renda da Pessoa F\u00edsica (IRPF) de 2023 (ano-base 2022). No total, 4.129.925 contribuintes v\u00e3o receber o valor de R$ 7,5 bilh\u00f5es, o maior j\u00e1 pago em um lote de restitui\u00e7\u00e3o do IR. O primeiro lote incluir\u00e1 os contribuintes que t\u00eam prioridade: S\u00e3o 246.013 idosos acima de 80 anos Mais 2.464.031 de idosos entre 60 e 79 anos Outras 163.859 pessoas com alguma defici\u00eancia f\u00edsica ou mental ou mol\u00e9stia grave 1.052.002 cuja maior fonte de renda seja o magist\u00e9rio E 204.020 que n\u00e3o possuem prioridade legal, mas que utilizaram a declara\u00e7\u00e3o pr\u00e9-preenchida ou optaram pela restitui\u00e7\u00e3o via Pix O contribuinte que n\u00e3o&hellip;","og_url":"https:\/\/blogdofarnesio.com.br\/?p=342225","og_site_name":"Blog do Farn\u00e9sio","article_publisher":"https:\/\/www.facebook.com\/BlogQuerSaberPolitica\/","article_author":"https:\/\/www.facebook.com\/?ref=tn_tnmn","article_published_time":"2023-06-04T11:31:56+00:00","og_image":[{"width":615,"height":300,"url":"https:\/\/blogdofarnesio.com.br\/wp-content\/uploads\/2017\/02\/blogqsple\u00e3oimposto.jpg","type":"image\/jpeg"}],"author":"Farn\u00e9sio","twitter_card":"summary_large_image","twitter_misc":{"Escrito por":"Farn\u00e9sio","Est. tempo de leitura":"2 minutos"},"schema":{"@context":"https:\/\/schema.org","@graph":[{"@type":"Article","@id":"https:\/\/blogdofarnesio.com.br\/?p=342225#article","isPartOf":{"@id":"https:\/\/blogdofarnesio.com.br\/?p=342225"},"author":{"name":"Farn\u00e9sio","@id":"https:\/\/blogdofarnesio.com.br\/#\/schema\/person\/bb9b23ae3ad0609ce8df7b6c9e76824d"},"headline":"N\u00e3o recebeu a restitui\u00e7\u00e3o do IR 2023 neste primeiro lote? Veja como conferir em qual deles voc\u00ea est\u00e1","datePublished":"2023-06-04T11:31:56+00:00","mainEntityOfPage":{"@id":"https:\/\/blogdofarnesio.com.br\/?p=342225"},"wordCount":271,"commentCount":0,"publisher":{"@id":"https:\/\/blogdofarnesio.com.br\/#organization"},"image":{"@id":"https:\/\/blogdofarnesio.com.br\/?p=342225#primaryimage"},"thumbnailUrl":"https:\/\/blogdofarnesio.com.br\/wp-content\/uploads\/2017\/02\/blogqsple\u00e3oimposto.jpg","articleSection":["Economia"],"inLanguage":"pt-BR","potentialAction":[{"@type":"CommentAction","name":"Comment","target":["https:\/\/blogdofarnesio.com.br\/?p=342225#respond"]}]},{"@type":"WebPage","@id":"https:\/\/blogdofarnesio.com.br\/?p=342225","url":"https:\/\/blogdofarnesio.com.br\/?p=342225","name":"N\u00e3o recebeu a restitui\u00e7\u00e3o do IR 2023 neste primeiro lote? Veja como conferir em qual deles voc\u00ea est\u00e1 - Blog do Farn\u00e9sio","isPartOf":{"@id":"https:\/\/blogdofarnesio.com.br\/#website"},"primaryImageOfPage":{"@id":"https:\/\/blogdofarnesio.com.br\/?p=342225#primaryimage"},"image":{"@id":"https:\/\/blogdofarnesio.com.br\/?p=342225#primaryimage"},"thumbnailUrl":"https:\/\/blogdofarnesio.com.br\/wp-content\/uploads\/2017\/02\/blogqsple\u00e3oimposto.jpg","datePublished":"2023-06-04T11:31:56+00:00","breadcrumb":{"@id":"https:\/\/blogdofarnesio.com.br\/?p=342225#breadcrumb"},"inLanguage":"pt-BR","potentialAction":[{"@type":"ReadAction","target":["https:\/\/blogdofarnesio.com.br\/?p=342225"]}]},{"@type":"ImageObject","inLanguage":"pt-BR","@id":"https:\/\/blogdofarnesio.com.br\/?p=342225#primaryimage","url":"https:\/\/blogdofarnesio.com.br\/wp-content\/uploads\/2017\/02\/blogqsple\u00e3oimposto.jpg","contentUrl":"https:\/\/blogdofarnesio.com.br\/wp-content\/uploads\/2017\/02\/blogqsple\u00e3oimposto.jpg","width":615,"height":300},{"@type":"BreadcrumbList","@id":"https:\/\/blogdofarnesio.com.br\/?p=342225#breadcrumb","itemListElement":[{"@type":"ListItem","position":1,"name":"In\u00edcio","item":"https:\/\/blogdofarnesio.com.br\/"},{"@type":"ListItem","position":2,"name":"N\u00e3o recebeu a restitui\u00e7\u00e3o do IR 2023 neste primeiro lote? Veja como conferir em qual deles voc\u00ea est\u00e1"}]},{"@type":"WebSite","@id":"https:\/\/blogdofarnesio.com.br\/#website","url":"https:\/\/blogdofarnesio.com.br\/","name":"Blog do Farn\u00e9sio","description":"Quer Saber Pol\u00edtica?","publisher":{"@id":"https:\/\/blogdofarnesio.com.br\/#organization"},"potentialAction":[{"@type":"SearchAction","target":{"@type":"EntryPoint","urlTemplate":"https:\/\/blogdofarnesio.com.br\/?s={search_term_string}"},"query-input":{"@type":"PropertyValueSpecification","valueRequired":true,"valueName":"search_term_string"}}],"inLanguage":"pt-BR"},{"@type":"Organization","@id":"https:\/\/blogdofarnesio.com.br\/#organization","name":"Blog do Farn\u00e9sio","url":"https:\/\/blogdofarnesio.com.br\/","logo":{"@type":"ImageObject","inLanguage":"pt-BR","@id":"https:\/\/blogdofarnesio.com.br\/#\/schema\/logo\/image\/","url":"https:\/\/blogdofarnesio.com.br\/wp-content\/uploads\/2026\/03\/cropped-logo_new-1.png","contentUrl":"https:\/\/blogdofarnesio.com.br\/wp-content\/uploads\/2026\/03\/cropped-logo_new-1.png","width":881,"height":685,"caption":"Blog do Farn\u00e9sio"},"image":{"@id":"https:\/\/blogdofarnesio.com.br\/#\/schema\/logo\/image\/"},"sameAs":["https:\/\/www.facebook.com\/BlogQuerSaberPolitica\/"]},{"@type":"Person","@id":"https:\/\/blogdofarnesio.com.br\/#\/schema\/person\/bb9b23ae3ad0609ce8df7b6c9e76824d","name":"Farn\u00e9sio","image":{"@type":"ImageObject","inLanguage":"pt-BR","@id":"https:\/\/secure.gravatar.com\/avatar\/986aa4c61ccdb66f8555bf88fc2a65609d00bcabd4d2d94377a727547345cbca?s=96&d=mm&r=g","url":"https:\/\/secure.gravatar.com\/avatar\/986aa4c61ccdb66f8555bf88fc2a65609d00bcabd4d2d94377a727547345cbca?s=96&d=mm&r=g","contentUrl":"https:\/\/secure.gravatar.com\/avatar\/986aa4c61ccdb66f8555bf88fc2a65609d00bcabd4d2d94377a727547345cbca?s=96&d=mm&r=g","caption":"Farn\u00e9sio"},"description":"Radialista blogueiro, chegou a Petrolina\/Juazeiro em setembro de 1980, Farn\u00e9sio Silva \u00e9 de Arapiraca-Alagoas.","sameAs":["http:\/\/blogdofarnesio.com.br","https:\/\/www.facebook.com\/?ref=tn_tnmn","https:\/\/www.instagram.com\/?utm_source=pwa_homescreen","https:\/\/youtube.com.br\/"],"url":"https:\/\/blogdofarnesio.com.br\/?author=2"}]}},"_links":{"self":[{"href":"https:\/\/blogdofarnesio.com.br\/index.php?rest_route=\/wp\/v2\/posts\/342225","targetHints":{"allow":["GET"]}}],"collection":[{"href":"https:\/\/blogdofarnesio.com.br\/index.php?rest_route=\/wp\/v2\/posts"}],"about":[{"href":"https:\/\/blogdofarnesio.com.br\/index.php?rest_route=\/wp\/v2\/types\/post"}],"author":[{"embeddable":true,"href":"https:\/\/blogdofarnesio.com.br\/index.php?rest_route=\/wp\/v2\/users\/2"}],"replies":[{"embeddable":true,"href":"https:\/\/blogdofarnesio.com.br\/index.php?rest_route=%2Fwp%2Fv2%2Fcomments&post=342225"}],"version-history":[{"count":0,"href":"https:\/\/blogdofarnesio.com.br\/index.php?rest_route=\/wp\/v2\/posts\/342225\/revisions"}],"wp:featuredmedia":[{"embeddable":true,"href":"https:\/\/blogdofarnesio.com.br\/index.php?rest_route=\/wp\/v2\/media\/156496"}],"wp:attachment":[{"href":"https:\/\/blogdofarnesio.com.br\/index.php?rest_route=%2Fwp%2Fv2%2Fmedia&parent=342225"}],"wp:term":[{"taxonomy":"category","embeddable":true,"href":"https:\/\/blogdofarnesio.com.br\/index.php?rest_route=%2Fwp%2Fv2%2Fcategories&post=342225"},{"taxonomy":"post_tag","embeddable":true,"href":"https:\/\/blogdofarnesio.com.br\/index.php?rest_route=%2Fwp%2Fv2%2Ftags&post=342225"}],"curies":[{"name":"wp","href":"https:\/\/api.w.org\/{rel}","templated":true}]}}