{"id":342215,"date":"2023-06-15T07:42:19","date_gmt":"2023-06-15T10:42:19","guid":{"rendered":"https:\/\/blogdofarnesio.com.br\/?p=342215"},"modified":"2023-06-14T16:23:31","modified_gmt":"2023-06-14T19:23:31","slug":"sao-joao-de-petrolina-comeca-no-proximo-fim-de-semana-anote-toda-programacao","status":"publish","type":"post","link":"https:\/\/blogdofarnesio.com.br\/?p=342215","title":{"rendered":"Come\u00e7a amanh\u00e3 (16), o S\u00e3o Jo\u00e3o de Petrolina com show de L\u00e9o Santana e aus\u00eancia de grandes nomes do forr\u00f3 aut\u00eantico"},"content":{"rendered":"<p>J\u00e1 no clima do\u00a0<strong><a href=\"https:\/\/www.folhape.com.br\/especiais\/sao-joao-2023\/\">S\u00e3o Jo\u00e3o 2023<\/a><\/strong>,\u00a0<strong>Petrolina<\/strong>, inicia suas festividades amanh\u00e3, com uma sentida aus\u00eancia de grandes nomes do forr\u00f3 aut\u00eantico em sua grade de atra\u00e7\u00f5es, privilegiando m\u00fasicas dos breganejos e o novo piseiro . Veja a <strong>programa\u00e7\u00e3o\u00a0<\/strong>das festividades deste ano, que ir\u00e3o dos dias<strong>\u00a016 a 25 de junho &#8211;<\/strong>\u00a0menos no dia 19, quando n\u00e3o haver\u00e1 apresenta\u00e7\u00f5es.<\/p>\n<p>Todos os shows ser\u00e3o no\u00a0<strong>P\u00e1tio Ana das Carrancas<\/strong>, principal ponto junino da cidade.<\/p>\n<p>Entre as principais atra\u00e7\u00f5es, est\u00e3o nomes com<strong>o L\u00e9o Santana<\/strong>, com apresenta\u00e7\u00e3o no dia 17;\u00a0<strong>Jo\u00e3o Gomes<\/strong>, que comandar\u00e1 o\u00a0palco\u00a0no dia 20;\u00a0<strong>Wesley Safad\u00e3o<\/strong>, que agitar\u00e1 a popula\u00e7\u00e3o tamb\u00e9m no dia 20; e o\u00a0<strong>DJ Alok<\/strong>, que se apresentar\u00e1 no dia 25, no encerramento.<\/p>\n<p>Al\u00e9m de L\u00e9o Santana, a\u00a0<strong>abertura\u00a0<\/strong>contar\u00e1 com nomes da m\u00fasica nacional, como a dupla sertaneja\u00a0<strong>Henrique e Juliano<\/strong>,\u00a0<strong>Simone Mendes<\/strong>,\u00a0<strong>Murilo Huff<\/strong>\u00a0e\u00a0<strong>Elisson Castro<\/strong>.<\/p>\n<p>J\u00e1 no encerramento, al\u00e9m de Alok, estar\u00e3o presentes as duplas\u00a0<strong>Maiara e Maraisa<\/strong>\u00a0e\u00a0<strong>Iguinho e Lulinha<\/strong>, assim como\u00a0<strong>Rai Saia Rodada<\/strong>\u00a0e\u00a0<strong>Ana Costa<\/strong>.<\/p>\n<p>Como revela o prefeito da cidade, Sim\u00e3o Durando, o objetivo ser\u00e1 trazer a diversidade de gostos e estilos musicais para o palco.<\/p>\n<blockquote><p>&#8220;Ano passado fizemos um grande evento, atraindo milhares de pessoas de todos os lugares do Brasil e nesta edi\u00e7\u00e3o, n\u00e3o temos d\u00favidas que ser\u00e1 ainda maior com uma grade recheada de atra\u00e7\u00f5es para todos os gostos. Al\u00e9m disso, na economia \u00e9 uma festa que movimenta todos os setores econ\u00f4micos, gerados muitos empregos indiretos e diretos. Ent\u00e3o, estamos prontos para receber todos e todas para o melhor S\u00e3o Jo\u00e3o do Brasil&#8221;, ressaltou.<\/p><\/blockquote>\n<p><strong>Confira a programa\u00e7\u00e3o completa:<\/strong><\/p>\n<p><strong>16\/06:<\/strong>\u00a0Henrique e Juliano, Simone Mendes, Murilo Huff, Priscila Sena, Elisson Castro<\/p>\n<p><strong>17\/06:<\/strong> L\u00e9o Santana, Tarcisio do Acordeon, Bell Marques, Jonas esticado, Eric Land<\/p>\n<p><strong>18\/06:<\/strong>\u00a0Lim\u00e3o com Mel; Tati Girl; Dorgival Dantas; Toca do Vale; Bizay<\/p>\n<p><strong>20\/06:\u00a0<\/strong>Jo\u00e3o Gomes, Mateus e Kauan, Luan Estilizado, Avine Vine<\/p>\n<p><strong>21\/06:\u00a0<\/strong>Nattan; Bruno e Marrone; Mari Fernandes; Vitor Fernandes; Tiaguinho carvalho<\/p>\n<p><strong>22\/06:<\/strong> Wesley Safad\u00e3o; Z\u00e9 Vaqueiro; Denis; Mano Walter; Lucas Queiroz<\/p>\n<p><strong>23\/06:\u00a0<\/strong>Jorge E Mateus; Xand Avi\u00e3o; Felipe Amorim; Edi e Natan; Mari E Rayane<\/p>\n<p><strong>24\/06:<\/strong>\u00a0Gustavo Lima; Z\u00e9 Neto e Cristiano; Fabinho Testado; Claiton e Rom\u00e1rio, Pedro Cavalcanti<\/p>\n<p><strong>25\/06:\u00a0<\/strong>Maiara e Maraisa; Alok; Iguinho e Lulinha; Rai Saia Rodada; Ana Costa<\/p>\n<p><strong>Local:<\/strong>\u00a0P\u00e1tio Ana das Carrancas<\/p>\n","protected":false},"excerpt":{"rendered":"<p>J\u00e1 no clima do\u00a0S\u00e3o Jo\u00e3o 2023,\u00a0Petrolina, inicia suas festividades amanh\u00e3, com uma sentida aus\u00eancia de grandes nomes do forr\u00f3 aut\u00eantico em sua grade de atra\u00e7\u00f5es, privilegiando m\u00fasicas dos breganejos e o novo piseiro . Veja a programa\u00e7\u00e3o\u00a0das festividades deste ano, que ir\u00e3o dos dias\u00a016 a 25 de junho &#8211;\u00a0menos no dia 19, quando n\u00e3o haver\u00e1 apresenta\u00e7\u00f5es. Todos os shows ser\u00e3o no\u00a0P\u00e1tio Ana das Carrancas, principal ponto junino da cidade. Entre as principais atra\u00e7\u00f5es, est\u00e3o nomes como L\u00e9o Santana, com apresenta\u00e7\u00e3o no dia 17;\u00a0Jo\u00e3o Gomes, que comandar\u00e1 o\u00a0palco\u00a0no dia 20;\u00a0Wesley Safad\u00e3o, que agitar\u00e1 a popula\u00e7\u00e3o tamb\u00e9m no dia 20; e o\u00a0DJ Alok, que se apresentar\u00e1 no dia 25, no encerramento. Al\u00e9m de L\u00e9o Santana, a\u00a0abertura\u00a0contar\u00e1 com nomes da m\u00fasica nacional, como&hellip; <\/p>\n","protected":false},"author":2,"featured_media":343031,"comment_status":"open","ping_status":"open","sticky":false,"template":"","format":"standard","meta":{"_acf_changed":false,"footnotes":""},"categories":[10],"tags":[],"class_list":["post-342215","post","type-post","status-publish","format-standard","has-post-thumbnail","hentry","category-cultura"],"acf":[],"yoast_head":"<!-- This site is optimized with the Yoast SEO plugin v27.4 - https:\/\/yoast.com\/product\/yoast-seo-wordpress\/ -->\n<title>Come\u00e7a amanh\u00e3 (16), o S\u00e3o Jo\u00e3o de Petrolina com show de L\u00e9o Santana e aus\u00eancia de grandes nomes do forr\u00f3 aut\u00eantico - Blog do Farn\u00e9sio<\/title>\n<meta name=\"robots\" content=\"index, follow, max-snippet:-1, max-image-preview:large, max-video-preview:-1\" \/>\n<link rel=\"canonical\" href=\"https:\/\/blogdofarnesio.com.br\/?p=342215\" \/>\n<meta property=\"og:locale\" content=\"pt_BR\" \/>\n<meta property=\"og:type\" content=\"article\" \/>\n<meta property=\"og:title\" content=\"Come\u00e7a amanh\u00e3 (16), o S\u00e3o Jo\u00e3o de Petrolina com show de L\u00e9o Santana e aus\u00eancia de grandes nomes do forr\u00f3 aut\u00eantico - Blog do Farn\u00e9sio\" \/>\n<meta property=\"og:description\" content=\"J\u00e1 no clima do\u00a0S\u00e3o Jo\u00e3o 2023,\u00a0Petrolina, inicia suas festividades amanh\u00e3, com uma sentida aus\u00eancia de grandes nomes do forr\u00f3 aut\u00eantico em sua grade de atra\u00e7\u00f5es, privilegiando m\u00fasicas dos breganejos e o novo piseiro . Veja a programa\u00e7\u00e3o\u00a0das festividades deste ano, que ir\u00e3o dos dias\u00a016 a 25 de junho &#8211;\u00a0menos no dia 19, quando n\u00e3o haver\u00e1 apresenta\u00e7\u00f5es. Todos os shows ser\u00e3o no\u00a0P\u00e1tio Ana das Carrancas, principal ponto junino da cidade. Entre as principais atra\u00e7\u00f5es, est\u00e3o nomes como L\u00e9o Santana, com apresenta\u00e7\u00e3o no dia 17;\u00a0Jo\u00e3o Gomes, que comandar\u00e1 o\u00a0palco\u00a0no dia 20;\u00a0Wesley Safad\u00e3o, que agitar\u00e1 a popula\u00e7\u00e3o tamb\u00e9m no dia 20; e o\u00a0DJ Alok, que se apresentar\u00e1 no dia 25, no encerramento. Al\u00e9m de L\u00e9o Santana, a\u00a0abertura\u00a0contar\u00e1 com nomes da m\u00fasica nacional, como&hellip;\" \/>\n<meta property=\"og:url\" content=\"https:\/\/blogdofarnesio.com.br\/?p=342215\" \/>\n<meta property=\"og:site_name\" content=\"Blog do Farn\u00e9sio\" \/>\n<meta property=\"article:publisher\" content=\"https:\/\/www.facebook.com\/BlogQuerSaberPolitica\/\" \/>\n<meta property=\"article:author\" content=\"https:\/\/www.facebook.com\/?ref=tn_tnmn\" \/>\n<meta property=\"article:published_time\" content=\"2023-06-15T10:42:19+00:00\" \/>\n<meta property=\"og:image\" content=\"https:\/\/blogdofarnesio.com.br\/wp-content\/uploads\/2023\/06\/leo-santana-sorrindo-e1686769309438.webp\" \/>\n\t<meta property=\"og:image:width\" content=\"680\" \/>\n\t<meta property=\"og:image:height\" content=\"446\" \/>\n\t<meta property=\"og:image:type\" content=\"image\/webp\" \/>\n<meta name=\"author\" content=\"Farn\u00e9sio\" \/>\n<meta name=\"twitter:card\" content=\"summary_large_image\" \/>\n<meta name=\"twitter:label1\" content=\"Escrito por\" \/>\n\t<meta name=\"twitter:data1\" content=\"Farn\u00e9sio\" \/>\n\t<meta name=\"twitter:label2\" content=\"Est. tempo de leitura\" \/>\n\t<meta name=\"twitter:data2\" content=\"3 minutos\" \/>\n<script type=\"application\/ld+json\" class=\"yoast-schema-graph\">{\"@context\":\"https:\\\/\\\/schema.org\",\"@graph\":[{\"@type\":\"Article\",\"@id\":\"https:\\\/\\\/blogdofarnesio.com.br\\\/?p=342215#article\",\"isPartOf\":{\"@id\":\"https:\\\/\\\/blogdofarnesio.com.br\\\/?p=342215\"},\"author\":{\"name\":\"Farn\u00e9sio\",\"@id\":\"https:\\\/\\\/blogdofarnesio.com.br\\\/#\\\/schema\\\/person\\\/bb9b23ae3ad0609ce8df7b6c9e76824d\"},\"headline\":\"Come\u00e7a amanh\u00e3 (16), o S\u00e3o Jo\u00e3o de Petrolina com show de L\u00e9o Santana e aus\u00eancia de grandes nomes do forr\u00f3 aut\u00eantico\",\"datePublished\":\"2023-06-15T10:42:19+00:00\",\"mainEntityOfPage\":{\"@id\":\"https:\\\/\\\/blogdofarnesio.com.br\\\/?p=342215\"},\"wordCount\":431,\"commentCount\":1,\"publisher\":{\"@id\":\"https:\\\/\\\/blogdofarnesio.com.br\\\/#organization\"},\"image\":{\"@id\":\"https:\\\/\\\/blogdofarnesio.com.br\\\/?p=342215#primaryimage\"},\"thumbnailUrl\":\"https:\\\/\\\/blogdofarnesio.com.br\\\/wp-content\\\/uploads\\\/2023\\\/06\\\/leo-santana-sorrindo-e1686769309438.webp\",\"articleSection\":[\"Cultura\"],\"inLanguage\":\"pt-BR\",\"potentialAction\":[{\"@type\":\"CommentAction\",\"name\":\"Comment\",\"target\":[\"https:\\\/\\\/blogdofarnesio.com.br\\\/?p=342215#respond\"]}]},{\"@type\":\"WebPage\",\"@id\":\"https:\\\/\\\/blogdofarnesio.com.br\\\/?p=342215\",\"url\":\"https:\\\/\\\/blogdofarnesio.com.br\\\/?p=342215\",\"name\":\"Come\u00e7a amanh\u00e3 (16), o S\u00e3o Jo\u00e3o de Petrolina com show de L\u00e9o Santana e aus\u00eancia de grandes nomes do forr\u00f3 aut\u00eantico - Blog do Farn\u00e9sio\",\"isPartOf\":{\"@id\":\"https:\\\/\\\/blogdofarnesio.com.br\\\/#website\"},\"primaryImageOfPage\":{\"@id\":\"https:\\\/\\\/blogdofarnesio.com.br\\\/?p=342215#primaryimage\"},\"image\":{\"@id\":\"https:\\\/\\\/blogdofarnesio.com.br\\\/?p=342215#primaryimage\"},\"thumbnailUrl\":\"https:\\\/\\\/blogdofarnesio.com.br\\\/wp-content\\\/uploads\\\/2023\\\/06\\\/leo-santana-sorrindo-e1686769309438.webp\",\"datePublished\":\"2023-06-15T10:42:19+00:00\",\"breadcrumb\":{\"@id\":\"https:\\\/\\\/blogdofarnesio.com.br\\\/?p=342215#breadcrumb\"},\"inLanguage\":\"pt-BR\",\"potentialAction\":[{\"@type\":\"ReadAction\",\"target\":[\"https:\\\/\\\/blogdofarnesio.com.br\\\/?p=342215\"]}]},{\"@type\":\"ImageObject\",\"inLanguage\":\"pt-BR\",\"@id\":\"https:\\\/\\\/blogdofarnesio.com.br\\\/?p=342215#primaryimage\",\"url\":\"https:\\\/\\\/blogdofarnesio.com.br\\\/wp-content\\\/uploads\\\/2023\\\/06\\\/leo-santana-sorrindo-e1686769309438.webp\",\"contentUrl\":\"https:\\\/\\\/blogdofarnesio.com.br\\\/wp-content\\\/uploads\\\/2023\\\/06\\\/leo-santana-sorrindo-e1686769309438.webp\",\"width\":680,\"height\":446},{\"@type\":\"BreadcrumbList\",\"@id\":\"https:\\\/\\\/blogdofarnesio.com.br\\\/?p=342215#breadcrumb\",\"itemListElement\":[{\"@type\":\"ListItem\",\"position\":1,\"name\":\"In\u00edcio\",\"item\":\"https:\\\/\\\/blogdofarnesio.com.br\\\/\"},{\"@type\":\"ListItem\",\"position\":2,\"name\":\"Come\u00e7a amanh\u00e3 (16), o S\u00e3o Jo\u00e3o de Petrolina com show de L\u00e9o Santana e aus\u00eancia de grandes nomes do forr\u00f3 aut\u00eantico\"}]},{\"@type\":\"WebSite\",\"@id\":\"https:\\\/\\\/blogdofarnesio.com.br\\\/#website\",\"url\":\"https:\\\/\\\/blogdofarnesio.com.br\\\/\",\"name\":\"Blog do Farn\u00e9sio\",\"description\":\"Quer Saber Pol\u00edtica?\",\"publisher\":{\"@id\":\"https:\\\/\\\/blogdofarnesio.com.br\\\/#organization\"},\"potentialAction\":[{\"@type\":\"SearchAction\",\"target\":{\"@type\":\"EntryPoint\",\"urlTemplate\":\"https:\\\/\\\/blogdofarnesio.com.br\\\/?s={search_term_string}\"},\"query-input\":{\"@type\":\"PropertyValueSpecification\",\"valueRequired\":true,\"valueName\":\"search_term_string\"}}],\"inLanguage\":\"pt-BR\"},{\"@type\":\"Organization\",\"@id\":\"https:\\\/\\\/blogdofarnesio.com.br\\\/#organization\",\"name\":\"Blog do Farn\u00e9sio\",\"url\":\"https:\\\/\\\/blogdofarnesio.com.br\\\/\",\"logo\":{\"@type\":\"ImageObject\",\"inLanguage\":\"pt-BR\",\"@id\":\"https:\\\/\\\/blogdofarnesio.com.br\\\/#\\\/schema\\\/logo\\\/image\\\/\",\"url\":\"https:\\\/\\\/blogdofarnesio.com.br\\\/wp-content\\\/uploads\\\/2026\\\/03\\\/cropped-logo_new-1.png\",\"contentUrl\":\"https:\\\/\\\/blogdofarnesio.com.br\\\/wp-content\\\/uploads\\\/2026\\\/03\\\/cropped-logo_new-1.png\",\"width\":881,\"height\":685,\"caption\":\"Blog do Farn\u00e9sio\"},\"image\":{\"@id\":\"https:\\\/\\\/blogdofarnesio.com.br\\\/#\\\/schema\\\/logo\\\/image\\\/\"},\"sameAs\":[\"https:\\\/\\\/www.facebook.com\\\/BlogQuerSaberPolitica\\\/\"]},{\"@type\":\"Person\",\"@id\":\"https:\\\/\\\/blogdofarnesio.com.br\\\/#\\\/schema\\\/person\\\/bb9b23ae3ad0609ce8df7b6c9e76824d\",\"name\":\"Farn\u00e9sio\",\"image\":{\"@type\":\"ImageObject\",\"inLanguage\":\"pt-BR\",\"@id\":\"https:\\\/\\\/secure.gravatar.com\\\/avatar\\\/986aa4c61ccdb66f8555bf88fc2a65609d00bcabd4d2d94377a727547345cbca?s=96&d=mm&r=g\",\"url\":\"https:\\\/\\\/secure.gravatar.com\\\/avatar\\\/986aa4c61ccdb66f8555bf88fc2a65609d00bcabd4d2d94377a727547345cbca?s=96&d=mm&r=g\",\"contentUrl\":\"https:\\\/\\\/secure.gravatar.com\\\/avatar\\\/986aa4c61ccdb66f8555bf88fc2a65609d00bcabd4d2d94377a727547345cbca?s=96&d=mm&r=g\",\"caption\":\"Farn\u00e9sio\"},\"description\":\"Radialista blogueiro, chegou a Petrolina\\\/Juazeiro em setembro de 1980, Farn\u00e9sio Silva \u00e9 de Arapiraca-Alagoas.\",\"sameAs\":[\"http:\\\/\\\/blogdofarnesio.com.br\",\"https:\\\/\\\/www.facebook.com\\\/?ref=tn_tnmn\",\"https:\\\/\\\/www.instagram.com\\\/?utm_source=pwa_homescreen\",\"https:\\\/\\\/youtube.com.br\\\/\"],\"url\":\"https:\\\/\\\/blogdofarnesio.com.br\\\/?author=2\"}]}<\/script>\n<!-- \/ Yoast SEO plugin. -->","yoast_head_json":{"title":"Come\u00e7a amanh\u00e3 (16), o S\u00e3o Jo\u00e3o de Petrolina com show de L\u00e9o Santana e aus\u00eancia de grandes nomes do forr\u00f3 aut\u00eantico - Blog do Farn\u00e9sio","robots":{"index":"index","follow":"follow","max-snippet":"max-snippet:-1","max-image-preview":"max-image-preview:large","max-video-preview":"max-video-preview:-1"},"canonical":"https:\/\/blogdofarnesio.com.br\/?p=342215","og_locale":"pt_BR","og_type":"article","og_title":"Come\u00e7a amanh\u00e3 (16), o S\u00e3o Jo\u00e3o de Petrolina com show de L\u00e9o Santana e aus\u00eancia de grandes nomes do forr\u00f3 aut\u00eantico - Blog do Farn\u00e9sio","og_description":"J\u00e1 no clima do\u00a0S\u00e3o Jo\u00e3o 2023,\u00a0Petrolina, inicia suas festividades amanh\u00e3, com uma sentida aus\u00eancia de grandes nomes do forr\u00f3 aut\u00eantico em sua grade de atra\u00e7\u00f5es, privilegiando m\u00fasicas dos breganejos e o novo piseiro . Veja a programa\u00e7\u00e3o\u00a0das festividades deste ano, que ir\u00e3o dos dias\u00a016 a 25 de junho &#8211;\u00a0menos no dia 19, quando n\u00e3o haver\u00e1 apresenta\u00e7\u00f5es. Todos os shows ser\u00e3o no\u00a0P\u00e1tio Ana das Carrancas, principal ponto junino da cidade. Entre as principais atra\u00e7\u00f5es, est\u00e3o nomes como L\u00e9o Santana, com apresenta\u00e7\u00e3o no dia 17;\u00a0Jo\u00e3o Gomes, que comandar\u00e1 o\u00a0palco\u00a0no dia 20;\u00a0Wesley Safad\u00e3o, que agitar\u00e1 a popula\u00e7\u00e3o tamb\u00e9m no dia 20; e o\u00a0DJ Alok, que se apresentar\u00e1 no dia 25, no encerramento. Al\u00e9m de L\u00e9o Santana, a\u00a0abertura\u00a0contar\u00e1 com nomes da m\u00fasica nacional, como&hellip;","og_url":"https:\/\/blogdofarnesio.com.br\/?p=342215","og_site_name":"Blog do Farn\u00e9sio","article_publisher":"https:\/\/www.facebook.com\/BlogQuerSaberPolitica\/","article_author":"https:\/\/www.facebook.com\/?ref=tn_tnmn","article_published_time":"2023-06-15T10:42:19+00:00","og_image":[{"width":680,"height":446,"url":"https:\/\/blogdofarnesio.com.br\/wp-content\/uploads\/2023\/06\/leo-santana-sorrindo-e1686769309438.webp","type":"image\/webp"}],"author":"Farn\u00e9sio","twitter_card":"summary_large_image","twitter_misc":{"Escrito por":"Farn\u00e9sio","Est. tempo de leitura":"3 minutos"},"schema":{"@context":"https:\/\/schema.org","@graph":[{"@type":"Article","@id":"https:\/\/blogdofarnesio.com.br\/?p=342215#article","isPartOf":{"@id":"https:\/\/blogdofarnesio.com.br\/?p=342215"},"author":{"name":"Farn\u00e9sio","@id":"https:\/\/blogdofarnesio.com.br\/#\/schema\/person\/bb9b23ae3ad0609ce8df7b6c9e76824d"},"headline":"Come\u00e7a amanh\u00e3 (16), o S\u00e3o Jo\u00e3o de Petrolina com show de L\u00e9o Santana e aus\u00eancia de grandes nomes do forr\u00f3 aut\u00eantico","datePublished":"2023-06-15T10:42:19+00:00","mainEntityOfPage":{"@id":"https:\/\/blogdofarnesio.com.br\/?p=342215"},"wordCount":431,"commentCount":1,"publisher":{"@id":"https:\/\/blogdofarnesio.com.br\/#organization"},"image":{"@id":"https:\/\/blogdofarnesio.com.br\/?p=342215#primaryimage"},"thumbnailUrl":"https:\/\/blogdofarnesio.com.br\/wp-content\/uploads\/2023\/06\/leo-santana-sorrindo-e1686769309438.webp","articleSection":["Cultura"],"inLanguage":"pt-BR","potentialAction":[{"@type":"CommentAction","name":"Comment","target":["https:\/\/blogdofarnesio.com.br\/?p=342215#respond"]}]},{"@type":"WebPage","@id":"https:\/\/blogdofarnesio.com.br\/?p=342215","url":"https:\/\/blogdofarnesio.com.br\/?p=342215","name":"Come\u00e7a amanh\u00e3 (16), o S\u00e3o Jo\u00e3o de Petrolina com show de L\u00e9o Santana e aus\u00eancia de grandes nomes do forr\u00f3 aut\u00eantico - Blog do Farn\u00e9sio","isPartOf":{"@id":"https:\/\/blogdofarnesio.com.br\/#website"},"primaryImageOfPage":{"@id":"https:\/\/blogdofarnesio.com.br\/?p=342215#primaryimage"},"image":{"@id":"https:\/\/blogdofarnesio.com.br\/?p=342215#primaryimage"},"thumbnailUrl":"https:\/\/blogdofarnesio.com.br\/wp-content\/uploads\/2023\/06\/leo-santana-sorrindo-e1686769309438.webp","datePublished":"2023-06-15T10:42:19+00:00","breadcrumb":{"@id":"https:\/\/blogdofarnesio.com.br\/?p=342215#breadcrumb"},"inLanguage":"pt-BR","potentialAction":[{"@type":"ReadAction","target":["https:\/\/blogdofarnesio.com.br\/?p=342215"]}]},{"@type":"ImageObject","inLanguage":"pt-BR","@id":"https:\/\/blogdofarnesio.com.br\/?p=342215#primaryimage","url":"https:\/\/blogdofarnesio.com.br\/wp-content\/uploads\/2023\/06\/leo-santana-sorrindo-e1686769309438.webp","contentUrl":"https:\/\/blogdofarnesio.com.br\/wp-content\/uploads\/2023\/06\/leo-santana-sorrindo-e1686769309438.webp","width":680,"height":446},{"@type":"BreadcrumbList","@id":"https:\/\/blogdofarnesio.com.br\/?p=342215#breadcrumb","itemListElement":[{"@type":"ListItem","position":1,"name":"In\u00edcio","item":"https:\/\/blogdofarnesio.com.br\/"},{"@type":"ListItem","position":2,"name":"Come\u00e7a amanh\u00e3 (16), o S\u00e3o Jo\u00e3o de Petrolina com show de L\u00e9o Santana e aus\u00eancia de grandes nomes do forr\u00f3 aut\u00eantico"}]},{"@type":"WebSite","@id":"https:\/\/blogdofarnesio.com.br\/#website","url":"https:\/\/blogdofarnesio.com.br\/","name":"Blog do Farn\u00e9sio","description":"Quer Saber Pol\u00edtica?","publisher":{"@id":"https:\/\/blogdofarnesio.com.br\/#organization"},"potentialAction":[{"@type":"SearchAction","target":{"@type":"EntryPoint","urlTemplate":"https:\/\/blogdofarnesio.com.br\/?s={search_term_string}"},"query-input":{"@type":"PropertyValueSpecification","valueRequired":true,"valueName":"search_term_string"}}],"inLanguage":"pt-BR"},{"@type":"Organization","@id":"https:\/\/blogdofarnesio.com.br\/#organization","name":"Blog do Farn\u00e9sio","url":"https:\/\/blogdofarnesio.com.br\/","logo":{"@type":"ImageObject","inLanguage":"pt-BR","@id":"https:\/\/blogdofarnesio.com.br\/#\/schema\/logo\/image\/","url":"https:\/\/blogdofarnesio.com.br\/wp-content\/uploads\/2026\/03\/cropped-logo_new-1.png","contentUrl":"https:\/\/blogdofarnesio.com.br\/wp-content\/uploads\/2026\/03\/cropped-logo_new-1.png","width":881,"height":685,"caption":"Blog do Farn\u00e9sio"},"image":{"@id":"https:\/\/blogdofarnesio.com.br\/#\/schema\/logo\/image\/"},"sameAs":["https:\/\/www.facebook.com\/BlogQuerSaberPolitica\/"]},{"@type":"Person","@id":"https:\/\/blogdofarnesio.com.br\/#\/schema\/person\/bb9b23ae3ad0609ce8df7b6c9e76824d","name":"Farn\u00e9sio","image":{"@type":"ImageObject","inLanguage":"pt-BR","@id":"https:\/\/secure.gravatar.com\/avatar\/986aa4c61ccdb66f8555bf88fc2a65609d00bcabd4d2d94377a727547345cbca?s=96&d=mm&r=g","url":"https:\/\/secure.gravatar.com\/avatar\/986aa4c61ccdb66f8555bf88fc2a65609d00bcabd4d2d94377a727547345cbca?s=96&d=mm&r=g","contentUrl":"https:\/\/secure.gravatar.com\/avatar\/986aa4c61ccdb66f8555bf88fc2a65609d00bcabd4d2d94377a727547345cbca?s=96&d=mm&r=g","caption":"Farn\u00e9sio"},"description":"Radialista blogueiro, chegou a Petrolina\/Juazeiro em setembro de 1980, Farn\u00e9sio Silva \u00e9 de Arapiraca-Alagoas.","sameAs":["http:\/\/blogdofarnesio.com.br","https:\/\/www.facebook.com\/?ref=tn_tnmn","https:\/\/www.instagram.com\/?utm_source=pwa_homescreen","https:\/\/youtube.com.br\/"],"url":"https:\/\/blogdofarnesio.com.br\/?author=2"}]}},"_links":{"self":[{"href":"https:\/\/blogdofarnesio.com.br\/index.php?rest_route=\/wp\/v2\/posts\/342215","targetHints":{"allow":["GET"]}}],"collection":[{"href":"https:\/\/blogdofarnesio.com.br\/index.php?rest_route=\/wp\/v2\/posts"}],"about":[{"href":"https:\/\/blogdofarnesio.com.br\/index.php?rest_route=\/wp\/v2\/types\/post"}],"author":[{"embeddable":true,"href":"https:\/\/blogdofarnesio.com.br\/index.php?rest_route=\/wp\/v2\/users\/2"}],"replies":[{"embeddable":true,"href":"https:\/\/blogdofarnesio.com.br\/index.php?rest_route=%2Fwp%2Fv2%2Fcomments&post=342215"}],"version-history":[{"count":0,"href":"https:\/\/blogdofarnesio.com.br\/index.php?rest_route=\/wp\/v2\/posts\/342215\/revisions"}],"wp:featuredmedia":[{"embeddable":true,"href":"https:\/\/blogdofarnesio.com.br\/index.php?rest_route=\/wp\/v2\/media\/343031"}],"wp:attachment":[{"href":"https:\/\/blogdofarnesio.com.br\/index.php?rest_route=%2Fwp%2Fv2%2Fmedia&parent=342215"}],"wp:term":[{"taxonomy":"category","embeddable":true,"href":"https:\/\/blogdofarnesio.com.br\/index.php?rest_route=%2Fwp%2Fv2%2Fcategories&post=342215"},{"taxonomy":"post_tag","embeddable":true,"href":"https:\/\/blogdofarnesio.com.br\/index.php?rest_route=%2Fwp%2Fv2%2Ftags&post=342215"}],"curies":[{"name":"wp","href":"https:\/\/api.w.org\/{rel}","templated":true}]}}