{"id":342213,"date":"2023-06-03T11:31:15","date_gmt":"2023-06-03T14:31:15","guid":{"rendered":"https:\/\/blogdofarnesio.com.br\/?p=342213"},"modified":"2023-06-03T09:05:32","modified_gmt":"2023-06-03T12:05:32","slug":"floresta-pe-recebe-atividades-da-campanha-eu-viro-carranca-para-defender-o-velho-chico","status":"publish","type":"post","link":"https:\/\/blogdofarnesio.com.br\/?p=342213","title":{"rendered":"Floresta-PE recebe atividades da campanha \u201cEu Viro Carranca para defender o Velho Chico\u201d"},"content":{"rendered":"<div class=\"entry-content clearfix\">\n<p>Floresta-PE est\u00e1 recebendo neste s\u00e1bado, 3, atividades da 10\u00aa edi\u00e7\u00e3o da campanha \u201cEu Viro Carranca para defender o Velho Chico\u201d, organizada pelo Comit\u00ea da Bacia Hidrogr\u00e1fica do Rio S\u00e3o Francisco (CBHSF). As a\u00e7\u00f5es tamb\u00e9m ocorrem em Felixl\u00e2ndia-MG, Paratinga-BA e S\u00e3o Br\u00e1s-AL.<\/p>\n<p>Em Floresta a programa\u00e7\u00e3o come\u00e7ou ontem, 2, com o peixamento do Rio S\u00e3o Francisco, plantio de \u00e1rvores nativas no leito do manancial e atividades educacionais. Hoje ocorrem manifesta\u00e7\u00f5es culturais dos povos tradicionais do Velho Chico, exposi\u00e7\u00f5es educativas, visitas a escolas da regi\u00e3o e atividades no centro hist\u00f3rico da cidade.<\/p>\n<p>Este ano a campanha foca nos povos da bacia do Velho Chico, no intuito de dar visibilidade a eles e valoriz\u00e1-los. Comunidades tradicionais, como quilombolas, ind\u00edgenas, pescadores artesanais e caatingueiros, representam grande parte dos mais de 18 milh\u00f5es de brasileiros inseridos na bacia hidrogr\u00e1fica do Velho Chico.<\/p>\n<p>A campanha tamb\u00e9m visa mobilizar a popula\u00e7\u00e3o ribeirinha do Rio S\u00e3o Francisco, o meio pol\u00edtico estadual e municipal, companhias de saneamento, setor produtivo e sociedade em geral sobre a necessidade urgente de revitaliza\u00e7\u00e3o do rio. A CBHSF destaca que o S\u00e3o Francisco \u00e9 muito importante para o Nordeste, sendo respons\u00e1vel pelo abastecimento de muitas cidades.<\/p>\n<p>Em 2020, a campanha \u201cEu Viro Carranca para defender o Velho Chico\u201d ganhou o Pr\u00eamio ANA, conquistando o 1\u00b0 lugar na categoria Singreh (Sistema Nacional de Gerenciamento de Recursos H\u00eddricos). A premia\u00e7\u00e3o reconhece o m\u00e9rito de iniciativas que se destacam pela excel\u00eancia de sua contribui\u00e7\u00e3o para a seguran\u00e7a h\u00eddrica no Brasil.<\/p>\n<\/div>\n","protected":false},"excerpt":{"rendered":"<p>Floresta-PE est\u00e1 recebendo neste s\u00e1bado, 3, atividades da 10\u00aa edi\u00e7\u00e3o da campanha \u201cEu Viro Carranca para defender o Velho Chico\u201d, organizada pelo Comit\u00ea da Bacia Hidrogr\u00e1fica do Rio S\u00e3o Francisco (CBHSF). As a\u00e7\u00f5es tamb\u00e9m ocorrem em Felixl\u00e2ndia-MG, Paratinga-BA e S\u00e3o Br\u00e1s-AL. Em Floresta a programa\u00e7\u00e3o come\u00e7ou ontem, 2, com o peixamento do Rio S\u00e3o Francisco, plantio de \u00e1rvores nativas no leito do manancial e atividades educacionais. Hoje ocorrem manifesta\u00e7\u00f5es culturais dos povos tradicionais do Velho Chico, exposi\u00e7\u00f5es educativas, visitas a escolas da regi\u00e3o e atividades no centro hist\u00f3rico da cidade. Este ano a campanha foca nos povos da bacia do Velho Chico, no intuito de dar visibilidade a eles e valoriz\u00e1-los. Comunidades tradicionais, como quilombolas, ind\u00edgenas, pescadores artesanais e caatingueiros,&hellip; <\/p>\n","protected":false},"author":2,"featured_media":250336,"comment_status":"open","ping_status":"open","sticky":false,"template":"","format":"standard","meta":{"_acf_changed":false,"footnotes":""},"categories":[27,29],"tags":[],"class_list":["post-342213","post","type-post","status-publish","format-standard","has-post-thumbnail","hentry","category-cidades","category-meio-ambiente"],"acf":[],"yoast_head":"<!-- This site is optimized with the Yoast SEO plugin v27.4 - https:\/\/yoast.com\/product\/yoast-seo-wordpress\/ -->\n<title>Floresta-PE recebe atividades da campanha \u201cEu Viro Carranca para defender o Velho Chico\u201d - Blog do Farn\u00e9sio<\/title>\n<meta name=\"robots\" content=\"index, follow, max-snippet:-1, max-image-preview:large, max-video-preview:-1\" \/>\n<link rel=\"canonical\" href=\"https:\/\/blogdofarnesio.com.br\/?p=342213\" \/>\n<meta property=\"og:locale\" content=\"pt_BR\" \/>\n<meta property=\"og:type\" content=\"article\" \/>\n<meta property=\"og:title\" content=\"Floresta-PE recebe atividades da campanha \u201cEu Viro Carranca para defender o Velho Chico\u201d - Blog do Farn\u00e9sio\" \/>\n<meta property=\"og:description\" content=\"Floresta-PE est\u00e1 recebendo neste s\u00e1bado, 3, atividades da 10\u00aa edi\u00e7\u00e3o da campanha \u201cEu Viro Carranca para defender o Velho Chico\u201d, organizada pelo Comit\u00ea da Bacia Hidrogr\u00e1fica do Rio S\u00e3o Francisco (CBHSF). As a\u00e7\u00f5es tamb\u00e9m ocorrem em Felixl\u00e2ndia-MG, Paratinga-BA e S\u00e3o Br\u00e1s-AL. Em Floresta a programa\u00e7\u00e3o come\u00e7ou ontem, 2, com o peixamento do Rio S\u00e3o Francisco, plantio de \u00e1rvores nativas no leito do manancial e atividades educacionais. Hoje ocorrem manifesta\u00e7\u00f5es culturais dos povos tradicionais do Velho Chico, exposi\u00e7\u00f5es educativas, visitas a escolas da regi\u00e3o e atividades no centro hist\u00f3rico da cidade. Este ano a campanha foca nos povos da bacia do Velho Chico, no intuito de dar visibilidade a eles e valoriz\u00e1-los. Comunidades tradicionais, como quilombolas, ind\u00edgenas, pescadores artesanais e caatingueiros,&hellip;\" \/>\n<meta property=\"og:url\" content=\"https:\/\/blogdofarnesio.com.br\/?p=342213\" \/>\n<meta property=\"og:site_name\" content=\"Blog do Farn\u00e9sio\" \/>\n<meta property=\"article:publisher\" content=\"https:\/\/www.facebook.com\/BlogQuerSaberPolitica\/\" \/>\n<meta property=\"article:author\" content=\"https:\/\/www.facebook.com\/?ref=tn_tnmn\" \/>\n<meta property=\"article:published_time\" content=\"2023-06-03T14:31:15+00:00\" \/>\n<meta property=\"og:image\" content=\"https:\/\/blogdofarnesio.com.br\/wp-content\/uploads\/2020\/02\/blogqsprio-carranca-cbhsf-e1581865691324.jpg\" \/>\n\t<meta property=\"og:image:width\" content=\"700\" \/>\n\t<meta property=\"og:image:height\" content=\"459\" \/>\n\t<meta property=\"og:image:type\" content=\"image\/jpeg\" \/>\n<meta name=\"author\" content=\"Farn\u00e9sio\" \/>\n<meta name=\"twitter:card\" content=\"summary_large_image\" \/>\n<meta name=\"twitter:label1\" content=\"Escrito por\" \/>\n\t<meta name=\"twitter:data1\" content=\"Farn\u00e9sio\" \/>\n\t<meta name=\"twitter:label2\" content=\"Est. tempo de leitura\" \/>\n\t<meta name=\"twitter:data2\" content=\"2 minutos\" \/>\n<script type=\"application\/ld+json\" class=\"yoast-schema-graph\">{\"@context\":\"https:\\\/\\\/schema.org\",\"@graph\":[{\"@type\":\"Article\",\"@id\":\"https:\\\/\\\/blogdofarnesio.com.br\\\/?p=342213#article\",\"isPartOf\":{\"@id\":\"https:\\\/\\\/blogdofarnesio.com.br\\\/?p=342213\"},\"author\":{\"name\":\"Farn\u00e9sio\",\"@id\":\"https:\\\/\\\/blogdofarnesio.com.br\\\/#\\\/schema\\\/person\\\/bb9b23ae3ad0609ce8df7b6c9e76824d\"},\"headline\":\"Floresta-PE recebe atividades da campanha \u201cEu Viro Carranca para defender o Velho Chico\u201d\",\"datePublished\":\"2023-06-03T14:31:15+00:00\",\"mainEntityOfPage\":{\"@id\":\"https:\\\/\\\/blogdofarnesio.com.br\\\/?p=342213\"},\"wordCount\":284,\"commentCount\":0,\"publisher\":{\"@id\":\"https:\\\/\\\/blogdofarnesio.com.br\\\/#organization\"},\"image\":{\"@id\":\"https:\\\/\\\/blogdofarnesio.com.br\\\/?p=342213#primaryimage\"},\"thumbnailUrl\":\"https:\\\/\\\/blogdofarnesio.com.br\\\/wp-content\\\/uploads\\\/2020\\\/02\\\/blogqsprio-carranca-cbhsf-e1581865691324.jpg\",\"articleSection\":[\"Cidades\",\"Meio Ambiente\"],\"inLanguage\":\"pt-BR\",\"potentialAction\":[{\"@type\":\"CommentAction\",\"name\":\"Comment\",\"target\":[\"https:\\\/\\\/blogdofarnesio.com.br\\\/?p=342213#respond\"]}]},{\"@type\":\"WebPage\",\"@id\":\"https:\\\/\\\/blogdofarnesio.com.br\\\/?p=342213\",\"url\":\"https:\\\/\\\/blogdofarnesio.com.br\\\/?p=342213\",\"name\":\"Floresta-PE recebe atividades da campanha \u201cEu Viro Carranca para defender o Velho Chico\u201d - Blog do Farn\u00e9sio\",\"isPartOf\":{\"@id\":\"https:\\\/\\\/blogdofarnesio.com.br\\\/#website\"},\"primaryImageOfPage\":{\"@id\":\"https:\\\/\\\/blogdofarnesio.com.br\\\/?p=342213#primaryimage\"},\"image\":{\"@id\":\"https:\\\/\\\/blogdofarnesio.com.br\\\/?p=342213#primaryimage\"},\"thumbnailUrl\":\"https:\\\/\\\/blogdofarnesio.com.br\\\/wp-content\\\/uploads\\\/2020\\\/02\\\/blogqsprio-carranca-cbhsf-e1581865691324.jpg\",\"datePublished\":\"2023-06-03T14:31:15+00:00\",\"breadcrumb\":{\"@id\":\"https:\\\/\\\/blogdofarnesio.com.br\\\/?p=342213#breadcrumb\"},\"inLanguage\":\"pt-BR\",\"potentialAction\":[{\"@type\":\"ReadAction\",\"target\":[\"https:\\\/\\\/blogdofarnesio.com.br\\\/?p=342213\"]}]},{\"@type\":\"ImageObject\",\"inLanguage\":\"pt-BR\",\"@id\":\"https:\\\/\\\/blogdofarnesio.com.br\\\/?p=342213#primaryimage\",\"url\":\"https:\\\/\\\/blogdofarnesio.com.br\\\/wp-content\\\/uploads\\\/2020\\\/02\\\/blogqsprio-carranca-cbhsf-e1581865691324.jpg\",\"contentUrl\":\"https:\\\/\\\/blogdofarnesio.com.br\\\/wp-content\\\/uploads\\\/2020\\\/02\\\/blogqsprio-carranca-cbhsf-e1581865691324.jpg\",\"width\":700,\"height\":459},{\"@type\":\"BreadcrumbList\",\"@id\":\"https:\\\/\\\/blogdofarnesio.com.br\\\/?p=342213#breadcrumb\",\"itemListElement\":[{\"@type\":\"ListItem\",\"position\":1,\"name\":\"In\u00edcio\",\"item\":\"https:\\\/\\\/blogdofarnesio.com.br\\\/\"},{\"@type\":\"ListItem\",\"position\":2,\"name\":\"Floresta-PE recebe atividades da campanha \u201cEu Viro Carranca para defender o Velho Chico\u201d\"}]},{\"@type\":\"WebSite\",\"@id\":\"https:\\\/\\\/blogdofarnesio.com.br\\\/#website\",\"url\":\"https:\\\/\\\/blogdofarnesio.com.br\\\/\",\"name\":\"Blog do Farn\u00e9sio\",\"description\":\"Quer Saber Pol\u00edtica?\",\"publisher\":{\"@id\":\"https:\\\/\\\/blogdofarnesio.com.br\\\/#organization\"},\"potentialAction\":[{\"@type\":\"SearchAction\",\"target\":{\"@type\":\"EntryPoint\",\"urlTemplate\":\"https:\\\/\\\/blogdofarnesio.com.br\\\/?s={search_term_string}\"},\"query-input\":{\"@type\":\"PropertyValueSpecification\",\"valueRequired\":true,\"valueName\":\"search_term_string\"}}],\"inLanguage\":\"pt-BR\"},{\"@type\":\"Organization\",\"@id\":\"https:\\\/\\\/blogdofarnesio.com.br\\\/#organization\",\"name\":\"Blog do Farn\u00e9sio\",\"url\":\"https:\\\/\\\/blogdofarnesio.com.br\\\/\",\"logo\":{\"@type\":\"ImageObject\",\"inLanguage\":\"pt-BR\",\"@id\":\"https:\\\/\\\/blogdofarnesio.com.br\\\/#\\\/schema\\\/logo\\\/image\\\/\",\"url\":\"https:\\\/\\\/blogdofarnesio.com.br\\\/wp-content\\\/uploads\\\/2026\\\/03\\\/cropped-logo_new-1.png\",\"contentUrl\":\"https:\\\/\\\/blogdofarnesio.com.br\\\/wp-content\\\/uploads\\\/2026\\\/03\\\/cropped-logo_new-1.png\",\"width\":881,\"height\":685,\"caption\":\"Blog do Farn\u00e9sio\"},\"image\":{\"@id\":\"https:\\\/\\\/blogdofarnesio.com.br\\\/#\\\/schema\\\/logo\\\/image\\\/\"},\"sameAs\":[\"https:\\\/\\\/www.facebook.com\\\/BlogQuerSaberPolitica\\\/\"]},{\"@type\":\"Person\",\"@id\":\"https:\\\/\\\/blogdofarnesio.com.br\\\/#\\\/schema\\\/person\\\/bb9b23ae3ad0609ce8df7b6c9e76824d\",\"name\":\"Farn\u00e9sio\",\"image\":{\"@type\":\"ImageObject\",\"inLanguage\":\"pt-BR\",\"@id\":\"https:\\\/\\\/secure.gravatar.com\\\/avatar\\\/986aa4c61ccdb66f8555bf88fc2a65609d00bcabd4d2d94377a727547345cbca?s=96&d=mm&r=g\",\"url\":\"https:\\\/\\\/secure.gravatar.com\\\/avatar\\\/986aa4c61ccdb66f8555bf88fc2a65609d00bcabd4d2d94377a727547345cbca?s=96&d=mm&r=g\",\"contentUrl\":\"https:\\\/\\\/secure.gravatar.com\\\/avatar\\\/986aa4c61ccdb66f8555bf88fc2a65609d00bcabd4d2d94377a727547345cbca?s=96&d=mm&r=g\",\"caption\":\"Farn\u00e9sio\"},\"description\":\"Radialista blogueiro, chegou a Petrolina\\\/Juazeiro em setembro de 1980, Farn\u00e9sio Silva \u00e9 de Arapiraca-Alagoas.\",\"sameAs\":[\"http:\\\/\\\/blogdofarnesio.com.br\",\"https:\\\/\\\/www.facebook.com\\\/?ref=tn_tnmn\",\"https:\\\/\\\/www.instagram.com\\\/?utm_source=pwa_homescreen\",\"https:\\\/\\\/youtube.com.br\\\/\"],\"url\":\"https:\\\/\\\/blogdofarnesio.com.br\\\/?author=2\"}]}<\/script>\n<!-- \/ Yoast SEO plugin. -->","yoast_head_json":{"title":"Floresta-PE recebe atividades da campanha \u201cEu Viro Carranca para defender o Velho Chico\u201d - Blog do Farn\u00e9sio","robots":{"index":"index","follow":"follow","max-snippet":"max-snippet:-1","max-image-preview":"max-image-preview:large","max-video-preview":"max-video-preview:-1"},"canonical":"https:\/\/blogdofarnesio.com.br\/?p=342213","og_locale":"pt_BR","og_type":"article","og_title":"Floresta-PE recebe atividades da campanha \u201cEu Viro Carranca para defender o Velho Chico\u201d - Blog do Farn\u00e9sio","og_description":"Floresta-PE est\u00e1 recebendo neste s\u00e1bado, 3, atividades da 10\u00aa edi\u00e7\u00e3o da campanha \u201cEu Viro Carranca para defender o Velho Chico\u201d, organizada pelo Comit\u00ea da Bacia Hidrogr\u00e1fica do Rio S\u00e3o Francisco (CBHSF). As a\u00e7\u00f5es tamb\u00e9m ocorrem em Felixl\u00e2ndia-MG, Paratinga-BA e S\u00e3o Br\u00e1s-AL. Em Floresta a programa\u00e7\u00e3o come\u00e7ou ontem, 2, com o peixamento do Rio S\u00e3o Francisco, plantio de \u00e1rvores nativas no leito do manancial e atividades educacionais. Hoje ocorrem manifesta\u00e7\u00f5es culturais dos povos tradicionais do Velho Chico, exposi\u00e7\u00f5es educativas, visitas a escolas da regi\u00e3o e atividades no centro hist\u00f3rico da cidade. Este ano a campanha foca nos povos da bacia do Velho Chico, no intuito de dar visibilidade a eles e valoriz\u00e1-los. Comunidades tradicionais, como quilombolas, ind\u00edgenas, pescadores artesanais e caatingueiros,&hellip;","og_url":"https:\/\/blogdofarnesio.com.br\/?p=342213","og_site_name":"Blog do Farn\u00e9sio","article_publisher":"https:\/\/www.facebook.com\/BlogQuerSaberPolitica\/","article_author":"https:\/\/www.facebook.com\/?ref=tn_tnmn","article_published_time":"2023-06-03T14:31:15+00:00","og_image":[{"width":700,"height":459,"url":"https:\/\/blogdofarnesio.com.br\/wp-content\/uploads\/2020\/02\/blogqsprio-carranca-cbhsf-e1581865691324.jpg","type":"image\/jpeg"}],"author":"Farn\u00e9sio","twitter_card":"summary_large_image","twitter_misc":{"Escrito por":"Farn\u00e9sio","Est. tempo de leitura":"2 minutos"},"schema":{"@context":"https:\/\/schema.org","@graph":[{"@type":"Article","@id":"https:\/\/blogdofarnesio.com.br\/?p=342213#article","isPartOf":{"@id":"https:\/\/blogdofarnesio.com.br\/?p=342213"},"author":{"name":"Farn\u00e9sio","@id":"https:\/\/blogdofarnesio.com.br\/#\/schema\/person\/bb9b23ae3ad0609ce8df7b6c9e76824d"},"headline":"Floresta-PE recebe atividades da campanha \u201cEu Viro Carranca para defender o Velho Chico\u201d","datePublished":"2023-06-03T14:31:15+00:00","mainEntityOfPage":{"@id":"https:\/\/blogdofarnesio.com.br\/?p=342213"},"wordCount":284,"commentCount":0,"publisher":{"@id":"https:\/\/blogdofarnesio.com.br\/#organization"},"image":{"@id":"https:\/\/blogdofarnesio.com.br\/?p=342213#primaryimage"},"thumbnailUrl":"https:\/\/blogdofarnesio.com.br\/wp-content\/uploads\/2020\/02\/blogqsprio-carranca-cbhsf-e1581865691324.jpg","articleSection":["Cidades","Meio Ambiente"],"inLanguage":"pt-BR","potentialAction":[{"@type":"CommentAction","name":"Comment","target":["https:\/\/blogdofarnesio.com.br\/?p=342213#respond"]}]},{"@type":"WebPage","@id":"https:\/\/blogdofarnesio.com.br\/?p=342213","url":"https:\/\/blogdofarnesio.com.br\/?p=342213","name":"Floresta-PE recebe atividades da campanha \u201cEu Viro Carranca para defender o Velho Chico\u201d - Blog do Farn\u00e9sio","isPartOf":{"@id":"https:\/\/blogdofarnesio.com.br\/#website"},"primaryImageOfPage":{"@id":"https:\/\/blogdofarnesio.com.br\/?p=342213#primaryimage"},"image":{"@id":"https:\/\/blogdofarnesio.com.br\/?p=342213#primaryimage"},"thumbnailUrl":"https:\/\/blogdofarnesio.com.br\/wp-content\/uploads\/2020\/02\/blogqsprio-carranca-cbhsf-e1581865691324.jpg","datePublished":"2023-06-03T14:31:15+00:00","breadcrumb":{"@id":"https:\/\/blogdofarnesio.com.br\/?p=342213#breadcrumb"},"inLanguage":"pt-BR","potentialAction":[{"@type":"ReadAction","target":["https:\/\/blogdofarnesio.com.br\/?p=342213"]}]},{"@type":"ImageObject","inLanguage":"pt-BR","@id":"https:\/\/blogdofarnesio.com.br\/?p=342213#primaryimage","url":"https:\/\/blogdofarnesio.com.br\/wp-content\/uploads\/2020\/02\/blogqsprio-carranca-cbhsf-e1581865691324.jpg","contentUrl":"https:\/\/blogdofarnesio.com.br\/wp-content\/uploads\/2020\/02\/blogqsprio-carranca-cbhsf-e1581865691324.jpg","width":700,"height":459},{"@type":"BreadcrumbList","@id":"https:\/\/blogdofarnesio.com.br\/?p=342213#breadcrumb","itemListElement":[{"@type":"ListItem","position":1,"name":"In\u00edcio","item":"https:\/\/blogdofarnesio.com.br\/"},{"@type":"ListItem","position":2,"name":"Floresta-PE recebe atividades da campanha \u201cEu Viro Carranca para defender o Velho Chico\u201d"}]},{"@type":"WebSite","@id":"https:\/\/blogdofarnesio.com.br\/#website","url":"https:\/\/blogdofarnesio.com.br\/","name":"Blog do Farn\u00e9sio","description":"Quer Saber Pol\u00edtica?","publisher":{"@id":"https:\/\/blogdofarnesio.com.br\/#organization"},"potentialAction":[{"@type":"SearchAction","target":{"@type":"EntryPoint","urlTemplate":"https:\/\/blogdofarnesio.com.br\/?s={search_term_string}"},"query-input":{"@type":"PropertyValueSpecification","valueRequired":true,"valueName":"search_term_string"}}],"inLanguage":"pt-BR"},{"@type":"Organization","@id":"https:\/\/blogdofarnesio.com.br\/#organization","name":"Blog do Farn\u00e9sio","url":"https:\/\/blogdofarnesio.com.br\/","logo":{"@type":"ImageObject","inLanguage":"pt-BR","@id":"https:\/\/blogdofarnesio.com.br\/#\/schema\/logo\/image\/","url":"https:\/\/blogdofarnesio.com.br\/wp-content\/uploads\/2026\/03\/cropped-logo_new-1.png","contentUrl":"https:\/\/blogdofarnesio.com.br\/wp-content\/uploads\/2026\/03\/cropped-logo_new-1.png","width":881,"height":685,"caption":"Blog do Farn\u00e9sio"},"image":{"@id":"https:\/\/blogdofarnesio.com.br\/#\/schema\/logo\/image\/"},"sameAs":["https:\/\/www.facebook.com\/BlogQuerSaberPolitica\/"]},{"@type":"Person","@id":"https:\/\/blogdofarnesio.com.br\/#\/schema\/person\/bb9b23ae3ad0609ce8df7b6c9e76824d","name":"Farn\u00e9sio","image":{"@type":"ImageObject","inLanguage":"pt-BR","@id":"https:\/\/secure.gravatar.com\/avatar\/986aa4c61ccdb66f8555bf88fc2a65609d00bcabd4d2d94377a727547345cbca?s=96&d=mm&r=g","url":"https:\/\/secure.gravatar.com\/avatar\/986aa4c61ccdb66f8555bf88fc2a65609d00bcabd4d2d94377a727547345cbca?s=96&d=mm&r=g","contentUrl":"https:\/\/secure.gravatar.com\/avatar\/986aa4c61ccdb66f8555bf88fc2a65609d00bcabd4d2d94377a727547345cbca?s=96&d=mm&r=g","caption":"Farn\u00e9sio"},"description":"Radialista blogueiro, chegou a Petrolina\/Juazeiro em setembro de 1980, Farn\u00e9sio Silva \u00e9 de Arapiraca-Alagoas.","sameAs":["http:\/\/blogdofarnesio.com.br","https:\/\/www.facebook.com\/?ref=tn_tnmn","https:\/\/www.instagram.com\/?utm_source=pwa_homescreen","https:\/\/youtube.com.br\/"],"url":"https:\/\/blogdofarnesio.com.br\/?author=2"}]}},"_links":{"self":[{"href":"https:\/\/blogdofarnesio.com.br\/index.php?rest_route=\/wp\/v2\/posts\/342213","targetHints":{"allow":["GET"]}}],"collection":[{"href":"https:\/\/blogdofarnesio.com.br\/index.php?rest_route=\/wp\/v2\/posts"}],"about":[{"href":"https:\/\/blogdofarnesio.com.br\/index.php?rest_route=\/wp\/v2\/types\/post"}],"author":[{"embeddable":true,"href":"https:\/\/blogdofarnesio.com.br\/index.php?rest_route=\/wp\/v2\/users\/2"}],"replies":[{"embeddable":true,"href":"https:\/\/blogdofarnesio.com.br\/index.php?rest_route=%2Fwp%2Fv2%2Fcomments&post=342213"}],"version-history":[{"count":0,"href":"https:\/\/blogdofarnesio.com.br\/index.php?rest_route=\/wp\/v2\/posts\/342213\/revisions"}],"wp:featuredmedia":[{"embeddable":true,"href":"https:\/\/blogdofarnesio.com.br\/index.php?rest_route=\/wp\/v2\/media\/250336"}],"wp:attachment":[{"href":"https:\/\/blogdofarnesio.com.br\/index.php?rest_route=%2Fwp%2Fv2%2Fmedia&parent=342213"}],"wp:term":[{"taxonomy":"category","embeddable":true,"href":"https:\/\/blogdofarnesio.com.br\/index.php?rest_route=%2Fwp%2Fv2%2Fcategories&post=342213"},{"taxonomy":"post_tag","embeddable":true,"href":"https:\/\/blogdofarnesio.com.br\/index.php?rest_route=%2Fwp%2Fv2%2Ftags&post=342213"}],"curies":[{"name":"wp","href":"https:\/\/api.w.org\/{rel}","templated":true}]}}