{"id":342210,"date":"2023-06-03T09:00:44","date_gmt":"2023-06-03T12:00:44","guid":{"rendered":"https:\/\/blogdofarnesio.com.br\/?p=342210"},"modified":"2023-06-03T08:26:58","modified_gmt":"2023-06-03T11:26:58","slug":"beneficiarios-do-bolsa-familia-tem-ate-hoje-para-realizarem-a-pesagem-obrigatoria-do-programa","status":"publish","type":"post","link":"https:\/\/blogdofarnesio.com.br\/?p=342210","title":{"rendered":"benefici\u00e1rios do Bolsa Fam\u00edlia t\u00eam at\u00e9 hoje para realizarem a pesagem obrigat\u00f3ria do programa"},"content":{"rendered":"<p>Na noite desta sexta-feira (02), a \u00a0Prefeitura de Juazeiro, atrav\u00e9s da Secretaria de Sa\u00fade (Sesau), in\u00edciou a \u00faltima pesagem dos benefici\u00e1rios do Bolsa Fam\u00edlia. O procedimento \u00e9 obrigat\u00f3rio para meninas e meninos de at\u00e9 sete anos e mulheres de qualquer idade inclu\u00eddas no programa.<\/p>\n<p>A gerente de Assist\u00eancia Nutricional da Sesau, Beatriz Lopes, contou que, durante os primeiros meses deste ano, a Sesau organizou um cronograma para as pesagens, do primeiro ciclo de 2013, em escolas, associa\u00e7\u00f5es e nas Unidades B\u00e1sicas de Sa\u00fade, contudo, cerca de \u00a038% do p\u00fablico alvo ainda n\u00e3o passou pela pesagem. &#8220;Aqueles que n\u00e3o cumprirem com este requisito poder\u00e3o ter o seus benef\u00edcios bloqueados. \u00c9 importante que as pessoas estejam com todos os dados atualizados, vacina\u00e7\u00e3o em dia e as gestantes precisam estar com o pr\u00e9-natal sendo feito regularmente&#8221;, detalhou Beatriz.<\/p>\n<p>A gerente ainda explicou que o programa estabelece dois ciclos de pesagem obrigat\u00f3rios, o primeiro foi de mar\u00e7o a maio e o segundo de setembro a novembro, ou seja, o benefici\u00e1rio precisa passar pela pesagem duas vezes por ano. &#8220;As pessoas que j\u00e1 fizeram a pesagem entre mar\u00e7o e maio n\u00e3o precisam passar pelo procedimento novamente neste s\u00e1bado, apenas quando iniciar o pr\u00f3ximo ciclo de setembro a novembro&#8221;, ressaltou Beatriz.<\/p>\n<p>A benef\u00edciaria Regineide Ribeiro, ficou sabendo do prazo final da pesagem pela agente de sa\u00fade do bairro e aproveitou para regularizar a sua situa\u00e7\u00e3o. &#8220;Com a correria do dia a dia, n\u00e3o consegui vir antes. Cheguei e logo fui atendida, foi r\u00e1pido e tranquilo&#8221;, disse Regineide.<\/p>\n<p>A \u00faltima pesagem do Bolsa Fam\u00edlia acontecer\u00e1 \u00a0 at\u00e9 \u00e0s 14h deste s\u00e1bado (03) na Academia da Sa\u00fade, localizada na Orla 2 da Juazeiro. A equipe da Sesau tamb\u00e9m oferecer\u00e1 testes de glicemia e atualiza\u00e7\u00e3o do Cart\u00e3o SUS.<\/p>\n<p><b>Documentos<br \/>\n<\/b><br \/>\nPara realizar a pesagem, \u00e9 necess\u00e1rio levar RG ou Certid\u00e3o de Nascimento, CPF, Cart\u00e3o SUS, n\u00famero do NIS, comprovante de resid\u00eancia, carteira de vacina\u00e7\u00e3o e cart\u00e3o da gestante.<\/p>\n<div><\/div>\n","protected":false},"excerpt":{"rendered":"<p>Na noite desta sexta-feira (02), a \u00a0Prefeitura de Juazeiro, atrav\u00e9s da Secretaria de Sa\u00fade (Sesau), in\u00edciou a \u00faltima pesagem dos benefici\u00e1rios do Bolsa Fam\u00edlia. O procedimento \u00e9 obrigat\u00f3rio para meninas e meninos de at\u00e9 sete anos e mulheres de qualquer idade inclu\u00eddas no programa. A gerente de Assist\u00eancia Nutricional da Sesau, Beatriz Lopes, contou que, durante os primeiros meses deste ano, a Sesau organizou um cronograma para as pesagens, do primeiro ciclo de 2013, em escolas, associa\u00e7\u00f5es e nas Unidades B\u00e1sicas de Sa\u00fade, contudo, cerca de \u00a038% do p\u00fablico alvo ainda n\u00e3o passou pela pesagem. &#8220;Aqueles que n\u00e3o cumprirem com este requisito poder\u00e3o ter o seus benef\u00edcios bloqueados. \u00c9 importante que as pessoas estejam com todos os dados atualizados, vacina\u00e7\u00e3o&hellip; <\/p>\n","protected":false},"author":2,"featured_media":337353,"comment_status":"open","ping_status":"open","sticky":false,"template":"","format":"standard","meta":{"_acf_changed":false,"footnotes":""},"categories":[22],"tags":[],"class_list":["post-342210","post","type-post","status-publish","format-standard","has-post-thumbnail","hentry","category-acao-social"],"acf":[],"yoast_head":"<!-- This site is optimized with the Yoast SEO plugin v27.4 - https:\/\/yoast.com\/product\/yoast-seo-wordpress\/ -->\n<title>benefici\u00e1rios do Bolsa Fam\u00edlia t\u00eam at\u00e9 hoje para realizarem a pesagem obrigat\u00f3ria do programa - Blog do Farn\u00e9sio<\/title>\n<meta name=\"robots\" content=\"index, follow, max-snippet:-1, max-image-preview:large, max-video-preview:-1\" \/>\n<link rel=\"canonical\" href=\"https:\/\/blogdofarnesio.com.br\/?p=342210\" \/>\n<meta property=\"og:locale\" content=\"pt_BR\" \/>\n<meta property=\"og:type\" content=\"article\" \/>\n<meta property=\"og:title\" content=\"benefici\u00e1rios do Bolsa Fam\u00edlia t\u00eam at\u00e9 hoje para realizarem a pesagem obrigat\u00f3ria do programa - Blog do Farn\u00e9sio\" \/>\n<meta property=\"og:description\" content=\"Na noite desta sexta-feira (02), a \u00a0Prefeitura de Juazeiro, atrav\u00e9s da Secretaria de Sa\u00fade (Sesau), in\u00edciou a \u00faltima pesagem dos benefici\u00e1rios do Bolsa Fam\u00edlia. O procedimento \u00e9 obrigat\u00f3rio para meninas e meninos de at\u00e9 sete anos e mulheres de qualquer idade inclu\u00eddas no programa. A gerente de Assist\u00eancia Nutricional da Sesau, Beatriz Lopes, contou que, durante os primeiros meses deste ano, a Sesau organizou um cronograma para as pesagens, do primeiro ciclo de 2013, em escolas, associa\u00e7\u00f5es e nas Unidades B\u00e1sicas de Sa\u00fade, contudo, cerca de \u00a038% do p\u00fablico alvo ainda n\u00e3o passou pela pesagem. &#8220;Aqueles que n\u00e3o cumprirem com este requisito poder\u00e3o ter o seus benef\u00edcios bloqueados. \u00c9 importante que as pessoas estejam com todos os dados atualizados, vacina\u00e7\u00e3o&hellip;\" \/>\n<meta property=\"og:url\" content=\"https:\/\/blogdofarnesio.com.br\/?p=342210\" \/>\n<meta property=\"og:site_name\" content=\"Blog do Farn\u00e9sio\" \/>\n<meta property=\"article:publisher\" content=\"https:\/\/www.facebook.com\/BlogQuerSaberPolitica\/\" \/>\n<meta property=\"article:author\" content=\"https:\/\/www.facebook.com\/?ref=tn_tnmn\" \/>\n<meta property=\"article:published_time\" content=\"2023-06-03T12:00:44+00:00\" \/>\n<meta property=\"og:image\" content=\"https:\/\/blogdofarnesio.com.br\/wp-content\/uploads\/2023\/04\/pesagem-2-e1680352427103.jpeg\" \/>\n\t<meta property=\"og:image:width\" content=\"600\" \/>\n\t<meta property=\"og:image:height\" content=\"400\" \/>\n\t<meta property=\"og:image:type\" content=\"image\/jpeg\" \/>\n<meta name=\"author\" content=\"Farn\u00e9sio\" \/>\n<meta name=\"twitter:card\" content=\"summary_large_image\" \/>\n<meta name=\"twitter:label1\" content=\"Escrito por\" \/>\n\t<meta name=\"twitter:data1\" content=\"Farn\u00e9sio\" \/>\n\t<meta name=\"twitter:label2\" content=\"Est. tempo de leitura\" \/>\n\t<meta name=\"twitter:data2\" content=\"2 minutos\" \/>\n<script type=\"application\/ld+json\" class=\"yoast-schema-graph\">{\"@context\":\"https:\\\/\\\/schema.org\",\"@graph\":[{\"@type\":\"Article\",\"@id\":\"https:\\\/\\\/blogdofarnesio.com.br\\\/?p=342210#article\",\"isPartOf\":{\"@id\":\"https:\\\/\\\/blogdofarnesio.com.br\\\/?p=342210\"},\"author\":{\"name\":\"Farn\u00e9sio\",\"@id\":\"https:\\\/\\\/blogdofarnesio.com.br\\\/#\\\/schema\\\/person\\\/bb9b23ae3ad0609ce8df7b6c9e76824d\"},\"headline\":\"benefici\u00e1rios do Bolsa Fam\u00edlia t\u00eam at\u00e9 hoje para realizarem a pesagem obrigat\u00f3ria do programa\",\"datePublished\":\"2023-06-03T12:00:44+00:00\",\"mainEntityOfPage\":{\"@id\":\"https:\\\/\\\/blogdofarnesio.com.br\\\/?p=342210\"},\"wordCount\":370,\"commentCount\":0,\"publisher\":{\"@id\":\"https:\\\/\\\/blogdofarnesio.com.br\\\/#organization\"},\"image\":{\"@id\":\"https:\\\/\\\/blogdofarnesio.com.br\\\/?p=342210#primaryimage\"},\"thumbnailUrl\":\"https:\\\/\\\/blogdofarnesio.com.br\\\/wp-content\\\/uploads\\\/2023\\\/04\\\/pesagem-2-e1680352427103.jpeg\",\"articleSection\":[\"A\u00e7\u00e3o Social\"],\"inLanguage\":\"pt-BR\",\"potentialAction\":[{\"@type\":\"CommentAction\",\"name\":\"Comment\",\"target\":[\"https:\\\/\\\/blogdofarnesio.com.br\\\/?p=342210#respond\"]}]},{\"@type\":\"WebPage\",\"@id\":\"https:\\\/\\\/blogdofarnesio.com.br\\\/?p=342210\",\"url\":\"https:\\\/\\\/blogdofarnesio.com.br\\\/?p=342210\",\"name\":\"benefici\u00e1rios do Bolsa Fam\u00edlia t\u00eam at\u00e9 hoje para realizarem a pesagem obrigat\u00f3ria do programa - Blog do Farn\u00e9sio\",\"isPartOf\":{\"@id\":\"https:\\\/\\\/blogdofarnesio.com.br\\\/#website\"},\"primaryImageOfPage\":{\"@id\":\"https:\\\/\\\/blogdofarnesio.com.br\\\/?p=342210#primaryimage\"},\"image\":{\"@id\":\"https:\\\/\\\/blogdofarnesio.com.br\\\/?p=342210#primaryimage\"},\"thumbnailUrl\":\"https:\\\/\\\/blogdofarnesio.com.br\\\/wp-content\\\/uploads\\\/2023\\\/04\\\/pesagem-2-e1680352427103.jpeg\",\"datePublished\":\"2023-06-03T12:00:44+00:00\",\"breadcrumb\":{\"@id\":\"https:\\\/\\\/blogdofarnesio.com.br\\\/?p=342210#breadcrumb\"},\"inLanguage\":\"pt-BR\",\"potentialAction\":[{\"@type\":\"ReadAction\",\"target\":[\"https:\\\/\\\/blogdofarnesio.com.br\\\/?p=342210\"]}]},{\"@type\":\"ImageObject\",\"inLanguage\":\"pt-BR\",\"@id\":\"https:\\\/\\\/blogdofarnesio.com.br\\\/?p=342210#primaryimage\",\"url\":\"https:\\\/\\\/blogdofarnesio.com.br\\\/wp-content\\\/uploads\\\/2023\\\/04\\\/pesagem-2-e1680352427103.jpeg\",\"contentUrl\":\"https:\\\/\\\/blogdofarnesio.com.br\\\/wp-content\\\/uploads\\\/2023\\\/04\\\/pesagem-2-e1680352427103.jpeg\",\"width\":600,\"height\":400},{\"@type\":\"BreadcrumbList\",\"@id\":\"https:\\\/\\\/blogdofarnesio.com.br\\\/?p=342210#breadcrumb\",\"itemListElement\":[{\"@type\":\"ListItem\",\"position\":1,\"name\":\"In\u00edcio\",\"item\":\"https:\\\/\\\/blogdofarnesio.com.br\\\/\"},{\"@type\":\"ListItem\",\"position\":2,\"name\":\"benefici\u00e1rios do Bolsa Fam\u00edlia t\u00eam at\u00e9 hoje para realizarem a pesagem obrigat\u00f3ria do programa\"}]},{\"@type\":\"WebSite\",\"@id\":\"https:\\\/\\\/blogdofarnesio.com.br\\\/#website\",\"url\":\"https:\\\/\\\/blogdofarnesio.com.br\\\/\",\"name\":\"Blog do Farn\u00e9sio\",\"description\":\"Quer Saber Pol\u00edtica?\",\"publisher\":{\"@id\":\"https:\\\/\\\/blogdofarnesio.com.br\\\/#organization\"},\"potentialAction\":[{\"@type\":\"SearchAction\",\"target\":{\"@type\":\"EntryPoint\",\"urlTemplate\":\"https:\\\/\\\/blogdofarnesio.com.br\\\/?s={search_term_string}\"},\"query-input\":{\"@type\":\"PropertyValueSpecification\",\"valueRequired\":true,\"valueName\":\"search_term_string\"}}],\"inLanguage\":\"pt-BR\"},{\"@type\":\"Organization\",\"@id\":\"https:\\\/\\\/blogdofarnesio.com.br\\\/#organization\",\"name\":\"Blog do Farn\u00e9sio\",\"url\":\"https:\\\/\\\/blogdofarnesio.com.br\\\/\",\"logo\":{\"@type\":\"ImageObject\",\"inLanguage\":\"pt-BR\",\"@id\":\"https:\\\/\\\/blogdofarnesio.com.br\\\/#\\\/schema\\\/logo\\\/image\\\/\",\"url\":\"https:\\\/\\\/blogdofarnesio.com.br\\\/wp-content\\\/uploads\\\/2026\\\/03\\\/cropped-logo_new-1.png\",\"contentUrl\":\"https:\\\/\\\/blogdofarnesio.com.br\\\/wp-content\\\/uploads\\\/2026\\\/03\\\/cropped-logo_new-1.png\",\"width\":881,\"height\":685,\"caption\":\"Blog do Farn\u00e9sio\"},\"image\":{\"@id\":\"https:\\\/\\\/blogdofarnesio.com.br\\\/#\\\/schema\\\/logo\\\/image\\\/\"},\"sameAs\":[\"https:\\\/\\\/www.facebook.com\\\/BlogQuerSaberPolitica\\\/\"]},{\"@type\":\"Person\",\"@id\":\"https:\\\/\\\/blogdofarnesio.com.br\\\/#\\\/schema\\\/person\\\/bb9b23ae3ad0609ce8df7b6c9e76824d\",\"name\":\"Farn\u00e9sio\",\"image\":{\"@type\":\"ImageObject\",\"inLanguage\":\"pt-BR\",\"@id\":\"https:\\\/\\\/secure.gravatar.com\\\/avatar\\\/986aa4c61ccdb66f8555bf88fc2a65609d00bcabd4d2d94377a727547345cbca?s=96&d=mm&r=g\",\"url\":\"https:\\\/\\\/secure.gravatar.com\\\/avatar\\\/986aa4c61ccdb66f8555bf88fc2a65609d00bcabd4d2d94377a727547345cbca?s=96&d=mm&r=g\",\"contentUrl\":\"https:\\\/\\\/secure.gravatar.com\\\/avatar\\\/986aa4c61ccdb66f8555bf88fc2a65609d00bcabd4d2d94377a727547345cbca?s=96&d=mm&r=g\",\"caption\":\"Farn\u00e9sio\"},\"description\":\"Radialista blogueiro, chegou a Petrolina\\\/Juazeiro em setembro de 1980, Farn\u00e9sio Silva \u00e9 de Arapiraca-Alagoas.\",\"sameAs\":[\"http:\\\/\\\/blogdofarnesio.com.br\",\"https:\\\/\\\/www.facebook.com\\\/?ref=tn_tnmn\",\"https:\\\/\\\/www.instagram.com\\\/?utm_source=pwa_homescreen\",\"https:\\\/\\\/youtube.com.br\\\/\"],\"url\":\"https:\\\/\\\/blogdofarnesio.com.br\\\/?author=2\"}]}<\/script>\n<!-- \/ Yoast SEO plugin. -->","yoast_head_json":{"title":"benefici\u00e1rios do Bolsa Fam\u00edlia t\u00eam at\u00e9 hoje para realizarem a pesagem obrigat\u00f3ria do programa - Blog do Farn\u00e9sio","robots":{"index":"index","follow":"follow","max-snippet":"max-snippet:-1","max-image-preview":"max-image-preview:large","max-video-preview":"max-video-preview:-1"},"canonical":"https:\/\/blogdofarnesio.com.br\/?p=342210","og_locale":"pt_BR","og_type":"article","og_title":"benefici\u00e1rios do Bolsa Fam\u00edlia t\u00eam at\u00e9 hoje para realizarem a pesagem obrigat\u00f3ria do programa - Blog do Farn\u00e9sio","og_description":"Na noite desta sexta-feira (02), a \u00a0Prefeitura de Juazeiro, atrav\u00e9s da Secretaria de Sa\u00fade (Sesau), in\u00edciou a \u00faltima pesagem dos benefici\u00e1rios do Bolsa Fam\u00edlia. O procedimento \u00e9 obrigat\u00f3rio para meninas e meninos de at\u00e9 sete anos e mulheres de qualquer idade inclu\u00eddas no programa. A gerente de Assist\u00eancia Nutricional da Sesau, Beatriz Lopes, contou que, durante os primeiros meses deste ano, a Sesau organizou um cronograma para as pesagens, do primeiro ciclo de 2013, em escolas, associa\u00e7\u00f5es e nas Unidades B\u00e1sicas de Sa\u00fade, contudo, cerca de \u00a038% do p\u00fablico alvo ainda n\u00e3o passou pela pesagem. &#8220;Aqueles que n\u00e3o cumprirem com este requisito poder\u00e3o ter o seus benef\u00edcios bloqueados. \u00c9 importante que as pessoas estejam com todos os dados atualizados, vacina\u00e7\u00e3o&hellip;","og_url":"https:\/\/blogdofarnesio.com.br\/?p=342210","og_site_name":"Blog do Farn\u00e9sio","article_publisher":"https:\/\/www.facebook.com\/BlogQuerSaberPolitica\/","article_author":"https:\/\/www.facebook.com\/?ref=tn_tnmn","article_published_time":"2023-06-03T12:00:44+00:00","og_image":[{"width":600,"height":400,"url":"https:\/\/blogdofarnesio.com.br\/wp-content\/uploads\/2023\/04\/pesagem-2-e1680352427103.jpeg","type":"image\/jpeg"}],"author":"Farn\u00e9sio","twitter_card":"summary_large_image","twitter_misc":{"Escrito por":"Farn\u00e9sio","Est. tempo de leitura":"2 minutos"},"schema":{"@context":"https:\/\/schema.org","@graph":[{"@type":"Article","@id":"https:\/\/blogdofarnesio.com.br\/?p=342210#article","isPartOf":{"@id":"https:\/\/blogdofarnesio.com.br\/?p=342210"},"author":{"name":"Farn\u00e9sio","@id":"https:\/\/blogdofarnesio.com.br\/#\/schema\/person\/bb9b23ae3ad0609ce8df7b6c9e76824d"},"headline":"benefici\u00e1rios do Bolsa Fam\u00edlia t\u00eam at\u00e9 hoje para realizarem a pesagem obrigat\u00f3ria do programa","datePublished":"2023-06-03T12:00:44+00:00","mainEntityOfPage":{"@id":"https:\/\/blogdofarnesio.com.br\/?p=342210"},"wordCount":370,"commentCount":0,"publisher":{"@id":"https:\/\/blogdofarnesio.com.br\/#organization"},"image":{"@id":"https:\/\/blogdofarnesio.com.br\/?p=342210#primaryimage"},"thumbnailUrl":"https:\/\/blogdofarnesio.com.br\/wp-content\/uploads\/2023\/04\/pesagem-2-e1680352427103.jpeg","articleSection":["A\u00e7\u00e3o Social"],"inLanguage":"pt-BR","potentialAction":[{"@type":"CommentAction","name":"Comment","target":["https:\/\/blogdofarnesio.com.br\/?p=342210#respond"]}]},{"@type":"WebPage","@id":"https:\/\/blogdofarnesio.com.br\/?p=342210","url":"https:\/\/blogdofarnesio.com.br\/?p=342210","name":"benefici\u00e1rios do Bolsa Fam\u00edlia t\u00eam at\u00e9 hoje para realizarem a pesagem obrigat\u00f3ria do programa - Blog do Farn\u00e9sio","isPartOf":{"@id":"https:\/\/blogdofarnesio.com.br\/#website"},"primaryImageOfPage":{"@id":"https:\/\/blogdofarnesio.com.br\/?p=342210#primaryimage"},"image":{"@id":"https:\/\/blogdofarnesio.com.br\/?p=342210#primaryimage"},"thumbnailUrl":"https:\/\/blogdofarnesio.com.br\/wp-content\/uploads\/2023\/04\/pesagem-2-e1680352427103.jpeg","datePublished":"2023-06-03T12:00:44+00:00","breadcrumb":{"@id":"https:\/\/blogdofarnesio.com.br\/?p=342210#breadcrumb"},"inLanguage":"pt-BR","potentialAction":[{"@type":"ReadAction","target":["https:\/\/blogdofarnesio.com.br\/?p=342210"]}]},{"@type":"ImageObject","inLanguage":"pt-BR","@id":"https:\/\/blogdofarnesio.com.br\/?p=342210#primaryimage","url":"https:\/\/blogdofarnesio.com.br\/wp-content\/uploads\/2023\/04\/pesagem-2-e1680352427103.jpeg","contentUrl":"https:\/\/blogdofarnesio.com.br\/wp-content\/uploads\/2023\/04\/pesagem-2-e1680352427103.jpeg","width":600,"height":400},{"@type":"BreadcrumbList","@id":"https:\/\/blogdofarnesio.com.br\/?p=342210#breadcrumb","itemListElement":[{"@type":"ListItem","position":1,"name":"In\u00edcio","item":"https:\/\/blogdofarnesio.com.br\/"},{"@type":"ListItem","position":2,"name":"benefici\u00e1rios do Bolsa Fam\u00edlia t\u00eam at\u00e9 hoje para realizarem a pesagem obrigat\u00f3ria do programa"}]},{"@type":"WebSite","@id":"https:\/\/blogdofarnesio.com.br\/#website","url":"https:\/\/blogdofarnesio.com.br\/","name":"Blog do Farn\u00e9sio","description":"Quer Saber Pol\u00edtica?","publisher":{"@id":"https:\/\/blogdofarnesio.com.br\/#organization"},"potentialAction":[{"@type":"SearchAction","target":{"@type":"EntryPoint","urlTemplate":"https:\/\/blogdofarnesio.com.br\/?s={search_term_string}"},"query-input":{"@type":"PropertyValueSpecification","valueRequired":true,"valueName":"search_term_string"}}],"inLanguage":"pt-BR"},{"@type":"Organization","@id":"https:\/\/blogdofarnesio.com.br\/#organization","name":"Blog do Farn\u00e9sio","url":"https:\/\/blogdofarnesio.com.br\/","logo":{"@type":"ImageObject","inLanguage":"pt-BR","@id":"https:\/\/blogdofarnesio.com.br\/#\/schema\/logo\/image\/","url":"https:\/\/blogdofarnesio.com.br\/wp-content\/uploads\/2026\/03\/cropped-logo_new-1.png","contentUrl":"https:\/\/blogdofarnesio.com.br\/wp-content\/uploads\/2026\/03\/cropped-logo_new-1.png","width":881,"height":685,"caption":"Blog do Farn\u00e9sio"},"image":{"@id":"https:\/\/blogdofarnesio.com.br\/#\/schema\/logo\/image\/"},"sameAs":["https:\/\/www.facebook.com\/BlogQuerSaberPolitica\/"]},{"@type":"Person","@id":"https:\/\/blogdofarnesio.com.br\/#\/schema\/person\/bb9b23ae3ad0609ce8df7b6c9e76824d","name":"Farn\u00e9sio","image":{"@type":"ImageObject","inLanguage":"pt-BR","@id":"https:\/\/secure.gravatar.com\/avatar\/986aa4c61ccdb66f8555bf88fc2a65609d00bcabd4d2d94377a727547345cbca?s=96&d=mm&r=g","url":"https:\/\/secure.gravatar.com\/avatar\/986aa4c61ccdb66f8555bf88fc2a65609d00bcabd4d2d94377a727547345cbca?s=96&d=mm&r=g","contentUrl":"https:\/\/secure.gravatar.com\/avatar\/986aa4c61ccdb66f8555bf88fc2a65609d00bcabd4d2d94377a727547345cbca?s=96&d=mm&r=g","caption":"Farn\u00e9sio"},"description":"Radialista blogueiro, chegou a Petrolina\/Juazeiro em setembro de 1980, Farn\u00e9sio Silva \u00e9 de Arapiraca-Alagoas.","sameAs":["http:\/\/blogdofarnesio.com.br","https:\/\/www.facebook.com\/?ref=tn_tnmn","https:\/\/www.instagram.com\/?utm_source=pwa_homescreen","https:\/\/youtube.com.br\/"],"url":"https:\/\/blogdofarnesio.com.br\/?author=2"}]}},"_links":{"self":[{"href":"https:\/\/blogdofarnesio.com.br\/index.php?rest_route=\/wp\/v2\/posts\/342210","targetHints":{"allow":["GET"]}}],"collection":[{"href":"https:\/\/blogdofarnesio.com.br\/index.php?rest_route=\/wp\/v2\/posts"}],"about":[{"href":"https:\/\/blogdofarnesio.com.br\/index.php?rest_route=\/wp\/v2\/types\/post"}],"author":[{"embeddable":true,"href":"https:\/\/blogdofarnesio.com.br\/index.php?rest_route=\/wp\/v2\/users\/2"}],"replies":[{"embeddable":true,"href":"https:\/\/blogdofarnesio.com.br\/index.php?rest_route=%2Fwp%2Fv2%2Fcomments&post=342210"}],"version-history":[{"count":0,"href":"https:\/\/blogdofarnesio.com.br\/index.php?rest_route=\/wp\/v2\/posts\/342210\/revisions"}],"wp:featuredmedia":[{"embeddable":true,"href":"https:\/\/blogdofarnesio.com.br\/index.php?rest_route=\/wp\/v2\/media\/337353"}],"wp:attachment":[{"href":"https:\/\/blogdofarnesio.com.br\/index.php?rest_route=%2Fwp%2Fv2%2Fmedia&parent=342210"}],"wp:term":[{"taxonomy":"category","embeddable":true,"href":"https:\/\/blogdofarnesio.com.br\/index.php?rest_route=%2Fwp%2Fv2%2Fcategories&post=342210"},{"taxonomy":"post_tag","embeddable":true,"href":"https:\/\/blogdofarnesio.com.br\/index.php?rest_route=%2Fwp%2Fv2%2Ftags&post=342210"}],"curies":[{"name":"wp","href":"https:\/\/api.w.org\/{rel}","templated":true}]}}