{"id":342185,"date":"2023-06-03T12:05:38","date_gmt":"2023-06-03T15:05:38","guid":{"rendered":"https:\/\/blogdofarnesio.com.br\/?p=342185"},"modified":"2023-06-02T18:08:33","modified_gmt":"2023-06-02T21:08:33","slug":"patrulha-animal-prende-em-flagrante-homem-por-maus-tratos-a-animal-em-petrolina","status":"publish","type":"post","link":"https:\/\/blogdofarnesio.com.br\/?p=342185","title":{"rendered":"Patrulha Animal prende em flagrante homem por maus-tratos a animal em Petrolina"},"content":{"rendered":"<p style=\"font-weight: 400;\">Nessa quinta-feira (01), uma equipe da Patrulha Animal, ap\u00f3s den\u00fancia registrada na Ouvidora Municipal, conseguiu prender em flagrante um homem que maltratava um cachorro em sua resid\u00eancia, no bairro Dom Avelar. Ap\u00f3s constata\u00e7\u00e3o das viol\u00eancias pela equipe, onde uma veterin\u00e1ria acompanha o grupo da Patrulha Animal,\u00a0\u00a0e relatos dos vizinhos o suspeito confirmou que agrediu o animal.\u00a0\u00a0O cachorro aprestava machucados em diversas partes do corpo, incluindo a boca.<\/p>\n<p style=\"font-weight: 400;\">\n<p style=\"font-weight: 400;\">O animal \u00e9 um filhote de pitbull, de aproximadamente dois meses. Al\u00e9m dos machucados, o ambiente que estava n\u00e3o tinha higieniza\u00e7\u00e3o. O cachorro foi atendido por um profissional e seu quadro cl\u00ednico de sa\u00fade n\u00e3o apresenta gravidade.<\/p>\n<p style=\"font-weight: 400;\">\n<p style=\"font-weight: 400;\">Para o diretor-presidente da Ag\u00eancia Municipal de Vigil\u00e2ncia Sanit\u00e1ria, Marcelo Gama,\u00a0\u00a0o trabalho da equipe \u00e9 fundamental para exclus\u00e3o de pr\u00e1ticas como essa. \u201cDestaco aqui a import\u00e2ncia da\u00a0\u00a0Patrulha de Prote\u00e7\u00e3o Animal, preparada e atuante, composta por Guardas Civis e uma m\u00e9dica veterin\u00e1ria. Ressalto ainda o trabalho \u00e1gil da Ouvidoria Municipal com as demandas. Nessa quinta-feira nos deparamos com um animal machucado e uma pessoa que assumiu a pr\u00e1tica de maus-tratos. De imediato conduzimos o homem \u00e0 delegacia para que as medidas legais fossem adotadas. Destacamos tamb\u00e9m que o trabalho de cuidado e prote\u00e7\u00e3o aos animais \u00e9 uma\u00a0\u00a0sensibilidade do Prefeito Sim\u00e3o Durando e do Conselho Municipal de Prote\u00e7\u00e3o Animal&#8221;, explicou.<\/p>\n<p style=\"font-weight: 400;\">_________<\/p>\n","protected":false},"excerpt":{"rendered":"<p>Nessa quinta-feira (01), uma equipe da Patrulha Animal, ap\u00f3s den\u00fancia registrada na Ouvidora Municipal, conseguiu prender em flagrante um homem que maltratava um cachorro em sua resid\u00eancia, no bairro Dom Avelar. Ap\u00f3s constata\u00e7\u00e3o das viol\u00eancias pela equipe, onde uma veterin\u00e1ria acompanha o grupo da Patrulha Animal,\u00a0\u00a0e relatos dos vizinhos o suspeito confirmou que agrediu o animal.\u00a0\u00a0O cachorro aprestava machucados em diversas partes do corpo, incluindo a boca. O animal \u00e9 um filhote de pitbull, de aproximadamente dois meses. Al\u00e9m dos machucados, o ambiente que estava n\u00e3o tinha higieniza\u00e7\u00e3o. O cachorro foi atendido por um profissional e seu quadro cl\u00ednico de sa\u00fade n\u00e3o apresenta gravidade. Para o diretor-presidente da Ag\u00eancia Municipal de Vigil\u00e2ncia Sanit\u00e1ria, Marcelo Gama,\u00a0\u00a0o trabalho da equipe \u00e9 fundamental&hellip; <\/p>\n","protected":false},"author":2,"featured_media":342187,"comment_status":"open","ping_status":"open","sticky":false,"template":"","format":"standard","meta":{"_acf_changed":false,"footnotes":""},"categories":[4],"tags":[],"class_list":["post-342185","post","type-post","status-publish","format-standard","has-post-thumbnail","hentry","category-saude"],"acf":[],"yoast_head":"<!-- This site is optimized with the Yoast SEO plugin v27.4 - https:\/\/yoast.com\/product\/yoast-seo-wordpress\/ -->\n<title>Patrulha Animal prende em flagrante homem por maus-tratos a animal em Petrolina - Blog do Farn\u00e9sio<\/title>\n<meta name=\"robots\" content=\"index, follow, max-snippet:-1, max-image-preview:large, max-video-preview:-1\" \/>\n<link rel=\"canonical\" href=\"https:\/\/blogdofarnesio.com.br\/?p=342185\" \/>\n<meta property=\"og:locale\" content=\"pt_BR\" \/>\n<meta property=\"og:type\" content=\"article\" \/>\n<meta property=\"og:title\" content=\"Patrulha Animal prende em flagrante homem por maus-tratos a animal em Petrolina - Blog do Farn\u00e9sio\" \/>\n<meta property=\"og:description\" content=\"Nessa quinta-feira (01), uma equipe da Patrulha Animal, ap\u00f3s den\u00fancia registrada na Ouvidora Municipal, conseguiu prender em flagrante um homem que maltratava um cachorro em sua resid\u00eancia, no bairro Dom Avelar. Ap\u00f3s constata\u00e7\u00e3o das viol\u00eancias pela equipe, onde uma veterin\u00e1ria acompanha o grupo da Patrulha Animal,\u00a0\u00a0e relatos dos vizinhos o suspeito confirmou que agrediu o animal.\u00a0\u00a0O cachorro aprestava machucados em diversas partes do corpo, incluindo a boca. O animal \u00e9 um filhote de pitbull, de aproximadamente dois meses. Al\u00e9m dos machucados, o ambiente que estava n\u00e3o tinha higieniza\u00e7\u00e3o. O cachorro foi atendido por um profissional e seu quadro cl\u00ednico de sa\u00fade n\u00e3o apresenta gravidade. Para o diretor-presidente da Ag\u00eancia Municipal de Vigil\u00e2ncia Sanit\u00e1ria, Marcelo Gama,\u00a0\u00a0o trabalho da equipe \u00e9 fundamental&hellip;\" \/>\n<meta property=\"og:url\" content=\"https:\/\/blogdofarnesio.com.br\/?p=342185\" \/>\n<meta property=\"og:site_name\" content=\"Blog do Farn\u00e9sio\" \/>\n<meta property=\"article:publisher\" content=\"https:\/\/www.facebook.com\/BlogQuerSaberPolitica\/\" \/>\n<meta property=\"article:author\" content=\"https:\/\/www.facebook.com\/?ref=tn_tnmn\" \/>\n<meta property=\"article:published_time\" content=\"2023-06-03T15:05:38+00:00\" \/>\n<meta property=\"og:image\" content=\"https:\/\/blogdofarnesio.com.br\/wp-content\/uploads\/2023\/06\/blogqsp-animal-maustratos-e1685740072860.jpeg\" \/>\n\t<meta property=\"og:image:width\" content=\"650\" \/>\n\t<meta property=\"og:image:height\" content=\"360\" \/>\n\t<meta property=\"og:image:type\" content=\"image\/jpeg\" \/>\n<meta name=\"author\" content=\"Farn\u00e9sio\" \/>\n<meta name=\"twitter:card\" content=\"summary_large_image\" \/>\n<meta name=\"twitter:label1\" content=\"Escrito por\" \/>\n\t<meta name=\"twitter:data1\" content=\"Farn\u00e9sio\" \/>\n\t<meta name=\"twitter:label2\" content=\"Est. tempo de leitura\" \/>\n\t<meta name=\"twitter:data2\" content=\"2 minutos\" \/>\n<script type=\"application\/ld+json\" class=\"yoast-schema-graph\">{\"@context\":\"https:\\\/\\\/schema.org\",\"@graph\":[{\"@type\":\"Article\",\"@id\":\"https:\\\/\\\/blogdofarnesio.com.br\\\/?p=342185#article\",\"isPartOf\":{\"@id\":\"https:\\\/\\\/blogdofarnesio.com.br\\\/?p=342185\"},\"author\":{\"name\":\"Farn\u00e9sio\",\"@id\":\"https:\\\/\\\/blogdofarnesio.com.br\\\/#\\\/schema\\\/person\\\/bb9b23ae3ad0609ce8df7b6c9e76824d\"},\"headline\":\"Patrulha Animal prende em flagrante homem por maus-tratos a animal em Petrolina\",\"datePublished\":\"2023-06-03T15:05:38+00:00\",\"mainEntityOfPage\":{\"@id\":\"https:\\\/\\\/blogdofarnesio.com.br\\\/?p=342185\"},\"wordCount\":251,\"commentCount\":0,\"publisher\":{\"@id\":\"https:\\\/\\\/blogdofarnesio.com.br\\\/#organization\"},\"image\":{\"@id\":\"https:\\\/\\\/blogdofarnesio.com.br\\\/?p=342185#primaryimage\"},\"thumbnailUrl\":\"https:\\\/\\\/blogdofarnesio.com.br\\\/wp-content\\\/uploads\\\/2023\\\/06\\\/blogqsp-animal-maustratos-e1685740072860.jpeg\",\"articleSection\":[\"Sa\u00fade\"],\"inLanguage\":\"pt-BR\",\"potentialAction\":[{\"@type\":\"CommentAction\",\"name\":\"Comment\",\"target\":[\"https:\\\/\\\/blogdofarnesio.com.br\\\/?p=342185#respond\"]}]},{\"@type\":\"WebPage\",\"@id\":\"https:\\\/\\\/blogdofarnesio.com.br\\\/?p=342185\",\"url\":\"https:\\\/\\\/blogdofarnesio.com.br\\\/?p=342185\",\"name\":\"Patrulha Animal prende em flagrante homem por maus-tratos a animal em Petrolina - Blog do Farn\u00e9sio\",\"isPartOf\":{\"@id\":\"https:\\\/\\\/blogdofarnesio.com.br\\\/#website\"},\"primaryImageOfPage\":{\"@id\":\"https:\\\/\\\/blogdofarnesio.com.br\\\/?p=342185#primaryimage\"},\"image\":{\"@id\":\"https:\\\/\\\/blogdofarnesio.com.br\\\/?p=342185#primaryimage\"},\"thumbnailUrl\":\"https:\\\/\\\/blogdofarnesio.com.br\\\/wp-content\\\/uploads\\\/2023\\\/06\\\/blogqsp-animal-maustratos-e1685740072860.jpeg\",\"datePublished\":\"2023-06-03T15:05:38+00:00\",\"breadcrumb\":{\"@id\":\"https:\\\/\\\/blogdofarnesio.com.br\\\/?p=342185#breadcrumb\"},\"inLanguage\":\"pt-BR\",\"potentialAction\":[{\"@type\":\"ReadAction\",\"target\":[\"https:\\\/\\\/blogdofarnesio.com.br\\\/?p=342185\"]}]},{\"@type\":\"ImageObject\",\"inLanguage\":\"pt-BR\",\"@id\":\"https:\\\/\\\/blogdofarnesio.com.br\\\/?p=342185#primaryimage\",\"url\":\"https:\\\/\\\/blogdofarnesio.com.br\\\/wp-content\\\/uploads\\\/2023\\\/06\\\/blogqsp-animal-maustratos-e1685740072860.jpeg\",\"contentUrl\":\"https:\\\/\\\/blogdofarnesio.com.br\\\/wp-content\\\/uploads\\\/2023\\\/06\\\/blogqsp-animal-maustratos-e1685740072860.jpeg\",\"width\":650,\"height\":360},{\"@type\":\"BreadcrumbList\",\"@id\":\"https:\\\/\\\/blogdofarnesio.com.br\\\/?p=342185#breadcrumb\",\"itemListElement\":[{\"@type\":\"ListItem\",\"position\":1,\"name\":\"In\u00edcio\",\"item\":\"https:\\\/\\\/blogdofarnesio.com.br\\\/\"},{\"@type\":\"ListItem\",\"position\":2,\"name\":\"Patrulha Animal prende em flagrante homem por maus-tratos a animal em Petrolina\"}]},{\"@type\":\"WebSite\",\"@id\":\"https:\\\/\\\/blogdofarnesio.com.br\\\/#website\",\"url\":\"https:\\\/\\\/blogdofarnesio.com.br\\\/\",\"name\":\"Blog do Farn\u00e9sio\",\"description\":\"Quer Saber Pol\u00edtica?\",\"publisher\":{\"@id\":\"https:\\\/\\\/blogdofarnesio.com.br\\\/#organization\"},\"potentialAction\":[{\"@type\":\"SearchAction\",\"target\":{\"@type\":\"EntryPoint\",\"urlTemplate\":\"https:\\\/\\\/blogdofarnesio.com.br\\\/?s={search_term_string}\"},\"query-input\":{\"@type\":\"PropertyValueSpecification\",\"valueRequired\":true,\"valueName\":\"search_term_string\"}}],\"inLanguage\":\"pt-BR\"},{\"@type\":\"Organization\",\"@id\":\"https:\\\/\\\/blogdofarnesio.com.br\\\/#organization\",\"name\":\"Blog do Farn\u00e9sio\",\"url\":\"https:\\\/\\\/blogdofarnesio.com.br\\\/\",\"logo\":{\"@type\":\"ImageObject\",\"inLanguage\":\"pt-BR\",\"@id\":\"https:\\\/\\\/blogdofarnesio.com.br\\\/#\\\/schema\\\/logo\\\/image\\\/\",\"url\":\"https:\\\/\\\/blogdofarnesio.com.br\\\/wp-content\\\/uploads\\\/2026\\\/03\\\/cropped-logo_new-1.png\",\"contentUrl\":\"https:\\\/\\\/blogdofarnesio.com.br\\\/wp-content\\\/uploads\\\/2026\\\/03\\\/cropped-logo_new-1.png\",\"width\":881,\"height\":685,\"caption\":\"Blog do Farn\u00e9sio\"},\"image\":{\"@id\":\"https:\\\/\\\/blogdofarnesio.com.br\\\/#\\\/schema\\\/logo\\\/image\\\/\"},\"sameAs\":[\"https:\\\/\\\/www.facebook.com\\\/BlogQuerSaberPolitica\\\/\"]},{\"@type\":\"Person\",\"@id\":\"https:\\\/\\\/blogdofarnesio.com.br\\\/#\\\/schema\\\/person\\\/bb9b23ae3ad0609ce8df7b6c9e76824d\",\"name\":\"Farn\u00e9sio\",\"image\":{\"@type\":\"ImageObject\",\"inLanguage\":\"pt-BR\",\"@id\":\"https:\\\/\\\/secure.gravatar.com\\\/avatar\\\/986aa4c61ccdb66f8555bf88fc2a65609d00bcabd4d2d94377a727547345cbca?s=96&d=mm&r=g\",\"url\":\"https:\\\/\\\/secure.gravatar.com\\\/avatar\\\/986aa4c61ccdb66f8555bf88fc2a65609d00bcabd4d2d94377a727547345cbca?s=96&d=mm&r=g\",\"contentUrl\":\"https:\\\/\\\/secure.gravatar.com\\\/avatar\\\/986aa4c61ccdb66f8555bf88fc2a65609d00bcabd4d2d94377a727547345cbca?s=96&d=mm&r=g\",\"caption\":\"Farn\u00e9sio\"},\"description\":\"Radialista blogueiro, chegou a Petrolina\\\/Juazeiro em setembro de 1980, Farn\u00e9sio Silva \u00e9 de Arapiraca-Alagoas.\",\"sameAs\":[\"http:\\\/\\\/blogdofarnesio.com.br\",\"https:\\\/\\\/www.facebook.com\\\/?ref=tn_tnmn\",\"https:\\\/\\\/www.instagram.com\\\/?utm_source=pwa_homescreen\",\"https:\\\/\\\/youtube.com.br\\\/\"],\"url\":\"https:\\\/\\\/blogdofarnesio.com.br\\\/?author=2\"}]}<\/script>\n<!-- \/ Yoast SEO plugin. -->","yoast_head_json":{"title":"Patrulha Animal prende em flagrante homem por maus-tratos a animal em Petrolina - Blog do Farn\u00e9sio","robots":{"index":"index","follow":"follow","max-snippet":"max-snippet:-1","max-image-preview":"max-image-preview:large","max-video-preview":"max-video-preview:-1"},"canonical":"https:\/\/blogdofarnesio.com.br\/?p=342185","og_locale":"pt_BR","og_type":"article","og_title":"Patrulha Animal prende em flagrante homem por maus-tratos a animal em Petrolina - Blog do Farn\u00e9sio","og_description":"Nessa quinta-feira (01), uma equipe da Patrulha Animal, ap\u00f3s den\u00fancia registrada na Ouvidora Municipal, conseguiu prender em flagrante um homem que maltratava um cachorro em sua resid\u00eancia, no bairro Dom Avelar. Ap\u00f3s constata\u00e7\u00e3o das viol\u00eancias pela equipe, onde uma veterin\u00e1ria acompanha o grupo da Patrulha Animal,\u00a0\u00a0e relatos dos vizinhos o suspeito confirmou que agrediu o animal.\u00a0\u00a0O cachorro aprestava machucados em diversas partes do corpo, incluindo a boca. O animal \u00e9 um filhote de pitbull, de aproximadamente dois meses. Al\u00e9m dos machucados, o ambiente que estava n\u00e3o tinha higieniza\u00e7\u00e3o. O cachorro foi atendido por um profissional e seu quadro cl\u00ednico de sa\u00fade n\u00e3o apresenta gravidade. Para o diretor-presidente da Ag\u00eancia Municipal de Vigil\u00e2ncia Sanit\u00e1ria, Marcelo Gama,\u00a0\u00a0o trabalho da equipe \u00e9 fundamental&hellip;","og_url":"https:\/\/blogdofarnesio.com.br\/?p=342185","og_site_name":"Blog do Farn\u00e9sio","article_publisher":"https:\/\/www.facebook.com\/BlogQuerSaberPolitica\/","article_author":"https:\/\/www.facebook.com\/?ref=tn_tnmn","article_published_time":"2023-06-03T15:05:38+00:00","og_image":[{"width":650,"height":360,"url":"https:\/\/blogdofarnesio.com.br\/wp-content\/uploads\/2023\/06\/blogqsp-animal-maustratos-e1685740072860.jpeg","type":"image\/jpeg"}],"author":"Farn\u00e9sio","twitter_card":"summary_large_image","twitter_misc":{"Escrito por":"Farn\u00e9sio","Est. tempo de leitura":"2 minutos"},"schema":{"@context":"https:\/\/schema.org","@graph":[{"@type":"Article","@id":"https:\/\/blogdofarnesio.com.br\/?p=342185#article","isPartOf":{"@id":"https:\/\/blogdofarnesio.com.br\/?p=342185"},"author":{"name":"Farn\u00e9sio","@id":"https:\/\/blogdofarnesio.com.br\/#\/schema\/person\/bb9b23ae3ad0609ce8df7b6c9e76824d"},"headline":"Patrulha Animal prende em flagrante homem por maus-tratos a animal em Petrolina","datePublished":"2023-06-03T15:05:38+00:00","mainEntityOfPage":{"@id":"https:\/\/blogdofarnesio.com.br\/?p=342185"},"wordCount":251,"commentCount":0,"publisher":{"@id":"https:\/\/blogdofarnesio.com.br\/#organization"},"image":{"@id":"https:\/\/blogdofarnesio.com.br\/?p=342185#primaryimage"},"thumbnailUrl":"https:\/\/blogdofarnesio.com.br\/wp-content\/uploads\/2023\/06\/blogqsp-animal-maustratos-e1685740072860.jpeg","articleSection":["Sa\u00fade"],"inLanguage":"pt-BR","potentialAction":[{"@type":"CommentAction","name":"Comment","target":["https:\/\/blogdofarnesio.com.br\/?p=342185#respond"]}]},{"@type":"WebPage","@id":"https:\/\/blogdofarnesio.com.br\/?p=342185","url":"https:\/\/blogdofarnesio.com.br\/?p=342185","name":"Patrulha Animal prende em flagrante homem por maus-tratos a animal em Petrolina - Blog do Farn\u00e9sio","isPartOf":{"@id":"https:\/\/blogdofarnesio.com.br\/#website"},"primaryImageOfPage":{"@id":"https:\/\/blogdofarnesio.com.br\/?p=342185#primaryimage"},"image":{"@id":"https:\/\/blogdofarnesio.com.br\/?p=342185#primaryimage"},"thumbnailUrl":"https:\/\/blogdofarnesio.com.br\/wp-content\/uploads\/2023\/06\/blogqsp-animal-maustratos-e1685740072860.jpeg","datePublished":"2023-06-03T15:05:38+00:00","breadcrumb":{"@id":"https:\/\/blogdofarnesio.com.br\/?p=342185#breadcrumb"},"inLanguage":"pt-BR","potentialAction":[{"@type":"ReadAction","target":["https:\/\/blogdofarnesio.com.br\/?p=342185"]}]},{"@type":"ImageObject","inLanguage":"pt-BR","@id":"https:\/\/blogdofarnesio.com.br\/?p=342185#primaryimage","url":"https:\/\/blogdofarnesio.com.br\/wp-content\/uploads\/2023\/06\/blogqsp-animal-maustratos-e1685740072860.jpeg","contentUrl":"https:\/\/blogdofarnesio.com.br\/wp-content\/uploads\/2023\/06\/blogqsp-animal-maustratos-e1685740072860.jpeg","width":650,"height":360},{"@type":"BreadcrumbList","@id":"https:\/\/blogdofarnesio.com.br\/?p=342185#breadcrumb","itemListElement":[{"@type":"ListItem","position":1,"name":"In\u00edcio","item":"https:\/\/blogdofarnesio.com.br\/"},{"@type":"ListItem","position":2,"name":"Patrulha Animal prende em flagrante homem por maus-tratos a animal em Petrolina"}]},{"@type":"WebSite","@id":"https:\/\/blogdofarnesio.com.br\/#website","url":"https:\/\/blogdofarnesio.com.br\/","name":"Blog do Farn\u00e9sio","description":"Quer Saber Pol\u00edtica?","publisher":{"@id":"https:\/\/blogdofarnesio.com.br\/#organization"},"potentialAction":[{"@type":"SearchAction","target":{"@type":"EntryPoint","urlTemplate":"https:\/\/blogdofarnesio.com.br\/?s={search_term_string}"},"query-input":{"@type":"PropertyValueSpecification","valueRequired":true,"valueName":"search_term_string"}}],"inLanguage":"pt-BR"},{"@type":"Organization","@id":"https:\/\/blogdofarnesio.com.br\/#organization","name":"Blog do Farn\u00e9sio","url":"https:\/\/blogdofarnesio.com.br\/","logo":{"@type":"ImageObject","inLanguage":"pt-BR","@id":"https:\/\/blogdofarnesio.com.br\/#\/schema\/logo\/image\/","url":"https:\/\/blogdofarnesio.com.br\/wp-content\/uploads\/2026\/03\/cropped-logo_new-1.png","contentUrl":"https:\/\/blogdofarnesio.com.br\/wp-content\/uploads\/2026\/03\/cropped-logo_new-1.png","width":881,"height":685,"caption":"Blog do Farn\u00e9sio"},"image":{"@id":"https:\/\/blogdofarnesio.com.br\/#\/schema\/logo\/image\/"},"sameAs":["https:\/\/www.facebook.com\/BlogQuerSaberPolitica\/"]},{"@type":"Person","@id":"https:\/\/blogdofarnesio.com.br\/#\/schema\/person\/bb9b23ae3ad0609ce8df7b6c9e76824d","name":"Farn\u00e9sio","image":{"@type":"ImageObject","inLanguage":"pt-BR","@id":"https:\/\/secure.gravatar.com\/avatar\/986aa4c61ccdb66f8555bf88fc2a65609d00bcabd4d2d94377a727547345cbca?s=96&d=mm&r=g","url":"https:\/\/secure.gravatar.com\/avatar\/986aa4c61ccdb66f8555bf88fc2a65609d00bcabd4d2d94377a727547345cbca?s=96&d=mm&r=g","contentUrl":"https:\/\/secure.gravatar.com\/avatar\/986aa4c61ccdb66f8555bf88fc2a65609d00bcabd4d2d94377a727547345cbca?s=96&d=mm&r=g","caption":"Farn\u00e9sio"},"description":"Radialista blogueiro, chegou a Petrolina\/Juazeiro em setembro de 1980, Farn\u00e9sio Silva \u00e9 de Arapiraca-Alagoas.","sameAs":["http:\/\/blogdofarnesio.com.br","https:\/\/www.facebook.com\/?ref=tn_tnmn","https:\/\/www.instagram.com\/?utm_source=pwa_homescreen","https:\/\/youtube.com.br\/"],"url":"https:\/\/blogdofarnesio.com.br\/?author=2"}]}},"_links":{"self":[{"href":"https:\/\/blogdofarnesio.com.br\/index.php?rest_route=\/wp\/v2\/posts\/342185","targetHints":{"allow":["GET"]}}],"collection":[{"href":"https:\/\/blogdofarnesio.com.br\/index.php?rest_route=\/wp\/v2\/posts"}],"about":[{"href":"https:\/\/blogdofarnesio.com.br\/index.php?rest_route=\/wp\/v2\/types\/post"}],"author":[{"embeddable":true,"href":"https:\/\/blogdofarnesio.com.br\/index.php?rest_route=\/wp\/v2\/users\/2"}],"replies":[{"embeddable":true,"href":"https:\/\/blogdofarnesio.com.br\/index.php?rest_route=%2Fwp%2Fv2%2Fcomments&post=342185"}],"version-history":[{"count":0,"href":"https:\/\/blogdofarnesio.com.br\/index.php?rest_route=\/wp\/v2\/posts\/342185\/revisions"}],"wp:featuredmedia":[{"embeddable":true,"href":"https:\/\/blogdofarnesio.com.br\/index.php?rest_route=\/wp\/v2\/media\/342187"}],"wp:attachment":[{"href":"https:\/\/blogdofarnesio.com.br\/index.php?rest_route=%2Fwp%2Fv2%2Fmedia&parent=342185"}],"wp:term":[{"taxonomy":"category","embeddable":true,"href":"https:\/\/blogdofarnesio.com.br\/index.php?rest_route=%2Fwp%2Fv2%2Fcategories&post=342185"},{"taxonomy":"post_tag","embeddable":true,"href":"https:\/\/blogdofarnesio.com.br\/index.php?rest_route=%2Fwp%2Fv2%2Ftags&post=342185"}],"curies":[{"name":"wp","href":"https:\/\/api.w.org\/{rel}","templated":true}]}}