{"id":342178,"date":"2023-06-04T09:00:54","date_gmt":"2023-06-04T12:00:54","guid":{"rendered":"https:\/\/blogdofarnesio.com.br\/?p=342178"},"modified":"2023-06-03T17:22:26","modified_gmt":"2023-06-03T20:22:26","slug":"professores-de-petrolina-sao-selecionados-para-participar-do-projeto-camara-mirim-em-brasilia","status":"publish","type":"post","link":"https:\/\/blogdofarnesio.com.br\/?p=342178","title":{"rendered":"Professores de Petrolina s\u00e3o selecionados para participar do projeto C\u00e2mara Mirim em Bras\u00edlia"},"content":{"rendered":"<p style=\"font-weight: 400;\">A Educa\u00e7\u00e3o de Petrolina vive seu melhor momento, com uma s\u00e9rie de boas not\u00edcias que colocam a Rede Municipal de Ensino sempre em evid\u00eancia.\u00a0\u00a0Desta vez, o destaque vai para os professores de L\u00edngua Portuguesa, Rafaela Cristina Barbosa e Jos\u00e9 Eduardo Moreira, que fazem parte do Programa Ensina Brasil e que atuam nas Escolas Municipais Santa Terezinha, no Dom Avelar, e Nossa Senhora Rainha dos Anjos (CAIC), na Cohab Massangano.<\/p>\n<p style=\"font-weight: 400;\">Os docentes foram selecionados, entre as dezenas de reda\u00e7\u00f5es inscritas nacionalmente, para ir a Bras\u00edlia com suas turmas e participar da 18\u00aa edi\u00e7\u00e3o do programa C\u00e2mara Mirim, que acontece nos dias 19 e 20 de outubro, na C\u00e2mara de Deputados, em Bras\u00edlia.<\/p>\n<p style=\"font-weight: 400;\">A reda\u00e7\u00e3o teve como tema: \u201cComo a educa\u00e7\u00e3o para a democracia pode colaborar para que atos violentos como os de 8 de janeiro n\u00e3o aconte\u00e7am mais?\u201d. O programa C\u00e2mara Mirim \u00e9 promovido pelo Plen\u00e1rio da C\u00e2mara dos Deputados e visa incentivar a participa\u00e7\u00e3o pol\u00edtica e cidad\u00e3 de crian\u00e7as e adolescentes do 6\u00b0 ao 9\u00b0 dos anos finais do Ensino Fundamental, de todo o Brasil, proporcionando-lhes a oportunidade de elaborar projetos de lei e discuti-los em um ambiente simulado do Congresso Nacional.<\/p>\n<p style=\"font-weight: 400;\">O pr\u00f3ximo passo agora \u00e9 os professores selecionados prepararem seus estudantes, para as atividades do C\u00e2mara Mirim, que correspondem a desenvolver as atividades propostas na Cartilha do projeto; incentiv\u00e1-los a elaborar e enviar projetos de lei; discutir com a turma os tr\u00eas projetos de lei selecionados para serem apreciados na edi\u00e7\u00e3o 2023 e preparar os discentes para um debate construtivo e respeitoso de ideias, salientando que n\u00e3o se trata de competi\u00e7\u00e3o entre projetos de lei, mas da constru\u00e7\u00e3o coletiva de propostas que possam melhorar o pa\u00eds, conforme o regulamento do programa.<\/p>\n<p style=\"font-weight: 400;\">&#8220;Acreditamos que a participa\u00e7\u00e3o dos estudantes nesse programa de educa\u00e7\u00e3o pol\u00edtica \u00e9 de grande relev\u00e2ncia para o desenvolvimento de habilidades cidad\u00e3s e o fortalecimento da participa\u00e7\u00e3o democr\u00e1tica em nossa cidade. Al\u00e9m do que, a a\u00e7\u00e3o est\u00e1 em conson\u00e2ncia com os projetos incentivados pela Secretaria Municipal de Educa\u00e7\u00e3o como Projeto Petrolina L\u00ea mais e Escreve Mais. Orgulho da Educa\u00e7\u00e3o de Petrolina, principalmente diante do grande incentivo do prefeito Sim\u00e3o Durando&#8221;, destacou a educadora Rafaela Barbosa.<\/p>\n","protected":false},"excerpt":{"rendered":"<p>A Educa\u00e7\u00e3o de Petrolina vive seu melhor momento, com uma s\u00e9rie de boas not\u00edcias que colocam a Rede Municipal de Ensino sempre em evid\u00eancia.\u00a0\u00a0Desta vez, o destaque vai para os professores de L\u00edngua Portuguesa, Rafaela Cristina Barbosa e Jos\u00e9 Eduardo Moreira, que fazem parte do Programa Ensina Brasil e que atuam nas Escolas Municipais Santa Terezinha, no Dom Avelar, e Nossa Senhora Rainha dos Anjos (CAIC), na Cohab Massangano. Os docentes foram selecionados, entre as dezenas de reda\u00e7\u00f5es inscritas nacionalmente, para ir a Bras\u00edlia com suas turmas e participar da 18\u00aa edi\u00e7\u00e3o do programa C\u00e2mara Mirim, que acontece nos dias 19 e 20 de outubro, na C\u00e2mara de Deputados, em Bras\u00edlia. A reda\u00e7\u00e3o teve como tema: \u201cComo a educa\u00e7\u00e3o para&hellip; <\/p>\n","protected":false},"author":2,"featured_media":342203,"comment_status":"open","ping_status":"open","sticky":false,"template":"","format":"standard","meta":{"_acf_changed":false,"footnotes":""},"categories":[43],"tags":[],"class_list":["post-342178","post","type-post","status-publish","format-standard","has-post-thumbnail","hentry","category-sem-categoria"],"acf":[],"yoast_head":"<!-- This site is optimized with the Yoast SEO plugin v27.4 - https:\/\/yoast.com\/product\/yoast-seo-wordpress\/ -->\n<title>Professores de Petrolina s\u00e3o selecionados para participar do projeto C\u00e2mara Mirim em Bras\u00edlia - Blog do Farn\u00e9sio<\/title>\n<meta name=\"robots\" content=\"index, follow, max-snippet:-1, max-image-preview:large, max-video-preview:-1\" \/>\n<link rel=\"canonical\" href=\"https:\/\/blogdofarnesio.com.br\/?p=342178\" \/>\n<meta property=\"og:locale\" content=\"pt_BR\" \/>\n<meta property=\"og:type\" content=\"article\" \/>\n<meta property=\"og:title\" content=\"Professores de Petrolina s\u00e3o selecionados para participar do projeto C\u00e2mara Mirim em Bras\u00edlia - Blog do Farn\u00e9sio\" \/>\n<meta property=\"og:description\" content=\"A Educa\u00e7\u00e3o de Petrolina vive seu melhor momento, com uma s\u00e9rie de boas not\u00edcias que colocam a Rede Municipal de Ensino sempre em evid\u00eancia.\u00a0\u00a0Desta vez, o destaque vai para os professores de L\u00edngua Portuguesa, Rafaela Cristina Barbosa e Jos\u00e9 Eduardo Moreira, que fazem parte do Programa Ensina Brasil e que atuam nas Escolas Municipais Santa Terezinha, no Dom Avelar, e Nossa Senhora Rainha dos Anjos (CAIC), na Cohab Massangano. Os docentes foram selecionados, entre as dezenas de reda\u00e7\u00f5es inscritas nacionalmente, para ir a Bras\u00edlia com suas turmas e participar da 18\u00aa edi\u00e7\u00e3o do programa C\u00e2mara Mirim, que acontece nos dias 19 e 20 de outubro, na C\u00e2mara de Deputados, em Bras\u00edlia. A reda\u00e7\u00e3o teve como tema: \u201cComo a educa\u00e7\u00e3o para&hellip;\" \/>\n<meta property=\"og:url\" content=\"https:\/\/blogdofarnesio.com.br\/?p=342178\" \/>\n<meta property=\"og:site_name\" content=\"Blog do Farn\u00e9sio\" \/>\n<meta property=\"article:publisher\" content=\"https:\/\/www.facebook.com\/BlogQuerSaberPolitica\/\" \/>\n<meta property=\"article:author\" content=\"https:\/\/www.facebook.com\/?ref=tn_tnmn\" \/>\n<meta property=\"article:published_time\" content=\"2023-06-04T12:00:54+00:00\" \/>\n<meta property=\"og:image\" content=\"https:\/\/blogdofarnesio.com.br\/wp-content\/uploads\/2023\/06\/professor-ensina-Brasil-e1685742838185.jpeg\" \/>\n\t<meta property=\"og:image:width\" content=\"624\" \/>\n\t<meta property=\"og:image:height\" content=\"344\" \/>\n\t<meta property=\"og:image:type\" content=\"image\/jpeg\" \/>\n<meta name=\"author\" content=\"Farn\u00e9sio\" \/>\n<meta name=\"twitter:card\" content=\"summary_large_image\" \/>\n<meta name=\"twitter:label1\" content=\"Escrito por\" \/>\n\t<meta name=\"twitter:data1\" content=\"Farn\u00e9sio\" \/>\n\t<meta name=\"twitter:label2\" content=\"Est. tempo de leitura\" \/>\n\t<meta name=\"twitter:data2\" content=\"2 minutos\" \/>\n<script type=\"application\/ld+json\" class=\"yoast-schema-graph\">{\"@context\":\"https:\\\/\\\/schema.org\",\"@graph\":[{\"@type\":\"Article\",\"@id\":\"https:\\\/\\\/blogdofarnesio.com.br\\\/?p=342178#article\",\"isPartOf\":{\"@id\":\"https:\\\/\\\/blogdofarnesio.com.br\\\/?p=342178\"},\"author\":{\"name\":\"Farn\u00e9sio\",\"@id\":\"https:\\\/\\\/blogdofarnesio.com.br\\\/#\\\/schema\\\/person\\\/bb9b23ae3ad0609ce8df7b6c9e76824d\"},\"headline\":\"Professores de Petrolina s\u00e3o selecionados para participar do projeto C\u00e2mara Mirim em Bras\u00edlia\",\"datePublished\":\"2023-06-04T12:00:54+00:00\",\"mainEntityOfPage\":{\"@id\":\"https:\\\/\\\/blogdofarnesio.com.br\\\/?p=342178\"},\"wordCount\":407,\"commentCount\":0,\"publisher\":{\"@id\":\"https:\\\/\\\/blogdofarnesio.com.br\\\/#organization\"},\"image\":{\"@id\":\"https:\\\/\\\/blogdofarnesio.com.br\\\/?p=342178#primaryimage\"},\"thumbnailUrl\":\"https:\\\/\\\/blogdofarnesio.com.br\\\/wp-content\\\/uploads\\\/2023\\\/06\\\/professor-ensina-Brasil-e1685742838185.jpeg\",\"inLanguage\":\"pt-BR\",\"potentialAction\":[{\"@type\":\"CommentAction\",\"name\":\"Comment\",\"target\":[\"https:\\\/\\\/blogdofarnesio.com.br\\\/?p=342178#respond\"]}]},{\"@type\":\"WebPage\",\"@id\":\"https:\\\/\\\/blogdofarnesio.com.br\\\/?p=342178\",\"url\":\"https:\\\/\\\/blogdofarnesio.com.br\\\/?p=342178\",\"name\":\"Professores de Petrolina s\u00e3o selecionados para participar do projeto C\u00e2mara Mirim em Bras\u00edlia - Blog do Farn\u00e9sio\",\"isPartOf\":{\"@id\":\"https:\\\/\\\/blogdofarnesio.com.br\\\/#website\"},\"primaryImageOfPage\":{\"@id\":\"https:\\\/\\\/blogdofarnesio.com.br\\\/?p=342178#primaryimage\"},\"image\":{\"@id\":\"https:\\\/\\\/blogdofarnesio.com.br\\\/?p=342178#primaryimage\"},\"thumbnailUrl\":\"https:\\\/\\\/blogdofarnesio.com.br\\\/wp-content\\\/uploads\\\/2023\\\/06\\\/professor-ensina-Brasil-e1685742838185.jpeg\",\"datePublished\":\"2023-06-04T12:00:54+00:00\",\"breadcrumb\":{\"@id\":\"https:\\\/\\\/blogdofarnesio.com.br\\\/?p=342178#breadcrumb\"},\"inLanguage\":\"pt-BR\",\"potentialAction\":[{\"@type\":\"ReadAction\",\"target\":[\"https:\\\/\\\/blogdofarnesio.com.br\\\/?p=342178\"]}]},{\"@type\":\"ImageObject\",\"inLanguage\":\"pt-BR\",\"@id\":\"https:\\\/\\\/blogdofarnesio.com.br\\\/?p=342178#primaryimage\",\"url\":\"https:\\\/\\\/blogdofarnesio.com.br\\\/wp-content\\\/uploads\\\/2023\\\/06\\\/professor-ensina-Brasil-e1685742838185.jpeg\",\"contentUrl\":\"https:\\\/\\\/blogdofarnesio.com.br\\\/wp-content\\\/uploads\\\/2023\\\/06\\\/professor-ensina-Brasil-e1685742838185.jpeg\",\"width\":624,\"height\":344},{\"@type\":\"BreadcrumbList\",\"@id\":\"https:\\\/\\\/blogdofarnesio.com.br\\\/?p=342178#breadcrumb\",\"itemListElement\":[{\"@type\":\"ListItem\",\"position\":1,\"name\":\"In\u00edcio\",\"item\":\"https:\\\/\\\/blogdofarnesio.com.br\\\/\"},{\"@type\":\"ListItem\",\"position\":2,\"name\":\"Professores de Petrolina s\u00e3o selecionados para participar do projeto C\u00e2mara Mirim em Bras\u00edlia\"}]},{\"@type\":\"WebSite\",\"@id\":\"https:\\\/\\\/blogdofarnesio.com.br\\\/#website\",\"url\":\"https:\\\/\\\/blogdofarnesio.com.br\\\/\",\"name\":\"Blog do Farn\u00e9sio\",\"description\":\"Quer Saber Pol\u00edtica?\",\"publisher\":{\"@id\":\"https:\\\/\\\/blogdofarnesio.com.br\\\/#organization\"},\"potentialAction\":[{\"@type\":\"SearchAction\",\"target\":{\"@type\":\"EntryPoint\",\"urlTemplate\":\"https:\\\/\\\/blogdofarnesio.com.br\\\/?s={search_term_string}\"},\"query-input\":{\"@type\":\"PropertyValueSpecification\",\"valueRequired\":true,\"valueName\":\"search_term_string\"}}],\"inLanguage\":\"pt-BR\"},{\"@type\":\"Organization\",\"@id\":\"https:\\\/\\\/blogdofarnesio.com.br\\\/#organization\",\"name\":\"Blog do Farn\u00e9sio\",\"url\":\"https:\\\/\\\/blogdofarnesio.com.br\\\/\",\"logo\":{\"@type\":\"ImageObject\",\"inLanguage\":\"pt-BR\",\"@id\":\"https:\\\/\\\/blogdofarnesio.com.br\\\/#\\\/schema\\\/logo\\\/image\\\/\",\"url\":\"https:\\\/\\\/blogdofarnesio.com.br\\\/wp-content\\\/uploads\\\/2026\\\/03\\\/cropped-logo_new-1.png\",\"contentUrl\":\"https:\\\/\\\/blogdofarnesio.com.br\\\/wp-content\\\/uploads\\\/2026\\\/03\\\/cropped-logo_new-1.png\",\"width\":881,\"height\":685,\"caption\":\"Blog do Farn\u00e9sio\"},\"image\":{\"@id\":\"https:\\\/\\\/blogdofarnesio.com.br\\\/#\\\/schema\\\/logo\\\/image\\\/\"},\"sameAs\":[\"https:\\\/\\\/www.facebook.com\\\/BlogQuerSaberPolitica\\\/\"]},{\"@type\":\"Person\",\"@id\":\"https:\\\/\\\/blogdofarnesio.com.br\\\/#\\\/schema\\\/person\\\/bb9b23ae3ad0609ce8df7b6c9e76824d\",\"name\":\"Farn\u00e9sio\",\"image\":{\"@type\":\"ImageObject\",\"inLanguage\":\"pt-BR\",\"@id\":\"https:\\\/\\\/secure.gravatar.com\\\/avatar\\\/986aa4c61ccdb66f8555bf88fc2a65609d00bcabd4d2d94377a727547345cbca?s=96&d=mm&r=g\",\"url\":\"https:\\\/\\\/secure.gravatar.com\\\/avatar\\\/986aa4c61ccdb66f8555bf88fc2a65609d00bcabd4d2d94377a727547345cbca?s=96&d=mm&r=g\",\"contentUrl\":\"https:\\\/\\\/secure.gravatar.com\\\/avatar\\\/986aa4c61ccdb66f8555bf88fc2a65609d00bcabd4d2d94377a727547345cbca?s=96&d=mm&r=g\",\"caption\":\"Farn\u00e9sio\"},\"description\":\"Radialista blogueiro, chegou a Petrolina\\\/Juazeiro em setembro de 1980, Farn\u00e9sio Silva \u00e9 de Arapiraca-Alagoas.\",\"sameAs\":[\"http:\\\/\\\/blogdofarnesio.com.br\",\"https:\\\/\\\/www.facebook.com\\\/?ref=tn_tnmn\",\"https:\\\/\\\/www.instagram.com\\\/?utm_source=pwa_homescreen\",\"https:\\\/\\\/youtube.com.br\\\/\"],\"url\":\"https:\\\/\\\/blogdofarnesio.com.br\\\/?author=2\"}]}<\/script>\n<!-- \/ Yoast SEO plugin. -->","yoast_head_json":{"title":"Professores de Petrolina s\u00e3o selecionados para participar do projeto C\u00e2mara Mirim em Bras\u00edlia - Blog do Farn\u00e9sio","robots":{"index":"index","follow":"follow","max-snippet":"max-snippet:-1","max-image-preview":"max-image-preview:large","max-video-preview":"max-video-preview:-1"},"canonical":"https:\/\/blogdofarnesio.com.br\/?p=342178","og_locale":"pt_BR","og_type":"article","og_title":"Professores de Petrolina s\u00e3o selecionados para participar do projeto C\u00e2mara Mirim em Bras\u00edlia - Blog do Farn\u00e9sio","og_description":"A Educa\u00e7\u00e3o de Petrolina vive seu melhor momento, com uma s\u00e9rie de boas not\u00edcias que colocam a Rede Municipal de Ensino sempre em evid\u00eancia.\u00a0\u00a0Desta vez, o destaque vai para os professores de L\u00edngua Portuguesa, Rafaela Cristina Barbosa e Jos\u00e9 Eduardo Moreira, que fazem parte do Programa Ensina Brasil e que atuam nas Escolas Municipais Santa Terezinha, no Dom Avelar, e Nossa Senhora Rainha dos Anjos (CAIC), na Cohab Massangano. Os docentes foram selecionados, entre as dezenas de reda\u00e7\u00f5es inscritas nacionalmente, para ir a Bras\u00edlia com suas turmas e participar da 18\u00aa edi\u00e7\u00e3o do programa C\u00e2mara Mirim, que acontece nos dias 19 e 20 de outubro, na C\u00e2mara de Deputados, em Bras\u00edlia. A reda\u00e7\u00e3o teve como tema: \u201cComo a educa\u00e7\u00e3o para&hellip;","og_url":"https:\/\/blogdofarnesio.com.br\/?p=342178","og_site_name":"Blog do Farn\u00e9sio","article_publisher":"https:\/\/www.facebook.com\/BlogQuerSaberPolitica\/","article_author":"https:\/\/www.facebook.com\/?ref=tn_tnmn","article_published_time":"2023-06-04T12:00:54+00:00","og_image":[{"width":624,"height":344,"url":"https:\/\/blogdofarnesio.com.br\/wp-content\/uploads\/2023\/06\/professor-ensina-Brasil-e1685742838185.jpeg","type":"image\/jpeg"}],"author":"Farn\u00e9sio","twitter_card":"summary_large_image","twitter_misc":{"Escrito por":"Farn\u00e9sio","Est. tempo de leitura":"2 minutos"},"schema":{"@context":"https:\/\/schema.org","@graph":[{"@type":"Article","@id":"https:\/\/blogdofarnesio.com.br\/?p=342178#article","isPartOf":{"@id":"https:\/\/blogdofarnesio.com.br\/?p=342178"},"author":{"name":"Farn\u00e9sio","@id":"https:\/\/blogdofarnesio.com.br\/#\/schema\/person\/bb9b23ae3ad0609ce8df7b6c9e76824d"},"headline":"Professores de Petrolina s\u00e3o selecionados para participar do projeto C\u00e2mara Mirim em Bras\u00edlia","datePublished":"2023-06-04T12:00:54+00:00","mainEntityOfPage":{"@id":"https:\/\/blogdofarnesio.com.br\/?p=342178"},"wordCount":407,"commentCount":0,"publisher":{"@id":"https:\/\/blogdofarnesio.com.br\/#organization"},"image":{"@id":"https:\/\/blogdofarnesio.com.br\/?p=342178#primaryimage"},"thumbnailUrl":"https:\/\/blogdofarnesio.com.br\/wp-content\/uploads\/2023\/06\/professor-ensina-Brasil-e1685742838185.jpeg","inLanguage":"pt-BR","potentialAction":[{"@type":"CommentAction","name":"Comment","target":["https:\/\/blogdofarnesio.com.br\/?p=342178#respond"]}]},{"@type":"WebPage","@id":"https:\/\/blogdofarnesio.com.br\/?p=342178","url":"https:\/\/blogdofarnesio.com.br\/?p=342178","name":"Professores de Petrolina s\u00e3o selecionados para participar do projeto C\u00e2mara Mirim em Bras\u00edlia - Blog do Farn\u00e9sio","isPartOf":{"@id":"https:\/\/blogdofarnesio.com.br\/#website"},"primaryImageOfPage":{"@id":"https:\/\/blogdofarnesio.com.br\/?p=342178#primaryimage"},"image":{"@id":"https:\/\/blogdofarnesio.com.br\/?p=342178#primaryimage"},"thumbnailUrl":"https:\/\/blogdofarnesio.com.br\/wp-content\/uploads\/2023\/06\/professor-ensina-Brasil-e1685742838185.jpeg","datePublished":"2023-06-04T12:00:54+00:00","breadcrumb":{"@id":"https:\/\/blogdofarnesio.com.br\/?p=342178#breadcrumb"},"inLanguage":"pt-BR","potentialAction":[{"@type":"ReadAction","target":["https:\/\/blogdofarnesio.com.br\/?p=342178"]}]},{"@type":"ImageObject","inLanguage":"pt-BR","@id":"https:\/\/blogdofarnesio.com.br\/?p=342178#primaryimage","url":"https:\/\/blogdofarnesio.com.br\/wp-content\/uploads\/2023\/06\/professor-ensina-Brasil-e1685742838185.jpeg","contentUrl":"https:\/\/blogdofarnesio.com.br\/wp-content\/uploads\/2023\/06\/professor-ensina-Brasil-e1685742838185.jpeg","width":624,"height":344},{"@type":"BreadcrumbList","@id":"https:\/\/blogdofarnesio.com.br\/?p=342178#breadcrumb","itemListElement":[{"@type":"ListItem","position":1,"name":"In\u00edcio","item":"https:\/\/blogdofarnesio.com.br\/"},{"@type":"ListItem","position":2,"name":"Professores de Petrolina s\u00e3o selecionados para participar do projeto C\u00e2mara Mirim em Bras\u00edlia"}]},{"@type":"WebSite","@id":"https:\/\/blogdofarnesio.com.br\/#website","url":"https:\/\/blogdofarnesio.com.br\/","name":"Blog do Farn\u00e9sio","description":"Quer Saber Pol\u00edtica?","publisher":{"@id":"https:\/\/blogdofarnesio.com.br\/#organization"},"potentialAction":[{"@type":"SearchAction","target":{"@type":"EntryPoint","urlTemplate":"https:\/\/blogdofarnesio.com.br\/?s={search_term_string}"},"query-input":{"@type":"PropertyValueSpecification","valueRequired":true,"valueName":"search_term_string"}}],"inLanguage":"pt-BR"},{"@type":"Organization","@id":"https:\/\/blogdofarnesio.com.br\/#organization","name":"Blog do Farn\u00e9sio","url":"https:\/\/blogdofarnesio.com.br\/","logo":{"@type":"ImageObject","inLanguage":"pt-BR","@id":"https:\/\/blogdofarnesio.com.br\/#\/schema\/logo\/image\/","url":"https:\/\/blogdofarnesio.com.br\/wp-content\/uploads\/2026\/03\/cropped-logo_new-1.png","contentUrl":"https:\/\/blogdofarnesio.com.br\/wp-content\/uploads\/2026\/03\/cropped-logo_new-1.png","width":881,"height":685,"caption":"Blog do Farn\u00e9sio"},"image":{"@id":"https:\/\/blogdofarnesio.com.br\/#\/schema\/logo\/image\/"},"sameAs":["https:\/\/www.facebook.com\/BlogQuerSaberPolitica\/"]},{"@type":"Person","@id":"https:\/\/blogdofarnesio.com.br\/#\/schema\/person\/bb9b23ae3ad0609ce8df7b6c9e76824d","name":"Farn\u00e9sio","image":{"@type":"ImageObject","inLanguage":"pt-BR","@id":"https:\/\/secure.gravatar.com\/avatar\/986aa4c61ccdb66f8555bf88fc2a65609d00bcabd4d2d94377a727547345cbca?s=96&d=mm&r=g","url":"https:\/\/secure.gravatar.com\/avatar\/986aa4c61ccdb66f8555bf88fc2a65609d00bcabd4d2d94377a727547345cbca?s=96&d=mm&r=g","contentUrl":"https:\/\/secure.gravatar.com\/avatar\/986aa4c61ccdb66f8555bf88fc2a65609d00bcabd4d2d94377a727547345cbca?s=96&d=mm&r=g","caption":"Farn\u00e9sio"},"description":"Radialista blogueiro, chegou a Petrolina\/Juazeiro em setembro de 1980, Farn\u00e9sio Silva \u00e9 de Arapiraca-Alagoas.","sameAs":["http:\/\/blogdofarnesio.com.br","https:\/\/www.facebook.com\/?ref=tn_tnmn","https:\/\/www.instagram.com\/?utm_source=pwa_homescreen","https:\/\/youtube.com.br\/"],"url":"https:\/\/blogdofarnesio.com.br\/?author=2"}]}},"_links":{"self":[{"href":"https:\/\/blogdofarnesio.com.br\/index.php?rest_route=\/wp\/v2\/posts\/342178","targetHints":{"allow":["GET"]}}],"collection":[{"href":"https:\/\/blogdofarnesio.com.br\/index.php?rest_route=\/wp\/v2\/posts"}],"about":[{"href":"https:\/\/blogdofarnesio.com.br\/index.php?rest_route=\/wp\/v2\/types\/post"}],"author":[{"embeddable":true,"href":"https:\/\/blogdofarnesio.com.br\/index.php?rest_route=\/wp\/v2\/users\/2"}],"replies":[{"embeddable":true,"href":"https:\/\/blogdofarnesio.com.br\/index.php?rest_route=%2Fwp%2Fv2%2Fcomments&post=342178"}],"version-history":[{"count":0,"href":"https:\/\/blogdofarnesio.com.br\/index.php?rest_route=\/wp\/v2\/posts\/342178\/revisions"}],"wp:featuredmedia":[{"embeddable":true,"href":"https:\/\/blogdofarnesio.com.br\/index.php?rest_route=\/wp\/v2\/media\/342203"}],"wp:attachment":[{"href":"https:\/\/blogdofarnesio.com.br\/index.php?rest_route=%2Fwp%2Fv2%2Fmedia&parent=342178"}],"wp:term":[{"taxonomy":"category","embeddable":true,"href":"https:\/\/blogdofarnesio.com.br\/index.php?rest_route=%2Fwp%2Fv2%2Fcategories&post=342178"},{"taxonomy":"post_tag","embeddable":true,"href":"https:\/\/blogdofarnesio.com.br\/index.php?rest_route=%2Fwp%2Fv2%2Ftags&post=342178"}],"curies":[{"name":"wp","href":"https:\/\/api.w.org\/{rel}","templated":true}]}}