{"id":342162,"date":"2023-06-03T08:30:12","date_gmt":"2023-06-03T11:30:12","guid":{"rendered":"https:\/\/blogdofarnesio.com.br\/?p=342162"},"modified":"2023-06-02T17:33:23","modified_gmt":"2023-06-02T20:33:23","slug":"no-dia-da-conscientizacao-contra-a-obesidade-infantil-nutricionista-da-dicas-para-montar-a-lancheira-das-criancas","status":"publish","type":"post","link":"https:\/\/blogdofarnesio.com.br\/?p=342162","title":{"rendered":"No Dia da Conscientiza\u00e7\u00e3o contra a Obesidade Infantil, nutricionista d\u00e1 dicas para montar a lancheira das crian\u00e7as"},"content":{"rendered":"<p style=\"font-weight: 400;\">Fator de risco para diversas doen\u00e7as, a obesidade, quando ocorre durante a inf\u00e2ncia, pode se tornar ainda mais perigosa. O Atlas Mundial da Obesidade estima que o Brasil pode ter at\u00e9 um ter\u00e7o das crian\u00e7as vivendo com obesidade em 2035. Por isso, para alertar a popula\u00e7\u00e3o, \u00e9 celebrado, neste s\u00e1bado, 3 de junho,\u00a0 Dia da Conscientiza\u00e7\u00e3o contra a Obesidade Infantil.<\/p>\n<p style=\"font-weight: 400;\">Nutricionista do SESI Sa\u00fade, L\u00eddia Bandeira recomenda que a fam\u00edlia e a escola estejam atentas \u00e0 alimenta\u00e7\u00e3o das crian\u00e7as e orienta para que o momento do lanche funcione para estimular um h\u00e1bito alimentar mais saud\u00e1vel na inf\u00e2ncia.<\/p>\n<p style=\"font-weight: 400;\">\u201cA obesidade \u00e9 uma doen\u00e7a multicausal e, na inf\u00e2ncia, est\u00e1 mais relacionada a fatores gen\u00e9ticos e hormonais, mas est\u00e1 bem mais vinculada \u00e0s causas, ao ambiente em que essa crian\u00e7a est\u00e1 sendo criada e, principalmente, \u00e0 m\u00e1 alimenta\u00e7\u00e3o e ao sedentarismo\u201d, explica L\u00eddia Bandeira, complementando que uma crian\u00e7a \u00e9 considerada obesa quando atinge o \u00cdndice de Massa Corporal (IMC) acima de 30. \u201cEsse IMC \u00e9 visto e acompanhado por meio das curvas de crescimento, do desenvolvimento infantil\u201d.<\/p>\n<p style=\"font-weight: 400;\">A profissional de sa\u00fade orienta que, para uma lancheira ser considerada saud\u00e1vel, \u00e9 preciso conter por\u00e7\u00f5es de carboidrato, prote\u00edna ou latic\u00ednio e de fonte de fibras. No entanto, ela aponta que, geralmente, a hora do lanche nas escolas acaba sendo um momento de maior consumo de industrializados. \u201cAt\u00e9 pela praticidade por parte dos pais, que veem nas prateleiras biscoitos recheados, sucos artificiais e salgadinhos. Isso facilita. Mas \u00e9 preciso encontrar um equil\u00edbrio entre o que a crian\u00e7a gosta de comer e o que ela precisa comer\u201d, pontua.<\/p>\n<p style=\"font-weight: 400;\">Para isso, a nutricionista recomenda fazer substitui\u00e7\u00f5es. \u201cO ideal \u00e9 priorizar alimentos mais naturais. Por exemplo, se a crian\u00e7a gostar de salgadinhos, tentar trocar por pipoca caseira, aquela de panela. Optar por sucos 100% da fruta ou pela pr\u00f3pria fruta, que acaba sendo mais pr\u00e1tico, pois \u00e9 s\u00f3 colocar na lancheira e, ao inv\u00e9s de biscoitos recheados, cookies integrais\u201d, sugere, destacando a import\u00e2ncia de observar e ler sempre o r\u00f3tulo da embalagem. \u201cMuitos produtos s\u00e3o basicamente feitos de corante e a\u00e7\u00facar\u201d.<\/p>\n<p><span style=\"font-weight: 400;\">Fator de risco para outras doen\u00e7as, L\u00eddia destaca que a obesidade infantil aumenta a chance de desenvolver hipertens\u00e3o, diabetes ou problemas no f\u00edgado. \u201cAinda t\u00eam as quest\u00f5es comportamentais: crian\u00e7as obesas t\u00eam uma tend\u00eancia maior a ter depress\u00e3o, devido ao isolamento social, pois, geralmente, se sentem mais envergonhadas ou sofrem bullying. Dependendo do n\u00edvel de obesidade, pode causar problemas de coluna ou deforma\u00e7\u00e3o \u00f3ssea por conta do excesso de peso\u201d, elenca, destacando que a crian\u00e7a tamb\u00e9m pode desenvolver anorexia ao tentar controlar o peso, o que acaba causando esses transtornos alimentares.<\/span><\/p>\n","protected":false},"excerpt":{"rendered":"<p>Fator de risco para diversas doen\u00e7as, a obesidade, quando ocorre durante a inf\u00e2ncia, pode se tornar ainda mais perigosa. O Atlas Mundial da Obesidade estima que o Brasil pode ter at\u00e9 um ter\u00e7o das crian\u00e7as vivendo com obesidade em 2035. Por isso, para alertar a popula\u00e7\u00e3o, \u00e9 celebrado, neste s\u00e1bado, 3 de junho,\u00a0 Dia da Conscientiza\u00e7\u00e3o contra a Obesidade Infantil. Nutricionista do SESI Sa\u00fade, L\u00eddia Bandeira recomenda que a fam\u00edlia e a escola estejam atentas \u00e0 alimenta\u00e7\u00e3o das crian\u00e7as e orienta para que o momento do lanche funcione para estimular um h\u00e1bito alimentar mais saud\u00e1vel na inf\u00e2ncia. \u201cA obesidade \u00e9 uma doen\u00e7a multicausal e, na inf\u00e2ncia, est\u00e1 mais relacionada a fatores gen\u00e9ticos e hormonais, mas est\u00e1 bem mais vinculada \u00e0s&hellip; <\/p>\n","protected":false},"author":2,"featured_media":342164,"comment_status":"open","ping_status":"open","sticky":false,"template":"","format":"standard","meta":{"_acf_changed":false,"footnotes":""},"categories":[4],"tags":[],"class_list":["post-342162","post","type-post","status-publish","format-standard","has-post-thumbnail","hentry","category-saude"],"acf":[],"yoast_head":"<!-- This site is optimized with the Yoast SEO plugin v27.4 - https:\/\/yoast.com\/product\/yoast-seo-wordpress\/ -->\n<title>No Dia da Conscientiza\u00e7\u00e3o contra a Obesidade Infantil, nutricionista d\u00e1 dicas para montar a lancheira das crian\u00e7as - Blog do Farn\u00e9sio<\/title>\n<meta name=\"robots\" content=\"index, follow, max-snippet:-1, max-image-preview:large, max-video-preview:-1\" \/>\n<link rel=\"canonical\" href=\"https:\/\/blogdofarnesio.com.br\/?p=342162\" \/>\n<meta property=\"og:locale\" content=\"pt_BR\" \/>\n<meta property=\"og:type\" content=\"article\" \/>\n<meta property=\"og:title\" content=\"No Dia da Conscientiza\u00e7\u00e3o contra a Obesidade Infantil, nutricionista d\u00e1 dicas para montar a lancheira das crian\u00e7as - Blog do Farn\u00e9sio\" \/>\n<meta property=\"og:description\" content=\"Fator de risco para diversas doen\u00e7as, a obesidade, quando ocorre durante a inf\u00e2ncia, pode se tornar ainda mais perigosa. O Atlas Mundial da Obesidade estima que o Brasil pode ter at\u00e9 um ter\u00e7o das crian\u00e7as vivendo com obesidade em 2035. Por isso, para alertar a popula\u00e7\u00e3o, \u00e9 celebrado, neste s\u00e1bado, 3 de junho,\u00a0 Dia da Conscientiza\u00e7\u00e3o contra a Obesidade Infantil. Nutricionista do SESI Sa\u00fade, L\u00eddia Bandeira recomenda que a fam\u00edlia e a escola estejam atentas \u00e0 alimenta\u00e7\u00e3o das crian\u00e7as e orienta para que o momento do lanche funcione para estimular um h\u00e1bito alimentar mais saud\u00e1vel na inf\u00e2ncia. \u201cA obesidade \u00e9 uma doen\u00e7a multicausal e, na inf\u00e2ncia, est\u00e1 mais relacionada a fatores gen\u00e9ticos e hormonais, mas est\u00e1 bem mais vinculada \u00e0s&hellip;\" \/>\n<meta property=\"og:url\" content=\"https:\/\/blogdofarnesio.com.br\/?p=342162\" \/>\n<meta property=\"og:site_name\" content=\"Blog do Farn\u00e9sio\" \/>\n<meta property=\"article:publisher\" content=\"https:\/\/www.facebook.com\/BlogQuerSaberPolitica\/\" \/>\n<meta property=\"article:author\" content=\"https:\/\/www.facebook.com\/?ref=tn_tnmn\" \/>\n<meta property=\"article:published_time\" content=\"2023-06-03T11:30:12+00:00\" \/>\n<meta property=\"og:image\" content=\"https:\/\/blogdofarnesio.com.br\/wp-content\/uploads\/2023\/06\/blogqspcrianca-obesidade-e1685737884495.jpeg\" \/>\n\t<meta property=\"og:image:width\" content=\"650\" \/>\n\t<meta property=\"og:image:height\" content=\"398\" \/>\n\t<meta property=\"og:image:type\" content=\"image\/jpeg\" \/>\n<meta name=\"author\" content=\"Farn\u00e9sio\" \/>\n<meta name=\"twitter:card\" content=\"summary_large_image\" \/>\n<meta name=\"twitter:label1\" content=\"Escrito por\" \/>\n\t<meta name=\"twitter:data1\" content=\"Farn\u00e9sio\" \/>\n\t<meta name=\"twitter:label2\" content=\"Est. tempo de leitura\" \/>\n\t<meta name=\"twitter:data2\" content=\"3 minutos\" \/>\n<script type=\"application\/ld+json\" class=\"yoast-schema-graph\">{\"@context\":\"https:\\\/\\\/schema.org\",\"@graph\":[{\"@type\":\"Article\",\"@id\":\"https:\\\/\\\/blogdofarnesio.com.br\\\/?p=342162#article\",\"isPartOf\":{\"@id\":\"https:\\\/\\\/blogdofarnesio.com.br\\\/?p=342162\"},\"author\":{\"name\":\"Farn\u00e9sio\",\"@id\":\"https:\\\/\\\/blogdofarnesio.com.br\\\/#\\\/schema\\\/person\\\/bb9b23ae3ad0609ce8df7b6c9e76824d\"},\"headline\":\"No Dia da Conscientiza\u00e7\u00e3o contra a Obesidade Infantil, nutricionista d\u00e1 dicas para montar a lancheira das crian\u00e7as\",\"datePublished\":\"2023-06-03T11:30:12+00:00\",\"mainEntityOfPage\":{\"@id\":\"https:\\\/\\\/blogdofarnesio.com.br\\\/?p=342162\"},\"wordCount\":489,\"commentCount\":0,\"publisher\":{\"@id\":\"https:\\\/\\\/blogdofarnesio.com.br\\\/#organization\"},\"image\":{\"@id\":\"https:\\\/\\\/blogdofarnesio.com.br\\\/?p=342162#primaryimage\"},\"thumbnailUrl\":\"https:\\\/\\\/blogdofarnesio.com.br\\\/wp-content\\\/uploads\\\/2023\\\/06\\\/blogqspcrianca-obesidade-e1685737884495.jpeg\",\"articleSection\":[\"Sa\u00fade\"],\"inLanguage\":\"pt-BR\",\"potentialAction\":[{\"@type\":\"CommentAction\",\"name\":\"Comment\",\"target\":[\"https:\\\/\\\/blogdofarnesio.com.br\\\/?p=342162#respond\"]}]},{\"@type\":\"WebPage\",\"@id\":\"https:\\\/\\\/blogdofarnesio.com.br\\\/?p=342162\",\"url\":\"https:\\\/\\\/blogdofarnesio.com.br\\\/?p=342162\",\"name\":\"No Dia da Conscientiza\u00e7\u00e3o contra a Obesidade Infantil, nutricionista d\u00e1 dicas para montar a lancheira das crian\u00e7as - Blog do Farn\u00e9sio\",\"isPartOf\":{\"@id\":\"https:\\\/\\\/blogdofarnesio.com.br\\\/#website\"},\"primaryImageOfPage\":{\"@id\":\"https:\\\/\\\/blogdofarnesio.com.br\\\/?p=342162#primaryimage\"},\"image\":{\"@id\":\"https:\\\/\\\/blogdofarnesio.com.br\\\/?p=342162#primaryimage\"},\"thumbnailUrl\":\"https:\\\/\\\/blogdofarnesio.com.br\\\/wp-content\\\/uploads\\\/2023\\\/06\\\/blogqspcrianca-obesidade-e1685737884495.jpeg\",\"datePublished\":\"2023-06-03T11:30:12+00:00\",\"breadcrumb\":{\"@id\":\"https:\\\/\\\/blogdofarnesio.com.br\\\/?p=342162#breadcrumb\"},\"inLanguage\":\"pt-BR\",\"potentialAction\":[{\"@type\":\"ReadAction\",\"target\":[\"https:\\\/\\\/blogdofarnesio.com.br\\\/?p=342162\"]}]},{\"@type\":\"ImageObject\",\"inLanguage\":\"pt-BR\",\"@id\":\"https:\\\/\\\/blogdofarnesio.com.br\\\/?p=342162#primaryimage\",\"url\":\"https:\\\/\\\/blogdofarnesio.com.br\\\/wp-content\\\/uploads\\\/2023\\\/06\\\/blogqspcrianca-obesidade-e1685737884495.jpeg\",\"contentUrl\":\"https:\\\/\\\/blogdofarnesio.com.br\\\/wp-content\\\/uploads\\\/2023\\\/06\\\/blogqspcrianca-obesidade-e1685737884495.jpeg\",\"width\":650,\"height\":398},{\"@type\":\"BreadcrumbList\",\"@id\":\"https:\\\/\\\/blogdofarnesio.com.br\\\/?p=342162#breadcrumb\",\"itemListElement\":[{\"@type\":\"ListItem\",\"position\":1,\"name\":\"In\u00edcio\",\"item\":\"https:\\\/\\\/blogdofarnesio.com.br\\\/\"},{\"@type\":\"ListItem\",\"position\":2,\"name\":\"No Dia da Conscientiza\u00e7\u00e3o contra a Obesidade Infantil, nutricionista d\u00e1 dicas para montar a lancheira das crian\u00e7as\"}]},{\"@type\":\"WebSite\",\"@id\":\"https:\\\/\\\/blogdofarnesio.com.br\\\/#website\",\"url\":\"https:\\\/\\\/blogdofarnesio.com.br\\\/\",\"name\":\"Blog do Farn\u00e9sio\",\"description\":\"Quer Saber Pol\u00edtica?\",\"publisher\":{\"@id\":\"https:\\\/\\\/blogdofarnesio.com.br\\\/#organization\"},\"potentialAction\":[{\"@type\":\"SearchAction\",\"target\":{\"@type\":\"EntryPoint\",\"urlTemplate\":\"https:\\\/\\\/blogdofarnesio.com.br\\\/?s={search_term_string}\"},\"query-input\":{\"@type\":\"PropertyValueSpecification\",\"valueRequired\":true,\"valueName\":\"search_term_string\"}}],\"inLanguage\":\"pt-BR\"},{\"@type\":\"Organization\",\"@id\":\"https:\\\/\\\/blogdofarnesio.com.br\\\/#organization\",\"name\":\"Blog do Farn\u00e9sio\",\"url\":\"https:\\\/\\\/blogdofarnesio.com.br\\\/\",\"logo\":{\"@type\":\"ImageObject\",\"inLanguage\":\"pt-BR\",\"@id\":\"https:\\\/\\\/blogdofarnesio.com.br\\\/#\\\/schema\\\/logo\\\/image\\\/\",\"url\":\"https:\\\/\\\/blogdofarnesio.com.br\\\/wp-content\\\/uploads\\\/2026\\\/03\\\/cropped-logo_new-1.png\",\"contentUrl\":\"https:\\\/\\\/blogdofarnesio.com.br\\\/wp-content\\\/uploads\\\/2026\\\/03\\\/cropped-logo_new-1.png\",\"width\":881,\"height\":685,\"caption\":\"Blog do Farn\u00e9sio\"},\"image\":{\"@id\":\"https:\\\/\\\/blogdofarnesio.com.br\\\/#\\\/schema\\\/logo\\\/image\\\/\"},\"sameAs\":[\"https:\\\/\\\/www.facebook.com\\\/BlogQuerSaberPolitica\\\/\"]},{\"@type\":\"Person\",\"@id\":\"https:\\\/\\\/blogdofarnesio.com.br\\\/#\\\/schema\\\/person\\\/bb9b23ae3ad0609ce8df7b6c9e76824d\",\"name\":\"Farn\u00e9sio\",\"image\":{\"@type\":\"ImageObject\",\"inLanguage\":\"pt-BR\",\"@id\":\"https:\\\/\\\/secure.gravatar.com\\\/avatar\\\/986aa4c61ccdb66f8555bf88fc2a65609d00bcabd4d2d94377a727547345cbca?s=96&d=mm&r=g\",\"url\":\"https:\\\/\\\/secure.gravatar.com\\\/avatar\\\/986aa4c61ccdb66f8555bf88fc2a65609d00bcabd4d2d94377a727547345cbca?s=96&d=mm&r=g\",\"contentUrl\":\"https:\\\/\\\/secure.gravatar.com\\\/avatar\\\/986aa4c61ccdb66f8555bf88fc2a65609d00bcabd4d2d94377a727547345cbca?s=96&d=mm&r=g\",\"caption\":\"Farn\u00e9sio\"},\"description\":\"Radialista blogueiro, chegou a Petrolina\\\/Juazeiro em setembro de 1980, Farn\u00e9sio Silva \u00e9 de Arapiraca-Alagoas.\",\"sameAs\":[\"http:\\\/\\\/blogdofarnesio.com.br\",\"https:\\\/\\\/www.facebook.com\\\/?ref=tn_tnmn\",\"https:\\\/\\\/www.instagram.com\\\/?utm_source=pwa_homescreen\",\"https:\\\/\\\/youtube.com.br\\\/\"],\"url\":\"https:\\\/\\\/blogdofarnesio.com.br\\\/?author=2\"}]}<\/script>\n<!-- \/ Yoast SEO plugin. -->","yoast_head_json":{"title":"No Dia da Conscientiza\u00e7\u00e3o contra a Obesidade Infantil, nutricionista d\u00e1 dicas para montar a lancheira das crian\u00e7as - Blog do Farn\u00e9sio","robots":{"index":"index","follow":"follow","max-snippet":"max-snippet:-1","max-image-preview":"max-image-preview:large","max-video-preview":"max-video-preview:-1"},"canonical":"https:\/\/blogdofarnesio.com.br\/?p=342162","og_locale":"pt_BR","og_type":"article","og_title":"No Dia da Conscientiza\u00e7\u00e3o contra a Obesidade Infantil, nutricionista d\u00e1 dicas para montar a lancheira das crian\u00e7as - Blog do Farn\u00e9sio","og_description":"Fator de risco para diversas doen\u00e7as, a obesidade, quando ocorre durante a inf\u00e2ncia, pode se tornar ainda mais perigosa. O Atlas Mundial da Obesidade estima que o Brasil pode ter at\u00e9 um ter\u00e7o das crian\u00e7as vivendo com obesidade em 2035. Por isso, para alertar a popula\u00e7\u00e3o, \u00e9 celebrado, neste s\u00e1bado, 3 de junho,\u00a0 Dia da Conscientiza\u00e7\u00e3o contra a Obesidade Infantil. Nutricionista do SESI Sa\u00fade, L\u00eddia Bandeira recomenda que a fam\u00edlia e a escola estejam atentas \u00e0 alimenta\u00e7\u00e3o das crian\u00e7as e orienta para que o momento do lanche funcione para estimular um h\u00e1bito alimentar mais saud\u00e1vel na inf\u00e2ncia. \u201cA obesidade \u00e9 uma doen\u00e7a multicausal e, na inf\u00e2ncia, est\u00e1 mais relacionada a fatores gen\u00e9ticos e hormonais, mas est\u00e1 bem mais vinculada \u00e0s&hellip;","og_url":"https:\/\/blogdofarnesio.com.br\/?p=342162","og_site_name":"Blog do Farn\u00e9sio","article_publisher":"https:\/\/www.facebook.com\/BlogQuerSaberPolitica\/","article_author":"https:\/\/www.facebook.com\/?ref=tn_tnmn","article_published_time":"2023-06-03T11:30:12+00:00","og_image":[{"width":650,"height":398,"url":"https:\/\/blogdofarnesio.com.br\/wp-content\/uploads\/2023\/06\/blogqspcrianca-obesidade-e1685737884495.jpeg","type":"image\/jpeg"}],"author":"Farn\u00e9sio","twitter_card":"summary_large_image","twitter_misc":{"Escrito por":"Farn\u00e9sio","Est. tempo de leitura":"3 minutos"},"schema":{"@context":"https:\/\/schema.org","@graph":[{"@type":"Article","@id":"https:\/\/blogdofarnesio.com.br\/?p=342162#article","isPartOf":{"@id":"https:\/\/blogdofarnesio.com.br\/?p=342162"},"author":{"name":"Farn\u00e9sio","@id":"https:\/\/blogdofarnesio.com.br\/#\/schema\/person\/bb9b23ae3ad0609ce8df7b6c9e76824d"},"headline":"No Dia da Conscientiza\u00e7\u00e3o contra a Obesidade Infantil, nutricionista d\u00e1 dicas para montar a lancheira das crian\u00e7as","datePublished":"2023-06-03T11:30:12+00:00","mainEntityOfPage":{"@id":"https:\/\/blogdofarnesio.com.br\/?p=342162"},"wordCount":489,"commentCount":0,"publisher":{"@id":"https:\/\/blogdofarnesio.com.br\/#organization"},"image":{"@id":"https:\/\/blogdofarnesio.com.br\/?p=342162#primaryimage"},"thumbnailUrl":"https:\/\/blogdofarnesio.com.br\/wp-content\/uploads\/2023\/06\/blogqspcrianca-obesidade-e1685737884495.jpeg","articleSection":["Sa\u00fade"],"inLanguage":"pt-BR","potentialAction":[{"@type":"CommentAction","name":"Comment","target":["https:\/\/blogdofarnesio.com.br\/?p=342162#respond"]}]},{"@type":"WebPage","@id":"https:\/\/blogdofarnesio.com.br\/?p=342162","url":"https:\/\/blogdofarnesio.com.br\/?p=342162","name":"No Dia da Conscientiza\u00e7\u00e3o contra a Obesidade Infantil, nutricionista d\u00e1 dicas para montar a lancheira das crian\u00e7as - Blog do Farn\u00e9sio","isPartOf":{"@id":"https:\/\/blogdofarnesio.com.br\/#website"},"primaryImageOfPage":{"@id":"https:\/\/blogdofarnesio.com.br\/?p=342162#primaryimage"},"image":{"@id":"https:\/\/blogdofarnesio.com.br\/?p=342162#primaryimage"},"thumbnailUrl":"https:\/\/blogdofarnesio.com.br\/wp-content\/uploads\/2023\/06\/blogqspcrianca-obesidade-e1685737884495.jpeg","datePublished":"2023-06-03T11:30:12+00:00","breadcrumb":{"@id":"https:\/\/blogdofarnesio.com.br\/?p=342162#breadcrumb"},"inLanguage":"pt-BR","potentialAction":[{"@type":"ReadAction","target":["https:\/\/blogdofarnesio.com.br\/?p=342162"]}]},{"@type":"ImageObject","inLanguage":"pt-BR","@id":"https:\/\/blogdofarnesio.com.br\/?p=342162#primaryimage","url":"https:\/\/blogdofarnesio.com.br\/wp-content\/uploads\/2023\/06\/blogqspcrianca-obesidade-e1685737884495.jpeg","contentUrl":"https:\/\/blogdofarnesio.com.br\/wp-content\/uploads\/2023\/06\/blogqspcrianca-obesidade-e1685737884495.jpeg","width":650,"height":398},{"@type":"BreadcrumbList","@id":"https:\/\/blogdofarnesio.com.br\/?p=342162#breadcrumb","itemListElement":[{"@type":"ListItem","position":1,"name":"In\u00edcio","item":"https:\/\/blogdofarnesio.com.br\/"},{"@type":"ListItem","position":2,"name":"No Dia da Conscientiza\u00e7\u00e3o contra a Obesidade Infantil, nutricionista d\u00e1 dicas para montar a lancheira das crian\u00e7as"}]},{"@type":"WebSite","@id":"https:\/\/blogdofarnesio.com.br\/#website","url":"https:\/\/blogdofarnesio.com.br\/","name":"Blog do Farn\u00e9sio","description":"Quer Saber Pol\u00edtica?","publisher":{"@id":"https:\/\/blogdofarnesio.com.br\/#organization"},"potentialAction":[{"@type":"SearchAction","target":{"@type":"EntryPoint","urlTemplate":"https:\/\/blogdofarnesio.com.br\/?s={search_term_string}"},"query-input":{"@type":"PropertyValueSpecification","valueRequired":true,"valueName":"search_term_string"}}],"inLanguage":"pt-BR"},{"@type":"Organization","@id":"https:\/\/blogdofarnesio.com.br\/#organization","name":"Blog do Farn\u00e9sio","url":"https:\/\/blogdofarnesio.com.br\/","logo":{"@type":"ImageObject","inLanguage":"pt-BR","@id":"https:\/\/blogdofarnesio.com.br\/#\/schema\/logo\/image\/","url":"https:\/\/blogdofarnesio.com.br\/wp-content\/uploads\/2026\/03\/cropped-logo_new-1.png","contentUrl":"https:\/\/blogdofarnesio.com.br\/wp-content\/uploads\/2026\/03\/cropped-logo_new-1.png","width":881,"height":685,"caption":"Blog do Farn\u00e9sio"},"image":{"@id":"https:\/\/blogdofarnesio.com.br\/#\/schema\/logo\/image\/"},"sameAs":["https:\/\/www.facebook.com\/BlogQuerSaberPolitica\/"]},{"@type":"Person","@id":"https:\/\/blogdofarnesio.com.br\/#\/schema\/person\/bb9b23ae3ad0609ce8df7b6c9e76824d","name":"Farn\u00e9sio","image":{"@type":"ImageObject","inLanguage":"pt-BR","@id":"https:\/\/secure.gravatar.com\/avatar\/986aa4c61ccdb66f8555bf88fc2a65609d00bcabd4d2d94377a727547345cbca?s=96&d=mm&r=g","url":"https:\/\/secure.gravatar.com\/avatar\/986aa4c61ccdb66f8555bf88fc2a65609d00bcabd4d2d94377a727547345cbca?s=96&d=mm&r=g","contentUrl":"https:\/\/secure.gravatar.com\/avatar\/986aa4c61ccdb66f8555bf88fc2a65609d00bcabd4d2d94377a727547345cbca?s=96&d=mm&r=g","caption":"Farn\u00e9sio"},"description":"Radialista blogueiro, chegou a Petrolina\/Juazeiro em setembro de 1980, Farn\u00e9sio Silva \u00e9 de Arapiraca-Alagoas.","sameAs":["http:\/\/blogdofarnesio.com.br","https:\/\/www.facebook.com\/?ref=tn_tnmn","https:\/\/www.instagram.com\/?utm_source=pwa_homescreen","https:\/\/youtube.com.br\/"],"url":"https:\/\/blogdofarnesio.com.br\/?author=2"}]}},"_links":{"self":[{"href":"https:\/\/blogdofarnesio.com.br\/index.php?rest_route=\/wp\/v2\/posts\/342162","targetHints":{"allow":["GET"]}}],"collection":[{"href":"https:\/\/blogdofarnesio.com.br\/index.php?rest_route=\/wp\/v2\/posts"}],"about":[{"href":"https:\/\/blogdofarnesio.com.br\/index.php?rest_route=\/wp\/v2\/types\/post"}],"author":[{"embeddable":true,"href":"https:\/\/blogdofarnesio.com.br\/index.php?rest_route=\/wp\/v2\/users\/2"}],"replies":[{"embeddable":true,"href":"https:\/\/blogdofarnesio.com.br\/index.php?rest_route=%2Fwp%2Fv2%2Fcomments&post=342162"}],"version-history":[{"count":0,"href":"https:\/\/blogdofarnesio.com.br\/index.php?rest_route=\/wp\/v2\/posts\/342162\/revisions"}],"wp:featuredmedia":[{"embeddable":true,"href":"https:\/\/blogdofarnesio.com.br\/index.php?rest_route=\/wp\/v2\/media\/342164"}],"wp:attachment":[{"href":"https:\/\/blogdofarnesio.com.br\/index.php?rest_route=%2Fwp%2Fv2%2Fmedia&parent=342162"}],"wp:term":[{"taxonomy":"category","embeddable":true,"href":"https:\/\/blogdofarnesio.com.br\/index.php?rest_route=%2Fwp%2Fv2%2Fcategories&post=342162"},{"taxonomy":"post_tag","embeddable":true,"href":"https:\/\/blogdofarnesio.com.br\/index.php?rest_route=%2Fwp%2Fv2%2Ftags&post=342162"}],"curies":[{"name":"wp","href":"https:\/\/api.w.org\/{rel}","templated":true}]}}