{"id":34206,"date":"2013-04-01T12:00:37","date_gmt":"2013-04-01T15:00:37","guid":{"rendered":"http:\/\/www.quersaberpolitica.com.br\/?p=34206"},"modified":"2013-04-01T11:39:13","modified_gmt":"2013-04-01T14:39:13","slug":"direto-de-sobradinho-39","status":"publish","type":"post","link":"https:\/\/blogdofarnesio.com.br\/?p=34206","title":{"rendered":"DIRETO DE SOBRADINHO"},"content":{"rendered":"<p style=\"text-align: justify\"><strong>\u00a0 \u00a0 \u00a0 \u00a0 \u00a0 \u00a0 \u00a0VEREADORES PEDEM RECUPERA\u00c7\u00c3O DA ILUMINA\u00c7\u00c3O P\u00daBLICA<\/strong><\/p>\n<p style=\"text-align: justify\"><span style=\"text-align: justify\"><a href=\"http:\/\/www.quersaberpolitica.com.br\/2016\/wp-content\/uploads\/2013\/04\/blogqspsobradinhocamara-Foto-Farn\u00e9sio-Silva.jpg\"><img loading=\"lazy\" decoding=\"async\" class=\"aligncenter  wp-image-34214\" alt=\"blogqspsobradinhocamara Foto Farn\u00e9sio Silva\" src=\"http:\/\/www.quersaberpolitica.com.br\/2016\/wp-content\/uploads\/2013\/04\/blogqspsobradinhocamara-Foto-Farn\u00e9sio-Silva.jpg\" width=\"461\" height=\"177\" srcset=\"https:\/\/blogdofarnesio.com.br\/wp-content\/uploads\/2013\/04\/blogqspsobradinhocamara-Foto-Farn\u00e9sio-Silva.jpg 640w, https:\/\/blogdofarnesio.com.br\/wp-content\/uploads\/2013\/04\/blogqspsobradinhocamara-Foto-Farn\u00e9sio-Silva-300x114.jpg 300w, https:\/\/blogdofarnesio.com.br\/wp-content\/uploads\/2013\/04\/blogqspsobradinhocamara-Foto-Farn\u00e9sio-Silva-500x191.jpg 500w\" sizes=\"auto, (max-width: 461px) 100vw, 461px\" \/><\/a>A c\u00e2mara de vereadores de Sobradinho realiza mais uma reuni\u00e3o ordin\u00e1ria, desta feita a sess\u00e3o que ocorreria na quinta e fora remarcada para esta manh\u00e3, e pela primeira vez com a presen\u00e7a da reportagem do blogdofarn\u00e9sio<\/span><\/p>\n<p style=\"text-align: justify\">Com a presen\u00e7a da maioria dos edis, o presidente Gabriel Lustosa autorizou a lida a ordem do dia com pedidos para recupera\u00e7\u00e3o de ilumina\u00e7\u00e3o p\u00fablica em v\u00e1rias ruas da cidade, bem como tamb\u00e9m a recupera\u00e7\u00e3o da ilumina\u00e7\u00e3o das quadras esportivas.<\/p>\n<p style=\"text-align: justify\">O vereador Cicero Batata, l\u00edder do prefeito na casa, criticou os secret\u00e1rios pedindo que eles tenham mais atitude a exemplo do secret\u00e1rio de obras Evaristo, como tamb\u00e9m chamou aten\u00e7\u00e3o de algumas pessoas que parecem ter o &#8220;rei na barriga&#8221;, se referindo a determinados cargos em comiss\u00e3o.<\/p>\n<p style=\"text-align: justify\">O vereador Cleivinho, chamou aten\u00e7\u00e3o para o fato da situa\u00e7\u00e3o de seca que assola o \u00a0municipio e disse que o prefeito Luiz Vicente, tem estado em constante busca de a\u00e7\u00f5es que possam diminuir o sofrimento do homem do interior.<\/p>\n<p style=\"text-align: justify\">Indo a tribuna, o presidente Gabriel |Lustosa saudou aos demais vereadores e a plat\u00e9ia presente. Em seu pronunciamento o Gabriel Lustosa reconheceu que sa\u00fade tem passado por s\u00e9rios problemas herdados da administra\u00e7\u00e3o passada mas que o prefeito Luiz Vicente tem se esfor\u00e7ado para resolver o problema. Segundo ele &#8220;nem Super Homem conseguiria resolver tamanho problema em apenas 3 meses&#8221;,.<\/p>\n<p style=\"text-align: justify\">Por outro lado o presidente Gabriel voltou a falar sobre o canal da Batateira que ser\u00e1 a reden\u00e7\u00e3o do homem do interior de Sobradinho criticando o desvio do projeto original, para beneficiar poucas pessoas, em detrimento da maioria. Disse que acredita na chegado do canal a Bonsucesso e Tra\u00edras e que pedidos est\u00e3o sendo feitos ao ministro Fernando Bezerra, ao secret\u00e1rios de agricultura do estado e ao governmador Wagner por interm\u00e9dio do prefeito Luiz Berti.<\/p>\n<p style=\"text-align: justify\">O vereador Manoel Messias do Partido Verde, n\u00e3o est\u00e1 presente e enviou nota a presid\u00eancia da casa justificado sua falta.<\/p>\n<p style=\"text-align: justify\">\n","protected":false},"excerpt":{"rendered":"<p>\u00a0 \u00a0 \u00a0 \u00a0 \u00a0 \u00a0 \u00a0VEREADORES PEDEM RECUPERA\u00c7\u00c3O DA ILUMINA\u00c7\u00c3O P\u00daBLICA A c\u00e2mara de vereadores de Sobradinho realiza mais uma reuni\u00e3o ordin\u00e1ria, desta feita a sess\u00e3o que ocorreria na quinta e fora remarcada para esta manh\u00e3, e pela primeira vez com a presen\u00e7a da reportagem do blogdofarn\u00e9sio Com a presen\u00e7a da maioria dos edis, o presidente Gabriel Lustosa autorizou a lida a ordem do dia com pedidos para recupera\u00e7\u00e3o de ilumina\u00e7\u00e3o p\u00fablica em v\u00e1rias ruas da cidade, bem como tamb\u00e9m a recupera\u00e7\u00e3o da ilumina\u00e7\u00e3o das quadras esportivas. O vereador Cicero Batata, l\u00edder do prefeito na casa, criticou os secret\u00e1rios pedindo que eles tenham mais atitude a exemplo do secret\u00e1rio de obras Evaristo, como tamb\u00e9m chamou aten\u00e7\u00e3o de algumas pessoas&hellip; <\/p>\n","protected":false},"author":3,"featured_media":0,"comment_status":"open","ping_status":"open","sticky":false,"template":"","format":"standard","meta":{"_acf_changed":false,"footnotes":""},"categories":[27,1],"tags":[],"class_list":["post-34206","post","type-post","status-publish","format-standard","hentry","category-cidades","category-politica"],"acf":[],"yoast_head":"<!-- This site is optimized with the Yoast SEO plugin v27.4 - https:\/\/yoast.com\/product\/yoast-seo-wordpress\/ -->\n<title>DIRETO DE SOBRADINHO - Blog do Farn\u00e9sio<\/title>\n<meta name=\"robots\" content=\"index, follow, max-snippet:-1, max-image-preview:large, max-video-preview:-1\" \/>\n<link rel=\"canonical\" href=\"https:\/\/blogdofarnesio.com.br\/?p=34206\" \/>\n<meta property=\"og:locale\" content=\"pt_BR\" \/>\n<meta property=\"og:type\" content=\"article\" \/>\n<meta property=\"og:title\" content=\"DIRETO DE SOBRADINHO - Blog do Farn\u00e9sio\" \/>\n<meta property=\"og:description\" content=\"\u00a0 \u00a0 \u00a0 \u00a0 \u00a0 \u00a0 \u00a0VEREADORES PEDEM RECUPERA\u00c7\u00c3O DA ILUMINA\u00c7\u00c3O P\u00daBLICA A c\u00e2mara de vereadores de Sobradinho realiza mais uma reuni\u00e3o ordin\u00e1ria, desta feita a sess\u00e3o que ocorreria na quinta e fora remarcada para esta manh\u00e3, e pela primeira vez com a presen\u00e7a da reportagem do blogdofarn\u00e9sio Com a presen\u00e7a da maioria dos edis, o presidente Gabriel Lustosa autorizou a lida a ordem do dia com pedidos para recupera\u00e7\u00e3o de ilumina\u00e7\u00e3o p\u00fablica em v\u00e1rias ruas da cidade, bem como tamb\u00e9m a recupera\u00e7\u00e3o da ilumina\u00e7\u00e3o das quadras esportivas. O vereador Cicero Batata, l\u00edder do prefeito na casa, criticou os secret\u00e1rios pedindo que eles tenham mais atitude a exemplo do secret\u00e1rio de obras Evaristo, como tamb\u00e9m chamou aten\u00e7\u00e3o de algumas pessoas&hellip;\" \/>\n<meta property=\"og:url\" content=\"https:\/\/blogdofarnesio.com.br\/?p=34206\" \/>\n<meta property=\"og:site_name\" content=\"Blog do Farn\u00e9sio\" \/>\n<meta property=\"article:publisher\" content=\"https:\/\/www.facebook.com\/BlogQuerSaberPolitica\/\" \/>\n<meta property=\"article:published_time\" content=\"2013-04-01T15:00:37+00:00\" \/>\n<meta name=\"author\" content=\"teste\" \/>\n<meta name=\"twitter:card\" content=\"summary_large_image\" \/>\n<meta name=\"twitter:label1\" content=\"Escrito por\" \/>\n\t<meta name=\"twitter:data1\" content=\"teste\" \/>\n\t<meta name=\"twitter:label2\" content=\"Est. tempo de leitura\" \/>\n\t<meta name=\"twitter:data2\" content=\"2 minutos\" \/>\n<script type=\"application\/ld+json\" class=\"yoast-schema-graph\">{\"@context\":\"https:\\\/\\\/schema.org\",\"@graph\":[{\"@type\":\"Article\",\"@id\":\"https:\\\/\\\/blogdofarnesio.com.br\\\/?p=34206#article\",\"isPartOf\":{\"@id\":\"https:\\\/\\\/blogdofarnesio.com.br\\\/?p=34206\"},\"author\":{\"name\":\"teste\",\"@id\":\"https:\\\/\\\/blogdofarnesio.com.br\\\/#\\\/schema\\\/person\\\/dd1bf5eba40b687199ba45ca6b97dff9\"},\"headline\":\"DIRETO DE SOBRADINHO\",\"datePublished\":\"2013-04-01T15:00:37+00:00\",\"mainEntityOfPage\":{\"@id\":\"https:\\\/\\\/blogdofarnesio.com.br\\\/?p=34206\"},\"wordCount\":361,\"commentCount\":0,\"publisher\":{\"@id\":\"https:\\\/\\\/blogdofarnesio.com.br\\\/#organization\"},\"articleSection\":[\"Cidades\",\"Pol\u00edtica\"],\"inLanguage\":\"pt-BR\",\"potentialAction\":[{\"@type\":\"CommentAction\",\"name\":\"Comment\",\"target\":[\"https:\\\/\\\/blogdofarnesio.com.br\\\/?p=34206#respond\"]}]},{\"@type\":\"WebPage\",\"@id\":\"https:\\\/\\\/blogdofarnesio.com.br\\\/?p=34206\",\"url\":\"https:\\\/\\\/blogdofarnesio.com.br\\\/?p=34206\",\"name\":\"DIRETO DE SOBRADINHO - Blog do Farn\u00e9sio\",\"isPartOf\":{\"@id\":\"https:\\\/\\\/blogdofarnesio.com.br\\\/#website\"},\"datePublished\":\"2013-04-01T15:00:37+00:00\",\"breadcrumb\":{\"@id\":\"https:\\\/\\\/blogdofarnesio.com.br\\\/?p=34206#breadcrumb\"},\"inLanguage\":\"pt-BR\",\"potentialAction\":[{\"@type\":\"ReadAction\",\"target\":[\"https:\\\/\\\/blogdofarnesio.com.br\\\/?p=34206\"]}]},{\"@type\":\"BreadcrumbList\",\"@id\":\"https:\\\/\\\/blogdofarnesio.com.br\\\/?p=34206#breadcrumb\",\"itemListElement\":[{\"@type\":\"ListItem\",\"position\":1,\"name\":\"In\u00edcio\",\"item\":\"https:\\\/\\\/blogdofarnesio.com.br\\\/\"},{\"@type\":\"ListItem\",\"position\":2,\"name\":\"DIRETO DE SOBRADINHO\"}]},{\"@type\":\"WebSite\",\"@id\":\"https:\\\/\\\/blogdofarnesio.com.br\\\/#website\",\"url\":\"https:\\\/\\\/blogdofarnesio.com.br\\\/\",\"name\":\"Blog do Farn\u00e9sio\",\"description\":\"Quer Saber Pol\u00edtica?\",\"publisher\":{\"@id\":\"https:\\\/\\\/blogdofarnesio.com.br\\\/#organization\"},\"potentialAction\":[{\"@type\":\"SearchAction\",\"target\":{\"@type\":\"EntryPoint\",\"urlTemplate\":\"https:\\\/\\\/blogdofarnesio.com.br\\\/?s={search_term_string}\"},\"query-input\":{\"@type\":\"PropertyValueSpecification\",\"valueRequired\":true,\"valueName\":\"search_term_string\"}}],\"inLanguage\":\"pt-BR\"},{\"@type\":\"Organization\",\"@id\":\"https:\\\/\\\/blogdofarnesio.com.br\\\/#organization\",\"name\":\"Blog do Farn\u00e9sio\",\"url\":\"https:\\\/\\\/blogdofarnesio.com.br\\\/\",\"logo\":{\"@type\":\"ImageObject\",\"inLanguage\":\"pt-BR\",\"@id\":\"https:\\\/\\\/blogdofarnesio.com.br\\\/#\\\/schema\\\/logo\\\/image\\\/\",\"url\":\"https:\\\/\\\/blogdofarnesio.com.br\\\/wp-content\\\/uploads\\\/2026\\\/03\\\/cropped-logo_new-1.png\",\"contentUrl\":\"https:\\\/\\\/blogdofarnesio.com.br\\\/wp-content\\\/uploads\\\/2026\\\/03\\\/cropped-logo_new-1.png\",\"width\":881,\"height\":685,\"caption\":\"Blog do Farn\u00e9sio\"},\"image\":{\"@id\":\"https:\\\/\\\/blogdofarnesio.com.br\\\/#\\\/schema\\\/logo\\\/image\\\/\"},\"sameAs\":[\"https:\\\/\\\/www.facebook.com\\\/BlogQuerSaberPolitica\\\/\"]},{\"@type\":\"Person\",\"@id\":\"https:\\\/\\\/blogdofarnesio.com.br\\\/#\\\/schema\\\/person\\\/dd1bf5eba40b687199ba45ca6b97dff9\",\"name\":\"teste\",\"image\":{\"@type\":\"ImageObject\",\"inLanguage\":\"pt-BR\",\"@id\":\"https:\\\/\\\/secure.gravatar.com\\\/avatar\\\/2172498d4914b51e1d89a0f97957b035ac4938723a5cac208135d389b6972a6d?s=96&d=mm&r=g\",\"url\":\"https:\\\/\\\/secure.gravatar.com\\\/avatar\\\/2172498d4914b51e1d89a0f97957b035ac4938723a5cac208135d389b6972a6d?s=96&d=mm&r=g\",\"contentUrl\":\"https:\\\/\\\/secure.gravatar.com\\\/avatar\\\/2172498d4914b51e1d89a0f97957b035ac4938723a5cac208135d389b6972a6d?s=96&d=mm&r=g\",\"caption\":\"teste\"},\"url\":\"https:\\\/\\\/blogdofarnesio.com.br\\\/?author=3\"}]}<\/script>\n<!-- \/ Yoast SEO plugin. -->","yoast_head_json":{"title":"DIRETO DE SOBRADINHO - Blog do Farn\u00e9sio","robots":{"index":"index","follow":"follow","max-snippet":"max-snippet:-1","max-image-preview":"max-image-preview:large","max-video-preview":"max-video-preview:-1"},"canonical":"https:\/\/blogdofarnesio.com.br\/?p=34206","og_locale":"pt_BR","og_type":"article","og_title":"DIRETO DE SOBRADINHO - Blog do Farn\u00e9sio","og_description":"\u00a0 \u00a0 \u00a0 \u00a0 \u00a0 \u00a0 \u00a0VEREADORES PEDEM RECUPERA\u00c7\u00c3O DA ILUMINA\u00c7\u00c3O P\u00daBLICA A c\u00e2mara de vereadores de Sobradinho realiza mais uma reuni\u00e3o ordin\u00e1ria, desta feita a sess\u00e3o que ocorreria na quinta e fora remarcada para esta manh\u00e3, e pela primeira vez com a presen\u00e7a da reportagem do blogdofarn\u00e9sio Com a presen\u00e7a da maioria dos edis, o presidente Gabriel Lustosa autorizou a lida a ordem do dia com pedidos para recupera\u00e7\u00e3o de ilumina\u00e7\u00e3o p\u00fablica em v\u00e1rias ruas da cidade, bem como tamb\u00e9m a recupera\u00e7\u00e3o da ilumina\u00e7\u00e3o das quadras esportivas. O vereador Cicero Batata, l\u00edder do prefeito na casa, criticou os secret\u00e1rios pedindo que eles tenham mais atitude a exemplo do secret\u00e1rio de obras Evaristo, como tamb\u00e9m chamou aten\u00e7\u00e3o de algumas pessoas&hellip;","og_url":"https:\/\/blogdofarnesio.com.br\/?p=34206","og_site_name":"Blog do Farn\u00e9sio","article_publisher":"https:\/\/www.facebook.com\/BlogQuerSaberPolitica\/","article_published_time":"2013-04-01T15:00:37+00:00","author":"teste","twitter_card":"summary_large_image","twitter_misc":{"Escrito por":"teste","Est. tempo de leitura":"2 minutos"},"schema":{"@context":"https:\/\/schema.org","@graph":[{"@type":"Article","@id":"https:\/\/blogdofarnesio.com.br\/?p=34206#article","isPartOf":{"@id":"https:\/\/blogdofarnesio.com.br\/?p=34206"},"author":{"name":"teste","@id":"https:\/\/blogdofarnesio.com.br\/#\/schema\/person\/dd1bf5eba40b687199ba45ca6b97dff9"},"headline":"DIRETO DE SOBRADINHO","datePublished":"2013-04-01T15:00:37+00:00","mainEntityOfPage":{"@id":"https:\/\/blogdofarnesio.com.br\/?p=34206"},"wordCount":361,"commentCount":0,"publisher":{"@id":"https:\/\/blogdofarnesio.com.br\/#organization"},"articleSection":["Cidades","Pol\u00edtica"],"inLanguage":"pt-BR","potentialAction":[{"@type":"CommentAction","name":"Comment","target":["https:\/\/blogdofarnesio.com.br\/?p=34206#respond"]}]},{"@type":"WebPage","@id":"https:\/\/blogdofarnesio.com.br\/?p=34206","url":"https:\/\/blogdofarnesio.com.br\/?p=34206","name":"DIRETO DE SOBRADINHO - Blog do Farn\u00e9sio","isPartOf":{"@id":"https:\/\/blogdofarnesio.com.br\/#website"},"datePublished":"2013-04-01T15:00:37+00:00","breadcrumb":{"@id":"https:\/\/blogdofarnesio.com.br\/?p=34206#breadcrumb"},"inLanguage":"pt-BR","potentialAction":[{"@type":"ReadAction","target":["https:\/\/blogdofarnesio.com.br\/?p=34206"]}]},{"@type":"BreadcrumbList","@id":"https:\/\/blogdofarnesio.com.br\/?p=34206#breadcrumb","itemListElement":[{"@type":"ListItem","position":1,"name":"In\u00edcio","item":"https:\/\/blogdofarnesio.com.br\/"},{"@type":"ListItem","position":2,"name":"DIRETO DE SOBRADINHO"}]},{"@type":"WebSite","@id":"https:\/\/blogdofarnesio.com.br\/#website","url":"https:\/\/blogdofarnesio.com.br\/","name":"Blog do Farn\u00e9sio","description":"Quer Saber Pol\u00edtica?","publisher":{"@id":"https:\/\/blogdofarnesio.com.br\/#organization"},"potentialAction":[{"@type":"SearchAction","target":{"@type":"EntryPoint","urlTemplate":"https:\/\/blogdofarnesio.com.br\/?s={search_term_string}"},"query-input":{"@type":"PropertyValueSpecification","valueRequired":true,"valueName":"search_term_string"}}],"inLanguage":"pt-BR"},{"@type":"Organization","@id":"https:\/\/blogdofarnesio.com.br\/#organization","name":"Blog do Farn\u00e9sio","url":"https:\/\/blogdofarnesio.com.br\/","logo":{"@type":"ImageObject","inLanguage":"pt-BR","@id":"https:\/\/blogdofarnesio.com.br\/#\/schema\/logo\/image\/","url":"https:\/\/blogdofarnesio.com.br\/wp-content\/uploads\/2026\/03\/cropped-logo_new-1.png","contentUrl":"https:\/\/blogdofarnesio.com.br\/wp-content\/uploads\/2026\/03\/cropped-logo_new-1.png","width":881,"height":685,"caption":"Blog do Farn\u00e9sio"},"image":{"@id":"https:\/\/blogdofarnesio.com.br\/#\/schema\/logo\/image\/"},"sameAs":["https:\/\/www.facebook.com\/BlogQuerSaberPolitica\/"]},{"@type":"Person","@id":"https:\/\/blogdofarnesio.com.br\/#\/schema\/person\/dd1bf5eba40b687199ba45ca6b97dff9","name":"teste","image":{"@type":"ImageObject","inLanguage":"pt-BR","@id":"https:\/\/secure.gravatar.com\/avatar\/2172498d4914b51e1d89a0f97957b035ac4938723a5cac208135d389b6972a6d?s=96&d=mm&r=g","url":"https:\/\/secure.gravatar.com\/avatar\/2172498d4914b51e1d89a0f97957b035ac4938723a5cac208135d389b6972a6d?s=96&d=mm&r=g","contentUrl":"https:\/\/secure.gravatar.com\/avatar\/2172498d4914b51e1d89a0f97957b035ac4938723a5cac208135d389b6972a6d?s=96&d=mm&r=g","caption":"teste"},"url":"https:\/\/blogdofarnesio.com.br\/?author=3"}]}},"_links":{"self":[{"href":"https:\/\/blogdofarnesio.com.br\/index.php?rest_route=\/wp\/v2\/posts\/34206","targetHints":{"allow":["GET"]}}],"collection":[{"href":"https:\/\/blogdofarnesio.com.br\/index.php?rest_route=\/wp\/v2\/posts"}],"about":[{"href":"https:\/\/blogdofarnesio.com.br\/index.php?rest_route=\/wp\/v2\/types\/post"}],"author":[{"embeddable":true,"href":"https:\/\/blogdofarnesio.com.br\/index.php?rest_route=\/wp\/v2\/users\/3"}],"replies":[{"embeddable":true,"href":"https:\/\/blogdofarnesio.com.br\/index.php?rest_route=%2Fwp%2Fv2%2Fcomments&post=34206"}],"version-history":[{"count":0,"href":"https:\/\/blogdofarnesio.com.br\/index.php?rest_route=\/wp\/v2\/posts\/34206\/revisions"}],"wp:attachment":[{"href":"https:\/\/blogdofarnesio.com.br\/index.php?rest_route=%2Fwp%2Fv2%2Fmedia&parent=34206"}],"wp:term":[{"taxonomy":"category","embeddable":true,"href":"https:\/\/blogdofarnesio.com.br\/index.php?rest_route=%2Fwp%2Fv2%2Fcategories&post=34206"},{"taxonomy":"post_tag","embeddable":true,"href":"https:\/\/blogdofarnesio.com.br\/index.php?rest_route=%2Fwp%2Fv2%2Ftags&post=34206"}],"curies":[{"name":"wp","href":"https:\/\/api.w.org\/{rel}","templated":true}]}}