{"id":341983,"date":"2023-06-01T11:04:52","date_gmt":"2023-06-01T14:04:52","guid":{"rendered":"https:\/\/blogdofarnesio.com.br\/?p=341983"},"modified":"2023-06-01T09:03:08","modified_gmt":"2023-06-01T12:03:08","slug":"o-vale-do-sao-francisco-exporta-50-mil-toneladas-de-mangas-para-eua","status":"publish","type":"post","link":"https:\/\/blogdofarnesio.com.br\/?p=341983","title":{"rendered":"O Vale do S\u00e3o Francisco exporta 50 mil toneladas de mangas para EUA"},"content":{"rendered":"<p>Respons\u00e1vel por 87% do volume da manga exportada no pa\u00eds, o Vale do S\u00e3o Francisco vende para os Estados Unidos 50 mil toneladas anuais ou 12 milh\u00f5es de caixas e est\u00e1 aprimorando os setores de produ\u00e7\u00e3o e log\u00edstica. A melhoria da qualidade e consist\u00eancia das mangas frescas destinadas aos consumidores norte-americanos, foram discutidas nesta quarta-feira (31), em Petrolina &#8211; PE, durante o XIII Workshop internacional da National Mango Board no Vale do S\u00e3o Francisco.<\/p>\n<p>Realizado pela NMB (National Mango Board), entidade de fomento ligada ao Departamento de Agricultura dos Estados Unidos, com apoio da Associa\u00e7\u00e3o dos Produtores e Exportadores de Hortigranjeiros e Derivados do Vale do S\u00e3o Francisco (Valexport), o workshop come\u00e7ou com uma palestra do gerente s\u00eanior de dados e pesquisa da NMB, Rolff Vladimir Mitton.<\/p>\n<p>Falando para um p\u00fablico de produtores, profissionais atuantes nas \u00e1reas t\u00e9cnica, seguran\u00e7a alimentar, certifica\u00e7\u00e3o, mercado, log\u00edstica, fornecedores e exportadores desta que \u00e9 considerada a maior regi\u00e3o exportadora de manga do Brasil, o gerente mostrou n\u00fameros de consumo de manga, proje\u00e7\u00f5es de promo\u00e7\u00e3o na \u00e1rea de marketing e projetos de pesquisas desenvolvidas pela NMB nos EUA.\u00a0 &#8220;A ideia \u00e9 trabalhar com as associa\u00e7\u00f5es de produtores e exportadortes para oferecer uma manga de qualidade visando os consumidores norte-americanos. A meta da NMB \u00e9 aumentar o consumo per capita de 1.6 kg para 2.4kg at\u00e9 o ano de 2025&#8221;, ressaltou.<\/p>\n<p>Ainda durante o encontro, pesquisadores da Universidade Federal do Vale do S\u00e3o Francisco (Univasf) e NMB apresentaram temas como crescimento, desenvolvimento e matura\u00e7\u00e3o da manga, rastreabilidade e demandas de nutrientes na manga. Para a produtora e exportadora, Lara Sechi, o workshop foi bastante enriquecedor. &#8220;Acompanhamos h\u00e1 algum tempo o trabalho da NMB de potencializar o consumo de manga nos EUA, que \u00e9 um mercado de suma import\u00e2ncia. Al\u00e9m disso, o workshop tamb\u00e9m amplia nossa vis\u00e3o acerca de como explorar o marketing e melhorar nosso produto&#8221;, frisou.<\/p>\n<p>De acordo com o diretor Institucional da Valexport, empres\u00e1rio, produtor e exportador, Caio Coelho, os Estados Unidos \u00e9 o segundo maior comprador estrangeiro da manga do S\u00e3o Francisco. &#8220;O NMB tem um papel preponderante no crescimento das nossas exporta\u00e7\u00f5es, desde a sua primeira edi\u00e7\u00e3o, em 2007, colocando o Vale entre pa\u00edses como M\u00e9xico, Peru e Equador, os maiores exportadores para o mercado norte-americano &#8220;, concluiu.<\/p>\n<p><strong>CLAS Comunica\u00e7\u00e3o &amp; Marketing<\/strong><\/p>\n","protected":false},"excerpt":{"rendered":"<p>Respons\u00e1vel por 87% do volume da manga exportada no pa\u00eds, o Vale do S\u00e3o Francisco vende para os Estados Unidos 50 mil toneladas anuais ou 12 milh\u00f5es de caixas e est\u00e1 aprimorando os setores de produ\u00e7\u00e3o e log\u00edstica. A melhoria da qualidade e consist\u00eancia das mangas frescas destinadas aos consumidores norte-americanos, foram discutidas nesta quarta-feira (31), em Petrolina &#8211; PE, durante o XIII Workshop internacional da National Mango Board no Vale do S\u00e3o Francisco. Realizado pela NMB (National Mango Board), entidade de fomento ligada ao Departamento de Agricultura dos Estados Unidos, com apoio da Associa\u00e7\u00e3o dos Produtores e Exportadores de Hortigranjeiros e Derivados do Vale do S\u00e3o Francisco (Valexport), o workshop come\u00e7ou com uma palestra do gerente s\u00eanior de dados&hellip; <\/p>\n","protected":false},"author":2,"featured_media":341984,"comment_status":"open","ping_status":"open","sticky":false,"template":"","format":"standard","meta":{"_acf_changed":false,"footnotes":""},"categories":[13],"tags":[],"class_list":["post-341983","post","type-post","status-publish","format-standard","has-post-thumbnail","hentry","category-fruticultura"],"acf":[],"yoast_head":"<!-- This site is optimized with the Yoast SEO plugin v27.4 - https:\/\/yoast.com\/product\/yoast-seo-wordpress\/ -->\n<title>O Vale do S\u00e3o Francisco exporta 50 mil toneladas de mangas para EUA - Blog do Farn\u00e9sio<\/title>\n<meta name=\"robots\" content=\"index, follow, max-snippet:-1, max-image-preview:large, max-video-preview:-1\" \/>\n<link rel=\"canonical\" href=\"https:\/\/blogdofarnesio.com.br\/?p=341983\" \/>\n<meta property=\"og:locale\" content=\"pt_BR\" \/>\n<meta property=\"og:type\" content=\"article\" \/>\n<meta property=\"og:title\" content=\"O Vale do S\u00e3o Francisco exporta 50 mil toneladas de mangas para EUA - Blog do Farn\u00e9sio\" \/>\n<meta property=\"og:description\" content=\"Respons\u00e1vel por 87% do volume da manga exportada no pa\u00eds, o Vale do S\u00e3o Francisco vende para os Estados Unidos 50 mil toneladas anuais ou 12 milh\u00f5es de caixas e est\u00e1 aprimorando os setores de produ\u00e7\u00e3o e log\u00edstica. A melhoria da qualidade e consist\u00eancia das mangas frescas destinadas aos consumidores norte-americanos, foram discutidas nesta quarta-feira (31), em Petrolina &#8211; PE, durante o XIII Workshop internacional da National Mango Board no Vale do S\u00e3o Francisco. Realizado pela NMB (National Mango Board), entidade de fomento ligada ao Departamento de Agricultura dos Estados Unidos, com apoio da Associa\u00e7\u00e3o dos Produtores e Exportadores de Hortigranjeiros e Derivados do Vale do S\u00e3o Francisco (Valexport), o workshop come\u00e7ou com uma palestra do gerente s\u00eanior de dados&hellip;\" \/>\n<meta property=\"og:url\" content=\"https:\/\/blogdofarnesio.com.br\/?p=341983\" \/>\n<meta property=\"og:site_name\" content=\"Blog do Farn\u00e9sio\" \/>\n<meta property=\"article:publisher\" content=\"https:\/\/www.facebook.com\/BlogQuerSaberPolitica\/\" \/>\n<meta property=\"article:author\" content=\"https:\/\/www.facebook.com\/?ref=tn_tnmn\" \/>\n<meta property=\"article:published_time\" content=\"2023-06-01T14:04:52+00:00\" \/>\n<meta property=\"og:image\" content=\"https:\/\/blogdofarnesio.com.br\/wp-content\/uploads\/2023\/05\/blogqspforum-manga-e1685565679434.jpg\" \/>\n\t<meta property=\"og:image:width\" content=\"620\" \/>\n\t<meta property=\"og:image:height\" content=\"413\" \/>\n\t<meta property=\"og:image:type\" content=\"image\/jpeg\" \/>\n<meta name=\"author\" content=\"Farn\u00e9sio\" \/>\n<meta name=\"twitter:card\" content=\"summary_large_image\" \/>\n<meta name=\"twitter:label1\" content=\"Escrito por\" \/>\n\t<meta name=\"twitter:data1\" content=\"Farn\u00e9sio\" \/>\n\t<meta name=\"twitter:label2\" content=\"Est. tempo de leitura\" \/>\n\t<meta name=\"twitter:data2\" content=\"3 minutos\" \/>\n<script type=\"application\/ld+json\" class=\"yoast-schema-graph\">{\"@context\":\"https:\\\/\\\/schema.org\",\"@graph\":[{\"@type\":\"Article\",\"@id\":\"https:\\\/\\\/blogdofarnesio.com.br\\\/?p=341983#article\",\"isPartOf\":{\"@id\":\"https:\\\/\\\/blogdofarnesio.com.br\\\/?p=341983\"},\"author\":{\"name\":\"Farn\u00e9sio\",\"@id\":\"https:\\\/\\\/blogdofarnesio.com.br\\\/#\\\/schema\\\/person\\\/bb9b23ae3ad0609ce8df7b6c9e76824d\"},\"headline\":\"O Vale do S\u00e3o Francisco exporta 50 mil toneladas de mangas para EUA\",\"datePublished\":\"2023-06-01T14:04:52+00:00\",\"mainEntityOfPage\":{\"@id\":\"https:\\\/\\\/blogdofarnesio.com.br\\\/?p=341983\"},\"wordCount\":414,\"commentCount\":0,\"publisher\":{\"@id\":\"https:\\\/\\\/blogdofarnesio.com.br\\\/#organization\"},\"image\":{\"@id\":\"https:\\\/\\\/blogdofarnesio.com.br\\\/?p=341983#primaryimage\"},\"thumbnailUrl\":\"https:\\\/\\\/blogdofarnesio.com.br\\\/wp-content\\\/uploads\\\/2023\\\/05\\\/blogqspforum-manga-e1685565679434.jpg\",\"articleSection\":[\"Fruticultura\"],\"inLanguage\":\"pt-BR\",\"potentialAction\":[{\"@type\":\"CommentAction\",\"name\":\"Comment\",\"target\":[\"https:\\\/\\\/blogdofarnesio.com.br\\\/?p=341983#respond\"]}]},{\"@type\":\"WebPage\",\"@id\":\"https:\\\/\\\/blogdofarnesio.com.br\\\/?p=341983\",\"url\":\"https:\\\/\\\/blogdofarnesio.com.br\\\/?p=341983\",\"name\":\"O Vale do S\u00e3o Francisco exporta 50 mil toneladas de mangas para EUA - Blog do Farn\u00e9sio\",\"isPartOf\":{\"@id\":\"https:\\\/\\\/blogdofarnesio.com.br\\\/#website\"},\"primaryImageOfPage\":{\"@id\":\"https:\\\/\\\/blogdofarnesio.com.br\\\/?p=341983#primaryimage\"},\"image\":{\"@id\":\"https:\\\/\\\/blogdofarnesio.com.br\\\/?p=341983#primaryimage\"},\"thumbnailUrl\":\"https:\\\/\\\/blogdofarnesio.com.br\\\/wp-content\\\/uploads\\\/2023\\\/05\\\/blogqspforum-manga-e1685565679434.jpg\",\"datePublished\":\"2023-06-01T14:04:52+00:00\",\"breadcrumb\":{\"@id\":\"https:\\\/\\\/blogdofarnesio.com.br\\\/?p=341983#breadcrumb\"},\"inLanguage\":\"pt-BR\",\"potentialAction\":[{\"@type\":\"ReadAction\",\"target\":[\"https:\\\/\\\/blogdofarnesio.com.br\\\/?p=341983\"]}]},{\"@type\":\"ImageObject\",\"inLanguage\":\"pt-BR\",\"@id\":\"https:\\\/\\\/blogdofarnesio.com.br\\\/?p=341983#primaryimage\",\"url\":\"https:\\\/\\\/blogdofarnesio.com.br\\\/wp-content\\\/uploads\\\/2023\\\/05\\\/blogqspforum-manga-e1685565679434.jpg\",\"contentUrl\":\"https:\\\/\\\/blogdofarnesio.com.br\\\/wp-content\\\/uploads\\\/2023\\\/05\\\/blogqspforum-manga-e1685565679434.jpg\",\"width\":620,\"height\":413,\"caption\":\"Ilustra\u00e7\u00e3o\"},{\"@type\":\"BreadcrumbList\",\"@id\":\"https:\\\/\\\/blogdofarnesio.com.br\\\/?p=341983#breadcrumb\",\"itemListElement\":[{\"@type\":\"ListItem\",\"position\":1,\"name\":\"In\u00edcio\",\"item\":\"https:\\\/\\\/blogdofarnesio.com.br\\\/\"},{\"@type\":\"ListItem\",\"position\":2,\"name\":\"O Vale do S\u00e3o Francisco exporta 50 mil toneladas de mangas para EUA\"}]},{\"@type\":\"WebSite\",\"@id\":\"https:\\\/\\\/blogdofarnesio.com.br\\\/#website\",\"url\":\"https:\\\/\\\/blogdofarnesio.com.br\\\/\",\"name\":\"Blog do Farn\u00e9sio\",\"description\":\"Quer Saber Pol\u00edtica?\",\"publisher\":{\"@id\":\"https:\\\/\\\/blogdofarnesio.com.br\\\/#organization\"},\"potentialAction\":[{\"@type\":\"SearchAction\",\"target\":{\"@type\":\"EntryPoint\",\"urlTemplate\":\"https:\\\/\\\/blogdofarnesio.com.br\\\/?s={search_term_string}\"},\"query-input\":{\"@type\":\"PropertyValueSpecification\",\"valueRequired\":true,\"valueName\":\"search_term_string\"}}],\"inLanguage\":\"pt-BR\"},{\"@type\":\"Organization\",\"@id\":\"https:\\\/\\\/blogdofarnesio.com.br\\\/#organization\",\"name\":\"Blog do Farn\u00e9sio\",\"url\":\"https:\\\/\\\/blogdofarnesio.com.br\\\/\",\"logo\":{\"@type\":\"ImageObject\",\"inLanguage\":\"pt-BR\",\"@id\":\"https:\\\/\\\/blogdofarnesio.com.br\\\/#\\\/schema\\\/logo\\\/image\\\/\",\"url\":\"https:\\\/\\\/blogdofarnesio.com.br\\\/wp-content\\\/uploads\\\/2026\\\/03\\\/cropped-logo_new-1.png\",\"contentUrl\":\"https:\\\/\\\/blogdofarnesio.com.br\\\/wp-content\\\/uploads\\\/2026\\\/03\\\/cropped-logo_new-1.png\",\"width\":881,\"height\":685,\"caption\":\"Blog do Farn\u00e9sio\"},\"image\":{\"@id\":\"https:\\\/\\\/blogdofarnesio.com.br\\\/#\\\/schema\\\/logo\\\/image\\\/\"},\"sameAs\":[\"https:\\\/\\\/www.facebook.com\\\/BlogQuerSaberPolitica\\\/\"]},{\"@type\":\"Person\",\"@id\":\"https:\\\/\\\/blogdofarnesio.com.br\\\/#\\\/schema\\\/person\\\/bb9b23ae3ad0609ce8df7b6c9e76824d\",\"name\":\"Farn\u00e9sio\",\"image\":{\"@type\":\"ImageObject\",\"inLanguage\":\"pt-BR\",\"@id\":\"https:\\\/\\\/secure.gravatar.com\\\/avatar\\\/986aa4c61ccdb66f8555bf88fc2a65609d00bcabd4d2d94377a727547345cbca?s=96&d=mm&r=g\",\"url\":\"https:\\\/\\\/secure.gravatar.com\\\/avatar\\\/986aa4c61ccdb66f8555bf88fc2a65609d00bcabd4d2d94377a727547345cbca?s=96&d=mm&r=g\",\"contentUrl\":\"https:\\\/\\\/secure.gravatar.com\\\/avatar\\\/986aa4c61ccdb66f8555bf88fc2a65609d00bcabd4d2d94377a727547345cbca?s=96&d=mm&r=g\",\"caption\":\"Farn\u00e9sio\"},\"description\":\"Radialista blogueiro, chegou a Petrolina\\\/Juazeiro em setembro de 1980, Farn\u00e9sio Silva \u00e9 de Arapiraca-Alagoas.\",\"sameAs\":[\"http:\\\/\\\/blogdofarnesio.com.br\",\"https:\\\/\\\/www.facebook.com\\\/?ref=tn_tnmn\",\"https:\\\/\\\/www.instagram.com\\\/?utm_source=pwa_homescreen\",\"https:\\\/\\\/youtube.com.br\\\/\"],\"url\":\"https:\\\/\\\/blogdofarnesio.com.br\\\/?author=2\"}]}<\/script>\n<!-- \/ Yoast SEO plugin. -->","yoast_head_json":{"title":"O Vale do S\u00e3o Francisco exporta 50 mil toneladas de mangas para EUA - Blog do Farn\u00e9sio","robots":{"index":"index","follow":"follow","max-snippet":"max-snippet:-1","max-image-preview":"max-image-preview:large","max-video-preview":"max-video-preview:-1"},"canonical":"https:\/\/blogdofarnesio.com.br\/?p=341983","og_locale":"pt_BR","og_type":"article","og_title":"O Vale do S\u00e3o Francisco exporta 50 mil toneladas de mangas para EUA - Blog do Farn\u00e9sio","og_description":"Respons\u00e1vel por 87% do volume da manga exportada no pa\u00eds, o Vale do S\u00e3o Francisco vende para os Estados Unidos 50 mil toneladas anuais ou 12 milh\u00f5es de caixas e est\u00e1 aprimorando os setores de produ\u00e7\u00e3o e log\u00edstica. A melhoria da qualidade e consist\u00eancia das mangas frescas destinadas aos consumidores norte-americanos, foram discutidas nesta quarta-feira (31), em Petrolina &#8211; PE, durante o XIII Workshop internacional da National Mango Board no Vale do S\u00e3o Francisco. Realizado pela NMB (National Mango Board), entidade de fomento ligada ao Departamento de Agricultura dos Estados Unidos, com apoio da Associa\u00e7\u00e3o dos Produtores e Exportadores de Hortigranjeiros e Derivados do Vale do S\u00e3o Francisco (Valexport), o workshop come\u00e7ou com uma palestra do gerente s\u00eanior de dados&hellip;","og_url":"https:\/\/blogdofarnesio.com.br\/?p=341983","og_site_name":"Blog do Farn\u00e9sio","article_publisher":"https:\/\/www.facebook.com\/BlogQuerSaberPolitica\/","article_author":"https:\/\/www.facebook.com\/?ref=tn_tnmn","article_published_time":"2023-06-01T14:04:52+00:00","og_image":[{"width":620,"height":413,"url":"https:\/\/blogdofarnesio.com.br\/wp-content\/uploads\/2023\/05\/blogqspforum-manga-e1685565679434.jpg","type":"image\/jpeg"}],"author":"Farn\u00e9sio","twitter_card":"summary_large_image","twitter_misc":{"Escrito por":"Farn\u00e9sio","Est. tempo de leitura":"3 minutos"},"schema":{"@context":"https:\/\/schema.org","@graph":[{"@type":"Article","@id":"https:\/\/blogdofarnesio.com.br\/?p=341983#article","isPartOf":{"@id":"https:\/\/blogdofarnesio.com.br\/?p=341983"},"author":{"name":"Farn\u00e9sio","@id":"https:\/\/blogdofarnesio.com.br\/#\/schema\/person\/bb9b23ae3ad0609ce8df7b6c9e76824d"},"headline":"O Vale do S\u00e3o Francisco exporta 50 mil toneladas de mangas para EUA","datePublished":"2023-06-01T14:04:52+00:00","mainEntityOfPage":{"@id":"https:\/\/blogdofarnesio.com.br\/?p=341983"},"wordCount":414,"commentCount":0,"publisher":{"@id":"https:\/\/blogdofarnesio.com.br\/#organization"},"image":{"@id":"https:\/\/blogdofarnesio.com.br\/?p=341983#primaryimage"},"thumbnailUrl":"https:\/\/blogdofarnesio.com.br\/wp-content\/uploads\/2023\/05\/blogqspforum-manga-e1685565679434.jpg","articleSection":["Fruticultura"],"inLanguage":"pt-BR","potentialAction":[{"@type":"CommentAction","name":"Comment","target":["https:\/\/blogdofarnesio.com.br\/?p=341983#respond"]}]},{"@type":"WebPage","@id":"https:\/\/blogdofarnesio.com.br\/?p=341983","url":"https:\/\/blogdofarnesio.com.br\/?p=341983","name":"O Vale do S\u00e3o Francisco exporta 50 mil toneladas de mangas para EUA - Blog do Farn\u00e9sio","isPartOf":{"@id":"https:\/\/blogdofarnesio.com.br\/#website"},"primaryImageOfPage":{"@id":"https:\/\/blogdofarnesio.com.br\/?p=341983#primaryimage"},"image":{"@id":"https:\/\/blogdofarnesio.com.br\/?p=341983#primaryimage"},"thumbnailUrl":"https:\/\/blogdofarnesio.com.br\/wp-content\/uploads\/2023\/05\/blogqspforum-manga-e1685565679434.jpg","datePublished":"2023-06-01T14:04:52+00:00","breadcrumb":{"@id":"https:\/\/blogdofarnesio.com.br\/?p=341983#breadcrumb"},"inLanguage":"pt-BR","potentialAction":[{"@type":"ReadAction","target":["https:\/\/blogdofarnesio.com.br\/?p=341983"]}]},{"@type":"ImageObject","inLanguage":"pt-BR","@id":"https:\/\/blogdofarnesio.com.br\/?p=341983#primaryimage","url":"https:\/\/blogdofarnesio.com.br\/wp-content\/uploads\/2023\/05\/blogqspforum-manga-e1685565679434.jpg","contentUrl":"https:\/\/blogdofarnesio.com.br\/wp-content\/uploads\/2023\/05\/blogqspforum-manga-e1685565679434.jpg","width":620,"height":413,"caption":"Ilustra\u00e7\u00e3o"},{"@type":"BreadcrumbList","@id":"https:\/\/blogdofarnesio.com.br\/?p=341983#breadcrumb","itemListElement":[{"@type":"ListItem","position":1,"name":"In\u00edcio","item":"https:\/\/blogdofarnesio.com.br\/"},{"@type":"ListItem","position":2,"name":"O Vale do S\u00e3o Francisco exporta 50 mil toneladas de mangas para EUA"}]},{"@type":"WebSite","@id":"https:\/\/blogdofarnesio.com.br\/#website","url":"https:\/\/blogdofarnesio.com.br\/","name":"Blog do Farn\u00e9sio","description":"Quer Saber Pol\u00edtica?","publisher":{"@id":"https:\/\/blogdofarnesio.com.br\/#organization"},"potentialAction":[{"@type":"SearchAction","target":{"@type":"EntryPoint","urlTemplate":"https:\/\/blogdofarnesio.com.br\/?s={search_term_string}"},"query-input":{"@type":"PropertyValueSpecification","valueRequired":true,"valueName":"search_term_string"}}],"inLanguage":"pt-BR"},{"@type":"Organization","@id":"https:\/\/blogdofarnesio.com.br\/#organization","name":"Blog do Farn\u00e9sio","url":"https:\/\/blogdofarnesio.com.br\/","logo":{"@type":"ImageObject","inLanguage":"pt-BR","@id":"https:\/\/blogdofarnesio.com.br\/#\/schema\/logo\/image\/","url":"https:\/\/blogdofarnesio.com.br\/wp-content\/uploads\/2026\/03\/cropped-logo_new-1.png","contentUrl":"https:\/\/blogdofarnesio.com.br\/wp-content\/uploads\/2026\/03\/cropped-logo_new-1.png","width":881,"height":685,"caption":"Blog do Farn\u00e9sio"},"image":{"@id":"https:\/\/blogdofarnesio.com.br\/#\/schema\/logo\/image\/"},"sameAs":["https:\/\/www.facebook.com\/BlogQuerSaberPolitica\/"]},{"@type":"Person","@id":"https:\/\/blogdofarnesio.com.br\/#\/schema\/person\/bb9b23ae3ad0609ce8df7b6c9e76824d","name":"Farn\u00e9sio","image":{"@type":"ImageObject","inLanguage":"pt-BR","@id":"https:\/\/secure.gravatar.com\/avatar\/986aa4c61ccdb66f8555bf88fc2a65609d00bcabd4d2d94377a727547345cbca?s=96&d=mm&r=g","url":"https:\/\/secure.gravatar.com\/avatar\/986aa4c61ccdb66f8555bf88fc2a65609d00bcabd4d2d94377a727547345cbca?s=96&d=mm&r=g","contentUrl":"https:\/\/secure.gravatar.com\/avatar\/986aa4c61ccdb66f8555bf88fc2a65609d00bcabd4d2d94377a727547345cbca?s=96&d=mm&r=g","caption":"Farn\u00e9sio"},"description":"Radialista blogueiro, chegou a Petrolina\/Juazeiro em setembro de 1980, Farn\u00e9sio Silva \u00e9 de Arapiraca-Alagoas.","sameAs":["http:\/\/blogdofarnesio.com.br","https:\/\/www.facebook.com\/?ref=tn_tnmn","https:\/\/www.instagram.com\/?utm_source=pwa_homescreen","https:\/\/youtube.com.br\/"],"url":"https:\/\/blogdofarnesio.com.br\/?author=2"}]}},"_links":{"self":[{"href":"https:\/\/blogdofarnesio.com.br\/index.php?rest_route=\/wp\/v2\/posts\/341983","targetHints":{"allow":["GET"]}}],"collection":[{"href":"https:\/\/blogdofarnesio.com.br\/index.php?rest_route=\/wp\/v2\/posts"}],"about":[{"href":"https:\/\/blogdofarnesio.com.br\/index.php?rest_route=\/wp\/v2\/types\/post"}],"author":[{"embeddable":true,"href":"https:\/\/blogdofarnesio.com.br\/index.php?rest_route=\/wp\/v2\/users\/2"}],"replies":[{"embeddable":true,"href":"https:\/\/blogdofarnesio.com.br\/index.php?rest_route=%2Fwp%2Fv2%2Fcomments&post=341983"}],"version-history":[{"count":0,"href":"https:\/\/blogdofarnesio.com.br\/index.php?rest_route=\/wp\/v2\/posts\/341983\/revisions"}],"wp:featuredmedia":[{"embeddable":true,"href":"https:\/\/blogdofarnesio.com.br\/index.php?rest_route=\/wp\/v2\/media\/341984"}],"wp:attachment":[{"href":"https:\/\/blogdofarnesio.com.br\/index.php?rest_route=%2Fwp%2Fv2%2Fmedia&parent=341983"}],"wp:term":[{"taxonomy":"category","embeddable":true,"href":"https:\/\/blogdofarnesio.com.br\/index.php?rest_route=%2Fwp%2Fv2%2Fcategories&post=341983"},{"taxonomy":"post_tag","embeddable":true,"href":"https:\/\/blogdofarnesio.com.br\/index.php?rest_route=%2Fwp%2Fv2%2Ftags&post=341983"}],"curies":[{"name":"wp","href":"https:\/\/api.w.org\/{rel}","templated":true}]}}