{"id":341773,"date":"2023-05-30T08:02:09","date_gmt":"2023-05-30T11:02:09","guid":{"rendered":"https:\/\/blogdofarnesio.com.br\/?p=341773"},"modified":"2023-05-29T16:46:25","modified_gmt":"2023-05-29T19:46:25","slug":"nota-publica-do-comite-da-bacia-do-sao-francisco-diga-nao-a-medida-provisoria-1-154","status":"publish","type":"post","link":"https:\/\/blogdofarnesio.com.br\/?p=341773","title":{"rendered":"NOTA P\u00daBLICA DO COMIT\u00ca DA BACIA DO S\u00c3O FRANCISCO: DIGA N\u00c3O \u00c0 MEDIDA PROVIS\u00d3RIA 1.154"},"content":{"rendered":"<p>O CBHSF vem a p\u00fablico manifestar contrariedade \u00e0 Medida Provis\u00f3ria 1.154, que, caso seja aprovada, esvaziar\u00e1 de forma absurda as prerrogativas, atribui\u00e7\u00f5es, pol\u00edticas setoriais e \u00f3rg\u00e3os vitais que comp\u00f5em a estrutura do Minist\u00e9rio do Meio Ambiente e Mudan\u00e7a do Clima.<\/p>\n<p>O CBHSF conclama todas as popula\u00e7\u00f5es ribeirinhas, os povos tradicionais, pescadores artesanais, agricultores, aquicultores, industriais, os segmentos da sociedade civil em geral e a todos os usu\u00e1rios das \u00e1guas, bem como a todos e todas servidores e servidoras do poder p\u00fablico, para que, no pr\u00f3ximo dia 03 de junho, dia em que se comemora o Dia Nacional em Defesa do Rio S\u00e3o Francisco, que se unam em torno da Ministra Marina Silva nessa batalha pelo meio ambiente.<\/p>\n<div><\/div>\n<div>\u00cdntegra<\/div>\n<div><\/div>\n<div>No pr\u00f3ximo dia 03 de junho, institu\u00eddo h\u00e1 dez anos como Dia Nacional em Defesa do Velho Chico, o Comit\u00ea da Bacia Hidrogr\u00e1fica do Rio S\u00e3o Francisco -CBHSF- conclamar\u00e1 todas as popula\u00e7\u00f5es ribeirinhas, os povos tradicionais, pescadores artesanais, agricultores, aquicultores, industriais, os segmentos da sociedade civil em geral e a todos os usu\u00e1rios das \u00e1guas, bem como a todos e todas servidores e servidoras do poder p\u00fablico, para que cerrem fileiras em torno da Ministra Marina Silva na dif\u00edcil batalha que ela est\u00e1 travando para evitar que uma eventual maioria conservadora de deputados e senadores levem o Congresso Nacional \u00e0 aprova\u00e7\u00e3o de lei que esvaziar\u00e1 de forma absurda as prerrogativas, atribui\u00e7\u00f5es, pol\u00edticas setoriais e \u00f3rg\u00e3os vitais que comp\u00f5em a estrutura do Minist\u00e9rio do Meio Ambiente e Mudan\u00e7a do Clima.<\/div>\n<div><\/div>\n<div>Permitir, dentre outras barbaridades administrativas, que a Ag\u00eancia Nacional de \u00c1guas (ANA) e o Cadastro Ambiental Rural (CAR), s\u00f3 para citar dois exemplos, sejam retirados do seu leito natural, que \u00e9 a \u00e1rea ambiental do governo, para serem realocados em minist\u00e9rios que t\u00eam voca\u00e7\u00e3o completamente estranha \u00e0 gest\u00e3o h\u00eddrica \u00e9, de fato, ferir de morte as pol\u00edticas p\u00fablicas de gest\u00e3o do meio ambiente e dos recursos h\u00eddricos a servi\u00e7o dos interesses inconfess\u00e1veis daqueles que apostam em um cen\u00e1rio futuro de completo desgoverno e aus\u00eancia de regras e normas que assegurem minimamente seguran\u00e7a h\u00eddrica e desenvolvimento sustent\u00e1vel para o povo brasileiro.<\/div>\n<div><\/div>\n<div>N\u00e3o faria sentido que, ao completar uma d\u00e9cada, a campanha \u201cEu Viro Carranca Para Defender o Velho Chico\u201d, criada pelo CBHSF para marcar o Dia Nacional em Defesa do Rio S\u00e3o Francisco, deixasse de lado as amea\u00e7as que tamb\u00e9m pairam sobre conquistas institucionais emblem\u00e1ticas da democracia como \u00e9 o caso da manobra legislativa destinada a frustrar a demarca\u00e7\u00e3o das terras ind\u00edgenas atrav\u00e9s, tamb\u00e9m, do escandaloso esvaziamento do rec\u00e9m-criado Minist\u00e9rio dos Povos Origin\u00e1rios.<\/div>\n<div><\/div>\n<div>Para toda a popula\u00e7\u00e3o da Bacia Hidrogr\u00e1fica do Rio S\u00e3o Francisco, que ocupa quase 8% do territ\u00f3rio nacional, e para a regi\u00e3o Nordeste, que tem no rio S\u00e3o Francisco 70% de sua disponibilidade de \u00e1gua, resistir ao desmonte criminoso da gest\u00e3o ambiental e da gest\u00e3o das \u00e1guas \u00e9 uma quest\u00e3o de sobreviv\u00eancia j\u00e1 em futuro muito pr\u00f3ximo, sobretudo no contexto deste s\u00e9culo do aquecimento global e das mudan\u00e7as clim\u00e1ticas extremas.<\/div>\n<div><\/div>\n<div>Diga n\u00e3o \u00e0s propostas de desmonte do Deputado Isnaldo Bulh\u00f5es (MDB-AL), relator da Medida Provis\u00f3ria 1.154!<\/div>\n<div><\/div>\n<div>Tirem as m\u00e3os do Minist\u00e9rio do Meio Ambiente!<\/div>\n<div><\/div>\n<div>A DIRETORIA DO CBHSF<\/p>\n<div><\/div>\n<div><br clear=\"all\" \/><\/p>\n<div>\n<div class=\"gmail_signature\" dir=\"ltr\" data-smartmail=\"gmail_signature\">\n<div dir=\"ltr\">\n<div>\n<div dir=\"ltr\">\n<div dir=\"ltr\">\n<div dir=\"ltr\">\n<div dir=\"ltr\">\n<div dir=\"ltr\">\n<div dir=\"ltr\">\n______________________<br \/>\n<span style=\"color: #000000; font-family: tahoma, sans-serif; font-size: small;\"><b>Juciana Cavalcante|<\/b><\/span>Jornalista<\/p>\n<\/div>\n<\/div>\n<\/div>\n<\/div>\n<\/div>\n<\/div>\n<\/div>\n<\/div>\n<\/div>\n<\/div>\n<\/div>\n<\/div>\n","protected":false},"excerpt":{"rendered":"<p>O CBHSF vem a p\u00fablico manifestar contrariedade \u00e0 Medida Provis\u00f3ria 1.154, que, caso seja aprovada, esvaziar\u00e1 de forma absurda as prerrogativas, atribui\u00e7\u00f5es, pol\u00edticas setoriais e \u00f3rg\u00e3os vitais que comp\u00f5em a estrutura do Minist\u00e9rio do Meio Ambiente e Mudan\u00e7a do Clima. O CBHSF conclama todas as popula\u00e7\u00f5es ribeirinhas, os povos tradicionais, pescadores artesanais, agricultores, aquicultores, industriais, os segmentos da sociedade civil em geral e a todos os usu\u00e1rios das \u00e1guas, bem como a todos e todas servidores e servidoras do poder p\u00fablico, para que, no pr\u00f3ximo dia 03 de junho, dia em que se comemora o Dia Nacional em Defesa do Rio S\u00e3o Francisco, que se unam em torno da Ministra Marina Silva nessa batalha pelo meio ambiente. \u00cdntegra No pr\u00f3ximo&hellip; <\/p>\n","protected":false},"author":2,"featured_media":341774,"comment_status":"open","ping_status":"open","sticky":false,"template":"","format":"standard","meta":{"_acf_changed":false,"footnotes":""},"categories":[56],"tags":[],"class_list":["post-341773","post","type-post","status-publish","format-standard","has-post-thumbnail","hentry","category-agua"],"acf":[],"yoast_head":"<!-- This site is optimized with the Yoast SEO plugin v27.4 - https:\/\/yoast.com\/product\/yoast-seo-wordpress\/ -->\n<title>NOTA P\u00daBLICA DO COMIT\u00ca DA BACIA DO S\u00c3O FRANCISCO: DIGA N\u00c3O \u00c0 MEDIDA PROVIS\u00d3RIA 1.154 - Blog do Farn\u00e9sio<\/title>\n<meta name=\"robots\" content=\"index, follow, max-snippet:-1, max-image-preview:large, max-video-preview:-1\" \/>\n<link rel=\"canonical\" href=\"https:\/\/blogdofarnesio.com.br\/?p=341773\" \/>\n<meta property=\"og:locale\" content=\"pt_BR\" \/>\n<meta property=\"og:type\" content=\"article\" \/>\n<meta property=\"og:title\" content=\"NOTA P\u00daBLICA DO COMIT\u00ca DA BACIA DO S\u00c3O FRANCISCO: DIGA N\u00c3O \u00c0 MEDIDA PROVIS\u00d3RIA 1.154 - Blog do Farn\u00e9sio\" \/>\n<meta property=\"og:description\" content=\"O CBHSF vem a p\u00fablico manifestar contrariedade \u00e0 Medida Provis\u00f3ria 1.154, que, caso seja aprovada, esvaziar\u00e1 de forma absurda as prerrogativas, atribui\u00e7\u00f5es, pol\u00edticas setoriais e \u00f3rg\u00e3os vitais que comp\u00f5em a estrutura do Minist\u00e9rio do Meio Ambiente e Mudan\u00e7a do Clima. O CBHSF conclama todas as popula\u00e7\u00f5es ribeirinhas, os povos tradicionais, pescadores artesanais, agricultores, aquicultores, industriais, os segmentos da sociedade civil em geral e a todos os usu\u00e1rios das \u00e1guas, bem como a todos e todas servidores e servidoras do poder p\u00fablico, para que, no pr\u00f3ximo dia 03 de junho, dia em que se comemora o Dia Nacional em Defesa do Rio S\u00e3o Francisco, que se unam em torno da Ministra Marina Silva nessa batalha pelo meio ambiente. \u00cdntegra No pr\u00f3ximo&hellip;\" \/>\n<meta property=\"og:url\" content=\"https:\/\/blogdofarnesio.com.br\/?p=341773\" \/>\n<meta property=\"og:site_name\" content=\"Blog do Farn\u00e9sio\" \/>\n<meta property=\"article:publisher\" content=\"https:\/\/www.facebook.com\/BlogQuerSaberPolitica\/\" \/>\n<meta property=\"article:author\" content=\"https:\/\/www.facebook.com\/?ref=tn_tnmn\" \/>\n<meta property=\"article:published_time\" content=\"2023-05-30T11:02:09+00:00\" \/>\n<meta property=\"og:image\" content=\"https:\/\/blogdofarnesio.com.br\/wp-content\/uploads\/2023\/05\/Nota-publica.CBHSF_-e1685389558636.jpeg\" \/>\n\t<meta property=\"og:image:width\" content=\"506\" \/>\n\t<meta property=\"og:image:height\" content=\"278\" \/>\n\t<meta property=\"og:image:type\" content=\"image\/jpeg\" \/>\n<meta name=\"author\" content=\"Farn\u00e9sio\" \/>\n<meta name=\"twitter:card\" content=\"summary_large_image\" \/>\n<meta name=\"twitter:label1\" content=\"Escrito por\" \/>\n\t<meta name=\"twitter:data1\" content=\"Farn\u00e9sio\" \/>\n\t<meta name=\"twitter:label2\" content=\"Est. tempo de leitura\" \/>\n\t<meta name=\"twitter:data2\" content=\"3 minutos\" \/>\n<script type=\"application\/ld+json\" class=\"yoast-schema-graph\">{\"@context\":\"https:\\\/\\\/schema.org\",\"@graph\":[{\"@type\":\"Article\",\"@id\":\"https:\\\/\\\/blogdofarnesio.com.br\\\/?p=341773#article\",\"isPartOf\":{\"@id\":\"https:\\\/\\\/blogdofarnesio.com.br\\\/?p=341773\"},\"author\":{\"name\":\"Farn\u00e9sio\",\"@id\":\"https:\\\/\\\/blogdofarnesio.com.br\\\/#\\\/schema\\\/person\\\/bb9b23ae3ad0609ce8df7b6c9e76824d\"},\"headline\":\"NOTA P\u00daBLICA DO COMIT\u00ca DA BACIA DO S\u00c3O FRANCISCO: DIGA N\u00c3O \u00c0 MEDIDA PROVIS\u00d3RIA 1.154\",\"datePublished\":\"2023-05-30T11:02:09+00:00\",\"mainEntityOfPage\":{\"@id\":\"https:\\\/\\\/blogdofarnesio.com.br\\\/?p=341773\"},\"wordCount\":601,\"commentCount\":0,\"publisher\":{\"@id\":\"https:\\\/\\\/blogdofarnesio.com.br\\\/#organization\"},\"image\":{\"@id\":\"https:\\\/\\\/blogdofarnesio.com.br\\\/?p=341773#primaryimage\"},\"thumbnailUrl\":\"https:\\\/\\\/blogdofarnesio.com.br\\\/wp-content\\\/uploads\\\/2023\\\/05\\\/Nota-publica.CBHSF_-e1685389558636.jpeg\",\"articleSection\":[\"\u00c1gua\"],\"inLanguage\":\"pt-BR\",\"potentialAction\":[{\"@type\":\"CommentAction\",\"name\":\"Comment\",\"target\":[\"https:\\\/\\\/blogdofarnesio.com.br\\\/?p=341773#respond\"]}]},{\"@type\":\"WebPage\",\"@id\":\"https:\\\/\\\/blogdofarnesio.com.br\\\/?p=341773\",\"url\":\"https:\\\/\\\/blogdofarnesio.com.br\\\/?p=341773\",\"name\":\"NOTA P\u00daBLICA DO COMIT\u00ca DA BACIA DO S\u00c3O FRANCISCO: DIGA N\u00c3O \u00c0 MEDIDA PROVIS\u00d3RIA 1.154 - Blog do Farn\u00e9sio\",\"isPartOf\":{\"@id\":\"https:\\\/\\\/blogdofarnesio.com.br\\\/#website\"},\"primaryImageOfPage\":{\"@id\":\"https:\\\/\\\/blogdofarnesio.com.br\\\/?p=341773#primaryimage\"},\"image\":{\"@id\":\"https:\\\/\\\/blogdofarnesio.com.br\\\/?p=341773#primaryimage\"},\"thumbnailUrl\":\"https:\\\/\\\/blogdofarnesio.com.br\\\/wp-content\\\/uploads\\\/2023\\\/05\\\/Nota-publica.CBHSF_-e1685389558636.jpeg\",\"datePublished\":\"2023-05-30T11:02:09+00:00\",\"breadcrumb\":{\"@id\":\"https:\\\/\\\/blogdofarnesio.com.br\\\/?p=341773#breadcrumb\"},\"inLanguage\":\"pt-BR\",\"potentialAction\":[{\"@type\":\"ReadAction\",\"target\":[\"https:\\\/\\\/blogdofarnesio.com.br\\\/?p=341773\"]}]},{\"@type\":\"ImageObject\",\"inLanguage\":\"pt-BR\",\"@id\":\"https:\\\/\\\/blogdofarnesio.com.br\\\/?p=341773#primaryimage\",\"url\":\"https:\\\/\\\/blogdofarnesio.com.br\\\/wp-content\\\/uploads\\\/2023\\\/05\\\/Nota-publica.CBHSF_-e1685389558636.jpeg\",\"contentUrl\":\"https:\\\/\\\/blogdofarnesio.com.br\\\/wp-content\\\/uploads\\\/2023\\\/05\\\/Nota-publica.CBHSF_-e1685389558636.jpeg\",\"width\":506,\"height\":278},{\"@type\":\"BreadcrumbList\",\"@id\":\"https:\\\/\\\/blogdofarnesio.com.br\\\/?p=341773#breadcrumb\",\"itemListElement\":[{\"@type\":\"ListItem\",\"position\":1,\"name\":\"In\u00edcio\",\"item\":\"https:\\\/\\\/blogdofarnesio.com.br\\\/\"},{\"@type\":\"ListItem\",\"position\":2,\"name\":\"NOTA P\u00daBLICA DO COMIT\u00ca DA BACIA DO S\u00c3O FRANCISCO: DIGA N\u00c3O \u00c0 MEDIDA PROVIS\u00d3RIA 1.154\"}]},{\"@type\":\"WebSite\",\"@id\":\"https:\\\/\\\/blogdofarnesio.com.br\\\/#website\",\"url\":\"https:\\\/\\\/blogdofarnesio.com.br\\\/\",\"name\":\"Blog do Farn\u00e9sio\",\"description\":\"Quer Saber Pol\u00edtica?\",\"publisher\":{\"@id\":\"https:\\\/\\\/blogdofarnesio.com.br\\\/#organization\"},\"potentialAction\":[{\"@type\":\"SearchAction\",\"target\":{\"@type\":\"EntryPoint\",\"urlTemplate\":\"https:\\\/\\\/blogdofarnesio.com.br\\\/?s={search_term_string}\"},\"query-input\":{\"@type\":\"PropertyValueSpecification\",\"valueRequired\":true,\"valueName\":\"search_term_string\"}}],\"inLanguage\":\"pt-BR\"},{\"@type\":\"Organization\",\"@id\":\"https:\\\/\\\/blogdofarnesio.com.br\\\/#organization\",\"name\":\"Blog do Farn\u00e9sio\",\"url\":\"https:\\\/\\\/blogdofarnesio.com.br\\\/\",\"logo\":{\"@type\":\"ImageObject\",\"inLanguage\":\"pt-BR\",\"@id\":\"https:\\\/\\\/blogdofarnesio.com.br\\\/#\\\/schema\\\/logo\\\/image\\\/\",\"url\":\"https:\\\/\\\/blogdofarnesio.com.br\\\/wp-content\\\/uploads\\\/2026\\\/03\\\/cropped-logo_new-1.png\",\"contentUrl\":\"https:\\\/\\\/blogdofarnesio.com.br\\\/wp-content\\\/uploads\\\/2026\\\/03\\\/cropped-logo_new-1.png\",\"width\":881,\"height\":685,\"caption\":\"Blog do Farn\u00e9sio\"},\"image\":{\"@id\":\"https:\\\/\\\/blogdofarnesio.com.br\\\/#\\\/schema\\\/logo\\\/image\\\/\"},\"sameAs\":[\"https:\\\/\\\/www.facebook.com\\\/BlogQuerSaberPolitica\\\/\"]},{\"@type\":\"Person\",\"@id\":\"https:\\\/\\\/blogdofarnesio.com.br\\\/#\\\/schema\\\/person\\\/bb9b23ae3ad0609ce8df7b6c9e76824d\",\"name\":\"Farn\u00e9sio\",\"image\":{\"@type\":\"ImageObject\",\"inLanguage\":\"pt-BR\",\"@id\":\"https:\\\/\\\/secure.gravatar.com\\\/avatar\\\/986aa4c61ccdb66f8555bf88fc2a65609d00bcabd4d2d94377a727547345cbca?s=96&d=mm&r=g\",\"url\":\"https:\\\/\\\/secure.gravatar.com\\\/avatar\\\/986aa4c61ccdb66f8555bf88fc2a65609d00bcabd4d2d94377a727547345cbca?s=96&d=mm&r=g\",\"contentUrl\":\"https:\\\/\\\/secure.gravatar.com\\\/avatar\\\/986aa4c61ccdb66f8555bf88fc2a65609d00bcabd4d2d94377a727547345cbca?s=96&d=mm&r=g\",\"caption\":\"Farn\u00e9sio\"},\"description\":\"Radialista blogueiro, chegou a Petrolina\\\/Juazeiro em setembro de 1980, Farn\u00e9sio Silva \u00e9 de Arapiraca-Alagoas.\",\"sameAs\":[\"http:\\\/\\\/blogdofarnesio.com.br\",\"https:\\\/\\\/www.facebook.com\\\/?ref=tn_tnmn\",\"https:\\\/\\\/www.instagram.com\\\/?utm_source=pwa_homescreen\",\"https:\\\/\\\/youtube.com.br\\\/\"],\"url\":\"https:\\\/\\\/blogdofarnesio.com.br\\\/?author=2\"}]}<\/script>\n<!-- \/ Yoast SEO plugin. -->","yoast_head_json":{"title":"NOTA P\u00daBLICA DO COMIT\u00ca DA BACIA DO S\u00c3O FRANCISCO: DIGA N\u00c3O \u00c0 MEDIDA PROVIS\u00d3RIA 1.154 - Blog do Farn\u00e9sio","robots":{"index":"index","follow":"follow","max-snippet":"max-snippet:-1","max-image-preview":"max-image-preview:large","max-video-preview":"max-video-preview:-1"},"canonical":"https:\/\/blogdofarnesio.com.br\/?p=341773","og_locale":"pt_BR","og_type":"article","og_title":"NOTA P\u00daBLICA DO COMIT\u00ca DA BACIA DO S\u00c3O FRANCISCO: DIGA N\u00c3O \u00c0 MEDIDA PROVIS\u00d3RIA 1.154 - Blog do Farn\u00e9sio","og_description":"O CBHSF vem a p\u00fablico manifestar contrariedade \u00e0 Medida Provis\u00f3ria 1.154, que, caso seja aprovada, esvaziar\u00e1 de forma absurda as prerrogativas, atribui\u00e7\u00f5es, pol\u00edticas setoriais e \u00f3rg\u00e3os vitais que comp\u00f5em a estrutura do Minist\u00e9rio do Meio Ambiente e Mudan\u00e7a do Clima. O CBHSF conclama todas as popula\u00e7\u00f5es ribeirinhas, os povos tradicionais, pescadores artesanais, agricultores, aquicultores, industriais, os segmentos da sociedade civil em geral e a todos os usu\u00e1rios das \u00e1guas, bem como a todos e todas servidores e servidoras do poder p\u00fablico, para que, no pr\u00f3ximo dia 03 de junho, dia em que se comemora o Dia Nacional em Defesa do Rio S\u00e3o Francisco, que se unam em torno da Ministra Marina Silva nessa batalha pelo meio ambiente. \u00cdntegra No pr\u00f3ximo&hellip;","og_url":"https:\/\/blogdofarnesio.com.br\/?p=341773","og_site_name":"Blog do Farn\u00e9sio","article_publisher":"https:\/\/www.facebook.com\/BlogQuerSaberPolitica\/","article_author":"https:\/\/www.facebook.com\/?ref=tn_tnmn","article_published_time":"2023-05-30T11:02:09+00:00","og_image":[{"width":506,"height":278,"url":"https:\/\/blogdofarnesio.com.br\/wp-content\/uploads\/2023\/05\/Nota-publica.CBHSF_-e1685389558636.jpeg","type":"image\/jpeg"}],"author":"Farn\u00e9sio","twitter_card":"summary_large_image","twitter_misc":{"Escrito por":"Farn\u00e9sio","Est. tempo de leitura":"3 minutos"},"schema":{"@context":"https:\/\/schema.org","@graph":[{"@type":"Article","@id":"https:\/\/blogdofarnesio.com.br\/?p=341773#article","isPartOf":{"@id":"https:\/\/blogdofarnesio.com.br\/?p=341773"},"author":{"name":"Farn\u00e9sio","@id":"https:\/\/blogdofarnesio.com.br\/#\/schema\/person\/bb9b23ae3ad0609ce8df7b6c9e76824d"},"headline":"NOTA P\u00daBLICA DO COMIT\u00ca DA BACIA DO S\u00c3O FRANCISCO: DIGA N\u00c3O \u00c0 MEDIDA PROVIS\u00d3RIA 1.154","datePublished":"2023-05-30T11:02:09+00:00","mainEntityOfPage":{"@id":"https:\/\/blogdofarnesio.com.br\/?p=341773"},"wordCount":601,"commentCount":0,"publisher":{"@id":"https:\/\/blogdofarnesio.com.br\/#organization"},"image":{"@id":"https:\/\/blogdofarnesio.com.br\/?p=341773#primaryimage"},"thumbnailUrl":"https:\/\/blogdofarnesio.com.br\/wp-content\/uploads\/2023\/05\/Nota-publica.CBHSF_-e1685389558636.jpeg","articleSection":["\u00c1gua"],"inLanguage":"pt-BR","potentialAction":[{"@type":"CommentAction","name":"Comment","target":["https:\/\/blogdofarnesio.com.br\/?p=341773#respond"]}]},{"@type":"WebPage","@id":"https:\/\/blogdofarnesio.com.br\/?p=341773","url":"https:\/\/blogdofarnesio.com.br\/?p=341773","name":"NOTA P\u00daBLICA DO COMIT\u00ca DA BACIA DO S\u00c3O FRANCISCO: DIGA N\u00c3O \u00c0 MEDIDA PROVIS\u00d3RIA 1.154 - Blog do Farn\u00e9sio","isPartOf":{"@id":"https:\/\/blogdofarnesio.com.br\/#website"},"primaryImageOfPage":{"@id":"https:\/\/blogdofarnesio.com.br\/?p=341773#primaryimage"},"image":{"@id":"https:\/\/blogdofarnesio.com.br\/?p=341773#primaryimage"},"thumbnailUrl":"https:\/\/blogdofarnesio.com.br\/wp-content\/uploads\/2023\/05\/Nota-publica.CBHSF_-e1685389558636.jpeg","datePublished":"2023-05-30T11:02:09+00:00","breadcrumb":{"@id":"https:\/\/blogdofarnesio.com.br\/?p=341773#breadcrumb"},"inLanguage":"pt-BR","potentialAction":[{"@type":"ReadAction","target":["https:\/\/blogdofarnesio.com.br\/?p=341773"]}]},{"@type":"ImageObject","inLanguage":"pt-BR","@id":"https:\/\/blogdofarnesio.com.br\/?p=341773#primaryimage","url":"https:\/\/blogdofarnesio.com.br\/wp-content\/uploads\/2023\/05\/Nota-publica.CBHSF_-e1685389558636.jpeg","contentUrl":"https:\/\/blogdofarnesio.com.br\/wp-content\/uploads\/2023\/05\/Nota-publica.CBHSF_-e1685389558636.jpeg","width":506,"height":278},{"@type":"BreadcrumbList","@id":"https:\/\/blogdofarnesio.com.br\/?p=341773#breadcrumb","itemListElement":[{"@type":"ListItem","position":1,"name":"In\u00edcio","item":"https:\/\/blogdofarnesio.com.br\/"},{"@type":"ListItem","position":2,"name":"NOTA P\u00daBLICA DO COMIT\u00ca DA BACIA DO S\u00c3O FRANCISCO: DIGA N\u00c3O \u00c0 MEDIDA PROVIS\u00d3RIA 1.154"}]},{"@type":"WebSite","@id":"https:\/\/blogdofarnesio.com.br\/#website","url":"https:\/\/blogdofarnesio.com.br\/","name":"Blog do Farn\u00e9sio","description":"Quer Saber Pol\u00edtica?","publisher":{"@id":"https:\/\/blogdofarnesio.com.br\/#organization"},"potentialAction":[{"@type":"SearchAction","target":{"@type":"EntryPoint","urlTemplate":"https:\/\/blogdofarnesio.com.br\/?s={search_term_string}"},"query-input":{"@type":"PropertyValueSpecification","valueRequired":true,"valueName":"search_term_string"}}],"inLanguage":"pt-BR"},{"@type":"Organization","@id":"https:\/\/blogdofarnesio.com.br\/#organization","name":"Blog do Farn\u00e9sio","url":"https:\/\/blogdofarnesio.com.br\/","logo":{"@type":"ImageObject","inLanguage":"pt-BR","@id":"https:\/\/blogdofarnesio.com.br\/#\/schema\/logo\/image\/","url":"https:\/\/blogdofarnesio.com.br\/wp-content\/uploads\/2026\/03\/cropped-logo_new-1.png","contentUrl":"https:\/\/blogdofarnesio.com.br\/wp-content\/uploads\/2026\/03\/cropped-logo_new-1.png","width":881,"height":685,"caption":"Blog do Farn\u00e9sio"},"image":{"@id":"https:\/\/blogdofarnesio.com.br\/#\/schema\/logo\/image\/"},"sameAs":["https:\/\/www.facebook.com\/BlogQuerSaberPolitica\/"]},{"@type":"Person","@id":"https:\/\/blogdofarnesio.com.br\/#\/schema\/person\/bb9b23ae3ad0609ce8df7b6c9e76824d","name":"Farn\u00e9sio","image":{"@type":"ImageObject","inLanguage":"pt-BR","@id":"https:\/\/secure.gravatar.com\/avatar\/986aa4c61ccdb66f8555bf88fc2a65609d00bcabd4d2d94377a727547345cbca?s=96&d=mm&r=g","url":"https:\/\/secure.gravatar.com\/avatar\/986aa4c61ccdb66f8555bf88fc2a65609d00bcabd4d2d94377a727547345cbca?s=96&d=mm&r=g","contentUrl":"https:\/\/secure.gravatar.com\/avatar\/986aa4c61ccdb66f8555bf88fc2a65609d00bcabd4d2d94377a727547345cbca?s=96&d=mm&r=g","caption":"Farn\u00e9sio"},"description":"Radialista blogueiro, chegou a Petrolina\/Juazeiro em setembro de 1980, Farn\u00e9sio Silva \u00e9 de Arapiraca-Alagoas.","sameAs":["http:\/\/blogdofarnesio.com.br","https:\/\/www.facebook.com\/?ref=tn_tnmn","https:\/\/www.instagram.com\/?utm_source=pwa_homescreen","https:\/\/youtube.com.br\/"],"url":"https:\/\/blogdofarnesio.com.br\/?author=2"}]}},"_links":{"self":[{"href":"https:\/\/blogdofarnesio.com.br\/index.php?rest_route=\/wp\/v2\/posts\/341773","targetHints":{"allow":["GET"]}}],"collection":[{"href":"https:\/\/blogdofarnesio.com.br\/index.php?rest_route=\/wp\/v2\/posts"}],"about":[{"href":"https:\/\/blogdofarnesio.com.br\/index.php?rest_route=\/wp\/v2\/types\/post"}],"author":[{"embeddable":true,"href":"https:\/\/blogdofarnesio.com.br\/index.php?rest_route=\/wp\/v2\/users\/2"}],"replies":[{"embeddable":true,"href":"https:\/\/blogdofarnesio.com.br\/index.php?rest_route=%2Fwp%2Fv2%2Fcomments&post=341773"}],"version-history":[{"count":0,"href":"https:\/\/blogdofarnesio.com.br\/index.php?rest_route=\/wp\/v2\/posts\/341773\/revisions"}],"wp:featuredmedia":[{"embeddable":true,"href":"https:\/\/blogdofarnesio.com.br\/index.php?rest_route=\/wp\/v2\/media\/341774"}],"wp:attachment":[{"href":"https:\/\/blogdofarnesio.com.br\/index.php?rest_route=%2Fwp%2Fv2%2Fmedia&parent=341773"}],"wp:term":[{"taxonomy":"category","embeddable":true,"href":"https:\/\/blogdofarnesio.com.br\/index.php?rest_route=%2Fwp%2Fv2%2Fcategories&post=341773"},{"taxonomy":"post_tag","embeddable":true,"href":"https:\/\/blogdofarnesio.com.br\/index.php?rest_route=%2Fwp%2Fv2%2Ftags&post=341773"}],"curies":[{"name":"wp","href":"https:\/\/api.w.org\/{rel}","templated":true}]}}