{"id":341577,"date":"2023-05-26T16:23:49","date_gmt":"2023-05-26T19:23:49","guid":{"rendered":"https:\/\/blogdofarnesio.com.br\/?p=341577"},"modified":"2023-05-26T15:26:03","modified_gmt":"2023-05-26T18:26:03","slug":"gestao-suzana-ramos-investe-em-obras-que-estao-transformando-escolas-municipais-em-itamotinga","status":"publish","type":"post","link":"https:\/\/blogdofarnesio.com.br\/?p=341577","title":{"rendered":"Gest\u00e3o Suzana Ramos investe em obras que est\u00e3o transformando escolas municipais em Itamotinga"},"content":{"rendered":"<p>Com investimento de mais de R$ 4 milh\u00f5es em recursos pr\u00f3prios, a gest\u00e3o Suzana Ramos est\u00e1 transformando as escolas municipais do distrito de Itamotinga.<\/p>\n<p>At\u00e9 o segundo semestre, a Prefeitura de Juazeiro, por meio da Secretaria de Educa\u00e7\u00e3o e Juventude (Seduc) vai entregar a Escola Municipal Professora Iracy Nunes da Silva e a Escola Municipal Rural de Tempo Integral S\u00e3o Jos\u00e9 totalmente requalificadas, al\u00e9m de uma nova creche constru\u00edda do zero no NH3.<\/p>\n<p>Em est\u00e1gio avan\u00e7ado, as obras refor\u00e7am o compromisso da Prefeitura com a inf\u00e2ncia, a melhoria do ensino aprendizagem e a valoriza\u00e7\u00e3o dos profissionais da educa\u00e7\u00e3o. \u201cEstamos trabalhando n\u00e3o apenas para oferecer uma melhor qualidade de ensino para as nossas crian\u00e7as, mas para criar ambientes seguros e com infraestrutura adequada para potencializar o aprendizado e o trabalho dos professores, al\u00e9m de ampliar a oferta de vagas para a comunidade\u201d, afirma a prefeita Suzana Ramos.<\/p>\n<p>&nbsp;<\/p>\n<p>O secret\u00e1rio de Educa\u00e7\u00e3o e Juventude, Wank Medrado, destaca os investimentos do munic\u00edpio na infraestrutura escolar. \u201cDesde o in\u00edcio da gest\u00e3o Suzana Ramos j\u00e1 conclu\u00edmos a requalifica\u00e7\u00e3o de 54 escolas e temos mais 11 obras em andamento na sede e no interior. S\u00e3o unidades de ensino com ambientes totalmente climatizados, mobili\u00e1rio novo e mais confort\u00e1vel, parques infantis, entre outras melhorias\u201d, destaca Wank.<\/p>\n<p>&nbsp;<\/p>\n<p><strong>Escolas reformadas e ampliadas<\/strong><\/p>\n<p>&nbsp;<\/p>\n<p>H\u00e1 22 anos sem receber requalifica\u00e7\u00f5es, a Escola Municipal Professora Iracy Nunes da Silva, localizada na sede do distrito de Itamotinga teve 80% de sua estrutura demolida para reconstru\u00e7\u00e3o, devido a problemas estruturais causados pela topografia irregular. \u201cAs paredes da escola tinham muitas rachaduras, ent\u00e3o precisamos demolir quase a totalidade da estrutura, nivelar o terreno e garantir a seguran\u00e7a da obra. Com recurso de aproximadamente R$ 2 milh\u00f5es, a nova unidade ter\u00e1 capacidade para atender at\u00e9 790 estudantes, com 12 salas de aula, sala multiuso, parque infantil, banheiros acess\u00edveis, etc\u201d, conta o engenheiro respons\u00e1vel pela obra, Bismarck Cavalcanti.<\/p>\n<p>&nbsp;<\/p>\n<p>J\u00e1 a reforma e amplia\u00e7\u00e3o da Escola Municipal Rural de Tempo Integral S\u00e3o Jos\u00e9, vai ganhar mais 7 salas de aula, uma padaria, sala de Atendimento Educacional Especializado (AEE), sala de leitura e sala de inform\u00e1tica. A obra ter\u00e1 investimento de quase R$ 900 mil.<\/p>\n<p>&nbsp;<\/p>\n<p><strong>Nova creche<\/strong><\/p>\n<p>&nbsp;<\/p>\n<p>A comunidade do NH3, em Itamotinga, tamb\u00e9m ser\u00e1 beneficiada com uma nova creche, com capacidade para receber at\u00e9 280 crian\u00e7as. A unidade est\u00e1 sendo constru\u00edda em uma \u00e1rea de 658 km\u00b2, com investimento de R$ 1,2 milh\u00e3o. Entre outros ambientes, a obra inclui cinco salas de aula, sala multiuso e parque infantil.<\/p>\n<p>&nbsp;<\/p>\n<p>Texto: Eneida Trindade \u2013 Ascom\/Seduc\/PMJ<\/p>\n<p>Fotos: Marcel Cordeiro<\/p>\n","protected":false},"excerpt":{"rendered":"<p>Com investimento de mais de R$ 4 milh\u00f5es em recursos pr\u00f3prios, a gest\u00e3o Suzana Ramos est\u00e1 transformando as escolas municipais do distrito de Itamotinga. At\u00e9 o segundo semestre, a Prefeitura de Juazeiro, por meio da Secretaria de Educa\u00e7\u00e3o e Juventude (Seduc) vai entregar a Escola Municipal Professora Iracy Nunes da Silva e a Escola Municipal Rural de Tempo Integral S\u00e3o Jos\u00e9 totalmente requalificadas, al\u00e9m de uma nova creche constru\u00edda do zero no NH3. Em est\u00e1gio avan\u00e7ado, as obras refor\u00e7am o compromisso da Prefeitura com a inf\u00e2ncia, a melhoria do ensino aprendizagem e a valoriza\u00e7\u00e3o dos profissionais da educa\u00e7\u00e3o. \u201cEstamos trabalhando n\u00e3o apenas para oferecer uma melhor qualidade de ensino para as nossas crian\u00e7as, mas para criar ambientes seguros e com&hellip; <\/p>\n","protected":false},"author":2,"featured_media":341578,"comment_status":"open","ping_status":"open","sticky":false,"template":"","format":"standard","meta":{"_acf_changed":false,"footnotes":""},"categories":[44],"tags":[],"class_list":["post-341577","post","type-post","status-publish","format-standard","has-post-thumbnail","hentry","category-administracao"],"acf":[],"yoast_head":"<!-- This site is optimized with the Yoast SEO plugin v27.4 - https:\/\/yoast.com\/product\/yoast-seo-wordpress\/ -->\n<title>Gest\u00e3o Suzana Ramos investe em obras que est\u00e3o transformando escolas municipais em Itamotinga - Blog do Farn\u00e9sio<\/title>\n<meta name=\"robots\" content=\"index, follow, max-snippet:-1, max-image-preview:large, max-video-preview:-1\" \/>\n<link rel=\"canonical\" href=\"https:\/\/blogdofarnesio.com.br\/?p=341577\" \/>\n<meta property=\"og:locale\" content=\"pt_BR\" \/>\n<meta property=\"og:type\" content=\"article\" \/>\n<meta property=\"og:title\" content=\"Gest\u00e3o Suzana Ramos investe em obras que est\u00e3o transformando escolas municipais em Itamotinga - Blog do Farn\u00e9sio\" \/>\n<meta property=\"og:description\" content=\"Com investimento de mais de R$ 4 milh\u00f5es em recursos pr\u00f3prios, a gest\u00e3o Suzana Ramos est\u00e1 transformando as escolas municipais do distrito de Itamotinga. At\u00e9 o segundo semestre, a Prefeitura de Juazeiro, por meio da Secretaria de Educa\u00e7\u00e3o e Juventude (Seduc) vai entregar a Escola Municipal Professora Iracy Nunes da Silva e a Escola Municipal Rural de Tempo Integral S\u00e3o Jos\u00e9 totalmente requalificadas, al\u00e9m de uma nova creche constru\u00edda do zero no NH3. Em est\u00e1gio avan\u00e7ado, as obras refor\u00e7am o compromisso da Prefeitura com a inf\u00e2ncia, a melhoria do ensino aprendizagem e a valoriza\u00e7\u00e3o dos profissionais da educa\u00e7\u00e3o. \u201cEstamos trabalhando n\u00e3o apenas para oferecer uma melhor qualidade de ensino para as nossas crian\u00e7as, mas para criar ambientes seguros e com&hellip;\" \/>\n<meta property=\"og:url\" content=\"https:\/\/blogdofarnesio.com.br\/?p=341577\" \/>\n<meta property=\"og:site_name\" content=\"Blog do Farn\u00e9sio\" \/>\n<meta property=\"article:publisher\" content=\"https:\/\/www.facebook.com\/BlogQuerSaberPolitica\/\" \/>\n<meta property=\"article:author\" content=\"https:\/\/www.facebook.com\/?ref=tn_tnmn\" \/>\n<meta property=\"article:published_time\" content=\"2023-05-26T19:23:49+00:00\" \/>\n<meta property=\"og:image\" content=\"https:\/\/blogdofarnesio.com.br\/wp-content\/uploads\/2023\/05\/escolas-itamotinga-24.05.2023-17-de-21-e1685120129404.jpg\" \/>\n\t<meta property=\"og:image:width\" content=\"620\" \/>\n\t<meta property=\"og:image:height\" content=\"413\" \/>\n\t<meta property=\"og:image:type\" content=\"image\/jpeg\" \/>\n<meta name=\"author\" content=\"Farn\u00e9sio\" \/>\n<meta name=\"twitter:card\" content=\"summary_large_image\" \/>\n<meta name=\"twitter:label1\" content=\"Escrito por\" \/>\n\t<meta name=\"twitter:data1\" content=\"Farn\u00e9sio\" \/>\n\t<meta name=\"twitter:label2\" content=\"Est. tempo de leitura\" \/>\n\t<meta name=\"twitter:data2\" content=\"3 minutos\" \/>\n<script type=\"application\/ld+json\" class=\"yoast-schema-graph\">{\"@context\":\"https:\\\/\\\/schema.org\",\"@graph\":[{\"@type\":\"Article\",\"@id\":\"https:\\\/\\\/blogdofarnesio.com.br\\\/?p=341577#article\",\"isPartOf\":{\"@id\":\"https:\\\/\\\/blogdofarnesio.com.br\\\/?p=341577\"},\"author\":{\"name\":\"Farn\u00e9sio\",\"@id\":\"https:\\\/\\\/blogdofarnesio.com.br\\\/#\\\/schema\\\/person\\\/bb9b23ae3ad0609ce8df7b6c9e76824d\"},\"headline\":\"Gest\u00e3o Suzana Ramos investe em obras que est\u00e3o transformando escolas municipais em Itamotinga\",\"datePublished\":\"2023-05-26T19:23:49+00:00\",\"mainEntityOfPage\":{\"@id\":\"https:\\\/\\\/blogdofarnesio.com.br\\\/?p=341577\"},\"wordCount\":467,\"commentCount\":0,\"publisher\":{\"@id\":\"https:\\\/\\\/blogdofarnesio.com.br\\\/#organization\"},\"image\":{\"@id\":\"https:\\\/\\\/blogdofarnesio.com.br\\\/?p=341577#primaryimage\"},\"thumbnailUrl\":\"https:\\\/\\\/blogdofarnesio.com.br\\\/wp-content\\\/uploads\\\/2023\\\/05\\\/escolas-itamotinga-24.05.2023-17-de-21-e1685120129404.jpg\",\"articleSection\":[\"Administra\u00e7\u00e3o\"],\"inLanguage\":\"pt-BR\",\"potentialAction\":[{\"@type\":\"CommentAction\",\"name\":\"Comment\",\"target\":[\"https:\\\/\\\/blogdofarnesio.com.br\\\/?p=341577#respond\"]}]},{\"@type\":\"WebPage\",\"@id\":\"https:\\\/\\\/blogdofarnesio.com.br\\\/?p=341577\",\"url\":\"https:\\\/\\\/blogdofarnesio.com.br\\\/?p=341577\",\"name\":\"Gest\u00e3o Suzana Ramos investe em obras que est\u00e3o transformando escolas municipais em Itamotinga - Blog do Farn\u00e9sio\",\"isPartOf\":{\"@id\":\"https:\\\/\\\/blogdofarnesio.com.br\\\/#website\"},\"primaryImageOfPage\":{\"@id\":\"https:\\\/\\\/blogdofarnesio.com.br\\\/?p=341577#primaryimage\"},\"image\":{\"@id\":\"https:\\\/\\\/blogdofarnesio.com.br\\\/?p=341577#primaryimage\"},\"thumbnailUrl\":\"https:\\\/\\\/blogdofarnesio.com.br\\\/wp-content\\\/uploads\\\/2023\\\/05\\\/escolas-itamotinga-24.05.2023-17-de-21-e1685120129404.jpg\",\"datePublished\":\"2023-05-26T19:23:49+00:00\",\"breadcrumb\":{\"@id\":\"https:\\\/\\\/blogdofarnesio.com.br\\\/?p=341577#breadcrumb\"},\"inLanguage\":\"pt-BR\",\"potentialAction\":[{\"@type\":\"ReadAction\",\"target\":[\"https:\\\/\\\/blogdofarnesio.com.br\\\/?p=341577\"]}]},{\"@type\":\"ImageObject\",\"inLanguage\":\"pt-BR\",\"@id\":\"https:\\\/\\\/blogdofarnesio.com.br\\\/?p=341577#primaryimage\",\"url\":\"https:\\\/\\\/blogdofarnesio.com.br\\\/wp-content\\\/uploads\\\/2023\\\/05\\\/escolas-itamotinga-24.05.2023-17-de-21-e1685120129404.jpg\",\"contentUrl\":\"https:\\\/\\\/blogdofarnesio.com.br\\\/wp-content\\\/uploads\\\/2023\\\/05\\\/escolas-itamotinga-24.05.2023-17-de-21-e1685120129404.jpg\",\"width\":620,\"height\":413},{\"@type\":\"BreadcrumbList\",\"@id\":\"https:\\\/\\\/blogdofarnesio.com.br\\\/?p=341577#breadcrumb\",\"itemListElement\":[{\"@type\":\"ListItem\",\"position\":1,\"name\":\"In\u00edcio\",\"item\":\"https:\\\/\\\/blogdofarnesio.com.br\\\/\"},{\"@type\":\"ListItem\",\"position\":2,\"name\":\"Gest\u00e3o Suzana Ramos investe em obras que est\u00e3o transformando escolas municipais em Itamotinga\"}]},{\"@type\":\"WebSite\",\"@id\":\"https:\\\/\\\/blogdofarnesio.com.br\\\/#website\",\"url\":\"https:\\\/\\\/blogdofarnesio.com.br\\\/\",\"name\":\"Blog do Farn\u00e9sio\",\"description\":\"Quer Saber Pol\u00edtica?\",\"publisher\":{\"@id\":\"https:\\\/\\\/blogdofarnesio.com.br\\\/#organization\"},\"potentialAction\":[{\"@type\":\"SearchAction\",\"target\":{\"@type\":\"EntryPoint\",\"urlTemplate\":\"https:\\\/\\\/blogdofarnesio.com.br\\\/?s={search_term_string}\"},\"query-input\":{\"@type\":\"PropertyValueSpecification\",\"valueRequired\":true,\"valueName\":\"search_term_string\"}}],\"inLanguage\":\"pt-BR\"},{\"@type\":\"Organization\",\"@id\":\"https:\\\/\\\/blogdofarnesio.com.br\\\/#organization\",\"name\":\"Blog do Farn\u00e9sio\",\"url\":\"https:\\\/\\\/blogdofarnesio.com.br\\\/\",\"logo\":{\"@type\":\"ImageObject\",\"inLanguage\":\"pt-BR\",\"@id\":\"https:\\\/\\\/blogdofarnesio.com.br\\\/#\\\/schema\\\/logo\\\/image\\\/\",\"url\":\"https:\\\/\\\/blogdofarnesio.com.br\\\/wp-content\\\/uploads\\\/2026\\\/03\\\/cropped-logo_new-1.png\",\"contentUrl\":\"https:\\\/\\\/blogdofarnesio.com.br\\\/wp-content\\\/uploads\\\/2026\\\/03\\\/cropped-logo_new-1.png\",\"width\":881,\"height\":685,\"caption\":\"Blog do Farn\u00e9sio\"},\"image\":{\"@id\":\"https:\\\/\\\/blogdofarnesio.com.br\\\/#\\\/schema\\\/logo\\\/image\\\/\"},\"sameAs\":[\"https:\\\/\\\/www.facebook.com\\\/BlogQuerSaberPolitica\\\/\"]},{\"@type\":\"Person\",\"@id\":\"https:\\\/\\\/blogdofarnesio.com.br\\\/#\\\/schema\\\/person\\\/bb9b23ae3ad0609ce8df7b6c9e76824d\",\"name\":\"Farn\u00e9sio\",\"image\":{\"@type\":\"ImageObject\",\"inLanguage\":\"pt-BR\",\"@id\":\"https:\\\/\\\/secure.gravatar.com\\\/avatar\\\/986aa4c61ccdb66f8555bf88fc2a65609d00bcabd4d2d94377a727547345cbca?s=96&d=mm&r=g\",\"url\":\"https:\\\/\\\/secure.gravatar.com\\\/avatar\\\/986aa4c61ccdb66f8555bf88fc2a65609d00bcabd4d2d94377a727547345cbca?s=96&d=mm&r=g\",\"contentUrl\":\"https:\\\/\\\/secure.gravatar.com\\\/avatar\\\/986aa4c61ccdb66f8555bf88fc2a65609d00bcabd4d2d94377a727547345cbca?s=96&d=mm&r=g\",\"caption\":\"Farn\u00e9sio\"},\"description\":\"Radialista blogueiro, chegou a Petrolina\\\/Juazeiro em setembro de 1980, Farn\u00e9sio Silva \u00e9 de Arapiraca-Alagoas.\",\"sameAs\":[\"http:\\\/\\\/blogdofarnesio.com.br\",\"https:\\\/\\\/www.facebook.com\\\/?ref=tn_tnmn\",\"https:\\\/\\\/www.instagram.com\\\/?utm_source=pwa_homescreen\",\"https:\\\/\\\/youtube.com.br\\\/\"],\"url\":\"https:\\\/\\\/blogdofarnesio.com.br\\\/?author=2\"}]}<\/script>\n<!-- \/ Yoast SEO plugin. -->","yoast_head_json":{"title":"Gest\u00e3o Suzana Ramos investe em obras que est\u00e3o transformando escolas municipais em Itamotinga - Blog do Farn\u00e9sio","robots":{"index":"index","follow":"follow","max-snippet":"max-snippet:-1","max-image-preview":"max-image-preview:large","max-video-preview":"max-video-preview:-1"},"canonical":"https:\/\/blogdofarnesio.com.br\/?p=341577","og_locale":"pt_BR","og_type":"article","og_title":"Gest\u00e3o Suzana Ramos investe em obras que est\u00e3o transformando escolas municipais em Itamotinga - Blog do Farn\u00e9sio","og_description":"Com investimento de mais de R$ 4 milh\u00f5es em recursos pr\u00f3prios, a gest\u00e3o Suzana Ramos est\u00e1 transformando as escolas municipais do distrito de Itamotinga. At\u00e9 o segundo semestre, a Prefeitura de Juazeiro, por meio da Secretaria de Educa\u00e7\u00e3o e Juventude (Seduc) vai entregar a Escola Municipal Professora Iracy Nunes da Silva e a Escola Municipal Rural de Tempo Integral S\u00e3o Jos\u00e9 totalmente requalificadas, al\u00e9m de uma nova creche constru\u00edda do zero no NH3. Em est\u00e1gio avan\u00e7ado, as obras refor\u00e7am o compromisso da Prefeitura com a inf\u00e2ncia, a melhoria do ensino aprendizagem e a valoriza\u00e7\u00e3o dos profissionais da educa\u00e7\u00e3o. \u201cEstamos trabalhando n\u00e3o apenas para oferecer uma melhor qualidade de ensino para as nossas crian\u00e7as, mas para criar ambientes seguros e com&hellip;","og_url":"https:\/\/blogdofarnesio.com.br\/?p=341577","og_site_name":"Blog do Farn\u00e9sio","article_publisher":"https:\/\/www.facebook.com\/BlogQuerSaberPolitica\/","article_author":"https:\/\/www.facebook.com\/?ref=tn_tnmn","article_published_time":"2023-05-26T19:23:49+00:00","og_image":[{"width":620,"height":413,"url":"https:\/\/blogdofarnesio.com.br\/wp-content\/uploads\/2023\/05\/escolas-itamotinga-24.05.2023-17-de-21-e1685120129404.jpg","type":"image\/jpeg"}],"author":"Farn\u00e9sio","twitter_card":"summary_large_image","twitter_misc":{"Escrito por":"Farn\u00e9sio","Est. tempo de leitura":"3 minutos"},"schema":{"@context":"https:\/\/schema.org","@graph":[{"@type":"Article","@id":"https:\/\/blogdofarnesio.com.br\/?p=341577#article","isPartOf":{"@id":"https:\/\/blogdofarnesio.com.br\/?p=341577"},"author":{"name":"Farn\u00e9sio","@id":"https:\/\/blogdofarnesio.com.br\/#\/schema\/person\/bb9b23ae3ad0609ce8df7b6c9e76824d"},"headline":"Gest\u00e3o Suzana Ramos investe em obras que est\u00e3o transformando escolas municipais em Itamotinga","datePublished":"2023-05-26T19:23:49+00:00","mainEntityOfPage":{"@id":"https:\/\/blogdofarnesio.com.br\/?p=341577"},"wordCount":467,"commentCount":0,"publisher":{"@id":"https:\/\/blogdofarnesio.com.br\/#organization"},"image":{"@id":"https:\/\/blogdofarnesio.com.br\/?p=341577#primaryimage"},"thumbnailUrl":"https:\/\/blogdofarnesio.com.br\/wp-content\/uploads\/2023\/05\/escolas-itamotinga-24.05.2023-17-de-21-e1685120129404.jpg","articleSection":["Administra\u00e7\u00e3o"],"inLanguage":"pt-BR","potentialAction":[{"@type":"CommentAction","name":"Comment","target":["https:\/\/blogdofarnesio.com.br\/?p=341577#respond"]}]},{"@type":"WebPage","@id":"https:\/\/blogdofarnesio.com.br\/?p=341577","url":"https:\/\/blogdofarnesio.com.br\/?p=341577","name":"Gest\u00e3o Suzana Ramos investe em obras que est\u00e3o transformando escolas municipais em Itamotinga - Blog do Farn\u00e9sio","isPartOf":{"@id":"https:\/\/blogdofarnesio.com.br\/#website"},"primaryImageOfPage":{"@id":"https:\/\/blogdofarnesio.com.br\/?p=341577#primaryimage"},"image":{"@id":"https:\/\/blogdofarnesio.com.br\/?p=341577#primaryimage"},"thumbnailUrl":"https:\/\/blogdofarnesio.com.br\/wp-content\/uploads\/2023\/05\/escolas-itamotinga-24.05.2023-17-de-21-e1685120129404.jpg","datePublished":"2023-05-26T19:23:49+00:00","breadcrumb":{"@id":"https:\/\/blogdofarnesio.com.br\/?p=341577#breadcrumb"},"inLanguage":"pt-BR","potentialAction":[{"@type":"ReadAction","target":["https:\/\/blogdofarnesio.com.br\/?p=341577"]}]},{"@type":"ImageObject","inLanguage":"pt-BR","@id":"https:\/\/blogdofarnesio.com.br\/?p=341577#primaryimage","url":"https:\/\/blogdofarnesio.com.br\/wp-content\/uploads\/2023\/05\/escolas-itamotinga-24.05.2023-17-de-21-e1685120129404.jpg","contentUrl":"https:\/\/blogdofarnesio.com.br\/wp-content\/uploads\/2023\/05\/escolas-itamotinga-24.05.2023-17-de-21-e1685120129404.jpg","width":620,"height":413},{"@type":"BreadcrumbList","@id":"https:\/\/blogdofarnesio.com.br\/?p=341577#breadcrumb","itemListElement":[{"@type":"ListItem","position":1,"name":"In\u00edcio","item":"https:\/\/blogdofarnesio.com.br\/"},{"@type":"ListItem","position":2,"name":"Gest\u00e3o Suzana Ramos investe em obras que est\u00e3o transformando escolas municipais em Itamotinga"}]},{"@type":"WebSite","@id":"https:\/\/blogdofarnesio.com.br\/#website","url":"https:\/\/blogdofarnesio.com.br\/","name":"Blog do Farn\u00e9sio","description":"Quer Saber Pol\u00edtica?","publisher":{"@id":"https:\/\/blogdofarnesio.com.br\/#organization"},"potentialAction":[{"@type":"SearchAction","target":{"@type":"EntryPoint","urlTemplate":"https:\/\/blogdofarnesio.com.br\/?s={search_term_string}"},"query-input":{"@type":"PropertyValueSpecification","valueRequired":true,"valueName":"search_term_string"}}],"inLanguage":"pt-BR"},{"@type":"Organization","@id":"https:\/\/blogdofarnesio.com.br\/#organization","name":"Blog do Farn\u00e9sio","url":"https:\/\/blogdofarnesio.com.br\/","logo":{"@type":"ImageObject","inLanguage":"pt-BR","@id":"https:\/\/blogdofarnesio.com.br\/#\/schema\/logo\/image\/","url":"https:\/\/blogdofarnesio.com.br\/wp-content\/uploads\/2026\/03\/cropped-logo_new-1.png","contentUrl":"https:\/\/blogdofarnesio.com.br\/wp-content\/uploads\/2026\/03\/cropped-logo_new-1.png","width":881,"height":685,"caption":"Blog do Farn\u00e9sio"},"image":{"@id":"https:\/\/blogdofarnesio.com.br\/#\/schema\/logo\/image\/"},"sameAs":["https:\/\/www.facebook.com\/BlogQuerSaberPolitica\/"]},{"@type":"Person","@id":"https:\/\/blogdofarnesio.com.br\/#\/schema\/person\/bb9b23ae3ad0609ce8df7b6c9e76824d","name":"Farn\u00e9sio","image":{"@type":"ImageObject","inLanguage":"pt-BR","@id":"https:\/\/secure.gravatar.com\/avatar\/986aa4c61ccdb66f8555bf88fc2a65609d00bcabd4d2d94377a727547345cbca?s=96&d=mm&r=g","url":"https:\/\/secure.gravatar.com\/avatar\/986aa4c61ccdb66f8555bf88fc2a65609d00bcabd4d2d94377a727547345cbca?s=96&d=mm&r=g","contentUrl":"https:\/\/secure.gravatar.com\/avatar\/986aa4c61ccdb66f8555bf88fc2a65609d00bcabd4d2d94377a727547345cbca?s=96&d=mm&r=g","caption":"Farn\u00e9sio"},"description":"Radialista blogueiro, chegou a Petrolina\/Juazeiro em setembro de 1980, Farn\u00e9sio Silva \u00e9 de Arapiraca-Alagoas.","sameAs":["http:\/\/blogdofarnesio.com.br","https:\/\/www.facebook.com\/?ref=tn_tnmn","https:\/\/www.instagram.com\/?utm_source=pwa_homescreen","https:\/\/youtube.com.br\/"],"url":"https:\/\/blogdofarnesio.com.br\/?author=2"}]}},"_links":{"self":[{"href":"https:\/\/blogdofarnesio.com.br\/index.php?rest_route=\/wp\/v2\/posts\/341577","targetHints":{"allow":["GET"]}}],"collection":[{"href":"https:\/\/blogdofarnesio.com.br\/index.php?rest_route=\/wp\/v2\/posts"}],"about":[{"href":"https:\/\/blogdofarnesio.com.br\/index.php?rest_route=\/wp\/v2\/types\/post"}],"author":[{"embeddable":true,"href":"https:\/\/blogdofarnesio.com.br\/index.php?rest_route=\/wp\/v2\/users\/2"}],"replies":[{"embeddable":true,"href":"https:\/\/blogdofarnesio.com.br\/index.php?rest_route=%2Fwp%2Fv2%2Fcomments&post=341577"}],"version-history":[{"count":0,"href":"https:\/\/blogdofarnesio.com.br\/index.php?rest_route=\/wp\/v2\/posts\/341577\/revisions"}],"wp:featuredmedia":[{"embeddable":true,"href":"https:\/\/blogdofarnesio.com.br\/index.php?rest_route=\/wp\/v2\/media\/341578"}],"wp:attachment":[{"href":"https:\/\/blogdofarnesio.com.br\/index.php?rest_route=%2Fwp%2Fv2%2Fmedia&parent=341577"}],"wp:term":[{"taxonomy":"category","embeddable":true,"href":"https:\/\/blogdofarnesio.com.br\/index.php?rest_route=%2Fwp%2Fv2%2Fcategories&post=341577"},{"taxonomy":"post_tag","embeddable":true,"href":"https:\/\/blogdofarnesio.com.br\/index.php?rest_route=%2Fwp%2Fv2%2Ftags&post=341577"}],"curies":[{"name":"wp","href":"https:\/\/api.w.org\/{rel}","templated":true}]}}