{"id":341561,"date":"2023-05-26T13:00:25","date_gmt":"2023-05-26T16:00:25","guid":{"rendered":"https:\/\/blogdofarnesio.com.br\/?p=341561"},"modified":"2023-05-26T09:21:50","modified_gmt":"2023-05-26T12:21:50","slug":"vice-diretor-de-escola-fica-ferido-apos-ser-agredido-com-faca-por-adolescente-em-colegio-da-bahia","status":"publish","type":"post","link":"https:\/\/blogdofarnesio.com.br\/?p=341561","title":{"rendered":"Vice-diretor de escola fica ferido ap\u00f3s ser agredido com faca por adolescente em col\u00e9gio da Bahia"},"content":{"rendered":"<div class=\"sc-8a384deb-0 gcFtGo\"><\/div>\n<div class=\"sc-494c7b39-1 bRxsec\">\n<div class=\"sc-494c7b39-2 dUevSg\">\n<div class=\"imgCredits\">O vice-diretor do Col\u00e9gio Estadual Professor Nelson Barros, localizado em Cajazeiras 10, em Salvador, ficou ferido ap\u00f3s ser agredido com uma faca por um aluno de 16 anos, na tarde desta quinta-feira (25). A v\u00edtima foi levada para o Hospital El\u00e1dio Lasserre, onde foi atendida e liberada ainda na noite do mesmo dia da agress\u00e3o. As informa\u00e7\u00f5es s\u00e3o do G1.<\/div>\n<\/div>\n<div class=\"sc-494c7b39-3 fUSHdU\">\n<p>Testemunhas informaram \u00e0 \u00a0TV Bahia que a motiva\u00e7\u00e3o da agress\u00e3o teria sido uma advert\u00eancia, ap\u00f3s o aluno soltar uma bomba de S\u00e3o Jo\u00e3o na escola. A Pol\u00edcia Civil, no entanto, n\u00e3o confirma essa informa\u00e7\u00e3o.<\/p>\n<p>A Secretaria Estadual de Educa\u00e7\u00e3o (SEC) informou que est\u00e1 acompanhando o caso e encaminhou uma equipe para dar assist\u00eancia \u00e0 escola. J\u00e1 o adolescente foi levado para a Delegacia para o Adolescente Infrator (DAI), acompanhado pela m\u00e3e.<\/p>\n<p>&nbsp;<\/p>\n<p>Ap\u00f3s o caso, as aulas da unidade de ensino foram suspensas. Atrav\u00e9s das redes sociais, a institui\u00e7\u00e3o informou que a programa\u00e7\u00e3o desta sexta (26) tamb\u00e9m foi suspensa. As atividades devem ser retomadas na segunda (29).<\/p>\n<\/div>\n<\/div>\n","protected":false},"excerpt":{"rendered":"<p>O vice-diretor do Col\u00e9gio Estadual Professor Nelson Barros, localizado em Cajazeiras 10, em Salvador, ficou ferido ap\u00f3s ser agredido com uma faca por um aluno de 16 anos, na tarde desta quinta-feira (25). A v\u00edtima foi levada para o Hospital El\u00e1dio Lasserre, onde foi atendida e liberada ainda na noite do mesmo dia da agress\u00e3o. As informa\u00e7\u00f5es s\u00e3o do G1. Testemunhas informaram \u00e0 \u00a0TV Bahia que a motiva\u00e7\u00e3o da agress\u00e3o teria sido uma advert\u00eancia, ap\u00f3s o aluno soltar uma bomba de S\u00e3o Jo\u00e3o na escola. A Pol\u00edcia Civil, no entanto, n\u00e3o confirma essa informa\u00e7\u00e3o. A Secretaria Estadual de Educa\u00e7\u00e3o (SEC) informou que est\u00e1 acompanhando o caso e encaminhou uma equipe para dar assist\u00eancia \u00e0 escola. J\u00e1 o adolescente foi levado&hellip; <\/p>\n","protected":false},"author":2,"featured_media":341562,"comment_status":"open","ping_status":"open","sticky":false,"template":"","format":"standard","meta":{"_acf_changed":false,"footnotes":""},"categories":[9],"tags":[],"class_list":["post-341561","post","type-post","status-publish","format-standard","has-post-thumbnail","hentry","category-policia"],"acf":[],"yoast_head":"<!-- This site is optimized with the Yoast SEO plugin v27.4 - https:\/\/yoast.com\/product\/yoast-seo-wordpress\/ -->\n<title>Vice-diretor de escola fica ferido ap\u00f3s ser agredido com faca por adolescente em col\u00e9gio da Bahia - Blog do Farn\u00e9sio<\/title>\n<meta name=\"robots\" content=\"index, follow, max-snippet:-1, max-image-preview:large, max-video-preview:-1\" \/>\n<link rel=\"canonical\" href=\"https:\/\/blogdofarnesio.com.br\/?p=341561\" \/>\n<meta property=\"og:locale\" content=\"pt_BR\" \/>\n<meta property=\"og:type\" content=\"article\" \/>\n<meta property=\"og:title\" content=\"Vice-diretor de escola fica ferido ap\u00f3s ser agredido com faca por adolescente em col\u00e9gio da Bahia - Blog do Farn\u00e9sio\" \/>\n<meta property=\"og:description\" content=\"O vice-diretor do Col\u00e9gio Estadual Professor Nelson Barros, localizado em Cajazeiras 10, em Salvador, ficou ferido ap\u00f3s ser agredido com uma faca por um aluno de 16 anos, na tarde desta quinta-feira (25). A v\u00edtima foi levada para o Hospital El\u00e1dio Lasserre, onde foi atendida e liberada ainda na noite do mesmo dia da agress\u00e3o. As informa\u00e7\u00f5es s\u00e3o do G1. Testemunhas informaram \u00e0 \u00a0TV Bahia que a motiva\u00e7\u00e3o da agress\u00e3o teria sido uma advert\u00eancia, ap\u00f3s o aluno soltar uma bomba de S\u00e3o Jo\u00e3o na escola. A Pol\u00edcia Civil, no entanto, n\u00e3o confirma essa informa\u00e7\u00e3o. A Secretaria Estadual de Educa\u00e7\u00e3o (SEC) informou que est\u00e1 acompanhando o caso e encaminhou uma equipe para dar assist\u00eancia \u00e0 escola. J\u00e1 o adolescente foi levado&hellip;\" \/>\n<meta property=\"og:url\" content=\"https:\/\/blogdofarnesio.com.br\/?p=341561\" \/>\n<meta property=\"og:site_name\" content=\"Blog do Farn\u00e9sio\" \/>\n<meta property=\"article:publisher\" content=\"https:\/\/www.facebook.com\/BlogQuerSaberPolitica\/\" \/>\n<meta property=\"article:author\" content=\"https:\/\/www.facebook.com\/?ref=tn_tnmn\" \/>\n<meta property=\"article:published_time\" content=\"2023-05-26T16:00:25+00:00\" \/>\n<meta property=\"og:image\" content=\"https:\/\/blogdofarnesio.com.br\/wp-content\/uploads\/2023\/05\/blogqsppolicia-adolescente.webp\" \/>\n\t<meta property=\"og:image:width\" content=\"597\" \/>\n\t<meta property=\"og:image:height\" content=\"380\" \/>\n\t<meta property=\"og:image:type\" content=\"image\/webp\" \/>\n<meta name=\"author\" content=\"Farn\u00e9sio\" \/>\n<meta name=\"twitter:card\" content=\"summary_large_image\" \/>\n<meta name=\"twitter:label1\" content=\"Escrito por\" \/>\n\t<meta name=\"twitter:data1\" content=\"Farn\u00e9sio\" \/>\n\t<meta name=\"twitter:label2\" content=\"Est. tempo de leitura\" \/>\n\t<meta name=\"twitter:data2\" content=\"1 minuto\" \/>\n<script type=\"application\/ld+json\" class=\"yoast-schema-graph\">{\"@context\":\"https:\\\/\\\/schema.org\",\"@graph\":[{\"@type\":\"Article\",\"@id\":\"https:\\\/\\\/blogdofarnesio.com.br\\\/?p=341561#article\",\"isPartOf\":{\"@id\":\"https:\\\/\\\/blogdofarnesio.com.br\\\/?p=341561\"},\"author\":{\"name\":\"Farn\u00e9sio\",\"@id\":\"https:\\\/\\\/blogdofarnesio.com.br\\\/#\\\/schema\\\/person\\\/bb9b23ae3ad0609ce8df7b6c9e76824d\"},\"headline\":\"Vice-diretor de escola fica ferido ap\u00f3s ser agredido com faca por adolescente em col\u00e9gio da Bahia\",\"datePublished\":\"2023-05-26T16:00:25+00:00\",\"mainEntityOfPage\":{\"@id\":\"https:\\\/\\\/blogdofarnesio.com.br\\\/?p=341561\"},\"wordCount\":202,\"commentCount\":0,\"publisher\":{\"@id\":\"https:\\\/\\\/blogdofarnesio.com.br\\\/#organization\"},\"image\":{\"@id\":\"https:\\\/\\\/blogdofarnesio.com.br\\\/?p=341561#primaryimage\"},\"thumbnailUrl\":\"https:\\\/\\\/blogdofarnesio.com.br\\\/wp-content\\\/uploads\\\/2023\\\/05\\\/blogqsppolicia-adolescente.webp\",\"articleSection\":[\"Pol\u00edcia\"],\"inLanguage\":\"pt-BR\",\"potentialAction\":[{\"@type\":\"CommentAction\",\"name\":\"Comment\",\"target\":[\"https:\\\/\\\/blogdofarnesio.com.br\\\/?p=341561#respond\"]}]},{\"@type\":\"WebPage\",\"@id\":\"https:\\\/\\\/blogdofarnesio.com.br\\\/?p=341561\",\"url\":\"https:\\\/\\\/blogdofarnesio.com.br\\\/?p=341561\",\"name\":\"Vice-diretor de escola fica ferido ap\u00f3s ser agredido com faca por adolescente em col\u00e9gio da Bahia - Blog do Farn\u00e9sio\",\"isPartOf\":{\"@id\":\"https:\\\/\\\/blogdofarnesio.com.br\\\/#website\"},\"primaryImageOfPage\":{\"@id\":\"https:\\\/\\\/blogdofarnesio.com.br\\\/?p=341561#primaryimage\"},\"image\":{\"@id\":\"https:\\\/\\\/blogdofarnesio.com.br\\\/?p=341561#primaryimage\"},\"thumbnailUrl\":\"https:\\\/\\\/blogdofarnesio.com.br\\\/wp-content\\\/uploads\\\/2023\\\/05\\\/blogqsppolicia-adolescente.webp\",\"datePublished\":\"2023-05-26T16:00:25+00:00\",\"breadcrumb\":{\"@id\":\"https:\\\/\\\/blogdofarnesio.com.br\\\/?p=341561#breadcrumb\"},\"inLanguage\":\"pt-BR\",\"potentialAction\":[{\"@type\":\"ReadAction\",\"target\":[\"https:\\\/\\\/blogdofarnesio.com.br\\\/?p=341561\"]}]},{\"@type\":\"ImageObject\",\"inLanguage\":\"pt-BR\",\"@id\":\"https:\\\/\\\/blogdofarnesio.com.br\\\/?p=341561#primaryimage\",\"url\":\"https:\\\/\\\/blogdofarnesio.com.br\\\/wp-content\\\/uploads\\\/2023\\\/05\\\/blogqsppolicia-adolescente.webp\",\"contentUrl\":\"https:\\\/\\\/blogdofarnesio.com.br\\\/wp-content\\\/uploads\\\/2023\\\/05\\\/blogqsppolicia-adolescente.webp\",\"width\":597,\"height\":380},{\"@type\":\"BreadcrumbList\",\"@id\":\"https:\\\/\\\/blogdofarnesio.com.br\\\/?p=341561#breadcrumb\",\"itemListElement\":[{\"@type\":\"ListItem\",\"position\":1,\"name\":\"In\u00edcio\",\"item\":\"https:\\\/\\\/blogdofarnesio.com.br\\\/\"},{\"@type\":\"ListItem\",\"position\":2,\"name\":\"Vice-diretor de escola fica ferido ap\u00f3s ser agredido com faca por adolescente em col\u00e9gio da Bahia\"}]},{\"@type\":\"WebSite\",\"@id\":\"https:\\\/\\\/blogdofarnesio.com.br\\\/#website\",\"url\":\"https:\\\/\\\/blogdofarnesio.com.br\\\/\",\"name\":\"Blog do Farn\u00e9sio\",\"description\":\"Quer Saber Pol\u00edtica?\",\"publisher\":{\"@id\":\"https:\\\/\\\/blogdofarnesio.com.br\\\/#organization\"},\"potentialAction\":[{\"@type\":\"SearchAction\",\"target\":{\"@type\":\"EntryPoint\",\"urlTemplate\":\"https:\\\/\\\/blogdofarnesio.com.br\\\/?s={search_term_string}\"},\"query-input\":{\"@type\":\"PropertyValueSpecification\",\"valueRequired\":true,\"valueName\":\"search_term_string\"}}],\"inLanguage\":\"pt-BR\"},{\"@type\":\"Organization\",\"@id\":\"https:\\\/\\\/blogdofarnesio.com.br\\\/#organization\",\"name\":\"Blog do Farn\u00e9sio\",\"url\":\"https:\\\/\\\/blogdofarnesio.com.br\\\/\",\"logo\":{\"@type\":\"ImageObject\",\"inLanguage\":\"pt-BR\",\"@id\":\"https:\\\/\\\/blogdofarnesio.com.br\\\/#\\\/schema\\\/logo\\\/image\\\/\",\"url\":\"https:\\\/\\\/blogdofarnesio.com.br\\\/wp-content\\\/uploads\\\/2026\\\/03\\\/cropped-logo_new-1.png\",\"contentUrl\":\"https:\\\/\\\/blogdofarnesio.com.br\\\/wp-content\\\/uploads\\\/2026\\\/03\\\/cropped-logo_new-1.png\",\"width\":881,\"height\":685,\"caption\":\"Blog do Farn\u00e9sio\"},\"image\":{\"@id\":\"https:\\\/\\\/blogdofarnesio.com.br\\\/#\\\/schema\\\/logo\\\/image\\\/\"},\"sameAs\":[\"https:\\\/\\\/www.facebook.com\\\/BlogQuerSaberPolitica\\\/\"]},{\"@type\":\"Person\",\"@id\":\"https:\\\/\\\/blogdofarnesio.com.br\\\/#\\\/schema\\\/person\\\/bb9b23ae3ad0609ce8df7b6c9e76824d\",\"name\":\"Farn\u00e9sio\",\"image\":{\"@type\":\"ImageObject\",\"inLanguage\":\"pt-BR\",\"@id\":\"https:\\\/\\\/secure.gravatar.com\\\/avatar\\\/986aa4c61ccdb66f8555bf88fc2a65609d00bcabd4d2d94377a727547345cbca?s=96&d=mm&r=g\",\"url\":\"https:\\\/\\\/secure.gravatar.com\\\/avatar\\\/986aa4c61ccdb66f8555bf88fc2a65609d00bcabd4d2d94377a727547345cbca?s=96&d=mm&r=g\",\"contentUrl\":\"https:\\\/\\\/secure.gravatar.com\\\/avatar\\\/986aa4c61ccdb66f8555bf88fc2a65609d00bcabd4d2d94377a727547345cbca?s=96&d=mm&r=g\",\"caption\":\"Farn\u00e9sio\"},\"description\":\"Radialista blogueiro, chegou a Petrolina\\\/Juazeiro em setembro de 1980, Farn\u00e9sio Silva \u00e9 de Arapiraca-Alagoas.\",\"sameAs\":[\"http:\\\/\\\/blogdofarnesio.com.br\",\"https:\\\/\\\/www.facebook.com\\\/?ref=tn_tnmn\",\"https:\\\/\\\/www.instagram.com\\\/?utm_source=pwa_homescreen\",\"https:\\\/\\\/youtube.com.br\\\/\"],\"url\":\"https:\\\/\\\/blogdofarnesio.com.br\\\/?author=2\"}]}<\/script>\n<!-- \/ Yoast SEO plugin. -->","yoast_head_json":{"title":"Vice-diretor de escola fica ferido ap\u00f3s ser agredido com faca por adolescente em col\u00e9gio da Bahia - Blog do Farn\u00e9sio","robots":{"index":"index","follow":"follow","max-snippet":"max-snippet:-1","max-image-preview":"max-image-preview:large","max-video-preview":"max-video-preview:-1"},"canonical":"https:\/\/blogdofarnesio.com.br\/?p=341561","og_locale":"pt_BR","og_type":"article","og_title":"Vice-diretor de escola fica ferido ap\u00f3s ser agredido com faca por adolescente em col\u00e9gio da Bahia - Blog do Farn\u00e9sio","og_description":"O vice-diretor do Col\u00e9gio Estadual Professor Nelson Barros, localizado em Cajazeiras 10, em Salvador, ficou ferido ap\u00f3s ser agredido com uma faca por um aluno de 16 anos, na tarde desta quinta-feira (25). A v\u00edtima foi levada para o Hospital El\u00e1dio Lasserre, onde foi atendida e liberada ainda na noite do mesmo dia da agress\u00e3o. As informa\u00e7\u00f5es s\u00e3o do G1. Testemunhas informaram \u00e0 \u00a0TV Bahia que a motiva\u00e7\u00e3o da agress\u00e3o teria sido uma advert\u00eancia, ap\u00f3s o aluno soltar uma bomba de S\u00e3o Jo\u00e3o na escola. A Pol\u00edcia Civil, no entanto, n\u00e3o confirma essa informa\u00e7\u00e3o. A Secretaria Estadual de Educa\u00e7\u00e3o (SEC) informou que est\u00e1 acompanhando o caso e encaminhou uma equipe para dar assist\u00eancia \u00e0 escola. J\u00e1 o adolescente foi levado&hellip;","og_url":"https:\/\/blogdofarnesio.com.br\/?p=341561","og_site_name":"Blog do Farn\u00e9sio","article_publisher":"https:\/\/www.facebook.com\/BlogQuerSaberPolitica\/","article_author":"https:\/\/www.facebook.com\/?ref=tn_tnmn","article_published_time":"2023-05-26T16:00:25+00:00","og_image":[{"width":597,"height":380,"url":"https:\/\/blogdofarnesio.com.br\/wp-content\/uploads\/2023\/05\/blogqsppolicia-adolescente.webp","type":"image\/webp"}],"author":"Farn\u00e9sio","twitter_card":"summary_large_image","twitter_misc":{"Escrito por":"Farn\u00e9sio","Est. tempo de leitura":"1 minuto"},"schema":{"@context":"https:\/\/schema.org","@graph":[{"@type":"Article","@id":"https:\/\/blogdofarnesio.com.br\/?p=341561#article","isPartOf":{"@id":"https:\/\/blogdofarnesio.com.br\/?p=341561"},"author":{"name":"Farn\u00e9sio","@id":"https:\/\/blogdofarnesio.com.br\/#\/schema\/person\/bb9b23ae3ad0609ce8df7b6c9e76824d"},"headline":"Vice-diretor de escola fica ferido ap\u00f3s ser agredido com faca por adolescente em col\u00e9gio da Bahia","datePublished":"2023-05-26T16:00:25+00:00","mainEntityOfPage":{"@id":"https:\/\/blogdofarnesio.com.br\/?p=341561"},"wordCount":202,"commentCount":0,"publisher":{"@id":"https:\/\/blogdofarnesio.com.br\/#organization"},"image":{"@id":"https:\/\/blogdofarnesio.com.br\/?p=341561#primaryimage"},"thumbnailUrl":"https:\/\/blogdofarnesio.com.br\/wp-content\/uploads\/2023\/05\/blogqsppolicia-adolescente.webp","articleSection":["Pol\u00edcia"],"inLanguage":"pt-BR","potentialAction":[{"@type":"CommentAction","name":"Comment","target":["https:\/\/blogdofarnesio.com.br\/?p=341561#respond"]}]},{"@type":"WebPage","@id":"https:\/\/blogdofarnesio.com.br\/?p=341561","url":"https:\/\/blogdofarnesio.com.br\/?p=341561","name":"Vice-diretor de escola fica ferido ap\u00f3s ser agredido com faca por adolescente em col\u00e9gio da Bahia - Blog do Farn\u00e9sio","isPartOf":{"@id":"https:\/\/blogdofarnesio.com.br\/#website"},"primaryImageOfPage":{"@id":"https:\/\/blogdofarnesio.com.br\/?p=341561#primaryimage"},"image":{"@id":"https:\/\/blogdofarnesio.com.br\/?p=341561#primaryimage"},"thumbnailUrl":"https:\/\/blogdofarnesio.com.br\/wp-content\/uploads\/2023\/05\/blogqsppolicia-adolescente.webp","datePublished":"2023-05-26T16:00:25+00:00","breadcrumb":{"@id":"https:\/\/blogdofarnesio.com.br\/?p=341561#breadcrumb"},"inLanguage":"pt-BR","potentialAction":[{"@type":"ReadAction","target":["https:\/\/blogdofarnesio.com.br\/?p=341561"]}]},{"@type":"ImageObject","inLanguage":"pt-BR","@id":"https:\/\/blogdofarnesio.com.br\/?p=341561#primaryimage","url":"https:\/\/blogdofarnesio.com.br\/wp-content\/uploads\/2023\/05\/blogqsppolicia-adolescente.webp","contentUrl":"https:\/\/blogdofarnesio.com.br\/wp-content\/uploads\/2023\/05\/blogqsppolicia-adolescente.webp","width":597,"height":380},{"@type":"BreadcrumbList","@id":"https:\/\/blogdofarnesio.com.br\/?p=341561#breadcrumb","itemListElement":[{"@type":"ListItem","position":1,"name":"In\u00edcio","item":"https:\/\/blogdofarnesio.com.br\/"},{"@type":"ListItem","position":2,"name":"Vice-diretor de escola fica ferido ap\u00f3s ser agredido com faca por adolescente em col\u00e9gio da Bahia"}]},{"@type":"WebSite","@id":"https:\/\/blogdofarnesio.com.br\/#website","url":"https:\/\/blogdofarnesio.com.br\/","name":"Blog do Farn\u00e9sio","description":"Quer Saber Pol\u00edtica?","publisher":{"@id":"https:\/\/blogdofarnesio.com.br\/#organization"},"potentialAction":[{"@type":"SearchAction","target":{"@type":"EntryPoint","urlTemplate":"https:\/\/blogdofarnesio.com.br\/?s={search_term_string}"},"query-input":{"@type":"PropertyValueSpecification","valueRequired":true,"valueName":"search_term_string"}}],"inLanguage":"pt-BR"},{"@type":"Organization","@id":"https:\/\/blogdofarnesio.com.br\/#organization","name":"Blog do Farn\u00e9sio","url":"https:\/\/blogdofarnesio.com.br\/","logo":{"@type":"ImageObject","inLanguage":"pt-BR","@id":"https:\/\/blogdofarnesio.com.br\/#\/schema\/logo\/image\/","url":"https:\/\/blogdofarnesio.com.br\/wp-content\/uploads\/2026\/03\/cropped-logo_new-1.png","contentUrl":"https:\/\/blogdofarnesio.com.br\/wp-content\/uploads\/2026\/03\/cropped-logo_new-1.png","width":881,"height":685,"caption":"Blog do Farn\u00e9sio"},"image":{"@id":"https:\/\/blogdofarnesio.com.br\/#\/schema\/logo\/image\/"},"sameAs":["https:\/\/www.facebook.com\/BlogQuerSaberPolitica\/"]},{"@type":"Person","@id":"https:\/\/blogdofarnesio.com.br\/#\/schema\/person\/bb9b23ae3ad0609ce8df7b6c9e76824d","name":"Farn\u00e9sio","image":{"@type":"ImageObject","inLanguage":"pt-BR","@id":"https:\/\/secure.gravatar.com\/avatar\/986aa4c61ccdb66f8555bf88fc2a65609d00bcabd4d2d94377a727547345cbca?s=96&d=mm&r=g","url":"https:\/\/secure.gravatar.com\/avatar\/986aa4c61ccdb66f8555bf88fc2a65609d00bcabd4d2d94377a727547345cbca?s=96&d=mm&r=g","contentUrl":"https:\/\/secure.gravatar.com\/avatar\/986aa4c61ccdb66f8555bf88fc2a65609d00bcabd4d2d94377a727547345cbca?s=96&d=mm&r=g","caption":"Farn\u00e9sio"},"description":"Radialista blogueiro, chegou a Petrolina\/Juazeiro em setembro de 1980, Farn\u00e9sio Silva \u00e9 de Arapiraca-Alagoas.","sameAs":["http:\/\/blogdofarnesio.com.br","https:\/\/www.facebook.com\/?ref=tn_tnmn","https:\/\/www.instagram.com\/?utm_source=pwa_homescreen","https:\/\/youtube.com.br\/"],"url":"https:\/\/blogdofarnesio.com.br\/?author=2"}]}},"_links":{"self":[{"href":"https:\/\/blogdofarnesio.com.br\/index.php?rest_route=\/wp\/v2\/posts\/341561","targetHints":{"allow":["GET"]}}],"collection":[{"href":"https:\/\/blogdofarnesio.com.br\/index.php?rest_route=\/wp\/v2\/posts"}],"about":[{"href":"https:\/\/blogdofarnesio.com.br\/index.php?rest_route=\/wp\/v2\/types\/post"}],"author":[{"embeddable":true,"href":"https:\/\/blogdofarnesio.com.br\/index.php?rest_route=\/wp\/v2\/users\/2"}],"replies":[{"embeddable":true,"href":"https:\/\/blogdofarnesio.com.br\/index.php?rest_route=%2Fwp%2Fv2%2Fcomments&post=341561"}],"version-history":[{"count":0,"href":"https:\/\/blogdofarnesio.com.br\/index.php?rest_route=\/wp\/v2\/posts\/341561\/revisions"}],"wp:featuredmedia":[{"embeddable":true,"href":"https:\/\/blogdofarnesio.com.br\/index.php?rest_route=\/wp\/v2\/media\/341562"}],"wp:attachment":[{"href":"https:\/\/blogdofarnesio.com.br\/index.php?rest_route=%2Fwp%2Fv2%2Fmedia&parent=341561"}],"wp:term":[{"taxonomy":"category","embeddable":true,"href":"https:\/\/blogdofarnesio.com.br\/index.php?rest_route=%2Fwp%2Fv2%2Fcategories&post=341561"},{"taxonomy":"post_tag","embeddable":true,"href":"https:\/\/blogdofarnesio.com.br\/index.php?rest_route=%2Fwp%2Fv2%2Ftags&post=341561"}],"curies":[{"name":"wp","href":"https:\/\/api.w.org\/{rel}","templated":true}]}}