{"id":341556,"date":"2023-05-26T12:06:43","date_gmt":"2023-05-26T15:06:43","guid":{"rendered":"https:\/\/blogdofarnesio.com.br\/?p=341556"},"modified":"2023-05-26T09:08:46","modified_gmt":"2023-05-26T12:08:46","slug":"antonio-habib-participa-em-goias-de-encontro-de-reitores-das-reitores-das-universidades-municipais-e-estaduais-de-ensino-de-todo-o-brasil","status":"publish","type":"post","link":"https:\/\/blogdofarnesio.com.br\/?p=341556","title":{"rendered":"Antonio Habib participa em Goi\u00e1s, de encontro de Reitores das Reitores das Universidades Municipais e Estaduais de Ensino de todo o Brasil"},"content":{"rendered":"<p>Nesta sexta-feira (26) se encerra em Rio Verde, Goi\u00e1s, o 69\u00ba F\u00f3rum Nacional das Reitoras e Reitores da Associa\u00e7\u00e3o Brasileira dos Reitores das Universidades Municipais e Estaduais (ABRUEM).\u00a0 O presidente da Associa\u00e7\u00e3o Nacional das Autarquias Municipais de Ensino Superior (ANIMES) e Presidente do Conselho Estadual de Educa\u00e7\u00e3o de Pernambuco (CEE\/PE), \u00a0Antonio Habib, participa \u00a0do evento busca oportunizar um encontro para as personalidades que movem o ensino superior nacional, ampliando assim as discuss\u00f5es e promovendo a troca de experi\u00eancias e coopera\u00e7\u00e3o m\u00fatua.<\/p>\n<p>Com o tema &#8220;Os objetivos do desenvolvimento sustent\u00e1vel nas institui\u00e7\u00f5es associadas&#8221;, a edi\u00e7\u00e3o est\u00e1 sendo realizada na Universidade Rio Verde \u2013 UniRV. A programa\u00e7\u00e3o inclui palestras que discutem assuntos como: \u201cO compromisso social das universidades p\u00fablicas\u201d; \u201cO papel das universidades p\u00fablicas na forma\u00e7\u00e3o de cidad\u00e3os globais: uma vis\u00e3o a partir dos objetivos de desenvolvimento sustent\u00e1vel da ONU e dos direitos humanos\u201d; \u201cMitiga\u00e7\u00e3o da evas\u00e3o por meio da perman\u00eancia eficaz\u201d e \u201cA retomada pol\u00edtica da P\u00f3s-gradua\u00e7\u00e3o da CAPES\u201d.<\/p>\n<p>\u201c<em>A educa\u00e7\u00e3o deve estar em constante debate. Esse momento envolve v\u00e1rios atores importantes do ensino superior no Brasil para troca de experi\u00eancias, para a discuss\u00e3o de pol\u00edticas de educa\u00e7\u00e3o, o que torna o evento muito rico e produtivo em todos os \u00e2mbitos da forma\u00e7\u00e3o superior<\/em>, \u201d ressaltou Habib.<\/p>\n<p>&nbsp;<\/p>\n<p>Assessoria de Comunica\u00e7\u00e3o da ANIMES<\/p>\n","protected":false},"excerpt":{"rendered":"<p>Nesta sexta-feira (26) se encerra em Rio Verde, Goi\u00e1s, o 69\u00ba F\u00f3rum Nacional das Reitoras e Reitores da Associa\u00e7\u00e3o Brasileira dos Reitores das Universidades Municipais e Estaduais (ABRUEM).\u00a0 O presidente da Associa\u00e7\u00e3o Nacional das Autarquias Municipais de Ensino Superior (ANIMES) e Presidente do Conselho Estadual de Educa\u00e7\u00e3o de Pernambuco (CEE\/PE), \u00a0Antonio Habib, participa \u00a0do evento busca oportunizar um encontro para as personalidades que movem o ensino superior nacional, ampliando assim as discuss\u00f5es e promovendo a troca de experi\u00eancias e coopera\u00e7\u00e3o m\u00fatua. Com o tema &#8220;Os objetivos do desenvolvimento sustent\u00e1vel nas institui\u00e7\u00f5es associadas&#8221;, a edi\u00e7\u00e3o est\u00e1 sendo realizada na Universidade Rio Verde \u2013 UniRV. A programa\u00e7\u00e3o inclui palestras que discutem assuntos como: \u201cO compromisso social das universidades p\u00fablicas\u201d; \u201cO papel das&hellip; <\/p>\n","protected":false},"author":2,"featured_media":341557,"comment_status":"open","ping_status":"open","sticky":false,"template":"","format":"standard","meta":{"_acf_changed":false,"footnotes":""},"categories":[6],"tags":[],"class_list":["post-341556","post","type-post","status-publish","format-standard","has-post-thumbnail","hentry","category-educacao"],"acf":[],"yoast_head":"<!-- This site is optimized with the Yoast SEO plugin v27.4 - https:\/\/yoast.com\/product\/yoast-seo-wordpress\/ -->\n<title>Antonio Habib participa em Goi\u00e1s, de encontro de Reitores das Reitores das Universidades Municipais e Estaduais de Ensino de todo o Brasil - Blog do Farn\u00e9sio<\/title>\n<meta name=\"robots\" content=\"index, follow, max-snippet:-1, max-image-preview:large, max-video-preview:-1\" \/>\n<link rel=\"canonical\" href=\"https:\/\/blogdofarnesio.com.br\/?p=341556\" \/>\n<meta property=\"og:locale\" content=\"pt_BR\" \/>\n<meta property=\"og:type\" content=\"article\" \/>\n<meta property=\"og:title\" content=\"Antonio Habib participa em Goi\u00e1s, de encontro de Reitores das Reitores das Universidades Municipais e Estaduais de Ensino de todo o Brasil - Blog do Farn\u00e9sio\" \/>\n<meta property=\"og:description\" content=\"Nesta sexta-feira (26) se encerra em Rio Verde, Goi\u00e1s, o 69\u00ba F\u00f3rum Nacional das Reitoras e Reitores da Associa\u00e7\u00e3o Brasileira dos Reitores das Universidades Municipais e Estaduais (ABRUEM).\u00a0 O presidente da Associa\u00e7\u00e3o Nacional das Autarquias Municipais de Ensino Superior (ANIMES) e Presidente do Conselho Estadual de Educa\u00e7\u00e3o de Pernambuco (CEE\/PE), \u00a0Antonio Habib, participa \u00a0do evento busca oportunizar um encontro para as personalidades que movem o ensino superior nacional, ampliando assim as discuss\u00f5es e promovendo a troca de experi\u00eancias e coopera\u00e7\u00e3o m\u00fatua. Com o tema &#8220;Os objetivos do desenvolvimento sustent\u00e1vel nas institui\u00e7\u00f5es associadas&#8221;, a edi\u00e7\u00e3o est\u00e1 sendo realizada na Universidade Rio Verde \u2013 UniRV. A programa\u00e7\u00e3o inclui palestras que discutem assuntos como: \u201cO compromisso social das universidades p\u00fablicas\u201d; \u201cO papel das&hellip;\" \/>\n<meta property=\"og:url\" content=\"https:\/\/blogdofarnesio.com.br\/?p=341556\" \/>\n<meta property=\"og:site_name\" content=\"Blog do Farn\u00e9sio\" \/>\n<meta property=\"article:publisher\" content=\"https:\/\/www.facebook.com\/BlogQuerSaberPolitica\/\" \/>\n<meta property=\"article:author\" content=\"https:\/\/www.facebook.com\/?ref=tn_tnmn\" \/>\n<meta property=\"article:published_time\" content=\"2023-05-26T15:06:43+00:00\" \/>\n<meta property=\"og:image\" content=\"https:\/\/blogdofarnesio.com.br\/wp-content\/uploads\/2023\/05\/blogqspfacape-ANTONIO-HABIB-FORUM-NACIONAL-DE-REITORES-1.jpeg\" \/>\n\t<meta property=\"og:image:width\" content=\"703\" \/>\n\t<meta property=\"og:image:height\" content=\"418\" \/>\n\t<meta property=\"og:image:type\" content=\"image\/jpeg\" \/>\n<meta name=\"author\" content=\"Farn\u00e9sio\" \/>\n<meta name=\"twitter:card\" content=\"summary_large_image\" \/>\n<meta name=\"twitter:label1\" content=\"Escrito por\" \/>\n\t<meta name=\"twitter:data1\" content=\"Farn\u00e9sio\" \/>\n\t<meta name=\"twitter:label2\" content=\"Est. tempo de leitura\" \/>\n\t<meta name=\"twitter:data2\" content=\"2 minutos\" \/>\n<script type=\"application\/ld+json\" class=\"yoast-schema-graph\">{\"@context\":\"https:\\\/\\\/schema.org\",\"@graph\":[{\"@type\":\"Article\",\"@id\":\"https:\\\/\\\/blogdofarnesio.com.br\\\/?p=341556#article\",\"isPartOf\":{\"@id\":\"https:\\\/\\\/blogdofarnesio.com.br\\\/?p=341556\"},\"author\":{\"name\":\"Farn\u00e9sio\",\"@id\":\"https:\\\/\\\/blogdofarnesio.com.br\\\/#\\\/schema\\\/person\\\/bb9b23ae3ad0609ce8df7b6c9e76824d\"},\"headline\":\"Antonio Habib participa em Goi\u00e1s, de encontro de Reitores das Reitores das Universidades Municipais e Estaduais de Ensino de todo o Brasil\",\"datePublished\":\"2023-05-26T15:06:43+00:00\",\"mainEntityOfPage\":{\"@id\":\"https:\\\/\\\/blogdofarnesio.com.br\\\/?p=341556\"},\"wordCount\":265,\"commentCount\":0,\"publisher\":{\"@id\":\"https:\\\/\\\/blogdofarnesio.com.br\\\/#organization\"},\"image\":{\"@id\":\"https:\\\/\\\/blogdofarnesio.com.br\\\/?p=341556#primaryimage\"},\"thumbnailUrl\":\"https:\\\/\\\/blogdofarnesio.com.br\\\/wp-content\\\/uploads\\\/2023\\\/05\\\/blogqspfacape-ANTONIO-HABIB-FORUM-NACIONAL-DE-REITORES-1.jpeg\",\"articleSection\":[\"Educa\u00e7\u00e3o\"],\"inLanguage\":\"pt-BR\",\"potentialAction\":[{\"@type\":\"CommentAction\",\"name\":\"Comment\",\"target\":[\"https:\\\/\\\/blogdofarnesio.com.br\\\/?p=341556#respond\"]}]},{\"@type\":\"WebPage\",\"@id\":\"https:\\\/\\\/blogdofarnesio.com.br\\\/?p=341556\",\"url\":\"https:\\\/\\\/blogdofarnesio.com.br\\\/?p=341556\",\"name\":\"Antonio Habib participa em Goi\u00e1s, de encontro de Reitores das Reitores das Universidades Municipais e Estaduais de Ensino de todo o Brasil - Blog do Farn\u00e9sio\",\"isPartOf\":{\"@id\":\"https:\\\/\\\/blogdofarnesio.com.br\\\/#website\"},\"primaryImageOfPage\":{\"@id\":\"https:\\\/\\\/blogdofarnesio.com.br\\\/?p=341556#primaryimage\"},\"image\":{\"@id\":\"https:\\\/\\\/blogdofarnesio.com.br\\\/?p=341556#primaryimage\"},\"thumbnailUrl\":\"https:\\\/\\\/blogdofarnesio.com.br\\\/wp-content\\\/uploads\\\/2023\\\/05\\\/blogqspfacape-ANTONIO-HABIB-FORUM-NACIONAL-DE-REITORES-1.jpeg\",\"datePublished\":\"2023-05-26T15:06:43+00:00\",\"breadcrumb\":{\"@id\":\"https:\\\/\\\/blogdofarnesio.com.br\\\/?p=341556#breadcrumb\"},\"inLanguage\":\"pt-BR\",\"potentialAction\":[{\"@type\":\"ReadAction\",\"target\":[\"https:\\\/\\\/blogdofarnesio.com.br\\\/?p=341556\"]}]},{\"@type\":\"ImageObject\",\"inLanguage\":\"pt-BR\",\"@id\":\"https:\\\/\\\/blogdofarnesio.com.br\\\/?p=341556#primaryimage\",\"url\":\"https:\\\/\\\/blogdofarnesio.com.br\\\/wp-content\\\/uploads\\\/2023\\\/05\\\/blogqspfacape-ANTONIO-HABIB-FORUM-NACIONAL-DE-REITORES-1.jpeg\",\"contentUrl\":\"https:\\\/\\\/blogdofarnesio.com.br\\\/wp-content\\\/uploads\\\/2023\\\/05\\\/blogqspfacape-ANTONIO-HABIB-FORUM-NACIONAL-DE-REITORES-1.jpeg\",\"width\":703,\"height\":418},{\"@type\":\"BreadcrumbList\",\"@id\":\"https:\\\/\\\/blogdofarnesio.com.br\\\/?p=341556#breadcrumb\",\"itemListElement\":[{\"@type\":\"ListItem\",\"position\":1,\"name\":\"In\u00edcio\",\"item\":\"https:\\\/\\\/blogdofarnesio.com.br\\\/\"},{\"@type\":\"ListItem\",\"position\":2,\"name\":\"Antonio Habib participa em Goi\u00e1s, de encontro de Reitores das Reitores das Universidades Municipais e Estaduais de Ensino de todo o Brasil\"}]},{\"@type\":\"WebSite\",\"@id\":\"https:\\\/\\\/blogdofarnesio.com.br\\\/#website\",\"url\":\"https:\\\/\\\/blogdofarnesio.com.br\\\/\",\"name\":\"Blog do Farn\u00e9sio\",\"description\":\"Quer Saber Pol\u00edtica?\",\"publisher\":{\"@id\":\"https:\\\/\\\/blogdofarnesio.com.br\\\/#organization\"},\"potentialAction\":[{\"@type\":\"SearchAction\",\"target\":{\"@type\":\"EntryPoint\",\"urlTemplate\":\"https:\\\/\\\/blogdofarnesio.com.br\\\/?s={search_term_string}\"},\"query-input\":{\"@type\":\"PropertyValueSpecification\",\"valueRequired\":true,\"valueName\":\"search_term_string\"}}],\"inLanguage\":\"pt-BR\"},{\"@type\":\"Organization\",\"@id\":\"https:\\\/\\\/blogdofarnesio.com.br\\\/#organization\",\"name\":\"Blog do Farn\u00e9sio\",\"url\":\"https:\\\/\\\/blogdofarnesio.com.br\\\/\",\"logo\":{\"@type\":\"ImageObject\",\"inLanguage\":\"pt-BR\",\"@id\":\"https:\\\/\\\/blogdofarnesio.com.br\\\/#\\\/schema\\\/logo\\\/image\\\/\",\"url\":\"https:\\\/\\\/blogdofarnesio.com.br\\\/wp-content\\\/uploads\\\/2026\\\/03\\\/cropped-logo_new-1.png\",\"contentUrl\":\"https:\\\/\\\/blogdofarnesio.com.br\\\/wp-content\\\/uploads\\\/2026\\\/03\\\/cropped-logo_new-1.png\",\"width\":881,\"height\":685,\"caption\":\"Blog do Farn\u00e9sio\"},\"image\":{\"@id\":\"https:\\\/\\\/blogdofarnesio.com.br\\\/#\\\/schema\\\/logo\\\/image\\\/\"},\"sameAs\":[\"https:\\\/\\\/www.facebook.com\\\/BlogQuerSaberPolitica\\\/\"]},{\"@type\":\"Person\",\"@id\":\"https:\\\/\\\/blogdofarnesio.com.br\\\/#\\\/schema\\\/person\\\/bb9b23ae3ad0609ce8df7b6c9e76824d\",\"name\":\"Farn\u00e9sio\",\"image\":{\"@type\":\"ImageObject\",\"inLanguage\":\"pt-BR\",\"@id\":\"https:\\\/\\\/secure.gravatar.com\\\/avatar\\\/986aa4c61ccdb66f8555bf88fc2a65609d00bcabd4d2d94377a727547345cbca?s=96&d=mm&r=g\",\"url\":\"https:\\\/\\\/secure.gravatar.com\\\/avatar\\\/986aa4c61ccdb66f8555bf88fc2a65609d00bcabd4d2d94377a727547345cbca?s=96&d=mm&r=g\",\"contentUrl\":\"https:\\\/\\\/secure.gravatar.com\\\/avatar\\\/986aa4c61ccdb66f8555bf88fc2a65609d00bcabd4d2d94377a727547345cbca?s=96&d=mm&r=g\",\"caption\":\"Farn\u00e9sio\"},\"description\":\"Radialista blogueiro, chegou a Petrolina\\\/Juazeiro em setembro de 1980, Farn\u00e9sio Silva \u00e9 de Arapiraca-Alagoas.\",\"sameAs\":[\"http:\\\/\\\/blogdofarnesio.com.br\",\"https:\\\/\\\/www.facebook.com\\\/?ref=tn_tnmn\",\"https:\\\/\\\/www.instagram.com\\\/?utm_source=pwa_homescreen\",\"https:\\\/\\\/youtube.com.br\\\/\"],\"url\":\"https:\\\/\\\/blogdofarnesio.com.br\\\/?author=2\"}]}<\/script>\n<!-- \/ Yoast SEO plugin. -->","yoast_head_json":{"title":"Antonio Habib participa em Goi\u00e1s, de encontro de Reitores das Reitores das Universidades Municipais e Estaduais de Ensino de todo o Brasil - Blog do Farn\u00e9sio","robots":{"index":"index","follow":"follow","max-snippet":"max-snippet:-1","max-image-preview":"max-image-preview:large","max-video-preview":"max-video-preview:-1"},"canonical":"https:\/\/blogdofarnesio.com.br\/?p=341556","og_locale":"pt_BR","og_type":"article","og_title":"Antonio Habib participa em Goi\u00e1s, de encontro de Reitores das Reitores das Universidades Municipais e Estaduais de Ensino de todo o Brasil - Blog do Farn\u00e9sio","og_description":"Nesta sexta-feira (26) se encerra em Rio Verde, Goi\u00e1s, o 69\u00ba F\u00f3rum Nacional das Reitoras e Reitores da Associa\u00e7\u00e3o Brasileira dos Reitores das Universidades Municipais e Estaduais (ABRUEM).\u00a0 O presidente da Associa\u00e7\u00e3o Nacional das Autarquias Municipais de Ensino Superior (ANIMES) e Presidente do Conselho Estadual de Educa\u00e7\u00e3o de Pernambuco (CEE\/PE), \u00a0Antonio Habib, participa \u00a0do evento busca oportunizar um encontro para as personalidades que movem o ensino superior nacional, ampliando assim as discuss\u00f5es e promovendo a troca de experi\u00eancias e coopera\u00e7\u00e3o m\u00fatua. Com o tema &#8220;Os objetivos do desenvolvimento sustent\u00e1vel nas institui\u00e7\u00f5es associadas&#8221;, a edi\u00e7\u00e3o est\u00e1 sendo realizada na Universidade Rio Verde \u2013 UniRV. A programa\u00e7\u00e3o inclui palestras que discutem assuntos como: \u201cO compromisso social das universidades p\u00fablicas\u201d; \u201cO papel das&hellip;","og_url":"https:\/\/blogdofarnesio.com.br\/?p=341556","og_site_name":"Blog do Farn\u00e9sio","article_publisher":"https:\/\/www.facebook.com\/BlogQuerSaberPolitica\/","article_author":"https:\/\/www.facebook.com\/?ref=tn_tnmn","article_published_time":"2023-05-26T15:06:43+00:00","og_image":[{"width":703,"height":418,"url":"https:\/\/blogdofarnesio.com.br\/wp-content\/uploads\/2023\/05\/blogqspfacape-ANTONIO-HABIB-FORUM-NACIONAL-DE-REITORES-1.jpeg","type":"image\/jpeg"}],"author":"Farn\u00e9sio","twitter_card":"summary_large_image","twitter_misc":{"Escrito por":"Farn\u00e9sio","Est. tempo de leitura":"2 minutos"},"schema":{"@context":"https:\/\/schema.org","@graph":[{"@type":"Article","@id":"https:\/\/blogdofarnesio.com.br\/?p=341556#article","isPartOf":{"@id":"https:\/\/blogdofarnesio.com.br\/?p=341556"},"author":{"name":"Farn\u00e9sio","@id":"https:\/\/blogdofarnesio.com.br\/#\/schema\/person\/bb9b23ae3ad0609ce8df7b6c9e76824d"},"headline":"Antonio Habib participa em Goi\u00e1s, de encontro de Reitores das Reitores das Universidades Municipais e Estaduais de Ensino de todo o Brasil","datePublished":"2023-05-26T15:06:43+00:00","mainEntityOfPage":{"@id":"https:\/\/blogdofarnesio.com.br\/?p=341556"},"wordCount":265,"commentCount":0,"publisher":{"@id":"https:\/\/blogdofarnesio.com.br\/#organization"},"image":{"@id":"https:\/\/blogdofarnesio.com.br\/?p=341556#primaryimage"},"thumbnailUrl":"https:\/\/blogdofarnesio.com.br\/wp-content\/uploads\/2023\/05\/blogqspfacape-ANTONIO-HABIB-FORUM-NACIONAL-DE-REITORES-1.jpeg","articleSection":["Educa\u00e7\u00e3o"],"inLanguage":"pt-BR","potentialAction":[{"@type":"CommentAction","name":"Comment","target":["https:\/\/blogdofarnesio.com.br\/?p=341556#respond"]}]},{"@type":"WebPage","@id":"https:\/\/blogdofarnesio.com.br\/?p=341556","url":"https:\/\/blogdofarnesio.com.br\/?p=341556","name":"Antonio Habib participa em Goi\u00e1s, de encontro de Reitores das Reitores das Universidades Municipais e Estaduais de Ensino de todo o Brasil - Blog do Farn\u00e9sio","isPartOf":{"@id":"https:\/\/blogdofarnesio.com.br\/#website"},"primaryImageOfPage":{"@id":"https:\/\/blogdofarnesio.com.br\/?p=341556#primaryimage"},"image":{"@id":"https:\/\/blogdofarnesio.com.br\/?p=341556#primaryimage"},"thumbnailUrl":"https:\/\/blogdofarnesio.com.br\/wp-content\/uploads\/2023\/05\/blogqspfacape-ANTONIO-HABIB-FORUM-NACIONAL-DE-REITORES-1.jpeg","datePublished":"2023-05-26T15:06:43+00:00","breadcrumb":{"@id":"https:\/\/blogdofarnesio.com.br\/?p=341556#breadcrumb"},"inLanguage":"pt-BR","potentialAction":[{"@type":"ReadAction","target":["https:\/\/blogdofarnesio.com.br\/?p=341556"]}]},{"@type":"ImageObject","inLanguage":"pt-BR","@id":"https:\/\/blogdofarnesio.com.br\/?p=341556#primaryimage","url":"https:\/\/blogdofarnesio.com.br\/wp-content\/uploads\/2023\/05\/blogqspfacape-ANTONIO-HABIB-FORUM-NACIONAL-DE-REITORES-1.jpeg","contentUrl":"https:\/\/blogdofarnesio.com.br\/wp-content\/uploads\/2023\/05\/blogqspfacape-ANTONIO-HABIB-FORUM-NACIONAL-DE-REITORES-1.jpeg","width":703,"height":418},{"@type":"BreadcrumbList","@id":"https:\/\/blogdofarnesio.com.br\/?p=341556#breadcrumb","itemListElement":[{"@type":"ListItem","position":1,"name":"In\u00edcio","item":"https:\/\/blogdofarnesio.com.br\/"},{"@type":"ListItem","position":2,"name":"Antonio Habib participa em Goi\u00e1s, de encontro de Reitores das Reitores das Universidades Municipais e Estaduais de Ensino de todo o Brasil"}]},{"@type":"WebSite","@id":"https:\/\/blogdofarnesio.com.br\/#website","url":"https:\/\/blogdofarnesio.com.br\/","name":"Blog do Farn\u00e9sio","description":"Quer Saber Pol\u00edtica?","publisher":{"@id":"https:\/\/blogdofarnesio.com.br\/#organization"},"potentialAction":[{"@type":"SearchAction","target":{"@type":"EntryPoint","urlTemplate":"https:\/\/blogdofarnesio.com.br\/?s={search_term_string}"},"query-input":{"@type":"PropertyValueSpecification","valueRequired":true,"valueName":"search_term_string"}}],"inLanguage":"pt-BR"},{"@type":"Organization","@id":"https:\/\/blogdofarnesio.com.br\/#organization","name":"Blog do Farn\u00e9sio","url":"https:\/\/blogdofarnesio.com.br\/","logo":{"@type":"ImageObject","inLanguage":"pt-BR","@id":"https:\/\/blogdofarnesio.com.br\/#\/schema\/logo\/image\/","url":"https:\/\/blogdofarnesio.com.br\/wp-content\/uploads\/2026\/03\/cropped-logo_new-1.png","contentUrl":"https:\/\/blogdofarnesio.com.br\/wp-content\/uploads\/2026\/03\/cropped-logo_new-1.png","width":881,"height":685,"caption":"Blog do Farn\u00e9sio"},"image":{"@id":"https:\/\/blogdofarnesio.com.br\/#\/schema\/logo\/image\/"},"sameAs":["https:\/\/www.facebook.com\/BlogQuerSaberPolitica\/"]},{"@type":"Person","@id":"https:\/\/blogdofarnesio.com.br\/#\/schema\/person\/bb9b23ae3ad0609ce8df7b6c9e76824d","name":"Farn\u00e9sio","image":{"@type":"ImageObject","inLanguage":"pt-BR","@id":"https:\/\/secure.gravatar.com\/avatar\/986aa4c61ccdb66f8555bf88fc2a65609d00bcabd4d2d94377a727547345cbca?s=96&d=mm&r=g","url":"https:\/\/secure.gravatar.com\/avatar\/986aa4c61ccdb66f8555bf88fc2a65609d00bcabd4d2d94377a727547345cbca?s=96&d=mm&r=g","contentUrl":"https:\/\/secure.gravatar.com\/avatar\/986aa4c61ccdb66f8555bf88fc2a65609d00bcabd4d2d94377a727547345cbca?s=96&d=mm&r=g","caption":"Farn\u00e9sio"},"description":"Radialista blogueiro, chegou a Petrolina\/Juazeiro em setembro de 1980, Farn\u00e9sio Silva \u00e9 de Arapiraca-Alagoas.","sameAs":["http:\/\/blogdofarnesio.com.br","https:\/\/www.facebook.com\/?ref=tn_tnmn","https:\/\/www.instagram.com\/?utm_source=pwa_homescreen","https:\/\/youtube.com.br\/"],"url":"https:\/\/blogdofarnesio.com.br\/?author=2"}]}},"_links":{"self":[{"href":"https:\/\/blogdofarnesio.com.br\/index.php?rest_route=\/wp\/v2\/posts\/341556","targetHints":{"allow":["GET"]}}],"collection":[{"href":"https:\/\/blogdofarnesio.com.br\/index.php?rest_route=\/wp\/v2\/posts"}],"about":[{"href":"https:\/\/blogdofarnesio.com.br\/index.php?rest_route=\/wp\/v2\/types\/post"}],"author":[{"embeddable":true,"href":"https:\/\/blogdofarnesio.com.br\/index.php?rest_route=\/wp\/v2\/users\/2"}],"replies":[{"embeddable":true,"href":"https:\/\/blogdofarnesio.com.br\/index.php?rest_route=%2Fwp%2Fv2%2Fcomments&post=341556"}],"version-history":[{"count":0,"href":"https:\/\/blogdofarnesio.com.br\/index.php?rest_route=\/wp\/v2\/posts\/341556\/revisions"}],"wp:featuredmedia":[{"embeddable":true,"href":"https:\/\/blogdofarnesio.com.br\/index.php?rest_route=\/wp\/v2\/media\/341557"}],"wp:attachment":[{"href":"https:\/\/blogdofarnesio.com.br\/index.php?rest_route=%2Fwp%2Fv2%2Fmedia&parent=341556"}],"wp:term":[{"taxonomy":"category","embeddable":true,"href":"https:\/\/blogdofarnesio.com.br\/index.php?rest_route=%2Fwp%2Fv2%2Fcategories&post=341556"},{"taxonomy":"post_tag","embeddable":true,"href":"https:\/\/blogdofarnesio.com.br\/index.php?rest_route=%2Fwp%2Fv2%2Ftags&post=341556"}],"curies":[{"name":"wp","href":"https:\/\/api.w.org\/{rel}","templated":true}]}}