{"id":341518,"date":"2023-05-26T11:24:22","date_gmt":"2023-05-26T14:24:22","guid":{"rendered":"https:\/\/blogdofarnesio.com.br\/?p=341518"},"modified":"2023-05-26T09:06:38","modified_gmt":"2023-05-26T12:06:38","slug":"raquel-lyra-reune-1o-e-2o-escaloes-do-governo-para-debater-as-prioridades-da-gestao","status":"publish","type":"post","link":"https:\/\/blogdofarnesio.com.br\/?p=341518","title":{"rendered":"Raquel Lyra re\u00fane 1\u00ba e 2\u00ba escal\u00f5es do governo para debater as prioridades da gest\u00e3o"},"content":{"rendered":"<div><span style=\"font-family: Arial; font-size: medium;\">A governadora Raquel Lyra e a sua vice, Priscila Krause, se reuniram, nesta quinta-feira (25), com todo o time de secret\u00e1rios, secret\u00e1rios executivos e dirigentes de \u00f3rg\u00e3os do Governo de Pernambuco para um encontro amplo de trabalho. Durante a reuni\u00e3o, realizada no audit\u00f3rio do Cais do Sert\u00e3o, no Recife, foram debatidos os projetos priorit\u00e1rios que j\u00e1 est\u00e3o sendo executados pelo governo, o alinhamento de diretrizes como a racionaliza\u00e7\u00e3o de gastos, a observ\u00e2ncia do di\u00e1logo interfederativo, al\u00e9m da conformidade e transpar\u00eancia dos processos.\u00a0<\/span><\/div>\n<div><span style=\"font-family: Arial; font-size: medium;\">\u00a0<\/span><\/div>\n<div><span style=\"font-family: Arial; font-size: medium;\">\u201cNosso time est\u00e1 integrado, trabalhando para fazer as entregas que o povo precisa, seja na assist\u00eancia social, na sa\u00fade, na educa\u00e7\u00e3o ou em tantas outras \u00e1reas. Todas as pastas est\u00e3o se dedicando para que esse seja o melhor governo que Pernambuco j\u00e1 teve em condi\u00e7\u00f5es adversas. Somos capazes de fazer muito pelo nosso Estado\u201d, afirmou Raquel Lyra.<\/span><\/div>\n<div><span style=\"font-family: Arial; font-size: medium;\">\u00a0<\/span><\/div>\n<div><span style=\"font-family: Arial; font-size: medium;\">A vice-governadora destacou a import\u00e2ncia do momento para alinhar as diretrizes de trabalho com o primeiro e segundo escal\u00f5es do governo. &#8220;Nossa equipe est\u00e1 abrindo caminhos, construindo a\u00e7\u00f5es e desenvolvendo solu\u00e7\u00f5es para realizar nosso prop\u00f3sito legitimado pelo povo, que \u00e9 transformar de verdade a vida dos pernambucanos&#8221;, ressaltou.<\/span><\/div>\n<div><span style=\"font-family: Arial; font-size: medium;\">\u00a0<\/span><\/div>\n<div><span style=\"font-family: Arial; font-size: medium;\">Ainda durante a reuni\u00e3o, a governadora celebrou a\u00e7\u00f5es j\u00e1 realizadas pelo Governo do Estado nos primeiros quatro meses da gest\u00e3o. Na \u00e1rea da sa\u00fade, por exemplo, Pernambuco ganhou 149 novos leitos em hospitais da rede estadual. Com o lan\u00e7amento do Programa Cuida PE, os servi\u00e7os de consultas, exames e cirurgias ganharam mais agilidade, diminuindo as filas de espera.\u00a0<\/span><\/div>\n<div><span style=\"font-family: Arial; font-size: medium;\">\u00a0<\/span><\/div>\n<div><span style=\"font-family: Arial; font-size: medium;\">Garantindo mais seguran\u00e7a para a popula\u00e7\u00e3o, o Estado tamb\u00e9m aumentou em 30% o efetivo policial nas ruas e adquiriu 12 novas viaturas para a Patrulha Maria da Penha. Seis Delegacias da Mulher passaram a operar em regime de plant\u00e3o por 24h na Regi\u00e3o Metropolitana do Recife e no Sert\u00e3o.<\/span><\/div>\n<div><span style=\"font-family: Arial; font-size: medium;\">\u00a0<\/span><\/div>\n<div><span style=\"font-family: Arial; font-size: medium;\">Dentre outros resultados, o governo destravou obras de abastecimento de \u00e1gua e lan\u00e7ou o Programa Morar Bem, com a entrega de 272 unidades no Jardim Jord\u00e3o, em Jaboat\u00e3o dos Guararapes. Como consequ\u00eancia da articula\u00e7\u00e3o com o governo federal, o ramal Salgueiro-Suape da Transnordestina tamb\u00e9m foi garantido e o Estado voltou a fazer parte da obra de infraestrutura.<\/span><\/div>\n<div><span style=\"font-family: Arial; font-size: medium;\">\u00a0<\/span><\/div>\n<div><span style=\"font-family: Arial; font-size: medium;\">Fotos: Miva Filho\/Secom<\/span><\/div>\n<div><\/div>\n<p><span style=\"color: #888888;\">&#8212;<br \/>\nAur\u00e9lio Camilo<br \/>\nGerente Geral de Imprensa<\/span><\/p>\n","protected":false},"excerpt":{"rendered":"<p>A governadora Raquel Lyra e a sua vice, Priscila Krause, se reuniram, nesta quinta-feira (25), com todo o time de secret\u00e1rios, secret\u00e1rios executivos e dirigentes de \u00f3rg\u00e3os do Governo de Pernambuco para um encontro amplo de trabalho. Durante a reuni\u00e3o, realizada no audit\u00f3rio do Cais do Sert\u00e3o, no Recife, foram debatidos os projetos priorit\u00e1rios que j\u00e1 est\u00e3o sendo executados pelo governo, o alinhamento de diretrizes como a racionaliza\u00e7\u00e3o de gastos, a observ\u00e2ncia do di\u00e1logo interfederativo, al\u00e9m da conformidade e transpar\u00eancia dos processos.\u00a0 \u00a0 \u201cNosso time est\u00e1 integrado, trabalhando para fazer as entregas que o povo precisa, seja na assist\u00eancia social, na sa\u00fade, na educa\u00e7\u00e3o ou em tantas outras \u00e1reas. Todas as pastas est\u00e3o se dedicando para que esse seja o&hellip; <\/p>\n","protected":false},"author":2,"featured_media":341519,"comment_status":"open","ping_status":"open","sticky":false,"template":"","format":"standard","meta":{"_acf_changed":false,"footnotes":""},"categories":[44],"tags":[],"class_list":["post-341518","post","type-post","status-publish","format-standard","has-post-thumbnail","hentry","category-administracao"],"acf":[],"yoast_head":"<!-- This site is optimized with the Yoast SEO plugin v27.4 - https:\/\/yoast.com\/product\/yoast-seo-wordpress\/ -->\n<title>Raquel Lyra re\u00fane 1\u00ba e 2\u00ba escal\u00f5es do governo para debater as prioridades da gest\u00e3o - Blog do Farn\u00e9sio<\/title>\n<meta name=\"robots\" content=\"index, follow, max-snippet:-1, max-image-preview:large, max-video-preview:-1\" \/>\n<link rel=\"canonical\" href=\"https:\/\/blogdofarnesio.com.br\/?p=341518\" \/>\n<meta property=\"og:locale\" content=\"pt_BR\" \/>\n<meta property=\"og:type\" content=\"article\" \/>\n<meta property=\"og:title\" content=\"Raquel Lyra re\u00fane 1\u00ba e 2\u00ba escal\u00f5es do governo para debater as prioridades da gest\u00e3o - Blog do Farn\u00e9sio\" \/>\n<meta property=\"og:description\" content=\"A governadora Raquel Lyra e a sua vice, Priscila Krause, se reuniram, nesta quinta-feira (25), com todo o time de secret\u00e1rios, secret\u00e1rios executivos e dirigentes de \u00f3rg\u00e3os do Governo de Pernambuco para um encontro amplo de trabalho. Durante a reuni\u00e3o, realizada no audit\u00f3rio do Cais do Sert\u00e3o, no Recife, foram debatidos os projetos priorit\u00e1rios que j\u00e1 est\u00e3o sendo executados pelo governo, o alinhamento de diretrizes como a racionaliza\u00e7\u00e3o de gastos, a observ\u00e2ncia do di\u00e1logo interfederativo, al\u00e9m da conformidade e transpar\u00eancia dos processos.\u00a0 \u00a0 \u201cNosso time est\u00e1 integrado, trabalhando para fazer as entregas que o povo precisa, seja na assist\u00eancia social, na sa\u00fade, na educa\u00e7\u00e3o ou em tantas outras \u00e1reas. Todas as pastas est\u00e3o se dedicando para que esse seja o&hellip;\" \/>\n<meta property=\"og:url\" content=\"https:\/\/blogdofarnesio.com.br\/?p=341518\" \/>\n<meta property=\"og:site_name\" content=\"Blog do Farn\u00e9sio\" \/>\n<meta property=\"article:publisher\" content=\"https:\/\/www.facebook.com\/BlogQuerSaberPolitica\/\" \/>\n<meta property=\"article:author\" content=\"https:\/\/www.facebook.com\/?ref=tn_tnmn\" \/>\n<meta property=\"article:published_time\" content=\"2023-05-26T14:24:22+00:00\" \/>\n<meta property=\"og:image\" content=\"https:\/\/blogdofarnesio.com.br\/wp-content\/uploads\/2023\/05\/blogqspraquel-1-e-2-escalao-Miva-Filho-Secom-e1685051299263.jpeg\" \/>\n\t<meta property=\"og:image:width\" content=\"624\" \/>\n\t<meta property=\"og:image:height\" content=\"416\" \/>\n\t<meta property=\"og:image:type\" content=\"image\/jpeg\" \/>\n<meta name=\"author\" content=\"Farn\u00e9sio\" \/>\n<meta name=\"twitter:card\" content=\"summary_large_image\" \/>\n<meta name=\"twitter:label1\" content=\"Escrito por\" \/>\n\t<meta name=\"twitter:data1\" content=\"Farn\u00e9sio\" \/>\n\t<meta name=\"twitter:label2\" content=\"Est. tempo de leitura\" \/>\n\t<meta name=\"twitter:data2\" content=\"2 minutos\" \/>\n<script type=\"application\/ld+json\" class=\"yoast-schema-graph\">{\"@context\":\"https:\\\/\\\/schema.org\",\"@graph\":[{\"@type\":\"Article\",\"@id\":\"https:\\\/\\\/blogdofarnesio.com.br\\\/?p=341518#article\",\"isPartOf\":{\"@id\":\"https:\\\/\\\/blogdofarnesio.com.br\\\/?p=341518\"},\"author\":{\"name\":\"Farn\u00e9sio\",\"@id\":\"https:\\\/\\\/blogdofarnesio.com.br\\\/#\\\/schema\\\/person\\\/bb9b23ae3ad0609ce8df7b6c9e76824d\"},\"headline\":\"Raquel Lyra re\u00fane 1\u00ba e 2\u00ba escal\u00f5es do governo para debater as prioridades da gest\u00e3o\",\"datePublished\":\"2023-05-26T14:24:22+00:00\",\"mainEntityOfPage\":{\"@id\":\"https:\\\/\\\/blogdofarnesio.com.br\\\/?p=341518\"},\"wordCount\":414,\"commentCount\":0,\"publisher\":{\"@id\":\"https:\\\/\\\/blogdofarnesio.com.br\\\/#organization\"},\"image\":{\"@id\":\"https:\\\/\\\/blogdofarnesio.com.br\\\/?p=341518#primaryimage\"},\"thumbnailUrl\":\"https:\\\/\\\/blogdofarnesio.com.br\\\/wp-content\\\/uploads\\\/2023\\\/05\\\/blogqspraquel-1-e-2-escalao-Miva-Filho-Secom-e1685051299263.jpeg\",\"articleSection\":[\"Administra\u00e7\u00e3o\"],\"inLanguage\":\"pt-BR\",\"potentialAction\":[{\"@type\":\"CommentAction\",\"name\":\"Comment\",\"target\":[\"https:\\\/\\\/blogdofarnesio.com.br\\\/?p=341518#respond\"]}]},{\"@type\":\"WebPage\",\"@id\":\"https:\\\/\\\/blogdofarnesio.com.br\\\/?p=341518\",\"url\":\"https:\\\/\\\/blogdofarnesio.com.br\\\/?p=341518\",\"name\":\"Raquel Lyra re\u00fane 1\u00ba e 2\u00ba escal\u00f5es do governo para debater as prioridades da gest\u00e3o - Blog do Farn\u00e9sio\",\"isPartOf\":{\"@id\":\"https:\\\/\\\/blogdofarnesio.com.br\\\/#website\"},\"primaryImageOfPage\":{\"@id\":\"https:\\\/\\\/blogdofarnesio.com.br\\\/?p=341518#primaryimage\"},\"image\":{\"@id\":\"https:\\\/\\\/blogdofarnesio.com.br\\\/?p=341518#primaryimage\"},\"thumbnailUrl\":\"https:\\\/\\\/blogdofarnesio.com.br\\\/wp-content\\\/uploads\\\/2023\\\/05\\\/blogqspraquel-1-e-2-escalao-Miva-Filho-Secom-e1685051299263.jpeg\",\"datePublished\":\"2023-05-26T14:24:22+00:00\",\"breadcrumb\":{\"@id\":\"https:\\\/\\\/blogdofarnesio.com.br\\\/?p=341518#breadcrumb\"},\"inLanguage\":\"pt-BR\",\"potentialAction\":[{\"@type\":\"ReadAction\",\"target\":[\"https:\\\/\\\/blogdofarnesio.com.br\\\/?p=341518\"]}]},{\"@type\":\"ImageObject\",\"inLanguage\":\"pt-BR\",\"@id\":\"https:\\\/\\\/blogdofarnesio.com.br\\\/?p=341518#primaryimage\",\"url\":\"https:\\\/\\\/blogdofarnesio.com.br\\\/wp-content\\\/uploads\\\/2023\\\/05\\\/blogqspraquel-1-e-2-escalao-Miva-Filho-Secom-e1685051299263.jpeg\",\"contentUrl\":\"https:\\\/\\\/blogdofarnesio.com.br\\\/wp-content\\\/uploads\\\/2023\\\/05\\\/blogqspraquel-1-e-2-escalao-Miva-Filho-Secom-e1685051299263.jpeg\",\"width\":624,\"height\":416},{\"@type\":\"BreadcrumbList\",\"@id\":\"https:\\\/\\\/blogdofarnesio.com.br\\\/?p=341518#breadcrumb\",\"itemListElement\":[{\"@type\":\"ListItem\",\"position\":1,\"name\":\"In\u00edcio\",\"item\":\"https:\\\/\\\/blogdofarnesio.com.br\\\/\"},{\"@type\":\"ListItem\",\"position\":2,\"name\":\"Raquel Lyra re\u00fane 1\u00ba e 2\u00ba escal\u00f5es do governo para debater as prioridades da gest\u00e3o\"}]},{\"@type\":\"WebSite\",\"@id\":\"https:\\\/\\\/blogdofarnesio.com.br\\\/#website\",\"url\":\"https:\\\/\\\/blogdofarnesio.com.br\\\/\",\"name\":\"Blog do Farn\u00e9sio\",\"description\":\"Quer Saber Pol\u00edtica?\",\"publisher\":{\"@id\":\"https:\\\/\\\/blogdofarnesio.com.br\\\/#organization\"},\"potentialAction\":[{\"@type\":\"SearchAction\",\"target\":{\"@type\":\"EntryPoint\",\"urlTemplate\":\"https:\\\/\\\/blogdofarnesio.com.br\\\/?s={search_term_string}\"},\"query-input\":{\"@type\":\"PropertyValueSpecification\",\"valueRequired\":true,\"valueName\":\"search_term_string\"}}],\"inLanguage\":\"pt-BR\"},{\"@type\":\"Organization\",\"@id\":\"https:\\\/\\\/blogdofarnesio.com.br\\\/#organization\",\"name\":\"Blog do Farn\u00e9sio\",\"url\":\"https:\\\/\\\/blogdofarnesio.com.br\\\/\",\"logo\":{\"@type\":\"ImageObject\",\"inLanguage\":\"pt-BR\",\"@id\":\"https:\\\/\\\/blogdofarnesio.com.br\\\/#\\\/schema\\\/logo\\\/image\\\/\",\"url\":\"https:\\\/\\\/blogdofarnesio.com.br\\\/wp-content\\\/uploads\\\/2026\\\/03\\\/cropped-logo_new-1.png\",\"contentUrl\":\"https:\\\/\\\/blogdofarnesio.com.br\\\/wp-content\\\/uploads\\\/2026\\\/03\\\/cropped-logo_new-1.png\",\"width\":881,\"height\":685,\"caption\":\"Blog do Farn\u00e9sio\"},\"image\":{\"@id\":\"https:\\\/\\\/blogdofarnesio.com.br\\\/#\\\/schema\\\/logo\\\/image\\\/\"},\"sameAs\":[\"https:\\\/\\\/www.facebook.com\\\/BlogQuerSaberPolitica\\\/\"]},{\"@type\":\"Person\",\"@id\":\"https:\\\/\\\/blogdofarnesio.com.br\\\/#\\\/schema\\\/person\\\/bb9b23ae3ad0609ce8df7b6c9e76824d\",\"name\":\"Farn\u00e9sio\",\"image\":{\"@type\":\"ImageObject\",\"inLanguage\":\"pt-BR\",\"@id\":\"https:\\\/\\\/secure.gravatar.com\\\/avatar\\\/986aa4c61ccdb66f8555bf88fc2a65609d00bcabd4d2d94377a727547345cbca?s=96&d=mm&r=g\",\"url\":\"https:\\\/\\\/secure.gravatar.com\\\/avatar\\\/986aa4c61ccdb66f8555bf88fc2a65609d00bcabd4d2d94377a727547345cbca?s=96&d=mm&r=g\",\"contentUrl\":\"https:\\\/\\\/secure.gravatar.com\\\/avatar\\\/986aa4c61ccdb66f8555bf88fc2a65609d00bcabd4d2d94377a727547345cbca?s=96&d=mm&r=g\",\"caption\":\"Farn\u00e9sio\"},\"description\":\"Radialista blogueiro, chegou a Petrolina\\\/Juazeiro em setembro de 1980, Farn\u00e9sio Silva \u00e9 de Arapiraca-Alagoas.\",\"sameAs\":[\"http:\\\/\\\/blogdofarnesio.com.br\",\"https:\\\/\\\/www.facebook.com\\\/?ref=tn_tnmn\",\"https:\\\/\\\/www.instagram.com\\\/?utm_source=pwa_homescreen\",\"https:\\\/\\\/youtube.com.br\\\/\"],\"url\":\"https:\\\/\\\/blogdofarnesio.com.br\\\/?author=2\"}]}<\/script>\n<!-- \/ Yoast SEO plugin. -->","yoast_head_json":{"title":"Raquel Lyra re\u00fane 1\u00ba e 2\u00ba escal\u00f5es do governo para debater as prioridades da gest\u00e3o - Blog do Farn\u00e9sio","robots":{"index":"index","follow":"follow","max-snippet":"max-snippet:-1","max-image-preview":"max-image-preview:large","max-video-preview":"max-video-preview:-1"},"canonical":"https:\/\/blogdofarnesio.com.br\/?p=341518","og_locale":"pt_BR","og_type":"article","og_title":"Raquel Lyra re\u00fane 1\u00ba e 2\u00ba escal\u00f5es do governo para debater as prioridades da gest\u00e3o - Blog do Farn\u00e9sio","og_description":"A governadora Raquel Lyra e a sua vice, Priscila Krause, se reuniram, nesta quinta-feira (25), com todo o time de secret\u00e1rios, secret\u00e1rios executivos e dirigentes de \u00f3rg\u00e3os do Governo de Pernambuco para um encontro amplo de trabalho. Durante a reuni\u00e3o, realizada no audit\u00f3rio do Cais do Sert\u00e3o, no Recife, foram debatidos os projetos priorit\u00e1rios que j\u00e1 est\u00e3o sendo executados pelo governo, o alinhamento de diretrizes como a racionaliza\u00e7\u00e3o de gastos, a observ\u00e2ncia do di\u00e1logo interfederativo, al\u00e9m da conformidade e transpar\u00eancia dos processos.\u00a0 \u00a0 \u201cNosso time est\u00e1 integrado, trabalhando para fazer as entregas que o povo precisa, seja na assist\u00eancia social, na sa\u00fade, na educa\u00e7\u00e3o ou em tantas outras \u00e1reas. Todas as pastas est\u00e3o se dedicando para que esse seja o&hellip;","og_url":"https:\/\/blogdofarnesio.com.br\/?p=341518","og_site_name":"Blog do Farn\u00e9sio","article_publisher":"https:\/\/www.facebook.com\/BlogQuerSaberPolitica\/","article_author":"https:\/\/www.facebook.com\/?ref=tn_tnmn","article_published_time":"2023-05-26T14:24:22+00:00","og_image":[{"width":624,"height":416,"url":"https:\/\/blogdofarnesio.com.br\/wp-content\/uploads\/2023\/05\/blogqspraquel-1-e-2-escalao-Miva-Filho-Secom-e1685051299263.jpeg","type":"image\/jpeg"}],"author":"Farn\u00e9sio","twitter_card":"summary_large_image","twitter_misc":{"Escrito por":"Farn\u00e9sio","Est. tempo de leitura":"2 minutos"},"schema":{"@context":"https:\/\/schema.org","@graph":[{"@type":"Article","@id":"https:\/\/blogdofarnesio.com.br\/?p=341518#article","isPartOf":{"@id":"https:\/\/blogdofarnesio.com.br\/?p=341518"},"author":{"name":"Farn\u00e9sio","@id":"https:\/\/blogdofarnesio.com.br\/#\/schema\/person\/bb9b23ae3ad0609ce8df7b6c9e76824d"},"headline":"Raquel Lyra re\u00fane 1\u00ba e 2\u00ba escal\u00f5es do governo para debater as prioridades da gest\u00e3o","datePublished":"2023-05-26T14:24:22+00:00","mainEntityOfPage":{"@id":"https:\/\/blogdofarnesio.com.br\/?p=341518"},"wordCount":414,"commentCount":0,"publisher":{"@id":"https:\/\/blogdofarnesio.com.br\/#organization"},"image":{"@id":"https:\/\/blogdofarnesio.com.br\/?p=341518#primaryimage"},"thumbnailUrl":"https:\/\/blogdofarnesio.com.br\/wp-content\/uploads\/2023\/05\/blogqspraquel-1-e-2-escalao-Miva-Filho-Secom-e1685051299263.jpeg","articleSection":["Administra\u00e7\u00e3o"],"inLanguage":"pt-BR","potentialAction":[{"@type":"CommentAction","name":"Comment","target":["https:\/\/blogdofarnesio.com.br\/?p=341518#respond"]}]},{"@type":"WebPage","@id":"https:\/\/blogdofarnesio.com.br\/?p=341518","url":"https:\/\/blogdofarnesio.com.br\/?p=341518","name":"Raquel Lyra re\u00fane 1\u00ba e 2\u00ba escal\u00f5es do governo para debater as prioridades da gest\u00e3o - Blog do Farn\u00e9sio","isPartOf":{"@id":"https:\/\/blogdofarnesio.com.br\/#website"},"primaryImageOfPage":{"@id":"https:\/\/blogdofarnesio.com.br\/?p=341518#primaryimage"},"image":{"@id":"https:\/\/blogdofarnesio.com.br\/?p=341518#primaryimage"},"thumbnailUrl":"https:\/\/blogdofarnesio.com.br\/wp-content\/uploads\/2023\/05\/blogqspraquel-1-e-2-escalao-Miva-Filho-Secom-e1685051299263.jpeg","datePublished":"2023-05-26T14:24:22+00:00","breadcrumb":{"@id":"https:\/\/blogdofarnesio.com.br\/?p=341518#breadcrumb"},"inLanguage":"pt-BR","potentialAction":[{"@type":"ReadAction","target":["https:\/\/blogdofarnesio.com.br\/?p=341518"]}]},{"@type":"ImageObject","inLanguage":"pt-BR","@id":"https:\/\/blogdofarnesio.com.br\/?p=341518#primaryimage","url":"https:\/\/blogdofarnesio.com.br\/wp-content\/uploads\/2023\/05\/blogqspraquel-1-e-2-escalao-Miva-Filho-Secom-e1685051299263.jpeg","contentUrl":"https:\/\/blogdofarnesio.com.br\/wp-content\/uploads\/2023\/05\/blogqspraquel-1-e-2-escalao-Miva-Filho-Secom-e1685051299263.jpeg","width":624,"height":416},{"@type":"BreadcrumbList","@id":"https:\/\/blogdofarnesio.com.br\/?p=341518#breadcrumb","itemListElement":[{"@type":"ListItem","position":1,"name":"In\u00edcio","item":"https:\/\/blogdofarnesio.com.br\/"},{"@type":"ListItem","position":2,"name":"Raquel Lyra re\u00fane 1\u00ba e 2\u00ba escal\u00f5es do governo para debater as prioridades da gest\u00e3o"}]},{"@type":"WebSite","@id":"https:\/\/blogdofarnesio.com.br\/#website","url":"https:\/\/blogdofarnesio.com.br\/","name":"Blog do Farn\u00e9sio","description":"Quer Saber Pol\u00edtica?","publisher":{"@id":"https:\/\/blogdofarnesio.com.br\/#organization"},"potentialAction":[{"@type":"SearchAction","target":{"@type":"EntryPoint","urlTemplate":"https:\/\/blogdofarnesio.com.br\/?s={search_term_string}"},"query-input":{"@type":"PropertyValueSpecification","valueRequired":true,"valueName":"search_term_string"}}],"inLanguage":"pt-BR"},{"@type":"Organization","@id":"https:\/\/blogdofarnesio.com.br\/#organization","name":"Blog do Farn\u00e9sio","url":"https:\/\/blogdofarnesio.com.br\/","logo":{"@type":"ImageObject","inLanguage":"pt-BR","@id":"https:\/\/blogdofarnesio.com.br\/#\/schema\/logo\/image\/","url":"https:\/\/blogdofarnesio.com.br\/wp-content\/uploads\/2026\/03\/cropped-logo_new-1.png","contentUrl":"https:\/\/blogdofarnesio.com.br\/wp-content\/uploads\/2026\/03\/cropped-logo_new-1.png","width":881,"height":685,"caption":"Blog do Farn\u00e9sio"},"image":{"@id":"https:\/\/blogdofarnesio.com.br\/#\/schema\/logo\/image\/"},"sameAs":["https:\/\/www.facebook.com\/BlogQuerSaberPolitica\/"]},{"@type":"Person","@id":"https:\/\/blogdofarnesio.com.br\/#\/schema\/person\/bb9b23ae3ad0609ce8df7b6c9e76824d","name":"Farn\u00e9sio","image":{"@type":"ImageObject","inLanguage":"pt-BR","@id":"https:\/\/secure.gravatar.com\/avatar\/986aa4c61ccdb66f8555bf88fc2a65609d00bcabd4d2d94377a727547345cbca?s=96&d=mm&r=g","url":"https:\/\/secure.gravatar.com\/avatar\/986aa4c61ccdb66f8555bf88fc2a65609d00bcabd4d2d94377a727547345cbca?s=96&d=mm&r=g","contentUrl":"https:\/\/secure.gravatar.com\/avatar\/986aa4c61ccdb66f8555bf88fc2a65609d00bcabd4d2d94377a727547345cbca?s=96&d=mm&r=g","caption":"Farn\u00e9sio"},"description":"Radialista blogueiro, chegou a Petrolina\/Juazeiro em setembro de 1980, Farn\u00e9sio Silva \u00e9 de Arapiraca-Alagoas.","sameAs":["http:\/\/blogdofarnesio.com.br","https:\/\/www.facebook.com\/?ref=tn_tnmn","https:\/\/www.instagram.com\/?utm_source=pwa_homescreen","https:\/\/youtube.com.br\/"],"url":"https:\/\/blogdofarnesio.com.br\/?author=2"}]}},"_links":{"self":[{"href":"https:\/\/blogdofarnesio.com.br\/index.php?rest_route=\/wp\/v2\/posts\/341518","targetHints":{"allow":["GET"]}}],"collection":[{"href":"https:\/\/blogdofarnesio.com.br\/index.php?rest_route=\/wp\/v2\/posts"}],"about":[{"href":"https:\/\/blogdofarnesio.com.br\/index.php?rest_route=\/wp\/v2\/types\/post"}],"author":[{"embeddable":true,"href":"https:\/\/blogdofarnesio.com.br\/index.php?rest_route=\/wp\/v2\/users\/2"}],"replies":[{"embeddable":true,"href":"https:\/\/blogdofarnesio.com.br\/index.php?rest_route=%2Fwp%2Fv2%2Fcomments&post=341518"}],"version-history":[{"count":0,"href":"https:\/\/blogdofarnesio.com.br\/index.php?rest_route=\/wp\/v2\/posts\/341518\/revisions"}],"wp:featuredmedia":[{"embeddable":true,"href":"https:\/\/blogdofarnesio.com.br\/index.php?rest_route=\/wp\/v2\/media\/341519"}],"wp:attachment":[{"href":"https:\/\/blogdofarnesio.com.br\/index.php?rest_route=%2Fwp%2Fv2%2Fmedia&parent=341518"}],"wp:term":[{"taxonomy":"category","embeddable":true,"href":"https:\/\/blogdofarnesio.com.br\/index.php?rest_route=%2Fwp%2Fv2%2Fcategories&post=341518"},{"taxonomy":"post_tag","embeddable":true,"href":"https:\/\/blogdofarnesio.com.br\/index.php?rest_route=%2Fwp%2Fv2%2Ftags&post=341518"}],"curies":[{"name":"wp","href":"https:\/\/api.w.org\/{rel}","templated":true}]}}