{"id":341510,"date":"2023-05-26T14:00:52","date_gmt":"2023-05-26T17:00:52","guid":{"rendered":"https:\/\/blogdofarnesio.com.br\/?p=341510"},"modified":"2023-05-26T09:23:05","modified_gmt":"2023-05-26T12:23:05","slug":"operacao-contempla-melhoria-de-vias-na-area-ribeirinha-de-petrolina","status":"publish","type":"post","link":"https:\/\/blogdofarnesio.com.br\/?p=341510","title":{"rendered":"Opera\u00e7\u00e3o contempla melhoria de vias na \u00e1rea ribeirinha de Petrolina"},"content":{"rendered":"<div>Estradas que s\u00e3o principais corredores de tr\u00e2nsito para escoamento da produ\u00e7\u00e3o agr\u00edcola, como tamb\u00e9m de \u00f4nibus escolares na \u00e1rea ribeirinha de Petrolina, come\u00e7am a receber novamente equipes da Opera\u00e7\u00e3o de Patrolamento da prefeitura, atrav\u00e9s da Secretaria de Agricultura (Seagri). A opera\u00e7\u00e3o foi iniciada nesta semana na comunidade de Tapera, h\u00e1 cerca de 34 km da sede, e seguir\u00e1 at\u00e9 o Ro\u00e7ado.<\/div>\n<div><\/div>\n<div>De acordo com o secret\u00e1rio de Agricultura, Gilberto Melo, essa Opera\u00e7\u00e3o de Patrolamento visa atender as demandas apresentadas pela comunidade por meio da Associa\u00e7\u00e3o de Desenvolvimento Comunit\u00e1rio da Tapera. No total, ser\u00e3o 20 km de vias recuperadas e que s\u00e3o importantes corredores de acesso a quatro fazendas, avenidas da igreja cat\u00f3lica, cemit\u00e9rio e Avenida 4; Assentamento Margarida Alves, Assentamento Santa Luzia, al\u00e9m da estrada que segue para o N\u00facleo 4 do Per\u00edmetro Irrigado Senador Nilo Coelho (PISNC).<\/div>\n<div><\/div>\n<div>\u201cEsses trechos apontados pelos comunit\u00e1rios s\u00e3o de grande import\u00e2ncia, visto que d\u00e3o acesso a fazendas que oportunizam mais de 1.400 empregos, geram renda e al\u00e9m disso s\u00e3o tamb\u00e9m corredores de transporte escolar. O prefeito Sim\u00e3o Durando sempre ressalta com nossa equipe que \u00e9 preciso dar celeridade \u00e0s demandas mais urgentes da nossa zona rural. Seguimos com muito empenho os servi\u00e7os e em breve a \u00e1rea ribeirinha estar\u00e1 com essas demandas atendidas\u201d, refor\u00e7ou o secret\u00e1rio.<\/div>\n<div><\/div>\n<div>Texto e fotos: Jaquelyne Costa<\/div>\n<div>Assessora de Comunica\u00e7\u00e3o<\/div>\n","protected":false},"excerpt":{"rendered":"<p>Estradas que s\u00e3o principais corredores de tr\u00e2nsito para escoamento da produ\u00e7\u00e3o agr\u00edcola, como tamb\u00e9m de \u00f4nibus escolares na \u00e1rea ribeirinha de Petrolina, come\u00e7am a receber novamente equipes da Opera\u00e7\u00e3o de Patrolamento da prefeitura, atrav\u00e9s da Secretaria de Agricultura (Seagri). A opera\u00e7\u00e3o foi iniciada nesta semana na comunidade de Tapera, h\u00e1 cerca de 34 km da sede, e seguir\u00e1 at\u00e9 o Ro\u00e7ado. De acordo com o secret\u00e1rio de Agricultura, Gilberto Melo, essa Opera\u00e7\u00e3o de Patrolamento visa atender as demandas apresentadas pela comunidade por meio da Associa\u00e7\u00e3o de Desenvolvimento Comunit\u00e1rio da Tapera. No total, ser\u00e3o 20 km de vias recuperadas e que s\u00e3o importantes corredores de acesso a quatro fazendas, avenidas da igreja cat\u00f3lica, cemit\u00e9rio e Avenida 4; Assentamento Margarida Alves, Assentamento&hellip; <\/p>\n","protected":false},"author":2,"featured_media":276871,"comment_status":"open","ping_status":"open","sticky":false,"template":"","format":"standard","meta":{"_acf_changed":false,"footnotes":""},"categories":[17],"tags":[],"class_list":["post-341510","post","type-post","status-publish","format-standard","has-post-thumbnail","hentry","category-estradas"],"acf":[],"yoast_head":"<!-- This site is optimized with the Yoast SEO plugin v27.4 - https:\/\/yoast.com\/product\/yoast-seo-wordpress\/ -->\n<title>Opera\u00e7\u00e3o contempla melhoria de vias na \u00e1rea ribeirinha de Petrolina - Blog do Farn\u00e9sio<\/title>\n<meta name=\"robots\" content=\"index, follow, max-snippet:-1, max-image-preview:large, max-video-preview:-1\" \/>\n<link rel=\"canonical\" href=\"https:\/\/blogdofarnesio.com.br\/?p=341510\" \/>\n<meta property=\"og:locale\" content=\"pt_BR\" \/>\n<meta property=\"og:type\" content=\"article\" \/>\n<meta property=\"og:title\" content=\"Opera\u00e7\u00e3o contempla melhoria de vias na \u00e1rea ribeirinha de Petrolina - Blog do Farn\u00e9sio\" \/>\n<meta property=\"og:description\" content=\"Estradas que s\u00e3o principais corredores de tr\u00e2nsito para escoamento da produ\u00e7\u00e3o agr\u00edcola, como tamb\u00e9m de \u00f4nibus escolares na \u00e1rea ribeirinha de Petrolina, come\u00e7am a receber novamente equipes da Opera\u00e7\u00e3o de Patrolamento da prefeitura, atrav\u00e9s da Secretaria de Agricultura (Seagri). A opera\u00e7\u00e3o foi iniciada nesta semana na comunidade de Tapera, h\u00e1 cerca de 34 km da sede, e seguir\u00e1 at\u00e9 o Ro\u00e7ado. De acordo com o secret\u00e1rio de Agricultura, Gilberto Melo, essa Opera\u00e7\u00e3o de Patrolamento visa atender as demandas apresentadas pela comunidade por meio da Associa\u00e7\u00e3o de Desenvolvimento Comunit\u00e1rio da Tapera. No total, ser\u00e3o 20 km de vias recuperadas e que s\u00e3o importantes corredores de acesso a quatro fazendas, avenidas da igreja cat\u00f3lica, cemit\u00e9rio e Avenida 4; Assentamento Margarida Alves, Assentamento&hellip;\" \/>\n<meta property=\"og:url\" content=\"https:\/\/blogdofarnesio.com.br\/?p=341510\" \/>\n<meta property=\"og:site_name\" content=\"Blog do Farn\u00e9sio\" \/>\n<meta property=\"article:publisher\" content=\"https:\/\/www.facebook.com\/BlogQuerSaberPolitica\/\" \/>\n<meta property=\"article:author\" content=\"https:\/\/www.facebook.com\/?ref=tn_tnmn\" \/>\n<meta property=\"article:published_time\" content=\"2023-05-26T17:00:52+00:00\" \/>\n<meta property=\"og:image\" content=\"https:\/\/blogdofarnesio.com.br\/wp-content\/uploads\/2021\/01\/Patrolamento-02-e1642453907961.jpeg\" \/>\n\t<meta property=\"og:image:width\" content=\"680\" \/>\n\t<meta property=\"og:image:height\" content=\"313\" \/>\n\t<meta property=\"og:image:type\" content=\"image\/jpeg\" \/>\n<meta name=\"author\" content=\"Farn\u00e9sio\" \/>\n<meta name=\"twitter:card\" content=\"summary_large_image\" \/>\n<meta name=\"twitter:label1\" content=\"Escrito por\" \/>\n\t<meta name=\"twitter:data1\" content=\"Farn\u00e9sio\" \/>\n\t<meta name=\"twitter:label2\" content=\"Est. tempo de leitura\" \/>\n\t<meta name=\"twitter:data2\" content=\"2 minutos\" \/>\n<script type=\"application\/ld+json\" class=\"yoast-schema-graph\">{\"@context\":\"https:\\\/\\\/schema.org\",\"@graph\":[{\"@type\":\"Article\",\"@id\":\"https:\\\/\\\/blogdofarnesio.com.br\\\/?p=341510#article\",\"isPartOf\":{\"@id\":\"https:\\\/\\\/blogdofarnesio.com.br\\\/?p=341510\"},\"author\":{\"name\":\"Farn\u00e9sio\",\"@id\":\"https:\\\/\\\/blogdofarnesio.com.br\\\/#\\\/schema\\\/person\\\/bb9b23ae3ad0609ce8df7b6c9e76824d\"},\"headline\":\"Opera\u00e7\u00e3o contempla melhoria de vias na \u00e1rea ribeirinha de Petrolina\",\"datePublished\":\"2023-05-26T17:00:52+00:00\",\"mainEntityOfPage\":{\"@id\":\"https:\\\/\\\/blogdofarnesio.com.br\\\/?p=341510\"},\"wordCount\":258,\"commentCount\":0,\"publisher\":{\"@id\":\"https:\\\/\\\/blogdofarnesio.com.br\\\/#organization\"},\"image\":{\"@id\":\"https:\\\/\\\/blogdofarnesio.com.br\\\/?p=341510#primaryimage\"},\"thumbnailUrl\":\"https:\\\/\\\/blogdofarnesio.com.br\\\/wp-content\\\/uploads\\\/2021\\\/01\\\/Patrolamento-02-e1642453907961.jpeg\",\"articleSection\":[\"Estradas\"],\"inLanguage\":\"pt-BR\",\"potentialAction\":[{\"@type\":\"CommentAction\",\"name\":\"Comment\",\"target\":[\"https:\\\/\\\/blogdofarnesio.com.br\\\/?p=341510#respond\"]}]},{\"@type\":\"WebPage\",\"@id\":\"https:\\\/\\\/blogdofarnesio.com.br\\\/?p=341510\",\"url\":\"https:\\\/\\\/blogdofarnesio.com.br\\\/?p=341510\",\"name\":\"Opera\u00e7\u00e3o contempla melhoria de vias na \u00e1rea ribeirinha de Petrolina - Blog do Farn\u00e9sio\",\"isPartOf\":{\"@id\":\"https:\\\/\\\/blogdofarnesio.com.br\\\/#website\"},\"primaryImageOfPage\":{\"@id\":\"https:\\\/\\\/blogdofarnesio.com.br\\\/?p=341510#primaryimage\"},\"image\":{\"@id\":\"https:\\\/\\\/blogdofarnesio.com.br\\\/?p=341510#primaryimage\"},\"thumbnailUrl\":\"https:\\\/\\\/blogdofarnesio.com.br\\\/wp-content\\\/uploads\\\/2021\\\/01\\\/Patrolamento-02-e1642453907961.jpeg\",\"datePublished\":\"2023-05-26T17:00:52+00:00\",\"breadcrumb\":{\"@id\":\"https:\\\/\\\/blogdofarnesio.com.br\\\/?p=341510#breadcrumb\"},\"inLanguage\":\"pt-BR\",\"potentialAction\":[{\"@type\":\"ReadAction\",\"target\":[\"https:\\\/\\\/blogdofarnesio.com.br\\\/?p=341510\"]}]},{\"@type\":\"ImageObject\",\"inLanguage\":\"pt-BR\",\"@id\":\"https:\\\/\\\/blogdofarnesio.com.br\\\/?p=341510#primaryimage\",\"url\":\"https:\\\/\\\/blogdofarnesio.com.br\\\/wp-content\\\/uploads\\\/2021\\\/01\\\/Patrolamento-02-e1642453907961.jpeg\",\"contentUrl\":\"https:\\\/\\\/blogdofarnesio.com.br\\\/wp-content\\\/uploads\\\/2021\\\/01\\\/Patrolamento-02-e1642453907961.jpeg\",\"width\":680,\"height\":313},{\"@type\":\"BreadcrumbList\",\"@id\":\"https:\\\/\\\/blogdofarnesio.com.br\\\/?p=341510#breadcrumb\",\"itemListElement\":[{\"@type\":\"ListItem\",\"position\":1,\"name\":\"In\u00edcio\",\"item\":\"https:\\\/\\\/blogdofarnesio.com.br\\\/\"},{\"@type\":\"ListItem\",\"position\":2,\"name\":\"Opera\u00e7\u00e3o contempla melhoria de vias na \u00e1rea ribeirinha de Petrolina\"}]},{\"@type\":\"WebSite\",\"@id\":\"https:\\\/\\\/blogdofarnesio.com.br\\\/#website\",\"url\":\"https:\\\/\\\/blogdofarnesio.com.br\\\/\",\"name\":\"Blog do Farn\u00e9sio\",\"description\":\"Quer Saber Pol\u00edtica?\",\"publisher\":{\"@id\":\"https:\\\/\\\/blogdofarnesio.com.br\\\/#organization\"},\"potentialAction\":[{\"@type\":\"SearchAction\",\"target\":{\"@type\":\"EntryPoint\",\"urlTemplate\":\"https:\\\/\\\/blogdofarnesio.com.br\\\/?s={search_term_string}\"},\"query-input\":{\"@type\":\"PropertyValueSpecification\",\"valueRequired\":true,\"valueName\":\"search_term_string\"}}],\"inLanguage\":\"pt-BR\"},{\"@type\":\"Organization\",\"@id\":\"https:\\\/\\\/blogdofarnesio.com.br\\\/#organization\",\"name\":\"Blog do Farn\u00e9sio\",\"url\":\"https:\\\/\\\/blogdofarnesio.com.br\\\/\",\"logo\":{\"@type\":\"ImageObject\",\"inLanguage\":\"pt-BR\",\"@id\":\"https:\\\/\\\/blogdofarnesio.com.br\\\/#\\\/schema\\\/logo\\\/image\\\/\",\"url\":\"https:\\\/\\\/blogdofarnesio.com.br\\\/wp-content\\\/uploads\\\/2026\\\/03\\\/cropped-logo_new-1.png\",\"contentUrl\":\"https:\\\/\\\/blogdofarnesio.com.br\\\/wp-content\\\/uploads\\\/2026\\\/03\\\/cropped-logo_new-1.png\",\"width\":881,\"height\":685,\"caption\":\"Blog do Farn\u00e9sio\"},\"image\":{\"@id\":\"https:\\\/\\\/blogdofarnesio.com.br\\\/#\\\/schema\\\/logo\\\/image\\\/\"},\"sameAs\":[\"https:\\\/\\\/www.facebook.com\\\/BlogQuerSaberPolitica\\\/\"]},{\"@type\":\"Person\",\"@id\":\"https:\\\/\\\/blogdofarnesio.com.br\\\/#\\\/schema\\\/person\\\/bb9b23ae3ad0609ce8df7b6c9e76824d\",\"name\":\"Farn\u00e9sio\",\"image\":{\"@type\":\"ImageObject\",\"inLanguage\":\"pt-BR\",\"@id\":\"https:\\\/\\\/secure.gravatar.com\\\/avatar\\\/986aa4c61ccdb66f8555bf88fc2a65609d00bcabd4d2d94377a727547345cbca?s=96&d=mm&r=g\",\"url\":\"https:\\\/\\\/secure.gravatar.com\\\/avatar\\\/986aa4c61ccdb66f8555bf88fc2a65609d00bcabd4d2d94377a727547345cbca?s=96&d=mm&r=g\",\"contentUrl\":\"https:\\\/\\\/secure.gravatar.com\\\/avatar\\\/986aa4c61ccdb66f8555bf88fc2a65609d00bcabd4d2d94377a727547345cbca?s=96&d=mm&r=g\",\"caption\":\"Farn\u00e9sio\"},\"description\":\"Radialista blogueiro, chegou a Petrolina\\\/Juazeiro em setembro de 1980, Farn\u00e9sio Silva \u00e9 de Arapiraca-Alagoas.\",\"sameAs\":[\"http:\\\/\\\/blogdofarnesio.com.br\",\"https:\\\/\\\/www.facebook.com\\\/?ref=tn_tnmn\",\"https:\\\/\\\/www.instagram.com\\\/?utm_source=pwa_homescreen\",\"https:\\\/\\\/youtube.com.br\\\/\"],\"url\":\"https:\\\/\\\/blogdofarnesio.com.br\\\/?author=2\"}]}<\/script>\n<!-- \/ Yoast SEO plugin. -->","yoast_head_json":{"title":"Opera\u00e7\u00e3o contempla melhoria de vias na \u00e1rea ribeirinha de Petrolina - Blog do Farn\u00e9sio","robots":{"index":"index","follow":"follow","max-snippet":"max-snippet:-1","max-image-preview":"max-image-preview:large","max-video-preview":"max-video-preview:-1"},"canonical":"https:\/\/blogdofarnesio.com.br\/?p=341510","og_locale":"pt_BR","og_type":"article","og_title":"Opera\u00e7\u00e3o contempla melhoria de vias na \u00e1rea ribeirinha de Petrolina - Blog do Farn\u00e9sio","og_description":"Estradas que s\u00e3o principais corredores de tr\u00e2nsito para escoamento da produ\u00e7\u00e3o agr\u00edcola, como tamb\u00e9m de \u00f4nibus escolares na \u00e1rea ribeirinha de Petrolina, come\u00e7am a receber novamente equipes da Opera\u00e7\u00e3o de Patrolamento da prefeitura, atrav\u00e9s da Secretaria de Agricultura (Seagri). A opera\u00e7\u00e3o foi iniciada nesta semana na comunidade de Tapera, h\u00e1 cerca de 34 km da sede, e seguir\u00e1 at\u00e9 o Ro\u00e7ado. De acordo com o secret\u00e1rio de Agricultura, Gilberto Melo, essa Opera\u00e7\u00e3o de Patrolamento visa atender as demandas apresentadas pela comunidade por meio da Associa\u00e7\u00e3o de Desenvolvimento Comunit\u00e1rio da Tapera. No total, ser\u00e3o 20 km de vias recuperadas e que s\u00e3o importantes corredores de acesso a quatro fazendas, avenidas da igreja cat\u00f3lica, cemit\u00e9rio e Avenida 4; Assentamento Margarida Alves, Assentamento&hellip;","og_url":"https:\/\/blogdofarnesio.com.br\/?p=341510","og_site_name":"Blog do Farn\u00e9sio","article_publisher":"https:\/\/www.facebook.com\/BlogQuerSaberPolitica\/","article_author":"https:\/\/www.facebook.com\/?ref=tn_tnmn","article_published_time":"2023-05-26T17:00:52+00:00","og_image":[{"width":680,"height":313,"url":"https:\/\/blogdofarnesio.com.br\/wp-content\/uploads\/2021\/01\/Patrolamento-02-e1642453907961.jpeg","type":"image\/jpeg"}],"author":"Farn\u00e9sio","twitter_card":"summary_large_image","twitter_misc":{"Escrito por":"Farn\u00e9sio","Est. tempo de leitura":"2 minutos"},"schema":{"@context":"https:\/\/schema.org","@graph":[{"@type":"Article","@id":"https:\/\/blogdofarnesio.com.br\/?p=341510#article","isPartOf":{"@id":"https:\/\/blogdofarnesio.com.br\/?p=341510"},"author":{"name":"Farn\u00e9sio","@id":"https:\/\/blogdofarnesio.com.br\/#\/schema\/person\/bb9b23ae3ad0609ce8df7b6c9e76824d"},"headline":"Opera\u00e7\u00e3o contempla melhoria de vias na \u00e1rea ribeirinha de Petrolina","datePublished":"2023-05-26T17:00:52+00:00","mainEntityOfPage":{"@id":"https:\/\/blogdofarnesio.com.br\/?p=341510"},"wordCount":258,"commentCount":0,"publisher":{"@id":"https:\/\/blogdofarnesio.com.br\/#organization"},"image":{"@id":"https:\/\/blogdofarnesio.com.br\/?p=341510#primaryimage"},"thumbnailUrl":"https:\/\/blogdofarnesio.com.br\/wp-content\/uploads\/2021\/01\/Patrolamento-02-e1642453907961.jpeg","articleSection":["Estradas"],"inLanguage":"pt-BR","potentialAction":[{"@type":"CommentAction","name":"Comment","target":["https:\/\/blogdofarnesio.com.br\/?p=341510#respond"]}]},{"@type":"WebPage","@id":"https:\/\/blogdofarnesio.com.br\/?p=341510","url":"https:\/\/blogdofarnesio.com.br\/?p=341510","name":"Opera\u00e7\u00e3o contempla melhoria de vias na \u00e1rea ribeirinha de Petrolina - Blog do Farn\u00e9sio","isPartOf":{"@id":"https:\/\/blogdofarnesio.com.br\/#website"},"primaryImageOfPage":{"@id":"https:\/\/blogdofarnesio.com.br\/?p=341510#primaryimage"},"image":{"@id":"https:\/\/blogdofarnesio.com.br\/?p=341510#primaryimage"},"thumbnailUrl":"https:\/\/blogdofarnesio.com.br\/wp-content\/uploads\/2021\/01\/Patrolamento-02-e1642453907961.jpeg","datePublished":"2023-05-26T17:00:52+00:00","breadcrumb":{"@id":"https:\/\/blogdofarnesio.com.br\/?p=341510#breadcrumb"},"inLanguage":"pt-BR","potentialAction":[{"@type":"ReadAction","target":["https:\/\/blogdofarnesio.com.br\/?p=341510"]}]},{"@type":"ImageObject","inLanguage":"pt-BR","@id":"https:\/\/blogdofarnesio.com.br\/?p=341510#primaryimage","url":"https:\/\/blogdofarnesio.com.br\/wp-content\/uploads\/2021\/01\/Patrolamento-02-e1642453907961.jpeg","contentUrl":"https:\/\/blogdofarnesio.com.br\/wp-content\/uploads\/2021\/01\/Patrolamento-02-e1642453907961.jpeg","width":680,"height":313},{"@type":"BreadcrumbList","@id":"https:\/\/blogdofarnesio.com.br\/?p=341510#breadcrumb","itemListElement":[{"@type":"ListItem","position":1,"name":"In\u00edcio","item":"https:\/\/blogdofarnesio.com.br\/"},{"@type":"ListItem","position":2,"name":"Opera\u00e7\u00e3o contempla melhoria de vias na \u00e1rea ribeirinha de Petrolina"}]},{"@type":"WebSite","@id":"https:\/\/blogdofarnesio.com.br\/#website","url":"https:\/\/blogdofarnesio.com.br\/","name":"Blog do Farn\u00e9sio","description":"Quer Saber Pol\u00edtica?","publisher":{"@id":"https:\/\/blogdofarnesio.com.br\/#organization"},"potentialAction":[{"@type":"SearchAction","target":{"@type":"EntryPoint","urlTemplate":"https:\/\/blogdofarnesio.com.br\/?s={search_term_string}"},"query-input":{"@type":"PropertyValueSpecification","valueRequired":true,"valueName":"search_term_string"}}],"inLanguage":"pt-BR"},{"@type":"Organization","@id":"https:\/\/blogdofarnesio.com.br\/#organization","name":"Blog do Farn\u00e9sio","url":"https:\/\/blogdofarnesio.com.br\/","logo":{"@type":"ImageObject","inLanguage":"pt-BR","@id":"https:\/\/blogdofarnesio.com.br\/#\/schema\/logo\/image\/","url":"https:\/\/blogdofarnesio.com.br\/wp-content\/uploads\/2026\/03\/cropped-logo_new-1.png","contentUrl":"https:\/\/blogdofarnesio.com.br\/wp-content\/uploads\/2026\/03\/cropped-logo_new-1.png","width":881,"height":685,"caption":"Blog do Farn\u00e9sio"},"image":{"@id":"https:\/\/blogdofarnesio.com.br\/#\/schema\/logo\/image\/"},"sameAs":["https:\/\/www.facebook.com\/BlogQuerSaberPolitica\/"]},{"@type":"Person","@id":"https:\/\/blogdofarnesio.com.br\/#\/schema\/person\/bb9b23ae3ad0609ce8df7b6c9e76824d","name":"Farn\u00e9sio","image":{"@type":"ImageObject","inLanguage":"pt-BR","@id":"https:\/\/secure.gravatar.com\/avatar\/986aa4c61ccdb66f8555bf88fc2a65609d00bcabd4d2d94377a727547345cbca?s=96&d=mm&r=g","url":"https:\/\/secure.gravatar.com\/avatar\/986aa4c61ccdb66f8555bf88fc2a65609d00bcabd4d2d94377a727547345cbca?s=96&d=mm&r=g","contentUrl":"https:\/\/secure.gravatar.com\/avatar\/986aa4c61ccdb66f8555bf88fc2a65609d00bcabd4d2d94377a727547345cbca?s=96&d=mm&r=g","caption":"Farn\u00e9sio"},"description":"Radialista blogueiro, chegou a Petrolina\/Juazeiro em setembro de 1980, Farn\u00e9sio Silva \u00e9 de Arapiraca-Alagoas.","sameAs":["http:\/\/blogdofarnesio.com.br","https:\/\/www.facebook.com\/?ref=tn_tnmn","https:\/\/www.instagram.com\/?utm_source=pwa_homescreen","https:\/\/youtube.com.br\/"],"url":"https:\/\/blogdofarnesio.com.br\/?author=2"}]}},"_links":{"self":[{"href":"https:\/\/blogdofarnesio.com.br\/index.php?rest_route=\/wp\/v2\/posts\/341510","targetHints":{"allow":["GET"]}}],"collection":[{"href":"https:\/\/blogdofarnesio.com.br\/index.php?rest_route=\/wp\/v2\/posts"}],"about":[{"href":"https:\/\/blogdofarnesio.com.br\/index.php?rest_route=\/wp\/v2\/types\/post"}],"author":[{"embeddable":true,"href":"https:\/\/blogdofarnesio.com.br\/index.php?rest_route=\/wp\/v2\/users\/2"}],"replies":[{"embeddable":true,"href":"https:\/\/blogdofarnesio.com.br\/index.php?rest_route=%2Fwp%2Fv2%2Fcomments&post=341510"}],"version-history":[{"count":0,"href":"https:\/\/blogdofarnesio.com.br\/index.php?rest_route=\/wp\/v2\/posts\/341510\/revisions"}],"wp:featuredmedia":[{"embeddable":true,"href":"https:\/\/blogdofarnesio.com.br\/index.php?rest_route=\/wp\/v2\/media\/276871"}],"wp:attachment":[{"href":"https:\/\/blogdofarnesio.com.br\/index.php?rest_route=%2Fwp%2Fv2%2Fmedia&parent=341510"}],"wp:term":[{"taxonomy":"category","embeddable":true,"href":"https:\/\/blogdofarnesio.com.br\/index.php?rest_route=%2Fwp%2Fv2%2Fcategories&post=341510"},{"taxonomy":"post_tag","embeddable":true,"href":"https:\/\/blogdofarnesio.com.br\/index.php?rest_route=%2Fwp%2Fv2%2Ftags&post=341510"}],"curies":[{"name":"wp","href":"https:\/\/api.w.org\/{rel}","templated":true}]}}