{"id":341499,"date":"2023-05-26T14:42:43","date_gmt":"2023-05-26T17:42:43","guid":{"rendered":"https:\/\/blogdofarnesio.com.br\/?p=341499"},"modified":"2023-05-26T08:42:55","modified_gmt":"2023-05-26T11:42:55","slug":"com-temas-atuais-e-relevantes-semana-de-computacao-do-campus-petrolina-esta-com-inscricoes-abertas-2","status":"publish","type":"post","link":"https:\/\/blogdofarnesio.com.br\/?p=341499","title":{"rendered":"Com temas atuais e relevantes, Semana de Computa\u00e7\u00e3o, do campus Petrolina, est\u00e1 com inscri\u00e7\u00f5es abertas"},"content":{"rendered":"<p dir=\"ltr\">Entre os dias 29 de maio e 02 junho, o campus Petrolina do IFSert\u00e3oPE realizar\u00e1 a Semana de Computa\u00e7\u00e3o 2023 (SECOMP). Com participa\u00e7\u00e3o de profissionais, diretores-executivos (CEOs),\u00a0 professores e pesquisadores da \u00e1rea de de Tecnologia da Informa\u00e7\u00e3o do Vale do S\u00e3o Francisco e de todo o pa\u00eds, o evento contar\u00e1 com palestras, exposi\u00e7\u00f5es, minicursos, apresenta\u00e7\u00f5es de trabalhos de pesquisa, maratona de programa\u00e7\u00e3o, batalha de games e mesas-redondas. As atividades destinam-se a toda comunidade e ser\u00e3o realizadas, presencialmente, no Audit\u00f3rio, laborat\u00f3rios e salas de aula da unidade de ensino.<\/p>\n<p dir=\"ltr\">Com tem\u00e1ticas importantes e imprescind\u00edveis para forma\u00e7\u00e3o e atualiza\u00e7\u00e3o dos estudantes e de todos que atuam na \u00e1rea, o evento objetiva promover o interc\u00e2mbio de conhecimento entre os participantes e palestrantes. &#8220;Profissionais de tecnologia e o mercado de trabalho: Expectativas x Realidade&#8221;, &#8220;ChatGPT e educa\u00e7\u00e3o: J\u00e1 passou da hora de desescolarizar a escola?&#8221;, &#8220;Intelig\u00eancia Artificial. Voc\u00ea sabe realmente o que \u00e9?&#8221;, &#8220;Tecnologia 5G: \u00e9 disso que o campo precisa?&#8221;, &#8220;LoRaWAN na agricultura inteligente: uma an\u00e1lise de algoritmos de clustering e m\u00e9tricas de desempenho&#8221; ser\u00e3o alguns dos temas explanados em palestras.<\/p>\n<p dir=\"ltr\">Minicursos integram a grade de programa\u00e7\u00e3o e abordar\u00e3o sobre\u00a0 &#8220;Montagem de Rede de Computadores na pr\u00e1tica usando Equipamentos Cisco&#8221;, &#8220;Introdu\u00e7\u00e3o aos cont\u00eaineres e ao Docker&#8221; e &#8220;An\u00e1lise de dados em Python&#8221;.<\/p>\n<p dir=\"ltr\">Oficina de &#8220;Empreendedorismo e inova\u00e7\u00e3o em TI&#8221;, ofertada pelo Sebrae, complementa a programa\u00e7\u00e3o.<\/p>\n<p dir=\"ltr\">A programa\u00e7\u00e3o completa pode ser acessada <a href=\"https:\/\/www.even3.com.br\/secomp-ifsertao\/\" target=\"_blank\" rel=\"noopener\" data-saferedirecturl=\"https:\/\/www.google.com\/url?q=https:\/\/www.even3.com.br\/secomp-ifsertao\/&amp;source=gmail&amp;ust=1685114178200000&amp;usg=AOvVaw2cPeWj65JTkgHZbHNNeIaX\">aqui<\/a>.<\/p>\n<p dir=\"ltr\">Para certifica\u00e7\u00e3o, faz-se necess\u00e1rio realizar inscri\u00e7\u00e3o pr\u00e9via.<\/p>\n<p dir=\"ltr\">As inscri\u00e7\u00f5es ser\u00e3o recebidas at\u00e9 o dia 29 de maio. Clique <a href=\"https:\/\/suap.ifsertao-pe.edu.br\/eventos\/inscricao_publica\/168\/\" target=\"_blank\" rel=\"noopener\" data-saferedirecturl=\"https:\/\/www.google.com\/url?q=https:\/\/suap.ifsertao-pe.edu.br\/eventos\/inscricao_publica\/168\/&amp;source=gmail&amp;ust=1685114178200000&amp;usg=AOvVaw1a0_SNcBV8CFS6GVORgJFo\">aqui <\/a>para se inscrever.<\/p>\n<p dir=\"ltr\">Escrito por Lucas Augusto (ASCOM)<\/p>\n","protected":false},"excerpt":{"rendered":"<p>Entre os dias 29 de maio e 02 junho, o campus Petrolina do IFSert\u00e3oPE realizar\u00e1 a Semana de Computa\u00e7\u00e3o 2023 (SECOMP). Com participa\u00e7\u00e3o de profissionais, diretores-executivos (CEOs),\u00a0 professores e pesquisadores da \u00e1rea de de Tecnologia da Informa\u00e7\u00e3o do Vale do S\u00e3o Francisco e de todo o pa\u00eds, o evento contar\u00e1 com palestras, exposi\u00e7\u00f5es, minicursos, apresenta\u00e7\u00f5es de trabalhos de pesquisa, maratona de programa\u00e7\u00e3o, batalha de games e mesas-redondas. As atividades destinam-se a toda comunidade e ser\u00e3o realizadas, presencialmente, no Audit\u00f3rio, laborat\u00f3rios e salas de aula da unidade de ensino. Com tem\u00e1ticas importantes e imprescind\u00edveis para forma\u00e7\u00e3o e atualiza\u00e7\u00e3o dos estudantes e de todos que atuam na \u00e1rea, o evento objetiva promover o interc\u00e2mbio de conhecimento entre os participantes e palestrantes. &#8220;Profissionais&hellip; <\/p>\n","protected":false},"author":2,"featured_media":341208,"comment_status":"open","ping_status":"open","sticky":false,"template":"","format":"standard","meta":{"_acf_changed":false,"footnotes":""},"categories":[35],"tags":[],"class_list":["post-341499","post","type-post","status-publish","format-standard","has-post-thumbnail","hentry","category-ti-internet"],"acf":[],"yoast_head":"<!-- This site is optimized with the Yoast SEO plugin v27.4 - https:\/\/yoast.com\/product\/yoast-seo-wordpress\/ -->\n<title>Com temas atuais e relevantes, Semana de Computa\u00e7\u00e3o, do campus Petrolina, est\u00e1 com inscri\u00e7\u00f5es abertas - Blog do Farn\u00e9sio<\/title>\n<meta name=\"robots\" content=\"index, follow, max-snippet:-1, max-image-preview:large, max-video-preview:-1\" \/>\n<link rel=\"canonical\" href=\"https:\/\/blogdofarnesio.com.br\/?p=341499\" \/>\n<meta property=\"og:locale\" content=\"pt_BR\" \/>\n<meta property=\"og:type\" content=\"article\" \/>\n<meta property=\"og:title\" content=\"Com temas atuais e relevantes, Semana de Computa\u00e7\u00e3o, do campus Petrolina, est\u00e1 com inscri\u00e7\u00f5es abertas - Blog do Farn\u00e9sio\" \/>\n<meta property=\"og:description\" content=\"Entre os dias 29 de maio e 02 junho, o campus Petrolina do IFSert\u00e3oPE realizar\u00e1 a Semana de Computa\u00e7\u00e3o 2023 (SECOMP). Com participa\u00e7\u00e3o de profissionais, diretores-executivos (CEOs),\u00a0 professores e pesquisadores da \u00e1rea de de Tecnologia da Informa\u00e7\u00e3o do Vale do S\u00e3o Francisco e de todo o pa\u00eds, o evento contar\u00e1 com palestras, exposi\u00e7\u00f5es, minicursos, apresenta\u00e7\u00f5es de trabalhos de pesquisa, maratona de programa\u00e7\u00e3o, batalha de games e mesas-redondas. As atividades destinam-se a toda comunidade e ser\u00e3o realizadas, presencialmente, no Audit\u00f3rio, laborat\u00f3rios e salas de aula da unidade de ensino. Com tem\u00e1ticas importantes e imprescind\u00edveis para forma\u00e7\u00e3o e atualiza\u00e7\u00e3o dos estudantes e de todos que atuam na \u00e1rea, o evento objetiva promover o interc\u00e2mbio de conhecimento entre os participantes e palestrantes. &#8220;Profissionais&hellip;\" \/>\n<meta property=\"og:url\" content=\"https:\/\/blogdofarnesio.com.br\/?p=341499\" \/>\n<meta property=\"og:site_name\" content=\"Blog do Farn\u00e9sio\" \/>\n<meta property=\"article:publisher\" content=\"https:\/\/www.facebook.com\/BlogQuerSaberPolitica\/\" \/>\n<meta property=\"article:author\" content=\"https:\/\/www.facebook.com\/?ref=tn_tnmn\" \/>\n<meta property=\"article:published_time\" content=\"2023-05-26T17:42:43+00:00\" \/>\n<meta property=\"og:image\" content=\"https:\/\/blogdofarnesio.com.br\/wp-content\/uploads\/2023\/05\/blogqspifsertao-semana-computacao.jpg\" \/>\n\t<meta property=\"og:image:width\" content=\"718\" \/>\n\t<meta property=\"og:image:height\" content=\"390\" \/>\n\t<meta property=\"og:image:type\" content=\"image\/jpeg\" \/>\n<meta name=\"author\" content=\"Farn\u00e9sio\" \/>\n<meta name=\"twitter:card\" content=\"summary_large_image\" \/>\n<meta name=\"twitter:label1\" content=\"Escrito por\" \/>\n\t<meta name=\"twitter:data1\" content=\"Farn\u00e9sio\" \/>\n\t<meta name=\"twitter:label2\" content=\"Est. tempo de leitura\" \/>\n\t<meta name=\"twitter:data2\" content=\"2 minutos\" \/>\n<script type=\"application\/ld+json\" class=\"yoast-schema-graph\">{\"@context\":\"https:\\\/\\\/schema.org\",\"@graph\":[{\"@type\":\"Article\",\"@id\":\"https:\\\/\\\/blogdofarnesio.com.br\\\/?p=341499#article\",\"isPartOf\":{\"@id\":\"https:\\\/\\\/blogdofarnesio.com.br\\\/?p=341499\"},\"author\":{\"name\":\"Farn\u00e9sio\",\"@id\":\"https:\\\/\\\/blogdofarnesio.com.br\\\/#\\\/schema\\\/person\\\/bb9b23ae3ad0609ce8df7b6c9e76824d\"},\"headline\":\"Com temas atuais e relevantes, Semana de Computa\u00e7\u00e3o, do campus Petrolina, est\u00e1 com inscri\u00e7\u00f5es abertas\",\"datePublished\":\"2023-05-26T17:42:43+00:00\",\"mainEntityOfPage\":{\"@id\":\"https:\\\/\\\/blogdofarnesio.com.br\\\/?p=341499\"},\"wordCount\":304,\"commentCount\":0,\"publisher\":{\"@id\":\"https:\\\/\\\/blogdofarnesio.com.br\\\/#organization\"},\"image\":{\"@id\":\"https:\\\/\\\/blogdofarnesio.com.br\\\/?p=341499#primaryimage\"},\"thumbnailUrl\":\"https:\\\/\\\/blogdofarnesio.com.br\\\/wp-content\\\/uploads\\\/2023\\\/05\\\/blogqspifsertao-semana-computacao.jpg\",\"articleSection\":[\"T.I. (INTERNET)\"],\"inLanguage\":\"pt-BR\",\"potentialAction\":[{\"@type\":\"CommentAction\",\"name\":\"Comment\",\"target\":[\"https:\\\/\\\/blogdofarnesio.com.br\\\/?p=341499#respond\"]}]},{\"@type\":\"WebPage\",\"@id\":\"https:\\\/\\\/blogdofarnesio.com.br\\\/?p=341499\",\"url\":\"https:\\\/\\\/blogdofarnesio.com.br\\\/?p=341499\",\"name\":\"Com temas atuais e relevantes, Semana de Computa\u00e7\u00e3o, do campus Petrolina, est\u00e1 com inscri\u00e7\u00f5es abertas - Blog do Farn\u00e9sio\",\"isPartOf\":{\"@id\":\"https:\\\/\\\/blogdofarnesio.com.br\\\/#website\"},\"primaryImageOfPage\":{\"@id\":\"https:\\\/\\\/blogdofarnesio.com.br\\\/?p=341499#primaryimage\"},\"image\":{\"@id\":\"https:\\\/\\\/blogdofarnesio.com.br\\\/?p=341499#primaryimage\"},\"thumbnailUrl\":\"https:\\\/\\\/blogdofarnesio.com.br\\\/wp-content\\\/uploads\\\/2023\\\/05\\\/blogqspifsertao-semana-computacao.jpg\",\"datePublished\":\"2023-05-26T17:42:43+00:00\",\"breadcrumb\":{\"@id\":\"https:\\\/\\\/blogdofarnesio.com.br\\\/?p=341499#breadcrumb\"},\"inLanguage\":\"pt-BR\",\"potentialAction\":[{\"@type\":\"ReadAction\",\"target\":[\"https:\\\/\\\/blogdofarnesio.com.br\\\/?p=341499\"]}]},{\"@type\":\"ImageObject\",\"inLanguage\":\"pt-BR\",\"@id\":\"https:\\\/\\\/blogdofarnesio.com.br\\\/?p=341499#primaryimage\",\"url\":\"https:\\\/\\\/blogdofarnesio.com.br\\\/wp-content\\\/uploads\\\/2023\\\/05\\\/blogqspifsertao-semana-computacao.jpg\",\"contentUrl\":\"https:\\\/\\\/blogdofarnesio.com.br\\\/wp-content\\\/uploads\\\/2023\\\/05\\\/blogqspifsertao-semana-computacao.jpg\",\"width\":718,\"height\":390},{\"@type\":\"BreadcrumbList\",\"@id\":\"https:\\\/\\\/blogdofarnesio.com.br\\\/?p=341499#breadcrumb\",\"itemListElement\":[{\"@type\":\"ListItem\",\"position\":1,\"name\":\"In\u00edcio\",\"item\":\"https:\\\/\\\/blogdofarnesio.com.br\\\/\"},{\"@type\":\"ListItem\",\"position\":2,\"name\":\"Com temas atuais e relevantes, Semana de Computa\u00e7\u00e3o, do campus Petrolina, est\u00e1 com inscri\u00e7\u00f5es abertas\"}]},{\"@type\":\"WebSite\",\"@id\":\"https:\\\/\\\/blogdofarnesio.com.br\\\/#website\",\"url\":\"https:\\\/\\\/blogdofarnesio.com.br\\\/\",\"name\":\"Blog do Farn\u00e9sio\",\"description\":\"Quer Saber Pol\u00edtica?\",\"publisher\":{\"@id\":\"https:\\\/\\\/blogdofarnesio.com.br\\\/#organization\"},\"potentialAction\":[{\"@type\":\"SearchAction\",\"target\":{\"@type\":\"EntryPoint\",\"urlTemplate\":\"https:\\\/\\\/blogdofarnesio.com.br\\\/?s={search_term_string}\"},\"query-input\":{\"@type\":\"PropertyValueSpecification\",\"valueRequired\":true,\"valueName\":\"search_term_string\"}}],\"inLanguage\":\"pt-BR\"},{\"@type\":\"Organization\",\"@id\":\"https:\\\/\\\/blogdofarnesio.com.br\\\/#organization\",\"name\":\"Blog do Farn\u00e9sio\",\"url\":\"https:\\\/\\\/blogdofarnesio.com.br\\\/\",\"logo\":{\"@type\":\"ImageObject\",\"inLanguage\":\"pt-BR\",\"@id\":\"https:\\\/\\\/blogdofarnesio.com.br\\\/#\\\/schema\\\/logo\\\/image\\\/\",\"url\":\"https:\\\/\\\/blogdofarnesio.com.br\\\/wp-content\\\/uploads\\\/2026\\\/03\\\/cropped-logo_new-1.png\",\"contentUrl\":\"https:\\\/\\\/blogdofarnesio.com.br\\\/wp-content\\\/uploads\\\/2026\\\/03\\\/cropped-logo_new-1.png\",\"width\":881,\"height\":685,\"caption\":\"Blog do Farn\u00e9sio\"},\"image\":{\"@id\":\"https:\\\/\\\/blogdofarnesio.com.br\\\/#\\\/schema\\\/logo\\\/image\\\/\"},\"sameAs\":[\"https:\\\/\\\/www.facebook.com\\\/BlogQuerSaberPolitica\\\/\"]},{\"@type\":\"Person\",\"@id\":\"https:\\\/\\\/blogdofarnesio.com.br\\\/#\\\/schema\\\/person\\\/bb9b23ae3ad0609ce8df7b6c9e76824d\",\"name\":\"Farn\u00e9sio\",\"image\":{\"@type\":\"ImageObject\",\"inLanguage\":\"pt-BR\",\"@id\":\"https:\\\/\\\/secure.gravatar.com\\\/avatar\\\/986aa4c61ccdb66f8555bf88fc2a65609d00bcabd4d2d94377a727547345cbca?s=96&d=mm&r=g\",\"url\":\"https:\\\/\\\/secure.gravatar.com\\\/avatar\\\/986aa4c61ccdb66f8555bf88fc2a65609d00bcabd4d2d94377a727547345cbca?s=96&d=mm&r=g\",\"contentUrl\":\"https:\\\/\\\/secure.gravatar.com\\\/avatar\\\/986aa4c61ccdb66f8555bf88fc2a65609d00bcabd4d2d94377a727547345cbca?s=96&d=mm&r=g\",\"caption\":\"Farn\u00e9sio\"},\"description\":\"Radialista blogueiro, chegou a Petrolina\\\/Juazeiro em setembro de 1980, Farn\u00e9sio Silva \u00e9 de Arapiraca-Alagoas.\",\"sameAs\":[\"http:\\\/\\\/blogdofarnesio.com.br\",\"https:\\\/\\\/www.facebook.com\\\/?ref=tn_tnmn\",\"https:\\\/\\\/www.instagram.com\\\/?utm_source=pwa_homescreen\",\"https:\\\/\\\/youtube.com.br\\\/\"],\"url\":\"https:\\\/\\\/blogdofarnesio.com.br\\\/?author=2\"}]}<\/script>\n<!-- \/ Yoast SEO plugin. -->","yoast_head_json":{"title":"Com temas atuais e relevantes, Semana de Computa\u00e7\u00e3o, do campus Petrolina, est\u00e1 com inscri\u00e7\u00f5es abertas - Blog do Farn\u00e9sio","robots":{"index":"index","follow":"follow","max-snippet":"max-snippet:-1","max-image-preview":"max-image-preview:large","max-video-preview":"max-video-preview:-1"},"canonical":"https:\/\/blogdofarnesio.com.br\/?p=341499","og_locale":"pt_BR","og_type":"article","og_title":"Com temas atuais e relevantes, Semana de Computa\u00e7\u00e3o, do campus Petrolina, est\u00e1 com inscri\u00e7\u00f5es abertas - Blog do Farn\u00e9sio","og_description":"Entre os dias 29 de maio e 02 junho, o campus Petrolina do IFSert\u00e3oPE realizar\u00e1 a Semana de Computa\u00e7\u00e3o 2023 (SECOMP). Com participa\u00e7\u00e3o de profissionais, diretores-executivos (CEOs),\u00a0 professores e pesquisadores da \u00e1rea de de Tecnologia da Informa\u00e7\u00e3o do Vale do S\u00e3o Francisco e de todo o pa\u00eds, o evento contar\u00e1 com palestras, exposi\u00e7\u00f5es, minicursos, apresenta\u00e7\u00f5es de trabalhos de pesquisa, maratona de programa\u00e7\u00e3o, batalha de games e mesas-redondas. As atividades destinam-se a toda comunidade e ser\u00e3o realizadas, presencialmente, no Audit\u00f3rio, laborat\u00f3rios e salas de aula da unidade de ensino. Com tem\u00e1ticas importantes e imprescind\u00edveis para forma\u00e7\u00e3o e atualiza\u00e7\u00e3o dos estudantes e de todos que atuam na \u00e1rea, o evento objetiva promover o interc\u00e2mbio de conhecimento entre os participantes e palestrantes. &#8220;Profissionais&hellip;","og_url":"https:\/\/blogdofarnesio.com.br\/?p=341499","og_site_name":"Blog do Farn\u00e9sio","article_publisher":"https:\/\/www.facebook.com\/BlogQuerSaberPolitica\/","article_author":"https:\/\/www.facebook.com\/?ref=tn_tnmn","article_published_time":"2023-05-26T17:42:43+00:00","og_image":[{"width":718,"height":390,"url":"https:\/\/blogdofarnesio.com.br\/wp-content\/uploads\/2023\/05\/blogqspifsertao-semana-computacao.jpg","type":"image\/jpeg"}],"author":"Farn\u00e9sio","twitter_card":"summary_large_image","twitter_misc":{"Escrito por":"Farn\u00e9sio","Est. tempo de leitura":"2 minutos"},"schema":{"@context":"https:\/\/schema.org","@graph":[{"@type":"Article","@id":"https:\/\/blogdofarnesio.com.br\/?p=341499#article","isPartOf":{"@id":"https:\/\/blogdofarnesio.com.br\/?p=341499"},"author":{"name":"Farn\u00e9sio","@id":"https:\/\/blogdofarnesio.com.br\/#\/schema\/person\/bb9b23ae3ad0609ce8df7b6c9e76824d"},"headline":"Com temas atuais e relevantes, Semana de Computa\u00e7\u00e3o, do campus Petrolina, est\u00e1 com inscri\u00e7\u00f5es abertas","datePublished":"2023-05-26T17:42:43+00:00","mainEntityOfPage":{"@id":"https:\/\/blogdofarnesio.com.br\/?p=341499"},"wordCount":304,"commentCount":0,"publisher":{"@id":"https:\/\/blogdofarnesio.com.br\/#organization"},"image":{"@id":"https:\/\/blogdofarnesio.com.br\/?p=341499#primaryimage"},"thumbnailUrl":"https:\/\/blogdofarnesio.com.br\/wp-content\/uploads\/2023\/05\/blogqspifsertao-semana-computacao.jpg","articleSection":["T.I. (INTERNET)"],"inLanguage":"pt-BR","potentialAction":[{"@type":"CommentAction","name":"Comment","target":["https:\/\/blogdofarnesio.com.br\/?p=341499#respond"]}]},{"@type":"WebPage","@id":"https:\/\/blogdofarnesio.com.br\/?p=341499","url":"https:\/\/blogdofarnesio.com.br\/?p=341499","name":"Com temas atuais e relevantes, Semana de Computa\u00e7\u00e3o, do campus Petrolina, est\u00e1 com inscri\u00e7\u00f5es abertas - Blog do Farn\u00e9sio","isPartOf":{"@id":"https:\/\/blogdofarnesio.com.br\/#website"},"primaryImageOfPage":{"@id":"https:\/\/blogdofarnesio.com.br\/?p=341499#primaryimage"},"image":{"@id":"https:\/\/blogdofarnesio.com.br\/?p=341499#primaryimage"},"thumbnailUrl":"https:\/\/blogdofarnesio.com.br\/wp-content\/uploads\/2023\/05\/blogqspifsertao-semana-computacao.jpg","datePublished":"2023-05-26T17:42:43+00:00","breadcrumb":{"@id":"https:\/\/blogdofarnesio.com.br\/?p=341499#breadcrumb"},"inLanguage":"pt-BR","potentialAction":[{"@type":"ReadAction","target":["https:\/\/blogdofarnesio.com.br\/?p=341499"]}]},{"@type":"ImageObject","inLanguage":"pt-BR","@id":"https:\/\/blogdofarnesio.com.br\/?p=341499#primaryimage","url":"https:\/\/blogdofarnesio.com.br\/wp-content\/uploads\/2023\/05\/blogqspifsertao-semana-computacao.jpg","contentUrl":"https:\/\/blogdofarnesio.com.br\/wp-content\/uploads\/2023\/05\/blogqspifsertao-semana-computacao.jpg","width":718,"height":390},{"@type":"BreadcrumbList","@id":"https:\/\/blogdofarnesio.com.br\/?p=341499#breadcrumb","itemListElement":[{"@type":"ListItem","position":1,"name":"In\u00edcio","item":"https:\/\/blogdofarnesio.com.br\/"},{"@type":"ListItem","position":2,"name":"Com temas atuais e relevantes, Semana de Computa\u00e7\u00e3o, do campus Petrolina, est\u00e1 com inscri\u00e7\u00f5es abertas"}]},{"@type":"WebSite","@id":"https:\/\/blogdofarnesio.com.br\/#website","url":"https:\/\/blogdofarnesio.com.br\/","name":"Blog do Farn\u00e9sio","description":"Quer Saber Pol\u00edtica?","publisher":{"@id":"https:\/\/blogdofarnesio.com.br\/#organization"},"potentialAction":[{"@type":"SearchAction","target":{"@type":"EntryPoint","urlTemplate":"https:\/\/blogdofarnesio.com.br\/?s={search_term_string}"},"query-input":{"@type":"PropertyValueSpecification","valueRequired":true,"valueName":"search_term_string"}}],"inLanguage":"pt-BR"},{"@type":"Organization","@id":"https:\/\/blogdofarnesio.com.br\/#organization","name":"Blog do Farn\u00e9sio","url":"https:\/\/blogdofarnesio.com.br\/","logo":{"@type":"ImageObject","inLanguage":"pt-BR","@id":"https:\/\/blogdofarnesio.com.br\/#\/schema\/logo\/image\/","url":"https:\/\/blogdofarnesio.com.br\/wp-content\/uploads\/2026\/03\/cropped-logo_new-1.png","contentUrl":"https:\/\/blogdofarnesio.com.br\/wp-content\/uploads\/2026\/03\/cropped-logo_new-1.png","width":881,"height":685,"caption":"Blog do Farn\u00e9sio"},"image":{"@id":"https:\/\/blogdofarnesio.com.br\/#\/schema\/logo\/image\/"},"sameAs":["https:\/\/www.facebook.com\/BlogQuerSaberPolitica\/"]},{"@type":"Person","@id":"https:\/\/blogdofarnesio.com.br\/#\/schema\/person\/bb9b23ae3ad0609ce8df7b6c9e76824d","name":"Farn\u00e9sio","image":{"@type":"ImageObject","inLanguage":"pt-BR","@id":"https:\/\/secure.gravatar.com\/avatar\/986aa4c61ccdb66f8555bf88fc2a65609d00bcabd4d2d94377a727547345cbca?s=96&d=mm&r=g","url":"https:\/\/secure.gravatar.com\/avatar\/986aa4c61ccdb66f8555bf88fc2a65609d00bcabd4d2d94377a727547345cbca?s=96&d=mm&r=g","contentUrl":"https:\/\/secure.gravatar.com\/avatar\/986aa4c61ccdb66f8555bf88fc2a65609d00bcabd4d2d94377a727547345cbca?s=96&d=mm&r=g","caption":"Farn\u00e9sio"},"description":"Radialista blogueiro, chegou a Petrolina\/Juazeiro em setembro de 1980, Farn\u00e9sio Silva \u00e9 de Arapiraca-Alagoas.","sameAs":["http:\/\/blogdofarnesio.com.br","https:\/\/www.facebook.com\/?ref=tn_tnmn","https:\/\/www.instagram.com\/?utm_source=pwa_homescreen","https:\/\/youtube.com.br\/"],"url":"https:\/\/blogdofarnesio.com.br\/?author=2"}]}},"_links":{"self":[{"href":"https:\/\/blogdofarnesio.com.br\/index.php?rest_route=\/wp\/v2\/posts\/341499","targetHints":{"allow":["GET"]}}],"collection":[{"href":"https:\/\/blogdofarnesio.com.br\/index.php?rest_route=\/wp\/v2\/posts"}],"about":[{"href":"https:\/\/blogdofarnesio.com.br\/index.php?rest_route=\/wp\/v2\/types\/post"}],"author":[{"embeddable":true,"href":"https:\/\/blogdofarnesio.com.br\/index.php?rest_route=\/wp\/v2\/users\/2"}],"replies":[{"embeddable":true,"href":"https:\/\/blogdofarnesio.com.br\/index.php?rest_route=%2Fwp%2Fv2%2Fcomments&post=341499"}],"version-history":[{"count":0,"href":"https:\/\/blogdofarnesio.com.br\/index.php?rest_route=\/wp\/v2\/posts\/341499\/revisions"}],"wp:featuredmedia":[{"embeddable":true,"href":"https:\/\/blogdofarnesio.com.br\/index.php?rest_route=\/wp\/v2\/media\/341208"}],"wp:attachment":[{"href":"https:\/\/blogdofarnesio.com.br\/index.php?rest_route=%2Fwp%2Fv2%2Fmedia&parent=341499"}],"wp:term":[{"taxonomy":"category","embeddable":true,"href":"https:\/\/blogdofarnesio.com.br\/index.php?rest_route=%2Fwp%2Fv2%2Fcategories&post=341499"},{"taxonomy":"post_tag","embeddable":true,"href":"https:\/\/blogdofarnesio.com.br\/index.php?rest_route=%2Fwp%2Fv2%2Ftags&post=341499"}],"curies":[{"name":"wp","href":"https:\/\/api.w.org\/{rel}","templated":true}]}}