{"id":34113,"date":"2013-03-31T09:30:44","date_gmt":"2013-03-31T12:30:44","guid":{"rendered":"http:\/\/www.quersaberpolitica.com.br\/?p=34113"},"modified":"2013-03-31T09:28:57","modified_gmt":"2013-03-31T12:28:57","slug":"ggb-repudia-declaracao-de-joelma-contra-casamento-gay","status":"publish","type":"post","link":"https:\/\/blogdofarnesio.com.br\/?p=34113","title":{"rendered":"GGB repudia declara\u00e7\u00e3o de Joelma contra casamento gay"},"content":{"rendered":"<figure style=\"width: 476px\" class=\"wp-caption aligncenter\"><img loading=\"lazy\" decoding=\"async\" class=\" \" alt=\"\" src=\"http:\/\/www.politicalivre.com.br\/wp-content\/thumbgen_cache\/1355ebdbdc09a2353cd5a939417eb4d7.jpg\" width=\"476\" height=\"256\" \/><figcaption class=\"wp-caption-text\">Joelma virou evang\u00e9lica depois de sofrer uma estafa<\/figcaption><\/figure>\n<p style=\"text-align: justify\">O Grupo Gay da Bahia (GGB) emitiu neste s\u00e1bado, 30, nota de rep\u00fadio contra as declara\u00e7\u00f5es da cantora Joelma, vocalista da banda Calypso, contra o casamento gay. Segundo a nota, as declara\u00e7\u00f5es da artista sobre orienta\u00e7\u00e3o sexual, homossexualidade e LGBTs presta um desservi\u00e7o \u00e0 sociedade e estimula a intoler\u00e2ncia coletiva contra cerca de 10% da popula\u00e7\u00e3o brasileira.<\/p>\n<p style=\"text-align: justify\">\u201dComo se n\u00e3o bastasse a homofobia e racismo do deputado Marcos Feliciano, titular da Comiss\u00e3o de Direitos Humanos do Congresso Nacional, vem a cantora sob uma pseudo interpreta\u00e7\u00e3o da b\u00edblia, acusar e discriminar os LGBTs\u201d, lamenta Marcelo Cerqueira, presidente do GGB. A pol\u00eamica teve inicio quando a cantora foi perguntada por uma revista de circula\u00e7\u00e3o nacional sobre a legi\u00e3o de f\u00e3s gays, que inclusive fazem dublagem de suas m\u00fasicas em boates e casas de shows. Joelma foi categ\u00f3rica na sua afirma\u00e7\u00e3o intolerante.<!--more--><\/p>\n<p style=\"text-align: justify\">\u201cTenho muitos, mas a B\u00edblia diz que o casamento gay n\u00e3o \u00e9 correto, e sou contra\u201d. A cantora acrescentou que, caso tivesse um filho gay, \u201clutaria at\u00e9 a morte para fazer sua convers\u00e3o\u201d. Na mesma entrevista, Joelma ainda disse j\u00e1 ter visto muitos gays se regenerarem. \u201cConhe\u00e7o m\u00e3es que sofrem pelos filhos gays. \u00c9 como um drogado tentando se recuperar\u201d.<\/p>\n<p style=\"text-align: justify\">Leia mais A Tarde<br \/>\n.<\/p>\n","protected":false},"excerpt":{"rendered":"<p>O Grupo Gay da Bahia (GGB) emitiu neste s\u00e1bado, 30, nota de rep\u00fadio contra as declara\u00e7\u00f5es da cantora Joelma, vocalista da banda Calypso, contra o casamento gay. Segundo a nota, as declara\u00e7\u00f5es da artista sobre orienta\u00e7\u00e3o sexual, homossexualidade e LGBTs presta um desservi\u00e7o \u00e0 sociedade e estimula a intoler\u00e2ncia coletiva contra cerca de 10% da popula\u00e7\u00e3o brasileira. \u201dComo se n\u00e3o bastasse a homofobia e racismo do deputado Marcos Feliciano, titular da Comiss\u00e3o de Direitos Humanos do Congresso Nacional, vem a cantora sob uma pseudo interpreta\u00e7\u00e3o da b\u00edblia, acusar e discriminar os LGBTs\u201d, lamenta Marcelo Cerqueira, presidente do GGB. A pol\u00eamica teve inicio quando a cantora foi perguntada por uma revista de circula\u00e7\u00e3o nacional sobre a legi\u00e3o de f\u00e3s gays, que&hellip; <\/p>\n","protected":false},"author":3,"featured_media":0,"comment_status":"open","ping_status":"open","sticky":false,"template":"","format":"standard","meta":{"_acf_changed":false,"footnotes":""},"categories":[32],"tags":[],"class_list":["post-34113","post","type-post","status-publish","format-standard","hentry","category-costumes"],"acf":[],"yoast_head":"<!-- This site is optimized with the Yoast SEO plugin v27.4 - https:\/\/yoast.com\/product\/yoast-seo-wordpress\/ -->\n<title>GGB repudia declara\u00e7\u00e3o de Joelma contra casamento gay - Blog do Farn\u00e9sio<\/title>\n<meta name=\"robots\" content=\"index, follow, max-snippet:-1, max-image-preview:large, max-video-preview:-1\" \/>\n<link rel=\"canonical\" href=\"https:\/\/blogdofarnesio.com.br\/?p=34113\" \/>\n<meta property=\"og:locale\" content=\"pt_BR\" \/>\n<meta property=\"og:type\" content=\"article\" \/>\n<meta property=\"og:title\" content=\"GGB repudia declara\u00e7\u00e3o de Joelma contra casamento gay - Blog do Farn\u00e9sio\" \/>\n<meta property=\"og:description\" content=\"O Grupo Gay da Bahia (GGB) emitiu neste s\u00e1bado, 30, nota de rep\u00fadio contra as declara\u00e7\u00f5es da cantora Joelma, vocalista da banda Calypso, contra o casamento gay. Segundo a nota, as declara\u00e7\u00f5es da artista sobre orienta\u00e7\u00e3o sexual, homossexualidade e LGBTs presta um desservi\u00e7o \u00e0 sociedade e estimula a intoler\u00e2ncia coletiva contra cerca de 10% da popula\u00e7\u00e3o brasileira. \u201dComo se n\u00e3o bastasse a homofobia e racismo do deputado Marcos Feliciano, titular da Comiss\u00e3o de Direitos Humanos do Congresso Nacional, vem a cantora sob uma pseudo interpreta\u00e7\u00e3o da b\u00edblia, acusar e discriminar os LGBTs\u201d, lamenta Marcelo Cerqueira, presidente do GGB. A pol\u00eamica teve inicio quando a cantora foi perguntada por uma revista de circula\u00e7\u00e3o nacional sobre a legi\u00e3o de f\u00e3s gays, que&hellip;\" \/>\n<meta property=\"og:url\" content=\"https:\/\/blogdofarnesio.com.br\/?p=34113\" \/>\n<meta property=\"og:site_name\" content=\"Blog do Farn\u00e9sio\" \/>\n<meta property=\"article:publisher\" content=\"https:\/\/www.facebook.com\/BlogQuerSaberPolitica\/\" \/>\n<meta property=\"article:published_time\" content=\"2013-03-31T12:30:44+00:00\" \/>\n<meta property=\"og:image\" content=\"http:\/\/www.politicalivre.com.br\/wp-content\/thumbgen_cache\/1355ebdbdc09a2353cd5a939417eb4d7.jpg\" \/>\n<meta name=\"author\" content=\"teste\" \/>\n<meta name=\"twitter:card\" content=\"summary_large_image\" \/>\n<meta name=\"twitter:label1\" content=\"Escrito por\" \/>\n\t<meta name=\"twitter:data1\" content=\"teste\" \/>\n\t<meta name=\"twitter:label2\" content=\"Est. tempo de leitura\" \/>\n\t<meta name=\"twitter:data2\" content=\"1 minuto\" \/>\n<script type=\"application\/ld+json\" class=\"yoast-schema-graph\">{\"@context\":\"https:\\\/\\\/schema.org\",\"@graph\":[{\"@type\":\"Article\",\"@id\":\"https:\\\/\\\/blogdofarnesio.com.br\\\/?p=34113#article\",\"isPartOf\":{\"@id\":\"https:\\\/\\\/blogdofarnesio.com.br\\\/?p=34113\"},\"author\":{\"name\":\"teste\",\"@id\":\"https:\\\/\\\/blogdofarnesio.com.br\\\/#\\\/schema\\\/person\\\/dd1bf5eba40b687199ba45ca6b97dff9\"},\"headline\":\"GGB repudia declara\u00e7\u00e3o de Joelma contra casamento gay\",\"datePublished\":\"2013-03-31T12:30:44+00:00\",\"mainEntityOfPage\":{\"@id\":\"https:\\\/\\\/blogdofarnesio.com.br\\\/?p=34113\"},\"wordCount\":246,\"commentCount\":0,\"publisher\":{\"@id\":\"https:\\\/\\\/blogdofarnesio.com.br\\\/#organization\"},\"image\":{\"@id\":\"https:\\\/\\\/blogdofarnesio.com.br\\\/?p=34113#primaryimage\"},\"thumbnailUrl\":\"http:\\\/\\\/www.politicalivre.com.br\\\/wp-content\\\/thumbgen_cache\\\/1355ebdbdc09a2353cd5a939417eb4d7.jpg\",\"articleSection\":[\"Costumes\"],\"inLanguage\":\"pt-BR\",\"potentialAction\":[{\"@type\":\"CommentAction\",\"name\":\"Comment\",\"target\":[\"https:\\\/\\\/blogdofarnesio.com.br\\\/?p=34113#respond\"]}]},{\"@type\":\"WebPage\",\"@id\":\"https:\\\/\\\/blogdofarnesio.com.br\\\/?p=34113\",\"url\":\"https:\\\/\\\/blogdofarnesio.com.br\\\/?p=34113\",\"name\":\"GGB repudia declara\u00e7\u00e3o de Joelma contra casamento gay - Blog do Farn\u00e9sio\",\"isPartOf\":{\"@id\":\"https:\\\/\\\/blogdofarnesio.com.br\\\/#website\"},\"primaryImageOfPage\":{\"@id\":\"https:\\\/\\\/blogdofarnesio.com.br\\\/?p=34113#primaryimage\"},\"image\":{\"@id\":\"https:\\\/\\\/blogdofarnesio.com.br\\\/?p=34113#primaryimage\"},\"thumbnailUrl\":\"http:\\\/\\\/www.politicalivre.com.br\\\/wp-content\\\/thumbgen_cache\\\/1355ebdbdc09a2353cd5a939417eb4d7.jpg\",\"datePublished\":\"2013-03-31T12:30:44+00:00\",\"breadcrumb\":{\"@id\":\"https:\\\/\\\/blogdofarnesio.com.br\\\/?p=34113#breadcrumb\"},\"inLanguage\":\"pt-BR\",\"potentialAction\":[{\"@type\":\"ReadAction\",\"target\":[\"https:\\\/\\\/blogdofarnesio.com.br\\\/?p=34113\"]}]},{\"@type\":\"ImageObject\",\"inLanguage\":\"pt-BR\",\"@id\":\"https:\\\/\\\/blogdofarnesio.com.br\\\/?p=34113#primaryimage\",\"url\":\"http:\\\/\\\/www.politicalivre.com.br\\\/wp-content\\\/thumbgen_cache\\\/1355ebdbdc09a2353cd5a939417eb4d7.jpg\",\"contentUrl\":\"http:\\\/\\\/www.politicalivre.com.br\\\/wp-content\\\/thumbgen_cache\\\/1355ebdbdc09a2353cd5a939417eb4d7.jpg\"},{\"@type\":\"BreadcrumbList\",\"@id\":\"https:\\\/\\\/blogdofarnesio.com.br\\\/?p=34113#breadcrumb\",\"itemListElement\":[{\"@type\":\"ListItem\",\"position\":1,\"name\":\"In\u00edcio\",\"item\":\"https:\\\/\\\/blogdofarnesio.com.br\\\/\"},{\"@type\":\"ListItem\",\"position\":2,\"name\":\"GGB repudia declara\u00e7\u00e3o de Joelma contra casamento gay\"}]},{\"@type\":\"WebSite\",\"@id\":\"https:\\\/\\\/blogdofarnesio.com.br\\\/#website\",\"url\":\"https:\\\/\\\/blogdofarnesio.com.br\\\/\",\"name\":\"Blog do Farn\u00e9sio\",\"description\":\"Quer Saber Pol\u00edtica?\",\"publisher\":{\"@id\":\"https:\\\/\\\/blogdofarnesio.com.br\\\/#organization\"},\"potentialAction\":[{\"@type\":\"SearchAction\",\"target\":{\"@type\":\"EntryPoint\",\"urlTemplate\":\"https:\\\/\\\/blogdofarnesio.com.br\\\/?s={search_term_string}\"},\"query-input\":{\"@type\":\"PropertyValueSpecification\",\"valueRequired\":true,\"valueName\":\"search_term_string\"}}],\"inLanguage\":\"pt-BR\"},{\"@type\":\"Organization\",\"@id\":\"https:\\\/\\\/blogdofarnesio.com.br\\\/#organization\",\"name\":\"Blog do Farn\u00e9sio\",\"url\":\"https:\\\/\\\/blogdofarnesio.com.br\\\/\",\"logo\":{\"@type\":\"ImageObject\",\"inLanguage\":\"pt-BR\",\"@id\":\"https:\\\/\\\/blogdofarnesio.com.br\\\/#\\\/schema\\\/logo\\\/image\\\/\",\"url\":\"https:\\\/\\\/blogdofarnesio.com.br\\\/wp-content\\\/uploads\\\/2026\\\/03\\\/cropped-logo_new-1.png\",\"contentUrl\":\"https:\\\/\\\/blogdofarnesio.com.br\\\/wp-content\\\/uploads\\\/2026\\\/03\\\/cropped-logo_new-1.png\",\"width\":881,\"height\":685,\"caption\":\"Blog do Farn\u00e9sio\"},\"image\":{\"@id\":\"https:\\\/\\\/blogdofarnesio.com.br\\\/#\\\/schema\\\/logo\\\/image\\\/\"},\"sameAs\":[\"https:\\\/\\\/www.facebook.com\\\/BlogQuerSaberPolitica\\\/\"]},{\"@type\":\"Person\",\"@id\":\"https:\\\/\\\/blogdofarnesio.com.br\\\/#\\\/schema\\\/person\\\/dd1bf5eba40b687199ba45ca6b97dff9\",\"name\":\"teste\",\"image\":{\"@type\":\"ImageObject\",\"inLanguage\":\"pt-BR\",\"@id\":\"https:\\\/\\\/secure.gravatar.com\\\/avatar\\\/2172498d4914b51e1d89a0f97957b035ac4938723a5cac208135d389b6972a6d?s=96&d=mm&r=g\",\"url\":\"https:\\\/\\\/secure.gravatar.com\\\/avatar\\\/2172498d4914b51e1d89a0f97957b035ac4938723a5cac208135d389b6972a6d?s=96&d=mm&r=g\",\"contentUrl\":\"https:\\\/\\\/secure.gravatar.com\\\/avatar\\\/2172498d4914b51e1d89a0f97957b035ac4938723a5cac208135d389b6972a6d?s=96&d=mm&r=g\",\"caption\":\"teste\"},\"url\":\"https:\\\/\\\/blogdofarnesio.com.br\\\/?author=3\"}]}<\/script>\n<!-- \/ Yoast SEO plugin. -->","yoast_head_json":{"title":"GGB repudia declara\u00e7\u00e3o de Joelma contra casamento gay - Blog do Farn\u00e9sio","robots":{"index":"index","follow":"follow","max-snippet":"max-snippet:-1","max-image-preview":"max-image-preview:large","max-video-preview":"max-video-preview:-1"},"canonical":"https:\/\/blogdofarnesio.com.br\/?p=34113","og_locale":"pt_BR","og_type":"article","og_title":"GGB repudia declara\u00e7\u00e3o de Joelma contra casamento gay - Blog do Farn\u00e9sio","og_description":"O Grupo Gay da Bahia (GGB) emitiu neste s\u00e1bado, 30, nota de rep\u00fadio contra as declara\u00e7\u00f5es da cantora Joelma, vocalista da banda Calypso, contra o casamento gay. Segundo a nota, as declara\u00e7\u00f5es da artista sobre orienta\u00e7\u00e3o sexual, homossexualidade e LGBTs presta um desservi\u00e7o \u00e0 sociedade e estimula a intoler\u00e2ncia coletiva contra cerca de 10% da popula\u00e7\u00e3o brasileira. \u201dComo se n\u00e3o bastasse a homofobia e racismo do deputado Marcos Feliciano, titular da Comiss\u00e3o de Direitos Humanos do Congresso Nacional, vem a cantora sob uma pseudo interpreta\u00e7\u00e3o da b\u00edblia, acusar e discriminar os LGBTs\u201d, lamenta Marcelo Cerqueira, presidente do GGB. A pol\u00eamica teve inicio quando a cantora foi perguntada por uma revista de circula\u00e7\u00e3o nacional sobre a legi\u00e3o de f\u00e3s gays, que&hellip;","og_url":"https:\/\/blogdofarnesio.com.br\/?p=34113","og_site_name":"Blog do Farn\u00e9sio","article_publisher":"https:\/\/www.facebook.com\/BlogQuerSaberPolitica\/","article_published_time":"2013-03-31T12:30:44+00:00","og_image":[{"url":"http:\/\/www.politicalivre.com.br\/wp-content\/thumbgen_cache\/1355ebdbdc09a2353cd5a939417eb4d7.jpg","type":"","width":"","height":""}],"author":"teste","twitter_card":"summary_large_image","twitter_misc":{"Escrito por":"teste","Est. tempo de leitura":"1 minuto"},"schema":{"@context":"https:\/\/schema.org","@graph":[{"@type":"Article","@id":"https:\/\/blogdofarnesio.com.br\/?p=34113#article","isPartOf":{"@id":"https:\/\/blogdofarnesio.com.br\/?p=34113"},"author":{"name":"teste","@id":"https:\/\/blogdofarnesio.com.br\/#\/schema\/person\/dd1bf5eba40b687199ba45ca6b97dff9"},"headline":"GGB repudia declara\u00e7\u00e3o de Joelma contra casamento gay","datePublished":"2013-03-31T12:30:44+00:00","mainEntityOfPage":{"@id":"https:\/\/blogdofarnesio.com.br\/?p=34113"},"wordCount":246,"commentCount":0,"publisher":{"@id":"https:\/\/blogdofarnesio.com.br\/#organization"},"image":{"@id":"https:\/\/blogdofarnesio.com.br\/?p=34113#primaryimage"},"thumbnailUrl":"http:\/\/www.politicalivre.com.br\/wp-content\/thumbgen_cache\/1355ebdbdc09a2353cd5a939417eb4d7.jpg","articleSection":["Costumes"],"inLanguage":"pt-BR","potentialAction":[{"@type":"CommentAction","name":"Comment","target":["https:\/\/blogdofarnesio.com.br\/?p=34113#respond"]}]},{"@type":"WebPage","@id":"https:\/\/blogdofarnesio.com.br\/?p=34113","url":"https:\/\/blogdofarnesio.com.br\/?p=34113","name":"GGB repudia declara\u00e7\u00e3o de Joelma contra casamento gay - Blog do Farn\u00e9sio","isPartOf":{"@id":"https:\/\/blogdofarnesio.com.br\/#website"},"primaryImageOfPage":{"@id":"https:\/\/blogdofarnesio.com.br\/?p=34113#primaryimage"},"image":{"@id":"https:\/\/blogdofarnesio.com.br\/?p=34113#primaryimage"},"thumbnailUrl":"http:\/\/www.politicalivre.com.br\/wp-content\/thumbgen_cache\/1355ebdbdc09a2353cd5a939417eb4d7.jpg","datePublished":"2013-03-31T12:30:44+00:00","breadcrumb":{"@id":"https:\/\/blogdofarnesio.com.br\/?p=34113#breadcrumb"},"inLanguage":"pt-BR","potentialAction":[{"@type":"ReadAction","target":["https:\/\/blogdofarnesio.com.br\/?p=34113"]}]},{"@type":"ImageObject","inLanguage":"pt-BR","@id":"https:\/\/blogdofarnesio.com.br\/?p=34113#primaryimage","url":"http:\/\/www.politicalivre.com.br\/wp-content\/thumbgen_cache\/1355ebdbdc09a2353cd5a939417eb4d7.jpg","contentUrl":"http:\/\/www.politicalivre.com.br\/wp-content\/thumbgen_cache\/1355ebdbdc09a2353cd5a939417eb4d7.jpg"},{"@type":"BreadcrumbList","@id":"https:\/\/blogdofarnesio.com.br\/?p=34113#breadcrumb","itemListElement":[{"@type":"ListItem","position":1,"name":"In\u00edcio","item":"https:\/\/blogdofarnesio.com.br\/"},{"@type":"ListItem","position":2,"name":"GGB repudia declara\u00e7\u00e3o de Joelma contra casamento gay"}]},{"@type":"WebSite","@id":"https:\/\/blogdofarnesio.com.br\/#website","url":"https:\/\/blogdofarnesio.com.br\/","name":"Blog do Farn\u00e9sio","description":"Quer Saber Pol\u00edtica?","publisher":{"@id":"https:\/\/blogdofarnesio.com.br\/#organization"},"potentialAction":[{"@type":"SearchAction","target":{"@type":"EntryPoint","urlTemplate":"https:\/\/blogdofarnesio.com.br\/?s={search_term_string}"},"query-input":{"@type":"PropertyValueSpecification","valueRequired":true,"valueName":"search_term_string"}}],"inLanguage":"pt-BR"},{"@type":"Organization","@id":"https:\/\/blogdofarnesio.com.br\/#organization","name":"Blog do Farn\u00e9sio","url":"https:\/\/blogdofarnesio.com.br\/","logo":{"@type":"ImageObject","inLanguage":"pt-BR","@id":"https:\/\/blogdofarnesio.com.br\/#\/schema\/logo\/image\/","url":"https:\/\/blogdofarnesio.com.br\/wp-content\/uploads\/2026\/03\/cropped-logo_new-1.png","contentUrl":"https:\/\/blogdofarnesio.com.br\/wp-content\/uploads\/2026\/03\/cropped-logo_new-1.png","width":881,"height":685,"caption":"Blog do Farn\u00e9sio"},"image":{"@id":"https:\/\/blogdofarnesio.com.br\/#\/schema\/logo\/image\/"},"sameAs":["https:\/\/www.facebook.com\/BlogQuerSaberPolitica\/"]},{"@type":"Person","@id":"https:\/\/blogdofarnesio.com.br\/#\/schema\/person\/dd1bf5eba40b687199ba45ca6b97dff9","name":"teste","image":{"@type":"ImageObject","inLanguage":"pt-BR","@id":"https:\/\/secure.gravatar.com\/avatar\/2172498d4914b51e1d89a0f97957b035ac4938723a5cac208135d389b6972a6d?s=96&d=mm&r=g","url":"https:\/\/secure.gravatar.com\/avatar\/2172498d4914b51e1d89a0f97957b035ac4938723a5cac208135d389b6972a6d?s=96&d=mm&r=g","contentUrl":"https:\/\/secure.gravatar.com\/avatar\/2172498d4914b51e1d89a0f97957b035ac4938723a5cac208135d389b6972a6d?s=96&d=mm&r=g","caption":"teste"},"url":"https:\/\/blogdofarnesio.com.br\/?author=3"}]}},"_links":{"self":[{"href":"https:\/\/blogdofarnesio.com.br\/index.php?rest_route=\/wp\/v2\/posts\/34113","targetHints":{"allow":["GET"]}}],"collection":[{"href":"https:\/\/blogdofarnesio.com.br\/index.php?rest_route=\/wp\/v2\/posts"}],"about":[{"href":"https:\/\/blogdofarnesio.com.br\/index.php?rest_route=\/wp\/v2\/types\/post"}],"author":[{"embeddable":true,"href":"https:\/\/blogdofarnesio.com.br\/index.php?rest_route=\/wp\/v2\/users\/3"}],"replies":[{"embeddable":true,"href":"https:\/\/blogdofarnesio.com.br\/index.php?rest_route=%2Fwp%2Fv2%2Fcomments&post=34113"}],"version-history":[{"count":0,"href":"https:\/\/blogdofarnesio.com.br\/index.php?rest_route=\/wp\/v2\/posts\/34113\/revisions"}],"wp:attachment":[{"href":"https:\/\/blogdofarnesio.com.br\/index.php?rest_route=%2Fwp%2Fv2%2Fmedia&parent=34113"}],"wp:term":[{"taxonomy":"category","embeddable":true,"href":"https:\/\/blogdofarnesio.com.br\/index.php?rest_route=%2Fwp%2Fv2%2Fcategories&post=34113"},{"taxonomy":"post_tag","embeddable":true,"href":"https:\/\/blogdofarnesio.com.br\/index.php?rest_route=%2Fwp%2Fv2%2Ftags&post=34113"}],"curies":[{"name":"wp","href":"https:\/\/api.w.org\/{rel}","templated":true}]}}