{"id":341039,"date":"2023-05-20T11:31:21","date_gmt":"2023-05-20T14:31:21","guid":{"rendered":"https:\/\/blogdofarnesio.com.br\/?p=341039"},"modified":"2023-05-19T18:04:10","modified_gmt":"2023-05-19T21:04:10","slug":"caso-burguer-king-abuso-de-poder-e-assedio-moral-explica-advogado","status":"publish","type":"post","link":"https:\/\/blogdofarnesio.com.br\/?p=341039","title":{"rendered":"Caso Burguer King: \u201cabuso de poder e ass\u00e9dio moral\u201d,  explica advogado"},"content":{"rendered":"<p>&#8220;Se eu sair a primeira vez, levo advert\u00eancia. Se sair a segunda vez, levo suspens\u00e3o. Se sair a terceira vez, levo [demiss\u00e3o por] justa causa&#8221;, relatou Jos\u00e9 Vin\u00edcius, funcion\u00e1rio do Burger King de um shopping em Aracaju (SE), que teve um v\u00eddeo viralizado em que ele aparece com marcas de urina nas pr\u00f3prias cal\u00e7as, alegando proibi\u00e7\u00e3o para ir ao banheiro.<\/p>\n<p>Segundo o colaborador, isso ocorreu porque a empresa n\u00e3o permite a sa\u00edda do quiosque. \u201cA conduta praticada contra o funcion\u00e1rio do Burger King \u00e9 claramente caracter\u00edstica de abuso de poder praticado pelo empregador e configura uma esp\u00e9cie de ass\u00e9dio moral. Quando levado \u00e0 justi\u00e7a, gera direito a indeniza\u00e7\u00e3o por dano moral, em valor a ser fixado pelo Juiz, que observar\u00e1, dentre outras coisas, o dano sofrido pelo empregado e o poderio econ\u00f4mico da empresa. O objetivo do dano \u00e9 gerar um efeito educativo\/punitivo\u201d, disse Danilo Schettini, especialista em direito do trabalho, s\u00f3cio da Advocacia Schettini.<\/p>\n<p>&nbsp;<\/p>\n<p>De acordo com o especialista, de fato a empresa tem alguns poderes de mando e controle e pode, em alguns momentos, determinar situa\u00e7\u00f5es que os empregados devem obedecer no ambiente de trabalho. A desobedi\u00eancia, de fato pode gerar puni\u00e7\u00f5es, como advert\u00eancia, suspens\u00e3o e at\u00e9 mesmo justa causa.<\/p>\n<p>No entanto, este poder encontra limites, sobretudo quando confrontados com direitos fundamentais, garantidos na constitui\u00e7\u00e3o federal, principalmente os direitos ligados \u00e0 personalidade, previsto no artigo 5\u00ba, X da Constitui\u00e7\u00e3o Federal e a dignidade da pessoa humana, previsto no artigo 1\u00ba tamb\u00e9m da CF.<\/p>\n<p>\u201cAl\u00e9m disso, nos termos do artigo 483 da CLT, o empregado em quest\u00e3o poder\u00e1 pedir o que chamamos de rescis\u00e3o indireta, que \u00e9 como se fosse uma justa causa no empregador. Neste caso, o empregado poder\u00e1 se desligar da empresa e receber todos os seus direitos trabalhistas, dentre eles a multa de 40% do FGTS e o Seguro Desemprego\u201d, comentou Schettini.<\/p>\n<p>\u00e0 disposi\u00e7\u00e3o,<\/p>\n<p><strong>MDiana Comunica\u00e7\u00e3o &#8211; Assessoria de imprensa<\/strong><\/p>\n","protected":false},"excerpt":{"rendered":"<p>&#8220;Se eu sair a primeira vez, levo advert\u00eancia. Se sair a segunda vez, levo suspens\u00e3o. Se sair a terceira vez, levo [demiss\u00e3o por] justa causa&#8221;, relatou Jos\u00e9 Vin\u00edcius, funcion\u00e1rio do Burger King de um shopping em Aracaju (SE), que teve um v\u00eddeo viralizado em que ele aparece com marcas de urina nas pr\u00f3prias cal\u00e7as, alegando proibi\u00e7\u00e3o para ir ao banheiro. Segundo o colaborador, isso ocorreu porque a empresa n\u00e3o permite a sa\u00edda do quiosque. \u201cA conduta praticada contra o funcion\u00e1rio do Burger King \u00e9 claramente caracter\u00edstica de abuso de poder praticado pelo empregador e configura uma esp\u00e9cie de ass\u00e9dio moral. Quando levado \u00e0 justi\u00e7a, gera direito a indeniza\u00e7\u00e3o por dano moral, em valor a ser fixado pelo Juiz, que observar\u00e1,&hellip; <\/p>\n","protected":false},"author":2,"featured_media":336980,"comment_status":"open","ping_status":"open","sticky":false,"template":"","format":"standard","meta":{"_acf_changed":false,"footnotes":""},"categories":[30],"tags":[],"class_list":["post-341039","post","type-post","status-publish","format-standard","has-post-thumbnail","hentry","category-artigo"],"acf":[],"yoast_head":"<!-- This site is optimized with the Yoast SEO plugin v27.4 - https:\/\/yoast.com\/product\/yoast-seo-wordpress\/ -->\n<title>Caso Burguer King: \u201cabuso de poder e ass\u00e9dio moral\u201d, explica advogado - Blog do Farn\u00e9sio<\/title>\n<meta name=\"robots\" content=\"index, follow, max-snippet:-1, max-image-preview:large, max-video-preview:-1\" \/>\n<link rel=\"canonical\" href=\"https:\/\/blogdofarnesio.com.br\/?p=341039\" \/>\n<meta property=\"og:locale\" content=\"pt_BR\" \/>\n<meta property=\"og:type\" content=\"article\" \/>\n<meta property=\"og:title\" content=\"Caso Burguer King: \u201cabuso de poder e ass\u00e9dio moral\u201d, explica advogado - Blog do Farn\u00e9sio\" \/>\n<meta property=\"og:description\" content=\"&#8220;Se eu sair a primeira vez, levo advert\u00eancia. Se sair a segunda vez, levo suspens\u00e3o. Se sair a terceira vez, levo [demiss\u00e3o por] justa causa&#8221;, relatou Jos\u00e9 Vin\u00edcius, funcion\u00e1rio do Burger King de um shopping em Aracaju (SE), que teve um v\u00eddeo viralizado em que ele aparece com marcas de urina nas pr\u00f3prias cal\u00e7as, alegando proibi\u00e7\u00e3o para ir ao banheiro. Segundo o colaborador, isso ocorreu porque a empresa n\u00e3o permite a sa\u00edda do quiosque. \u201cA conduta praticada contra o funcion\u00e1rio do Burger King \u00e9 claramente caracter\u00edstica de abuso de poder praticado pelo empregador e configura uma esp\u00e9cie de ass\u00e9dio moral. Quando levado \u00e0 justi\u00e7a, gera direito a indeniza\u00e7\u00e3o por dano moral, em valor a ser fixado pelo Juiz, que observar\u00e1,&hellip;\" \/>\n<meta property=\"og:url\" content=\"https:\/\/blogdofarnesio.com.br\/?p=341039\" \/>\n<meta property=\"og:site_name\" content=\"Blog do Farn\u00e9sio\" \/>\n<meta property=\"article:publisher\" content=\"https:\/\/www.facebook.com\/BlogQuerSaberPolitica\/\" \/>\n<meta property=\"article:author\" content=\"https:\/\/www.facebook.com\/?ref=tn_tnmn\" \/>\n<meta property=\"article:published_time\" content=\"2023-05-20T14:31:21+00:00\" \/>\n<meta property=\"og:image\" content=\"https:\/\/blogdofarnesio.com.br\/wp-content\/uploads\/2023\/03\/Prefeitura-de-Juazeiro-promovera-uma-serie-de-treinamentos-sobre-assedio-moral-no-ambiente-de-trabalho-para-os-servidores-municipais-e1684530209701.jpeg\" \/>\n\t<meta property=\"og:image:width\" content=\"680\" \/>\n\t<meta property=\"og:image:height\" content=\"368\" \/>\n\t<meta property=\"og:image:type\" content=\"image\/jpeg\" \/>\n<meta name=\"author\" content=\"Farn\u00e9sio\" \/>\n<meta name=\"twitter:card\" content=\"summary_large_image\" \/>\n<meta name=\"twitter:label1\" content=\"Escrito por\" \/>\n\t<meta name=\"twitter:data1\" content=\"Farn\u00e9sio\" \/>\n\t<meta name=\"twitter:label2\" content=\"Est. tempo de leitura\" \/>\n\t<meta name=\"twitter:data2\" content=\"2 minutos\" \/>\n<script type=\"application\/ld+json\" class=\"yoast-schema-graph\">{\"@context\":\"https:\\\/\\\/schema.org\",\"@graph\":[{\"@type\":\"Article\",\"@id\":\"https:\\\/\\\/blogdofarnesio.com.br\\\/?p=341039#article\",\"isPartOf\":{\"@id\":\"https:\\\/\\\/blogdofarnesio.com.br\\\/?p=341039\"},\"author\":{\"name\":\"Farn\u00e9sio\",\"@id\":\"https:\\\/\\\/blogdofarnesio.com.br\\\/#\\\/schema\\\/person\\\/bb9b23ae3ad0609ce8df7b6c9e76824d\"},\"headline\":\"Caso Burguer King: \u201cabuso de poder e ass\u00e9dio moral\u201d, explica advogado\",\"datePublished\":\"2023-05-20T14:31:21+00:00\",\"mainEntityOfPage\":{\"@id\":\"https:\\\/\\\/blogdofarnesio.com.br\\\/?p=341039\"},\"wordCount\":350,\"commentCount\":0,\"publisher\":{\"@id\":\"https:\\\/\\\/blogdofarnesio.com.br\\\/#organization\"},\"image\":{\"@id\":\"https:\\\/\\\/blogdofarnesio.com.br\\\/?p=341039#primaryimage\"},\"thumbnailUrl\":\"https:\\\/\\\/blogdofarnesio.com.br\\\/wp-content\\\/uploads\\\/2023\\\/03\\\/Prefeitura-de-Juazeiro-promovera-uma-serie-de-treinamentos-sobre-assedio-moral-no-ambiente-de-trabalho-para-os-servidores-municipais-e1684530209701.jpeg\",\"articleSection\":[\"Artigo\"],\"inLanguage\":\"pt-BR\",\"potentialAction\":[{\"@type\":\"CommentAction\",\"name\":\"Comment\",\"target\":[\"https:\\\/\\\/blogdofarnesio.com.br\\\/?p=341039#respond\"]}]},{\"@type\":\"WebPage\",\"@id\":\"https:\\\/\\\/blogdofarnesio.com.br\\\/?p=341039\",\"url\":\"https:\\\/\\\/blogdofarnesio.com.br\\\/?p=341039\",\"name\":\"Caso Burguer King: \u201cabuso de poder e ass\u00e9dio moral\u201d, explica advogado - Blog do Farn\u00e9sio\",\"isPartOf\":{\"@id\":\"https:\\\/\\\/blogdofarnesio.com.br\\\/#website\"},\"primaryImageOfPage\":{\"@id\":\"https:\\\/\\\/blogdofarnesio.com.br\\\/?p=341039#primaryimage\"},\"image\":{\"@id\":\"https:\\\/\\\/blogdofarnesio.com.br\\\/?p=341039#primaryimage\"},\"thumbnailUrl\":\"https:\\\/\\\/blogdofarnesio.com.br\\\/wp-content\\\/uploads\\\/2023\\\/03\\\/Prefeitura-de-Juazeiro-promovera-uma-serie-de-treinamentos-sobre-assedio-moral-no-ambiente-de-trabalho-para-os-servidores-municipais-e1684530209701.jpeg\",\"datePublished\":\"2023-05-20T14:31:21+00:00\",\"breadcrumb\":{\"@id\":\"https:\\\/\\\/blogdofarnesio.com.br\\\/?p=341039#breadcrumb\"},\"inLanguage\":\"pt-BR\",\"potentialAction\":[{\"@type\":\"ReadAction\",\"target\":[\"https:\\\/\\\/blogdofarnesio.com.br\\\/?p=341039\"]}]},{\"@type\":\"ImageObject\",\"inLanguage\":\"pt-BR\",\"@id\":\"https:\\\/\\\/blogdofarnesio.com.br\\\/?p=341039#primaryimage\",\"url\":\"https:\\\/\\\/blogdofarnesio.com.br\\\/wp-content\\\/uploads\\\/2023\\\/03\\\/Prefeitura-de-Juazeiro-promovera-uma-serie-de-treinamentos-sobre-assedio-moral-no-ambiente-de-trabalho-para-os-servidores-municipais-e1684530209701.jpeg\",\"contentUrl\":\"https:\\\/\\\/blogdofarnesio.com.br\\\/wp-content\\\/uploads\\\/2023\\\/03\\\/Prefeitura-de-Juazeiro-promovera-uma-serie-de-treinamentos-sobre-assedio-moral-no-ambiente-de-trabalho-para-os-servidores-municipais-e1684530209701.jpeg\",\"width\":680,\"height\":368},{\"@type\":\"BreadcrumbList\",\"@id\":\"https:\\\/\\\/blogdofarnesio.com.br\\\/?p=341039#breadcrumb\",\"itemListElement\":[{\"@type\":\"ListItem\",\"position\":1,\"name\":\"In\u00edcio\",\"item\":\"https:\\\/\\\/blogdofarnesio.com.br\\\/\"},{\"@type\":\"ListItem\",\"position\":2,\"name\":\"Caso Burguer King: \u201cabuso de poder e ass\u00e9dio moral\u201d, explica advogado\"}]},{\"@type\":\"WebSite\",\"@id\":\"https:\\\/\\\/blogdofarnesio.com.br\\\/#website\",\"url\":\"https:\\\/\\\/blogdofarnesio.com.br\\\/\",\"name\":\"Blog do Farn\u00e9sio\",\"description\":\"Quer Saber Pol\u00edtica?\",\"publisher\":{\"@id\":\"https:\\\/\\\/blogdofarnesio.com.br\\\/#organization\"},\"potentialAction\":[{\"@type\":\"SearchAction\",\"target\":{\"@type\":\"EntryPoint\",\"urlTemplate\":\"https:\\\/\\\/blogdofarnesio.com.br\\\/?s={search_term_string}\"},\"query-input\":{\"@type\":\"PropertyValueSpecification\",\"valueRequired\":true,\"valueName\":\"search_term_string\"}}],\"inLanguage\":\"pt-BR\"},{\"@type\":\"Organization\",\"@id\":\"https:\\\/\\\/blogdofarnesio.com.br\\\/#organization\",\"name\":\"Blog do Farn\u00e9sio\",\"url\":\"https:\\\/\\\/blogdofarnesio.com.br\\\/\",\"logo\":{\"@type\":\"ImageObject\",\"inLanguage\":\"pt-BR\",\"@id\":\"https:\\\/\\\/blogdofarnesio.com.br\\\/#\\\/schema\\\/logo\\\/image\\\/\",\"url\":\"https:\\\/\\\/blogdofarnesio.com.br\\\/wp-content\\\/uploads\\\/2026\\\/03\\\/cropped-logo_new-1.png\",\"contentUrl\":\"https:\\\/\\\/blogdofarnesio.com.br\\\/wp-content\\\/uploads\\\/2026\\\/03\\\/cropped-logo_new-1.png\",\"width\":881,\"height\":685,\"caption\":\"Blog do Farn\u00e9sio\"},\"image\":{\"@id\":\"https:\\\/\\\/blogdofarnesio.com.br\\\/#\\\/schema\\\/logo\\\/image\\\/\"},\"sameAs\":[\"https:\\\/\\\/www.facebook.com\\\/BlogQuerSaberPolitica\\\/\"]},{\"@type\":\"Person\",\"@id\":\"https:\\\/\\\/blogdofarnesio.com.br\\\/#\\\/schema\\\/person\\\/bb9b23ae3ad0609ce8df7b6c9e76824d\",\"name\":\"Farn\u00e9sio\",\"image\":{\"@type\":\"ImageObject\",\"inLanguage\":\"pt-BR\",\"@id\":\"https:\\\/\\\/secure.gravatar.com\\\/avatar\\\/986aa4c61ccdb66f8555bf88fc2a65609d00bcabd4d2d94377a727547345cbca?s=96&d=mm&r=g\",\"url\":\"https:\\\/\\\/secure.gravatar.com\\\/avatar\\\/986aa4c61ccdb66f8555bf88fc2a65609d00bcabd4d2d94377a727547345cbca?s=96&d=mm&r=g\",\"contentUrl\":\"https:\\\/\\\/secure.gravatar.com\\\/avatar\\\/986aa4c61ccdb66f8555bf88fc2a65609d00bcabd4d2d94377a727547345cbca?s=96&d=mm&r=g\",\"caption\":\"Farn\u00e9sio\"},\"description\":\"Radialista blogueiro, chegou a Petrolina\\\/Juazeiro em setembro de 1980, Farn\u00e9sio Silva \u00e9 de Arapiraca-Alagoas.\",\"sameAs\":[\"http:\\\/\\\/blogdofarnesio.com.br\",\"https:\\\/\\\/www.facebook.com\\\/?ref=tn_tnmn\",\"https:\\\/\\\/www.instagram.com\\\/?utm_source=pwa_homescreen\",\"https:\\\/\\\/youtube.com.br\\\/\"],\"url\":\"https:\\\/\\\/blogdofarnesio.com.br\\\/?author=2\"}]}<\/script>\n<!-- \/ Yoast SEO plugin. -->","yoast_head_json":{"title":"Caso Burguer King: \u201cabuso de poder e ass\u00e9dio moral\u201d, explica advogado - Blog do Farn\u00e9sio","robots":{"index":"index","follow":"follow","max-snippet":"max-snippet:-1","max-image-preview":"max-image-preview:large","max-video-preview":"max-video-preview:-1"},"canonical":"https:\/\/blogdofarnesio.com.br\/?p=341039","og_locale":"pt_BR","og_type":"article","og_title":"Caso Burguer King: \u201cabuso de poder e ass\u00e9dio moral\u201d, explica advogado - Blog do Farn\u00e9sio","og_description":"&#8220;Se eu sair a primeira vez, levo advert\u00eancia. Se sair a segunda vez, levo suspens\u00e3o. Se sair a terceira vez, levo [demiss\u00e3o por] justa causa&#8221;, relatou Jos\u00e9 Vin\u00edcius, funcion\u00e1rio do Burger King de um shopping em Aracaju (SE), que teve um v\u00eddeo viralizado em que ele aparece com marcas de urina nas pr\u00f3prias cal\u00e7as, alegando proibi\u00e7\u00e3o para ir ao banheiro. Segundo o colaborador, isso ocorreu porque a empresa n\u00e3o permite a sa\u00edda do quiosque. \u201cA conduta praticada contra o funcion\u00e1rio do Burger King \u00e9 claramente caracter\u00edstica de abuso de poder praticado pelo empregador e configura uma esp\u00e9cie de ass\u00e9dio moral. Quando levado \u00e0 justi\u00e7a, gera direito a indeniza\u00e7\u00e3o por dano moral, em valor a ser fixado pelo Juiz, que observar\u00e1,&hellip;","og_url":"https:\/\/blogdofarnesio.com.br\/?p=341039","og_site_name":"Blog do Farn\u00e9sio","article_publisher":"https:\/\/www.facebook.com\/BlogQuerSaberPolitica\/","article_author":"https:\/\/www.facebook.com\/?ref=tn_tnmn","article_published_time":"2023-05-20T14:31:21+00:00","og_image":[{"width":680,"height":368,"url":"https:\/\/blogdofarnesio.com.br\/wp-content\/uploads\/2023\/03\/Prefeitura-de-Juazeiro-promovera-uma-serie-de-treinamentos-sobre-assedio-moral-no-ambiente-de-trabalho-para-os-servidores-municipais-e1684530209701.jpeg","type":"image\/jpeg"}],"author":"Farn\u00e9sio","twitter_card":"summary_large_image","twitter_misc":{"Escrito por":"Farn\u00e9sio","Est. tempo de leitura":"2 minutos"},"schema":{"@context":"https:\/\/schema.org","@graph":[{"@type":"Article","@id":"https:\/\/blogdofarnesio.com.br\/?p=341039#article","isPartOf":{"@id":"https:\/\/blogdofarnesio.com.br\/?p=341039"},"author":{"name":"Farn\u00e9sio","@id":"https:\/\/blogdofarnesio.com.br\/#\/schema\/person\/bb9b23ae3ad0609ce8df7b6c9e76824d"},"headline":"Caso Burguer King: \u201cabuso de poder e ass\u00e9dio moral\u201d, explica advogado","datePublished":"2023-05-20T14:31:21+00:00","mainEntityOfPage":{"@id":"https:\/\/blogdofarnesio.com.br\/?p=341039"},"wordCount":350,"commentCount":0,"publisher":{"@id":"https:\/\/blogdofarnesio.com.br\/#organization"},"image":{"@id":"https:\/\/blogdofarnesio.com.br\/?p=341039#primaryimage"},"thumbnailUrl":"https:\/\/blogdofarnesio.com.br\/wp-content\/uploads\/2023\/03\/Prefeitura-de-Juazeiro-promovera-uma-serie-de-treinamentos-sobre-assedio-moral-no-ambiente-de-trabalho-para-os-servidores-municipais-e1684530209701.jpeg","articleSection":["Artigo"],"inLanguage":"pt-BR","potentialAction":[{"@type":"CommentAction","name":"Comment","target":["https:\/\/blogdofarnesio.com.br\/?p=341039#respond"]}]},{"@type":"WebPage","@id":"https:\/\/blogdofarnesio.com.br\/?p=341039","url":"https:\/\/blogdofarnesio.com.br\/?p=341039","name":"Caso Burguer King: \u201cabuso de poder e ass\u00e9dio moral\u201d, explica advogado - Blog do Farn\u00e9sio","isPartOf":{"@id":"https:\/\/blogdofarnesio.com.br\/#website"},"primaryImageOfPage":{"@id":"https:\/\/blogdofarnesio.com.br\/?p=341039#primaryimage"},"image":{"@id":"https:\/\/blogdofarnesio.com.br\/?p=341039#primaryimage"},"thumbnailUrl":"https:\/\/blogdofarnesio.com.br\/wp-content\/uploads\/2023\/03\/Prefeitura-de-Juazeiro-promovera-uma-serie-de-treinamentos-sobre-assedio-moral-no-ambiente-de-trabalho-para-os-servidores-municipais-e1684530209701.jpeg","datePublished":"2023-05-20T14:31:21+00:00","breadcrumb":{"@id":"https:\/\/blogdofarnesio.com.br\/?p=341039#breadcrumb"},"inLanguage":"pt-BR","potentialAction":[{"@type":"ReadAction","target":["https:\/\/blogdofarnesio.com.br\/?p=341039"]}]},{"@type":"ImageObject","inLanguage":"pt-BR","@id":"https:\/\/blogdofarnesio.com.br\/?p=341039#primaryimage","url":"https:\/\/blogdofarnesio.com.br\/wp-content\/uploads\/2023\/03\/Prefeitura-de-Juazeiro-promovera-uma-serie-de-treinamentos-sobre-assedio-moral-no-ambiente-de-trabalho-para-os-servidores-municipais-e1684530209701.jpeg","contentUrl":"https:\/\/blogdofarnesio.com.br\/wp-content\/uploads\/2023\/03\/Prefeitura-de-Juazeiro-promovera-uma-serie-de-treinamentos-sobre-assedio-moral-no-ambiente-de-trabalho-para-os-servidores-municipais-e1684530209701.jpeg","width":680,"height":368},{"@type":"BreadcrumbList","@id":"https:\/\/blogdofarnesio.com.br\/?p=341039#breadcrumb","itemListElement":[{"@type":"ListItem","position":1,"name":"In\u00edcio","item":"https:\/\/blogdofarnesio.com.br\/"},{"@type":"ListItem","position":2,"name":"Caso Burguer King: \u201cabuso de poder e ass\u00e9dio moral\u201d, explica advogado"}]},{"@type":"WebSite","@id":"https:\/\/blogdofarnesio.com.br\/#website","url":"https:\/\/blogdofarnesio.com.br\/","name":"Blog do Farn\u00e9sio","description":"Quer Saber Pol\u00edtica?","publisher":{"@id":"https:\/\/blogdofarnesio.com.br\/#organization"},"potentialAction":[{"@type":"SearchAction","target":{"@type":"EntryPoint","urlTemplate":"https:\/\/blogdofarnesio.com.br\/?s={search_term_string}"},"query-input":{"@type":"PropertyValueSpecification","valueRequired":true,"valueName":"search_term_string"}}],"inLanguage":"pt-BR"},{"@type":"Organization","@id":"https:\/\/blogdofarnesio.com.br\/#organization","name":"Blog do Farn\u00e9sio","url":"https:\/\/blogdofarnesio.com.br\/","logo":{"@type":"ImageObject","inLanguage":"pt-BR","@id":"https:\/\/blogdofarnesio.com.br\/#\/schema\/logo\/image\/","url":"https:\/\/blogdofarnesio.com.br\/wp-content\/uploads\/2026\/03\/cropped-logo_new-1.png","contentUrl":"https:\/\/blogdofarnesio.com.br\/wp-content\/uploads\/2026\/03\/cropped-logo_new-1.png","width":881,"height":685,"caption":"Blog do Farn\u00e9sio"},"image":{"@id":"https:\/\/blogdofarnesio.com.br\/#\/schema\/logo\/image\/"},"sameAs":["https:\/\/www.facebook.com\/BlogQuerSaberPolitica\/"]},{"@type":"Person","@id":"https:\/\/blogdofarnesio.com.br\/#\/schema\/person\/bb9b23ae3ad0609ce8df7b6c9e76824d","name":"Farn\u00e9sio","image":{"@type":"ImageObject","inLanguage":"pt-BR","@id":"https:\/\/secure.gravatar.com\/avatar\/986aa4c61ccdb66f8555bf88fc2a65609d00bcabd4d2d94377a727547345cbca?s=96&d=mm&r=g","url":"https:\/\/secure.gravatar.com\/avatar\/986aa4c61ccdb66f8555bf88fc2a65609d00bcabd4d2d94377a727547345cbca?s=96&d=mm&r=g","contentUrl":"https:\/\/secure.gravatar.com\/avatar\/986aa4c61ccdb66f8555bf88fc2a65609d00bcabd4d2d94377a727547345cbca?s=96&d=mm&r=g","caption":"Farn\u00e9sio"},"description":"Radialista blogueiro, chegou a Petrolina\/Juazeiro em setembro de 1980, Farn\u00e9sio Silva \u00e9 de Arapiraca-Alagoas.","sameAs":["http:\/\/blogdofarnesio.com.br","https:\/\/www.facebook.com\/?ref=tn_tnmn","https:\/\/www.instagram.com\/?utm_source=pwa_homescreen","https:\/\/youtube.com.br\/"],"url":"https:\/\/blogdofarnesio.com.br\/?author=2"}]}},"_links":{"self":[{"href":"https:\/\/blogdofarnesio.com.br\/index.php?rest_route=\/wp\/v2\/posts\/341039","targetHints":{"allow":["GET"]}}],"collection":[{"href":"https:\/\/blogdofarnesio.com.br\/index.php?rest_route=\/wp\/v2\/posts"}],"about":[{"href":"https:\/\/blogdofarnesio.com.br\/index.php?rest_route=\/wp\/v2\/types\/post"}],"author":[{"embeddable":true,"href":"https:\/\/blogdofarnesio.com.br\/index.php?rest_route=\/wp\/v2\/users\/2"}],"replies":[{"embeddable":true,"href":"https:\/\/blogdofarnesio.com.br\/index.php?rest_route=%2Fwp%2Fv2%2Fcomments&post=341039"}],"version-history":[{"count":0,"href":"https:\/\/blogdofarnesio.com.br\/index.php?rest_route=\/wp\/v2\/posts\/341039\/revisions"}],"wp:featuredmedia":[{"embeddable":true,"href":"https:\/\/blogdofarnesio.com.br\/index.php?rest_route=\/wp\/v2\/media\/336980"}],"wp:attachment":[{"href":"https:\/\/blogdofarnesio.com.br\/index.php?rest_route=%2Fwp%2Fv2%2Fmedia&parent=341039"}],"wp:term":[{"taxonomy":"category","embeddable":true,"href":"https:\/\/blogdofarnesio.com.br\/index.php?rest_route=%2Fwp%2Fv2%2Fcategories&post=341039"},{"taxonomy":"post_tag","embeddable":true,"href":"https:\/\/blogdofarnesio.com.br\/index.php?rest_route=%2Fwp%2Fv2%2Ftags&post=341039"}],"curies":[{"name":"wp","href":"https:\/\/api.w.org\/{rel}","templated":true}]}}