{"id":340973,"date":"2023-05-19T11:04:00","date_gmt":"2023-05-19T14:04:00","guid":{"rendered":"https:\/\/blogdofarnesio.com.br\/?p=340973"},"modified":"2023-05-19T09:13:00","modified_gmt":"2023-05-19T12:13:00","slug":"vii-feira-do-bode-de-juremal-comeca-hoje","status":"publish","type":"post","link":"https:\/\/blogdofarnesio.com.br\/?p=340973","title":{"rendered":"VII Feira do Bode de Juremal come\u00e7a hoje. Anote a programa\u00e7\u00e3o at\u00e9 domingo"},"content":{"rendered":"<p style=\"font-weight: 400;\">A VII Feira do Bode de Juremal, um dos mais importantes eventos da caprinovinocultura de Juazeiro, come\u00e7a hoje e vai at\u00e9 o pr\u00f3ximo domingo (21), no Parque J. Neves. A feira \u00e9 uma iniciativa da Prefeitura de Juazeiro, atrav\u00e9s da Ag\u00eancia de Desenvolvimento Econ\u00f4mico, Agricultura e Pecu\u00e1ria (Adeap) em parceria com a Associa\u00e7\u00e3o de Desenvolvimento e A\u00e7\u00e3o Comunit\u00e1ria (Adac), Comiss\u00e3o Organizadora do Distrito de Juremal e o patroc\u00ednio do Banco do Nordeste e Governo Federal.<\/p>\n<p style=\"font-weight: 400;\">Ontem (18), o gestor da Adeap, Carlos Neiva, juntamente com sua equipe t\u00e9cnica, visitou as instala\u00e7\u00f5es da feira em Juremal para acompanhar o andamento da montagem da estrutura. \u201cN\u00f3s estamos nos cercando de todos os cuidados para melhorar a cada edi\u00e7\u00e3o o padr\u00e3o de realiza\u00e7\u00e3o da Feira do Bode, isso tem sido uma marca importante na gest\u00e3o da prefeita Suzana Ramos. \u00c9 por isso que \u00e9 t\u00e3o importante ter uma equipe competente, comprometida e que compreende a dimens\u00e3o econ\u00f4mica, social e cultural desse evento tradicional\u201d, frisou o secret\u00e1rio Carlos Neiva.<\/p>\n<p style=\"font-weight: 400;\">A feira que tem como objetivo promover a valoriza\u00e7\u00e3o da cultura local e o fortalecimento da cadeia produtiva de caprinos e ovinos na regi\u00e3o, vai contar com a exposi\u00e7\u00e3o de cerca de 500 animais, entre caprinos e ovinos das mais variadas ra\u00e7as, al\u00e9m de torneios leiteiro e de pista, com premia\u00e7\u00e3o para os vencedores.<\/p>\n<p style=\"font-weight: 400;\">Programa\u00e7\u00e3o<\/p>\n<p style=\"font-weight: 400;\">A programa\u00e7\u00e3o n\u00e3o se limita aos dias de realiza\u00e7\u00e3o da feira, diversas a\u00e7\u00f5es da prefeitura, como oficinas de manipula\u00e7\u00e3o e conserva\u00e7\u00e3o de alimentos, orienta\u00e7\u00f5es sobre cr\u00e9dito rural, assist\u00eancia t\u00e9cnica, e apresenta\u00e7\u00f5es culturais j\u00e1 est\u00e3o acontecendo. Os alunos da Escola Municipal Graciosa Xavier Ramos, por exemplo, participaram de um ciclo de oficinas, durante esta semana, quando foram produzidos alguns produtos, que ser\u00e3o expostos durante a Feira. No s\u00e1bado, \u00e0s 10h30 e \u00e0s 17h30, eles se apresentar\u00e3o para o p\u00fablico.<\/p>\n<p style=\"font-weight: 400;\">Calend\u00e1rio<\/p>\n<p style=\"font-weight: 400;\">A Feira do Bode de Juremal \u00e9 a primeira de uma s\u00e9rie de seis feiras que ser\u00e3o realizadas em diferentes comunidades de Juazeiro ao longo do ano. A agenda das pr\u00f3ximas feiras pode ser conferida no site da prefeitura:\u00a0<a href=\"http:\/\/www.juazeiro.ba.gov.br\/\" data-saferedirecturl=\"https:\/\/www.google.com\/url?q=http:\/\/www.juazeiro.ba.gov.br&amp;source=gmail&amp;ust=1684583718139000&amp;usg=AOvVaw2oOeYV0U9Sa6ZghUhK0EkZ\">www.juazeiro.ba.gov.br<\/a>.<\/p>\n<p style=\"font-weight: 400;\">Confira a programa\u00e7\u00e3o da VII Feira do Bode de Juremal<\/p>\n<p style=\"font-weight: 400;\">SEXTA -FEIRA (19\/05)<\/p>\n<p style=\"font-weight: 400;\">16h &#8211; Abertura do parque para a recep\u00e7\u00e3o dos animais<br \/>\n18h &#8211; Acolhida dos Expositores<br \/>\n19h &#8211; Abertura do evento<br \/>\n20h &#8211; Atra\u00e7\u00e3o Musical \u2014 (Cidinho da Jurema)<br \/>\n20h &#8211; Inscri\u00e7\u00e3o das cabras participantes do Torneio Leiteiro<br \/>\n23h &#8211; Fechamento do Parque<\/p>\n<p style=\"font-weight: 400;\">S\u00c1BADO \u2014 (20\/05)<\/p>\n<p style=\"font-weight: 400;\">07h &#8211; Abertura do parque para recep\u00e7\u00e3o de animais<br \/>\n08h \u00e0s 22h &#8211; Exposi\u00e7\u00e3o e comercializa\u00e7\u00e3o de animais, artesanatos, produtos da culin\u00e1ria local e outros produtos, trabalhos tecnol\u00f3gicos, stands da educa\u00e7\u00e3o &#8211; Empreendedorismo em a\u00e7\u00e3o<br \/>\n10h &#8211; Atividade t\u00e9cnica<br \/>\n10h30 &#8211; Apresenta\u00e7\u00f5es dos alunos da Escola Graciosa Xavier Ramos<br \/>\n12h \u00e0s 14h &#8211; Inscri\u00e7\u00e3o dos animais para o Torneio de Pista<br \/>\n14h \u00e0s 19h &#8211; Julgamento do Torneio de Pista e entrega da premia\u00e7\u00e3o<br \/>\n14h \u00e0s 17h &#8211; Atra\u00e7\u00e3o Musical \u2014 Voz de Viol\u00e3o (Juana e Wilson Freitas)<br \/>\n17h30 &#8211; Ato Solene e apresenta\u00e7\u00e3o cultural das escolas Deputado Raimundo da Cunha Leite- Juremal e Graciosa Xavier Ramos\u00a0 &#8211; participa\u00e7\u00e3o dos estudantes<br \/>\n19h \u00e0s 02h &#8211; Atra\u00e7\u00f5es Musicais (Edinho e Banda e Matheus do Acordeom)<br \/>\n20h30 &#8211; Segunda Ordenha do Torneio Leiteiro<br \/>\n02h &#8211; Fechamento do Parque.<\/p>\n<p style=\"font-weight: 400;\">DOMINGO (21\/05)<\/p>\n<p style=\"font-weight: 400;\">07h &#8211; Abertura do Parque<br \/>\n08h30 &#8211; Terceira ordenha do Torneio Leiteiro<br \/>\n09h30 \u00e0s 12h &#8211; Exposi\u00e7\u00e3o e comercializa\u00e7\u00e3o dos animais<br \/>\n13h &#8211; Encerramento da Feira de Animais<br \/>\n15h \u00e0s 18h &#8211; Atra\u00e7\u00e3o Musical (Dudu Lima)<br \/>\n18h \u00e0s 21h \u2014 Atra\u00e7\u00e3o Musical (Skema 02)<\/p>\n<p style=\"font-weight: 400;\">OFICINAS<\/p>\n<p style=\"font-weight: 400;\">15\/05 \u2014 Oficina de boas pr\u00e1ticas de fabrica\u00e7\u00e3o de alimentos e armazenamento de alimentos<br \/>\nLocal: Teatro Municipal Jos\u00e9 Guilherme da Cunha em Juremal<br \/>\nHor\u00e1rio: 13h \u00e0s 17h.<\/p>\n<p style=\"font-weight: 400;\">18\/05 \u2014 Empreendedorismo em a\u00e7\u00e3o \u2014 Oficinas de Artes em doces, detergente ecol\u00f3gico, pintura em telha.<br \/>\nLocal: Escola Graciosa Xavier Ramos<br \/>\nHor\u00e1rio: 13h \u00e0s 17h<\/p>\n<p style=\"font-weight: 400;\">Texto e fotos: Rinaldo Lima &#8211; Ascom Adeap\/PMJ<\/p>\n<p style=\"font-weight: 400;\">\n","protected":false},"excerpt":{"rendered":"<p>A VII Feira do Bode de Juremal, um dos mais importantes eventos da caprinovinocultura de Juazeiro, come\u00e7a hoje e vai at\u00e9 o pr\u00f3ximo domingo (21), no Parque J. Neves. A feira \u00e9 uma iniciativa da Prefeitura de Juazeiro, atrav\u00e9s da Ag\u00eancia de Desenvolvimento Econ\u00f4mico, Agricultura e Pecu\u00e1ria (Adeap) em parceria com a Associa\u00e7\u00e3o de Desenvolvimento e A\u00e7\u00e3o Comunit\u00e1ria (Adac), Comiss\u00e3o Organizadora do Distrito de Juremal e o patroc\u00ednio do Banco do Nordeste e Governo Federal. Ontem (18), o gestor da Adeap, Carlos Neiva, juntamente com sua equipe t\u00e9cnica, visitou as instala\u00e7\u00f5es da feira em Juremal para acompanhar o andamento da montagem da estrutura. \u201cN\u00f3s estamos nos cercando de todos os cuidados para melhorar a cada edi\u00e7\u00e3o o padr\u00e3o de realiza\u00e7\u00e3o&hellip; <\/p>\n","protected":false},"author":2,"featured_media":340716,"comment_status":"open","ping_status":"open","sticky":false,"template":"","format":"standard","meta":{"_acf_changed":false,"footnotes":""},"categories":[55],"tags":[],"class_list":["post-340973","post","type-post","status-publish","format-standard","has-post-thumbnail","hentry","category-agropecuaria"],"acf":[],"yoast_head":"<!-- This site is optimized with the Yoast SEO plugin v27.4 - https:\/\/yoast.com\/product\/yoast-seo-wordpress\/ -->\n<title>VII Feira do Bode de Juremal come\u00e7a hoje. Anote a programa\u00e7\u00e3o at\u00e9 domingo - Blog do Farn\u00e9sio<\/title>\n<meta name=\"robots\" content=\"index, follow, max-snippet:-1, max-image-preview:large, max-video-preview:-1\" \/>\n<link rel=\"canonical\" href=\"https:\/\/blogdofarnesio.com.br\/?p=340973\" \/>\n<meta property=\"og:locale\" content=\"pt_BR\" \/>\n<meta property=\"og:type\" content=\"article\" \/>\n<meta property=\"og:title\" content=\"VII Feira do Bode de Juremal come\u00e7a hoje. Anote a programa\u00e7\u00e3o at\u00e9 domingo - Blog do Farn\u00e9sio\" \/>\n<meta property=\"og:description\" content=\"A VII Feira do Bode de Juremal, um dos mais importantes eventos da caprinovinocultura de Juazeiro, come\u00e7a hoje e vai at\u00e9 o pr\u00f3ximo domingo (21), no Parque J. Neves. A feira \u00e9 uma iniciativa da Prefeitura de Juazeiro, atrav\u00e9s da Ag\u00eancia de Desenvolvimento Econ\u00f4mico, Agricultura e Pecu\u00e1ria (Adeap) em parceria com a Associa\u00e7\u00e3o de Desenvolvimento e A\u00e7\u00e3o Comunit\u00e1ria (Adac), Comiss\u00e3o Organizadora do Distrito de Juremal e o patroc\u00ednio do Banco do Nordeste e Governo Federal. Ontem (18), o gestor da Adeap, Carlos Neiva, juntamente com sua equipe t\u00e9cnica, visitou as instala\u00e7\u00f5es da feira em Juremal para acompanhar o andamento da montagem da estrutura. \u201cN\u00f3s estamos nos cercando de todos os cuidados para melhorar a cada edi\u00e7\u00e3o o padr\u00e3o de realiza\u00e7\u00e3o&hellip;\" \/>\n<meta property=\"og:url\" content=\"https:\/\/blogdofarnesio.com.br\/?p=340973\" \/>\n<meta property=\"og:site_name\" content=\"Blog do Farn\u00e9sio\" \/>\n<meta property=\"article:publisher\" content=\"https:\/\/www.facebook.com\/BlogQuerSaberPolitica\/\" \/>\n<meta property=\"article:author\" content=\"https:\/\/www.facebook.com\/?ref=tn_tnmn\" \/>\n<meta property=\"article:published_time\" content=\"2023-05-19T14:04:00+00:00\" \/>\n<meta property=\"og:image\" content=\"https:\/\/blogdofarnesio.com.br\/wp-content\/uploads\/2023\/05\/blogqspjua-feira-bode-juremal-e1684238893656.jpeg\" \/>\n\t<meta property=\"og:image:width\" content=\"680\" \/>\n\t<meta property=\"og:image:height\" content=\"580\" \/>\n\t<meta property=\"og:image:type\" content=\"image\/jpeg\" \/>\n<meta name=\"author\" content=\"Farn\u00e9sio\" \/>\n<meta name=\"twitter:card\" content=\"summary_large_image\" \/>\n<meta name=\"twitter:label1\" content=\"Escrito por\" \/>\n\t<meta name=\"twitter:data1\" content=\"Farn\u00e9sio\" \/>\n\t<meta name=\"twitter:label2\" content=\"Est. tempo de leitura\" \/>\n\t<meta name=\"twitter:data2\" content=\"4 minutos\" \/>\n<script type=\"application\/ld+json\" class=\"yoast-schema-graph\">{\"@context\":\"https:\\\/\\\/schema.org\",\"@graph\":[{\"@type\":\"Article\",\"@id\":\"https:\\\/\\\/blogdofarnesio.com.br\\\/?p=340973#article\",\"isPartOf\":{\"@id\":\"https:\\\/\\\/blogdofarnesio.com.br\\\/?p=340973\"},\"author\":{\"name\":\"Farn\u00e9sio\",\"@id\":\"https:\\\/\\\/blogdofarnesio.com.br\\\/#\\\/schema\\\/person\\\/bb9b23ae3ad0609ce8df7b6c9e76824d\"},\"headline\":\"VII Feira do Bode de Juremal come\u00e7a hoje. Anote a programa\u00e7\u00e3o at\u00e9 domingo\",\"datePublished\":\"2023-05-19T14:04:00+00:00\",\"mainEntityOfPage\":{\"@id\":\"https:\\\/\\\/blogdofarnesio.com.br\\\/?p=340973\"},\"wordCount\":720,\"commentCount\":0,\"publisher\":{\"@id\":\"https:\\\/\\\/blogdofarnesio.com.br\\\/#organization\"},\"image\":{\"@id\":\"https:\\\/\\\/blogdofarnesio.com.br\\\/?p=340973#primaryimage\"},\"thumbnailUrl\":\"https:\\\/\\\/blogdofarnesio.com.br\\\/wp-content\\\/uploads\\\/2023\\\/05\\\/blogqspjua-feira-bode-juremal-e1684238893656.jpeg\",\"articleSection\":[\"Agropecu\u00e1ria\"],\"inLanguage\":\"pt-BR\",\"potentialAction\":[{\"@type\":\"CommentAction\",\"name\":\"Comment\",\"target\":[\"https:\\\/\\\/blogdofarnesio.com.br\\\/?p=340973#respond\"]}]},{\"@type\":\"WebPage\",\"@id\":\"https:\\\/\\\/blogdofarnesio.com.br\\\/?p=340973\",\"url\":\"https:\\\/\\\/blogdofarnesio.com.br\\\/?p=340973\",\"name\":\"VII Feira do Bode de Juremal come\u00e7a hoje. Anote a programa\u00e7\u00e3o at\u00e9 domingo - Blog do Farn\u00e9sio\",\"isPartOf\":{\"@id\":\"https:\\\/\\\/blogdofarnesio.com.br\\\/#website\"},\"primaryImageOfPage\":{\"@id\":\"https:\\\/\\\/blogdofarnesio.com.br\\\/?p=340973#primaryimage\"},\"image\":{\"@id\":\"https:\\\/\\\/blogdofarnesio.com.br\\\/?p=340973#primaryimage\"},\"thumbnailUrl\":\"https:\\\/\\\/blogdofarnesio.com.br\\\/wp-content\\\/uploads\\\/2023\\\/05\\\/blogqspjua-feira-bode-juremal-e1684238893656.jpeg\",\"datePublished\":\"2023-05-19T14:04:00+00:00\",\"breadcrumb\":{\"@id\":\"https:\\\/\\\/blogdofarnesio.com.br\\\/?p=340973#breadcrumb\"},\"inLanguage\":\"pt-BR\",\"potentialAction\":[{\"@type\":\"ReadAction\",\"target\":[\"https:\\\/\\\/blogdofarnesio.com.br\\\/?p=340973\"]}]},{\"@type\":\"ImageObject\",\"inLanguage\":\"pt-BR\",\"@id\":\"https:\\\/\\\/blogdofarnesio.com.br\\\/?p=340973#primaryimage\",\"url\":\"https:\\\/\\\/blogdofarnesio.com.br\\\/wp-content\\\/uploads\\\/2023\\\/05\\\/blogqspjua-feira-bode-juremal-e1684238893656.jpeg\",\"contentUrl\":\"https:\\\/\\\/blogdofarnesio.com.br\\\/wp-content\\\/uploads\\\/2023\\\/05\\\/blogqspjua-feira-bode-juremal-e1684238893656.jpeg\",\"width\":680,\"height\":580},{\"@type\":\"BreadcrumbList\",\"@id\":\"https:\\\/\\\/blogdofarnesio.com.br\\\/?p=340973#breadcrumb\",\"itemListElement\":[{\"@type\":\"ListItem\",\"position\":1,\"name\":\"In\u00edcio\",\"item\":\"https:\\\/\\\/blogdofarnesio.com.br\\\/\"},{\"@type\":\"ListItem\",\"position\":2,\"name\":\"VII Feira do Bode de Juremal come\u00e7a hoje. Anote a programa\u00e7\u00e3o at\u00e9 domingo\"}]},{\"@type\":\"WebSite\",\"@id\":\"https:\\\/\\\/blogdofarnesio.com.br\\\/#website\",\"url\":\"https:\\\/\\\/blogdofarnesio.com.br\\\/\",\"name\":\"Blog do Farn\u00e9sio\",\"description\":\"Quer Saber Pol\u00edtica?\",\"publisher\":{\"@id\":\"https:\\\/\\\/blogdofarnesio.com.br\\\/#organization\"},\"potentialAction\":[{\"@type\":\"SearchAction\",\"target\":{\"@type\":\"EntryPoint\",\"urlTemplate\":\"https:\\\/\\\/blogdofarnesio.com.br\\\/?s={search_term_string}\"},\"query-input\":{\"@type\":\"PropertyValueSpecification\",\"valueRequired\":true,\"valueName\":\"search_term_string\"}}],\"inLanguage\":\"pt-BR\"},{\"@type\":\"Organization\",\"@id\":\"https:\\\/\\\/blogdofarnesio.com.br\\\/#organization\",\"name\":\"Blog do Farn\u00e9sio\",\"url\":\"https:\\\/\\\/blogdofarnesio.com.br\\\/\",\"logo\":{\"@type\":\"ImageObject\",\"inLanguage\":\"pt-BR\",\"@id\":\"https:\\\/\\\/blogdofarnesio.com.br\\\/#\\\/schema\\\/logo\\\/image\\\/\",\"url\":\"https:\\\/\\\/blogdofarnesio.com.br\\\/wp-content\\\/uploads\\\/2026\\\/03\\\/cropped-logo_new-1.png\",\"contentUrl\":\"https:\\\/\\\/blogdofarnesio.com.br\\\/wp-content\\\/uploads\\\/2026\\\/03\\\/cropped-logo_new-1.png\",\"width\":881,\"height\":685,\"caption\":\"Blog do Farn\u00e9sio\"},\"image\":{\"@id\":\"https:\\\/\\\/blogdofarnesio.com.br\\\/#\\\/schema\\\/logo\\\/image\\\/\"},\"sameAs\":[\"https:\\\/\\\/www.facebook.com\\\/BlogQuerSaberPolitica\\\/\"]},{\"@type\":\"Person\",\"@id\":\"https:\\\/\\\/blogdofarnesio.com.br\\\/#\\\/schema\\\/person\\\/bb9b23ae3ad0609ce8df7b6c9e76824d\",\"name\":\"Farn\u00e9sio\",\"image\":{\"@type\":\"ImageObject\",\"inLanguage\":\"pt-BR\",\"@id\":\"https:\\\/\\\/secure.gravatar.com\\\/avatar\\\/986aa4c61ccdb66f8555bf88fc2a65609d00bcabd4d2d94377a727547345cbca?s=96&d=mm&r=g\",\"url\":\"https:\\\/\\\/secure.gravatar.com\\\/avatar\\\/986aa4c61ccdb66f8555bf88fc2a65609d00bcabd4d2d94377a727547345cbca?s=96&d=mm&r=g\",\"contentUrl\":\"https:\\\/\\\/secure.gravatar.com\\\/avatar\\\/986aa4c61ccdb66f8555bf88fc2a65609d00bcabd4d2d94377a727547345cbca?s=96&d=mm&r=g\",\"caption\":\"Farn\u00e9sio\"},\"description\":\"Radialista blogueiro, chegou a Petrolina\\\/Juazeiro em setembro de 1980, Farn\u00e9sio Silva \u00e9 de Arapiraca-Alagoas.\",\"sameAs\":[\"http:\\\/\\\/blogdofarnesio.com.br\",\"https:\\\/\\\/www.facebook.com\\\/?ref=tn_tnmn\",\"https:\\\/\\\/www.instagram.com\\\/?utm_source=pwa_homescreen\",\"https:\\\/\\\/youtube.com.br\\\/\"],\"url\":\"https:\\\/\\\/blogdofarnesio.com.br\\\/?author=2\"}]}<\/script>\n<!-- \/ Yoast SEO plugin. -->","yoast_head_json":{"title":"VII Feira do Bode de Juremal come\u00e7a hoje. Anote a programa\u00e7\u00e3o at\u00e9 domingo - Blog do Farn\u00e9sio","robots":{"index":"index","follow":"follow","max-snippet":"max-snippet:-1","max-image-preview":"max-image-preview:large","max-video-preview":"max-video-preview:-1"},"canonical":"https:\/\/blogdofarnesio.com.br\/?p=340973","og_locale":"pt_BR","og_type":"article","og_title":"VII Feira do Bode de Juremal come\u00e7a hoje. Anote a programa\u00e7\u00e3o at\u00e9 domingo - Blog do Farn\u00e9sio","og_description":"A VII Feira do Bode de Juremal, um dos mais importantes eventos da caprinovinocultura de Juazeiro, come\u00e7a hoje e vai at\u00e9 o pr\u00f3ximo domingo (21), no Parque J. Neves. A feira \u00e9 uma iniciativa da Prefeitura de Juazeiro, atrav\u00e9s da Ag\u00eancia de Desenvolvimento Econ\u00f4mico, Agricultura e Pecu\u00e1ria (Adeap) em parceria com a Associa\u00e7\u00e3o de Desenvolvimento e A\u00e7\u00e3o Comunit\u00e1ria (Adac), Comiss\u00e3o Organizadora do Distrito de Juremal e o patroc\u00ednio do Banco do Nordeste e Governo Federal. Ontem (18), o gestor da Adeap, Carlos Neiva, juntamente com sua equipe t\u00e9cnica, visitou as instala\u00e7\u00f5es da feira em Juremal para acompanhar o andamento da montagem da estrutura. \u201cN\u00f3s estamos nos cercando de todos os cuidados para melhorar a cada edi\u00e7\u00e3o o padr\u00e3o de realiza\u00e7\u00e3o&hellip;","og_url":"https:\/\/blogdofarnesio.com.br\/?p=340973","og_site_name":"Blog do Farn\u00e9sio","article_publisher":"https:\/\/www.facebook.com\/BlogQuerSaberPolitica\/","article_author":"https:\/\/www.facebook.com\/?ref=tn_tnmn","article_published_time":"2023-05-19T14:04:00+00:00","og_image":[{"width":680,"height":580,"url":"https:\/\/blogdofarnesio.com.br\/wp-content\/uploads\/2023\/05\/blogqspjua-feira-bode-juremal-e1684238893656.jpeg","type":"image\/jpeg"}],"author":"Farn\u00e9sio","twitter_card":"summary_large_image","twitter_misc":{"Escrito por":"Farn\u00e9sio","Est. tempo de leitura":"4 minutos"},"schema":{"@context":"https:\/\/schema.org","@graph":[{"@type":"Article","@id":"https:\/\/blogdofarnesio.com.br\/?p=340973#article","isPartOf":{"@id":"https:\/\/blogdofarnesio.com.br\/?p=340973"},"author":{"name":"Farn\u00e9sio","@id":"https:\/\/blogdofarnesio.com.br\/#\/schema\/person\/bb9b23ae3ad0609ce8df7b6c9e76824d"},"headline":"VII Feira do Bode de Juremal come\u00e7a hoje. Anote a programa\u00e7\u00e3o at\u00e9 domingo","datePublished":"2023-05-19T14:04:00+00:00","mainEntityOfPage":{"@id":"https:\/\/blogdofarnesio.com.br\/?p=340973"},"wordCount":720,"commentCount":0,"publisher":{"@id":"https:\/\/blogdofarnesio.com.br\/#organization"},"image":{"@id":"https:\/\/blogdofarnesio.com.br\/?p=340973#primaryimage"},"thumbnailUrl":"https:\/\/blogdofarnesio.com.br\/wp-content\/uploads\/2023\/05\/blogqspjua-feira-bode-juremal-e1684238893656.jpeg","articleSection":["Agropecu\u00e1ria"],"inLanguage":"pt-BR","potentialAction":[{"@type":"CommentAction","name":"Comment","target":["https:\/\/blogdofarnesio.com.br\/?p=340973#respond"]}]},{"@type":"WebPage","@id":"https:\/\/blogdofarnesio.com.br\/?p=340973","url":"https:\/\/blogdofarnesio.com.br\/?p=340973","name":"VII Feira do Bode de Juremal come\u00e7a hoje. Anote a programa\u00e7\u00e3o at\u00e9 domingo - Blog do Farn\u00e9sio","isPartOf":{"@id":"https:\/\/blogdofarnesio.com.br\/#website"},"primaryImageOfPage":{"@id":"https:\/\/blogdofarnesio.com.br\/?p=340973#primaryimage"},"image":{"@id":"https:\/\/blogdofarnesio.com.br\/?p=340973#primaryimage"},"thumbnailUrl":"https:\/\/blogdofarnesio.com.br\/wp-content\/uploads\/2023\/05\/blogqspjua-feira-bode-juremal-e1684238893656.jpeg","datePublished":"2023-05-19T14:04:00+00:00","breadcrumb":{"@id":"https:\/\/blogdofarnesio.com.br\/?p=340973#breadcrumb"},"inLanguage":"pt-BR","potentialAction":[{"@type":"ReadAction","target":["https:\/\/blogdofarnesio.com.br\/?p=340973"]}]},{"@type":"ImageObject","inLanguage":"pt-BR","@id":"https:\/\/blogdofarnesio.com.br\/?p=340973#primaryimage","url":"https:\/\/blogdofarnesio.com.br\/wp-content\/uploads\/2023\/05\/blogqspjua-feira-bode-juremal-e1684238893656.jpeg","contentUrl":"https:\/\/blogdofarnesio.com.br\/wp-content\/uploads\/2023\/05\/blogqspjua-feira-bode-juremal-e1684238893656.jpeg","width":680,"height":580},{"@type":"BreadcrumbList","@id":"https:\/\/blogdofarnesio.com.br\/?p=340973#breadcrumb","itemListElement":[{"@type":"ListItem","position":1,"name":"In\u00edcio","item":"https:\/\/blogdofarnesio.com.br\/"},{"@type":"ListItem","position":2,"name":"VII Feira do Bode de Juremal come\u00e7a hoje. Anote a programa\u00e7\u00e3o at\u00e9 domingo"}]},{"@type":"WebSite","@id":"https:\/\/blogdofarnesio.com.br\/#website","url":"https:\/\/blogdofarnesio.com.br\/","name":"Blog do Farn\u00e9sio","description":"Quer Saber Pol\u00edtica?","publisher":{"@id":"https:\/\/blogdofarnesio.com.br\/#organization"},"potentialAction":[{"@type":"SearchAction","target":{"@type":"EntryPoint","urlTemplate":"https:\/\/blogdofarnesio.com.br\/?s={search_term_string}"},"query-input":{"@type":"PropertyValueSpecification","valueRequired":true,"valueName":"search_term_string"}}],"inLanguage":"pt-BR"},{"@type":"Organization","@id":"https:\/\/blogdofarnesio.com.br\/#organization","name":"Blog do Farn\u00e9sio","url":"https:\/\/blogdofarnesio.com.br\/","logo":{"@type":"ImageObject","inLanguage":"pt-BR","@id":"https:\/\/blogdofarnesio.com.br\/#\/schema\/logo\/image\/","url":"https:\/\/blogdofarnesio.com.br\/wp-content\/uploads\/2026\/03\/cropped-logo_new-1.png","contentUrl":"https:\/\/blogdofarnesio.com.br\/wp-content\/uploads\/2026\/03\/cropped-logo_new-1.png","width":881,"height":685,"caption":"Blog do Farn\u00e9sio"},"image":{"@id":"https:\/\/blogdofarnesio.com.br\/#\/schema\/logo\/image\/"},"sameAs":["https:\/\/www.facebook.com\/BlogQuerSaberPolitica\/"]},{"@type":"Person","@id":"https:\/\/blogdofarnesio.com.br\/#\/schema\/person\/bb9b23ae3ad0609ce8df7b6c9e76824d","name":"Farn\u00e9sio","image":{"@type":"ImageObject","inLanguage":"pt-BR","@id":"https:\/\/secure.gravatar.com\/avatar\/986aa4c61ccdb66f8555bf88fc2a65609d00bcabd4d2d94377a727547345cbca?s=96&d=mm&r=g","url":"https:\/\/secure.gravatar.com\/avatar\/986aa4c61ccdb66f8555bf88fc2a65609d00bcabd4d2d94377a727547345cbca?s=96&d=mm&r=g","contentUrl":"https:\/\/secure.gravatar.com\/avatar\/986aa4c61ccdb66f8555bf88fc2a65609d00bcabd4d2d94377a727547345cbca?s=96&d=mm&r=g","caption":"Farn\u00e9sio"},"description":"Radialista blogueiro, chegou a Petrolina\/Juazeiro em setembro de 1980, Farn\u00e9sio Silva \u00e9 de Arapiraca-Alagoas.","sameAs":["http:\/\/blogdofarnesio.com.br","https:\/\/www.facebook.com\/?ref=tn_tnmn","https:\/\/www.instagram.com\/?utm_source=pwa_homescreen","https:\/\/youtube.com.br\/"],"url":"https:\/\/blogdofarnesio.com.br\/?author=2"}]}},"_links":{"self":[{"href":"https:\/\/blogdofarnesio.com.br\/index.php?rest_route=\/wp\/v2\/posts\/340973","targetHints":{"allow":["GET"]}}],"collection":[{"href":"https:\/\/blogdofarnesio.com.br\/index.php?rest_route=\/wp\/v2\/posts"}],"about":[{"href":"https:\/\/blogdofarnesio.com.br\/index.php?rest_route=\/wp\/v2\/types\/post"}],"author":[{"embeddable":true,"href":"https:\/\/blogdofarnesio.com.br\/index.php?rest_route=\/wp\/v2\/users\/2"}],"replies":[{"embeddable":true,"href":"https:\/\/blogdofarnesio.com.br\/index.php?rest_route=%2Fwp%2Fv2%2Fcomments&post=340973"}],"version-history":[{"count":0,"href":"https:\/\/blogdofarnesio.com.br\/index.php?rest_route=\/wp\/v2\/posts\/340973\/revisions"}],"wp:featuredmedia":[{"embeddable":true,"href":"https:\/\/blogdofarnesio.com.br\/index.php?rest_route=\/wp\/v2\/media\/340716"}],"wp:attachment":[{"href":"https:\/\/blogdofarnesio.com.br\/index.php?rest_route=%2Fwp%2Fv2%2Fmedia&parent=340973"}],"wp:term":[{"taxonomy":"category","embeddable":true,"href":"https:\/\/blogdofarnesio.com.br\/index.php?rest_route=%2Fwp%2Fv2%2Fcategories&post=340973"},{"taxonomy":"post_tag","embeddable":true,"href":"https:\/\/blogdofarnesio.com.br\/index.php?rest_route=%2Fwp%2Fv2%2Ftags&post=340973"}],"curies":[{"name":"wp","href":"https:\/\/api.w.org\/{rel}","templated":true}]}}