{"id":340959,"date":"2023-05-19T10:03:53","date_gmt":"2023-05-19T13:03:53","guid":{"rendered":"https:\/\/blogdofarnesio.com.br\/?p=340959"},"modified":"2023-05-18T19:31:44","modified_gmt":"2023-05-18T22:31:44","slug":"univasf-divulga-edital-de-programa-de-mobilidade-academica-em-convenio-com-a-andifes","status":"publish","type":"post","link":"https:\/\/blogdofarnesio.com.br\/?p=340959","title":{"rendered":"Univasf divulga edital de Programa de Mobilidade Acad\u00eamica em conv\u00eanio com a Andifes"},"content":{"rendered":"<div id=\"viewlet-below-content-title\">\n<div id=\"plone-document-byline\" class=\"documentByLine\">\n<div>Nicole Muniz\u00a0 &#8211;<\/div>\n<\/div>\n<\/div>\n<div>\n<p>A Universidade Federal do Vale do S\u00e3o Francisco (Univasf), por meio da Pr\u00f3-Reitoria de Ensino (Proen), lan\u00e7ou edital do processo seletivo para o Programa Andifes de Mobilidade Acad\u00eamica. A sele\u00e7\u00e3o \u00e9 destinada a estudantes de Institui\u00e7\u00f5es Federais de Ensino Superior (Ifes) participantes do conv\u00eanio da Associa\u00e7\u00e3o Nacional dos Dirigentes das Ifes (Andifes) interessados em cursar o semestre letivo 2023.1 da Univasf, que ter\u00e1 in\u00edcio em 4 de setembro.<\/p>\n<p>As inscri\u00e7\u00f5es para a sele\u00e7\u00e3o poder\u00e3o ser realizadas por e-mail, no per\u00edodo de 10 a 20 de junho, pela institui\u00e7\u00e3o de origem do candidato. A documenta\u00e7\u00e3o exigida est\u00e1 listada no\u00a0<a class=\"internal-link\" title=\"\" href=\"https:\/\/portais.univasf.edu.br\/noticias\/Edital_n_09PROEN2023_de_16_05_2023_Mobilidade_Academica_Nacional_ANDIFESAssinadoem17.05.2023.pdf\" target=\"_blank\" rel=\"noopener\">Edital N\u00ba 9\/2023<\/a>. Podem participar os discentes regularmente matriculados e com v\u00ednculo ativo em um curso de gradua\u00e7\u00e3o em uma das Ifes participantes do conv\u00eanio. Entre os requisitos exigidos para participa\u00e7\u00e3o no programa est\u00e3o ter conclu\u00eddo no m\u00ednimo vinte por cento da carga hor\u00e1ria exigida no curso de origem e possuir no m\u00e1ximo duas reprova\u00e7\u00f5es nos dois per\u00edodos letivos ativos que antecedem o pedido de mobilidade.<\/p>\n<p>O Programa Andifes de Mobilidade Acad\u00eamica possui o objetivo de promover uma coopera\u00e7\u00e3o entre as Institui\u00e7\u00f5es Federais de Ensino Superior, por meio da participa\u00e7\u00e3o de discentes em atividades curriculares junto \u00e0s institui\u00e7\u00f5es conveniadas. As Ifes participantes do Programa de Mobilidade Acad\u00eamica constam no site da\u00a0<a href=\"https:\/\/www.andifes.org.br\/?page_id=63328\" target=\"_blank\" rel=\"noopener\">Andifes<\/a>.<\/p>\n<\/div>\n","protected":false},"excerpt":{"rendered":"<p>Nicole Muniz\u00a0 &#8211; A Universidade Federal do Vale do S\u00e3o Francisco (Univasf), por meio da Pr\u00f3-Reitoria de Ensino (Proen), lan\u00e7ou edital do processo seletivo para o Programa Andifes de Mobilidade Acad\u00eamica. A sele\u00e7\u00e3o \u00e9 destinada a estudantes de Institui\u00e7\u00f5es Federais de Ensino Superior (Ifes) participantes do conv\u00eanio da Associa\u00e7\u00e3o Nacional dos Dirigentes das Ifes (Andifes) interessados em cursar o semestre letivo 2023.1 da Univasf, que ter\u00e1 in\u00edcio em 4 de setembro. As inscri\u00e7\u00f5es para a sele\u00e7\u00e3o poder\u00e3o ser realizadas por e-mail, no per\u00edodo de 10 a 20 de junho, pela institui\u00e7\u00e3o de origem do candidato. A documenta\u00e7\u00e3o exigida est\u00e1 listada no\u00a0Edital N\u00ba 9\/2023. Podem participar os discentes regularmente matriculados e com v\u00ednculo ativo em um curso de gradua\u00e7\u00e3o em uma&hellip; <\/p>\n","protected":false},"author":2,"featured_media":340960,"comment_status":"open","ping_status":"open","sticky":false,"template":"","format":"standard","meta":{"_acf_changed":false,"footnotes":""},"categories":[6],"tags":[],"class_list":["post-340959","post","type-post","status-publish","format-standard","has-post-thumbnail","hentry","category-educacao"],"acf":[],"yoast_head":"<!-- This site is optimized with the Yoast SEO plugin v27.4 - https:\/\/yoast.com\/product\/yoast-seo-wordpress\/ -->\n<title>Univasf divulga edital de Programa de Mobilidade Acad\u00eamica em conv\u00eanio com a Andifes - Blog do Farn\u00e9sio<\/title>\n<meta name=\"robots\" content=\"index, follow, max-snippet:-1, max-image-preview:large, max-video-preview:-1\" \/>\n<link rel=\"canonical\" href=\"https:\/\/blogdofarnesio.com.br\/?p=340959\" \/>\n<meta property=\"og:locale\" content=\"pt_BR\" \/>\n<meta property=\"og:type\" content=\"article\" \/>\n<meta property=\"og:title\" content=\"Univasf divulga edital de Programa de Mobilidade Acad\u00eamica em conv\u00eanio com a Andifes - Blog do Farn\u00e9sio\" \/>\n<meta property=\"og:description\" content=\"Nicole Muniz\u00a0 &#8211; A Universidade Federal do Vale do S\u00e3o Francisco (Univasf), por meio da Pr\u00f3-Reitoria de Ensino (Proen), lan\u00e7ou edital do processo seletivo para o Programa Andifes de Mobilidade Acad\u00eamica. A sele\u00e7\u00e3o \u00e9 destinada a estudantes de Institui\u00e7\u00f5es Federais de Ensino Superior (Ifes) participantes do conv\u00eanio da Associa\u00e7\u00e3o Nacional dos Dirigentes das Ifes (Andifes) interessados em cursar o semestre letivo 2023.1 da Univasf, que ter\u00e1 in\u00edcio em 4 de setembro. As inscri\u00e7\u00f5es para a sele\u00e7\u00e3o poder\u00e3o ser realizadas por e-mail, no per\u00edodo de 10 a 20 de junho, pela institui\u00e7\u00e3o de origem do candidato. A documenta\u00e7\u00e3o exigida est\u00e1 listada no\u00a0Edital N\u00ba 9\/2023. Podem participar os discentes regularmente matriculados e com v\u00ednculo ativo em um curso de gradua\u00e7\u00e3o em uma&hellip;\" \/>\n<meta property=\"og:url\" content=\"https:\/\/blogdofarnesio.com.br\/?p=340959\" \/>\n<meta property=\"og:site_name\" content=\"Blog do Farn\u00e9sio\" \/>\n<meta property=\"article:publisher\" content=\"https:\/\/www.facebook.com\/BlogQuerSaberPolitica\/\" \/>\n<meta property=\"article:author\" content=\"https:\/\/www.facebook.com\/?ref=tn_tnmn\" \/>\n<meta property=\"article:published_time\" content=\"2023-05-19T13:03:53+00:00\" \/>\n<meta property=\"og:image\" content=\"https:\/\/blogdofarnesio.com.br\/wp-content\/uploads\/2023\/05\/blogqspunivasf-MobilidadeAcadmicaNacionalConvnioAndifes-e1684448060591.jpg\" \/>\n\t<meta property=\"og:image:width\" content=\"480\" \/>\n\t<meta property=\"og:image:height\" content=\"351\" \/>\n\t<meta property=\"og:image:type\" content=\"image\/jpeg\" \/>\n<meta name=\"author\" content=\"Farn\u00e9sio\" \/>\n<meta name=\"twitter:card\" content=\"summary_large_image\" \/>\n<meta name=\"twitter:label1\" content=\"Escrito por\" \/>\n\t<meta name=\"twitter:data1\" content=\"Farn\u00e9sio\" \/>\n\t<meta name=\"twitter:label2\" content=\"Est. tempo de leitura\" \/>\n\t<meta name=\"twitter:data2\" content=\"2 minutos\" \/>\n<script type=\"application\/ld+json\" class=\"yoast-schema-graph\">{\"@context\":\"https:\\\/\\\/schema.org\",\"@graph\":[{\"@type\":\"Article\",\"@id\":\"https:\\\/\\\/blogdofarnesio.com.br\\\/?p=340959#article\",\"isPartOf\":{\"@id\":\"https:\\\/\\\/blogdofarnesio.com.br\\\/?p=340959\"},\"author\":{\"name\":\"Farn\u00e9sio\",\"@id\":\"https:\\\/\\\/blogdofarnesio.com.br\\\/#\\\/schema\\\/person\\\/bb9b23ae3ad0609ce8df7b6c9e76824d\"},\"headline\":\"Univasf divulga edital de Programa de Mobilidade Acad\u00eamica em conv\u00eanio com a Andifes\",\"datePublished\":\"2023-05-19T13:03:53+00:00\",\"mainEntityOfPage\":{\"@id\":\"https:\\\/\\\/blogdofarnesio.com.br\\\/?p=340959\"},\"wordCount\":254,\"commentCount\":0,\"publisher\":{\"@id\":\"https:\\\/\\\/blogdofarnesio.com.br\\\/#organization\"},\"image\":{\"@id\":\"https:\\\/\\\/blogdofarnesio.com.br\\\/?p=340959#primaryimage\"},\"thumbnailUrl\":\"https:\\\/\\\/blogdofarnesio.com.br\\\/wp-content\\\/uploads\\\/2023\\\/05\\\/blogqspunivasf-MobilidadeAcadmicaNacionalConvnioAndifes-e1684448060591.jpg\",\"articleSection\":[\"Educa\u00e7\u00e3o\"],\"inLanguage\":\"pt-BR\",\"potentialAction\":[{\"@type\":\"CommentAction\",\"name\":\"Comment\",\"target\":[\"https:\\\/\\\/blogdofarnesio.com.br\\\/?p=340959#respond\"]}]},{\"@type\":\"WebPage\",\"@id\":\"https:\\\/\\\/blogdofarnesio.com.br\\\/?p=340959\",\"url\":\"https:\\\/\\\/blogdofarnesio.com.br\\\/?p=340959\",\"name\":\"Univasf divulga edital de Programa de Mobilidade Acad\u00eamica em conv\u00eanio com a Andifes - Blog do Farn\u00e9sio\",\"isPartOf\":{\"@id\":\"https:\\\/\\\/blogdofarnesio.com.br\\\/#website\"},\"primaryImageOfPage\":{\"@id\":\"https:\\\/\\\/blogdofarnesio.com.br\\\/?p=340959#primaryimage\"},\"image\":{\"@id\":\"https:\\\/\\\/blogdofarnesio.com.br\\\/?p=340959#primaryimage\"},\"thumbnailUrl\":\"https:\\\/\\\/blogdofarnesio.com.br\\\/wp-content\\\/uploads\\\/2023\\\/05\\\/blogqspunivasf-MobilidadeAcadmicaNacionalConvnioAndifes-e1684448060591.jpg\",\"datePublished\":\"2023-05-19T13:03:53+00:00\",\"breadcrumb\":{\"@id\":\"https:\\\/\\\/blogdofarnesio.com.br\\\/?p=340959#breadcrumb\"},\"inLanguage\":\"pt-BR\",\"potentialAction\":[{\"@type\":\"ReadAction\",\"target\":[\"https:\\\/\\\/blogdofarnesio.com.br\\\/?p=340959\"]}]},{\"@type\":\"ImageObject\",\"inLanguage\":\"pt-BR\",\"@id\":\"https:\\\/\\\/blogdofarnesio.com.br\\\/?p=340959#primaryimage\",\"url\":\"https:\\\/\\\/blogdofarnesio.com.br\\\/wp-content\\\/uploads\\\/2023\\\/05\\\/blogqspunivasf-MobilidadeAcadmicaNacionalConvnioAndifes-e1684448060591.jpg\",\"contentUrl\":\"https:\\\/\\\/blogdofarnesio.com.br\\\/wp-content\\\/uploads\\\/2023\\\/05\\\/blogqspunivasf-MobilidadeAcadmicaNacionalConvnioAndifes-e1684448060591.jpg\",\"width\":480,\"height\":351},{\"@type\":\"BreadcrumbList\",\"@id\":\"https:\\\/\\\/blogdofarnesio.com.br\\\/?p=340959#breadcrumb\",\"itemListElement\":[{\"@type\":\"ListItem\",\"position\":1,\"name\":\"In\u00edcio\",\"item\":\"https:\\\/\\\/blogdofarnesio.com.br\\\/\"},{\"@type\":\"ListItem\",\"position\":2,\"name\":\"Univasf divulga edital de Programa de Mobilidade Acad\u00eamica em conv\u00eanio com a Andifes\"}]},{\"@type\":\"WebSite\",\"@id\":\"https:\\\/\\\/blogdofarnesio.com.br\\\/#website\",\"url\":\"https:\\\/\\\/blogdofarnesio.com.br\\\/\",\"name\":\"Blog do Farn\u00e9sio\",\"description\":\"Quer Saber Pol\u00edtica?\",\"publisher\":{\"@id\":\"https:\\\/\\\/blogdofarnesio.com.br\\\/#organization\"},\"potentialAction\":[{\"@type\":\"SearchAction\",\"target\":{\"@type\":\"EntryPoint\",\"urlTemplate\":\"https:\\\/\\\/blogdofarnesio.com.br\\\/?s={search_term_string}\"},\"query-input\":{\"@type\":\"PropertyValueSpecification\",\"valueRequired\":true,\"valueName\":\"search_term_string\"}}],\"inLanguage\":\"pt-BR\"},{\"@type\":\"Organization\",\"@id\":\"https:\\\/\\\/blogdofarnesio.com.br\\\/#organization\",\"name\":\"Blog do Farn\u00e9sio\",\"url\":\"https:\\\/\\\/blogdofarnesio.com.br\\\/\",\"logo\":{\"@type\":\"ImageObject\",\"inLanguage\":\"pt-BR\",\"@id\":\"https:\\\/\\\/blogdofarnesio.com.br\\\/#\\\/schema\\\/logo\\\/image\\\/\",\"url\":\"https:\\\/\\\/blogdofarnesio.com.br\\\/wp-content\\\/uploads\\\/2026\\\/03\\\/cropped-logo_new-1.png\",\"contentUrl\":\"https:\\\/\\\/blogdofarnesio.com.br\\\/wp-content\\\/uploads\\\/2026\\\/03\\\/cropped-logo_new-1.png\",\"width\":881,\"height\":685,\"caption\":\"Blog do Farn\u00e9sio\"},\"image\":{\"@id\":\"https:\\\/\\\/blogdofarnesio.com.br\\\/#\\\/schema\\\/logo\\\/image\\\/\"},\"sameAs\":[\"https:\\\/\\\/www.facebook.com\\\/BlogQuerSaberPolitica\\\/\"]},{\"@type\":\"Person\",\"@id\":\"https:\\\/\\\/blogdofarnesio.com.br\\\/#\\\/schema\\\/person\\\/bb9b23ae3ad0609ce8df7b6c9e76824d\",\"name\":\"Farn\u00e9sio\",\"image\":{\"@type\":\"ImageObject\",\"inLanguage\":\"pt-BR\",\"@id\":\"https:\\\/\\\/secure.gravatar.com\\\/avatar\\\/986aa4c61ccdb66f8555bf88fc2a65609d00bcabd4d2d94377a727547345cbca?s=96&d=mm&r=g\",\"url\":\"https:\\\/\\\/secure.gravatar.com\\\/avatar\\\/986aa4c61ccdb66f8555bf88fc2a65609d00bcabd4d2d94377a727547345cbca?s=96&d=mm&r=g\",\"contentUrl\":\"https:\\\/\\\/secure.gravatar.com\\\/avatar\\\/986aa4c61ccdb66f8555bf88fc2a65609d00bcabd4d2d94377a727547345cbca?s=96&d=mm&r=g\",\"caption\":\"Farn\u00e9sio\"},\"description\":\"Radialista blogueiro, chegou a Petrolina\\\/Juazeiro em setembro de 1980, Farn\u00e9sio Silva \u00e9 de Arapiraca-Alagoas.\",\"sameAs\":[\"http:\\\/\\\/blogdofarnesio.com.br\",\"https:\\\/\\\/www.facebook.com\\\/?ref=tn_tnmn\",\"https:\\\/\\\/www.instagram.com\\\/?utm_source=pwa_homescreen\",\"https:\\\/\\\/youtube.com.br\\\/\"],\"url\":\"https:\\\/\\\/blogdofarnesio.com.br\\\/?author=2\"}]}<\/script>\n<!-- \/ Yoast SEO plugin. -->","yoast_head_json":{"title":"Univasf divulga edital de Programa de Mobilidade Acad\u00eamica em conv\u00eanio com a Andifes - Blog do Farn\u00e9sio","robots":{"index":"index","follow":"follow","max-snippet":"max-snippet:-1","max-image-preview":"max-image-preview:large","max-video-preview":"max-video-preview:-1"},"canonical":"https:\/\/blogdofarnesio.com.br\/?p=340959","og_locale":"pt_BR","og_type":"article","og_title":"Univasf divulga edital de Programa de Mobilidade Acad\u00eamica em conv\u00eanio com a Andifes - Blog do Farn\u00e9sio","og_description":"Nicole Muniz\u00a0 &#8211; A Universidade Federal do Vale do S\u00e3o Francisco (Univasf), por meio da Pr\u00f3-Reitoria de Ensino (Proen), lan\u00e7ou edital do processo seletivo para o Programa Andifes de Mobilidade Acad\u00eamica. A sele\u00e7\u00e3o \u00e9 destinada a estudantes de Institui\u00e7\u00f5es Federais de Ensino Superior (Ifes) participantes do conv\u00eanio da Associa\u00e7\u00e3o Nacional dos Dirigentes das Ifes (Andifes) interessados em cursar o semestre letivo 2023.1 da Univasf, que ter\u00e1 in\u00edcio em 4 de setembro. As inscri\u00e7\u00f5es para a sele\u00e7\u00e3o poder\u00e3o ser realizadas por e-mail, no per\u00edodo de 10 a 20 de junho, pela institui\u00e7\u00e3o de origem do candidato. A documenta\u00e7\u00e3o exigida est\u00e1 listada no\u00a0Edital N\u00ba 9\/2023. Podem participar os discentes regularmente matriculados e com v\u00ednculo ativo em um curso de gradua\u00e7\u00e3o em uma&hellip;","og_url":"https:\/\/blogdofarnesio.com.br\/?p=340959","og_site_name":"Blog do Farn\u00e9sio","article_publisher":"https:\/\/www.facebook.com\/BlogQuerSaberPolitica\/","article_author":"https:\/\/www.facebook.com\/?ref=tn_tnmn","article_published_time":"2023-05-19T13:03:53+00:00","og_image":[{"width":480,"height":351,"url":"https:\/\/blogdofarnesio.com.br\/wp-content\/uploads\/2023\/05\/blogqspunivasf-MobilidadeAcadmicaNacionalConvnioAndifes-e1684448060591.jpg","type":"image\/jpeg"}],"author":"Farn\u00e9sio","twitter_card":"summary_large_image","twitter_misc":{"Escrito por":"Farn\u00e9sio","Est. tempo de leitura":"2 minutos"},"schema":{"@context":"https:\/\/schema.org","@graph":[{"@type":"Article","@id":"https:\/\/blogdofarnesio.com.br\/?p=340959#article","isPartOf":{"@id":"https:\/\/blogdofarnesio.com.br\/?p=340959"},"author":{"name":"Farn\u00e9sio","@id":"https:\/\/blogdofarnesio.com.br\/#\/schema\/person\/bb9b23ae3ad0609ce8df7b6c9e76824d"},"headline":"Univasf divulga edital de Programa de Mobilidade Acad\u00eamica em conv\u00eanio com a Andifes","datePublished":"2023-05-19T13:03:53+00:00","mainEntityOfPage":{"@id":"https:\/\/blogdofarnesio.com.br\/?p=340959"},"wordCount":254,"commentCount":0,"publisher":{"@id":"https:\/\/blogdofarnesio.com.br\/#organization"},"image":{"@id":"https:\/\/blogdofarnesio.com.br\/?p=340959#primaryimage"},"thumbnailUrl":"https:\/\/blogdofarnesio.com.br\/wp-content\/uploads\/2023\/05\/blogqspunivasf-MobilidadeAcadmicaNacionalConvnioAndifes-e1684448060591.jpg","articleSection":["Educa\u00e7\u00e3o"],"inLanguage":"pt-BR","potentialAction":[{"@type":"CommentAction","name":"Comment","target":["https:\/\/blogdofarnesio.com.br\/?p=340959#respond"]}]},{"@type":"WebPage","@id":"https:\/\/blogdofarnesio.com.br\/?p=340959","url":"https:\/\/blogdofarnesio.com.br\/?p=340959","name":"Univasf divulga edital de Programa de Mobilidade Acad\u00eamica em conv\u00eanio com a Andifes - Blog do Farn\u00e9sio","isPartOf":{"@id":"https:\/\/blogdofarnesio.com.br\/#website"},"primaryImageOfPage":{"@id":"https:\/\/blogdofarnesio.com.br\/?p=340959#primaryimage"},"image":{"@id":"https:\/\/blogdofarnesio.com.br\/?p=340959#primaryimage"},"thumbnailUrl":"https:\/\/blogdofarnesio.com.br\/wp-content\/uploads\/2023\/05\/blogqspunivasf-MobilidadeAcadmicaNacionalConvnioAndifes-e1684448060591.jpg","datePublished":"2023-05-19T13:03:53+00:00","breadcrumb":{"@id":"https:\/\/blogdofarnesio.com.br\/?p=340959#breadcrumb"},"inLanguage":"pt-BR","potentialAction":[{"@type":"ReadAction","target":["https:\/\/blogdofarnesio.com.br\/?p=340959"]}]},{"@type":"ImageObject","inLanguage":"pt-BR","@id":"https:\/\/blogdofarnesio.com.br\/?p=340959#primaryimage","url":"https:\/\/blogdofarnesio.com.br\/wp-content\/uploads\/2023\/05\/blogqspunivasf-MobilidadeAcadmicaNacionalConvnioAndifes-e1684448060591.jpg","contentUrl":"https:\/\/blogdofarnesio.com.br\/wp-content\/uploads\/2023\/05\/blogqspunivasf-MobilidadeAcadmicaNacionalConvnioAndifes-e1684448060591.jpg","width":480,"height":351},{"@type":"BreadcrumbList","@id":"https:\/\/blogdofarnesio.com.br\/?p=340959#breadcrumb","itemListElement":[{"@type":"ListItem","position":1,"name":"In\u00edcio","item":"https:\/\/blogdofarnesio.com.br\/"},{"@type":"ListItem","position":2,"name":"Univasf divulga edital de Programa de Mobilidade Acad\u00eamica em conv\u00eanio com a Andifes"}]},{"@type":"WebSite","@id":"https:\/\/blogdofarnesio.com.br\/#website","url":"https:\/\/blogdofarnesio.com.br\/","name":"Blog do Farn\u00e9sio","description":"Quer Saber Pol\u00edtica?","publisher":{"@id":"https:\/\/blogdofarnesio.com.br\/#organization"},"potentialAction":[{"@type":"SearchAction","target":{"@type":"EntryPoint","urlTemplate":"https:\/\/blogdofarnesio.com.br\/?s={search_term_string}"},"query-input":{"@type":"PropertyValueSpecification","valueRequired":true,"valueName":"search_term_string"}}],"inLanguage":"pt-BR"},{"@type":"Organization","@id":"https:\/\/blogdofarnesio.com.br\/#organization","name":"Blog do Farn\u00e9sio","url":"https:\/\/blogdofarnesio.com.br\/","logo":{"@type":"ImageObject","inLanguage":"pt-BR","@id":"https:\/\/blogdofarnesio.com.br\/#\/schema\/logo\/image\/","url":"https:\/\/blogdofarnesio.com.br\/wp-content\/uploads\/2026\/03\/cropped-logo_new-1.png","contentUrl":"https:\/\/blogdofarnesio.com.br\/wp-content\/uploads\/2026\/03\/cropped-logo_new-1.png","width":881,"height":685,"caption":"Blog do Farn\u00e9sio"},"image":{"@id":"https:\/\/blogdofarnesio.com.br\/#\/schema\/logo\/image\/"},"sameAs":["https:\/\/www.facebook.com\/BlogQuerSaberPolitica\/"]},{"@type":"Person","@id":"https:\/\/blogdofarnesio.com.br\/#\/schema\/person\/bb9b23ae3ad0609ce8df7b6c9e76824d","name":"Farn\u00e9sio","image":{"@type":"ImageObject","inLanguage":"pt-BR","@id":"https:\/\/secure.gravatar.com\/avatar\/986aa4c61ccdb66f8555bf88fc2a65609d00bcabd4d2d94377a727547345cbca?s=96&d=mm&r=g","url":"https:\/\/secure.gravatar.com\/avatar\/986aa4c61ccdb66f8555bf88fc2a65609d00bcabd4d2d94377a727547345cbca?s=96&d=mm&r=g","contentUrl":"https:\/\/secure.gravatar.com\/avatar\/986aa4c61ccdb66f8555bf88fc2a65609d00bcabd4d2d94377a727547345cbca?s=96&d=mm&r=g","caption":"Farn\u00e9sio"},"description":"Radialista blogueiro, chegou a Petrolina\/Juazeiro em setembro de 1980, Farn\u00e9sio Silva \u00e9 de Arapiraca-Alagoas.","sameAs":["http:\/\/blogdofarnesio.com.br","https:\/\/www.facebook.com\/?ref=tn_tnmn","https:\/\/www.instagram.com\/?utm_source=pwa_homescreen","https:\/\/youtube.com.br\/"],"url":"https:\/\/blogdofarnesio.com.br\/?author=2"}]}},"_links":{"self":[{"href":"https:\/\/blogdofarnesio.com.br\/index.php?rest_route=\/wp\/v2\/posts\/340959","targetHints":{"allow":["GET"]}}],"collection":[{"href":"https:\/\/blogdofarnesio.com.br\/index.php?rest_route=\/wp\/v2\/posts"}],"about":[{"href":"https:\/\/blogdofarnesio.com.br\/index.php?rest_route=\/wp\/v2\/types\/post"}],"author":[{"embeddable":true,"href":"https:\/\/blogdofarnesio.com.br\/index.php?rest_route=\/wp\/v2\/users\/2"}],"replies":[{"embeddable":true,"href":"https:\/\/blogdofarnesio.com.br\/index.php?rest_route=%2Fwp%2Fv2%2Fcomments&post=340959"}],"version-history":[{"count":0,"href":"https:\/\/blogdofarnesio.com.br\/index.php?rest_route=\/wp\/v2\/posts\/340959\/revisions"}],"wp:featuredmedia":[{"embeddable":true,"href":"https:\/\/blogdofarnesio.com.br\/index.php?rest_route=\/wp\/v2\/media\/340960"}],"wp:attachment":[{"href":"https:\/\/blogdofarnesio.com.br\/index.php?rest_route=%2Fwp%2Fv2%2Fmedia&parent=340959"}],"wp:term":[{"taxonomy":"category","embeddable":true,"href":"https:\/\/blogdofarnesio.com.br\/index.php?rest_route=%2Fwp%2Fv2%2Fcategories&post=340959"},{"taxonomy":"post_tag","embeddable":true,"href":"https:\/\/blogdofarnesio.com.br\/index.php?rest_route=%2Fwp%2Fv2%2Ftags&post=340959"}],"curies":[{"name":"wp","href":"https:\/\/api.w.org\/{rel}","templated":true}]}}