{"id":340956,"date":"2023-05-19T10:24:58","date_gmt":"2023-05-19T13:24:58","guid":{"rendered":"https:\/\/blogdofarnesio.com.br\/?p=340956"},"modified":"2023-05-19T08:56:51","modified_gmt":"2023-05-19T11:56:51","slug":"na-semana-mundial-da-doacao-de-leite-humano-hospital-dom-malan-realiza-programacao-especial-para-profissionais","status":"publish","type":"post","link":"https:\/\/blogdofarnesio.com.br\/?p=340956","title":{"rendered":"Na semana mundial da doa\u00e7\u00e3o de leite humano, Hospital Dom Malan realiza programa\u00e7\u00e3o especial para profissionais"},"content":{"rendered":"<p style=\"font-weight: 400;\">Nesta semana em que se comemora o Dia Mundial da Doa\u00e7\u00e3o de Leite Materno, o Hospital Dom Malan em Petrolina, no Sert\u00e3o de Pernambuco, realiza programa\u00e7\u00e3o especial para os profissionais da enfermagem que fazem o atendimento de m\u00e3es e beb\u00eas prematuros rec\u00e9m-nascidos na unidade.<\/p>\n<p style=\"font-weight: 400;\">Ontem (18), foi realizada uma oficina com o tema: \u2018Apojadura: como lidar com a descida do leite\u2019 para t\u00e9cnicos de enfermagem e enfermeiras.<\/p>\n<p style=\"font-weight: 400;\">\u201c<em>O objetivo \u00e9 informar os nossos profissionais sobre as mudan\u00e7as nas condutas sobre a apojadura, a partir da implementa\u00e7\u00e3o do protocolo de 2022, como massagem intensa, ordena frequente que mudaram para o uso de compressa fria e drenagem linf\u00e1tica, por exemplo<\/em>, \u201d explica a enfermeira gerente do Banco de Leite Humano do HDM, Joice Fonseca.<\/p>\n<p style=\"font-weight: 400;\">Durante toda essa semana, profissionais em turnos diurnos e noturnos que atuam no alojamento conjunto, no alojamento canguru, na sala de parto e na\u00a0Unidade de Cuidado Neonatal Canguru \u2013\u00a0Uncinca, est\u00e3o recebendo orienta\u00e7\u00f5es sobre apojadura. Cerca de 50 profissionais j\u00e1 participaram das palestras. \u201c<em>\u00c9 uma forma de tirar d\u00favidas sobre sinais e sintomas ap\u00f3s o nascimento do beb\u00ea em rela\u00e7\u00e3o \u00e0s m\u00e3es no puerp\u00e9rio, para que os profissionais entendem como conduzir a amamenta\u00e7\u00e3o nesses primeiros dias p\u00f3s-parto<\/em>,\u201d finaliza Joice<\/p>\n<p style=\"font-weight: 400;\">Assessoria de Comunica\u00e7\u00e3o do HDM<\/p>\n","protected":false},"excerpt":{"rendered":"<p>Nesta semana em que se comemora o Dia Mundial da Doa\u00e7\u00e3o de Leite Materno, o Hospital Dom Malan em Petrolina, no Sert\u00e3o de Pernambuco, realiza programa\u00e7\u00e3o especial para os profissionais da enfermagem que fazem o atendimento de m\u00e3es e beb\u00eas prematuros rec\u00e9m-nascidos na unidade. Ontem (18), foi realizada uma oficina com o tema: \u2018Apojadura: como lidar com a descida do leite\u2019 para t\u00e9cnicos de enfermagem e enfermeiras. \u201cO objetivo \u00e9 informar os nossos profissionais sobre as mudan\u00e7as nas condutas sobre a apojadura, a partir da implementa\u00e7\u00e3o do protocolo de 2022, como massagem intensa, ordena frequente que mudaram para o uso de compressa fria e drenagem linf\u00e1tica, por exemplo, \u201d explica a enfermeira gerente do Banco de Leite Humano do HDM,&hellip; <\/p>\n","protected":false},"author":2,"featured_media":340957,"comment_status":"open","ping_status":"open","sticky":false,"template":"","format":"standard","meta":{"_acf_changed":false,"footnotes":""},"categories":[22],"tags":[],"class_list":["post-340956","post","type-post","status-publish","format-standard","has-post-thumbnail","hentry","category-acao-social"],"acf":[],"yoast_head":"<!-- This site is optimized with the Yoast SEO plugin v27.4 - https:\/\/yoast.com\/product\/yoast-seo-wordpress\/ -->\n<title>Na semana mundial da doa\u00e7\u00e3o de leite humano, Hospital Dom Malan realiza programa\u00e7\u00e3o especial para profissionais - Blog do Farn\u00e9sio<\/title>\n<meta name=\"robots\" content=\"index, follow, max-snippet:-1, max-image-preview:large, max-video-preview:-1\" \/>\n<link rel=\"canonical\" href=\"https:\/\/blogdofarnesio.com.br\/?p=340956\" \/>\n<meta property=\"og:locale\" content=\"pt_BR\" \/>\n<meta property=\"og:type\" content=\"article\" \/>\n<meta property=\"og:title\" content=\"Na semana mundial da doa\u00e7\u00e3o de leite humano, Hospital Dom Malan realiza programa\u00e7\u00e3o especial para profissionais - Blog do Farn\u00e9sio\" \/>\n<meta property=\"og:description\" content=\"Nesta semana em que se comemora o Dia Mundial da Doa\u00e7\u00e3o de Leite Materno, o Hospital Dom Malan em Petrolina, no Sert\u00e3o de Pernambuco, realiza programa\u00e7\u00e3o especial para os profissionais da enfermagem que fazem o atendimento de m\u00e3es e beb\u00eas prematuros rec\u00e9m-nascidos na unidade. Ontem (18), foi realizada uma oficina com o tema: \u2018Apojadura: como lidar com a descida do leite\u2019 para t\u00e9cnicos de enfermagem e enfermeiras. \u201cO objetivo \u00e9 informar os nossos profissionais sobre as mudan\u00e7as nas condutas sobre a apojadura, a partir da implementa\u00e7\u00e3o do protocolo de 2022, como massagem intensa, ordena frequente que mudaram para o uso de compressa fria e drenagem linf\u00e1tica, por exemplo, \u201d explica a enfermeira gerente do Banco de Leite Humano do HDM,&hellip;\" \/>\n<meta property=\"og:url\" content=\"https:\/\/blogdofarnesio.com.br\/?p=340956\" \/>\n<meta property=\"og:site_name\" content=\"Blog do Farn\u00e9sio\" \/>\n<meta property=\"article:publisher\" content=\"https:\/\/www.facebook.com\/BlogQuerSaberPolitica\/\" \/>\n<meta property=\"article:author\" content=\"https:\/\/www.facebook.com\/?ref=tn_tnmn\" \/>\n<meta property=\"article:published_time\" content=\"2023-05-19T13:24:58+00:00\" \/>\n<meta property=\"og:image\" content=\"https:\/\/blogdofarnesio.com.br\/wp-content\/uploads\/2023\/05\/PALESTRA-ALEITAMENTO-3-e1684442498152.jpeg\" \/>\n\t<meta property=\"og:image:width\" content=\"639\" \/>\n\t<meta property=\"og:image:height\" content=\"372\" \/>\n\t<meta property=\"og:image:type\" content=\"image\/jpeg\" \/>\n<meta name=\"author\" content=\"Farn\u00e9sio\" \/>\n<meta name=\"twitter:card\" content=\"summary_large_image\" \/>\n<meta name=\"twitter:label1\" content=\"Escrito por\" \/>\n\t<meta name=\"twitter:data1\" content=\"Farn\u00e9sio\" \/>\n\t<meta name=\"twitter:label2\" content=\"Est. tempo de leitura\" \/>\n\t<meta name=\"twitter:data2\" content=\"2 minutos\" \/>\n<script type=\"application\/ld+json\" class=\"yoast-schema-graph\">{\"@context\":\"https:\\\/\\\/schema.org\",\"@graph\":[{\"@type\":\"Article\",\"@id\":\"https:\\\/\\\/blogdofarnesio.com.br\\\/?p=340956#article\",\"isPartOf\":{\"@id\":\"https:\\\/\\\/blogdofarnesio.com.br\\\/?p=340956\"},\"author\":{\"name\":\"Farn\u00e9sio\",\"@id\":\"https:\\\/\\\/blogdofarnesio.com.br\\\/#\\\/schema\\\/person\\\/bb9b23ae3ad0609ce8df7b6c9e76824d\"},\"headline\":\"Na semana mundial da doa\u00e7\u00e3o de leite humano, Hospital Dom Malan realiza programa\u00e7\u00e3o especial para profissionais\",\"datePublished\":\"2023-05-19T13:24:58+00:00\",\"mainEntityOfPage\":{\"@id\":\"https:\\\/\\\/blogdofarnesio.com.br\\\/?p=340956\"},\"wordCount\":238,\"commentCount\":0,\"publisher\":{\"@id\":\"https:\\\/\\\/blogdofarnesio.com.br\\\/#organization\"},\"image\":{\"@id\":\"https:\\\/\\\/blogdofarnesio.com.br\\\/?p=340956#primaryimage\"},\"thumbnailUrl\":\"https:\\\/\\\/blogdofarnesio.com.br\\\/wp-content\\\/uploads\\\/2023\\\/05\\\/PALESTRA-ALEITAMENTO-3-e1684442498152.jpeg\",\"articleSection\":[\"A\u00e7\u00e3o Social\"],\"inLanguage\":\"pt-BR\",\"potentialAction\":[{\"@type\":\"CommentAction\",\"name\":\"Comment\",\"target\":[\"https:\\\/\\\/blogdofarnesio.com.br\\\/?p=340956#respond\"]}]},{\"@type\":\"WebPage\",\"@id\":\"https:\\\/\\\/blogdofarnesio.com.br\\\/?p=340956\",\"url\":\"https:\\\/\\\/blogdofarnesio.com.br\\\/?p=340956\",\"name\":\"Na semana mundial da doa\u00e7\u00e3o de leite humano, Hospital Dom Malan realiza programa\u00e7\u00e3o especial para profissionais - Blog do Farn\u00e9sio\",\"isPartOf\":{\"@id\":\"https:\\\/\\\/blogdofarnesio.com.br\\\/#website\"},\"primaryImageOfPage\":{\"@id\":\"https:\\\/\\\/blogdofarnesio.com.br\\\/?p=340956#primaryimage\"},\"image\":{\"@id\":\"https:\\\/\\\/blogdofarnesio.com.br\\\/?p=340956#primaryimage\"},\"thumbnailUrl\":\"https:\\\/\\\/blogdofarnesio.com.br\\\/wp-content\\\/uploads\\\/2023\\\/05\\\/PALESTRA-ALEITAMENTO-3-e1684442498152.jpeg\",\"datePublished\":\"2023-05-19T13:24:58+00:00\",\"breadcrumb\":{\"@id\":\"https:\\\/\\\/blogdofarnesio.com.br\\\/?p=340956#breadcrumb\"},\"inLanguage\":\"pt-BR\",\"potentialAction\":[{\"@type\":\"ReadAction\",\"target\":[\"https:\\\/\\\/blogdofarnesio.com.br\\\/?p=340956\"]}]},{\"@type\":\"ImageObject\",\"inLanguage\":\"pt-BR\",\"@id\":\"https:\\\/\\\/blogdofarnesio.com.br\\\/?p=340956#primaryimage\",\"url\":\"https:\\\/\\\/blogdofarnesio.com.br\\\/wp-content\\\/uploads\\\/2023\\\/05\\\/PALESTRA-ALEITAMENTO-3-e1684442498152.jpeg\",\"contentUrl\":\"https:\\\/\\\/blogdofarnesio.com.br\\\/wp-content\\\/uploads\\\/2023\\\/05\\\/PALESTRA-ALEITAMENTO-3-e1684442498152.jpeg\",\"width\":639,\"height\":372},{\"@type\":\"BreadcrumbList\",\"@id\":\"https:\\\/\\\/blogdofarnesio.com.br\\\/?p=340956#breadcrumb\",\"itemListElement\":[{\"@type\":\"ListItem\",\"position\":1,\"name\":\"In\u00edcio\",\"item\":\"https:\\\/\\\/blogdofarnesio.com.br\\\/\"},{\"@type\":\"ListItem\",\"position\":2,\"name\":\"Na semana mundial da doa\u00e7\u00e3o de leite humano, Hospital Dom Malan realiza programa\u00e7\u00e3o especial para profissionais\"}]},{\"@type\":\"WebSite\",\"@id\":\"https:\\\/\\\/blogdofarnesio.com.br\\\/#website\",\"url\":\"https:\\\/\\\/blogdofarnesio.com.br\\\/\",\"name\":\"Blog do Farn\u00e9sio\",\"description\":\"Quer Saber Pol\u00edtica?\",\"publisher\":{\"@id\":\"https:\\\/\\\/blogdofarnesio.com.br\\\/#organization\"},\"potentialAction\":[{\"@type\":\"SearchAction\",\"target\":{\"@type\":\"EntryPoint\",\"urlTemplate\":\"https:\\\/\\\/blogdofarnesio.com.br\\\/?s={search_term_string}\"},\"query-input\":{\"@type\":\"PropertyValueSpecification\",\"valueRequired\":true,\"valueName\":\"search_term_string\"}}],\"inLanguage\":\"pt-BR\"},{\"@type\":\"Organization\",\"@id\":\"https:\\\/\\\/blogdofarnesio.com.br\\\/#organization\",\"name\":\"Blog do Farn\u00e9sio\",\"url\":\"https:\\\/\\\/blogdofarnesio.com.br\\\/\",\"logo\":{\"@type\":\"ImageObject\",\"inLanguage\":\"pt-BR\",\"@id\":\"https:\\\/\\\/blogdofarnesio.com.br\\\/#\\\/schema\\\/logo\\\/image\\\/\",\"url\":\"https:\\\/\\\/blogdofarnesio.com.br\\\/wp-content\\\/uploads\\\/2026\\\/03\\\/cropped-logo_new-1.png\",\"contentUrl\":\"https:\\\/\\\/blogdofarnesio.com.br\\\/wp-content\\\/uploads\\\/2026\\\/03\\\/cropped-logo_new-1.png\",\"width\":881,\"height\":685,\"caption\":\"Blog do Farn\u00e9sio\"},\"image\":{\"@id\":\"https:\\\/\\\/blogdofarnesio.com.br\\\/#\\\/schema\\\/logo\\\/image\\\/\"},\"sameAs\":[\"https:\\\/\\\/www.facebook.com\\\/BlogQuerSaberPolitica\\\/\"]},{\"@type\":\"Person\",\"@id\":\"https:\\\/\\\/blogdofarnesio.com.br\\\/#\\\/schema\\\/person\\\/bb9b23ae3ad0609ce8df7b6c9e76824d\",\"name\":\"Farn\u00e9sio\",\"image\":{\"@type\":\"ImageObject\",\"inLanguage\":\"pt-BR\",\"@id\":\"https:\\\/\\\/secure.gravatar.com\\\/avatar\\\/986aa4c61ccdb66f8555bf88fc2a65609d00bcabd4d2d94377a727547345cbca?s=96&d=mm&r=g\",\"url\":\"https:\\\/\\\/secure.gravatar.com\\\/avatar\\\/986aa4c61ccdb66f8555bf88fc2a65609d00bcabd4d2d94377a727547345cbca?s=96&d=mm&r=g\",\"contentUrl\":\"https:\\\/\\\/secure.gravatar.com\\\/avatar\\\/986aa4c61ccdb66f8555bf88fc2a65609d00bcabd4d2d94377a727547345cbca?s=96&d=mm&r=g\",\"caption\":\"Farn\u00e9sio\"},\"description\":\"Radialista blogueiro, chegou a Petrolina\\\/Juazeiro em setembro de 1980, Farn\u00e9sio Silva \u00e9 de Arapiraca-Alagoas.\",\"sameAs\":[\"http:\\\/\\\/blogdofarnesio.com.br\",\"https:\\\/\\\/www.facebook.com\\\/?ref=tn_tnmn\",\"https:\\\/\\\/www.instagram.com\\\/?utm_source=pwa_homescreen\",\"https:\\\/\\\/youtube.com.br\\\/\"],\"url\":\"https:\\\/\\\/blogdofarnesio.com.br\\\/?author=2\"}]}<\/script>\n<!-- \/ Yoast SEO plugin. -->","yoast_head_json":{"title":"Na semana mundial da doa\u00e7\u00e3o de leite humano, Hospital Dom Malan realiza programa\u00e7\u00e3o especial para profissionais - Blog do Farn\u00e9sio","robots":{"index":"index","follow":"follow","max-snippet":"max-snippet:-1","max-image-preview":"max-image-preview:large","max-video-preview":"max-video-preview:-1"},"canonical":"https:\/\/blogdofarnesio.com.br\/?p=340956","og_locale":"pt_BR","og_type":"article","og_title":"Na semana mundial da doa\u00e7\u00e3o de leite humano, Hospital Dom Malan realiza programa\u00e7\u00e3o especial para profissionais - Blog do Farn\u00e9sio","og_description":"Nesta semana em que se comemora o Dia Mundial da Doa\u00e7\u00e3o de Leite Materno, o Hospital Dom Malan em Petrolina, no Sert\u00e3o de Pernambuco, realiza programa\u00e7\u00e3o especial para os profissionais da enfermagem que fazem o atendimento de m\u00e3es e beb\u00eas prematuros rec\u00e9m-nascidos na unidade. Ontem (18), foi realizada uma oficina com o tema: \u2018Apojadura: como lidar com a descida do leite\u2019 para t\u00e9cnicos de enfermagem e enfermeiras. \u201cO objetivo \u00e9 informar os nossos profissionais sobre as mudan\u00e7as nas condutas sobre a apojadura, a partir da implementa\u00e7\u00e3o do protocolo de 2022, como massagem intensa, ordena frequente que mudaram para o uso de compressa fria e drenagem linf\u00e1tica, por exemplo, \u201d explica a enfermeira gerente do Banco de Leite Humano do HDM,&hellip;","og_url":"https:\/\/blogdofarnesio.com.br\/?p=340956","og_site_name":"Blog do Farn\u00e9sio","article_publisher":"https:\/\/www.facebook.com\/BlogQuerSaberPolitica\/","article_author":"https:\/\/www.facebook.com\/?ref=tn_tnmn","article_published_time":"2023-05-19T13:24:58+00:00","og_image":[{"width":639,"height":372,"url":"https:\/\/blogdofarnesio.com.br\/wp-content\/uploads\/2023\/05\/PALESTRA-ALEITAMENTO-3-e1684442498152.jpeg","type":"image\/jpeg"}],"author":"Farn\u00e9sio","twitter_card":"summary_large_image","twitter_misc":{"Escrito por":"Farn\u00e9sio","Est. tempo de leitura":"2 minutos"},"schema":{"@context":"https:\/\/schema.org","@graph":[{"@type":"Article","@id":"https:\/\/blogdofarnesio.com.br\/?p=340956#article","isPartOf":{"@id":"https:\/\/blogdofarnesio.com.br\/?p=340956"},"author":{"name":"Farn\u00e9sio","@id":"https:\/\/blogdofarnesio.com.br\/#\/schema\/person\/bb9b23ae3ad0609ce8df7b6c9e76824d"},"headline":"Na semana mundial da doa\u00e7\u00e3o de leite humano, Hospital Dom Malan realiza programa\u00e7\u00e3o especial para profissionais","datePublished":"2023-05-19T13:24:58+00:00","mainEntityOfPage":{"@id":"https:\/\/blogdofarnesio.com.br\/?p=340956"},"wordCount":238,"commentCount":0,"publisher":{"@id":"https:\/\/blogdofarnesio.com.br\/#organization"},"image":{"@id":"https:\/\/blogdofarnesio.com.br\/?p=340956#primaryimage"},"thumbnailUrl":"https:\/\/blogdofarnesio.com.br\/wp-content\/uploads\/2023\/05\/PALESTRA-ALEITAMENTO-3-e1684442498152.jpeg","articleSection":["A\u00e7\u00e3o Social"],"inLanguage":"pt-BR","potentialAction":[{"@type":"CommentAction","name":"Comment","target":["https:\/\/blogdofarnesio.com.br\/?p=340956#respond"]}]},{"@type":"WebPage","@id":"https:\/\/blogdofarnesio.com.br\/?p=340956","url":"https:\/\/blogdofarnesio.com.br\/?p=340956","name":"Na semana mundial da doa\u00e7\u00e3o de leite humano, Hospital Dom Malan realiza programa\u00e7\u00e3o especial para profissionais - Blog do Farn\u00e9sio","isPartOf":{"@id":"https:\/\/blogdofarnesio.com.br\/#website"},"primaryImageOfPage":{"@id":"https:\/\/blogdofarnesio.com.br\/?p=340956#primaryimage"},"image":{"@id":"https:\/\/blogdofarnesio.com.br\/?p=340956#primaryimage"},"thumbnailUrl":"https:\/\/blogdofarnesio.com.br\/wp-content\/uploads\/2023\/05\/PALESTRA-ALEITAMENTO-3-e1684442498152.jpeg","datePublished":"2023-05-19T13:24:58+00:00","breadcrumb":{"@id":"https:\/\/blogdofarnesio.com.br\/?p=340956#breadcrumb"},"inLanguage":"pt-BR","potentialAction":[{"@type":"ReadAction","target":["https:\/\/blogdofarnesio.com.br\/?p=340956"]}]},{"@type":"ImageObject","inLanguage":"pt-BR","@id":"https:\/\/blogdofarnesio.com.br\/?p=340956#primaryimage","url":"https:\/\/blogdofarnesio.com.br\/wp-content\/uploads\/2023\/05\/PALESTRA-ALEITAMENTO-3-e1684442498152.jpeg","contentUrl":"https:\/\/blogdofarnesio.com.br\/wp-content\/uploads\/2023\/05\/PALESTRA-ALEITAMENTO-3-e1684442498152.jpeg","width":639,"height":372},{"@type":"BreadcrumbList","@id":"https:\/\/blogdofarnesio.com.br\/?p=340956#breadcrumb","itemListElement":[{"@type":"ListItem","position":1,"name":"In\u00edcio","item":"https:\/\/blogdofarnesio.com.br\/"},{"@type":"ListItem","position":2,"name":"Na semana mundial da doa\u00e7\u00e3o de leite humano, Hospital Dom Malan realiza programa\u00e7\u00e3o especial para profissionais"}]},{"@type":"WebSite","@id":"https:\/\/blogdofarnesio.com.br\/#website","url":"https:\/\/blogdofarnesio.com.br\/","name":"Blog do Farn\u00e9sio","description":"Quer Saber Pol\u00edtica?","publisher":{"@id":"https:\/\/blogdofarnesio.com.br\/#organization"},"potentialAction":[{"@type":"SearchAction","target":{"@type":"EntryPoint","urlTemplate":"https:\/\/blogdofarnesio.com.br\/?s={search_term_string}"},"query-input":{"@type":"PropertyValueSpecification","valueRequired":true,"valueName":"search_term_string"}}],"inLanguage":"pt-BR"},{"@type":"Organization","@id":"https:\/\/blogdofarnesio.com.br\/#organization","name":"Blog do Farn\u00e9sio","url":"https:\/\/blogdofarnesio.com.br\/","logo":{"@type":"ImageObject","inLanguage":"pt-BR","@id":"https:\/\/blogdofarnesio.com.br\/#\/schema\/logo\/image\/","url":"https:\/\/blogdofarnesio.com.br\/wp-content\/uploads\/2026\/03\/cropped-logo_new-1.png","contentUrl":"https:\/\/blogdofarnesio.com.br\/wp-content\/uploads\/2026\/03\/cropped-logo_new-1.png","width":881,"height":685,"caption":"Blog do Farn\u00e9sio"},"image":{"@id":"https:\/\/blogdofarnesio.com.br\/#\/schema\/logo\/image\/"},"sameAs":["https:\/\/www.facebook.com\/BlogQuerSaberPolitica\/"]},{"@type":"Person","@id":"https:\/\/blogdofarnesio.com.br\/#\/schema\/person\/bb9b23ae3ad0609ce8df7b6c9e76824d","name":"Farn\u00e9sio","image":{"@type":"ImageObject","inLanguage":"pt-BR","@id":"https:\/\/secure.gravatar.com\/avatar\/986aa4c61ccdb66f8555bf88fc2a65609d00bcabd4d2d94377a727547345cbca?s=96&d=mm&r=g","url":"https:\/\/secure.gravatar.com\/avatar\/986aa4c61ccdb66f8555bf88fc2a65609d00bcabd4d2d94377a727547345cbca?s=96&d=mm&r=g","contentUrl":"https:\/\/secure.gravatar.com\/avatar\/986aa4c61ccdb66f8555bf88fc2a65609d00bcabd4d2d94377a727547345cbca?s=96&d=mm&r=g","caption":"Farn\u00e9sio"},"description":"Radialista blogueiro, chegou a Petrolina\/Juazeiro em setembro de 1980, Farn\u00e9sio Silva \u00e9 de Arapiraca-Alagoas.","sameAs":["http:\/\/blogdofarnesio.com.br","https:\/\/www.facebook.com\/?ref=tn_tnmn","https:\/\/www.instagram.com\/?utm_source=pwa_homescreen","https:\/\/youtube.com.br\/"],"url":"https:\/\/blogdofarnesio.com.br\/?author=2"}]}},"_links":{"self":[{"href":"https:\/\/blogdofarnesio.com.br\/index.php?rest_route=\/wp\/v2\/posts\/340956","targetHints":{"allow":["GET"]}}],"collection":[{"href":"https:\/\/blogdofarnesio.com.br\/index.php?rest_route=\/wp\/v2\/posts"}],"about":[{"href":"https:\/\/blogdofarnesio.com.br\/index.php?rest_route=\/wp\/v2\/types\/post"}],"author":[{"embeddable":true,"href":"https:\/\/blogdofarnesio.com.br\/index.php?rest_route=\/wp\/v2\/users\/2"}],"replies":[{"embeddable":true,"href":"https:\/\/blogdofarnesio.com.br\/index.php?rest_route=%2Fwp%2Fv2%2Fcomments&post=340956"}],"version-history":[{"count":0,"href":"https:\/\/blogdofarnesio.com.br\/index.php?rest_route=\/wp\/v2\/posts\/340956\/revisions"}],"wp:featuredmedia":[{"embeddable":true,"href":"https:\/\/blogdofarnesio.com.br\/index.php?rest_route=\/wp\/v2\/media\/340957"}],"wp:attachment":[{"href":"https:\/\/blogdofarnesio.com.br\/index.php?rest_route=%2Fwp%2Fv2%2Fmedia&parent=340956"}],"wp:term":[{"taxonomy":"category","embeddable":true,"href":"https:\/\/blogdofarnesio.com.br\/index.php?rest_route=%2Fwp%2Fv2%2Fcategories&post=340956"},{"taxonomy":"post_tag","embeddable":true,"href":"https:\/\/blogdofarnesio.com.br\/index.php?rest_route=%2Fwp%2Fv2%2Ftags&post=340956"}],"curies":[{"name":"wp","href":"https:\/\/api.w.org\/{rel}","templated":true}]}}