{"id":340905,"date":"2023-05-21T09:00:21","date_gmt":"2023-05-21T12:00:21","guid":{"rendered":"https:\/\/blogdofarnesio.com.br\/?p=340905"},"modified":"2023-05-18T13:33:26","modified_gmt":"2023-05-18T16:33:26","slug":"petrolina-recebe-espetaculo-musical-brasil-raiz-no-final-de-semana-2","status":"publish","type":"post","link":"https:\/\/blogdofarnesio.com.br\/?p=340905","title":{"rendered":"Petrolina recebe espet\u00e1culo Musical Brasil Raiz no final de semana"},"content":{"rendered":"<p style=\"font-weight: 400;\">Petrolina receber\u00e1 neste domingo (21), a partir das 19h, no Portal do Rio, Orla da cidade, o musical \u201cBrasil Raiz\u201d. O evento conta com apoio da Prefeitura Municipal, atrav\u00e9s da Secretaria Executiva de Cultura, e \u00e9 realizado pela iniciativa privada, via Lei de Incentivo \u00e0 Cultura. A apresenta\u00e7\u00e3o \u00e9 gratuita e aberta ao p\u00fablico.<\/p>\n<p style=\"font-weight: 400;\">A grande produ\u00e7\u00e3o que j\u00e1 percorreu algumas cidades do Pa\u00eds, \u00e9 dirigida pelo diretor premiado de novelas e cinema Luiz Ant\u00f4nio Pilar, o Musical Brasil Raiz, que tem dura\u00e7\u00e3o de duas horas, traz para o palco a beleza da vida no campo, com grandes sucessos da m\u00fasica caipira e sertaneja raiz. O espet\u00e1culo possui um grande elenco de atores renomados, com atua\u00e7\u00f5es e palcos e telenovelas nacionais como, Guito, Cac\u00e1 Amaral, L\u00e1zaro Menezes, Gabriel Vicente, Fernando Rubro, Ana Ara\u00fajo, Maria Bia e Bruna Pazinato.<\/p>\n<p style=\"font-weight: 400;\">Segundo o secret\u00e1rio executivo de Cultura, C\u00e1ssio Lucena, o evento \u00e9 uma oportunidade para que popula\u00e7\u00e3o possa assistir uma produ\u00e7\u00e3o musical, geralmente apresentada somente nas grandes capitais e cidades do Pa\u00eds. \u201cSomos uma regi\u00e3o, sobretudo, agr\u00edcola. Nosso ber\u00e7o cultural est\u00e1 ligado a for\u00e7a e a coragem do homem do campo e suas ra\u00edzes. Dentre v\u00e1rias cidades fomos uma das escolhidas e este espet\u00e1culo chega para homenagear e fortalecer os la\u00e7os com a nossa cultura sertaneja e caipira. \u00c9 um presente para nossa cidade\u201d, ressalta C\u00e1ssio Lucena.<\/p>\n<p style=\"font-weight: 400;\">\n<p style=\"font-weight: 400;\">&#8212;&#8211;<\/p>\n<p style=\"font-weight: 400;\">Marco Cerqueira \u2013 Assessor de Comunica\u00e7\u00e3o<\/p>\n","protected":false},"excerpt":{"rendered":"<p>Petrolina receber\u00e1 neste domingo (21), a partir das 19h, no Portal do Rio, Orla da cidade, o musical \u201cBrasil Raiz\u201d. O evento conta com apoio da Prefeitura Municipal, atrav\u00e9s da Secretaria Executiva de Cultura, e \u00e9 realizado pela iniciativa privada, via Lei de Incentivo \u00e0 Cultura. A apresenta\u00e7\u00e3o \u00e9 gratuita e aberta ao p\u00fablico. A grande produ\u00e7\u00e3o que j\u00e1 percorreu algumas cidades do Pa\u00eds, \u00e9 dirigida pelo diretor premiado de novelas e cinema Luiz Ant\u00f4nio Pilar, o Musical Brasil Raiz, que tem dura\u00e7\u00e3o de duas horas, traz para o palco a beleza da vida no campo, com grandes sucessos da m\u00fasica caipira e sertaneja raiz. O espet\u00e1culo possui um grande elenco de atores renomados, com atua\u00e7\u00f5es e palcos e telenovelas&hellip; <\/p>\n","protected":false},"author":2,"featured_media":340903,"comment_status":"open","ping_status":"open","sticky":false,"template":"","format":"standard","meta":{"_acf_changed":false,"footnotes":""},"categories":[43],"tags":[],"class_list":["post-340905","post","type-post","status-publish","format-standard","has-post-thumbnail","hentry","category-sem-categoria"],"acf":[],"yoast_head":"<!-- This site is optimized with the Yoast SEO plugin v27.4 - https:\/\/yoast.com\/product\/yoast-seo-wordpress\/ -->\n<title>Petrolina recebe espet\u00e1culo Musical Brasil Raiz no final de semana - Blog do Farn\u00e9sio<\/title>\n<meta name=\"robots\" content=\"index, follow, max-snippet:-1, max-image-preview:large, max-video-preview:-1\" \/>\n<link rel=\"canonical\" href=\"https:\/\/blogdofarnesio.com.br\/?p=340905\" \/>\n<meta property=\"og:locale\" content=\"pt_BR\" \/>\n<meta property=\"og:type\" content=\"article\" \/>\n<meta property=\"og:title\" content=\"Petrolina recebe espet\u00e1culo Musical Brasil Raiz no final de semana - Blog do Farn\u00e9sio\" \/>\n<meta property=\"og:description\" content=\"Petrolina receber\u00e1 neste domingo (21), a partir das 19h, no Portal do Rio, Orla da cidade, o musical \u201cBrasil Raiz\u201d. O evento conta com apoio da Prefeitura Municipal, atrav\u00e9s da Secretaria Executiva de Cultura, e \u00e9 realizado pela iniciativa privada, via Lei de Incentivo \u00e0 Cultura. A apresenta\u00e7\u00e3o \u00e9 gratuita e aberta ao p\u00fablico. A grande produ\u00e7\u00e3o que j\u00e1 percorreu algumas cidades do Pa\u00eds, \u00e9 dirigida pelo diretor premiado de novelas e cinema Luiz Ant\u00f4nio Pilar, o Musical Brasil Raiz, que tem dura\u00e7\u00e3o de duas horas, traz para o palco a beleza da vida no campo, com grandes sucessos da m\u00fasica caipira e sertaneja raiz. O espet\u00e1culo possui um grande elenco de atores renomados, com atua\u00e7\u00f5es e palcos e telenovelas&hellip;\" \/>\n<meta property=\"og:url\" content=\"https:\/\/blogdofarnesio.com.br\/?p=340905\" \/>\n<meta property=\"og:site_name\" content=\"Blog do Farn\u00e9sio\" \/>\n<meta property=\"article:publisher\" content=\"https:\/\/www.facebook.com\/BlogQuerSaberPolitica\/\" \/>\n<meta property=\"article:author\" content=\"https:\/\/www.facebook.com\/?ref=tn_tnmn\" \/>\n<meta property=\"article:published_time\" content=\"2023-05-21T12:00:21+00:00\" \/>\n<meta property=\"og:image\" content=\"https:\/\/blogdofarnesio.com.br\/wp-content\/uploads\/2023\/05\/Musical-Brasil-Raiz-2-e1684427580341.jpeg\" \/>\n\t<meta property=\"og:image:width\" content=\"680\" \/>\n\t<meta property=\"og:image:height\" content=\"296\" \/>\n\t<meta property=\"og:image:type\" content=\"image\/jpeg\" \/>\n<meta name=\"author\" content=\"Farn\u00e9sio\" \/>\n<meta name=\"twitter:card\" content=\"summary_large_image\" \/>\n<meta name=\"twitter:label1\" content=\"Escrito por\" \/>\n\t<meta name=\"twitter:data1\" content=\"Farn\u00e9sio\" \/>\n\t<meta name=\"twitter:label2\" content=\"Est. tempo de leitura\" \/>\n\t<meta name=\"twitter:data2\" content=\"2 minutos\" \/>\n<script type=\"application\/ld+json\" class=\"yoast-schema-graph\">{\"@context\":\"https:\\\/\\\/schema.org\",\"@graph\":[{\"@type\":\"Article\",\"@id\":\"https:\\\/\\\/blogdofarnesio.com.br\\\/?p=340905#article\",\"isPartOf\":{\"@id\":\"https:\\\/\\\/blogdofarnesio.com.br\\\/?p=340905\"},\"author\":{\"name\":\"Farn\u00e9sio\",\"@id\":\"https:\\\/\\\/blogdofarnesio.com.br\\\/#\\\/schema\\\/person\\\/bb9b23ae3ad0609ce8df7b6c9e76824d\"},\"headline\":\"Petrolina recebe espet\u00e1culo Musical Brasil Raiz no final de semana\",\"datePublished\":\"2023-05-21T12:00:21+00:00\",\"mainEntityOfPage\":{\"@id\":\"https:\\\/\\\/blogdofarnesio.com.br\\\/?p=340905\"},\"wordCount\":261,\"commentCount\":0,\"publisher\":{\"@id\":\"https:\\\/\\\/blogdofarnesio.com.br\\\/#organization\"},\"image\":{\"@id\":\"https:\\\/\\\/blogdofarnesio.com.br\\\/?p=340905#primaryimage\"},\"thumbnailUrl\":\"https:\\\/\\\/blogdofarnesio.com.br\\\/wp-content\\\/uploads\\\/2023\\\/05\\\/Musical-Brasil-Raiz-2-e1684427580341.jpeg\",\"inLanguage\":\"pt-BR\",\"potentialAction\":[{\"@type\":\"CommentAction\",\"name\":\"Comment\",\"target\":[\"https:\\\/\\\/blogdofarnesio.com.br\\\/?p=340905#respond\"]}]},{\"@type\":\"WebPage\",\"@id\":\"https:\\\/\\\/blogdofarnesio.com.br\\\/?p=340905\",\"url\":\"https:\\\/\\\/blogdofarnesio.com.br\\\/?p=340905\",\"name\":\"Petrolina recebe espet\u00e1culo Musical Brasil Raiz no final de semana - Blog do Farn\u00e9sio\",\"isPartOf\":{\"@id\":\"https:\\\/\\\/blogdofarnesio.com.br\\\/#website\"},\"primaryImageOfPage\":{\"@id\":\"https:\\\/\\\/blogdofarnesio.com.br\\\/?p=340905#primaryimage\"},\"image\":{\"@id\":\"https:\\\/\\\/blogdofarnesio.com.br\\\/?p=340905#primaryimage\"},\"thumbnailUrl\":\"https:\\\/\\\/blogdofarnesio.com.br\\\/wp-content\\\/uploads\\\/2023\\\/05\\\/Musical-Brasil-Raiz-2-e1684427580341.jpeg\",\"datePublished\":\"2023-05-21T12:00:21+00:00\",\"breadcrumb\":{\"@id\":\"https:\\\/\\\/blogdofarnesio.com.br\\\/?p=340905#breadcrumb\"},\"inLanguage\":\"pt-BR\",\"potentialAction\":[{\"@type\":\"ReadAction\",\"target\":[\"https:\\\/\\\/blogdofarnesio.com.br\\\/?p=340905\"]}]},{\"@type\":\"ImageObject\",\"inLanguage\":\"pt-BR\",\"@id\":\"https:\\\/\\\/blogdofarnesio.com.br\\\/?p=340905#primaryimage\",\"url\":\"https:\\\/\\\/blogdofarnesio.com.br\\\/wp-content\\\/uploads\\\/2023\\\/05\\\/Musical-Brasil-Raiz-2-e1684427580341.jpeg\",\"contentUrl\":\"https:\\\/\\\/blogdofarnesio.com.br\\\/wp-content\\\/uploads\\\/2023\\\/05\\\/Musical-Brasil-Raiz-2-e1684427580341.jpeg\",\"width\":680,\"height\":296},{\"@type\":\"BreadcrumbList\",\"@id\":\"https:\\\/\\\/blogdofarnesio.com.br\\\/?p=340905#breadcrumb\",\"itemListElement\":[{\"@type\":\"ListItem\",\"position\":1,\"name\":\"In\u00edcio\",\"item\":\"https:\\\/\\\/blogdofarnesio.com.br\\\/\"},{\"@type\":\"ListItem\",\"position\":2,\"name\":\"Petrolina recebe espet\u00e1culo Musical Brasil Raiz no final de semana\"}]},{\"@type\":\"WebSite\",\"@id\":\"https:\\\/\\\/blogdofarnesio.com.br\\\/#website\",\"url\":\"https:\\\/\\\/blogdofarnesio.com.br\\\/\",\"name\":\"Blog do Farn\u00e9sio\",\"description\":\"Quer Saber Pol\u00edtica?\",\"publisher\":{\"@id\":\"https:\\\/\\\/blogdofarnesio.com.br\\\/#organization\"},\"potentialAction\":[{\"@type\":\"SearchAction\",\"target\":{\"@type\":\"EntryPoint\",\"urlTemplate\":\"https:\\\/\\\/blogdofarnesio.com.br\\\/?s={search_term_string}\"},\"query-input\":{\"@type\":\"PropertyValueSpecification\",\"valueRequired\":true,\"valueName\":\"search_term_string\"}}],\"inLanguage\":\"pt-BR\"},{\"@type\":\"Organization\",\"@id\":\"https:\\\/\\\/blogdofarnesio.com.br\\\/#organization\",\"name\":\"Blog do Farn\u00e9sio\",\"url\":\"https:\\\/\\\/blogdofarnesio.com.br\\\/\",\"logo\":{\"@type\":\"ImageObject\",\"inLanguage\":\"pt-BR\",\"@id\":\"https:\\\/\\\/blogdofarnesio.com.br\\\/#\\\/schema\\\/logo\\\/image\\\/\",\"url\":\"https:\\\/\\\/blogdofarnesio.com.br\\\/wp-content\\\/uploads\\\/2026\\\/03\\\/cropped-logo_new-1.png\",\"contentUrl\":\"https:\\\/\\\/blogdofarnesio.com.br\\\/wp-content\\\/uploads\\\/2026\\\/03\\\/cropped-logo_new-1.png\",\"width\":881,\"height\":685,\"caption\":\"Blog do Farn\u00e9sio\"},\"image\":{\"@id\":\"https:\\\/\\\/blogdofarnesio.com.br\\\/#\\\/schema\\\/logo\\\/image\\\/\"},\"sameAs\":[\"https:\\\/\\\/www.facebook.com\\\/BlogQuerSaberPolitica\\\/\"]},{\"@type\":\"Person\",\"@id\":\"https:\\\/\\\/blogdofarnesio.com.br\\\/#\\\/schema\\\/person\\\/bb9b23ae3ad0609ce8df7b6c9e76824d\",\"name\":\"Farn\u00e9sio\",\"image\":{\"@type\":\"ImageObject\",\"inLanguage\":\"pt-BR\",\"@id\":\"https:\\\/\\\/secure.gravatar.com\\\/avatar\\\/986aa4c61ccdb66f8555bf88fc2a65609d00bcabd4d2d94377a727547345cbca?s=96&d=mm&r=g\",\"url\":\"https:\\\/\\\/secure.gravatar.com\\\/avatar\\\/986aa4c61ccdb66f8555bf88fc2a65609d00bcabd4d2d94377a727547345cbca?s=96&d=mm&r=g\",\"contentUrl\":\"https:\\\/\\\/secure.gravatar.com\\\/avatar\\\/986aa4c61ccdb66f8555bf88fc2a65609d00bcabd4d2d94377a727547345cbca?s=96&d=mm&r=g\",\"caption\":\"Farn\u00e9sio\"},\"description\":\"Radialista blogueiro, chegou a Petrolina\\\/Juazeiro em setembro de 1980, Farn\u00e9sio Silva \u00e9 de Arapiraca-Alagoas.\",\"sameAs\":[\"http:\\\/\\\/blogdofarnesio.com.br\",\"https:\\\/\\\/www.facebook.com\\\/?ref=tn_tnmn\",\"https:\\\/\\\/www.instagram.com\\\/?utm_source=pwa_homescreen\",\"https:\\\/\\\/youtube.com.br\\\/\"],\"url\":\"https:\\\/\\\/blogdofarnesio.com.br\\\/?author=2\"}]}<\/script>\n<!-- \/ Yoast SEO plugin. -->","yoast_head_json":{"title":"Petrolina recebe espet\u00e1culo Musical Brasil Raiz no final de semana - Blog do Farn\u00e9sio","robots":{"index":"index","follow":"follow","max-snippet":"max-snippet:-1","max-image-preview":"max-image-preview:large","max-video-preview":"max-video-preview:-1"},"canonical":"https:\/\/blogdofarnesio.com.br\/?p=340905","og_locale":"pt_BR","og_type":"article","og_title":"Petrolina recebe espet\u00e1culo Musical Brasil Raiz no final de semana - Blog do Farn\u00e9sio","og_description":"Petrolina receber\u00e1 neste domingo (21), a partir das 19h, no Portal do Rio, Orla da cidade, o musical \u201cBrasil Raiz\u201d. O evento conta com apoio da Prefeitura Municipal, atrav\u00e9s da Secretaria Executiva de Cultura, e \u00e9 realizado pela iniciativa privada, via Lei de Incentivo \u00e0 Cultura. A apresenta\u00e7\u00e3o \u00e9 gratuita e aberta ao p\u00fablico. A grande produ\u00e7\u00e3o que j\u00e1 percorreu algumas cidades do Pa\u00eds, \u00e9 dirigida pelo diretor premiado de novelas e cinema Luiz Ant\u00f4nio Pilar, o Musical Brasil Raiz, que tem dura\u00e7\u00e3o de duas horas, traz para o palco a beleza da vida no campo, com grandes sucessos da m\u00fasica caipira e sertaneja raiz. O espet\u00e1culo possui um grande elenco de atores renomados, com atua\u00e7\u00f5es e palcos e telenovelas&hellip;","og_url":"https:\/\/blogdofarnesio.com.br\/?p=340905","og_site_name":"Blog do Farn\u00e9sio","article_publisher":"https:\/\/www.facebook.com\/BlogQuerSaberPolitica\/","article_author":"https:\/\/www.facebook.com\/?ref=tn_tnmn","article_published_time":"2023-05-21T12:00:21+00:00","og_image":[{"width":680,"height":296,"url":"https:\/\/blogdofarnesio.com.br\/wp-content\/uploads\/2023\/05\/Musical-Brasil-Raiz-2-e1684427580341.jpeg","type":"image\/jpeg"}],"author":"Farn\u00e9sio","twitter_card":"summary_large_image","twitter_misc":{"Escrito por":"Farn\u00e9sio","Est. tempo de leitura":"2 minutos"},"schema":{"@context":"https:\/\/schema.org","@graph":[{"@type":"Article","@id":"https:\/\/blogdofarnesio.com.br\/?p=340905#article","isPartOf":{"@id":"https:\/\/blogdofarnesio.com.br\/?p=340905"},"author":{"name":"Farn\u00e9sio","@id":"https:\/\/blogdofarnesio.com.br\/#\/schema\/person\/bb9b23ae3ad0609ce8df7b6c9e76824d"},"headline":"Petrolina recebe espet\u00e1culo Musical Brasil Raiz no final de semana","datePublished":"2023-05-21T12:00:21+00:00","mainEntityOfPage":{"@id":"https:\/\/blogdofarnesio.com.br\/?p=340905"},"wordCount":261,"commentCount":0,"publisher":{"@id":"https:\/\/blogdofarnesio.com.br\/#organization"},"image":{"@id":"https:\/\/blogdofarnesio.com.br\/?p=340905#primaryimage"},"thumbnailUrl":"https:\/\/blogdofarnesio.com.br\/wp-content\/uploads\/2023\/05\/Musical-Brasil-Raiz-2-e1684427580341.jpeg","inLanguage":"pt-BR","potentialAction":[{"@type":"CommentAction","name":"Comment","target":["https:\/\/blogdofarnesio.com.br\/?p=340905#respond"]}]},{"@type":"WebPage","@id":"https:\/\/blogdofarnesio.com.br\/?p=340905","url":"https:\/\/blogdofarnesio.com.br\/?p=340905","name":"Petrolina recebe espet\u00e1culo Musical Brasil Raiz no final de semana - Blog do Farn\u00e9sio","isPartOf":{"@id":"https:\/\/blogdofarnesio.com.br\/#website"},"primaryImageOfPage":{"@id":"https:\/\/blogdofarnesio.com.br\/?p=340905#primaryimage"},"image":{"@id":"https:\/\/blogdofarnesio.com.br\/?p=340905#primaryimage"},"thumbnailUrl":"https:\/\/blogdofarnesio.com.br\/wp-content\/uploads\/2023\/05\/Musical-Brasil-Raiz-2-e1684427580341.jpeg","datePublished":"2023-05-21T12:00:21+00:00","breadcrumb":{"@id":"https:\/\/blogdofarnesio.com.br\/?p=340905#breadcrumb"},"inLanguage":"pt-BR","potentialAction":[{"@type":"ReadAction","target":["https:\/\/blogdofarnesio.com.br\/?p=340905"]}]},{"@type":"ImageObject","inLanguage":"pt-BR","@id":"https:\/\/blogdofarnesio.com.br\/?p=340905#primaryimage","url":"https:\/\/blogdofarnesio.com.br\/wp-content\/uploads\/2023\/05\/Musical-Brasil-Raiz-2-e1684427580341.jpeg","contentUrl":"https:\/\/blogdofarnesio.com.br\/wp-content\/uploads\/2023\/05\/Musical-Brasil-Raiz-2-e1684427580341.jpeg","width":680,"height":296},{"@type":"BreadcrumbList","@id":"https:\/\/blogdofarnesio.com.br\/?p=340905#breadcrumb","itemListElement":[{"@type":"ListItem","position":1,"name":"In\u00edcio","item":"https:\/\/blogdofarnesio.com.br\/"},{"@type":"ListItem","position":2,"name":"Petrolina recebe espet\u00e1culo Musical Brasil Raiz no final de semana"}]},{"@type":"WebSite","@id":"https:\/\/blogdofarnesio.com.br\/#website","url":"https:\/\/blogdofarnesio.com.br\/","name":"Blog do Farn\u00e9sio","description":"Quer Saber Pol\u00edtica?","publisher":{"@id":"https:\/\/blogdofarnesio.com.br\/#organization"},"potentialAction":[{"@type":"SearchAction","target":{"@type":"EntryPoint","urlTemplate":"https:\/\/blogdofarnesio.com.br\/?s={search_term_string}"},"query-input":{"@type":"PropertyValueSpecification","valueRequired":true,"valueName":"search_term_string"}}],"inLanguage":"pt-BR"},{"@type":"Organization","@id":"https:\/\/blogdofarnesio.com.br\/#organization","name":"Blog do Farn\u00e9sio","url":"https:\/\/blogdofarnesio.com.br\/","logo":{"@type":"ImageObject","inLanguage":"pt-BR","@id":"https:\/\/blogdofarnesio.com.br\/#\/schema\/logo\/image\/","url":"https:\/\/blogdofarnesio.com.br\/wp-content\/uploads\/2026\/03\/cropped-logo_new-1.png","contentUrl":"https:\/\/blogdofarnesio.com.br\/wp-content\/uploads\/2026\/03\/cropped-logo_new-1.png","width":881,"height":685,"caption":"Blog do Farn\u00e9sio"},"image":{"@id":"https:\/\/blogdofarnesio.com.br\/#\/schema\/logo\/image\/"},"sameAs":["https:\/\/www.facebook.com\/BlogQuerSaberPolitica\/"]},{"@type":"Person","@id":"https:\/\/blogdofarnesio.com.br\/#\/schema\/person\/bb9b23ae3ad0609ce8df7b6c9e76824d","name":"Farn\u00e9sio","image":{"@type":"ImageObject","inLanguage":"pt-BR","@id":"https:\/\/secure.gravatar.com\/avatar\/986aa4c61ccdb66f8555bf88fc2a65609d00bcabd4d2d94377a727547345cbca?s=96&d=mm&r=g","url":"https:\/\/secure.gravatar.com\/avatar\/986aa4c61ccdb66f8555bf88fc2a65609d00bcabd4d2d94377a727547345cbca?s=96&d=mm&r=g","contentUrl":"https:\/\/secure.gravatar.com\/avatar\/986aa4c61ccdb66f8555bf88fc2a65609d00bcabd4d2d94377a727547345cbca?s=96&d=mm&r=g","caption":"Farn\u00e9sio"},"description":"Radialista blogueiro, chegou a Petrolina\/Juazeiro em setembro de 1980, Farn\u00e9sio Silva \u00e9 de Arapiraca-Alagoas.","sameAs":["http:\/\/blogdofarnesio.com.br","https:\/\/www.facebook.com\/?ref=tn_tnmn","https:\/\/www.instagram.com\/?utm_source=pwa_homescreen","https:\/\/youtube.com.br\/"],"url":"https:\/\/blogdofarnesio.com.br\/?author=2"}]}},"_links":{"self":[{"href":"https:\/\/blogdofarnesio.com.br\/index.php?rest_route=\/wp\/v2\/posts\/340905","targetHints":{"allow":["GET"]}}],"collection":[{"href":"https:\/\/blogdofarnesio.com.br\/index.php?rest_route=\/wp\/v2\/posts"}],"about":[{"href":"https:\/\/blogdofarnesio.com.br\/index.php?rest_route=\/wp\/v2\/types\/post"}],"author":[{"embeddable":true,"href":"https:\/\/blogdofarnesio.com.br\/index.php?rest_route=\/wp\/v2\/users\/2"}],"replies":[{"embeddable":true,"href":"https:\/\/blogdofarnesio.com.br\/index.php?rest_route=%2Fwp%2Fv2%2Fcomments&post=340905"}],"version-history":[{"count":0,"href":"https:\/\/blogdofarnesio.com.br\/index.php?rest_route=\/wp\/v2\/posts\/340905\/revisions"}],"wp:featuredmedia":[{"embeddable":true,"href":"https:\/\/blogdofarnesio.com.br\/index.php?rest_route=\/wp\/v2\/media\/340903"}],"wp:attachment":[{"href":"https:\/\/blogdofarnesio.com.br\/index.php?rest_route=%2Fwp%2Fv2%2Fmedia&parent=340905"}],"wp:term":[{"taxonomy":"category","embeddable":true,"href":"https:\/\/blogdofarnesio.com.br\/index.php?rest_route=%2Fwp%2Fv2%2Fcategories&post=340905"},{"taxonomy":"post_tag","embeddable":true,"href":"https:\/\/blogdofarnesio.com.br\/index.php?rest_route=%2Fwp%2Fv2%2Ftags&post=340905"}],"curies":[{"name":"wp","href":"https:\/\/api.w.org\/{rel}","templated":true}]}}