{"id":34076,"date":"2013-03-30T11:00:41","date_gmt":"2013-03-30T14:00:41","guid":{"rendered":"http:\/\/www.quersaberpolitica.com.br\/?p=34076"},"modified":"2013-03-30T08:43:48","modified_gmt":"2013-03-30T11:43:48","slug":"luiz-vicente-berti-discute-seguranca-publica-com-comando-da-cprn","status":"publish","type":"post","link":"https:\/\/blogdofarnesio.com.br\/?p=34076","title":{"rendered":"LUIZ VICENTE BERTI DISCUTE SEGURAN\u00c7A P\u00daBLICA COM COMANDO DA CPRN"},"content":{"rendered":"<h3><a href=\"http:\/\/blogdofranciscoferreirasilva.blogspot.com.br\/2013\/03\/luiz-vicente-berti-discute-seguranca_29.html\"><img decoding=\"async\" class=\"alignleft\" style=\"text-align: justify\" alt=\"\" src=\"http:\/\/1.bp.blogspot.com\/-TRI6SIUtEu4\/UVYzjYgWizI\/AAAAAAAAft8\/LtjE375tRxw\/s400\/mail.google.com.jpg\" \/><\/a><\/h3>\n<div>\n<div style=\"text-align: justify\">O prefeito de Sobradinho e presidente do Cons\u00f3rcio de Desenvolvimento Sustent\u00e1vel Territ\u00f3rio do Sert\u00e3o do S\u00e3o Francisco \u2013 CONSTESF, Luiz Vicente Berti, esteve reunido \u00a0com o respons\u00e1vel pelo comando da Companhia de Policiamento Regi\u00e3o Norte, o tenente-coronel Carlos Alberto Neves, para discutir estrat\u00e9gias e a\u00e7\u00f5es de seguran\u00e7a p\u00fablica nas dez cidades que comp\u00f5e o Cons\u00f3rcio.<\/div>\n<div style=\"text-align: justify\">Acompanhado do consultor t\u00e9cnico do Constesf, Valdemar Borges e do secret\u00e1rio Executivo Benigno Fran\u00e7a, o prefeito elogiou o trabalho do \u00f3rg\u00e3o e prop\u00f4s uma maior aproxima\u00e7\u00e3o da entidade com as Prefeituras.<\/div>\n<div><\/div>\n<div style=\"text-align: justify\">\u201cO CPRN realiza um trabalho muito importante na regi\u00e3o. Por isso o Constesf est\u00e1 \u00e0 disposi\u00e7\u00e3o da institui\u00e7\u00e3o, assim como de todos os demais \u00f3rg\u00e3os de Seguran\u00e7a P\u00fablica presentes nas cidades\u201d, afirmou Luiz Vicente, que agendou para abril um simp\u00f3sio com o Comando da Policia Militar e as prefeituras que comp\u00f5em o Constesf.<!--more--><\/div>\n<div style=\"text-align: justify\"><\/div>\n<div style=\"text-align: justify\">\u201cVamos conhecer as condi\u00e7\u00f5es de cada prefeitura, avaliar e discutir as demandas para viabilizar parcerias no que for poss\u00edvel. Vamos estreitar os la\u00e7os entre as prefeituras e Policia Militar para caminharmos juntos em prol da seguran\u00e7a p\u00fablica\u201d, completou.<\/div>\n<div><\/div>\n<div style=\"text-align: justify\">O tenente-coronel Neves afirma que a Policia Militar tem um compromisso muito grande com o policiamento da Regi\u00e3o Norte; \u201cE Integrar esse trabalho com as prefeituras \u00e9 muito importante, pois seguran\u00e7a p\u00fablica \u00e9 um direito e dever de todos\u201d, destacou o Subcomandante Neves. \u201cEsperamos que essas parcerias cres\u00e7am e que esse relacionamento se reflita de forma positiva para a popula\u00e7\u00e3o. A Policia Militar evoluiu muito, mas precisamos ainda, avan\u00e7ar muito mais\u201d.<\/div>\n<div><\/div>\n<div style=\"text-align: justify\">Al\u00e9m de Sobradinho, integram o Constesf os munic\u00edpios de Juazeiro, Campo Alegre de Lourdes, Canudos, Casa Nova, Cura\u00e7\u00e1, Pil\u00e3o Arcado, Remanso, Sento S\u00e9 e Uau\u00e1. \u00a0O Cons\u00f3rcio tem a finalidade de elaborar propostas para o desenvolvimento sustent\u00e1vel regional, inclusive realizando debates e executando estudos t\u00e9cnicos e pesquisas, elaborando e monitorando planos, projetos e programas, para obten\u00e7\u00e3o de recursos estaduais ou federais.<\/div>\n<\/div>\n","protected":false},"excerpt":{"rendered":"<p>O prefeito de Sobradinho e presidente do Cons\u00f3rcio de Desenvolvimento Sustent\u00e1vel Territ\u00f3rio do Sert\u00e3o do S\u00e3o Francisco \u2013 CONSTESF, Luiz Vicente Berti, esteve reunido \u00a0com o respons\u00e1vel pelo comando da Companhia de Policiamento Regi\u00e3o Norte, o tenente-coronel Carlos Alberto Neves, para discutir estrat\u00e9gias e a\u00e7\u00f5es de seguran\u00e7a p\u00fablica nas dez cidades que comp\u00f5e o Cons\u00f3rcio. Acompanhado do consultor t\u00e9cnico do Constesf, Valdemar Borges e do secret\u00e1rio Executivo Benigno Fran\u00e7a, o prefeito elogiou o trabalho do \u00f3rg\u00e3o e prop\u00f4s uma maior aproxima\u00e7\u00e3o da entidade com as Prefeituras. \u201cO CPRN realiza um trabalho muito importante na regi\u00e3o. Por isso o Constesf est\u00e1 \u00e0 disposi\u00e7\u00e3o da institui\u00e7\u00e3o, assim como de todos os demais \u00f3rg\u00e3os de Seguran\u00e7a P\u00fablica presentes nas cidades\u201d, afirmou Luiz Vicente,&hellip; <\/p>\n","protected":false},"author":3,"featured_media":0,"comment_status":"open","ping_status":"open","sticky":false,"template":"","format":"standard","meta":{"_acf_changed":false,"footnotes":""},"categories":[27],"tags":[],"class_list":["post-34076","post","type-post","status-publish","format-standard","hentry","category-cidades"],"acf":[],"yoast_head":"<!-- This site is optimized with the Yoast SEO plugin v27.4 - https:\/\/yoast.com\/product\/yoast-seo-wordpress\/ -->\n<title>LUIZ VICENTE BERTI DISCUTE SEGURAN\u00c7A P\u00daBLICA COM COMANDO DA CPRN - Blog do Farn\u00e9sio<\/title>\n<meta name=\"robots\" content=\"index, follow, max-snippet:-1, max-image-preview:large, max-video-preview:-1\" \/>\n<link rel=\"canonical\" href=\"https:\/\/blogdofarnesio.com.br\/?p=34076\" \/>\n<meta property=\"og:locale\" content=\"pt_BR\" \/>\n<meta property=\"og:type\" content=\"article\" \/>\n<meta property=\"og:title\" content=\"LUIZ VICENTE BERTI DISCUTE SEGURAN\u00c7A P\u00daBLICA COM COMANDO DA CPRN - Blog do Farn\u00e9sio\" \/>\n<meta property=\"og:description\" content=\"O prefeito de Sobradinho e presidente do Cons\u00f3rcio de Desenvolvimento Sustent\u00e1vel Territ\u00f3rio do Sert\u00e3o do S\u00e3o Francisco \u2013 CONSTESF, Luiz Vicente Berti, esteve reunido \u00a0com o respons\u00e1vel pelo comando da Companhia de Policiamento Regi\u00e3o Norte, o tenente-coronel Carlos Alberto Neves, para discutir estrat\u00e9gias e a\u00e7\u00f5es de seguran\u00e7a p\u00fablica nas dez cidades que comp\u00f5e o Cons\u00f3rcio. Acompanhado do consultor t\u00e9cnico do Constesf, Valdemar Borges e do secret\u00e1rio Executivo Benigno Fran\u00e7a, o prefeito elogiou o trabalho do \u00f3rg\u00e3o e prop\u00f4s uma maior aproxima\u00e7\u00e3o da entidade com as Prefeituras. \u201cO CPRN realiza um trabalho muito importante na regi\u00e3o. Por isso o Constesf est\u00e1 \u00e0 disposi\u00e7\u00e3o da institui\u00e7\u00e3o, assim como de todos os demais \u00f3rg\u00e3os de Seguran\u00e7a P\u00fablica presentes nas cidades\u201d, afirmou Luiz Vicente,&hellip;\" \/>\n<meta property=\"og:url\" content=\"https:\/\/blogdofarnesio.com.br\/?p=34076\" \/>\n<meta property=\"og:site_name\" content=\"Blog do Farn\u00e9sio\" \/>\n<meta property=\"article:publisher\" content=\"https:\/\/www.facebook.com\/BlogQuerSaberPolitica\/\" \/>\n<meta property=\"article:published_time\" content=\"2013-03-30T14:00:41+00:00\" \/>\n<meta property=\"og:image\" content=\"http:\/\/1.bp.blogspot.com\/-TRI6SIUtEu4\/UVYzjYgWizI\/AAAAAAAAft8\/LtjE375tRxw\/s400\/mail.google.com.jpg\" \/>\n<meta name=\"author\" content=\"teste\" \/>\n<meta name=\"twitter:card\" content=\"summary_large_image\" \/>\n<meta name=\"twitter:label1\" content=\"Escrito por\" \/>\n\t<meta name=\"twitter:data1\" content=\"teste\" \/>\n\t<meta name=\"twitter:label2\" content=\"Est. tempo de leitura\" \/>\n\t<meta name=\"twitter:data2\" content=\"2 minutos\" \/>\n<script type=\"application\/ld+json\" class=\"yoast-schema-graph\">{\"@context\":\"https:\\\/\\\/schema.org\",\"@graph\":[{\"@type\":\"Article\",\"@id\":\"https:\\\/\\\/blogdofarnesio.com.br\\\/?p=34076#article\",\"isPartOf\":{\"@id\":\"https:\\\/\\\/blogdofarnesio.com.br\\\/?p=34076\"},\"author\":{\"name\":\"teste\",\"@id\":\"https:\\\/\\\/blogdofarnesio.com.br\\\/#\\\/schema\\\/person\\\/dd1bf5eba40b687199ba45ca6b97dff9\"},\"headline\":\"LUIZ VICENTE BERTI DISCUTE SEGURAN\u00c7A P\u00daBLICA COM COMANDO DA CPRN\",\"datePublished\":\"2013-03-30T14:00:41+00:00\",\"mainEntityOfPage\":{\"@id\":\"https:\\\/\\\/blogdofarnesio.com.br\\\/?p=34076\"},\"wordCount\":362,\"commentCount\":0,\"publisher\":{\"@id\":\"https:\\\/\\\/blogdofarnesio.com.br\\\/#organization\"},\"image\":{\"@id\":\"https:\\\/\\\/blogdofarnesio.com.br\\\/?p=34076#primaryimage\"},\"thumbnailUrl\":\"http:\\\/\\\/1.bp.blogspot.com\\\/-TRI6SIUtEu4\\\/UVYzjYgWizI\\\/AAAAAAAAft8\\\/LtjE375tRxw\\\/s400\\\/mail.google.com.jpg\",\"articleSection\":[\"Cidades\"],\"inLanguage\":\"pt-BR\",\"potentialAction\":[{\"@type\":\"CommentAction\",\"name\":\"Comment\",\"target\":[\"https:\\\/\\\/blogdofarnesio.com.br\\\/?p=34076#respond\"]}]},{\"@type\":\"WebPage\",\"@id\":\"https:\\\/\\\/blogdofarnesio.com.br\\\/?p=34076\",\"url\":\"https:\\\/\\\/blogdofarnesio.com.br\\\/?p=34076\",\"name\":\"LUIZ VICENTE BERTI DISCUTE SEGURAN\u00c7A P\u00daBLICA COM COMANDO DA CPRN - Blog do Farn\u00e9sio\",\"isPartOf\":{\"@id\":\"https:\\\/\\\/blogdofarnesio.com.br\\\/#website\"},\"primaryImageOfPage\":{\"@id\":\"https:\\\/\\\/blogdofarnesio.com.br\\\/?p=34076#primaryimage\"},\"image\":{\"@id\":\"https:\\\/\\\/blogdofarnesio.com.br\\\/?p=34076#primaryimage\"},\"thumbnailUrl\":\"http:\\\/\\\/1.bp.blogspot.com\\\/-TRI6SIUtEu4\\\/UVYzjYgWizI\\\/AAAAAAAAft8\\\/LtjE375tRxw\\\/s400\\\/mail.google.com.jpg\",\"datePublished\":\"2013-03-30T14:00:41+00:00\",\"breadcrumb\":{\"@id\":\"https:\\\/\\\/blogdofarnesio.com.br\\\/?p=34076#breadcrumb\"},\"inLanguage\":\"pt-BR\",\"potentialAction\":[{\"@type\":\"ReadAction\",\"target\":[\"https:\\\/\\\/blogdofarnesio.com.br\\\/?p=34076\"]}]},{\"@type\":\"ImageObject\",\"inLanguage\":\"pt-BR\",\"@id\":\"https:\\\/\\\/blogdofarnesio.com.br\\\/?p=34076#primaryimage\",\"url\":\"http:\\\/\\\/1.bp.blogspot.com\\\/-TRI6SIUtEu4\\\/UVYzjYgWizI\\\/AAAAAAAAft8\\\/LtjE375tRxw\\\/s400\\\/mail.google.com.jpg\",\"contentUrl\":\"http:\\\/\\\/1.bp.blogspot.com\\\/-TRI6SIUtEu4\\\/UVYzjYgWizI\\\/AAAAAAAAft8\\\/LtjE375tRxw\\\/s400\\\/mail.google.com.jpg\"},{\"@type\":\"BreadcrumbList\",\"@id\":\"https:\\\/\\\/blogdofarnesio.com.br\\\/?p=34076#breadcrumb\",\"itemListElement\":[{\"@type\":\"ListItem\",\"position\":1,\"name\":\"In\u00edcio\",\"item\":\"https:\\\/\\\/blogdofarnesio.com.br\\\/\"},{\"@type\":\"ListItem\",\"position\":2,\"name\":\"LUIZ VICENTE BERTI DISCUTE SEGURAN\u00c7A P\u00daBLICA COM COMANDO DA CPRN\"}]},{\"@type\":\"WebSite\",\"@id\":\"https:\\\/\\\/blogdofarnesio.com.br\\\/#website\",\"url\":\"https:\\\/\\\/blogdofarnesio.com.br\\\/\",\"name\":\"Blog do Farn\u00e9sio\",\"description\":\"Quer Saber Pol\u00edtica?\",\"publisher\":{\"@id\":\"https:\\\/\\\/blogdofarnesio.com.br\\\/#organization\"},\"potentialAction\":[{\"@type\":\"SearchAction\",\"target\":{\"@type\":\"EntryPoint\",\"urlTemplate\":\"https:\\\/\\\/blogdofarnesio.com.br\\\/?s={search_term_string}\"},\"query-input\":{\"@type\":\"PropertyValueSpecification\",\"valueRequired\":true,\"valueName\":\"search_term_string\"}}],\"inLanguage\":\"pt-BR\"},{\"@type\":\"Organization\",\"@id\":\"https:\\\/\\\/blogdofarnesio.com.br\\\/#organization\",\"name\":\"Blog do Farn\u00e9sio\",\"url\":\"https:\\\/\\\/blogdofarnesio.com.br\\\/\",\"logo\":{\"@type\":\"ImageObject\",\"inLanguage\":\"pt-BR\",\"@id\":\"https:\\\/\\\/blogdofarnesio.com.br\\\/#\\\/schema\\\/logo\\\/image\\\/\",\"url\":\"https:\\\/\\\/blogdofarnesio.com.br\\\/wp-content\\\/uploads\\\/2026\\\/03\\\/cropped-logo_new-1.png\",\"contentUrl\":\"https:\\\/\\\/blogdofarnesio.com.br\\\/wp-content\\\/uploads\\\/2026\\\/03\\\/cropped-logo_new-1.png\",\"width\":881,\"height\":685,\"caption\":\"Blog do Farn\u00e9sio\"},\"image\":{\"@id\":\"https:\\\/\\\/blogdofarnesio.com.br\\\/#\\\/schema\\\/logo\\\/image\\\/\"},\"sameAs\":[\"https:\\\/\\\/www.facebook.com\\\/BlogQuerSaberPolitica\\\/\"]},{\"@type\":\"Person\",\"@id\":\"https:\\\/\\\/blogdofarnesio.com.br\\\/#\\\/schema\\\/person\\\/dd1bf5eba40b687199ba45ca6b97dff9\",\"name\":\"teste\",\"image\":{\"@type\":\"ImageObject\",\"inLanguage\":\"pt-BR\",\"@id\":\"https:\\\/\\\/secure.gravatar.com\\\/avatar\\\/2172498d4914b51e1d89a0f97957b035ac4938723a5cac208135d389b6972a6d?s=96&d=mm&r=g\",\"url\":\"https:\\\/\\\/secure.gravatar.com\\\/avatar\\\/2172498d4914b51e1d89a0f97957b035ac4938723a5cac208135d389b6972a6d?s=96&d=mm&r=g\",\"contentUrl\":\"https:\\\/\\\/secure.gravatar.com\\\/avatar\\\/2172498d4914b51e1d89a0f97957b035ac4938723a5cac208135d389b6972a6d?s=96&d=mm&r=g\",\"caption\":\"teste\"},\"url\":\"https:\\\/\\\/blogdofarnesio.com.br\\\/?author=3\"}]}<\/script>\n<!-- \/ Yoast SEO plugin. -->","yoast_head_json":{"title":"LUIZ VICENTE BERTI DISCUTE SEGURAN\u00c7A P\u00daBLICA COM COMANDO DA CPRN - Blog do Farn\u00e9sio","robots":{"index":"index","follow":"follow","max-snippet":"max-snippet:-1","max-image-preview":"max-image-preview:large","max-video-preview":"max-video-preview:-1"},"canonical":"https:\/\/blogdofarnesio.com.br\/?p=34076","og_locale":"pt_BR","og_type":"article","og_title":"LUIZ VICENTE BERTI DISCUTE SEGURAN\u00c7A P\u00daBLICA COM COMANDO DA CPRN - Blog do Farn\u00e9sio","og_description":"O prefeito de Sobradinho e presidente do Cons\u00f3rcio de Desenvolvimento Sustent\u00e1vel Territ\u00f3rio do Sert\u00e3o do S\u00e3o Francisco \u2013 CONSTESF, Luiz Vicente Berti, esteve reunido \u00a0com o respons\u00e1vel pelo comando da Companhia de Policiamento Regi\u00e3o Norte, o tenente-coronel Carlos Alberto Neves, para discutir estrat\u00e9gias e a\u00e7\u00f5es de seguran\u00e7a p\u00fablica nas dez cidades que comp\u00f5e o Cons\u00f3rcio. Acompanhado do consultor t\u00e9cnico do Constesf, Valdemar Borges e do secret\u00e1rio Executivo Benigno Fran\u00e7a, o prefeito elogiou o trabalho do \u00f3rg\u00e3o e prop\u00f4s uma maior aproxima\u00e7\u00e3o da entidade com as Prefeituras. \u201cO CPRN realiza um trabalho muito importante na regi\u00e3o. Por isso o Constesf est\u00e1 \u00e0 disposi\u00e7\u00e3o da institui\u00e7\u00e3o, assim como de todos os demais \u00f3rg\u00e3os de Seguran\u00e7a P\u00fablica presentes nas cidades\u201d, afirmou Luiz Vicente,&hellip;","og_url":"https:\/\/blogdofarnesio.com.br\/?p=34076","og_site_name":"Blog do Farn\u00e9sio","article_publisher":"https:\/\/www.facebook.com\/BlogQuerSaberPolitica\/","article_published_time":"2013-03-30T14:00:41+00:00","og_image":[{"url":"http:\/\/1.bp.blogspot.com\/-TRI6SIUtEu4\/UVYzjYgWizI\/AAAAAAAAft8\/LtjE375tRxw\/s400\/mail.google.com.jpg","type":"","width":"","height":""}],"author":"teste","twitter_card":"summary_large_image","twitter_misc":{"Escrito por":"teste","Est. tempo de leitura":"2 minutos"},"schema":{"@context":"https:\/\/schema.org","@graph":[{"@type":"Article","@id":"https:\/\/blogdofarnesio.com.br\/?p=34076#article","isPartOf":{"@id":"https:\/\/blogdofarnesio.com.br\/?p=34076"},"author":{"name":"teste","@id":"https:\/\/blogdofarnesio.com.br\/#\/schema\/person\/dd1bf5eba40b687199ba45ca6b97dff9"},"headline":"LUIZ VICENTE BERTI DISCUTE SEGURAN\u00c7A P\u00daBLICA COM COMANDO DA CPRN","datePublished":"2013-03-30T14:00:41+00:00","mainEntityOfPage":{"@id":"https:\/\/blogdofarnesio.com.br\/?p=34076"},"wordCount":362,"commentCount":0,"publisher":{"@id":"https:\/\/blogdofarnesio.com.br\/#organization"},"image":{"@id":"https:\/\/blogdofarnesio.com.br\/?p=34076#primaryimage"},"thumbnailUrl":"http:\/\/1.bp.blogspot.com\/-TRI6SIUtEu4\/UVYzjYgWizI\/AAAAAAAAft8\/LtjE375tRxw\/s400\/mail.google.com.jpg","articleSection":["Cidades"],"inLanguage":"pt-BR","potentialAction":[{"@type":"CommentAction","name":"Comment","target":["https:\/\/blogdofarnesio.com.br\/?p=34076#respond"]}]},{"@type":"WebPage","@id":"https:\/\/blogdofarnesio.com.br\/?p=34076","url":"https:\/\/blogdofarnesio.com.br\/?p=34076","name":"LUIZ VICENTE BERTI DISCUTE SEGURAN\u00c7A P\u00daBLICA COM COMANDO DA CPRN - Blog do Farn\u00e9sio","isPartOf":{"@id":"https:\/\/blogdofarnesio.com.br\/#website"},"primaryImageOfPage":{"@id":"https:\/\/blogdofarnesio.com.br\/?p=34076#primaryimage"},"image":{"@id":"https:\/\/blogdofarnesio.com.br\/?p=34076#primaryimage"},"thumbnailUrl":"http:\/\/1.bp.blogspot.com\/-TRI6SIUtEu4\/UVYzjYgWizI\/AAAAAAAAft8\/LtjE375tRxw\/s400\/mail.google.com.jpg","datePublished":"2013-03-30T14:00:41+00:00","breadcrumb":{"@id":"https:\/\/blogdofarnesio.com.br\/?p=34076#breadcrumb"},"inLanguage":"pt-BR","potentialAction":[{"@type":"ReadAction","target":["https:\/\/blogdofarnesio.com.br\/?p=34076"]}]},{"@type":"ImageObject","inLanguage":"pt-BR","@id":"https:\/\/blogdofarnesio.com.br\/?p=34076#primaryimage","url":"http:\/\/1.bp.blogspot.com\/-TRI6SIUtEu4\/UVYzjYgWizI\/AAAAAAAAft8\/LtjE375tRxw\/s400\/mail.google.com.jpg","contentUrl":"http:\/\/1.bp.blogspot.com\/-TRI6SIUtEu4\/UVYzjYgWizI\/AAAAAAAAft8\/LtjE375tRxw\/s400\/mail.google.com.jpg"},{"@type":"BreadcrumbList","@id":"https:\/\/blogdofarnesio.com.br\/?p=34076#breadcrumb","itemListElement":[{"@type":"ListItem","position":1,"name":"In\u00edcio","item":"https:\/\/blogdofarnesio.com.br\/"},{"@type":"ListItem","position":2,"name":"LUIZ VICENTE BERTI DISCUTE SEGURAN\u00c7A P\u00daBLICA COM COMANDO DA CPRN"}]},{"@type":"WebSite","@id":"https:\/\/blogdofarnesio.com.br\/#website","url":"https:\/\/blogdofarnesio.com.br\/","name":"Blog do Farn\u00e9sio","description":"Quer Saber Pol\u00edtica?","publisher":{"@id":"https:\/\/blogdofarnesio.com.br\/#organization"},"potentialAction":[{"@type":"SearchAction","target":{"@type":"EntryPoint","urlTemplate":"https:\/\/blogdofarnesio.com.br\/?s={search_term_string}"},"query-input":{"@type":"PropertyValueSpecification","valueRequired":true,"valueName":"search_term_string"}}],"inLanguage":"pt-BR"},{"@type":"Organization","@id":"https:\/\/blogdofarnesio.com.br\/#organization","name":"Blog do Farn\u00e9sio","url":"https:\/\/blogdofarnesio.com.br\/","logo":{"@type":"ImageObject","inLanguage":"pt-BR","@id":"https:\/\/blogdofarnesio.com.br\/#\/schema\/logo\/image\/","url":"https:\/\/blogdofarnesio.com.br\/wp-content\/uploads\/2026\/03\/cropped-logo_new-1.png","contentUrl":"https:\/\/blogdofarnesio.com.br\/wp-content\/uploads\/2026\/03\/cropped-logo_new-1.png","width":881,"height":685,"caption":"Blog do Farn\u00e9sio"},"image":{"@id":"https:\/\/blogdofarnesio.com.br\/#\/schema\/logo\/image\/"},"sameAs":["https:\/\/www.facebook.com\/BlogQuerSaberPolitica\/"]},{"@type":"Person","@id":"https:\/\/blogdofarnesio.com.br\/#\/schema\/person\/dd1bf5eba40b687199ba45ca6b97dff9","name":"teste","image":{"@type":"ImageObject","inLanguage":"pt-BR","@id":"https:\/\/secure.gravatar.com\/avatar\/2172498d4914b51e1d89a0f97957b035ac4938723a5cac208135d389b6972a6d?s=96&d=mm&r=g","url":"https:\/\/secure.gravatar.com\/avatar\/2172498d4914b51e1d89a0f97957b035ac4938723a5cac208135d389b6972a6d?s=96&d=mm&r=g","contentUrl":"https:\/\/secure.gravatar.com\/avatar\/2172498d4914b51e1d89a0f97957b035ac4938723a5cac208135d389b6972a6d?s=96&d=mm&r=g","caption":"teste"},"url":"https:\/\/blogdofarnesio.com.br\/?author=3"}]}},"_links":{"self":[{"href":"https:\/\/blogdofarnesio.com.br\/index.php?rest_route=\/wp\/v2\/posts\/34076","targetHints":{"allow":["GET"]}}],"collection":[{"href":"https:\/\/blogdofarnesio.com.br\/index.php?rest_route=\/wp\/v2\/posts"}],"about":[{"href":"https:\/\/blogdofarnesio.com.br\/index.php?rest_route=\/wp\/v2\/types\/post"}],"author":[{"embeddable":true,"href":"https:\/\/blogdofarnesio.com.br\/index.php?rest_route=\/wp\/v2\/users\/3"}],"replies":[{"embeddable":true,"href":"https:\/\/blogdofarnesio.com.br\/index.php?rest_route=%2Fwp%2Fv2%2Fcomments&post=34076"}],"version-history":[{"count":0,"href":"https:\/\/blogdofarnesio.com.br\/index.php?rest_route=\/wp\/v2\/posts\/34076\/revisions"}],"wp:attachment":[{"href":"https:\/\/blogdofarnesio.com.br\/index.php?rest_route=%2Fwp%2Fv2%2Fmedia&parent=34076"}],"wp:term":[{"taxonomy":"category","embeddable":true,"href":"https:\/\/blogdofarnesio.com.br\/index.php?rest_route=%2Fwp%2Fv2%2Fcategories&post=34076"},{"taxonomy":"post_tag","embeddable":true,"href":"https:\/\/blogdofarnesio.com.br\/index.php?rest_route=%2Fwp%2Fv2%2Ftags&post=34076"}],"curies":[{"name":"wp","href":"https:\/\/api.w.org\/{rel}","templated":true}]}}