{"id":340664,"date":"2023-05-20T11:00:42","date_gmt":"2023-05-20T14:00:42","guid":{"rendered":"https:\/\/blogdofarnesio.com.br\/?p=340664"},"modified":"2023-05-19T16:59:56","modified_gmt":"2023-05-19T19:59:56","slug":"juazeiro-anuncia-realizacao-da-2a-edicao-do-santo-antonio-das-tradicoes-de-9-a-11-de-junho","status":"publish","type":"post","link":"https:\/\/blogdofarnesio.com.br\/?p=340664","title":{"rendered":"Prepare-se: II edi\u00e7\u00e3o do Santo Ant\u00f4nio das Tradi\u00e7\u00f5es de Juazeiro acontece de 9 a 11 de junho"},"content":{"rendered":"<p style=\"font-weight: 400;\">A Prefeitura de Juazeiro, atrav\u00e9s da Secretaria de Cultura, Turismo e Esportes (Seculte), j\u00e1 est\u00e1 a todo vapor na organiza\u00e7\u00e3o do Santo Ant\u00f4nio das Tradi\u00e7\u00f5es. O festejo junino, resgatado na gest\u00e3o da prefeita Suzana Ramos, valoriza um dos mais importantes per\u00edodos para o nordestino. Este ano, a festa ter\u00e1 como tema: \u201cNa terra de Jo\u00e3o se mant\u00e9m a tradi\u00e7\u00e3o\u201d.<\/p>\n<p style=\"font-weight: 400;\">De acordo com a prefeita Suzana Ramos, o festejo, al\u00e9m de valorizar a tradi\u00e7\u00e3o das festas juninas, tamb\u00e9m movimenta a economia da cidade. \u201cAo assumirmos a Prefeitura de Juazeiro resgatamos a realiza\u00e7\u00e3o das festividades juninas no munic\u00edpio, uma das principais e mais tradicional festa da nossa regi\u00e3o. Para este ano estamos trabalhando para realizar mais um Santo Ant\u00f4nio das Tradi\u00e7\u00f5es lindo e com tudo que o nosso povo gosta. O Santo Ant\u00f4nio das Tradi\u00e7\u00f5es j\u00e1 \u00e9 querido pelo juazeirense e tamb\u00e9m pelo turista\u201d, destacou a gestora.<\/p>\n<p style=\"font-weight: 400;\">A grade de programa\u00e7\u00e3o j\u00e1 est\u00e1 sendo fechada com artistas de renome nacional e regional. \u201cJ\u00e1 temos alguns artistas confirmados para o Santo Ant\u00f4nio das Tradi\u00e7\u00f5es 2023, mas s\u00f3 iremos divulgar quando estivermos com a programa\u00e7\u00e3o completa. Al\u00e9m da tradicional festa com atra\u00e7\u00f5es renomadas, traremos tamb\u00e9m novidades como a cria\u00e7\u00e3o de um espa\u00e7o para os artes\u00e3os.<\/p>\n<p style=\"font-weight: 400;\">O Santo Ant\u00f4nio das Tradi\u00e7\u00f5es \u00e9 uma ideia da nossa prefeita Suzana Ramos que, com muita responsabilidade, faz quest\u00e3o de valorizar nossos grandes artistas locais e tudo que envolve o festejo\u201d, destacou o superintendente de Cultura e Turismo da Seculte, Junior Mota.<\/p>\n<p style=\"font-weight: 400;\">O Santo Ant\u00f4nio das Tradi\u00e7\u00f5es ser\u00e1 realizado de 9 a 11 de junho, na Orla II de Juazeiro.<\/p>\n<p style=\"font-weight: 400;\"><strong>Concurso de Quadrilhas<\/strong><\/p>\n<p style=\"font-weight: 400;\">Outro grande atrativo das festividades juninas 2023 em Juazeiro ser\u00e1 a realiza\u00e7\u00e3o da 2\u00aa edi\u00e7\u00e3o do Concurso das Quadrilhas Juninas que ser\u00e1 realizado no dia 08 de junho. Ser\u00e3o escolhidas as tr\u00eas Melhores Quadrilhas Juninas Estilizadas, bem como: Destaque em anima\u00e7\u00e3o, a Melhor Rainha e o Melhor Marcador. A inscri\u00e7\u00e3o \u00e9 gratuita e dever\u00e1 ser feita na Seculte, que fica na Rua Juv\u00eancio Alves, n\u00ba 20, Centro, Juazeiro\/BA, das 8h \u00e0s 14h, ou on-line pelo link (<a href=\"https:\/\/docs.google.com\/forms\/d\/e\/1FAIpQLSfsEpXG8IakLNncw5TsDRU3pEUEAH9UTj3xdXh-Pd9rEEUwfA\/viewform\" data-saferedirecturl=\"https:\/\/www.google.com\/url?q=https:\/\/docs.google.com\/forms\/d\/e\/1FAIpQLSfsEpXG8IakLNncw5TsDRU3pEUEAH9UTj3xdXh-Pd9rEEUwfA\/viewform&amp;source=gmail&amp;ust=1684260102966000&amp;usg=AOvVaw2x1g4JvF8uMdxtnUtWKDbO\">https:\/\/docs.google.com\/forms\/d\/e\/1FAIpQLSfsEpXG8IakLNncw5TsDRU3pEUEAH9UTj3xdXh-Pd9rEEUwfA\/viewform<\/a>\u00a0), de 15 de maio at\u00e9 o dia 2 de junho.<\/p>\n<p style=\"font-weight: 400;\">Texto: Amanda Franco \u2013 Ascom Seculte PMJ<\/p>\n<p style=\"font-weight: 400;\">&#8211;<\/p>\n","protected":false},"excerpt":{"rendered":"<p>A Prefeitura de Juazeiro, atrav\u00e9s da Secretaria de Cultura, Turismo e Esportes (Seculte), j\u00e1 est\u00e1 a todo vapor na organiza\u00e7\u00e3o do Santo Ant\u00f4nio das Tradi\u00e7\u00f5es. O festejo junino, resgatado na gest\u00e3o da prefeita Suzana Ramos, valoriza um dos mais importantes per\u00edodos para o nordestino. Este ano, a festa ter\u00e1 como tema: \u201cNa terra de Jo\u00e3o se mant\u00e9m a tradi\u00e7\u00e3o\u201d. De acordo com a prefeita Suzana Ramos, o festejo, al\u00e9m de valorizar a tradi\u00e7\u00e3o das festas juninas, tamb\u00e9m movimenta a economia da cidade. \u201cAo assumirmos a Prefeitura de Juazeiro resgatamos a realiza\u00e7\u00e3o das festividades juninas no munic\u00edpio, uma das principais e mais tradicional festa da nossa regi\u00e3o. Para este ano estamos trabalhando para realizar mais um Santo Ant\u00f4nio das Tradi\u00e7\u00f5es lindo&hellip; <\/p>\n","protected":false},"author":2,"featured_media":340665,"comment_status":"open","ping_status":"open","sticky":false,"template":"","format":"standard","meta":{"_acf_changed":false,"footnotes":""},"categories":[10],"tags":[],"class_list":["post-340664","post","type-post","status-publish","format-standard","has-post-thumbnail","hentry","category-cultura"],"acf":[],"yoast_head":"<!-- This site is optimized with the Yoast SEO plugin v27.4 - https:\/\/yoast.com\/product\/yoast-seo-wordpress\/ -->\n<title>Prepare-se: II edi\u00e7\u00e3o do Santo Ant\u00f4nio das Tradi\u00e7\u00f5es de Juazeiro acontece de 9 a 11 de junho - Blog do Farn\u00e9sio<\/title>\n<meta name=\"robots\" content=\"index, follow, max-snippet:-1, max-image-preview:large, max-video-preview:-1\" \/>\n<link rel=\"canonical\" href=\"https:\/\/blogdofarnesio.com.br\/?p=340664\" \/>\n<meta property=\"og:locale\" content=\"pt_BR\" \/>\n<meta property=\"og:type\" content=\"article\" \/>\n<meta property=\"og:title\" content=\"Prepare-se: II edi\u00e7\u00e3o do Santo Ant\u00f4nio das Tradi\u00e7\u00f5es de Juazeiro acontece de 9 a 11 de junho - Blog do Farn\u00e9sio\" \/>\n<meta property=\"og:description\" content=\"A Prefeitura de Juazeiro, atrav\u00e9s da Secretaria de Cultura, Turismo e Esportes (Seculte), j\u00e1 est\u00e1 a todo vapor na organiza\u00e7\u00e3o do Santo Ant\u00f4nio das Tradi\u00e7\u00f5es. O festejo junino, resgatado na gest\u00e3o da prefeita Suzana Ramos, valoriza um dos mais importantes per\u00edodos para o nordestino. Este ano, a festa ter\u00e1 como tema: \u201cNa terra de Jo\u00e3o se mant\u00e9m a tradi\u00e7\u00e3o\u201d. De acordo com a prefeita Suzana Ramos, o festejo, al\u00e9m de valorizar a tradi\u00e7\u00e3o das festas juninas, tamb\u00e9m movimenta a economia da cidade. \u201cAo assumirmos a Prefeitura de Juazeiro resgatamos a realiza\u00e7\u00e3o das festividades juninas no munic\u00edpio, uma das principais e mais tradicional festa da nossa regi\u00e3o. Para este ano estamos trabalhando para realizar mais um Santo Ant\u00f4nio das Tradi\u00e7\u00f5es lindo&hellip;\" \/>\n<meta property=\"og:url\" content=\"https:\/\/blogdofarnesio.com.br\/?p=340664\" \/>\n<meta property=\"og:site_name\" content=\"Blog do Farn\u00e9sio\" \/>\n<meta property=\"article:publisher\" content=\"https:\/\/www.facebook.com\/BlogQuerSaberPolitica\/\" \/>\n<meta property=\"article:author\" content=\"https:\/\/www.facebook.com\/?ref=tn_tnmn\" \/>\n<meta property=\"article:published_time\" content=\"2023-05-20T14:00:42+00:00\" \/>\n<meta property=\"og:image\" content=\"https:\/\/blogdofarnesio.com.br\/wp-content\/uploads\/2023\/05\/Santo-Antonio-das-Tradicoes-card-e1684175799462.jpeg\" \/>\n\t<meta property=\"og:image:width\" content=\"600\" \/>\n\t<meta property=\"og:image:height\" content=\"338\" \/>\n\t<meta property=\"og:image:type\" content=\"image\/jpeg\" \/>\n<meta name=\"author\" content=\"Farn\u00e9sio\" \/>\n<meta name=\"twitter:card\" content=\"summary_large_image\" \/>\n<meta name=\"twitter:label1\" content=\"Escrito por\" \/>\n\t<meta name=\"twitter:data1\" content=\"Farn\u00e9sio\" \/>\n\t<meta name=\"twitter:label2\" content=\"Est. tempo de leitura\" \/>\n\t<meta name=\"twitter:data2\" content=\"2 minutos\" \/>\n<script type=\"application\/ld+json\" class=\"yoast-schema-graph\">{\"@context\":\"https:\\\/\\\/schema.org\",\"@graph\":[{\"@type\":\"Article\",\"@id\":\"https:\\\/\\\/blogdofarnesio.com.br\\\/?p=340664#article\",\"isPartOf\":{\"@id\":\"https:\\\/\\\/blogdofarnesio.com.br\\\/?p=340664\"},\"author\":{\"name\":\"Farn\u00e9sio\",\"@id\":\"https:\\\/\\\/blogdofarnesio.com.br\\\/#\\\/schema\\\/person\\\/bb9b23ae3ad0609ce8df7b6c9e76824d\"},\"headline\":\"Prepare-se: II edi\u00e7\u00e3o do Santo Ant\u00f4nio das Tradi\u00e7\u00f5es de Juazeiro acontece de 9 a 11 de junho\",\"datePublished\":\"2023-05-20T14:00:42+00:00\",\"mainEntityOfPage\":{\"@id\":\"https:\\\/\\\/blogdofarnesio.com.br\\\/?p=340664\"},\"wordCount\":420,\"commentCount\":0,\"publisher\":{\"@id\":\"https:\\\/\\\/blogdofarnesio.com.br\\\/#organization\"},\"image\":{\"@id\":\"https:\\\/\\\/blogdofarnesio.com.br\\\/?p=340664#primaryimage\"},\"thumbnailUrl\":\"https:\\\/\\\/blogdofarnesio.com.br\\\/wp-content\\\/uploads\\\/2023\\\/05\\\/Santo-Antonio-das-Tradicoes-card-e1684175799462.jpeg\",\"articleSection\":[\"Cultura\"],\"inLanguage\":\"pt-BR\",\"potentialAction\":[{\"@type\":\"CommentAction\",\"name\":\"Comment\",\"target\":[\"https:\\\/\\\/blogdofarnesio.com.br\\\/?p=340664#respond\"]}]},{\"@type\":\"WebPage\",\"@id\":\"https:\\\/\\\/blogdofarnesio.com.br\\\/?p=340664\",\"url\":\"https:\\\/\\\/blogdofarnesio.com.br\\\/?p=340664\",\"name\":\"Prepare-se: II edi\u00e7\u00e3o do Santo Ant\u00f4nio das Tradi\u00e7\u00f5es de Juazeiro acontece de 9 a 11 de junho - Blog do Farn\u00e9sio\",\"isPartOf\":{\"@id\":\"https:\\\/\\\/blogdofarnesio.com.br\\\/#website\"},\"primaryImageOfPage\":{\"@id\":\"https:\\\/\\\/blogdofarnesio.com.br\\\/?p=340664#primaryimage\"},\"image\":{\"@id\":\"https:\\\/\\\/blogdofarnesio.com.br\\\/?p=340664#primaryimage\"},\"thumbnailUrl\":\"https:\\\/\\\/blogdofarnesio.com.br\\\/wp-content\\\/uploads\\\/2023\\\/05\\\/Santo-Antonio-das-Tradicoes-card-e1684175799462.jpeg\",\"datePublished\":\"2023-05-20T14:00:42+00:00\",\"breadcrumb\":{\"@id\":\"https:\\\/\\\/blogdofarnesio.com.br\\\/?p=340664#breadcrumb\"},\"inLanguage\":\"pt-BR\",\"potentialAction\":[{\"@type\":\"ReadAction\",\"target\":[\"https:\\\/\\\/blogdofarnesio.com.br\\\/?p=340664\"]}]},{\"@type\":\"ImageObject\",\"inLanguage\":\"pt-BR\",\"@id\":\"https:\\\/\\\/blogdofarnesio.com.br\\\/?p=340664#primaryimage\",\"url\":\"https:\\\/\\\/blogdofarnesio.com.br\\\/wp-content\\\/uploads\\\/2023\\\/05\\\/Santo-Antonio-das-Tradicoes-card-e1684175799462.jpeg\",\"contentUrl\":\"https:\\\/\\\/blogdofarnesio.com.br\\\/wp-content\\\/uploads\\\/2023\\\/05\\\/Santo-Antonio-das-Tradicoes-card-e1684175799462.jpeg\",\"width\":600,\"height\":338},{\"@type\":\"BreadcrumbList\",\"@id\":\"https:\\\/\\\/blogdofarnesio.com.br\\\/?p=340664#breadcrumb\",\"itemListElement\":[{\"@type\":\"ListItem\",\"position\":1,\"name\":\"In\u00edcio\",\"item\":\"https:\\\/\\\/blogdofarnesio.com.br\\\/\"},{\"@type\":\"ListItem\",\"position\":2,\"name\":\"Prepare-se: II edi\u00e7\u00e3o do Santo Ant\u00f4nio das Tradi\u00e7\u00f5es de Juazeiro acontece de 9 a 11 de junho\"}]},{\"@type\":\"WebSite\",\"@id\":\"https:\\\/\\\/blogdofarnesio.com.br\\\/#website\",\"url\":\"https:\\\/\\\/blogdofarnesio.com.br\\\/\",\"name\":\"Blog do Farn\u00e9sio\",\"description\":\"Quer Saber Pol\u00edtica?\",\"publisher\":{\"@id\":\"https:\\\/\\\/blogdofarnesio.com.br\\\/#organization\"},\"potentialAction\":[{\"@type\":\"SearchAction\",\"target\":{\"@type\":\"EntryPoint\",\"urlTemplate\":\"https:\\\/\\\/blogdofarnesio.com.br\\\/?s={search_term_string}\"},\"query-input\":{\"@type\":\"PropertyValueSpecification\",\"valueRequired\":true,\"valueName\":\"search_term_string\"}}],\"inLanguage\":\"pt-BR\"},{\"@type\":\"Organization\",\"@id\":\"https:\\\/\\\/blogdofarnesio.com.br\\\/#organization\",\"name\":\"Blog do Farn\u00e9sio\",\"url\":\"https:\\\/\\\/blogdofarnesio.com.br\\\/\",\"logo\":{\"@type\":\"ImageObject\",\"inLanguage\":\"pt-BR\",\"@id\":\"https:\\\/\\\/blogdofarnesio.com.br\\\/#\\\/schema\\\/logo\\\/image\\\/\",\"url\":\"https:\\\/\\\/blogdofarnesio.com.br\\\/wp-content\\\/uploads\\\/2026\\\/03\\\/cropped-logo_new-1.png\",\"contentUrl\":\"https:\\\/\\\/blogdofarnesio.com.br\\\/wp-content\\\/uploads\\\/2026\\\/03\\\/cropped-logo_new-1.png\",\"width\":881,\"height\":685,\"caption\":\"Blog do Farn\u00e9sio\"},\"image\":{\"@id\":\"https:\\\/\\\/blogdofarnesio.com.br\\\/#\\\/schema\\\/logo\\\/image\\\/\"},\"sameAs\":[\"https:\\\/\\\/www.facebook.com\\\/BlogQuerSaberPolitica\\\/\"]},{\"@type\":\"Person\",\"@id\":\"https:\\\/\\\/blogdofarnesio.com.br\\\/#\\\/schema\\\/person\\\/bb9b23ae3ad0609ce8df7b6c9e76824d\",\"name\":\"Farn\u00e9sio\",\"image\":{\"@type\":\"ImageObject\",\"inLanguage\":\"pt-BR\",\"@id\":\"https:\\\/\\\/secure.gravatar.com\\\/avatar\\\/986aa4c61ccdb66f8555bf88fc2a65609d00bcabd4d2d94377a727547345cbca?s=96&d=mm&r=g\",\"url\":\"https:\\\/\\\/secure.gravatar.com\\\/avatar\\\/986aa4c61ccdb66f8555bf88fc2a65609d00bcabd4d2d94377a727547345cbca?s=96&d=mm&r=g\",\"contentUrl\":\"https:\\\/\\\/secure.gravatar.com\\\/avatar\\\/986aa4c61ccdb66f8555bf88fc2a65609d00bcabd4d2d94377a727547345cbca?s=96&d=mm&r=g\",\"caption\":\"Farn\u00e9sio\"},\"description\":\"Radialista blogueiro, chegou a Petrolina\\\/Juazeiro em setembro de 1980, Farn\u00e9sio Silva \u00e9 de Arapiraca-Alagoas.\",\"sameAs\":[\"http:\\\/\\\/blogdofarnesio.com.br\",\"https:\\\/\\\/www.facebook.com\\\/?ref=tn_tnmn\",\"https:\\\/\\\/www.instagram.com\\\/?utm_source=pwa_homescreen\",\"https:\\\/\\\/youtube.com.br\\\/\"],\"url\":\"https:\\\/\\\/blogdofarnesio.com.br\\\/?author=2\"}]}<\/script>\n<!-- \/ Yoast SEO plugin. -->","yoast_head_json":{"title":"Prepare-se: II edi\u00e7\u00e3o do Santo Ant\u00f4nio das Tradi\u00e7\u00f5es de Juazeiro acontece de 9 a 11 de junho - Blog do Farn\u00e9sio","robots":{"index":"index","follow":"follow","max-snippet":"max-snippet:-1","max-image-preview":"max-image-preview:large","max-video-preview":"max-video-preview:-1"},"canonical":"https:\/\/blogdofarnesio.com.br\/?p=340664","og_locale":"pt_BR","og_type":"article","og_title":"Prepare-se: II edi\u00e7\u00e3o do Santo Ant\u00f4nio das Tradi\u00e7\u00f5es de Juazeiro acontece de 9 a 11 de junho - Blog do Farn\u00e9sio","og_description":"A Prefeitura de Juazeiro, atrav\u00e9s da Secretaria de Cultura, Turismo e Esportes (Seculte), j\u00e1 est\u00e1 a todo vapor na organiza\u00e7\u00e3o do Santo Ant\u00f4nio das Tradi\u00e7\u00f5es. O festejo junino, resgatado na gest\u00e3o da prefeita Suzana Ramos, valoriza um dos mais importantes per\u00edodos para o nordestino. Este ano, a festa ter\u00e1 como tema: \u201cNa terra de Jo\u00e3o se mant\u00e9m a tradi\u00e7\u00e3o\u201d. De acordo com a prefeita Suzana Ramos, o festejo, al\u00e9m de valorizar a tradi\u00e7\u00e3o das festas juninas, tamb\u00e9m movimenta a economia da cidade. \u201cAo assumirmos a Prefeitura de Juazeiro resgatamos a realiza\u00e7\u00e3o das festividades juninas no munic\u00edpio, uma das principais e mais tradicional festa da nossa regi\u00e3o. Para este ano estamos trabalhando para realizar mais um Santo Ant\u00f4nio das Tradi\u00e7\u00f5es lindo&hellip;","og_url":"https:\/\/blogdofarnesio.com.br\/?p=340664","og_site_name":"Blog do Farn\u00e9sio","article_publisher":"https:\/\/www.facebook.com\/BlogQuerSaberPolitica\/","article_author":"https:\/\/www.facebook.com\/?ref=tn_tnmn","article_published_time":"2023-05-20T14:00:42+00:00","og_image":[{"width":600,"height":338,"url":"https:\/\/blogdofarnesio.com.br\/wp-content\/uploads\/2023\/05\/Santo-Antonio-das-Tradicoes-card-e1684175799462.jpeg","type":"image\/jpeg"}],"author":"Farn\u00e9sio","twitter_card":"summary_large_image","twitter_misc":{"Escrito por":"Farn\u00e9sio","Est. tempo de leitura":"2 minutos"},"schema":{"@context":"https:\/\/schema.org","@graph":[{"@type":"Article","@id":"https:\/\/blogdofarnesio.com.br\/?p=340664#article","isPartOf":{"@id":"https:\/\/blogdofarnesio.com.br\/?p=340664"},"author":{"name":"Farn\u00e9sio","@id":"https:\/\/blogdofarnesio.com.br\/#\/schema\/person\/bb9b23ae3ad0609ce8df7b6c9e76824d"},"headline":"Prepare-se: II edi\u00e7\u00e3o do Santo Ant\u00f4nio das Tradi\u00e7\u00f5es de Juazeiro acontece de 9 a 11 de junho","datePublished":"2023-05-20T14:00:42+00:00","mainEntityOfPage":{"@id":"https:\/\/blogdofarnesio.com.br\/?p=340664"},"wordCount":420,"commentCount":0,"publisher":{"@id":"https:\/\/blogdofarnesio.com.br\/#organization"},"image":{"@id":"https:\/\/blogdofarnesio.com.br\/?p=340664#primaryimage"},"thumbnailUrl":"https:\/\/blogdofarnesio.com.br\/wp-content\/uploads\/2023\/05\/Santo-Antonio-das-Tradicoes-card-e1684175799462.jpeg","articleSection":["Cultura"],"inLanguage":"pt-BR","potentialAction":[{"@type":"CommentAction","name":"Comment","target":["https:\/\/blogdofarnesio.com.br\/?p=340664#respond"]}]},{"@type":"WebPage","@id":"https:\/\/blogdofarnesio.com.br\/?p=340664","url":"https:\/\/blogdofarnesio.com.br\/?p=340664","name":"Prepare-se: II edi\u00e7\u00e3o do Santo Ant\u00f4nio das Tradi\u00e7\u00f5es de Juazeiro acontece de 9 a 11 de junho - Blog do Farn\u00e9sio","isPartOf":{"@id":"https:\/\/blogdofarnesio.com.br\/#website"},"primaryImageOfPage":{"@id":"https:\/\/blogdofarnesio.com.br\/?p=340664#primaryimage"},"image":{"@id":"https:\/\/blogdofarnesio.com.br\/?p=340664#primaryimage"},"thumbnailUrl":"https:\/\/blogdofarnesio.com.br\/wp-content\/uploads\/2023\/05\/Santo-Antonio-das-Tradicoes-card-e1684175799462.jpeg","datePublished":"2023-05-20T14:00:42+00:00","breadcrumb":{"@id":"https:\/\/blogdofarnesio.com.br\/?p=340664#breadcrumb"},"inLanguage":"pt-BR","potentialAction":[{"@type":"ReadAction","target":["https:\/\/blogdofarnesio.com.br\/?p=340664"]}]},{"@type":"ImageObject","inLanguage":"pt-BR","@id":"https:\/\/blogdofarnesio.com.br\/?p=340664#primaryimage","url":"https:\/\/blogdofarnesio.com.br\/wp-content\/uploads\/2023\/05\/Santo-Antonio-das-Tradicoes-card-e1684175799462.jpeg","contentUrl":"https:\/\/blogdofarnesio.com.br\/wp-content\/uploads\/2023\/05\/Santo-Antonio-das-Tradicoes-card-e1684175799462.jpeg","width":600,"height":338},{"@type":"BreadcrumbList","@id":"https:\/\/blogdofarnesio.com.br\/?p=340664#breadcrumb","itemListElement":[{"@type":"ListItem","position":1,"name":"In\u00edcio","item":"https:\/\/blogdofarnesio.com.br\/"},{"@type":"ListItem","position":2,"name":"Prepare-se: II edi\u00e7\u00e3o do Santo Ant\u00f4nio das Tradi\u00e7\u00f5es de Juazeiro acontece de 9 a 11 de junho"}]},{"@type":"WebSite","@id":"https:\/\/blogdofarnesio.com.br\/#website","url":"https:\/\/blogdofarnesio.com.br\/","name":"Blog do Farn\u00e9sio","description":"Quer Saber Pol\u00edtica?","publisher":{"@id":"https:\/\/blogdofarnesio.com.br\/#organization"},"potentialAction":[{"@type":"SearchAction","target":{"@type":"EntryPoint","urlTemplate":"https:\/\/blogdofarnesio.com.br\/?s={search_term_string}"},"query-input":{"@type":"PropertyValueSpecification","valueRequired":true,"valueName":"search_term_string"}}],"inLanguage":"pt-BR"},{"@type":"Organization","@id":"https:\/\/blogdofarnesio.com.br\/#organization","name":"Blog do Farn\u00e9sio","url":"https:\/\/blogdofarnesio.com.br\/","logo":{"@type":"ImageObject","inLanguage":"pt-BR","@id":"https:\/\/blogdofarnesio.com.br\/#\/schema\/logo\/image\/","url":"https:\/\/blogdofarnesio.com.br\/wp-content\/uploads\/2026\/03\/cropped-logo_new-1.png","contentUrl":"https:\/\/blogdofarnesio.com.br\/wp-content\/uploads\/2026\/03\/cropped-logo_new-1.png","width":881,"height":685,"caption":"Blog do Farn\u00e9sio"},"image":{"@id":"https:\/\/blogdofarnesio.com.br\/#\/schema\/logo\/image\/"},"sameAs":["https:\/\/www.facebook.com\/BlogQuerSaberPolitica\/"]},{"@type":"Person","@id":"https:\/\/blogdofarnesio.com.br\/#\/schema\/person\/bb9b23ae3ad0609ce8df7b6c9e76824d","name":"Farn\u00e9sio","image":{"@type":"ImageObject","inLanguage":"pt-BR","@id":"https:\/\/secure.gravatar.com\/avatar\/986aa4c61ccdb66f8555bf88fc2a65609d00bcabd4d2d94377a727547345cbca?s=96&d=mm&r=g","url":"https:\/\/secure.gravatar.com\/avatar\/986aa4c61ccdb66f8555bf88fc2a65609d00bcabd4d2d94377a727547345cbca?s=96&d=mm&r=g","contentUrl":"https:\/\/secure.gravatar.com\/avatar\/986aa4c61ccdb66f8555bf88fc2a65609d00bcabd4d2d94377a727547345cbca?s=96&d=mm&r=g","caption":"Farn\u00e9sio"},"description":"Radialista blogueiro, chegou a Petrolina\/Juazeiro em setembro de 1980, Farn\u00e9sio Silva \u00e9 de Arapiraca-Alagoas.","sameAs":["http:\/\/blogdofarnesio.com.br","https:\/\/www.facebook.com\/?ref=tn_tnmn","https:\/\/www.instagram.com\/?utm_source=pwa_homescreen","https:\/\/youtube.com.br\/"],"url":"https:\/\/blogdofarnesio.com.br\/?author=2"}]}},"_links":{"self":[{"href":"https:\/\/blogdofarnesio.com.br\/index.php?rest_route=\/wp\/v2\/posts\/340664","targetHints":{"allow":["GET"]}}],"collection":[{"href":"https:\/\/blogdofarnesio.com.br\/index.php?rest_route=\/wp\/v2\/posts"}],"about":[{"href":"https:\/\/blogdofarnesio.com.br\/index.php?rest_route=\/wp\/v2\/types\/post"}],"author":[{"embeddable":true,"href":"https:\/\/blogdofarnesio.com.br\/index.php?rest_route=\/wp\/v2\/users\/2"}],"replies":[{"embeddable":true,"href":"https:\/\/blogdofarnesio.com.br\/index.php?rest_route=%2Fwp%2Fv2%2Fcomments&post=340664"}],"version-history":[{"count":0,"href":"https:\/\/blogdofarnesio.com.br\/index.php?rest_route=\/wp\/v2\/posts\/340664\/revisions"}],"wp:featuredmedia":[{"embeddable":true,"href":"https:\/\/blogdofarnesio.com.br\/index.php?rest_route=\/wp\/v2\/media\/340665"}],"wp:attachment":[{"href":"https:\/\/blogdofarnesio.com.br\/index.php?rest_route=%2Fwp%2Fv2%2Fmedia&parent=340664"}],"wp:term":[{"taxonomy":"category","embeddable":true,"href":"https:\/\/blogdofarnesio.com.br\/index.php?rest_route=%2Fwp%2Fv2%2Fcategories&post=340664"},{"taxonomy":"post_tag","embeddable":true,"href":"https:\/\/blogdofarnesio.com.br\/index.php?rest_route=%2Fwp%2Fv2%2Ftags&post=340664"}],"curies":[{"name":"wp","href":"https:\/\/api.w.org\/{rel}","templated":true}]}}