{"id":340501,"date":"2023-05-13T09:00:16","date_gmt":"2023-05-13T12:00:16","guid":{"rendered":"https:\/\/blogdofarnesio.com.br\/?p=340501"},"modified":"2023-05-13T10:23:28","modified_gmt":"2023-05-13T13:23:28","slug":"petrolina-entregou-mais-de-12-mil-fardamentos-escolares-nas-unidades-de-ensino","status":"publish","type":"post","link":"https:\/\/blogdofarnesio.com.br\/?p=340501","title":{"rendered":"Petrolina entregou mais de 12 mil Fardamentos Escolares nas unidades de ensino"},"content":{"rendered":"<p style=\"font-weight: 400;\"><em>A gest\u00e3o municipal tamb\u00e9m fechou a semana com a entrega de mais de 9.500 mochilas as escolas com Ensino Fundamental\u00a0\u00a0<\/em><\/p>\n<p style=\"font-weight: 400;\">Dentro do cronograma de a\u00e7\u00f5es e investimentos que visam garantir a melhoria da qualidade de ensino oferecido nas unidades educacionais, a Prefeitura de Petrolina, por meio da Secretaria de Educa\u00e7\u00e3o, Cultura e Esportes, fechou esta semana com a entrega de mais de 12.500 conjuntos de fardamentos nas unidades educacionais da sede e interior. O uniforme escolar, que representa a identidade estudantil do aluno, \u00e9 a marca e a comprova\u00e7\u00e3o de que o poder p\u00fablico est\u00e1 garantindo o direito das crian\u00e7as \u00e0 educa\u00e7\u00e3o, al\u00e9m de contribuir para elevar a autoestima do estudante.<\/p>\n<p style=\"font-weight: 400;\">Em outra frente de distribui\u00e7\u00e3o, a atual gest\u00e3o realizou tamb\u00e9m esta semana a entrega de mais de 9.500 mochilas escolares para as escolas que ofertam o ensino fundamental. Cada institui\u00e7\u00e3o de ensino ir\u00e1 informar aos pais ou respons\u00e1veis aos dias e hor\u00e1rios para a retirada das mochilas e fardamentos. De acordo com a secret\u00e1ria de Educa\u00e7\u00e3o, Cultura e Esportes, Rosane da Costa, a entrega da primeira etapa dos fardamentos j\u00e1 atingiu quase 100% das unidades da Educa\u00e7\u00e3o Infantil e a maior parte dos anos iniciais do Ensino Fundamental. A novidade este ano \u00e9 que os alunos v\u00e3o receber dois kits de fardamentos, que ser\u00e3o distribu\u00eddos em duas etapas. A previs\u00e3o \u00e9 que a primeira fase seja conclu\u00edda no final do m\u00eas de maio.<\/p>\n<p style=\"font-weight: 400;\">\u201c<em>Montamos toda uma log\u00edstica de distribui\u00e7\u00e3o, que est\u00e1 sendo feita de forma gradual para atender as 220 unidades de ensino. O prefeito Sim\u00e3o Durando assumiu o compromisso para que todos possam ter acesso a esses materiais e fardamentos, que s\u00e3o fundamentais para o bom funcionamento das institui\u00e7\u00f5es. Essas entregas, somadas as outras a\u00e7\u00f5es de melhorias que estamos realizando nas unidades de ensino, ter\u00e3o o poder de potencializar ainda mais o ensino, para que excelentes resultados possam v<\/em>ir\u201d, ressaltou Rosane.<\/p>\n<p style=\"font-weight: 400;\">Texto: Elaine Barbosa<\/p>\n<p style=\"font-weight: 400;\">Assessora de Imprensa<\/p>\n","protected":false},"excerpt":{"rendered":"<p>A gest\u00e3o municipal tamb\u00e9m fechou a semana com a entrega de mais de 9.500 mochilas as escolas com Ensino Fundamental\u00a0\u00a0 Dentro do cronograma de a\u00e7\u00f5es e investimentos que visam garantir a melhoria da qualidade de ensino oferecido nas unidades educacionais, a Prefeitura de Petrolina, por meio da Secretaria de Educa\u00e7\u00e3o, Cultura e Esportes, fechou esta semana com a entrega de mais de 12.500 conjuntos de fardamentos nas unidades educacionais da sede e interior. O uniforme escolar, que representa a identidade estudantil do aluno, \u00e9 a marca e a comprova\u00e7\u00e3o de que o poder p\u00fablico est\u00e1 garantindo o direito das crian\u00e7as \u00e0 educa\u00e7\u00e3o, al\u00e9m de contribuir para elevar a autoestima do estudante. Em outra frente de distribui\u00e7\u00e3o, a atual gest\u00e3o realizou&hellip; <\/p>\n","protected":false},"author":2,"featured_media":340502,"comment_status":"open","ping_status":"open","sticky":false,"template":"","format":"standard","meta":{"_acf_changed":false,"footnotes":""},"categories":[6],"tags":[],"class_list":["post-340501","post","type-post","status-publish","format-standard","has-post-thumbnail","hentry","category-educacao"],"acf":[],"yoast_head":"<!-- This site is optimized with the Yoast SEO plugin v27.4 - https:\/\/yoast.com\/product\/yoast-seo-wordpress\/ -->\n<title>Petrolina entregou mais de 12 mil Fardamentos Escolares nas unidades de ensino - Blog do Farn\u00e9sio<\/title>\n<meta name=\"robots\" content=\"index, follow, max-snippet:-1, max-image-preview:large, max-video-preview:-1\" \/>\n<link rel=\"canonical\" href=\"https:\/\/blogdofarnesio.com.br\/?p=340501\" \/>\n<meta property=\"og:locale\" content=\"pt_BR\" \/>\n<meta property=\"og:type\" content=\"article\" \/>\n<meta property=\"og:title\" content=\"Petrolina entregou mais de 12 mil Fardamentos Escolares nas unidades de ensino - Blog do Farn\u00e9sio\" \/>\n<meta property=\"og:description\" content=\"A gest\u00e3o municipal tamb\u00e9m fechou a semana com a entrega de mais de 9.500 mochilas as escolas com Ensino Fundamental\u00a0\u00a0 Dentro do cronograma de a\u00e7\u00f5es e investimentos que visam garantir a melhoria da qualidade de ensino oferecido nas unidades educacionais, a Prefeitura de Petrolina, por meio da Secretaria de Educa\u00e7\u00e3o, Cultura e Esportes, fechou esta semana com a entrega de mais de 12.500 conjuntos de fardamentos nas unidades educacionais da sede e interior. O uniforme escolar, que representa a identidade estudantil do aluno, \u00e9 a marca e a comprova\u00e7\u00e3o de que o poder p\u00fablico est\u00e1 garantindo o direito das crian\u00e7as \u00e0 educa\u00e7\u00e3o, al\u00e9m de contribuir para elevar a autoestima do estudante. Em outra frente de distribui\u00e7\u00e3o, a atual gest\u00e3o realizou&hellip;\" \/>\n<meta property=\"og:url\" content=\"https:\/\/blogdofarnesio.com.br\/?p=340501\" \/>\n<meta property=\"og:site_name\" content=\"Blog do Farn\u00e9sio\" \/>\n<meta property=\"article:publisher\" content=\"https:\/\/www.facebook.com\/BlogQuerSaberPolitica\/\" \/>\n<meta property=\"article:author\" content=\"https:\/\/www.facebook.com\/?ref=tn_tnmn\" \/>\n<meta property=\"article:published_time\" content=\"2023-05-13T12:00:16+00:00\" \/>\n<meta property=\"article:modified_time\" content=\"2023-05-13T13:23:28+00:00\" \/>\n<meta property=\"og:image\" content=\"https:\/\/blogdofarnesio.com.br\/wp-content\/uploads\/2023\/05\/blogqsppet-escola-fardamento-1-e1683922471959.jpeg\" \/>\n\t<meta property=\"og:image:width\" content=\"600\" \/>\n\t<meta property=\"og:image:height\" content=\"375\" \/>\n\t<meta property=\"og:image:type\" content=\"image\/jpeg\" \/>\n<meta name=\"author\" content=\"Farn\u00e9sio\" \/>\n<meta name=\"twitter:card\" content=\"summary_large_image\" \/>\n<meta name=\"twitter:label1\" content=\"Escrito por\" \/>\n\t<meta name=\"twitter:data1\" content=\"Farn\u00e9sio\" \/>\n\t<meta name=\"twitter:label2\" content=\"Est. tempo de leitura\" \/>\n\t<meta name=\"twitter:data2\" content=\"2 minutos\" \/>\n<script type=\"application\/ld+json\" class=\"yoast-schema-graph\">{\"@context\":\"https:\\\/\\\/schema.org\",\"@graph\":[{\"@type\":\"Article\",\"@id\":\"https:\\\/\\\/blogdofarnesio.com.br\\\/?p=340501#article\",\"isPartOf\":{\"@id\":\"https:\\\/\\\/blogdofarnesio.com.br\\\/?p=340501\"},\"author\":{\"name\":\"Farn\u00e9sio\",\"@id\":\"https:\\\/\\\/blogdofarnesio.com.br\\\/#\\\/schema\\\/person\\\/bb9b23ae3ad0609ce8df7b6c9e76824d\"},\"headline\":\"Petrolina entregou mais de 12 mil Fardamentos Escolares nas unidades de ensino\",\"datePublished\":\"2023-05-13T12:00:16+00:00\",\"dateModified\":\"2023-05-13T13:23:28+00:00\",\"mainEntityOfPage\":{\"@id\":\"https:\\\/\\\/blogdofarnesio.com.br\\\/?p=340501\"},\"wordCount\":352,\"commentCount\":0,\"publisher\":{\"@id\":\"https:\\\/\\\/blogdofarnesio.com.br\\\/#organization\"},\"image\":{\"@id\":\"https:\\\/\\\/blogdofarnesio.com.br\\\/?p=340501#primaryimage\"},\"thumbnailUrl\":\"https:\\\/\\\/blogdofarnesio.com.br\\\/wp-content\\\/uploads\\\/2023\\\/05\\\/blogqsppet-escola-fardamento-1-e1683922471959.jpeg\",\"articleSection\":[\"Educa\u00e7\u00e3o\"],\"inLanguage\":\"pt-BR\",\"potentialAction\":[{\"@type\":\"CommentAction\",\"name\":\"Comment\",\"target\":[\"https:\\\/\\\/blogdofarnesio.com.br\\\/?p=340501#respond\"]}]},{\"@type\":\"WebPage\",\"@id\":\"https:\\\/\\\/blogdofarnesio.com.br\\\/?p=340501\",\"url\":\"https:\\\/\\\/blogdofarnesio.com.br\\\/?p=340501\",\"name\":\"Petrolina entregou mais de 12 mil Fardamentos Escolares nas unidades de ensino - Blog do Farn\u00e9sio\",\"isPartOf\":{\"@id\":\"https:\\\/\\\/blogdofarnesio.com.br\\\/#website\"},\"primaryImageOfPage\":{\"@id\":\"https:\\\/\\\/blogdofarnesio.com.br\\\/?p=340501#primaryimage\"},\"image\":{\"@id\":\"https:\\\/\\\/blogdofarnesio.com.br\\\/?p=340501#primaryimage\"},\"thumbnailUrl\":\"https:\\\/\\\/blogdofarnesio.com.br\\\/wp-content\\\/uploads\\\/2023\\\/05\\\/blogqsppet-escola-fardamento-1-e1683922471959.jpeg\",\"datePublished\":\"2023-05-13T12:00:16+00:00\",\"dateModified\":\"2023-05-13T13:23:28+00:00\",\"breadcrumb\":{\"@id\":\"https:\\\/\\\/blogdofarnesio.com.br\\\/?p=340501#breadcrumb\"},\"inLanguage\":\"pt-BR\",\"potentialAction\":[{\"@type\":\"ReadAction\",\"target\":[\"https:\\\/\\\/blogdofarnesio.com.br\\\/?p=340501\"]}]},{\"@type\":\"ImageObject\",\"inLanguage\":\"pt-BR\",\"@id\":\"https:\\\/\\\/blogdofarnesio.com.br\\\/?p=340501#primaryimage\",\"url\":\"https:\\\/\\\/blogdofarnesio.com.br\\\/wp-content\\\/uploads\\\/2023\\\/05\\\/blogqsppet-escola-fardamento-1-e1683922471959.jpeg\",\"contentUrl\":\"https:\\\/\\\/blogdofarnesio.com.br\\\/wp-content\\\/uploads\\\/2023\\\/05\\\/blogqsppet-escola-fardamento-1-e1683922471959.jpeg\",\"width\":600,\"height\":375},{\"@type\":\"BreadcrumbList\",\"@id\":\"https:\\\/\\\/blogdofarnesio.com.br\\\/?p=340501#breadcrumb\",\"itemListElement\":[{\"@type\":\"ListItem\",\"position\":1,\"name\":\"In\u00edcio\",\"item\":\"https:\\\/\\\/blogdofarnesio.com.br\\\/\"},{\"@type\":\"ListItem\",\"position\":2,\"name\":\"Petrolina entregou mais de 12 mil Fardamentos Escolares nas unidades de ensino\"}]},{\"@type\":\"WebSite\",\"@id\":\"https:\\\/\\\/blogdofarnesio.com.br\\\/#website\",\"url\":\"https:\\\/\\\/blogdofarnesio.com.br\\\/\",\"name\":\"Blog do Farn\u00e9sio\",\"description\":\"Quer Saber Pol\u00edtica?\",\"publisher\":{\"@id\":\"https:\\\/\\\/blogdofarnesio.com.br\\\/#organization\"},\"potentialAction\":[{\"@type\":\"SearchAction\",\"target\":{\"@type\":\"EntryPoint\",\"urlTemplate\":\"https:\\\/\\\/blogdofarnesio.com.br\\\/?s={search_term_string}\"},\"query-input\":{\"@type\":\"PropertyValueSpecification\",\"valueRequired\":true,\"valueName\":\"search_term_string\"}}],\"inLanguage\":\"pt-BR\"},{\"@type\":\"Organization\",\"@id\":\"https:\\\/\\\/blogdofarnesio.com.br\\\/#organization\",\"name\":\"Blog do Farn\u00e9sio\",\"url\":\"https:\\\/\\\/blogdofarnesio.com.br\\\/\",\"logo\":{\"@type\":\"ImageObject\",\"inLanguage\":\"pt-BR\",\"@id\":\"https:\\\/\\\/blogdofarnesio.com.br\\\/#\\\/schema\\\/logo\\\/image\\\/\",\"url\":\"https:\\\/\\\/blogdofarnesio.com.br\\\/wp-content\\\/uploads\\\/2026\\\/03\\\/cropped-logo_new-1.png\",\"contentUrl\":\"https:\\\/\\\/blogdofarnesio.com.br\\\/wp-content\\\/uploads\\\/2026\\\/03\\\/cropped-logo_new-1.png\",\"width\":881,\"height\":685,\"caption\":\"Blog do Farn\u00e9sio\"},\"image\":{\"@id\":\"https:\\\/\\\/blogdofarnesio.com.br\\\/#\\\/schema\\\/logo\\\/image\\\/\"},\"sameAs\":[\"https:\\\/\\\/www.facebook.com\\\/BlogQuerSaberPolitica\\\/\"]},{\"@type\":\"Person\",\"@id\":\"https:\\\/\\\/blogdofarnesio.com.br\\\/#\\\/schema\\\/person\\\/bb9b23ae3ad0609ce8df7b6c9e76824d\",\"name\":\"Farn\u00e9sio\",\"image\":{\"@type\":\"ImageObject\",\"inLanguage\":\"pt-BR\",\"@id\":\"https:\\\/\\\/secure.gravatar.com\\\/avatar\\\/986aa4c61ccdb66f8555bf88fc2a65609d00bcabd4d2d94377a727547345cbca?s=96&d=mm&r=g\",\"url\":\"https:\\\/\\\/secure.gravatar.com\\\/avatar\\\/986aa4c61ccdb66f8555bf88fc2a65609d00bcabd4d2d94377a727547345cbca?s=96&d=mm&r=g\",\"contentUrl\":\"https:\\\/\\\/secure.gravatar.com\\\/avatar\\\/986aa4c61ccdb66f8555bf88fc2a65609d00bcabd4d2d94377a727547345cbca?s=96&d=mm&r=g\",\"caption\":\"Farn\u00e9sio\"},\"description\":\"Radialista blogueiro, chegou a Petrolina\\\/Juazeiro em setembro de 1980, Farn\u00e9sio Silva \u00e9 de Arapiraca-Alagoas.\",\"sameAs\":[\"http:\\\/\\\/blogdofarnesio.com.br\",\"https:\\\/\\\/www.facebook.com\\\/?ref=tn_tnmn\",\"https:\\\/\\\/www.instagram.com\\\/?utm_source=pwa_homescreen\",\"https:\\\/\\\/youtube.com.br\\\/\"],\"url\":\"https:\\\/\\\/blogdofarnesio.com.br\\\/?author=2\"}]}<\/script>\n<!-- \/ Yoast SEO plugin. -->","yoast_head_json":{"title":"Petrolina entregou mais de 12 mil Fardamentos Escolares nas unidades de ensino - Blog do Farn\u00e9sio","robots":{"index":"index","follow":"follow","max-snippet":"max-snippet:-1","max-image-preview":"max-image-preview:large","max-video-preview":"max-video-preview:-1"},"canonical":"https:\/\/blogdofarnesio.com.br\/?p=340501","og_locale":"pt_BR","og_type":"article","og_title":"Petrolina entregou mais de 12 mil Fardamentos Escolares nas unidades de ensino - Blog do Farn\u00e9sio","og_description":"A gest\u00e3o municipal tamb\u00e9m fechou a semana com a entrega de mais de 9.500 mochilas as escolas com Ensino Fundamental\u00a0\u00a0 Dentro do cronograma de a\u00e7\u00f5es e investimentos que visam garantir a melhoria da qualidade de ensino oferecido nas unidades educacionais, a Prefeitura de Petrolina, por meio da Secretaria de Educa\u00e7\u00e3o, Cultura e Esportes, fechou esta semana com a entrega de mais de 12.500 conjuntos de fardamentos nas unidades educacionais da sede e interior. O uniforme escolar, que representa a identidade estudantil do aluno, \u00e9 a marca e a comprova\u00e7\u00e3o de que o poder p\u00fablico est\u00e1 garantindo o direito das crian\u00e7as \u00e0 educa\u00e7\u00e3o, al\u00e9m de contribuir para elevar a autoestima do estudante. Em outra frente de distribui\u00e7\u00e3o, a atual gest\u00e3o realizou&hellip;","og_url":"https:\/\/blogdofarnesio.com.br\/?p=340501","og_site_name":"Blog do Farn\u00e9sio","article_publisher":"https:\/\/www.facebook.com\/BlogQuerSaberPolitica\/","article_author":"https:\/\/www.facebook.com\/?ref=tn_tnmn","article_published_time":"2023-05-13T12:00:16+00:00","article_modified_time":"2023-05-13T13:23:28+00:00","og_image":[{"width":600,"height":375,"url":"https:\/\/blogdofarnesio.com.br\/wp-content\/uploads\/2023\/05\/blogqsppet-escola-fardamento-1-e1683922471959.jpeg","type":"image\/jpeg"}],"author":"Farn\u00e9sio","twitter_card":"summary_large_image","twitter_misc":{"Escrito por":"Farn\u00e9sio","Est. tempo de leitura":"2 minutos"},"schema":{"@context":"https:\/\/schema.org","@graph":[{"@type":"Article","@id":"https:\/\/blogdofarnesio.com.br\/?p=340501#article","isPartOf":{"@id":"https:\/\/blogdofarnesio.com.br\/?p=340501"},"author":{"name":"Farn\u00e9sio","@id":"https:\/\/blogdofarnesio.com.br\/#\/schema\/person\/bb9b23ae3ad0609ce8df7b6c9e76824d"},"headline":"Petrolina entregou mais de 12 mil Fardamentos Escolares nas unidades de ensino","datePublished":"2023-05-13T12:00:16+00:00","dateModified":"2023-05-13T13:23:28+00:00","mainEntityOfPage":{"@id":"https:\/\/blogdofarnesio.com.br\/?p=340501"},"wordCount":352,"commentCount":0,"publisher":{"@id":"https:\/\/blogdofarnesio.com.br\/#organization"},"image":{"@id":"https:\/\/blogdofarnesio.com.br\/?p=340501#primaryimage"},"thumbnailUrl":"https:\/\/blogdofarnesio.com.br\/wp-content\/uploads\/2023\/05\/blogqsppet-escola-fardamento-1-e1683922471959.jpeg","articleSection":["Educa\u00e7\u00e3o"],"inLanguage":"pt-BR","potentialAction":[{"@type":"CommentAction","name":"Comment","target":["https:\/\/blogdofarnesio.com.br\/?p=340501#respond"]}]},{"@type":"WebPage","@id":"https:\/\/blogdofarnesio.com.br\/?p=340501","url":"https:\/\/blogdofarnesio.com.br\/?p=340501","name":"Petrolina entregou mais de 12 mil Fardamentos Escolares nas unidades de ensino - Blog do Farn\u00e9sio","isPartOf":{"@id":"https:\/\/blogdofarnesio.com.br\/#website"},"primaryImageOfPage":{"@id":"https:\/\/blogdofarnesio.com.br\/?p=340501#primaryimage"},"image":{"@id":"https:\/\/blogdofarnesio.com.br\/?p=340501#primaryimage"},"thumbnailUrl":"https:\/\/blogdofarnesio.com.br\/wp-content\/uploads\/2023\/05\/blogqsppet-escola-fardamento-1-e1683922471959.jpeg","datePublished":"2023-05-13T12:00:16+00:00","dateModified":"2023-05-13T13:23:28+00:00","breadcrumb":{"@id":"https:\/\/blogdofarnesio.com.br\/?p=340501#breadcrumb"},"inLanguage":"pt-BR","potentialAction":[{"@type":"ReadAction","target":["https:\/\/blogdofarnesio.com.br\/?p=340501"]}]},{"@type":"ImageObject","inLanguage":"pt-BR","@id":"https:\/\/blogdofarnesio.com.br\/?p=340501#primaryimage","url":"https:\/\/blogdofarnesio.com.br\/wp-content\/uploads\/2023\/05\/blogqsppet-escola-fardamento-1-e1683922471959.jpeg","contentUrl":"https:\/\/blogdofarnesio.com.br\/wp-content\/uploads\/2023\/05\/blogqsppet-escola-fardamento-1-e1683922471959.jpeg","width":600,"height":375},{"@type":"BreadcrumbList","@id":"https:\/\/blogdofarnesio.com.br\/?p=340501#breadcrumb","itemListElement":[{"@type":"ListItem","position":1,"name":"In\u00edcio","item":"https:\/\/blogdofarnesio.com.br\/"},{"@type":"ListItem","position":2,"name":"Petrolina entregou mais de 12 mil Fardamentos Escolares nas unidades de ensino"}]},{"@type":"WebSite","@id":"https:\/\/blogdofarnesio.com.br\/#website","url":"https:\/\/blogdofarnesio.com.br\/","name":"Blog do Farn\u00e9sio","description":"Quer Saber Pol\u00edtica?","publisher":{"@id":"https:\/\/blogdofarnesio.com.br\/#organization"},"potentialAction":[{"@type":"SearchAction","target":{"@type":"EntryPoint","urlTemplate":"https:\/\/blogdofarnesio.com.br\/?s={search_term_string}"},"query-input":{"@type":"PropertyValueSpecification","valueRequired":true,"valueName":"search_term_string"}}],"inLanguage":"pt-BR"},{"@type":"Organization","@id":"https:\/\/blogdofarnesio.com.br\/#organization","name":"Blog do Farn\u00e9sio","url":"https:\/\/blogdofarnesio.com.br\/","logo":{"@type":"ImageObject","inLanguage":"pt-BR","@id":"https:\/\/blogdofarnesio.com.br\/#\/schema\/logo\/image\/","url":"https:\/\/blogdofarnesio.com.br\/wp-content\/uploads\/2026\/03\/cropped-logo_new-1.png","contentUrl":"https:\/\/blogdofarnesio.com.br\/wp-content\/uploads\/2026\/03\/cropped-logo_new-1.png","width":881,"height":685,"caption":"Blog do Farn\u00e9sio"},"image":{"@id":"https:\/\/blogdofarnesio.com.br\/#\/schema\/logo\/image\/"},"sameAs":["https:\/\/www.facebook.com\/BlogQuerSaberPolitica\/"]},{"@type":"Person","@id":"https:\/\/blogdofarnesio.com.br\/#\/schema\/person\/bb9b23ae3ad0609ce8df7b6c9e76824d","name":"Farn\u00e9sio","image":{"@type":"ImageObject","inLanguage":"pt-BR","@id":"https:\/\/secure.gravatar.com\/avatar\/986aa4c61ccdb66f8555bf88fc2a65609d00bcabd4d2d94377a727547345cbca?s=96&d=mm&r=g","url":"https:\/\/secure.gravatar.com\/avatar\/986aa4c61ccdb66f8555bf88fc2a65609d00bcabd4d2d94377a727547345cbca?s=96&d=mm&r=g","contentUrl":"https:\/\/secure.gravatar.com\/avatar\/986aa4c61ccdb66f8555bf88fc2a65609d00bcabd4d2d94377a727547345cbca?s=96&d=mm&r=g","caption":"Farn\u00e9sio"},"description":"Radialista blogueiro, chegou a Petrolina\/Juazeiro em setembro de 1980, Farn\u00e9sio Silva \u00e9 de Arapiraca-Alagoas.","sameAs":["http:\/\/blogdofarnesio.com.br","https:\/\/www.facebook.com\/?ref=tn_tnmn","https:\/\/www.instagram.com\/?utm_source=pwa_homescreen","https:\/\/youtube.com.br\/"],"url":"https:\/\/blogdofarnesio.com.br\/?author=2"}]}},"_links":{"self":[{"href":"https:\/\/blogdofarnesio.com.br\/index.php?rest_route=\/wp\/v2\/posts\/340501","targetHints":{"allow":["GET"]}}],"collection":[{"href":"https:\/\/blogdofarnesio.com.br\/index.php?rest_route=\/wp\/v2\/posts"}],"about":[{"href":"https:\/\/blogdofarnesio.com.br\/index.php?rest_route=\/wp\/v2\/types\/post"}],"author":[{"embeddable":true,"href":"https:\/\/blogdofarnesio.com.br\/index.php?rest_route=\/wp\/v2\/users\/2"}],"replies":[{"embeddable":true,"href":"https:\/\/blogdofarnesio.com.br\/index.php?rest_route=%2Fwp%2Fv2%2Fcomments&post=340501"}],"version-history":[{"count":0,"href":"https:\/\/blogdofarnesio.com.br\/index.php?rest_route=\/wp\/v2\/posts\/340501\/revisions"}],"wp:featuredmedia":[{"embeddable":true,"href":"https:\/\/blogdofarnesio.com.br\/index.php?rest_route=\/wp\/v2\/media\/340502"}],"wp:attachment":[{"href":"https:\/\/blogdofarnesio.com.br\/index.php?rest_route=%2Fwp%2Fv2%2Fmedia&parent=340501"}],"wp:term":[{"taxonomy":"category","embeddable":true,"href":"https:\/\/blogdofarnesio.com.br\/index.php?rest_route=%2Fwp%2Fv2%2Fcategories&post=340501"},{"taxonomy":"post_tag","embeddable":true,"href":"https:\/\/blogdofarnesio.com.br\/index.php?rest_route=%2Fwp%2Fv2%2Ftags&post=340501"}],"curies":[{"name":"wp","href":"https:\/\/api.w.org\/{rel}","templated":true}]}}