{"id":340479,"date":"2023-05-13T08:00:50","date_gmt":"2023-05-13T11:00:50","guid":{"rendered":"https:\/\/blogdofarnesio.com.br\/?p=340479"},"modified":"2023-05-12T16:36:35","modified_gmt":"2023-05-12T19:36:35","slug":"procon-de-juazeiro-realiza-operacao-dia-das-maes","status":"publish","type":"post","link":"https:\/\/blogdofarnesio.com.br\/?p=340479","title":{"rendered":"Procon de Juazeiro realiza \u201cOpera\u00e7\u00e3o Dia das M\u00e3es\u201d"},"content":{"rendered":"<p>A prefeitura de Juazeiro, por meio da Coordenadoria Municipal de Prote\u00e7\u00e3o e Defesa do Consumidor (Procon), deflagrou durante esta semana, a &#8220;Opera\u00e7\u00e3o Dia das M\u00e3es&#8221;, uma fiscaliza\u00e7\u00e3o intensiva voltada para fornecedores de produtos e servi\u00e7os relacionados \u00e0s comemora\u00e7\u00f5es da data. O objetivo principal da opera\u00e7\u00e3o foi garantir mais prote\u00e7\u00e3o e seguran\u00e7a aos consumidores durante suas compras, al\u00e9m de educar os fornecedores sobre boas pr\u00e1ticas e reprimir as pr\u00e1ticas abusivas.<\/p>\n<p>O procurador geral do munic\u00edpio (PGM), Thiago Cordeiro, explica que o \u00f3rg\u00e3o realiza fiscaliza\u00e7\u00e3o constantemente, no entanto, com a proximidade da segunda maior data que movimenta as vendas no com\u00e9rcio, Dia das M\u00e3es, o trabalho foi intensificado. \u201cNosso objetivo \u00e9 garantir que todas as atividades comerciais sejam realizadas de acordo com a lei, promovendo um ambiente seguro e justo para os consumidores\u201d, destacou Thiago Cordeiro.<\/p>\n<p>A a\u00e7\u00e3o do Procon abrange diversos estabelecimentos comerciais, incluindo centros comerciais, lojas, shoppings centers e floriculturas de Juazeiro. Durante a opera\u00e7\u00e3o, equipes do \u00f3rg\u00e3o visitaram os locais para realizar inspe\u00e7\u00f5es e orientar os fornecedores quanto \u00e0s boas pr\u00e1ticas, entregando cartilhas educacionais com informa\u00e7\u00f5es relevantes sobre os direitos do consumidor.<\/p>\n<p>A fiscaliza\u00e7\u00e3o tamb\u00e9m avaliou se os empres\u00e1rios j\u00e1 haviam sido notificados anteriormente pela ag\u00eancia. Aqueles fornecedores que j\u00e1 passaram por visitas anteriores e receberam orienta\u00e7\u00f5es educativas podem ser multados, caso continuem praticando infra\u00e7\u00f5es.<\/p>\n<p><b>A opera\u00e7\u00e3o<\/b><\/p>\n<p>Durante a &#8220;Opera\u00e7\u00e3o Dia das M\u00e3es&#8221;, que ocorreu no per\u00edodo de ter\u00e7a-feira (09) a sexta-feira (12), foram vistoriados um total de 52 estabelecimentos comerciais. Na ter\u00e7a-feira, a a\u00e7\u00e3o se concentrou no Aguas Center, onde foram fiscalizadas 12 lojas. Na quarta-feira, foi a vez de 20 lojas na Avenida Adolfo Viana e Rua G\u00f3es Calmon, a popular Rua da Apolo. Na quinta-feira, a fiscaliza\u00e7\u00e3o se estendeu a 15 lojas no Ju\u00e1 Garden Shopping. J\u00e1 na sexta-feira, foram fiscalizadas 5 floriculturas.<\/p>\n<p>Durante as inspe\u00e7\u00f5es, foram identificadas viola\u00e7\u00f5es comuns, principalmente relacionadas aos pre\u00e7os. Muitos fornecedores n\u00e3o precificam corretamente os itens \u00e0 venda, o que \u00e9 obrigat\u00f3rio por lei. Al\u00e9m disso, foi verificada a aus\u00eancia do C\u00f3digo de Defesa do Consumidor nos estabelecimentos, venda casada e comercializa\u00e7\u00e3o de produtos vencidos, principalmente cosm\u00e9ticos.<\/p>\n<p>O coordenador do Procon, Carlos Macedo, ressaltou a import\u00e2ncia da a\u00e7\u00e3o: \u201cEstamos empenhados em coibir os abusos e garantir que os consumidores sejam protegidos durante suas compras, especialmente em ocasi\u00f5es como o Dia das M\u00e3es&#8221;. Ele orientou ainda que o consumidor dever\u00e1 exigir a nota fiscal, documento que comprova a rela\u00e7\u00e3o de consumo, que \u00e9 essencial para eventual troca quando o mesmo apresenta v\u00edcio, pois cont\u00e9m o termo inicial do prazo de garantia<\/p>\n<p>Texto: Gabriel Filliph &#8211; ASCOM PMJ<\/p>\n<div>Fotos: Gabriel Filliph e \u00cdcaro Alexandre<\/div>\n","protected":false},"excerpt":{"rendered":"<p>A prefeitura de Juazeiro, por meio da Coordenadoria Municipal de Prote\u00e7\u00e3o e Defesa do Consumidor (Procon), deflagrou durante esta semana, a &#8220;Opera\u00e7\u00e3o Dia das M\u00e3es&#8221;, uma fiscaliza\u00e7\u00e3o intensiva voltada para fornecedores de produtos e servi\u00e7os relacionados \u00e0s comemora\u00e7\u00f5es da data. O objetivo principal da opera\u00e7\u00e3o foi garantir mais prote\u00e7\u00e3o e seguran\u00e7a aos consumidores durante suas compras, al\u00e9m de educar os fornecedores sobre boas pr\u00e1ticas e reprimir as pr\u00e1ticas abusivas. O procurador geral do munic\u00edpio (PGM), Thiago Cordeiro, explica que o \u00f3rg\u00e3o realiza fiscaliza\u00e7\u00e3o constantemente, no entanto, com a proximidade da segunda maior data que movimenta as vendas no com\u00e9rcio, Dia das M\u00e3es, o trabalho foi intensificado. \u201cNosso objetivo \u00e9 garantir que todas as atividades comerciais sejam realizadas de acordo com&hellip; <\/p>\n","protected":false},"author":2,"featured_media":340480,"comment_status":"open","ping_status":"open","sticky":false,"template":"","format":"standard","meta":{"_acf_changed":false,"footnotes":""},"categories":[12,20],"tags":[],"class_list":["post-340479","post","type-post","status-publish","format-standard","has-post-thumbnail","hentry","category-confraternizacoes","category-economia"],"acf":[],"yoast_head":"<!-- This site is optimized with the Yoast SEO plugin v27.4 - https:\/\/yoast.com\/product\/yoast-seo-wordpress\/ -->\n<title>Procon de Juazeiro realiza \u201cOpera\u00e7\u00e3o Dia das M\u00e3es\u201d - Blog do Farn\u00e9sio<\/title>\n<meta name=\"robots\" content=\"index, follow, max-snippet:-1, max-image-preview:large, max-video-preview:-1\" \/>\n<link rel=\"canonical\" href=\"https:\/\/blogdofarnesio.com.br\/?p=340479\" \/>\n<meta property=\"og:locale\" content=\"pt_BR\" \/>\n<meta property=\"og:type\" content=\"article\" \/>\n<meta property=\"og:title\" content=\"Procon de Juazeiro realiza \u201cOpera\u00e7\u00e3o Dia das M\u00e3es\u201d - Blog do Farn\u00e9sio\" \/>\n<meta property=\"og:description\" content=\"A prefeitura de Juazeiro, por meio da Coordenadoria Municipal de Prote\u00e7\u00e3o e Defesa do Consumidor (Procon), deflagrou durante esta semana, a &#8220;Opera\u00e7\u00e3o Dia das M\u00e3es&#8221;, uma fiscaliza\u00e7\u00e3o intensiva voltada para fornecedores de produtos e servi\u00e7os relacionados \u00e0s comemora\u00e7\u00f5es da data. O objetivo principal da opera\u00e7\u00e3o foi garantir mais prote\u00e7\u00e3o e seguran\u00e7a aos consumidores durante suas compras, al\u00e9m de educar os fornecedores sobre boas pr\u00e1ticas e reprimir as pr\u00e1ticas abusivas. O procurador geral do munic\u00edpio (PGM), Thiago Cordeiro, explica que o \u00f3rg\u00e3o realiza fiscaliza\u00e7\u00e3o constantemente, no entanto, com a proximidade da segunda maior data que movimenta as vendas no com\u00e9rcio, Dia das M\u00e3es, o trabalho foi intensificado. \u201cNosso objetivo \u00e9 garantir que todas as atividades comerciais sejam realizadas de acordo com&hellip;\" \/>\n<meta property=\"og:url\" content=\"https:\/\/blogdofarnesio.com.br\/?p=340479\" \/>\n<meta property=\"og:site_name\" content=\"Blog do Farn\u00e9sio\" \/>\n<meta property=\"article:publisher\" content=\"https:\/\/www.facebook.com\/BlogQuerSaberPolitica\/\" \/>\n<meta property=\"article:author\" content=\"https:\/\/www.facebook.com\/?ref=tn_tnmn\" \/>\n<meta property=\"article:published_time\" content=\"2023-05-13T11:00:50+00:00\" \/>\n<meta property=\"og:image\" content=\"https:\/\/blogdofarnesio.com.br\/wp-content\/uploads\/2023\/05\/blogqspjua-procon-dia-das-maes-e1683920157556.jpeg\" \/>\n\t<meta property=\"og:image:width\" content=\"600\" \/>\n\t<meta property=\"og:image:height\" content=\"396\" \/>\n\t<meta property=\"og:image:type\" content=\"image\/jpeg\" \/>\n<meta name=\"author\" content=\"Farn\u00e9sio\" \/>\n<meta name=\"twitter:card\" content=\"summary_large_image\" \/>\n<meta name=\"twitter:label1\" content=\"Escrito por\" \/>\n\t<meta name=\"twitter:data1\" content=\"Farn\u00e9sio\" \/>\n\t<meta name=\"twitter:label2\" content=\"Est. tempo de leitura\" \/>\n\t<meta name=\"twitter:data2\" content=\"3 minutos\" \/>\n<script type=\"application\/ld+json\" class=\"yoast-schema-graph\">{\"@context\":\"https:\\\/\\\/schema.org\",\"@graph\":[{\"@type\":\"Article\",\"@id\":\"https:\\\/\\\/blogdofarnesio.com.br\\\/?p=340479#article\",\"isPartOf\":{\"@id\":\"https:\\\/\\\/blogdofarnesio.com.br\\\/?p=340479\"},\"author\":{\"name\":\"Farn\u00e9sio\",\"@id\":\"https:\\\/\\\/blogdofarnesio.com.br\\\/#\\\/schema\\\/person\\\/bb9b23ae3ad0609ce8df7b6c9e76824d\"},\"headline\":\"Procon de Juazeiro realiza \u201cOpera\u00e7\u00e3o Dia das M\u00e3es\u201d\",\"datePublished\":\"2023-05-13T11:00:50+00:00\",\"mainEntityOfPage\":{\"@id\":\"https:\\\/\\\/blogdofarnesio.com.br\\\/?p=340479\"},\"wordCount\":485,\"commentCount\":0,\"publisher\":{\"@id\":\"https:\\\/\\\/blogdofarnesio.com.br\\\/#organization\"},\"image\":{\"@id\":\"https:\\\/\\\/blogdofarnesio.com.br\\\/?p=340479#primaryimage\"},\"thumbnailUrl\":\"https:\\\/\\\/blogdofarnesio.com.br\\\/wp-content\\\/uploads\\\/2023\\\/05\\\/blogqspjua-procon-dia-das-maes-e1683920157556.jpeg\",\"articleSection\":[\"Confraterniza\u00e7\u00f5es\",\"Economia\"],\"inLanguage\":\"pt-BR\",\"potentialAction\":[{\"@type\":\"CommentAction\",\"name\":\"Comment\",\"target\":[\"https:\\\/\\\/blogdofarnesio.com.br\\\/?p=340479#respond\"]}]},{\"@type\":\"WebPage\",\"@id\":\"https:\\\/\\\/blogdofarnesio.com.br\\\/?p=340479\",\"url\":\"https:\\\/\\\/blogdofarnesio.com.br\\\/?p=340479\",\"name\":\"Procon de Juazeiro realiza \u201cOpera\u00e7\u00e3o Dia das M\u00e3es\u201d - Blog do Farn\u00e9sio\",\"isPartOf\":{\"@id\":\"https:\\\/\\\/blogdofarnesio.com.br\\\/#website\"},\"primaryImageOfPage\":{\"@id\":\"https:\\\/\\\/blogdofarnesio.com.br\\\/?p=340479#primaryimage\"},\"image\":{\"@id\":\"https:\\\/\\\/blogdofarnesio.com.br\\\/?p=340479#primaryimage\"},\"thumbnailUrl\":\"https:\\\/\\\/blogdofarnesio.com.br\\\/wp-content\\\/uploads\\\/2023\\\/05\\\/blogqspjua-procon-dia-das-maes-e1683920157556.jpeg\",\"datePublished\":\"2023-05-13T11:00:50+00:00\",\"breadcrumb\":{\"@id\":\"https:\\\/\\\/blogdofarnesio.com.br\\\/?p=340479#breadcrumb\"},\"inLanguage\":\"pt-BR\",\"potentialAction\":[{\"@type\":\"ReadAction\",\"target\":[\"https:\\\/\\\/blogdofarnesio.com.br\\\/?p=340479\"]}]},{\"@type\":\"ImageObject\",\"inLanguage\":\"pt-BR\",\"@id\":\"https:\\\/\\\/blogdofarnesio.com.br\\\/?p=340479#primaryimage\",\"url\":\"https:\\\/\\\/blogdofarnesio.com.br\\\/wp-content\\\/uploads\\\/2023\\\/05\\\/blogqspjua-procon-dia-das-maes-e1683920157556.jpeg\",\"contentUrl\":\"https:\\\/\\\/blogdofarnesio.com.br\\\/wp-content\\\/uploads\\\/2023\\\/05\\\/blogqspjua-procon-dia-das-maes-e1683920157556.jpeg\",\"width\":600,\"height\":396},{\"@type\":\"BreadcrumbList\",\"@id\":\"https:\\\/\\\/blogdofarnesio.com.br\\\/?p=340479#breadcrumb\",\"itemListElement\":[{\"@type\":\"ListItem\",\"position\":1,\"name\":\"In\u00edcio\",\"item\":\"https:\\\/\\\/blogdofarnesio.com.br\\\/\"},{\"@type\":\"ListItem\",\"position\":2,\"name\":\"Procon de Juazeiro realiza \u201cOpera\u00e7\u00e3o Dia das M\u00e3es\u201d\"}]},{\"@type\":\"WebSite\",\"@id\":\"https:\\\/\\\/blogdofarnesio.com.br\\\/#website\",\"url\":\"https:\\\/\\\/blogdofarnesio.com.br\\\/\",\"name\":\"Blog do Farn\u00e9sio\",\"description\":\"Quer Saber Pol\u00edtica?\",\"publisher\":{\"@id\":\"https:\\\/\\\/blogdofarnesio.com.br\\\/#organization\"},\"potentialAction\":[{\"@type\":\"SearchAction\",\"target\":{\"@type\":\"EntryPoint\",\"urlTemplate\":\"https:\\\/\\\/blogdofarnesio.com.br\\\/?s={search_term_string}\"},\"query-input\":{\"@type\":\"PropertyValueSpecification\",\"valueRequired\":true,\"valueName\":\"search_term_string\"}}],\"inLanguage\":\"pt-BR\"},{\"@type\":\"Organization\",\"@id\":\"https:\\\/\\\/blogdofarnesio.com.br\\\/#organization\",\"name\":\"Blog do Farn\u00e9sio\",\"url\":\"https:\\\/\\\/blogdofarnesio.com.br\\\/\",\"logo\":{\"@type\":\"ImageObject\",\"inLanguage\":\"pt-BR\",\"@id\":\"https:\\\/\\\/blogdofarnesio.com.br\\\/#\\\/schema\\\/logo\\\/image\\\/\",\"url\":\"https:\\\/\\\/blogdofarnesio.com.br\\\/wp-content\\\/uploads\\\/2026\\\/03\\\/cropped-logo_new-1.png\",\"contentUrl\":\"https:\\\/\\\/blogdofarnesio.com.br\\\/wp-content\\\/uploads\\\/2026\\\/03\\\/cropped-logo_new-1.png\",\"width\":881,\"height\":685,\"caption\":\"Blog do Farn\u00e9sio\"},\"image\":{\"@id\":\"https:\\\/\\\/blogdofarnesio.com.br\\\/#\\\/schema\\\/logo\\\/image\\\/\"},\"sameAs\":[\"https:\\\/\\\/www.facebook.com\\\/BlogQuerSaberPolitica\\\/\"]},{\"@type\":\"Person\",\"@id\":\"https:\\\/\\\/blogdofarnesio.com.br\\\/#\\\/schema\\\/person\\\/bb9b23ae3ad0609ce8df7b6c9e76824d\",\"name\":\"Farn\u00e9sio\",\"image\":{\"@type\":\"ImageObject\",\"inLanguage\":\"pt-BR\",\"@id\":\"https:\\\/\\\/secure.gravatar.com\\\/avatar\\\/986aa4c61ccdb66f8555bf88fc2a65609d00bcabd4d2d94377a727547345cbca?s=96&d=mm&r=g\",\"url\":\"https:\\\/\\\/secure.gravatar.com\\\/avatar\\\/986aa4c61ccdb66f8555bf88fc2a65609d00bcabd4d2d94377a727547345cbca?s=96&d=mm&r=g\",\"contentUrl\":\"https:\\\/\\\/secure.gravatar.com\\\/avatar\\\/986aa4c61ccdb66f8555bf88fc2a65609d00bcabd4d2d94377a727547345cbca?s=96&d=mm&r=g\",\"caption\":\"Farn\u00e9sio\"},\"description\":\"Radialista blogueiro, chegou a Petrolina\\\/Juazeiro em setembro de 1980, Farn\u00e9sio Silva \u00e9 de Arapiraca-Alagoas.\",\"sameAs\":[\"http:\\\/\\\/blogdofarnesio.com.br\",\"https:\\\/\\\/www.facebook.com\\\/?ref=tn_tnmn\",\"https:\\\/\\\/www.instagram.com\\\/?utm_source=pwa_homescreen\",\"https:\\\/\\\/youtube.com.br\\\/\"],\"url\":\"https:\\\/\\\/blogdofarnesio.com.br\\\/?author=2\"}]}<\/script>\n<!-- \/ Yoast SEO plugin. -->","yoast_head_json":{"title":"Procon de Juazeiro realiza \u201cOpera\u00e7\u00e3o Dia das M\u00e3es\u201d - Blog do Farn\u00e9sio","robots":{"index":"index","follow":"follow","max-snippet":"max-snippet:-1","max-image-preview":"max-image-preview:large","max-video-preview":"max-video-preview:-1"},"canonical":"https:\/\/blogdofarnesio.com.br\/?p=340479","og_locale":"pt_BR","og_type":"article","og_title":"Procon de Juazeiro realiza \u201cOpera\u00e7\u00e3o Dia das M\u00e3es\u201d - Blog do Farn\u00e9sio","og_description":"A prefeitura de Juazeiro, por meio da Coordenadoria Municipal de Prote\u00e7\u00e3o e Defesa do Consumidor (Procon), deflagrou durante esta semana, a &#8220;Opera\u00e7\u00e3o Dia das M\u00e3es&#8221;, uma fiscaliza\u00e7\u00e3o intensiva voltada para fornecedores de produtos e servi\u00e7os relacionados \u00e0s comemora\u00e7\u00f5es da data. O objetivo principal da opera\u00e7\u00e3o foi garantir mais prote\u00e7\u00e3o e seguran\u00e7a aos consumidores durante suas compras, al\u00e9m de educar os fornecedores sobre boas pr\u00e1ticas e reprimir as pr\u00e1ticas abusivas. O procurador geral do munic\u00edpio (PGM), Thiago Cordeiro, explica que o \u00f3rg\u00e3o realiza fiscaliza\u00e7\u00e3o constantemente, no entanto, com a proximidade da segunda maior data que movimenta as vendas no com\u00e9rcio, Dia das M\u00e3es, o trabalho foi intensificado. \u201cNosso objetivo \u00e9 garantir que todas as atividades comerciais sejam realizadas de acordo com&hellip;","og_url":"https:\/\/blogdofarnesio.com.br\/?p=340479","og_site_name":"Blog do Farn\u00e9sio","article_publisher":"https:\/\/www.facebook.com\/BlogQuerSaberPolitica\/","article_author":"https:\/\/www.facebook.com\/?ref=tn_tnmn","article_published_time":"2023-05-13T11:00:50+00:00","og_image":[{"width":600,"height":396,"url":"https:\/\/blogdofarnesio.com.br\/wp-content\/uploads\/2023\/05\/blogqspjua-procon-dia-das-maes-e1683920157556.jpeg","type":"image\/jpeg"}],"author":"Farn\u00e9sio","twitter_card":"summary_large_image","twitter_misc":{"Escrito por":"Farn\u00e9sio","Est. tempo de leitura":"3 minutos"},"schema":{"@context":"https:\/\/schema.org","@graph":[{"@type":"Article","@id":"https:\/\/blogdofarnesio.com.br\/?p=340479#article","isPartOf":{"@id":"https:\/\/blogdofarnesio.com.br\/?p=340479"},"author":{"name":"Farn\u00e9sio","@id":"https:\/\/blogdofarnesio.com.br\/#\/schema\/person\/bb9b23ae3ad0609ce8df7b6c9e76824d"},"headline":"Procon de Juazeiro realiza \u201cOpera\u00e7\u00e3o Dia das M\u00e3es\u201d","datePublished":"2023-05-13T11:00:50+00:00","mainEntityOfPage":{"@id":"https:\/\/blogdofarnesio.com.br\/?p=340479"},"wordCount":485,"commentCount":0,"publisher":{"@id":"https:\/\/blogdofarnesio.com.br\/#organization"},"image":{"@id":"https:\/\/blogdofarnesio.com.br\/?p=340479#primaryimage"},"thumbnailUrl":"https:\/\/blogdofarnesio.com.br\/wp-content\/uploads\/2023\/05\/blogqspjua-procon-dia-das-maes-e1683920157556.jpeg","articleSection":["Confraterniza\u00e7\u00f5es","Economia"],"inLanguage":"pt-BR","potentialAction":[{"@type":"CommentAction","name":"Comment","target":["https:\/\/blogdofarnesio.com.br\/?p=340479#respond"]}]},{"@type":"WebPage","@id":"https:\/\/blogdofarnesio.com.br\/?p=340479","url":"https:\/\/blogdofarnesio.com.br\/?p=340479","name":"Procon de Juazeiro realiza \u201cOpera\u00e7\u00e3o Dia das M\u00e3es\u201d - Blog do Farn\u00e9sio","isPartOf":{"@id":"https:\/\/blogdofarnesio.com.br\/#website"},"primaryImageOfPage":{"@id":"https:\/\/blogdofarnesio.com.br\/?p=340479#primaryimage"},"image":{"@id":"https:\/\/blogdofarnesio.com.br\/?p=340479#primaryimage"},"thumbnailUrl":"https:\/\/blogdofarnesio.com.br\/wp-content\/uploads\/2023\/05\/blogqspjua-procon-dia-das-maes-e1683920157556.jpeg","datePublished":"2023-05-13T11:00:50+00:00","breadcrumb":{"@id":"https:\/\/blogdofarnesio.com.br\/?p=340479#breadcrumb"},"inLanguage":"pt-BR","potentialAction":[{"@type":"ReadAction","target":["https:\/\/blogdofarnesio.com.br\/?p=340479"]}]},{"@type":"ImageObject","inLanguage":"pt-BR","@id":"https:\/\/blogdofarnesio.com.br\/?p=340479#primaryimage","url":"https:\/\/blogdofarnesio.com.br\/wp-content\/uploads\/2023\/05\/blogqspjua-procon-dia-das-maes-e1683920157556.jpeg","contentUrl":"https:\/\/blogdofarnesio.com.br\/wp-content\/uploads\/2023\/05\/blogqspjua-procon-dia-das-maes-e1683920157556.jpeg","width":600,"height":396},{"@type":"BreadcrumbList","@id":"https:\/\/blogdofarnesio.com.br\/?p=340479#breadcrumb","itemListElement":[{"@type":"ListItem","position":1,"name":"In\u00edcio","item":"https:\/\/blogdofarnesio.com.br\/"},{"@type":"ListItem","position":2,"name":"Procon de Juazeiro realiza \u201cOpera\u00e7\u00e3o Dia das M\u00e3es\u201d"}]},{"@type":"WebSite","@id":"https:\/\/blogdofarnesio.com.br\/#website","url":"https:\/\/blogdofarnesio.com.br\/","name":"Blog do Farn\u00e9sio","description":"Quer Saber Pol\u00edtica?","publisher":{"@id":"https:\/\/blogdofarnesio.com.br\/#organization"},"potentialAction":[{"@type":"SearchAction","target":{"@type":"EntryPoint","urlTemplate":"https:\/\/blogdofarnesio.com.br\/?s={search_term_string}"},"query-input":{"@type":"PropertyValueSpecification","valueRequired":true,"valueName":"search_term_string"}}],"inLanguage":"pt-BR"},{"@type":"Organization","@id":"https:\/\/blogdofarnesio.com.br\/#organization","name":"Blog do Farn\u00e9sio","url":"https:\/\/blogdofarnesio.com.br\/","logo":{"@type":"ImageObject","inLanguage":"pt-BR","@id":"https:\/\/blogdofarnesio.com.br\/#\/schema\/logo\/image\/","url":"https:\/\/blogdofarnesio.com.br\/wp-content\/uploads\/2026\/03\/cropped-logo_new-1.png","contentUrl":"https:\/\/blogdofarnesio.com.br\/wp-content\/uploads\/2026\/03\/cropped-logo_new-1.png","width":881,"height":685,"caption":"Blog do Farn\u00e9sio"},"image":{"@id":"https:\/\/blogdofarnesio.com.br\/#\/schema\/logo\/image\/"},"sameAs":["https:\/\/www.facebook.com\/BlogQuerSaberPolitica\/"]},{"@type":"Person","@id":"https:\/\/blogdofarnesio.com.br\/#\/schema\/person\/bb9b23ae3ad0609ce8df7b6c9e76824d","name":"Farn\u00e9sio","image":{"@type":"ImageObject","inLanguage":"pt-BR","@id":"https:\/\/secure.gravatar.com\/avatar\/986aa4c61ccdb66f8555bf88fc2a65609d00bcabd4d2d94377a727547345cbca?s=96&d=mm&r=g","url":"https:\/\/secure.gravatar.com\/avatar\/986aa4c61ccdb66f8555bf88fc2a65609d00bcabd4d2d94377a727547345cbca?s=96&d=mm&r=g","contentUrl":"https:\/\/secure.gravatar.com\/avatar\/986aa4c61ccdb66f8555bf88fc2a65609d00bcabd4d2d94377a727547345cbca?s=96&d=mm&r=g","caption":"Farn\u00e9sio"},"description":"Radialista blogueiro, chegou a Petrolina\/Juazeiro em setembro de 1980, Farn\u00e9sio Silva \u00e9 de Arapiraca-Alagoas.","sameAs":["http:\/\/blogdofarnesio.com.br","https:\/\/www.facebook.com\/?ref=tn_tnmn","https:\/\/www.instagram.com\/?utm_source=pwa_homescreen","https:\/\/youtube.com.br\/"],"url":"https:\/\/blogdofarnesio.com.br\/?author=2"}]}},"_links":{"self":[{"href":"https:\/\/blogdofarnesio.com.br\/index.php?rest_route=\/wp\/v2\/posts\/340479","targetHints":{"allow":["GET"]}}],"collection":[{"href":"https:\/\/blogdofarnesio.com.br\/index.php?rest_route=\/wp\/v2\/posts"}],"about":[{"href":"https:\/\/blogdofarnesio.com.br\/index.php?rest_route=\/wp\/v2\/types\/post"}],"author":[{"embeddable":true,"href":"https:\/\/blogdofarnesio.com.br\/index.php?rest_route=\/wp\/v2\/users\/2"}],"replies":[{"embeddable":true,"href":"https:\/\/blogdofarnesio.com.br\/index.php?rest_route=%2Fwp%2Fv2%2Fcomments&post=340479"}],"version-history":[{"count":0,"href":"https:\/\/blogdofarnesio.com.br\/index.php?rest_route=\/wp\/v2\/posts\/340479\/revisions"}],"wp:featuredmedia":[{"embeddable":true,"href":"https:\/\/blogdofarnesio.com.br\/index.php?rest_route=\/wp\/v2\/media\/340480"}],"wp:attachment":[{"href":"https:\/\/blogdofarnesio.com.br\/index.php?rest_route=%2Fwp%2Fv2%2Fmedia&parent=340479"}],"wp:term":[{"taxonomy":"category","embeddable":true,"href":"https:\/\/blogdofarnesio.com.br\/index.php?rest_route=%2Fwp%2Fv2%2Fcategories&post=340479"},{"taxonomy":"post_tag","embeddable":true,"href":"https:\/\/blogdofarnesio.com.br\/index.php?rest_route=%2Fwp%2Fv2%2Ftags&post=340479"}],"curies":[{"name":"wp","href":"https:\/\/api.w.org\/{rel}","templated":true}]}}