{"id":339842,"date":"2023-05-05T10:24:17","date_gmt":"2023-05-05T13:24:17","guid":{"rendered":"https:\/\/blogdofarnesio.com.br\/?p=339842"},"modified":"2023-05-05T08:41:30","modified_gmt":"2023-05-05T11:41:30","slug":"familias-celebram-entrega-do-fardamento-escolar-nas-unidades-de-ensino-de-petrolina","status":"publish","type":"post","link":"https:\/\/blogdofarnesio.com.br\/?p=339842","title":{"rendered":"Fam\u00edlias celebram entrega do fardamento escolar nas unidades de ensino de Petrolina"},"content":{"rendered":"<p style=\"font-weight: 400;\">M\u00e3es, pais e fam\u00edlias de alunos da rede de ensino de Petrolina celebram a distribui\u00e7\u00e3o da primeira etapa dos fardamentos escolares, que ir\u00e3o contribuir de forma significativa com a melhoria da qualidade do ensino e a seguran\u00e7a dos estudantes. Nesta quinta-feira (04), a entrega dos uniformes foi realizada aos alunos da Escola Municipal Professor Jos\u00e9 Joaquim, localizada no bairro Jos\u00e9 e Maria. Os conjuntos beneficiar\u00e3o 56 mil discentes, matriculados nas mais de 200 unidades educacionais.<\/p>\n<p style=\"font-weight: 400;\">Adriana Gomes foi uma das v\u00e1rias m\u00e3es presentes na Escola Jos\u00e9 Joaquim e se mostrou bastante emocionada durante a entrega dos fardamentos aos alunos. &#8220;Para mim, \u00e9 um momento m\u00e1gico. Esta a\u00e7\u00e3o que o prefeito Sim\u00e3o Durando est\u00e1 proporcionando para a rede de ensino, me fez ficar muito contente e grata. Eu vejo a preocupa\u00e7\u00e3o de um gestor p\u00fablico que oferece mais oportunidade, n\u00e3o s\u00f3 para minha crian\u00e7a, mas para as de outras m\u00e3es. Tenho certeza que todos os estudantes do munic\u00edpio ficar\u00e3o muito gratos por esta a\u00e7\u00e3o&#8221;, declara Adriana.<\/p>\n<p style=\"font-weight: 400;\"><img loading=\"lazy\" decoding=\"async\" class=\"aligncenter wp-image-339844 size-full\" src=\"https:\/\/blogdofarnesio.com.br\/wp-content\/uploads\/2023\/05\/Familias-celebram-entrega-do-fardamento-escolar-nas-unidades-de-ensino-de-Petrolina-6-e1683227843697.jpeg\" alt=\"\" width=\"600\" height=\"375\" srcset=\"https:\/\/blogdofarnesio.com.br\/wp-content\/uploads\/2023\/05\/Familias-celebram-entrega-do-fardamento-escolar-nas-unidades-de-ensino-de-Petrolina-6-e1683227843697.jpeg 600w, https:\/\/blogdofarnesio.com.br\/wp-content\/uploads\/2023\/05\/Familias-celebram-entrega-do-fardamento-escolar-nas-unidades-de-ensino-de-Petrolina-6-e1683227843697-300x188.jpeg 300w\" sizes=\"auto, (max-width: 600px) 100vw, 600px\" \/>Edv\u00e2nia Concei\u00e7\u00e3o, m\u00e3e do aluno Jackson Raimundo, ressalta que estas entregas tamb\u00e9m representam o cuidado e acolhimento da rede com as fam\u00edlias. \u201cA distribui\u00e7\u00e3o do fardamento traz uma grande alegria para a comunidade escolar, especialmente pela qualidade das pe\u00e7as, trazendo ainda mais dignidade para nossos filhos.<\/p>\n<p style=\"font-weight: 400;\">Isso aquece nosso cora\u00e7\u00e3o e deixa nossas crian\u00e7as felizes\u201d, disse Edv\u00e2nia. Dentro do cronograma de distribui\u00e7\u00e3o do fardamento escolar nas unidades educacionais, s\u00f3 esta semana a Secretaria de Educa\u00e7\u00e3o, Cultura e Esportes, entregar\u00e1 mais de 15 mil conjuntos. Os hor\u00e1rios de entrega para os pais e respons\u00e1veis ser\u00e3o comunicados pelos gestores das receptivas institui\u00e7\u00f5es de ensino.<\/p>\n<p style=\"font-weight: 400;\">A secret\u00e1ria de Educa\u00e7\u00e3o, Cultura e Esportes, Rosane da Costa, explica que que a gest\u00e3o municipal, atrav\u00e9s desta iniciativa, busca ofertar mais dignidade aos alunos, al\u00e9m de contribuir com o desempenho escolar. &#8220;Os uniformes fazem com que as pessoas se identifiquem umas com as outras e trazem mais seguran\u00e7a para as crian\u00e7as, \u00e0s suas fam\u00edlias e \u00e0 equipe escolar. Essa \u00e9 uma pol\u00edtica da gest\u00e3o do prefeito Sim\u00e3o Durando, que entende a necessidade e a seguran\u00e7a do fardamento para as crian\u00e7as. A padroniza\u00e7\u00e3o representa toda uma identidade de rede. Seguiremos o cronograma de distribui\u00e7\u00e3o, at\u00e9 que todos os alunos da nossa rede municipal estejam, devidamente, fardados, com os novos uniformes\u201d, destacou Rosane.<\/p>\n<p style=\"font-weight: 400;\">Texto: Elaine Barbosa<\/p>\n<p style=\"font-weight: 400;\">Assessora de Imprensa<\/p>\n","protected":false},"excerpt":{"rendered":"<p>M\u00e3es, pais e fam\u00edlias de alunos da rede de ensino de Petrolina celebram a distribui\u00e7\u00e3o da primeira etapa dos fardamentos escolares, que ir\u00e3o contribuir de forma significativa com a melhoria da qualidade do ensino e a seguran\u00e7a dos estudantes. Nesta quinta-feira (04), a entrega dos uniformes foi realizada aos alunos da Escola Municipal Professor Jos\u00e9 Joaquim, localizada no bairro Jos\u00e9 e Maria. Os conjuntos beneficiar\u00e3o 56 mil discentes, matriculados nas mais de 200 unidades educacionais. Adriana Gomes foi uma das v\u00e1rias m\u00e3es presentes na Escola Jos\u00e9 Joaquim e se mostrou bastante emocionada durante a entrega dos fardamentos aos alunos. &#8220;Para mim, \u00e9 um momento m\u00e1gico. Esta a\u00e7\u00e3o que o prefeito Sim\u00e3o Durando est\u00e1 proporcionando para a rede de ensino, me&hellip; <\/p>\n","protected":false},"author":2,"featured_media":339843,"comment_status":"open","ping_status":"open","sticky":false,"template":"","format":"standard","meta":{"_acf_changed":false,"footnotes":""},"categories":[6],"tags":[],"class_list":["post-339842","post","type-post","status-publish","format-standard","has-post-thumbnail","hentry","category-educacao"],"acf":[],"yoast_head":"<!-- This site is optimized with the Yoast SEO plugin v27.4 - https:\/\/yoast.com\/product\/yoast-seo-wordpress\/ -->\n<title>Fam\u00edlias celebram entrega do fardamento escolar nas unidades de ensino de Petrolina - Blog do Farn\u00e9sio<\/title>\n<meta name=\"robots\" content=\"index, follow, max-snippet:-1, max-image-preview:large, max-video-preview:-1\" \/>\n<link rel=\"canonical\" href=\"https:\/\/blogdofarnesio.com.br\/?p=339842\" \/>\n<meta property=\"og:locale\" content=\"pt_BR\" \/>\n<meta property=\"og:type\" content=\"article\" \/>\n<meta property=\"og:title\" content=\"Fam\u00edlias celebram entrega do fardamento escolar nas unidades de ensino de Petrolina - Blog do Farn\u00e9sio\" \/>\n<meta property=\"og:description\" content=\"M\u00e3es, pais e fam\u00edlias de alunos da rede de ensino de Petrolina celebram a distribui\u00e7\u00e3o da primeira etapa dos fardamentos escolares, que ir\u00e3o contribuir de forma significativa com a melhoria da qualidade do ensino e a seguran\u00e7a dos estudantes. Nesta quinta-feira (04), a entrega dos uniformes foi realizada aos alunos da Escola Municipal Professor Jos\u00e9 Joaquim, localizada no bairro Jos\u00e9 e Maria. Os conjuntos beneficiar\u00e3o 56 mil discentes, matriculados nas mais de 200 unidades educacionais. Adriana Gomes foi uma das v\u00e1rias m\u00e3es presentes na Escola Jos\u00e9 Joaquim e se mostrou bastante emocionada durante a entrega dos fardamentos aos alunos. &#8220;Para mim, \u00e9 um momento m\u00e1gico. Esta a\u00e7\u00e3o que o prefeito Sim\u00e3o Durando est\u00e1 proporcionando para a rede de ensino, me&hellip;\" \/>\n<meta property=\"og:url\" content=\"https:\/\/blogdofarnesio.com.br\/?p=339842\" \/>\n<meta property=\"og:site_name\" content=\"Blog do Farn\u00e9sio\" \/>\n<meta property=\"article:publisher\" content=\"https:\/\/www.facebook.com\/BlogQuerSaberPolitica\/\" \/>\n<meta property=\"article:author\" content=\"https:\/\/www.facebook.com\/?ref=tn_tnmn\" \/>\n<meta property=\"article:published_time\" content=\"2023-05-05T13:24:17+00:00\" \/>\n<meta property=\"og:image\" content=\"https:\/\/blogdofarnesio.com.br\/wp-content\/uploads\/2023\/05\/Familias-celebram-entrega-do-fardamento-escolar-nas-unidades-de-ensino-de-Petrolina-1-e1683227453714.jpeg\" \/>\n\t<meta property=\"og:image:width\" content=\"600\" \/>\n\t<meta property=\"og:image:height\" content=\"375\" \/>\n\t<meta property=\"og:image:type\" content=\"image\/jpeg\" \/>\n<meta name=\"author\" content=\"Farn\u00e9sio\" \/>\n<meta name=\"twitter:card\" content=\"summary_large_image\" \/>\n<meta name=\"twitter:label1\" content=\"Escrito por\" \/>\n\t<meta name=\"twitter:data1\" content=\"Farn\u00e9sio\" \/>\n\t<meta name=\"twitter:label2\" content=\"Est. tempo de leitura\" \/>\n\t<meta name=\"twitter:data2\" content=\"3 minutos\" \/>\n<script type=\"application\/ld+json\" class=\"yoast-schema-graph\">{\"@context\":\"https:\\\/\\\/schema.org\",\"@graph\":[{\"@type\":\"Article\",\"@id\":\"https:\\\/\\\/blogdofarnesio.com.br\\\/?p=339842#article\",\"isPartOf\":{\"@id\":\"https:\\\/\\\/blogdofarnesio.com.br\\\/?p=339842\"},\"author\":{\"name\":\"Farn\u00e9sio\",\"@id\":\"https:\\\/\\\/blogdofarnesio.com.br\\\/#\\\/schema\\\/person\\\/bb9b23ae3ad0609ce8df7b6c9e76824d\"},\"headline\":\"Fam\u00edlias celebram entrega do fardamento escolar nas unidades de ensino de Petrolina\",\"datePublished\":\"2023-05-05T13:24:17+00:00\",\"mainEntityOfPage\":{\"@id\":\"https:\\\/\\\/blogdofarnesio.com.br\\\/?p=339842\"},\"wordCount\":441,\"commentCount\":0,\"publisher\":{\"@id\":\"https:\\\/\\\/blogdofarnesio.com.br\\\/#organization\"},\"image\":{\"@id\":\"https:\\\/\\\/blogdofarnesio.com.br\\\/?p=339842#primaryimage\"},\"thumbnailUrl\":\"https:\\\/\\\/blogdofarnesio.com.br\\\/wp-content\\\/uploads\\\/2023\\\/05\\\/Familias-celebram-entrega-do-fardamento-escolar-nas-unidades-de-ensino-de-Petrolina-1-e1683227453714.jpeg\",\"articleSection\":[\"Educa\u00e7\u00e3o\"],\"inLanguage\":\"pt-BR\",\"potentialAction\":[{\"@type\":\"CommentAction\",\"name\":\"Comment\",\"target\":[\"https:\\\/\\\/blogdofarnesio.com.br\\\/?p=339842#respond\"]}]},{\"@type\":\"WebPage\",\"@id\":\"https:\\\/\\\/blogdofarnesio.com.br\\\/?p=339842\",\"url\":\"https:\\\/\\\/blogdofarnesio.com.br\\\/?p=339842\",\"name\":\"Fam\u00edlias celebram entrega do fardamento escolar nas unidades de ensino de Petrolina - Blog do Farn\u00e9sio\",\"isPartOf\":{\"@id\":\"https:\\\/\\\/blogdofarnesio.com.br\\\/#website\"},\"primaryImageOfPage\":{\"@id\":\"https:\\\/\\\/blogdofarnesio.com.br\\\/?p=339842#primaryimage\"},\"image\":{\"@id\":\"https:\\\/\\\/blogdofarnesio.com.br\\\/?p=339842#primaryimage\"},\"thumbnailUrl\":\"https:\\\/\\\/blogdofarnesio.com.br\\\/wp-content\\\/uploads\\\/2023\\\/05\\\/Familias-celebram-entrega-do-fardamento-escolar-nas-unidades-de-ensino-de-Petrolina-1-e1683227453714.jpeg\",\"datePublished\":\"2023-05-05T13:24:17+00:00\",\"breadcrumb\":{\"@id\":\"https:\\\/\\\/blogdofarnesio.com.br\\\/?p=339842#breadcrumb\"},\"inLanguage\":\"pt-BR\",\"potentialAction\":[{\"@type\":\"ReadAction\",\"target\":[\"https:\\\/\\\/blogdofarnesio.com.br\\\/?p=339842\"]}]},{\"@type\":\"ImageObject\",\"inLanguage\":\"pt-BR\",\"@id\":\"https:\\\/\\\/blogdofarnesio.com.br\\\/?p=339842#primaryimage\",\"url\":\"https:\\\/\\\/blogdofarnesio.com.br\\\/wp-content\\\/uploads\\\/2023\\\/05\\\/Familias-celebram-entrega-do-fardamento-escolar-nas-unidades-de-ensino-de-Petrolina-1-e1683227453714.jpeg\",\"contentUrl\":\"https:\\\/\\\/blogdofarnesio.com.br\\\/wp-content\\\/uploads\\\/2023\\\/05\\\/Familias-celebram-entrega-do-fardamento-escolar-nas-unidades-de-ensino-de-Petrolina-1-e1683227453714.jpeg\",\"width\":600,\"height\":375},{\"@type\":\"BreadcrumbList\",\"@id\":\"https:\\\/\\\/blogdofarnesio.com.br\\\/?p=339842#breadcrumb\",\"itemListElement\":[{\"@type\":\"ListItem\",\"position\":1,\"name\":\"In\u00edcio\",\"item\":\"https:\\\/\\\/blogdofarnesio.com.br\\\/\"},{\"@type\":\"ListItem\",\"position\":2,\"name\":\"Fam\u00edlias celebram entrega do fardamento escolar nas unidades de ensino de Petrolina\"}]},{\"@type\":\"WebSite\",\"@id\":\"https:\\\/\\\/blogdofarnesio.com.br\\\/#website\",\"url\":\"https:\\\/\\\/blogdofarnesio.com.br\\\/\",\"name\":\"Blog do Farn\u00e9sio\",\"description\":\"Quer Saber Pol\u00edtica?\",\"publisher\":{\"@id\":\"https:\\\/\\\/blogdofarnesio.com.br\\\/#organization\"},\"potentialAction\":[{\"@type\":\"SearchAction\",\"target\":{\"@type\":\"EntryPoint\",\"urlTemplate\":\"https:\\\/\\\/blogdofarnesio.com.br\\\/?s={search_term_string}\"},\"query-input\":{\"@type\":\"PropertyValueSpecification\",\"valueRequired\":true,\"valueName\":\"search_term_string\"}}],\"inLanguage\":\"pt-BR\"},{\"@type\":\"Organization\",\"@id\":\"https:\\\/\\\/blogdofarnesio.com.br\\\/#organization\",\"name\":\"Blog do Farn\u00e9sio\",\"url\":\"https:\\\/\\\/blogdofarnesio.com.br\\\/\",\"logo\":{\"@type\":\"ImageObject\",\"inLanguage\":\"pt-BR\",\"@id\":\"https:\\\/\\\/blogdofarnesio.com.br\\\/#\\\/schema\\\/logo\\\/image\\\/\",\"url\":\"https:\\\/\\\/blogdofarnesio.com.br\\\/wp-content\\\/uploads\\\/2026\\\/03\\\/cropped-logo_new-1.png\",\"contentUrl\":\"https:\\\/\\\/blogdofarnesio.com.br\\\/wp-content\\\/uploads\\\/2026\\\/03\\\/cropped-logo_new-1.png\",\"width\":881,\"height\":685,\"caption\":\"Blog do Farn\u00e9sio\"},\"image\":{\"@id\":\"https:\\\/\\\/blogdofarnesio.com.br\\\/#\\\/schema\\\/logo\\\/image\\\/\"},\"sameAs\":[\"https:\\\/\\\/www.facebook.com\\\/BlogQuerSaberPolitica\\\/\"]},{\"@type\":\"Person\",\"@id\":\"https:\\\/\\\/blogdofarnesio.com.br\\\/#\\\/schema\\\/person\\\/bb9b23ae3ad0609ce8df7b6c9e76824d\",\"name\":\"Farn\u00e9sio\",\"image\":{\"@type\":\"ImageObject\",\"inLanguage\":\"pt-BR\",\"@id\":\"https:\\\/\\\/secure.gravatar.com\\\/avatar\\\/986aa4c61ccdb66f8555bf88fc2a65609d00bcabd4d2d94377a727547345cbca?s=96&d=mm&r=g\",\"url\":\"https:\\\/\\\/secure.gravatar.com\\\/avatar\\\/986aa4c61ccdb66f8555bf88fc2a65609d00bcabd4d2d94377a727547345cbca?s=96&d=mm&r=g\",\"contentUrl\":\"https:\\\/\\\/secure.gravatar.com\\\/avatar\\\/986aa4c61ccdb66f8555bf88fc2a65609d00bcabd4d2d94377a727547345cbca?s=96&d=mm&r=g\",\"caption\":\"Farn\u00e9sio\"},\"description\":\"Radialista blogueiro, chegou a Petrolina\\\/Juazeiro em setembro de 1980, Farn\u00e9sio Silva \u00e9 de Arapiraca-Alagoas.\",\"sameAs\":[\"http:\\\/\\\/blogdofarnesio.com.br\",\"https:\\\/\\\/www.facebook.com\\\/?ref=tn_tnmn\",\"https:\\\/\\\/www.instagram.com\\\/?utm_source=pwa_homescreen\",\"https:\\\/\\\/youtube.com.br\\\/\"],\"url\":\"https:\\\/\\\/blogdofarnesio.com.br\\\/?author=2\"}]}<\/script>\n<!-- \/ Yoast SEO plugin. -->","yoast_head_json":{"title":"Fam\u00edlias celebram entrega do fardamento escolar nas unidades de ensino de Petrolina - Blog do Farn\u00e9sio","robots":{"index":"index","follow":"follow","max-snippet":"max-snippet:-1","max-image-preview":"max-image-preview:large","max-video-preview":"max-video-preview:-1"},"canonical":"https:\/\/blogdofarnesio.com.br\/?p=339842","og_locale":"pt_BR","og_type":"article","og_title":"Fam\u00edlias celebram entrega do fardamento escolar nas unidades de ensino de Petrolina - Blog do Farn\u00e9sio","og_description":"M\u00e3es, pais e fam\u00edlias de alunos da rede de ensino de Petrolina celebram a distribui\u00e7\u00e3o da primeira etapa dos fardamentos escolares, que ir\u00e3o contribuir de forma significativa com a melhoria da qualidade do ensino e a seguran\u00e7a dos estudantes. Nesta quinta-feira (04), a entrega dos uniformes foi realizada aos alunos da Escola Municipal Professor Jos\u00e9 Joaquim, localizada no bairro Jos\u00e9 e Maria. Os conjuntos beneficiar\u00e3o 56 mil discentes, matriculados nas mais de 200 unidades educacionais. Adriana Gomes foi uma das v\u00e1rias m\u00e3es presentes na Escola Jos\u00e9 Joaquim e se mostrou bastante emocionada durante a entrega dos fardamentos aos alunos. &#8220;Para mim, \u00e9 um momento m\u00e1gico. Esta a\u00e7\u00e3o que o prefeito Sim\u00e3o Durando est\u00e1 proporcionando para a rede de ensino, me&hellip;","og_url":"https:\/\/blogdofarnesio.com.br\/?p=339842","og_site_name":"Blog do Farn\u00e9sio","article_publisher":"https:\/\/www.facebook.com\/BlogQuerSaberPolitica\/","article_author":"https:\/\/www.facebook.com\/?ref=tn_tnmn","article_published_time":"2023-05-05T13:24:17+00:00","og_image":[{"width":600,"height":375,"url":"https:\/\/blogdofarnesio.com.br\/wp-content\/uploads\/2023\/05\/Familias-celebram-entrega-do-fardamento-escolar-nas-unidades-de-ensino-de-Petrolina-1-e1683227453714.jpeg","type":"image\/jpeg"}],"author":"Farn\u00e9sio","twitter_card":"summary_large_image","twitter_misc":{"Escrito por":"Farn\u00e9sio","Est. tempo de leitura":"3 minutos"},"schema":{"@context":"https:\/\/schema.org","@graph":[{"@type":"Article","@id":"https:\/\/blogdofarnesio.com.br\/?p=339842#article","isPartOf":{"@id":"https:\/\/blogdofarnesio.com.br\/?p=339842"},"author":{"name":"Farn\u00e9sio","@id":"https:\/\/blogdofarnesio.com.br\/#\/schema\/person\/bb9b23ae3ad0609ce8df7b6c9e76824d"},"headline":"Fam\u00edlias celebram entrega do fardamento escolar nas unidades de ensino de Petrolina","datePublished":"2023-05-05T13:24:17+00:00","mainEntityOfPage":{"@id":"https:\/\/blogdofarnesio.com.br\/?p=339842"},"wordCount":441,"commentCount":0,"publisher":{"@id":"https:\/\/blogdofarnesio.com.br\/#organization"},"image":{"@id":"https:\/\/blogdofarnesio.com.br\/?p=339842#primaryimage"},"thumbnailUrl":"https:\/\/blogdofarnesio.com.br\/wp-content\/uploads\/2023\/05\/Familias-celebram-entrega-do-fardamento-escolar-nas-unidades-de-ensino-de-Petrolina-1-e1683227453714.jpeg","articleSection":["Educa\u00e7\u00e3o"],"inLanguage":"pt-BR","potentialAction":[{"@type":"CommentAction","name":"Comment","target":["https:\/\/blogdofarnesio.com.br\/?p=339842#respond"]}]},{"@type":"WebPage","@id":"https:\/\/blogdofarnesio.com.br\/?p=339842","url":"https:\/\/blogdofarnesio.com.br\/?p=339842","name":"Fam\u00edlias celebram entrega do fardamento escolar nas unidades de ensino de Petrolina - Blog do Farn\u00e9sio","isPartOf":{"@id":"https:\/\/blogdofarnesio.com.br\/#website"},"primaryImageOfPage":{"@id":"https:\/\/blogdofarnesio.com.br\/?p=339842#primaryimage"},"image":{"@id":"https:\/\/blogdofarnesio.com.br\/?p=339842#primaryimage"},"thumbnailUrl":"https:\/\/blogdofarnesio.com.br\/wp-content\/uploads\/2023\/05\/Familias-celebram-entrega-do-fardamento-escolar-nas-unidades-de-ensino-de-Petrolina-1-e1683227453714.jpeg","datePublished":"2023-05-05T13:24:17+00:00","breadcrumb":{"@id":"https:\/\/blogdofarnesio.com.br\/?p=339842#breadcrumb"},"inLanguage":"pt-BR","potentialAction":[{"@type":"ReadAction","target":["https:\/\/blogdofarnesio.com.br\/?p=339842"]}]},{"@type":"ImageObject","inLanguage":"pt-BR","@id":"https:\/\/blogdofarnesio.com.br\/?p=339842#primaryimage","url":"https:\/\/blogdofarnesio.com.br\/wp-content\/uploads\/2023\/05\/Familias-celebram-entrega-do-fardamento-escolar-nas-unidades-de-ensino-de-Petrolina-1-e1683227453714.jpeg","contentUrl":"https:\/\/blogdofarnesio.com.br\/wp-content\/uploads\/2023\/05\/Familias-celebram-entrega-do-fardamento-escolar-nas-unidades-de-ensino-de-Petrolina-1-e1683227453714.jpeg","width":600,"height":375},{"@type":"BreadcrumbList","@id":"https:\/\/blogdofarnesio.com.br\/?p=339842#breadcrumb","itemListElement":[{"@type":"ListItem","position":1,"name":"In\u00edcio","item":"https:\/\/blogdofarnesio.com.br\/"},{"@type":"ListItem","position":2,"name":"Fam\u00edlias celebram entrega do fardamento escolar nas unidades de ensino de Petrolina"}]},{"@type":"WebSite","@id":"https:\/\/blogdofarnesio.com.br\/#website","url":"https:\/\/blogdofarnesio.com.br\/","name":"Blog do Farn\u00e9sio","description":"Quer Saber Pol\u00edtica?","publisher":{"@id":"https:\/\/blogdofarnesio.com.br\/#organization"},"potentialAction":[{"@type":"SearchAction","target":{"@type":"EntryPoint","urlTemplate":"https:\/\/blogdofarnesio.com.br\/?s={search_term_string}"},"query-input":{"@type":"PropertyValueSpecification","valueRequired":true,"valueName":"search_term_string"}}],"inLanguage":"pt-BR"},{"@type":"Organization","@id":"https:\/\/blogdofarnesio.com.br\/#organization","name":"Blog do Farn\u00e9sio","url":"https:\/\/blogdofarnesio.com.br\/","logo":{"@type":"ImageObject","inLanguage":"pt-BR","@id":"https:\/\/blogdofarnesio.com.br\/#\/schema\/logo\/image\/","url":"https:\/\/blogdofarnesio.com.br\/wp-content\/uploads\/2026\/03\/cropped-logo_new-1.png","contentUrl":"https:\/\/blogdofarnesio.com.br\/wp-content\/uploads\/2026\/03\/cropped-logo_new-1.png","width":881,"height":685,"caption":"Blog do Farn\u00e9sio"},"image":{"@id":"https:\/\/blogdofarnesio.com.br\/#\/schema\/logo\/image\/"},"sameAs":["https:\/\/www.facebook.com\/BlogQuerSaberPolitica\/"]},{"@type":"Person","@id":"https:\/\/blogdofarnesio.com.br\/#\/schema\/person\/bb9b23ae3ad0609ce8df7b6c9e76824d","name":"Farn\u00e9sio","image":{"@type":"ImageObject","inLanguage":"pt-BR","@id":"https:\/\/secure.gravatar.com\/avatar\/986aa4c61ccdb66f8555bf88fc2a65609d00bcabd4d2d94377a727547345cbca?s=96&d=mm&r=g","url":"https:\/\/secure.gravatar.com\/avatar\/986aa4c61ccdb66f8555bf88fc2a65609d00bcabd4d2d94377a727547345cbca?s=96&d=mm&r=g","contentUrl":"https:\/\/secure.gravatar.com\/avatar\/986aa4c61ccdb66f8555bf88fc2a65609d00bcabd4d2d94377a727547345cbca?s=96&d=mm&r=g","caption":"Farn\u00e9sio"},"description":"Radialista blogueiro, chegou a Petrolina\/Juazeiro em setembro de 1980, Farn\u00e9sio Silva \u00e9 de Arapiraca-Alagoas.","sameAs":["http:\/\/blogdofarnesio.com.br","https:\/\/www.facebook.com\/?ref=tn_tnmn","https:\/\/www.instagram.com\/?utm_source=pwa_homescreen","https:\/\/youtube.com.br\/"],"url":"https:\/\/blogdofarnesio.com.br\/?author=2"}]}},"_links":{"self":[{"href":"https:\/\/blogdofarnesio.com.br\/index.php?rest_route=\/wp\/v2\/posts\/339842","targetHints":{"allow":["GET"]}}],"collection":[{"href":"https:\/\/blogdofarnesio.com.br\/index.php?rest_route=\/wp\/v2\/posts"}],"about":[{"href":"https:\/\/blogdofarnesio.com.br\/index.php?rest_route=\/wp\/v2\/types\/post"}],"author":[{"embeddable":true,"href":"https:\/\/blogdofarnesio.com.br\/index.php?rest_route=\/wp\/v2\/users\/2"}],"replies":[{"embeddable":true,"href":"https:\/\/blogdofarnesio.com.br\/index.php?rest_route=%2Fwp%2Fv2%2Fcomments&post=339842"}],"version-history":[{"count":0,"href":"https:\/\/blogdofarnesio.com.br\/index.php?rest_route=\/wp\/v2\/posts\/339842\/revisions"}],"wp:featuredmedia":[{"embeddable":true,"href":"https:\/\/blogdofarnesio.com.br\/index.php?rest_route=\/wp\/v2\/media\/339843"}],"wp:attachment":[{"href":"https:\/\/blogdofarnesio.com.br\/index.php?rest_route=%2Fwp%2Fv2%2Fmedia&parent=339842"}],"wp:term":[{"taxonomy":"category","embeddable":true,"href":"https:\/\/blogdofarnesio.com.br\/index.php?rest_route=%2Fwp%2Fv2%2Fcategories&post=339842"},{"taxonomy":"post_tag","embeddable":true,"href":"https:\/\/blogdofarnesio.com.br\/index.php?rest_route=%2Fwp%2Fv2%2Ftags&post=339842"}],"curies":[{"name":"wp","href":"https:\/\/api.w.org\/{rel}","templated":true}]}}