{"id":339449,"date":"2023-04-29T09:00:42","date_gmt":"2023-04-29T12:00:42","guid":{"rendered":"https:\/\/blogdofarnesio.com.br\/?p=339449"},"modified":"2023-04-28T14:45:42","modified_gmt":"2023-04-28T17:45:42","slug":"ubs-da-cohab-massangano-estara-aberta-nesse-sabado-para-vacinacao","status":"publish","type":"post","link":"https:\/\/blogdofarnesio.com.br\/?p=339449","title":{"rendered":"UBS da Cohab Massangano estar\u00e1 aberta nesse s\u00e1bado para vacina\u00e7\u00e3o"},"content":{"rendered":"<p style=\"font-weight: 400;\">A Prefeitura de Petrolina vem buscando estrat\u00e9gias para facilitar o acesso da popula\u00e7\u00e3o quando se trata de vacina\u00e7\u00e3o. Nesse s\u00e1bado (29), a Unidade B\u00e1sica de Sa\u00fade Ricardo Soares, na Cohab Massangano, estar\u00e1 com a sala de vacina aberta para atualiza\u00e7\u00e3o do calend\u00e1rio vacinal de crian\u00e7as, adolescentes, adultos e idosos.<\/p>\n<p style=\"font-weight: 400;\">As equipes estar\u00e3o atendendo das 8h \u00e0s 12h. Ser\u00e3o disponibilizados todos os imunizantes dispon\u00edveis no calend\u00e1rio b\u00e1sico vacinal. Para se vacinar, basta comparecer na UBS com documento de identifica\u00e7\u00e3o com foto, cart\u00e3o SUS ou CPF e o cart\u00e3o de vacina\u00e7\u00e3o.<\/p>\n<p style=\"font-weight: 400;\">&#8212;&#8212;&#8212;&#8212;&#8212;&#8212;&#8212;&#8211;<\/p>\n<p style=\"font-weight: 400;\">Texto: Jhulyenne Souza &#8211; Assessora de Comunica\u00e7\u00e3o<\/p>\n","protected":false},"excerpt":{"rendered":"<p>A Prefeitura de Petrolina vem buscando estrat\u00e9gias para facilitar o acesso da popula\u00e7\u00e3o quando se trata de vacina\u00e7\u00e3o. Nesse s\u00e1bado (29), a Unidade B\u00e1sica de Sa\u00fade Ricardo Soares, na Cohab Massangano, estar\u00e1 com a sala de vacina aberta para atualiza\u00e7\u00e3o do calend\u00e1rio vacinal de crian\u00e7as, adolescentes, adultos e idosos. As equipes estar\u00e3o atendendo das 8h \u00e0s 12h. Ser\u00e3o disponibilizados todos os imunizantes dispon\u00edveis no calend\u00e1rio b\u00e1sico vacinal. Para se vacinar, basta comparecer na UBS com documento de identifica\u00e7\u00e3o com foto, cart\u00e3o SUS ou CPF e o cart\u00e3o de vacina\u00e7\u00e3o. &#8212;&#8212;&#8212;&#8212;&#8212;&#8212;&#8212;&#8211; Texto: Jhulyenne Souza &#8211; Assessora de Comunica\u00e7\u00e3o<\/p>\n","protected":false},"author":2,"featured_media":284459,"comment_status":"open","ping_status":"open","sticky":false,"template":"","format":"standard","meta":{"_acf_changed":false,"footnotes":""},"categories":[43],"tags":[],"class_list":["post-339449","post","type-post","status-publish","format-standard","has-post-thumbnail","hentry","category-sem-categoria"],"acf":[],"yoast_head":"<!-- This site is optimized with the Yoast SEO plugin v27.4 - https:\/\/yoast.com\/product\/yoast-seo-wordpress\/ -->\n<title>UBS da Cohab Massangano estar\u00e1 aberta nesse s\u00e1bado para vacina\u00e7\u00e3o - Blog do Farn\u00e9sio<\/title>\n<meta name=\"robots\" content=\"index, follow, max-snippet:-1, max-image-preview:large, max-video-preview:-1\" \/>\n<link rel=\"canonical\" href=\"https:\/\/blogdofarnesio.com.br\/?p=339449\" \/>\n<meta property=\"og:locale\" content=\"pt_BR\" \/>\n<meta property=\"og:type\" content=\"article\" \/>\n<meta property=\"og:title\" content=\"UBS da Cohab Massangano estar\u00e1 aberta nesse s\u00e1bado para vacina\u00e7\u00e3o - Blog do Farn\u00e9sio\" \/>\n<meta property=\"og:description\" content=\"A Prefeitura de Petrolina vem buscando estrat\u00e9gias para facilitar o acesso da popula\u00e7\u00e3o quando se trata de vacina\u00e7\u00e3o. Nesse s\u00e1bado (29), a Unidade B\u00e1sica de Sa\u00fade Ricardo Soares, na Cohab Massangano, estar\u00e1 com a sala de vacina aberta para atualiza\u00e7\u00e3o do calend\u00e1rio vacinal de crian\u00e7as, adolescentes, adultos e idosos. As equipes estar\u00e3o atendendo das 8h \u00e0s 12h. Ser\u00e3o disponibilizados todos os imunizantes dispon\u00edveis no calend\u00e1rio b\u00e1sico vacinal. Para se vacinar, basta comparecer na UBS com documento de identifica\u00e7\u00e3o com foto, cart\u00e3o SUS ou CPF e o cart\u00e3o de vacina\u00e7\u00e3o. &#8212;&#8212;&#8212;&#8212;&#8212;&#8212;&#8212;&#8211; Texto: Jhulyenne Souza &#8211; Assessora de Comunica\u00e7\u00e3o\" \/>\n<meta property=\"og:url\" content=\"https:\/\/blogdofarnesio.com.br\/?p=339449\" \/>\n<meta property=\"og:site_name\" content=\"Blog do Farn\u00e9sio\" \/>\n<meta property=\"article:publisher\" content=\"https:\/\/www.facebook.com\/BlogQuerSaberPolitica\/\" \/>\n<meta property=\"article:author\" content=\"https:\/\/www.facebook.com\/?ref=tn_tnmn\" \/>\n<meta property=\"article:published_time\" content=\"2023-04-29T12:00:42+00:00\" \/>\n<meta property=\"og:image\" content=\"https:\/\/blogdofarnesio.com.br\/wp-content\/uploads\/2021\/04\/Moradores-da-Ilha-do-Massangano-recebem-vacina-contra-a-COVID-19-e-H1N1-em-Petrolina-3-e1619733098469.jpeg\" \/>\n\t<meta property=\"og:image:width\" content=\"619\" \/>\n\t<meta property=\"og:image:height\" content=\"562\" \/>\n\t<meta property=\"og:image:type\" content=\"image\/jpeg\" \/>\n<meta name=\"author\" content=\"Farn\u00e9sio\" \/>\n<meta name=\"twitter:card\" content=\"summary_large_image\" \/>\n<meta name=\"twitter:label1\" content=\"Escrito por\" \/>\n\t<meta name=\"twitter:data1\" content=\"Farn\u00e9sio\" \/>\n\t<meta name=\"twitter:label2\" content=\"Est. tempo de leitura\" \/>\n\t<meta name=\"twitter:data2\" content=\"1 minuto\" \/>\n<script type=\"application\/ld+json\" class=\"yoast-schema-graph\">{\"@context\":\"https:\\\/\\\/schema.org\",\"@graph\":[{\"@type\":\"Article\",\"@id\":\"https:\\\/\\\/blogdofarnesio.com.br\\\/?p=339449#article\",\"isPartOf\":{\"@id\":\"https:\\\/\\\/blogdofarnesio.com.br\\\/?p=339449\"},\"author\":{\"name\":\"Farn\u00e9sio\",\"@id\":\"https:\\\/\\\/blogdofarnesio.com.br\\\/#\\\/schema\\\/person\\\/bb9b23ae3ad0609ce8df7b6c9e76824d\"},\"headline\":\"UBS da Cohab Massangano estar\u00e1 aberta nesse s\u00e1bado para vacina\u00e7\u00e3o\",\"datePublished\":\"2023-04-29T12:00:42+00:00\",\"mainEntityOfPage\":{\"@id\":\"https:\\\/\\\/blogdofarnesio.com.br\\\/?p=339449\"},\"wordCount\":127,\"commentCount\":0,\"publisher\":{\"@id\":\"https:\\\/\\\/blogdofarnesio.com.br\\\/#organization\"},\"image\":{\"@id\":\"https:\\\/\\\/blogdofarnesio.com.br\\\/?p=339449#primaryimage\"},\"thumbnailUrl\":\"https:\\\/\\\/blogdofarnesio.com.br\\\/wp-content\\\/uploads\\\/2021\\\/04\\\/Moradores-da-Ilha-do-Massangano-recebem-vacina-contra-a-COVID-19-e-H1N1-em-Petrolina-3-e1619733098469.jpeg\",\"inLanguage\":\"pt-BR\",\"potentialAction\":[{\"@type\":\"CommentAction\",\"name\":\"Comment\",\"target\":[\"https:\\\/\\\/blogdofarnesio.com.br\\\/?p=339449#respond\"]}]},{\"@type\":\"WebPage\",\"@id\":\"https:\\\/\\\/blogdofarnesio.com.br\\\/?p=339449\",\"url\":\"https:\\\/\\\/blogdofarnesio.com.br\\\/?p=339449\",\"name\":\"UBS da Cohab Massangano estar\u00e1 aberta nesse s\u00e1bado para vacina\u00e7\u00e3o - Blog do Farn\u00e9sio\",\"isPartOf\":{\"@id\":\"https:\\\/\\\/blogdofarnesio.com.br\\\/#website\"},\"primaryImageOfPage\":{\"@id\":\"https:\\\/\\\/blogdofarnesio.com.br\\\/?p=339449#primaryimage\"},\"image\":{\"@id\":\"https:\\\/\\\/blogdofarnesio.com.br\\\/?p=339449#primaryimage\"},\"thumbnailUrl\":\"https:\\\/\\\/blogdofarnesio.com.br\\\/wp-content\\\/uploads\\\/2021\\\/04\\\/Moradores-da-Ilha-do-Massangano-recebem-vacina-contra-a-COVID-19-e-H1N1-em-Petrolina-3-e1619733098469.jpeg\",\"datePublished\":\"2023-04-29T12:00:42+00:00\",\"breadcrumb\":{\"@id\":\"https:\\\/\\\/blogdofarnesio.com.br\\\/?p=339449#breadcrumb\"},\"inLanguage\":\"pt-BR\",\"potentialAction\":[{\"@type\":\"ReadAction\",\"target\":[\"https:\\\/\\\/blogdofarnesio.com.br\\\/?p=339449\"]}]},{\"@type\":\"ImageObject\",\"inLanguage\":\"pt-BR\",\"@id\":\"https:\\\/\\\/blogdofarnesio.com.br\\\/?p=339449#primaryimage\",\"url\":\"https:\\\/\\\/blogdofarnesio.com.br\\\/wp-content\\\/uploads\\\/2021\\\/04\\\/Moradores-da-Ilha-do-Massangano-recebem-vacina-contra-a-COVID-19-e-H1N1-em-Petrolina-3-e1619733098469.jpeg\",\"contentUrl\":\"https:\\\/\\\/blogdofarnesio.com.br\\\/wp-content\\\/uploads\\\/2021\\\/04\\\/Moradores-da-Ilha-do-Massangano-recebem-vacina-contra-a-COVID-19-e-H1N1-em-Petrolina-3-e1619733098469.jpeg\",\"width\":619,\"height\":562},{\"@type\":\"BreadcrumbList\",\"@id\":\"https:\\\/\\\/blogdofarnesio.com.br\\\/?p=339449#breadcrumb\",\"itemListElement\":[{\"@type\":\"ListItem\",\"position\":1,\"name\":\"In\u00edcio\",\"item\":\"https:\\\/\\\/blogdofarnesio.com.br\\\/\"},{\"@type\":\"ListItem\",\"position\":2,\"name\":\"UBS da Cohab Massangano estar\u00e1 aberta nesse s\u00e1bado para vacina\u00e7\u00e3o\"}]},{\"@type\":\"WebSite\",\"@id\":\"https:\\\/\\\/blogdofarnesio.com.br\\\/#website\",\"url\":\"https:\\\/\\\/blogdofarnesio.com.br\\\/\",\"name\":\"Blog do Farn\u00e9sio\",\"description\":\"Quer Saber Pol\u00edtica?\",\"publisher\":{\"@id\":\"https:\\\/\\\/blogdofarnesio.com.br\\\/#organization\"},\"potentialAction\":[{\"@type\":\"SearchAction\",\"target\":{\"@type\":\"EntryPoint\",\"urlTemplate\":\"https:\\\/\\\/blogdofarnesio.com.br\\\/?s={search_term_string}\"},\"query-input\":{\"@type\":\"PropertyValueSpecification\",\"valueRequired\":true,\"valueName\":\"search_term_string\"}}],\"inLanguage\":\"pt-BR\"},{\"@type\":\"Organization\",\"@id\":\"https:\\\/\\\/blogdofarnesio.com.br\\\/#organization\",\"name\":\"Blog do Farn\u00e9sio\",\"url\":\"https:\\\/\\\/blogdofarnesio.com.br\\\/\",\"logo\":{\"@type\":\"ImageObject\",\"inLanguage\":\"pt-BR\",\"@id\":\"https:\\\/\\\/blogdofarnesio.com.br\\\/#\\\/schema\\\/logo\\\/image\\\/\",\"url\":\"https:\\\/\\\/blogdofarnesio.com.br\\\/wp-content\\\/uploads\\\/2026\\\/03\\\/cropped-logo_new-1.png\",\"contentUrl\":\"https:\\\/\\\/blogdofarnesio.com.br\\\/wp-content\\\/uploads\\\/2026\\\/03\\\/cropped-logo_new-1.png\",\"width\":881,\"height\":685,\"caption\":\"Blog do Farn\u00e9sio\"},\"image\":{\"@id\":\"https:\\\/\\\/blogdofarnesio.com.br\\\/#\\\/schema\\\/logo\\\/image\\\/\"},\"sameAs\":[\"https:\\\/\\\/www.facebook.com\\\/BlogQuerSaberPolitica\\\/\"]},{\"@type\":\"Person\",\"@id\":\"https:\\\/\\\/blogdofarnesio.com.br\\\/#\\\/schema\\\/person\\\/bb9b23ae3ad0609ce8df7b6c9e76824d\",\"name\":\"Farn\u00e9sio\",\"image\":{\"@type\":\"ImageObject\",\"inLanguage\":\"pt-BR\",\"@id\":\"https:\\\/\\\/secure.gravatar.com\\\/avatar\\\/986aa4c61ccdb66f8555bf88fc2a65609d00bcabd4d2d94377a727547345cbca?s=96&d=mm&r=g\",\"url\":\"https:\\\/\\\/secure.gravatar.com\\\/avatar\\\/986aa4c61ccdb66f8555bf88fc2a65609d00bcabd4d2d94377a727547345cbca?s=96&d=mm&r=g\",\"contentUrl\":\"https:\\\/\\\/secure.gravatar.com\\\/avatar\\\/986aa4c61ccdb66f8555bf88fc2a65609d00bcabd4d2d94377a727547345cbca?s=96&d=mm&r=g\",\"caption\":\"Farn\u00e9sio\"},\"description\":\"Radialista blogueiro, chegou a Petrolina\\\/Juazeiro em setembro de 1980, Farn\u00e9sio Silva \u00e9 de Arapiraca-Alagoas.\",\"sameAs\":[\"http:\\\/\\\/blogdofarnesio.com.br\",\"https:\\\/\\\/www.facebook.com\\\/?ref=tn_tnmn\",\"https:\\\/\\\/www.instagram.com\\\/?utm_source=pwa_homescreen\",\"https:\\\/\\\/youtube.com.br\\\/\"],\"url\":\"https:\\\/\\\/blogdofarnesio.com.br\\\/?author=2\"}]}<\/script>\n<!-- \/ Yoast SEO plugin. -->","yoast_head_json":{"title":"UBS da Cohab Massangano estar\u00e1 aberta nesse s\u00e1bado para vacina\u00e7\u00e3o - Blog do Farn\u00e9sio","robots":{"index":"index","follow":"follow","max-snippet":"max-snippet:-1","max-image-preview":"max-image-preview:large","max-video-preview":"max-video-preview:-1"},"canonical":"https:\/\/blogdofarnesio.com.br\/?p=339449","og_locale":"pt_BR","og_type":"article","og_title":"UBS da Cohab Massangano estar\u00e1 aberta nesse s\u00e1bado para vacina\u00e7\u00e3o - Blog do Farn\u00e9sio","og_description":"A Prefeitura de Petrolina vem buscando estrat\u00e9gias para facilitar o acesso da popula\u00e7\u00e3o quando se trata de vacina\u00e7\u00e3o. Nesse s\u00e1bado (29), a Unidade B\u00e1sica de Sa\u00fade Ricardo Soares, na Cohab Massangano, estar\u00e1 com a sala de vacina aberta para atualiza\u00e7\u00e3o do calend\u00e1rio vacinal de crian\u00e7as, adolescentes, adultos e idosos. As equipes estar\u00e3o atendendo das 8h \u00e0s 12h. Ser\u00e3o disponibilizados todos os imunizantes dispon\u00edveis no calend\u00e1rio b\u00e1sico vacinal. Para se vacinar, basta comparecer na UBS com documento de identifica\u00e7\u00e3o com foto, cart\u00e3o SUS ou CPF e o cart\u00e3o de vacina\u00e7\u00e3o. &#8212;&#8212;&#8212;&#8212;&#8212;&#8212;&#8212;&#8211; Texto: Jhulyenne Souza &#8211; Assessora de Comunica\u00e7\u00e3o","og_url":"https:\/\/blogdofarnesio.com.br\/?p=339449","og_site_name":"Blog do Farn\u00e9sio","article_publisher":"https:\/\/www.facebook.com\/BlogQuerSaberPolitica\/","article_author":"https:\/\/www.facebook.com\/?ref=tn_tnmn","article_published_time":"2023-04-29T12:00:42+00:00","og_image":[{"width":619,"height":562,"url":"https:\/\/blogdofarnesio.com.br\/wp-content\/uploads\/2021\/04\/Moradores-da-Ilha-do-Massangano-recebem-vacina-contra-a-COVID-19-e-H1N1-em-Petrolina-3-e1619733098469.jpeg","type":"image\/jpeg"}],"author":"Farn\u00e9sio","twitter_card":"summary_large_image","twitter_misc":{"Escrito por":"Farn\u00e9sio","Est. tempo de leitura":"1 minuto"},"schema":{"@context":"https:\/\/schema.org","@graph":[{"@type":"Article","@id":"https:\/\/blogdofarnesio.com.br\/?p=339449#article","isPartOf":{"@id":"https:\/\/blogdofarnesio.com.br\/?p=339449"},"author":{"name":"Farn\u00e9sio","@id":"https:\/\/blogdofarnesio.com.br\/#\/schema\/person\/bb9b23ae3ad0609ce8df7b6c9e76824d"},"headline":"UBS da Cohab Massangano estar\u00e1 aberta nesse s\u00e1bado para vacina\u00e7\u00e3o","datePublished":"2023-04-29T12:00:42+00:00","mainEntityOfPage":{"@id":"https:\/\/blogdofarnesio.com.br\/?p=339449"},"wordCount":127,"commentCount":0,"publisher":{"@id":"https:\/\/blogdofarnesio.com.br\/#organization"},"image":{"@id":"https:\/\/blogdofarnesio.com.br\/?p=339449#primaryimage"},"thumbnailUrl":"https:\/\/blogdofarnesio.com.br\/wp-content\/uploads\/2021\/04\/Moradores-da-Ilha-do-Massangano-recebem-vacina-contra-a-COVID-19-e-H1N1-em-Petrolina-3-e1619733098469.jpeg","inLanguage":"pt-BR","potentialAction":[{"@type":"CommentAction","name":"Comment","target":["https:\/\/blogdofarnesio.com.br\/?p=339449#respond"]}]},{"@type":"WebPage","@id":"https:\/\/blogdofarnesio.com.br\/?p=339449","url":"https:\/\/blogdofarnesio.com.br\/?p=339449","name":"UBS da Cohab Massangano estar\u00e1 aberta nesse s\u00e1bado para vacina\u00e7\u00e3o - Blog do Farn\u00e9sio","isPartOf":{"@id":"https:\/\/blogdofarnesio.com.br\/#website"},"primaryImageOfPage":{"@id":"https:\/\/blogdofarnesio.com.br\/?p=339449#primaryimage"},"image":{"@id":"https:\/\/blogdofarnesio.com.br\/?p=339449#primaryimage"},"thumbnailUrl":"https:\/\/blogdofarnesio.com.br\/wp-content\/uploads\/2021\/04\/Moradores-da-Ilha-do-Massangano-recebem-vacina-contra-a-COVID-19-e-H1N1-em-Petrolina-3-e1619733098469.jpeg","datePublished":"2023-04-29T12:00:42+00:00","breadcrumb":{"@id":"https:\/\/blogdofarnesio.com.br\/?p=339449#breadcrumb"},"inLanguage":"pt-BR","potentialAction":[{"@type":"ReadAction","target":["https:\/\/blogdofarnesio.com.br\/?p=339449"]}]},{"@type":"ImageObject","inLanguage":"pt-BR","@id":"https:\/\/blogdofarnesio.com.br\/?p=339449#primaryimage","url":"https:\/\/blogdofarnesio.com.br\/wp-content\/uploads\/2021\/04\/Moradores-da-Ilha-do-Massangano-recebem-vacina-contra-a-COVID-19-e-H1N1-em-Petrolina-3-e1619733098469.jpeg","contentUrl":"https:\/\/blogdofarnesio.com.br\/wp-content\/uploads\/2021\/04\/Moradores-da-Ilha-do-Massangano-recebem-vacina-contra-a-COVID-19-e-H1N1-em-Petrolina-3-e1619733098469.jpeg","width":619,"height":562},{"@type":"BreadcrumbList","@id":"https:\/\/blogdofarnesio.com.br\/?p=339449#breadcrumb","itemListElement":[{"@type":"ListItem","position":1,"name":"In\u00edcio","item":"https:\/\/blogdofarnesio.com.br\/"},{"@type":"ListItem","position":2,"name":"UBS da Cohab Massangano estar\u00e1 aberta nesse s\u00e1bado para vacina\u00e7\u00e3o"}]},{"@type":"WebSite","@id":"https:\/\/blogdofarnesio.com.br\/#website","url":"https:\/\/blogdofarnesio.com.br\/","name":"Blog do Farn\u00e9sio","description":"Quer Saber Pol\u00edtica?","publisher":{"@id":"https:\/\/blogdofarnesio.com.br\/#organization"},"potentialAction":[{"@type":"SearchAction","target":{"@type":"EntryPoint","urlTemplate":"https:\/\/blogdofarnesio.com.br\/?s={search_term_string}"},"query-input":{"@type":"PropertyValueSpecification","valueRequired":true,"valueName":"search_term_string"}}],"inLanguage":"pt-BR"},{"@type":"Organization","@id":"https:\/\/blogdofarnesio.com.br\/#organization","name":"Blog do Farn\u00e9sio","url":"https:\/\/blogdofarnesio.com.br\/","logo":{"@type":"ImageObject","inLanguage":"pt-BR","@id":"https:\/\/blogdofarnesio.com.br\/#\/schema\/logo\/image\/","url":"https:\/\/blogdofarnesio.com.br\/wp-content\/uploads\/2026\/03\/cropped-logo_new-1.png","contentUrl":"https:\/\/blogdofarnesio.com.br\/wp-content\/uploads\/2026\/03\/cropped-logo_new-1.png","width":881,"height":685,"caption":"Blog do Farn\u00e9sio"},"image":{"@id":"https:\/\/blogdofarnesio.com.br\/#\/schema\/logo\/image\/"},"sameAs":["https:\/\/www.facebook.com\/BlogQuerSaberPolitica\/"]},{"@type":"Person","@id":"https:\/\/blogdofarnesio.com.br\/#\/schema\/person\/bb9b23ae3ad0609ce8df7b6c9e76824d","name":"Farn\u00e9sio","image":{"@type":"ImageObject","inLanguage":"pt-BR","@id":"https:\/\/secure.gravatar.com\/avatar\/986aa4c61ccdb66f8555bf88fc2a65609d00bcabd4d2d94377a727547345cbca?s=96&d=mm&r=g","url":"https:\/\/secure.gravatar.com\/avatar\/986aa4c61ccdb66f8555bf88fc2a65609d00bcabd4d2d94377a727547345cbca?s=96&d=mm&r=g","contentUrl":"https:\/\/secure.gravatar.com\/avatar\/986aa4c61ccdb66f8555bf88fc2a65609d00bcabd4d2d94377a727547345cbca?s=96&d=mm&r=g","caption":"Farn\u00e9sio"},"description":"Radialista blogueiro, chegou a Petrolina\/Juazeiro em setembro de 1980, Farn\u00e9sio Silva \u00e9 de Arapiraca-Alagoas.","sameAs":["http:\/\/blogdofarnesio.com.br","https:\/\/www.facebook.com\/?ref=tn_tnmn","https:\/\/www.instagram.com\/?utm_source=pwa_homescreen","https:\/\/youtube.com.br\/"],"url":"https:\/\/blogdofarnesio.com.br\/?author=2"}]}},"_links":{"self":[{"href":"https:\/\/blogdofarnesio.com.br\/index.php?rest_route=\/wp\/v2\/posts\/339449","targetHints":{"allow":["GET"]}}],"collection":[{"href":"https:\/\/blogdofarnesio.com.br\/index.php?rest_route=\/wp\/v2\/posts"}],"about":[{"href":"https:\/\/blogdofarnesio.com.br\/index.php?rest_route=\/wp\/v2\/types\/post"}],"author":[{"embeddable":true,"href":"https:\/\/blogdofarnesio.com.br\/index.php?rest_route=\/wp\/v2\/users\/2"}],"replies":[{"embeddable":true,"href":"https:\/\/blogdofarnesio.com.br\/index.php?rest_route=%2Fwp%2Fv2%2Fcomments&post=339449"}],"version-history":[{"count":0,"href":"https:\/\/blogdofarnesio.com.br\/index.php?rest_route=\/wp\/v2\/posts\/339449\/revisions"}],"wp:featuredmedia":[{"embeddable":true,"href":"https:\/\/blogdofarnesio.com.br\/index.php?rest_route=\/wp\/v2\/media\/284459"}],"wp:attachment":[{"href":"https:\/\/blogdofarnesio.com.br\/index.php?rest_route=%2Fwp%2Fv2%2Fmedia&parent=339449"}],"wp:term":[{"taxonomy":"category","embeddable":true,"href":"https:\/\/blogdofarnesio.com.br\/index.php?rest_route=%2Fwp%2Fv2%2Fcategories&post=339449"},{"taxonomy":"post_tag","embeddable":true,"href":"https:\/\/blogdofarnesio.com.br\/index.php?rest_route=%2Fwp%2Fv2%2Ftags&post=339449"}],"curies":[{"name":"wp","href":"https:\/\/api.w.org\/{rel}","templated":true}]}}