{"id":339322,"date":"2023-04-27T11:43:16","date_gmt":"2023-04-27T14:43:16","guid":{"rendered":"https:\/\/blogdofarnesio.com.br\/?p=339322"},"modified":"2023-04-27T10:19:30","modified_gmt":"2023-04-27T13:19:30","slug":"lingua-de-sogra-imatura-e-preguicosa-diz-mae-de-joao-gomes-sobre-ary-ex-do-cantor","status":"publish","type":"post","link":"https:\/\/blogdofarnesio.com.br\/?p=339322","title":{"rendered":"L\u00edngua de Sogra: \u201cImatura e pregui\u00e7osa\u201d, diz m\u00e3e de Jo\u00e3o Gomes sobre Ary, ex do cantor"},"content":{"rendered":"<div class=\"m-head-single\">\n<h2 class=\"m-resume-single\">K\u00e1tia Gomes, m\u00e3e de Jo\u00e3o Gomes, comentou sobre a ex-nora Ary Mirelle durante a participa\u00e7\u00e3o em um podcast\u00a0 &#8211;<\/h2>\n<\/div>\n<div class=\"m-info-post\">\n<div class=\"m-signature\">\n<div class=\"m-author\">\n<div class=\"m-author-content\"><a class=\"m-name-author\" href=\"https:\/\/www.metropoles.com\/author\/daniella-magalhaes\"><strong>Daniella Magalh\u00e3es\u00a0 &#8211;\u00a0\u00a0<\/strong><\/a><\/div>\n<\/div>\n<\/div>\n<\/div>\n<div class=\"m-wrapper\">\n<div class=\"columns is-multiline\">\n<div class=\"column is-full\">\n<article class=\"m-content\">K\u00e1tia Gomes, m\u00e3e de\u00a0<a href=\"https:\/\/www.metropoles.com\/tag\/joao-gomes\" target=\"_blank\" rel=\"noopener\">Jo\u00e3o Gomes<\/a>, falou abertamente sobre sua ex-nora, Ary Mirelle, durante sua participa\u00e7\u00e3o no podcast\u00a0<a href=\"https:\/\/www.youtube.com\/@petrocast\" target=\"_blank\" rel=\"noopener\">PetroCast<\/a>. Ela relembrou algumas hist\u00f3rias com Ary e causou ao cham\u00e1-la de \u201cimatura\u201d e \u201cpregui\u00e7osa\u201d.<\/p>\n<p data-gtm-vis-recent-on-screen-8752935_845=\"6117\" data-gtm-vis-first-on-screen-8752935_845=\"6117\" data-gtm-vis-total-visible-time-8752935_845=\"100\" data-gtm-vis-has-fired-8752935_845=\"1\">Antes que o namoro de Jo\u00e3o e Ary chegasse ao fim, boatos circulavam entre os f\u00e3s do cantor sobre uma poss\u00edvel desaven\u00e7a entre a m\u00e3e e a namorada.<\/p>\n<div class=\"m-carousel-post\" data-gtm-vis-recent-on-screen-8752935_885=\"6857\" data-gtm-vis-first-on-screen-8752935_885=\"6857\" data-gtm-vis-total-visible-time-8752935_885=\"100\" data-gtm-vis-has-fired-8752935_885=\"1\">\n<div class=\"siema m-siema-single-item rendered\">\n<div>\n<div class=\"siema-item active\">\n<div class=\"m-image-carousel\"><img loading=\"lazy\" decoding=\"async\" class=\"loaded\" src=\"https:\/\/uploads.metropoles.com\/wp-content\/uploads\/2023\/04\/13112358\/Joao-Gomes-19-1024x683.jpg\" alt=\"Fotos coloridas de Jo\u00e3o Gomes e Ary Mirelle\" width=\"450\" height=\"300\" data-src=\"https:\/\/uploads.metropoles.com\/wp-content\/uploads\/2023\/04\/13112358\/Joao-Gomes-19-1024x683.jpg\" data-was-processed=\"true\" \/><\/div>\n<div class=\"m-subtitle-carousel\">\n<p class=\"m-caption\">Jo\u00e3o Gomes e Ary Mirelle<span class=\"m-credits-carousel\">Lucas Ramos\/Brazil News<\/span><\/p>\n<\/div>\n<\/div>\n<\/div>\n<div>\n<div class=\"siema-item\">\n<div class=\"m-subtitle-carousel\">\n<p class=\"m-caption\">Eles estavam juntos desde 2022<\/p>\n<\/div>\n<\/div>\n<\/div>\n<\/div>\n<\/div>\n<p>Nenhuma das duas comentou o assunto na \u00e9poca, mas na quarta-feira (26\/4), K\u00e1tia deu uma resposta indireta sobre a quest\u00e3o: \u201cEu posso n\u00e3o gostar de voc\u00ea, mas eu vou sempre lhe respeitar\u201d.<\/p>\n<p>Ela disse que chegou a aconselhar Ary Mirelle para como ela deveria se portar durante o encontro com os f\u00e3s, para n\u00e3o passar uma m\u00e1 impress\u00e3o.<\/p>\n<p data-gtm-vis-recent-on-screen-8752935_862=\"10927\" data-gtm-vis-first-on-screen-8752935_862=\"10927\" data-gtm-vis-total-visible-time-8752935_862=\"100\" data-gtm-vis-has-fired-8752935_862=\"1\" data-gtm-vis-recent-on-screen-8752935_866=\"10930\" data-gtm-vis-first-on-screen-8752935_866=\"10930\" data-gtm-vis-total-visible-time-8752935_866=\"100\" data-gtm-vis-has-fired-8752935_866=\"1\">\u201cAlgumas vezes eu falava pra ter cautela: \u2018Quando o Jo\u00e3o for tirar foto com f\u00e3, voc\u00ea [tem que] estar sempre simp\u00e1tica e sorrindo, porque aquelas pessoas \u00e9 que tornaram ele a pessoa que ele \u00e9 hoje\u2019\u201d, relembrou.<\/p>\n<p>K\u00e1tia julgo que Ary era imatura nessas situa\u00e7\u00f5es, por apresentar ter ci\u00fame do namorado. \u201cEla colocava uma cara feia pro pessoal. Eu acho que [o sentimento] deve ser assim, dentro dessa palavra n\u00e9, ciumenta. Eu acho que a mais certa seria imatura.\u201d<\/p>\n<h4><strong>\u201cPregui\u00e7osa\u201d<\/strong><\/h4>\n<p>Em outro momento, a m\u00e3e de Jo\u00e3o Gomes comentou um t\u00f3pico que j\u00e1 havia sido pauta na internet anteriormente, sobre algumas roupas de Ary que estaria sujas no arm\u00e1rio.<\/p>\n<p>Ela explicou que as roupas n\u00e3o eram de Jo\u00e3o e que n\u00e3o tem problema nenhum em fazer as coisas pelo filho. No ent\u00e3o, K\u00e1tia considerava a ent\u00e3o mora uma pessoa pregui\u00e7osa.<\/p>\n<blockquote><p>\u201cA Ary nunca fez nada l\u00e1 em casa, n\u00e3o fez nada. Ela sempre foi bem recebida, ela \u00e9 pregui\u00e7osa mesmo. Mas \u00e9 o jeito dela n\u00e9, a forma que ela foi criada. N\u00e3o tem como voc\u00ea corrigir algu\u00e9m\u201d, declarou.<\/p><\/blockquote>\n<h4><strong>Fim do namoro<\/strong><\/h4>\n<p>Os coment\u00e1rios de Gomes sobre a ex-nora repercutiram na\u00a0web, que p\u00f4de confirmar as suspeitas de que as duas, realmente, n\u00e3o se davam muito bem.<\/p>\n<p>Mesmo assim, K\u00e1tia declarou que n\u00e3o teve nada a ver com o fim do relacionamento do filho. \u201c[O motivo] s\u00f3 diz respeito a eles dois. Porque eu mesma tenho ci\u00eancia que eu n\u00e3o tenho nada a ver com o t\u00e9rmino deles, porque pra mim foi surpresa igual as pessoas que seguem o Jo\u00e3o.\u201d<\/p>\n<\/article>\n<\/div>\n<\/div>\n<\/div>\n","protected":false},"excerpt":{"rendered":"<p>K\u00e1tia Gomes, m\u00e3e de Jo\u00e3o Gomes, comentou sobre a ex-nora Ary Mirelle durante a participa\u00e7\u00e3o em um podcast\u00a0 &#8211; Daniella Magalh\u00e3es\u00a0 &#8211;\u00a0\u00a0 K\u00e1tia Gomes, m\u00e3e de\u00a0Jo\u00e3o Gomes, falou abertamente sobre sua ex-nora, Ary Mirelle, durante sua participa\u00e7\u00e3o no podcast\u00a0PetroCast. Ela relembrou algumas hist\u00f3rias com Ary e causou ao cham\u00e1-la de \u201cimatura\u201d e \u201cpregui\u00e7osa\u201d. Antes que o namoro de Jo\u00e3o e Ary chegasse ao fim, boatos circulavam entre os f\u00e3s do cantor sobre uma poss\u00edvel desaven\u00e7a entre a m\u00e3e e a namorada. Jo\u00e3o Gomes e Ary MirelleLucas Ramos\/Brazil News Eles estavam juntos desde 2022 Nenhuma das duas comentou o assunto na \u00e9poca, mas na quarta-feira (26\/4), K\u00e1tia deu uma resposta indireta sobre a quest\u00e3o: \u201cEu posso n\u00e3o gostar de voc\u00ea, mas&hellip; <\/p>\n","protected":false},"author":2,"featured_media":339323,"comment_status":"open","ping_status":"open","sticky":false,"template":"","format":"standard","meta":{"_acf_changed":false,"footnotes":""},"categories":[3],"tags":[],"class_list":["post-339322","post","type-post","status-publish","format-standard","has-post-thumbnail","hentry","category-entretenimento"],"acf":[],"yoast_head":"<!-- This site is optimized with the Yoast SEO plugin v27.4 - https:\/\/yoast.com\/product\/yoast-seo-wordpress\/ -->\n<title>L\u00edngua de Sogra: \u201cImatura e pregui\u00e7osa\u201d, diz m\u00e3e de Jo\u00e3o Gomes sobre Ary, ex do cantor - Blog do Farn\u00e9sio<\/title>\n<meta name=\"robots\" content=\"index, follow, max-snippet:-1, max-image-preview:large, max-video-preview:-1\" \/>\n<link rel=\"canonical\" href=\"https:\/\/blogdofarnesio.com.br\/?p=339322\" \/>\n<meta property=\"og:locale\" content=\"pt_BR\" \/>\n<meta property=\"og:type\" content=\"article\" \/>\n<meta property=\"og:title\" content=\"L\u00edngua de Sogra: \u201cImatura e pregui\u00e7osa\u201d, diz m\u00e3e de Jo\u00e3o Gomes sobre Ary, ex do cantor - Blog do Farn\u00e9sio\" \/>\n<meta property=\"og:description\" content=\"K\u00e1tia Gomes, m\u00e3e de Jo\u00e3o Gomes, comentou sobre a ex-nora Ary Mirelle durante a participa\u00e7\u00e3o em um podcast\u00a0 &#8211; Daniella Magalh\u00e3es\u00a0 &#8211;\u00a0\u00a0 K\u00e1tia Gomes, m\u00e3e de\u00a0Jo\u00e3o Gomes, falou abertamente sobre sua ex-nora, Ary Mirelle, durante sua participa\u00e7\u00e3o no podcast\u00a0PetroCast. Ela relembrou algumas hist\u00f3rias com Ary e causou ao cham\u00e1-la de \u201cimatura\u201d e \u201cpregui\u00e7osa\u201d. Antes que o namoro de Jo\u00e3o e Ary chegasse ao fim, boatos circulavam entre os f\u00e3s do cantor sobre uma poss\u00edvel desaven\u00e7a entre a m\u00e3e e a namorada. Jo\u00e3o Gomes e Ary MirelleLucas Ramos\/Brazil News Eles estavam juntos desde 2022 Nenhuma das duas comentou o assunto na \u00e9poca, mas na quarta-feira (26\/4), K\u00e1tia deu uma resposta indireta sobre a quest\u00e3o: \u201cEu posso n\u00e3o gostar de voc\u00ea, mas&hellip;\" \/>\n<meta property=\"og:url\" content=\"https:\/\/blogdofarnesio.com.br\/?p=339322\" \/>\n<meta property=\"og:site_name\" content=\"Blog do Farn\u00e9sio\" \/>\n<meta property=\"article:publisher\" content=\"https:\/\/www.facebook.com\/BlogQuerSaberPolitica\/\" \/>\n<meta property=\"article:author\" content=\"https:\/\/www.facebook.com\/?ref=tn_tnmn\" \/>\n<meta property=\"article:published_time\" content=\"2023-04-27T14:43:16+00:00\" \/>\n<meta property=\"og:image\" content=\"https:\/\/blogdofarnesio.com.br\/wp-content\/uploads\/2023\/04\/blogqspjoao-gomes-mae-ex.jpg\" \/>\n\t<meta property=\"og:image:width\" content=\"604\" \/>\n\t<meta property=\"og:image:height\" content=\"352\" \/>\n\t<meta property=\"og:image:type\" content=\"image\/jpeg\" \/>\n<meta name=\"author\" content=\"Farn\u00e9sio\" \/>\n<meta name=\"twitter:card\" content=\"summary_large_image\" \/>\n<meta name=\"twitter:label1\" content=\"Escrito por\" \/>\n\t<meta name=\"twitter:data1\" content=\"Farn\u00e9sio\" \/>\n\t<meta name=\"twitter:label2\" content=\"Est. tempo de leitura\" \/>\n\t<meta name=\"twitter:data2\" content=\"3 minutos\" \/>\n<script type=\"application\/ld+json\" class=\"yoast-schema-graph\">{\"@context\":\"https:\\\/\\\/schema.org\",\"@graph\":[{\"@type\":\"Article\",\"@id\":\"https:\\\/\\\/blogdofarnesio.com.br\\\/?p=339322#article\",\"isPartOf\":{\"@id\":\"https:\\\/\\\/blogdofarnesio.com.br\\\/?p=339322\"},\"author\":{\"name\":\"Farn\u00e9sio\",\"@id\":\"https:\\\/\\\/blogdofarnesio.com.br\\\/#\\\/schema\\\/person\\\/bb9b23ae3ad0609ce8df7b6c9e76824d\"},\"headline\":\"L\u00edngua de Sogra: \u201cImatura e pregui\u00e7osa\u201d, diz m\u00e3e de Jo\u00e3o Gomes sobre Ary, ex do cantor\",\"datePublished\":\"2023-04-27T14:43:16+00:00\",\"mainEntityOfPage\":{\"@id\":\"https:\\\/\\\/blogdofarnesio.com.br\\\/?p=339322\"},\"wordCount\":482,\"commentCount\":0,\"publisher\":{\"@id\":\"https:\\\/\\\/blogdofarnesio.com.br\\\/#organization\"},\"image\":{\"@id\":\"https:\\\/\\\/blogdofarnesio.com.br\\\/?p=339322#primaryimage\"},\"thumbnailUrl\":\"https:\\\/\\\/blogdofarnesio.com.br\\\/wp-content\\\/uploads\\\/2023\\\/04\\\/blogqspjoao-gomes-mae-ex.jpg\",\"articleSection\":[\"Entretenimento\"],\"inLanguage\":\"pt-BR\",\"potentialAction\":[{\"@type\":\"CommentAction\",\"name\":\"Comment\",\"target\":[\"https:\\\/\\\/blogdofarnesio.com.br\\\/?p=339322#respond\"]}]},{\"@type\":\"WebPage\",\"@id\":\"https:\\\/\\\/blogdofarnesio.com.br\\\/?p=339322\",\"url\":\"https:\\\/\\\/blogdofarnesio.com.br\\\/?p=339322\",\"name\":\"L\u00edngua de Sogra: \u201cImatura e pregui\u00e7osa\u201d, diz m\u00e3e de Jo\u00e3o Gomes sobre Ary, ex do cantor - Blog do Farn\u00e9sio\",\"isPartOf\":{\"@id\":\"https:\\\/\\\/blogdofarnesio.com.br\\\/#website\"},\"primaryImageOfPage\":{\"@id\":\"https:\\\/\\\/blogdofarnesio.com.br\\\/?p=339322#primaryimage\"},\"image\":{\"@id\":\"https:\\\/\\\/blogdofarnesio.com.br\\\/?p=339322#primaryimage\"},\"thumbnailUrl\":\"https:\\\/\\\/blogdofarnesio.com.br\\\/wp-content\\\/uploads\\\/2023\\\/04\\\/blogqspjoao-gomes-mae-ex.jpg\",\"datePublished\":\"2023-04-27T14:43:16+00:00\",\"breadcrumb\":{\"@id\":\"https:\\\/\\\/blogdofarnesio.com.br\\\/?p=339322#breadcrumb\"},\"inLanguage\":\"pt-BR\",\"potentialAction\":[{\"@type\":\"ReadAction\",\"target\":[\"https:\\\/\\\/blogdofarnesio.com.br\\\/?p=339322\"]}]},{\"@type\":\"ImageObject\",\"inLanguage\":\"pt-BR\",\"@id\":\"https:\\\/\\\/blogdofarnesio.com.br\\\/?p=339322#primaryimage\",\"url\":\"https:\\\/\\\/blogdofarnesio.com.br\\\/wp-content\\\/uploads\\\/2023\\\/04\\\/blogqspjoao-gomes-mae-ex.jpg\",\"contentUrl\":\"https:\\\/\\\/blogdofarnesio.com.br\\\/wp-content\\\/uploads\\\/2023\\\/04\\\/blogqspjoao-gomes-mae-ex.jpg\",\"width\":604,\"height\":352},{\"@type\":\"BreadcrumbList\",\"@id\":\"https:\\\/\\\/blogdofarnesio.com.br\\\/?p=339322#breadcrumb\",\"itemListElement\":[{\"@type\":\"ListItem\",\"position\":1,\"name\":\"In\u00edcio\",\"item\":\"https:\\\/\\\/blogdofarnesio.com.br\\\/\"},{\"@type\":\"ListItem\",\"position\":2,\"name\":\"L\u00edngua de Sogra: \u201cImatura e pregui\u00e7osa\u201d, diz m\u00e3e de Jo\u00e3o Gomes sobre Ary, ex do cantor\"}]},{\"@type\":\"WebSite\",\"@id\":\"https:\\\/\\\/blogdofarnesio.com.br\\\/#website\",\"url\":\"https:\\\/\\\/blogdofarnesio.com.br\\\/\",\"name\":\"Blog do Farn\u00e9sio\",\"description\":\"Quer Saber Pol\u00edtica?\",\"publisher\":{\"@id\":\"https:\\\/\\\/blogdofarnesio.com.br\\\/#organization\"},\"potentialAction\":[{\"@type\":\"SearchAction\",\"target\":{\"@type\":\"EntryPoint\",\"urlTemplate\":\"https:\\\/\\\/blogdofarnesio.com.br\\\/?s={search_term_string}\"},\"query-input\":{\"@type\":\"PropertyValueSpecification\",\"valueRequired\":true,\"valueName\":\"search_term_string\"}}],\"inLanguage\":\"pt-BR\"},{\"@type\":\"Organization\",\"@id\":\"https:\\\/\\\/blogdofarnesio.com.br\\\/#organization\",\"name\":\"Blog do Farn\u00e9sio\",\"url\":\"https:\\\/\\\/blogdofarnesio.com.br\\\/\",\"logo\":{\"@type\":\"ImageObject\",\"inLanguage\":\"pt-BR\",\"@id\":\"https:\\\/\\\/blogdofarnesio.com.br\\\/#\\\/schema\\\/logo\\\/image\\\/\",\"url\":\"https:\\\/\\\/blogdofarnesio.com.br\\\/wp-content\\\/uploads\\\/2026\\\/03\\\/cropped-logo_new-1.png\",\"contentUrl\":\"https:\\\/\\\/blogdofarnesio.com.br\\\/wp-content\\\/uploads\\\/2026\\\/03\\\/cropped-logo_new-1.png\",\"width\":881,\"height\":685,\"caption\":\"Blog do Farn\u00e9sio\"},\"image\":{\"@id\":\"https:\\\/\\\/blogdofarnesio.com.br\\\/#\\\/schema\\\/logo\\\/image\\\/\"},\"sameAs\":[\"https:\\\/\\\/www.facebook.com\\\/BlogQuerSaberPolitica\\\/\"]},{\"@type\":\"Person\",\"@id\":\"https:\\\/\\\/blogdofarnesio.com.br\\\/#\\\/schema\\\/person\\\/bb9b23ae3ad0609ce8df7b6c9e76824d\",\"name\":\"Farn\u00e9sio\",\"image\":{\"@type\":\"ImageObject\",\"inLanguage\":\"pt-BR\",\"@id\":\"https:\\\/\\\/secure.gravatar.com\\\/avatar\\\/986aa4c61ccdb66f8555bf88fc2a65609d00bcabd4d2d94377a727547345cbca?s=96&d=mm&r=g\",\"url\":\"https:\\\/\\\/secure.gravatar.com\\\/avatar\\\/986aa4c61ccdb66f8555bf88fc2a65609d00bcabd4d2d94377a727547345cbca?s=96&d=mm&r=g\",\"contentUrl\":\"https:\\\/\\\/secure.gravatar.com\\\/avatar\\\/986aa4c61ccdb66f8555bf88fc2a65609d00bcabd4d2d94377a727547345cbca?s=96&d=mm&r=g\",\"caption\":\"Farn\u00e9sio\"},\"description\":\"Radialista blogueiro, chegou a Petrolina\\\/Juazeiro em setembro de 1980, Farn\u00e9sio Silva \u00e9 de Arapiraca-Alagoas.\",\"sameAs\":[\"http:\\\/\\\/blogdofarnesio.com.br\",\"https:\\\/\\\/www.facebook.com\\\/?ref=tn_tnmn\",\"https:\\\/\\\/www.instagram.com\\\/?utm_source=pwa_homescreen\",\"https:\\\/\\\/youtube.com.br\\\/\"],\"url\":\"https:\\\/\\\/blogdofarnesio.com.br\\\/?author=2\"}]}<\/script>\n<!-- \/ Yoast SEO plugin. -->","yoast_head_json":{"title":"L\u00edngua de Sogra: \u201cImatura e pregui\u00e7osa\u201d, diz m\u00e3e de Jo\u00e3o Gomes sobre Ary, ex do cantor - Blog do Farn\u00e9sio","robots":{"index":"index","follow":"follow","max-snippet":"max-snippet:-1","max-image-preview":"max-image-preview:large","max-video-preview":"max-video-preview:-1"},"canonical":"https:\/\/blogdofarnesio.com.br\/?p=339322","og_locale":"pt_BR","og_type":"article","og_title":"L\u00edngua de Sogra: \u201cImatura e pregui\u00e7osa\u201d, diz m\u00e3e de Jo\u00e3o Gomes sobre Ary, ex do cantor - Blog do Farn\u00e9sio","og_description":"K\u00e1tia Gomes, m\u00e3e de Jo\u00e3o Gomes, comentou sobre a ex-nora Ary Mirelle durante a participa\u00e7\u00e3o em um podcast\u00a0 &#8211; Daniella Magalh\u00e3es\u00a0 &#8211;\u00a0\u00a0 K\u00e1tia Gomes, m\u00e3e de\u00a0Jo\u00e3o Gomes, falou abertamente sobre sua ex-nora, Ary Mirelle, durante sua participa\u00e7\u00e3o no podcast\u00a0PetroCast. Ela relembrou algumas hist\u00f3rias com Ary e causou ao cham\u00e1-la de \u201cimatura\u201d e \u201cpregui\u00e7osa\u201d. Antes que o namoro de Jo\u00e3o e Ary chegasse ao fim, boatos circulavam entre os f\u00e3s do cantor sobre uma poss\u00edvel desaven\u00e7a entre a m\u00e3e e a namorada. Jo\u00e3o Gomes e Ary MirelleLucas Ramos\/Brazil News Eles estavam juntos desde 2022 Nenhuma das duas comentou o assunto na \u00e9poca, mas na quarta-feira (26\/4), K\u00e1tia deu uma resposta indireta sobre a quest\u00e3o: \u201cEu posso n\u00e3o gostar de voc\u00ea, mas&hellip;","og_url":"https:\/\/blogdofarnesio.com.br\/?p=339322","og_site_name":"Blog do Farn\u00e9sio","article_publisher":"https:\/\/www.facebook.com\/BlogQuerSaberPolitica\/","article_author":"https:\/\/www.facebook.com\/?ref=tn_tnmn","article_published_time":"2023-04-27T14:43:16+00:00","og_image":[{"width":604,"height":352,"url":"https:\/\/blogdofarnesio.com.br\/wp-content\/uploads\/2023\/04\/blogqspjoao-gomes-mae-ex.jpg","type":"image\/jpeg"}],"author":"Farn\u00e9sio","twitter_card":"summary_large_image","twitter_misc":{"Escrito por":"Farn\u00e9sio","Est. tempo de leitura":"3 minutos"},"schema":{"@context":"https:\/\/schema.org","@graph":[{"@type":"Article","@id":"https:\/\/blogdofarnesio.com.br\/?p=339322#article","isPartOf":{"@id":"https:\/\/blogdofarnesio.com.br\/?p=339322"},"author":{"name":"Farn\u00e9sio","@id":"https:\/\/blogdofarnesio.com.br\/#\/schema\/person\/bb9b23ae3ad0609ce8df7b6c9e76824d"},"headline":"L\u00edngua de Sogra: \u201cImatura e pregui\u00e7osa\u201d, diz m\u00e3e de Jo\u00e3o Gomes sobre Ary, ex do cantor","datePublished":"2023-04-27T14:43:16+00:00","mainEntityOfPage":{"@id":"https:\/\/blogdofarnesio.com.br\/?p=339322"},"wordCount":482,"commentCount":0,"publisher":{"@id":"https:\/\/blogdofarnesio.com.br\/#organization"},"image":{"@id":"https:\/\/blogdofarnesio.com.br\/?p=339322#primaryimage"},"thumbnailUrl":"https:\/\/blogdofarnesio.com.br\/wp-content\/uploads\/2023\/04\/blogqspjoao-gomes-mae-ex.jpg","articleSection":["Entretenimento"],"inLanguage":"pt-BR","potentialAction":[{"@type":"CommentAction","name":"Comment","target":["https:\/\/blogdofarnesio.com.br\/?p=339322#respond"]}]},{"@type":"WebPage","@id":"https:\/\/blogdofarnesio.com.br\/?p=339322","url":"https:\/\/blogdofarnesio.com.br\/?p=339322","name":"L\u00edngua de Sogra: \u201cImatura e pregui\u00e7osa\u201d, diz m\u00e3e de Jo\u00e3o Gomes sobre Ary, ex do cantor - Blog do Farn\u00e9sio","isPartOf":{"@id":"https:\/\/blogdofarnesio.com.br\/#website"},"primaryImageOfPage":{"@id":"https:\/\/blogdofarnesio.com.br\/?p=339322#primaryimage"},"image":{"@id":"https:\/\/blogdofarnesio.com.br\/?p=339322#primaryimage"},"thumbnailUrl":"https:\/\/blogdofarnesio.com.br\/wp-content\/uploads\/2023\/04\/blogqspjoao-gomes-mae-ex.jpg","datePublished":"2023-04-27T14:43:16+00:00","breadcrumb":{"@id":"https:\/\/blogdofarnesio.com.br\/?p=339322#breadcrumb"},"inLanguage":"pt-BR","potentialAction":[{"@type":"ReadAction","target":["https:\/\/blogdofarnesio.com.br\/?p=339322"]}]},{"@type":"ImageObject","inLanguage":"pt-BR","@id":"https:\/\/blogdofarnesio.com.br\/?p=339322#primaryimage","url":"https:\/\/blogdofarnesio.com.br\/wp-content\/uploads\/2023\/04\/blogqspjoao-gomes-mae-ex.jpg","contentUrl":"https:\/\/blogdofarnesio.com.br\/wp-content\/uploads\/2023\/04\/blogqspjoao-gomes-mae-ex.jpg","width":604,"height":352},{"@type":"BreadcrumbList","@id":"https:\/\/blogdofarnesio.com.br\/?p=339322#breadcrumb","itemListElement":[{"@type":"ListItem","position":1,"name":"In\u00edcio","item":"https:\/\/blogdofarnesio.com.br\/"},{"@type":"ListItem","position":2,"name":"L\u00edngua de Sogra: \u201cImatura e pregui\u00e7osa\u201d, diz m\u00e3e de Jo\u00e3o Gomes sobre Ary, ex do cantor"}]},{"@type":"WebSite","@id":"https:\/\/blogdofarnesio.com.br\/#website","url":"https:\/\/blogdofarnesio.com.br\/","name":"Blog do Farn\u00e9sio","description":"Quer Saber Pol\u00edtica?","publisher":{"@id":"https:\/\/blogdofarnesio.com.br\/#organization"},"potentialAction":[{"@type":"SearchAction","target":{"@type":"EntryPoint","urlTemplate":"https:\/\/blogdofarnesio.com.br\/?s={search_term_string}"},"query-input":{"@type":"PropertyValueSpecification","valueRequired":true,"valueName":"search_term_string"}}],"inLanguage":"pt-BR"},{"@type":"Organization","@id":"https:\/\/blogdofarnesio.com.br\/#organization","name":"Blog do Farn\u00e9sio","url":"https:\/\/blogdofarnesio.com.br\/","logo":{"@type":"ImageObject","inLanguage":"pt-BR","@id":"https:\/\/blogdofarnesio.com.br\/#\/schema\/logo\/image\/","url":"https:\/\/blogdofarnesio.com.br\/wp-content\/uploads\/2026\/03\/cropped-logo_new-1.png","contentUrl":"https:\/\/blogdofarnesio.com.br\/wp-content\/uploads\/2026\/03\/cropped-logo_new-1.png","width":881,"height":685,"caption":"Blog do Farn\u00e9sio"},"image":{"@id":"https:\/\/blogdofarnesio.com.br\/#\/schema\/logo\/image\/"},"sameAs":["https:\/\/www.facebook.com\/BlogQuerSaberPolitica\/"]},{"@type":"Person","@id":"https:\/\/blogdofarnesio.com.br\/#\/schema\/person\/bb9b23ae3ad0609ce8df7b6c9e76824d","name":"Farn\u00e9sio","image":{"@type":"ImageObject","inLanguage":"pt-BR","@id":"https:\/\/secure.gravatar.com\/avatar\/986aa4c61ccdb66f8555bf88fc2a65609d00bcabd4d2d94377a727547345cbca?s=96&d=mm&r=g","url":"https:\/\/secure.gravatar.com\/avatar\/986aa4c61ccdb66f8555bf88fc2a65609d00bcabd4d2d94377a727547345cbca?s=96&d=mm&r=g","contentUrl":"https:\/\/secure.gravatar.com\/avatar\/986aa4c61ccdb66f8555bf88fc2a65609d00bcabd4d2d94377a727547345cbca?s=96&d=mm&r=g","caption":"Farn\u00e9sio"},"description":"Radialista blogueiro, chegou a Petrolina\/Juazeiro em setembro de 1980, Farn\u00e9sio Silva \u00e9 de Arapiraca-Alagoas.","sameAs":["http:\/\/blogdofarnesio.com.br","https:\/\/www.facebook.com\/?ref=tn_tnmn","https:\/\/www.instagram.com\/?utm_source=pwa_homescreen","https:\/\/youtube.com.br\/"],"url":"https:\/\/blogdofarnesio.com.br\/?author=2"}]}},"_links":{"self":[{"href":"https:\/\/blogdofarnesio.com.br\/index.php?rest_route=\/wp\/v2\/posts\/339322","targetHints":{"allow":["GET"]}}],"collection":[{"href":"https:\/\/blogdofarnesio.com.br\/index.php?rest_route=\/wp\/v2\/posts"}],"about":[{"href":"https:\/\/blogdofarnesio.com.br\/index.php?rest_route=\/wp\/v2\/types\/post"}],"author":[{"embeddable":true,"href":"https:\/\/blogdofarnesio.com.br\/index.php?rest_route=\/wp\/v2\/users\/2"}],"replies":[{"embeddable":true,"href":"https:\/\/blogdofarnesio.com.br\/index.php?rest_route=%2Fwp%2Fv2%2Fcomments&post=339322"}],"version-history":[{"count":0,"href":"https:\/\/blogdofarnesio.com.br\/index.php?rest_route=\/wp\/v2\/posts\/339322\/revisions"}],"wp:featuredmedia":[{"embeddable":true,"href":"https:\/\/blogdofarnesio.com.br\/index.php?rest_route=\/wp\/v2\/media\/339323"}],"wp:attachment":[{"href":"https:\/\/blogdofarnesio.com.br\/index.php?rest_route=%2Fwp%2Fv2%2Fmedia&parent=339322"}],"wp:term":[{"taxonomy":"category","embeddable":true,"href":"https:\/\/blogdofarnesio.com.br\/index.php?rest_route=%2Fwp%2Fv2%2Fcategories&post=339322"},{"taxonomy":"post_tag","embeddable":true,"href":"https:\/\/blogdofarnesio.com.br\/index.php?rest_route=%2Fwp%2Fv2%2Ftags&post=339322"}],"curies":[{"name":"wp","href":"https:\/\/api.w.org\/{rel}","templated":true}]}}