{"id":339290,"date":"2023-04-27T07:20:38","date_gmt":"2023-04-27T10:20:38","guid":{"rendered":"https:\/\/blogdofarnesio.com.br\/?p=339290"},"modified":"2023-04-26T19:08:03","modified_gmt":"2023-04-26T22:08:03","slug":"prefeitura-de-petrolina-convoca-cerca-de-100-profissionais-aprovados-em-processos-seletivos-da-educacao","status":"publish","type":"post","link":"https:\/\/blogdofarnesio.com.br\/?p=339290","title":{"rendered":"Prefeitura de Petrolina convoca cerca de 100 profissionais aprovados em processos seletivos da Educa\u00e7\u00e3o"},"content":{"rendered":"<p style=\"font-weight: 400;\">A Prefeitura de Petrolina, por meio da Secretaria de Educa\u00e7\u00e3o, Cultura e Esportes (Seduce), divulgou, na ter\u00e7a-feira (25) no Di\u00e1rio Oficial do Munic\u00edpio, uma rela\u00e7\u00e3o de 99 profissionais classificados nos Processos Seletivos Simplificados ainda em vig\u00eancia \u2013 editais n\u00fameros 01\/2021; 02\/2021; 03\/2021 e 05\/2022- para atuarem na Rede Municipal de Ensino. A convocat\u00f3ria est\u00e1 sendo feita de acordo com as necessidades da administra\u00e7\u00e3o, respeitando os crit\u00e9rios de ordem de coloca\u00e7\u00e3o do resultado. A lista com os nomes dos selecionados est\u00e1 dispon\u00edvel no site <a href=\"http:\/\/petrolina.pe.gov.br\/diario-oficial\/\" data-saferedirecturl=\"https:\/\/www.google.com\/url?q=http:\/\/petrolina.pe.gov.br\/diario-oficial\/&amp;source=gmail&amp;ust=1682627242700000&amp;usg=AOvVaw1TZCQ48rNLIzbJMfzUAKzB\">http:\/\/petrolina.pe.gov.br\/diario-oficial\/<\/a>.<\/p>\n<p style=\"font-weight: 400;\">Os editais convocam os candidatos classificados para os cargos de professor do Ensino Fundamental dos Anos Iniciais e Finais; Assistente Administrativo; Assistente Educacional; Auxiliar de Limpeza e Auxiliar de Cozinha. Os classificados devem comparecer at\u00e9 o dia 28 de abril, das 8h30 \u00e0s 11h30, na Secretaria Executiva de Recursos Humanos da Seduce, que fica no N\u00facleo Administrativo Municipal, localizado na Avenida Coronel Clementino Coelho, n\u00ba 714, bairro Parque Bandeirantes.<\/p>\n<p style=\"font-weight: 400;\">Os convocados devem estar munidos de toda a documenta\u00e7\u00e3o original e c\u00f3pias relacionadas no Anexo II do edital, para tratar da contrata\u00e7\u00e3o e localiza\u00e7\u00e3o nas unidades escolares. A aus\u00eancia nas datas e hor\u00e1rios previstos acarretar\u00e1 a desclassifica\u00e7\u00e3o do candidato.<\/p>\n<p style=\"font-weight: 400;\">Texto: Elaine Barbosa<\/p>\n<p style=\"font-weight: 400;\">Assessora de Imprensa da Secretaria de Educa\u00e7\u00e3o, Cultura e Esportes<\/p>\n<p style=\"font-weight: 400;\">Foto: Ayrton Latapiat<\/p>\n","protected":false},"excerpt":{"rendered":"<p>A Prefeitura de Petrolina, por meio da Secretaria de Educa\u00e7\u00e3o, Cultura e Esportes (Seduce), divulgou, na ter\u00e7a-feira (25) no Di\u00e1rio Oficial do Munic\u00edpio, uma rela\u00e7\u00e3o de 99 profissionais classificados nos Processos Seletivos Simplificados ainda em vig\u00eancia \u2013 editais n\u00fameros 01\/2021; 02\/2021; 03\/2021 e 05\/2022- para atuarem na Rede Municipal de Ensino. A convocat\u00f3ria est\u00e1 sendo feita de acordo com as necessidades da administra\u00e7\u00e3o, respeitando os crit\u00e9rios de ordem de coloca\u00e7\u00e3o do resultado. A lista com os nomes dos selecionados est\u00e1 dispon\u00edvel no site http:\/\/petrolina.pe.gov.br\/diario-oficial\/. Os editais convocam os candidatos classificados para os cargos de professor do Ensino Fundamental dos Anos Iniciais e Finais; Assistente Administrativo; Assistente Educacional; Auxiliar de Limpeza e Auxiliar de Cozinha. Os classificados devem comparecer at\u00e9 o&hellip; <\/p>\n","protected":false},"author":2,"featured_media":339291,"comment_status":"open","ping_status":"open","sticky":false,"template":"","format":"standard","meta":{"_acf_changed":false,"footnotes":""},"categories":[31],"tags":[],"class_list":["post-339290","post","type-post","status-publish","format-standard","has-post-thumbnail","hentry","category-concursos"],"acf":[],"yoast_head":"<!-- This site is optimized with the Yoast SEO plugin v27.4 - https:\/\/yoast.com\/product\/yoast-seo-wordpress\/ -->\n<title>Prefeitura de Petrolina convoca cerca de 100 profissionais aprovados em processos seletivos da Educa\u00e7\u00e3o - Blog do Farn\u00e9sio<\/title>\n<meta name=\"robots\" content=\"index, follow, max-snippet:-1, max-image-preview:large, max-video-preview:-1\" \/>\n<link rel=\"canonical\" href=\"https:\/\/blogdofarnesio.com.br\/?p=339290\" \/>\n<meta property=\"og:locale\" content=\"pt_BR\" \/>\n<meta property=\"og:type\" content=\"article\" \/>\n<meta property=\"og:title\" content=\"Prefeitura de Petrolina convoca cerca de 100 profissionais aprovados em processos seletivos da Educa\u00e7\u00e3o - Blog do Farn\u00e9sio\" \/>\n<meta property=\"og:description\" content=\"A Prefeitura de Petrolina, por meio da Secretaria de Educa\u00e7\u00e3o, Cultura e Esportes (Seduce), divulgou, na ter\u00e7a-feira (25) no Di\u00e1rio Oficial do Munic\u00edpio, uma rela\u00e7\u00e3o de 99 profissionais classificados nos Processos Seletivos Simplificados ainda em vig\u00eancia \u2013 editais n\u00fameros 01\/2021; 02\/2021; 03\/2021 e 05\/2022- para atuarem na Rede Municipal de Ensino. A convocat\u00f3ria est\u00e1 sendo feita de acordo com as necessidades da administra\u00e7\u00e3o, respeitando os crit\u00e9rios de ordem de coloca\u00e7\u00e3o do resultado. A lista com os nomes dos selecionados est\u00e1 dispon\u00edvel no site http:\/\/petrolina.pe.gov.br\/diario-oficial\/. Os editais convocam os candidatos classificados para os cargos de professor do Ensino Fundamental dos Anos Iniciais e Finais; Assistente Administrativo; Assistente Educacional; Auxiliar de Limpeza e Auxiliar de Cozinha. Os classificados devem comparecer at\u00e9 o&hellip;\" \/>\n<meta property=\"og:url\" content=\"https:\/\/blogdofarnesio.com.br\/?p=339290\" \/>\n<meta property=\"og:site_name\" content=\"Blog do Farn\u00e9sio\" \/>\n<meta property=\"article:publisher\" content=\"https:\/\/www.facebook.com\/BlogQuerSaberPolitica\/\" \/>\n<meta property=\"article:author\" content=\"https:\/\/www.facebook.com\/?ref=tn_tnmn\" \/>\n<meta property=\"article:published_time\" content=\"2023-04-27T10:20:38+00:00\" \/>\n<meta property=\"og:image\" content=\"https:\/\/blogdofarnesio.com.br\/wp-content\/uploads\/2023\/04\/blogqsppet-nucleo-administrativo-e1682546794169.jpeg\" \/>\n\t<meta property=\"og:image:width\" content=\"600\" \/>\n\t<meta property=\"og:image:height\" content=\"375\" \/>\n\t<meta property=\"og:image:type\" content=\"image\/jpeg\" \/>\n<meta name=\"author\" content=\"Farn\u00e9sio\" \/>\n<meta name=\"twitter:card\" content=\"summary_large_image\" \/>\n<meta name=\"twitter:label1\" content=\"Escrito por\" \/>\n\t<meta name=\"twitter:data1\" content=\"Farn\u00e9sio\" \/>\n\t<meta name=\"twitter:label2\" content=\"Est. tempo de leitura\" \/>\n\t<meta name=\"twitter:data2\" content=\"2 minutos\" \/>\n<script type=\"application\/ld+json\" class=\"yoast-schema-graph\">{\"@context\":\"https:\\\/\\\/schema.org\",\"@graph\":[{\"@type\":\"Article\",\"@id\":\"https:\\\/\\\/blogdofarnesio.com.br\\\/?p=339290#article\",\"isPartOf\":{\"@id\":\"https:\\\/\\\/blogdofarnesio.com.br\\\/?p=339290\"},\"author\":{\"name\":\"Farn\u00e9sio\",\"@id\":\"https:\\\/\\\/blogdofarnesio.com.br\\\/#\\\/schema\\\/person\\\/bb9b23ae3ad0609ce8df7b6c9e76824d\"},\"headline\":\"Prefeitura de Petrolina convoca cerca de 100 profissionais aprovados em processos seletivos da Educa\u00e7\u00e3o\",\"datePublished\":\"2023-04-27T10:20:38+00:00\",\"mainEntityOfPage\":{\"@id\":\"https:\\\/\\\/blogdofarnesio.com.br\\\/?p=339290\"},\"wordCount\":240,\"commentCount\":0,\"publisher\":{\"@id\":\"https:\\\/\\\/blogdofarnesio.com.br\\\/#organization\"},\"image\":{\"@id\":\"https:\\\/\\\/blogdofarnesio.com.br\\\/?p=339290#primaryimage\"},\"thumbnailUrl\":\"https:\\\/\\\/blogdofarnesio.com.br\\\/wp-content\\\/uploads\\\/2023\\\/04\\\/blogqsppet-nucleo-administrativo-e1682546794169.jpeg\",\"articleSection\":[\"Concursos\"],\"inLanguage\":\"pt-BR\",\"potentialAction\":[{\"@type\":\"CommentAction\",\"name\":\"Comment\",\"target\":[\"https:\\\/\\\/blogdofarnesio.com.br\\\/?p=339290#respond\"]}]},{\"@type\":\"WebPage\",\"@id\":\"https:\\\/\\\/blogdofarnesio.com.br\\\/?p=339290\",\"url\":\"https:\\\/\\\/blogdofarnesio.com.br\\\/?p=339290\",\"name\":\"Prefeitura de Petrolina convoca cerca de 100 profissionais aprovados em processos seletivos da Educa\u00e7\u00e3o - Blog do Farn\u00e9sio\",\"isPartOf\":{\"@id\":\"https:\\\/\\\/blogdofarnesio.com.br\\\/#website\"},\"primaryImageOfPage\":{\"@id\":\"https:\\\/\\\/blogdofarnesio.com.br\\\/?p=339290#primaryimage\"},\"image\":{\"@id\":\"https:\\\/\\\/blogdofarnesio.com.br\\\/?p=339290#primaryimage\"},\"thumbnailUrl\":\"https:\\\/\\\/blogdofarnesio.com.br\\\/wp-content\\\/uploads\\\/2023\\\/04\\\/blogqsppet-nucleo-administrativo-e1682546794169.jpeg\",\"datePublished\":\"2023-04-27T10:20:38+00:00\",\"breadcrumb\":{\"@id\":\"https:\\\/\\\/blogdofarnesio.com.br\\\/?p=339290#breadcrumb\"},\"inLanguage\":\"pt-BR\",\"potentialAction\":[{\"@type\":\"ReadAction\",\"target\":[\"https:\\\/\\\/blogdofarnesio.com.br\\\/?p=339290\"]}]},{\"@type\":\"ImageObject\",\"inLanguage\":\"pt-BR\",\"@id\":\"https:\\\/\\\/blogdofarnesio.com.br\\\/?p=339290#primaryimage\",\"url\":\"https:\\\/\\\/blogdofarnesio.com.br\\\/wp-content\\\/uploads\\\/2023\\\/04\\\/blogqsppet-nucleo-administrativo-e1682546794169.jpeg\",\"contentUrl\":\"https:\\\/\\\/blogdofarnesio.com.br\\\/wp-content\\\/uploads\\\/2023\\\/04\\\/blogqsppet-nucleo-administrativo-e1682546794169.jpeg\",\"width\":600,\"height\":375},{\"@type\":\"BreadcrumbList\",\"@id\":\"https:\\\/\\\/blogdofarnesio.com.br\\\/?p=339290#breadcrumb\",\"itemListElement\":[{\"@type\":\"ListItem\",\"position\":1,\"name\":\"In\u00edcio\",\"item\":\"https:\\\/\\\/blogdofarnesio.com.br\\\/\"},{\"@type\":\"ListItem\",\"position\":2,\"name\":\"Prefeitura de Petrolina convoca cerca de 100 profissionais aprovados em processos seletivos da Educa\u00e7\u00e3o\"}]},{\"@type\":\"WebSite\",\"@id\":\"https:\\\/\\\/blogdofarnesio.com.br\\\/#website\",\"url\":\"https:\\\/\\\/blogdofarnesio.com.br\\\/\",\"name\":\"Blog do Farn\u00e9sio\",\"description\":\"Quer Saber Pol\u00edtica?\",\"publisher\":{\"@id\":\"https:\\\/\\\/blogdofarnesio.com.br\\\/#organization\"},\"potentialAction\":[{\"@type\":\"SearchAction\",\"target\":{\"@type\":\"EntryPoint\",\"urlTemplate\":\"https:\\\/\\\/blogdofarnesio.com.br\\\/?s={search_term_string}\"},\"query-input\":{\"@type\":\"PropertyValueSpecification\",\"valueRequired\":true,\"valueName\":\"search_term_string\"}}],\"inLanguage\":\"pt-BR\"},{\"@type\":\"Organization\",\"@id\":\"https:\\\/\\\/blogdofarnesio.com.br\\\/#organization\",\"name\":\"Blog do Farn\u00e9sio\",\"url\":\"https:\\\/\\\/blogdofarnesio.com.br\\\/\",\"logo\":{\"@type\":\"ImageObject\",\"inLanguage\":\"pt-BR\",\"@id\":\"https:\\\/\\\/blogdofarnesio.com.br\\\/#\\\/schema\\\/logo\\\/image\\\/\",\"url\":\"https:\\\/\\\/blogdofarnesio.com.br\\\/wp-content\\\/uploads\\\/2026\\\/03\\\/cropped-logo_new-1.png\",\"contentUrl\":\"https:\\\/\\\/blogdofarnesio.com.br\\\/wp-content\\\/uploads\\\/2026\\\/03\\\/cropped-logo_new-1.png\",\"width\":881,\"height\":685,\"caption\":\"Blog do Farn\u00e9sio\"},\"image\":{\"@id\":\"https:\\\/\\\/blogdofarnesio.com.br\\\/#\\\/schema\\\/logo\\\/image\\\/\"},\"sameAs\":[\"https:\\\/\\\/www.facebook.com\\\/BlogQuerSaberPolitica\\\/\"]},{\"@type\":\"Person\",\"@id\":\"https:\\\/\\\/blogdofarnesio.com.br\\\/#\\\/schema\\\/person\\\/bb9b23ae3ad0609ce8df7b6c9e76824d\",\"name\":\"Farn\u00e9sio\",\"image\":{\"@type\":\"ImageObject\",\"inLanguage\":\"pt-BR\",\"@id\":\"https:\\\/\\\/secure.gravatar.com\\\/avatar\\\/986aa4c61ccdb66f8555bf88fc2a65609d00bcabd4d2d94377a727547345cbca?s=96&d=mm&r=g\",\"url\":\"https:\\\/\\\/secure.gravatar.com\\\/avatar\\\/986aa4c61ccdb66f8555bf88fc2a65609d00bcabd4d2d94377a727547345cbca?s=96&d=mm&r=g\",\"contentUrl\":\"https:\\\/\\\/secure.gravatar.com\\\/avatar\\\/986aa4c61ccdb66f8555bf88fc2a65609d00bcabd4d2d94377a727547345cbca?s=96&d=mm&r=g\",\"caption\":\"Farn\u00e9sio\"},\"description\":\"Radialista blogueiro, chegou a Petrolina\\\/Juazeiro em setembro de 1980, Farn\u00e9sio Silva \u00e9 de Arapiraca-Alagoas.\",\"sameAs\":[\"http:\\\/\\\/blogdofarnesio.com.br\",\"https:\\\/\\\/www.facebook.com\\\/?ref=tn_tnmn\",\"https:\\\/\\\/www.instagram.com\\\/?utm_source=pwa_homescreen\",\"https:\\\/\\\/youtube.com.br\\\/\"],\"url\":\"https:\\\/\\\/blogdofarnesio.com.br\\\/?author=2\"}]}<\/script>\n<!-- \/ Yoast SEO plugin. -->","yoast_head_json":{"title":"Prefeitura de Petrolina convoca cerca de 100 profissionais aprovados em processos seletivos da Educa\u00e7\u00e3o - Blog do Farn\u00e9sio","robots":{"index":"index","follow":"follow","max-snippet":"max-snippet:-1","max-image-preview":"max-image-preview:large","max-video-preview":"max-video-preview:-1"},"canonical":"https:\/\/blogdofarnesio.com.br\/?p=339290","og_locale":"pt_BR","og_type":"article","og_title":"Prefeitura de Petrolina convoca cerca de 100 profissionais aprovados em processos seletivos da Educa\u00e7\u00e3o - Blog do Farn\u00e9sio","og_description":"A Prefeitura de Petrolina, por meio da Secretaria de Educa\u00e7\u00e3o, Cultura e Esportes (Seduce), divulgou, na ter\u00e7a-feira (25) no Di\u00e1rio Oficial do Munic\u00edpio, uma rela\u00e7\u00e3o de 99 profissionais classificados nos Processos Seletivos Simplificados ainda em vig\u00eancia \u2013 editais n\u00fameros 01\/2021; 02\/2021; 03\/2021 e 05\/2022- para atuarem na Rede Municipal de Ensino. A convocat\u00f3ria est\u00e1 sendo feita de acordo com as necessidades da administra\u00e7\u00e3o, respeitando os crit\u00e9rios de ordem de coloca\u00e7\u00e3o do resultado. A lista com os nomes dos selecionados est\u00e1 dispon\u00edvel no site http:\/\/petrolina.pe.gov.br\/diario-oficial\/. Os editais convocam os candidatos classificados para os cargos de professor do Ensino Fundamental dos Anos Iniciais e Finais; Assistente Administrativo; Assistente Educacional; Auxiliar de Limpeza e Auxiliar de Cozinha. Os classificados devem comparecer at\u00e9 o&hellip;","og_url":"https:\/\/blogdofarnesio.com.br\/?p=339290","og_site_name":"Blog do Farn\u00e9sio","article_publisher":"https:\/\/www.facebook.com\/BlogQuerSaberPolitica\/","article_author":"https:\/\/www.facebook.com\/?ref=tn_tnmn","article_published_time":"2023-04-27T10:20:38+00:00","og_image":[{"width":600,"height":375,"url":"https:\/\/blogdofarnesio.com.br\/wp-content\/uploads\/2023\/04\/blogqsppet-nucleo-administrativo-e1682546794169.jpeg","type":"image\/jpeg"}],"author":"Farn\u00e9sio","twitter_card":"summary_large_image","twitter_misc":{"Escrito por":"Farn\u00e9sio","Est. tempo de leitura":"2 minutos"},"schema":{"@context":"https:\/\/schema.org","@graph":[{"@type":"Article","@id":"https:\/\/blogdofarnesio.com.br\/?p=339290#article","isPartOf":{"@id":"https:\/\/blogdofarnesio.com.br\/?p=339290"},"author":{"name":"Farn\u00e9sio","@id":"https:\/\/blogdofarnesio.com.br\/#\/schema\/person\/bb9b23ae3ad0609ce8df7b6c9e76824d"},"headline":"Prefeitura de Petrolina convoca cerca de 100 profissionais aprovados em processos seletivos da Educa\u00e7\u00e3o","datePublished":"2023-04-27T10:20:38+00:00","mainEntityOfPage":{"@id":"https:\/\/blogdofarnesio.com.br\/?p=339290"},"wordCount":240,"commentCount":0,"publisher":{"@id":"https:\/\/blogdofarnesio.com.br\/#organization"},"image":{"@id":"https:\/\/blogdofarnesio.com.br\/?p=339290#primaryimage"},"thumbnailUrl":"https:\/\/blogdofarnesio.com.br\/wp-content\/uploads\/2023\/04\/blogqsppet-nucleo-administrativo-e1682546794169.jpeg","articleSection":["Concursos"],"inLanguage":"pt-BR","potentialAction":[{"@type":"CommentAction","name":"Comment","target":["https:\/\/blogdofarnesio.com.br\/?p=339290#respond"]}]},{"@type":"WebPage","@id":"https:\/\/blogdofarnesio.com.br\/?p=339290","url":"https:\/\/blogdofarnesio.com.br\/?p=339290","name":"Prefeitura de Petrolina convoca cerca de 100 profissionais aprovados em processos seletivos da Educa\u00e7\u00e3o - Blog do Farn\u00e9sio","isPartOf":{"@id":"https:\/\/blogdofarnesio.com.br\/#website"},"primaryImageOfPage":{"@id":"https:\/\/blogdofarnesio.com.br\/?p=339290#primaryimage"},"image":{"@id":"https:\/\/blogdofarnesio.com.br\/?p=339290#primaryimage"},"thumbnailUrl":"https:\/\/blogdofarnesio.com.br\/wp-content\/uploads\/2023\/04\/blogqsppet-nucleo-administrativo-e1682546794169.jpeg","datePublished":"2023-04-27T10:20:38+00:00","breadcrumb":{"@id":"https:\/\/blogdofarnesio.com.br\/?p=339290#breadcrumb"},"inLanguage":"pt-BR","potentialAction":[{"@type":"ReadAction","target":["https:\/\/blogdofarnesio.com.br\/?p=339290"]}]},{"@type":"ImageObject","inLanguage":"pt-BR","@id":"https:\/\/blogdofarnesio.com.br\/?p=339290#primaryimage","url":"https:\/\/blogdofarnesio.com.br\/wp-content\/uploads\/2023\/04\/blogqsppet-nucleo-administrativo-e1682546794169.jpeg","contentUrl":"https:\/\/blogdofarnesio.com.br\/wp-content\/uploads\/2023\/04\/blogqsppet-nucleo-administrativo-e1682546794169.jpeg","width":600,"height":375},{"@type":"BreadcrumbList","@id":"https:\/\/blogdofarnesio.com.br\/?p=339290#breadcrumb","itemListElement":[{"@type":"ListItem","position":1,"name":"In\u00edcio","item":"https:\/\/blogdofarnesio.com.br\/"},{"@type":"ListItem","position":2,"name":"Prefeitura de Petrolina convoca cerca de 100 profissionais aprovados em processos seletivos da Educa\u00e7\u00e3o"}]},{"@type":"WebSite","@id":"https:\/\/blogdofarnesio.com.br\/#website","url":"https:\/\/blogdofarnesio.com.br\/","name":"Blog do Farn\u00e9sio","description":"Quer Saber Pol\u00edtica?","publisher":{"@id":"https:\/\/blogdofarnesio.com.br\/#organization"},"potentialAction":[{"@type":"SearchAction","target":{"@type":"EntryPoint","urlTemplate":"https:\/\/blogdofarnesio.com.br\/?s={search_term_string}"},"query-input":{"@type":"PropertyValueSpecification","valueRequired":true,"valueName":"search_term_string"}}],"inLanguage":"pt-BR"},{"@type":"Organization","@id":"https:\/\/blogdofarnesio.com.br\/#organization","name":"Blog do Farn\u00e9sio","url":"https:\/\/blogdofarnesio.com.br\/","logo":{"@type":"ImageObject","inLanguage":"pt-BR","@id":"https:\/\/blogdofarnesio.com.br\/#\/schema\/logo\/image\/","url":"https:\/\/blogdofarnesio.com.br\/wp-content\/uploads\/2026\/03\/cropped-logo_new-1.png","contentUrl":"https:\/\/blogdofarnesio.com.br\/wp-content\/uploads\/2026\/03\/cropped-logo_new-1.png","width":881,"height":685,"caption":"Blog do Farn\u00e9sio"},"image":{"@id":"https:\/\/blogdofarnesio.com.br\/#\/schema\/logo\/image\/"},"sameAs":["https:\/\/www.facebook.com\/BlogQuerSaberPolitica\/"]},{"@type":"Person","@id":"https:\/\/blogdofarnesio.com.br\/#\/schema\/person\/bb9b23ae3ad0609ce8df7b6c9e76824d","name":"Farn\u00e9sio","image":{"@type":"ImageObject","inLanguage":"pt-BR","@id":"https:\/\/secure.gravatar.com\/avatar\/986aa4c61ccdb66f8555bf88fc2a65609d00bcabd4d2d94377a727547345cbca?s=96&d=mm&r=g","url":"https:\/\/secure.gravatar.com\/avatar\/986aa4c61ccdb66f8555bf88fc2a65609d00bcabd4d2d94377a727547345cbca?s=96&d=mm&r=g","contentUrl":"https:\/\/secure.gravatar.com\/avatar\/986aa4c61ccdb66f8555bf88fc2a65609d00bcabd4d2d94377a727547345cbca?s=96&d=mm&r=g","caption":"Farn\u00e9sio"},"description":"Radialista blogueiro, chegou a Petrolina\/Juazeiro em setembro de 1980, Farn\u00e9sio Silva \u00e9 de Arapiraca-Alagoas.","sameAs":["http:\/\/blogdofarnesio.com.br","https:\/\/www.facebook.com\/?ref=tn_tnmn","https:\/\/www.instagram.com\/?utm_source=pwa_homescreen","https:\/\/youtube.com.br\/"],"url":"https:\/\/blogdofarnesio.com.br\/?author=2"}]}},"_links":{"self":[{"href":"https:\/\/blogdofarnesio.com.br\/index.php?rest_route=\/wp\/v2\/posts\/339290","targetHints":{"allow":["GET"]}}],"collection":[{"href":"https:\/\/blogdofarnesio.com.br\/index.php?rest_route=\/wp\/v2\/posts"}],"about":[{"href":"https:\/\/blogdofarnesio.com.br\/index.php?rest_route=\/wp\/v2\/types\/post"}],"author":[{"embeddable":true,"href":"https:\/\/blogdofarnesio.com.br\/index.php?rest_route=\/wp\/v2\/users\/2"}],"replies":[{"embeddable":true,"href":"https:\/\/blogdofarnesio.com.br\/index.php?rest_route=%2Fwp%2Fv2%2Fcomments&post=339290"}],"version-history":[{"count":0,"href":"https:\/\/blogdofarnesio.com.br\/index.php?rest_route=\/wp\/v2\/posts\/339290\/revisions"}],"wp:featuredmedia":[{"embeddable":true,"href":"https:\/\/blogdofarnesio.com.br\/index.php?rest_route=\/wp\/v2\/media\/339291"}],"wp:attachment":[{"href":"https:\/\/blogdofarnesio.com.br\/index.php?rest_route=%2Fwp%2Fv2%2Fmedia&parent=339290"}],"wp:term":[{"taxonomy":"category","embeddable":true,"href":"https:\/\/blogdofarnesio.com.br\/index.php?rest_route=%2Fwp%2Fv2%2Fcategories&post=339290"},{"taxonomy":"post_tag","embeddable":true,"href":"https:\/\/blogdofarnesio.com.br\/index.php?rest_route=%2Fwp%2Fv2%2Ftags&post=339290"}],"curies":[{"name":"wp","href":"https:\/\/api.w.org\/{rel}","templated":true}]}}