{"id":339257,"date":"2023-04-27T08:22:56","date_gmt":"2023-04-27T11:22:56","guid":{"rendered":"https:\/\/blogdofarnesio.com.br\/?p=339257"},"modified":"2023-04-27T08:17:05","modified_gmt":"2023-04-27T11:17:05","slug":"afranio-ganha-concessao-de-radio-comunitaria","status":"publish","type":"post","link":"https:\/\/blogdofarnesio.com.br\/?p=339257","title":{"rendered":"Afr\u00e2nio ganha  renova\u00e7\u00e3o de concess\u00e3o da r\u00e1dio comunit\u00e1ria"},"content":{"rendered":"<p>A Comiss\u00e3o de Ci\u00eancia, Tecnologia, Inova\u00e7\u00e3o, Comunica\u00e7\u00e3o e Inform\u00e1tica do Senado aprovou dois projetos de decreto legislativo que renovam a concess\u00e3o para servi\u00e7os de radiodifus\u00e3o a entidades de Pernambuco. A aprova\u00e7\u00e3o atende \u00e0 R\u00e1dio Comunit\u00e1ria Alternativa FM, de Agrestina; e \u00e0 Associa\u00e7\u00e3o Comunit\u00e1ria Educativa e Cultural de Afr\u00e2nio. A concess\u00e3o \u00e9 v\u00e1lida por 10 anos, podendo ser renovada.<\/p>\n<p>A relatora foi a senadora Teresa Leit\u00e3o (PT-PE). Nos pareceres, ela observou que o Projeto de Decreto Legislativo n\u00ba 163\/2018, referente \u00e0 outorga \u00e0 r\u00e1dio comunit\u00e1ria em Agrestina; e o Projeto de Decreto Legislativo n\u00ba 441\/2019, referente \u00e0 r\u00e1dio em Afr\u00e2nio, atenderam a todos os crit\u00e9rios para a concess\u00e3o. \u201cN\u00e3o havendo reparos quanto aos aspectos de constitucionalidade, juridicidade e t\u00e9cnica legislativa, opinamos pela aprova\u00e7\u00e3o do ato que renova a autoriza\u00e7\u00e3o\u201d.<\/p>\n<p>Marcos Filho, diretor de programa\u00e7\u00e3o da R\u00e1dio Alternativa FM, comemorou a aprova\u00e7\u00e3o. \u201cA Alternativa FM tem 23 anos no ar. Agradecemos o relat\u00f3rio e o empenho da senadora Teresa Leit\u00e3o na renova\u00e7\u00e3o dessa concess\u00e3o. S\u00e3o mais 10 anos que n\u00f3s vamos ter para continuarmos nosso projeto, essa a\u00e7\u00e3o comunit\u00e1ria que leva cultura e informa\u00e7\u00e3o para a cidade de Agrestina e sua zona rural. Toda nossa equipe agradece de cora\u00e7\u00e3o pelo apoio\u201d.<\/p>\n<p>Compete ao Poder Executivo outorgar e renovar concess\u00e3o, permiss\u00e3o e autoriza\u00e7\u00e3o para o servi\u00e7o de radiodifus\u00e3o sonora e de sons e imagens (Constitui\u00e7\u00e3o Federal, art. 223). O ato de outorga ou renova\u00e7\u00e3o somente produzir\u00e1 efeitos legais ap\u00f3s delibera\u00e7\u00e3o do Congresso Nacional. No Senado, cabe \u00e0 CCT avaliar os processos, por meio de projetos de decretos legislativos.<\/p>\n<p>Os projetos agora seguem para vota\u00e7\u00e3o em plen\u00e1rio.<\/p>\n","protected":false},"excerpt":{"rendered":"<p>A Comiss\u00e3o de Ci\u00eancia, Tecnologia, Inova\u00e7\u00e3o, Comunica\u00e7\u00e3o e Inform\u00e1tica do Senado aprovou dois projetos de decreto legislativo que renovam a concess\u00e3o para servi\u00e7os de radiodifus\u00e3o a entidades de Pernambuco. A aprova\u00e7\u00e3o atende \u00e0 R\u00e1dio Comunit\u00e1ria Alternativa FM, de Agrestina; e \u00e0 Associa\u00e7\u00e3o Comunit\u00e1ria Educativa e Cultural de Afr\u00e2nio. A concess\u00e3o \u00e9 v\u00e1lida por 10 anos, podendo ser renovada. A relatora foi a senadora Teresa Leit\u00e3o (PT-PE). Nos pareceres, ela observou que o Projeto de Decreto Legislativo n\u00ba 163\/2018, referente \u00e0 outorga \u00e0 r\u00e1dio comunit\u00e1ria em Agrestina; e o Projeto de Decreto Legislativo n\u00ba 441\/2019, referente \u00e0 r\u00e1dio em Afr\u00e2nio, atenderam a todos os crit\u00e9rios para a concess\u00e3o. \u201cN\u00e3o havendo reparos quanto aos aspectos de constitucionalidade, juridicidade e t\u00e9cnica legislativa, opinamos&hellip; <\/p>\n","protected":false},"author":2,"featured_media":258630,"comment_status":"open","ping_status":"open","sticky":false,"template":"","format":"standard","meta":{"_acf_changed":false,"footnotes":""},"categories":[27],"tags":[],"class_list":["post-339257","post","type-post","status-publish","format-standard","has-post-thumbnail","hentry","category-cidades"],"acf":[],"yoast_head":"<!-- This site is optimized with the Yoast SEO plugin v27.4 - https:\/\/yoast.com\/product\/yoast-seo-wordpress\/ -->\n<title>Afr\u00e2nio ganha renova\u00e7\u00e3o de concess\u00e3o da r\u00e1dio comunit\u00e1ria - Blog do Farn\u00e9sio<\/title>\n<meta name=\"robots\" content=\"index, follow, max-snippet:-1, max-image-preview:large, max-video-preview:-1\" \/>\n<link rel=\"canonical\" href=\"https:\/\/blogdofarnesio.com.br\/?p=339257\" \/>\n<meta property=\"og:locale\" content=\"pt_BR\" \/>\n<meta property=\"og:type\" content=\"article\" \/>\n<meta property=\"og:title\" content=\"Afr\u00e2nio ganha renova\u00e7\u00e3o de concess\u00e3o da r\u00e1dio comunit\u00e1ria - Blog do Farn\u00e9sio\" \/>\n<meta property=\"og:description\" content=\"A Comiss\u00e3o de Ci\u00eancia, Tecnologia, Inova\u00e7\u00e3o, Comunica\u00e7\u00e3o e Inform\u00e1tica do Senado aprovou dois projetos de decreto legislativo que renovam a concess\u00e3o para servi\u00e7os de radiodifus\u00e3o a entidades de Pernambuco. A aprova\u00e7\u00e3o atende \u00e0 R\u00e1dio Comunit\u00e1ria Alternativa FM, de Agrestina; e \u00e0 Associa\u00e7\u00e3o Comunit\u00e1ria Educativa e Cultural de Afr\u00e2nio. A concess\u00e3o \u00e9 v\u00e1lida por 10 anos, podendo ser renovada. A relatora foi a senadora Teresa Leit\u00e3o (PT-PE). Nos pareceres, ela observou que o Projeto de Decreto Legislativo n\u00ba 163\/2018, referente \u00e0 outorga \u00e0 r\u00e1dio comunit\u00e1ria em Agrestina; e o Projeto de Decreto Legislativo n\u00ba 441\/2019, referente \u00e0 r\u00e1dio em Afr\u00e2nio, atenderam a todos os crit\u00e9rios para a concess\u00e3o. \u201cN\u00e3o havendo reparos quanto aos aspectos de constitucionalidade, juridicidade e t\u00e9cnica legislativa, opinamos&hellip;\" \/>\n<meta property=\"og:url\" content=\"https:\/\/blogdofarnesio.com.br\/?p=339257\" \/>\n<meta property=\"og:site_name\" content=\"Blog do Farn\u00e9sio\" \/>\n<meta property=\"article:publisher\" content=\"https:\/\/www.facebook.com\/BlogQuerSaberPolitica\/\" \/>\n<meta property=\"article:author\" content=\"https:\/\/www.facebook.com\/?ref=tn_tnmn\" \/>\n<meta property=\"article:published_time\" content=\"2023-04-27T11:22:56+00:00\" \/>\n<meta property=\"og:image\" content=\"https:\/\/blogdofarnesio.com.br\/wp-content\/uploads\/2020\/06\/blogqspafranio-pref-Rafael-cavalcante-2.jpeg\" \/>\n\t<meta property=\"og:image:width\" content=\"439\" \/>\n\t<meta property=\"og:image:height\" content=\"297\" \/>\n\t<meta property=\"og:image:type\" content=\"image\/jpeg\" \/>\n<meta name=\"author\" content=\"Farn\u00e9sio\" \/>\n<meta name=\"twitter:card\" content=\"summary_large_image\" \/>\n<meta name=\"twitter:label1\" content=\"Escrito por\" \/>\n\t<meta name=\"twitter:data1\" content=\"Farn\u00e9sio\" \/>\n\t<meta name=\"twitter:label2\" content=\"Est. tempo de leitura\" \/>\n\t<meta name=\"twitter:data2\" content=\"2 minutos\" \/>\n<script type=\"application\/ld+json\" class=\"yoast-schema-graph\">{\"@context\":\"https:\\\/\\\/schema.org\",\"@graph\":[{\"@type\":\"Article\",\"@id\":\"https:\\\/\\\/blogdofarnesio.com.br\\\/?p=339257#article\",\"isPartOf\":{\"@id\":\"https:\\\/\\\/blogdofarnesio.com.br\\\/?p=339257\"},\"author\":{\"name\":\"Farn\u00e9sio\",\"@id\":\"https:\\\/\\\/blogdofarnesio.com.br\\\/#\\\/schema\\\/person\\\/bb9b23ae3ad0609ce8df7b6c9e76824d\"},\"headline\":\"Afr\u00e2nio ganha renova\u00e7\u00e3o de concess\u00e3o da r\u00e1dio comunit\u00e1ria\",\"datePublished\":\"2023-04-27T11:22:56+00:00\",\"mainEntityOfPage\":{\"@id\":\"https:\\\/\\\/blogdofarnesio.com.br\\\/?p=339257\"},\"wordCount\":314,\"commentCount\":0,\"publisher\":{\"@id\":\"https:\\\/\\\/blogdofarnesio.com.br\\\/#organization\"},\"image\":{\"@id\":\"https:\\\/\\\/blogdofarnesio.com.br\\\/?p=339257#primaryimage\"},\"thumbnailUrl\":\"https:\\\/\\\/blogdofarnesio.com.br\\\/wp-content\\\/uploads\\\/2020\\\/06\\\/blogqspafranio-pref-Rafael-cavalcante-2.jpeg\",\"articleSection\":[\"Cidades\"],\"inLanguage\":\"pt-BR\",\"potentialAction\":[{\"@type\":\"CommentAction\",\"name\":\"Comment\",\"target\":[\"https:\\\/\\\/blogdofarnesio.com.br\\\/?p=339257#respond\"]}]},{\"@type\":\"WebPage\",\"@id\":\"https:\\\/\\\/blogdofarnesio.com.br\\\/?p=339257\",\"url\":\"https:\\\/\\\/blogdofarnesio.com.br\\\/?p=339257\",\"name\":\"Afr\u00e2nio ganha renova\u00e7\u00e3o de concess\u00e3o da r\u00e1dio comunit\u00e1ria - Blog do Farn\u00e9sio\",\"isPartOf\":{\"@id\":\"https:\\\/\\\/blogdofarnesio.com.br\\\/#website\"},\"primaryImageOfPage\":{\"@id\":\"https:\\\/\\\/blogdofarnesio.com.br\\\/?p=339257#primaryimage\"},\"image\":{\"@id\":\"https:\\\/\\\/blogdofarnesio.com.br\\\/?p=339257#primaryimage\"},\"thumbnailUrl\":\"https:\\\/\\\/blogdofarnesio.com.br\\\/wp-content\\\/uploads\\\/2020\\\/06\\\/blogqspafranio-pref-Rafael-cavalcante-2.jpeg\",\"datePublished\":\"2023-04-27T11:22:56+00:00\",\"breadcrumb\":{\"@id\":\"https:\\\/\\\/blogdofarnesio.com.br\\\/?p=339257#breadcrumb\"},\"inLanguage\":\"pt-BR\",\"potentialAction\":[{\"@type\":\"ReadAction\",\"target\":[\"https:\\\/\\\/blogdofarnesio.com.br\\\/?p=339257\"]}]},{\"@type\":\"ImageObject\",\"inLanguage\":\"pt-BR\",\"@id\":\"https:\\\/\\\/blogdofarnesio.com.br\\\/?p=339257#primaryimage\",\"url\":\"https:\\\/\\\/blogdofarnesio.com.br\\\/wp-content\\\/uploads\\\/2020\\\/06\\\/blogqspafranio-pref-Rafael-cavalcante-2.jpeg\",\"contentUrl\":\"https:\\\/\\\/blogdofarnesio.com.br\\\/wp-content\\\/uploads\\\/2020\\\/06\\\/blogqspafranio-pref-Rafael-cavalcante-2.jpeg\",\"width\":439,\"height\":297},{\"@type\":\"BreadcrumbList\",\"@id\":\"https:\\\/\\\/blogdofarnesio.com.br\\\/?p=339257#breadcrumb\",\"itemListElement\":[{\"@type\":\"ListItem\",\"position\":1,\"name\":\"In\u00edcio\",\"item\":\"https:\\\/\\\/blogdofarnesio.com.br\\\/\"},{\"@type\":\"ListItem\",\"position\":2,\"name\":\"Afr\u00e2nio ganha renova\u00e7\u00e3o de concess\u00e3o da r\u00e1dio comunit\u00e1ria\"}]},{\"@type\":\"WebSite\",\"@id\":\"https:\\\/\\\/blogdofarnesio.com.br\\\/#website\",\"url\":\"https:\\\/\\\/blogdofarnesio.com.br\\\/\",\"name\":\"Blog do Farn\u00e9sio\",\"description\":\"Quer Saber Pol\u00edtica?\",\"publisher\":{\"@id\":\"https:\\\/\\\/blogdofarnesio.com.br\\\/#organization\"},\"potentialAction\":[{\"@type\":\"SearchAction\",\"target\":{\"@type\":\"EntryPoint\",\"urlTemplate\":\"https:\\\/\\\/blogdofarnesio.com.br\\\/?s={search_term_string}\"},\"query-input\":{\"@type\":\"PropertyValueSpecification\",\"valueRequired\":true,\"valueName\":\"search_term_string\"}}],\"inLanguage\":\"pt-BR\"},{\"@type\":\"Organization\",\"@id\":\"https:\\\/\\\/blogdofarnesio.com.br\\\/#organization\",\"name\":\"Blog do Farn\u00e9sio\",\"url\":\"https:\\\/\\\/blogdofarnesio.com.br\\\/\",\"logo\":{\"@type\":\"ImageObject\",\"inLanguage\":\"pt-BR\",\"@id\":\"https:\\\/\\\/blogdofarnesio.com.br\\\/#\\\/schema\\\/logo\\\/image\\\/\",\"url\":\"https:\\\/\\\/blogdofarnesio.com.br\\\/wp-content\\\/uploads\\\/2026\\\/03\\\/cropped-logo_new-1.png\",\"contentUrl\":\"https:\\\/\\\/blogdofarnesio.com.br\\\/wp-content\\\/uploads\\\/2026\\\/03\\\/cropped-logo_new-1.png\",\"width\":881,\"height\":685,\"caption\":\"Blog do Farn\u00e9sio\"},\"image\":{\"@id\":\"https:\\\/\\\/blogdofarnesio.com.br\\\/#\\\/schema\\\/logo\\\/image\\\/\"},\"sameAs\":[\"https:\\\/\\\/www.facebook.com\\\/BlogQuerSaberPolitica\\\/\"]},{\"@type\":\"Person\",\"@id\":\"https:\\\/\\\/blogdofarnesio.com.br\\\/#\\\/schema\\\/person\\\/bb9b23ae3ad0609ce8df7b6c9e76824d\",\"name\":\"Farn\u00e9sio\",\"image\":{\"@type\":\"ImageObject\",\"inLanguage\":\"pt-BR\",\"@id\":\"https:\\\/\\\/secure.gravatar.com\\\/avatar\\\/986aa4c61ccdb66f8555bf88fc2a65609d00bcabd4d2d94377a727547345cbca?s=96&d=mm&r=g\",\"url\":\"https:\\\/\\\/secure.gravatar.com\\\/avatar\\\/986aa4c61ccdb66f8555bf88fc2a65609d00bcabd4d2d94377a727547345cbca?s=96&d=mm&r=g\",\"contentUrl\":\"https:\\\/\\\/secure.gravatar.com\\\/avatar\\\/986aa4c61ccdb66f8555bf88fc2a65609d00bcabd4d2d94377a727547345cbca?s=96&d=mm&r=g\",\"caption\":\"Farn\u00e9sio\"},\"description\":\"Radialista blogueiro, chegou a Petrolina\\\/Juazeiro em setembro de 1980, Farn\u00e9sio Silva \u00e9 de Arapiraca-Alagoas.\",\"sameAs\":[\"http:\\\/\\\/blogdofarnesio.com.br\",\"https:\\\/\\\/www.facebook.com\\\/?ref=tn_tnmn\",\"https:\\\/\\\/www.instagram.com\\\/?utm_source=pwa_homescreen\",\"https:\\\/\\\/youtube.com.br\\\/\"],\"url\":\"https:\\\/\\\/blogdofarnesio.com.br\\\/?author=2\"}]}<\/script>\n<!-- \/ Yoast SEO plugin. -->","yoast_head_json":{"title":"Afr\u00e2nio ganha renova\u00e7\u00e3o de concess\u00e3o da r\u00e1dio comunit\u00e1ria - Blog do Farn\u00e9sio","robots":{"index":"index","follow":"follow","max-snippet":"max-snippet:-1","max-image-preview":"max-image-preview:large","max-video-preview":"max-video-preview:-1"},"canonical":"https:\/\/blogdofarnesio.com.br\/?p=339257","og_locale":"pt_BR","og_type":"article","og_title":"Afr\u00e2nio ganha renova\u00e7\u00e3o de concess\u00e3o da r\u00e1dio comunit\u00e1ria - Blog do Farn\u00e9sio","og_description":"A Comiss\u00e3o de Ci\u00eancia, Tecnologia, Inova\u00e7\u00e3o, Comunica\u00e7\u00e3o e Inform\u00e1tica do Senado aprovou dois projetos de decreto legislativo que renovam a concess\u00e3o para servi\u00e7os de radiodifus\u00e3o a entidades de Pernambuco. A aprova\u00e7\u00e3o atende \u00e0 R\u00e1dio Comunit\u00e1ria Alternativa FM, de Agrestina; e \u00e0 Associa\u00e7\u00e3o Comunit\u00e1ria Educativa e Cultural de Afr\u00e2nio. A concess\u00e3o \u00e9 v\u00e1lida por 10 anos, podendo ser renovada. A relatora foi a senadora Teresa Leit\u00e3o (PT-PE). Nos pareceres, ela observou que o Projeto de Decreto Legislativo n\u00ba 163\/2018, referente \u00e0 outorga \u00e0 r\u00e1dio comunit\u00e1ria em Agrestina; e o Projeto de Decreto Legislativo n\u00ba 441\/2019, referente \u00e0 r\u00e1dio em Afr\u00e2nio, atenderam a todos os crit\u00e9rios para a concess\u00e3o. \u201cN\u00e3o havendo reparos quanto aos aspectos de constitucionalidade, juridicidade e t\u00e9cnica legislativa, opinamos&hellip;","og_url":"https:\/\/blogdofarnesio.com.br\/?p=339257","og_site_name":"Blog do Farn\u00e9sio","article_publisher":"https:\/\/www.facebook.com\/BlogQuerSaberPolitica\/","article_author":"https:\/\/www.facebook.com\/?ref=tn_tnmn","article_published_time":"2023-04-27T11:22:56+00:00","og_image":[{"width":439,"height":297,"url":"https:\/\/blogdofarnesio.com.br\/wp-content\/uploads\/2020\/06\/blogqspafranio-pref-Rafael-cavalcante-2.jpeg","type":"image\/jpeg"}],"author":"Farn\u00e9sio","twitter_card":"summary_large_image","twitter_misc":{"Escrito por":"Farn\u00e9sio","Est. tempo de leitura":"2 minutos"},"schema":{"@context":"https:\/\/schema.org","@graph":[{"@type":"Article","@id":"https:\/\/blogdofarnesio.com.br\/?p=339257#article","isPartOf":{"@id":"https:\/\/blogdofarnesio.com.br\/?p=339257"},"author":{"name":"Farn\u00e9sio","@id":"https:\/\/blogdofarnesio.com.br\/#\/schema\/person\/bb9b23ae3ad0609ce8df7b6c9e76824d"},"headline":"Afr\u00e2nio ganha renova\u00e7\u00e3o de concess\u00e3o da r\u00e1dio comunit\u00e1ria","datePublished":"2023-04-27T11:22:56+00:00","mainEntityOfPage":{"@id":"https:\/\/blogdofarnesio.com.br\/?p=339257"},"wordCount":314,"commentCount":0,"publisher":{"@id":"https:\/\/blogdofarnesio.com.br\/#organization"},"image":{"@id":"https:\/\/blogdofarnesio.com.br\/?p=339257#primaryimage"},"thumbnailUrl":"https:\/\/blogdofarnesio.com.br\/wp-content\/uploads\/2020\/06\/blogqspafranio-pref-Rafael-cavalcante-2.jpeg","articleSection":["Cidades"],"inLanguage":"pt-BR","potentialAction":[{"@type":"CommentAction","name":"Comment","target":["https:\/\/blogdofarnesio.com.br\/?p=339257#respond"]}]},{"@type":"WebPage","@id":"https:\/\/blogdofarnesio.com.br\/?p=339257","url":"https:\/\/blogdofarnesio.com.br\/?p=339257","name":"Afr\u00e2nio ganha renova\u00e7\u00e3o de concess\u00e3o da r\u00e1dio comunit\u00e1ria - Blog do Farn\u00e9sio","isPartOf":{"@id":"https:\/\/blogdofarnesio.com.br\/#website"},"primaryImageOfPage":{"@id":"https:\/\/blogdofarnesio.com.br\/?p=339257#primaryimage"},"image":{"@id":"https:\/\/blogdofarnesio.com.br\/?p=339257#primaryimage"},"thumbnailUrl":"https:\/\/blogdofarnesio.com.br\/wp-content\/uploads\/2020\/06\/blogqspafranio-pref-Rafael-cavalcante-2.jpeg","datePublished":"2023-04-27T11:22:56+00:00","breadcrumb":{"@id":"https:\/\/blogdofarnesio.com.br\/?p=339257#breadcrumb"},"inLanguage":"pt-BR","potentialAction":[{"@type":"ReadAction","target":["https:\/\/blogdofarnesio.com.br\/?p=339257"]}]},{"@type":"ImageObject","inLanguage":"pt-BR","@id":"https:\/\/blogdofarnesio.com.br\/?p=339257#primaryimage","url":"https:\/\/blogdofarnesio.com.br\/wp-content\/uploads\/2020\/06\/blogqspafranio-pref-Rafael-cavalcante-2.jpeg","contentUrl":"https:\/\/blogdofarnesio.com.br\/wp-content\/uploads\/2020\/06\/blogqspafranio-pref-Rafael-cavalcante-2.jpeg","width":439,"height":297},{"@type":"BreadcrumbList","@id":"https:\/\/blogdofarnesio.com.br\/?p=339257#breadcrumb","itemListElement":[{"@type":"ListItem","position":1,"name":"In\u00edcio","item":"https:\/\/blogdofarnesio.com.br\/"},{"@type":"ListItem","position":2,"name":"Afr\u00e2nio ganha renova\u00e7\u00e3o de concess\u00e3o da r\u00e1dio comunit\u00e1ria"}]},{"@type":"WebSite","@id":"https:\/\/blogdofarnesio.com.br\/#website","url":"https:\/\/blogdofarnesio.com.br\/","name":"Blog do Farn\u00e9sio","description":"Quer Saber Pol\u00edtica?","publisher":{"@id":"https:\/\/blogdofarnesio.com.br\/#organization"},"potentialAction":[{"@type":"SearchAction","target":{"@type":"EntryPoint","urlTemplate":"https:\/\/blogdofarnesio.com.br\/?s={search_term_string}"},"query-input":{"@type":"PropertyValueSpecification","valueRequired":true,"valueName":"search_term_string"}}],"inLanguage":"pt-BR"},{"@type":"Organization","@id":"https:\/\/blogdofarnesio.com.br\/#organization","name":"Blog do Farn\u00e9sio","url":"https:\/\/blogdofarnesio.com.br\/","logo":{"@type":"ImageObject","inLanguage":"pt-BR","@id":"https:\/\/blogdofarnesio.com.br\/#\/schema\/logo\/image\/","url":"https:\/\/blogdofarnesio.com.br\/wp-content\/uploads\/2026\/03\/cropped-logo_new-1.png","contentUrl":"https:\/\/blogdofarnesio.com.br\/wp-content\/uploads\/2026\/03\/cropped-logo_new-1.png","width":881,"height":685,"caption":"Blog do Farn\u00e9sio"},"image":{"@id":"https:\/\/blogdofarnesio.com.br\/#\/schema\/logo\/image\/"},"sameAs":["https:\/\/www.facebook.com\/BlogQuerSaberPolitica\/"]},{"@type":"Person","@id":"https:\/\/blogdofarnesio.com.br\/#\/schema\/person\/bb9b23ae3ad0609ce8df7b6c9e76824d","name":"Farn\u00e9sio","image":{"@type":"ImageObject","inLanguage":"pt-BR","@id":"https:\/\/secure.gravatar.com\/avatar\/986aa4c61ccdb66f8555bf88fc2a65609d00bcabd4d2d94377a727547345cbca?s=96&d=mm&r=g","url":"https:\/\/secure.gravatar.com\/avatar\/986aa4c61ccdb66f8555bf88fc2a65609d00bcabd4d2d94377a727547345cbca?s=96&d=mm&r=g","contentUrl":"https:\/\/secure.gravatar.com\/avatar\/986aa4c61ccdb66f8555bf88fc2a65609d00bcabd4d2d94377a727547345cbca?s=96&d=mm&r=g","caption":"Farn\u00e9sio"},"description":"Radialista blogueiro, chegou a Petrolina\/Juazeiro em setembro de 1980, Farn\u00e9sio Silva \u00e9 de Arapiraca-Alagoas.","sameAs":["http:\/\/blogdofarnesio.com.br","https:\/\/www.facebook.com\/?ref=tn_tnmn","https:\/\/www.instagram.com\/?utm_source=pwa_homescreen","https:\/\/youtube.com.br\/"],"url":"https:\/\/blogdofarnesio.com.br\/?author=2"}]}},"_links":{"self":[{"href":"https:\/\/blogdofarnesio.com.br\/index.php?rest_route=\/wp\/v2\/posts\/339257","targetHints":{"allow":["GET"]}}],"collection":[{"href":"https:\/\/blogdofarnesio.com.br\/index.php?rest_route=\/wp\/v2\/posts"}],"about":[{"href":"https:\/\/blogdofarnesio.com.br\/index.php?rest_route=\/wp\/v2\/types\/post"}],"author":[{"embeddable":true,"href":"https:\/\/blogdofarnesio.com.br\/index.php?rest_route=\/wp\/v2\/users\/2"}],"replies":[{"embeddable":true,"href":"https:\/\/blogdofarnesio.com.br\/index.php?rest_route=%2Fwp%2Fv2%2Fcomments&post=339257"}],"version-history":[{"count":0,"href":"https:\/\/blogdofarnesio.com.br\/index.php?rest_route=\/wp\/v2\/posts\/339257\/revisions"}],"wp:featuredmedia":[{"embeddable":true,"href":"https:\/\/blogdofarnesio.com.br\/index.php?rest_route=\/wp\/v2\/media\/258630"}],"wp:attachment":[{"href":"https:\/\/blogdofarnesio.com.br\/index.php?rest_route=%2Fwp%2Fv2%2Fmedia&parent=339257"}],"wp:term":[{"taxonomy":"category","embeddable":true,"href":"https:\/\/blogdofarnesio.com.br\/index.php?rest_route=%2Fwp%2Fv2%2Fcategories&post=339257"},{"taxonomy":"post_tag","embeddable":true,"href":"https:\/\/blogdofarnesio.com.br\/index.php?rest_route=%2Fwp%2Fv2%2Ftags&post=339257"}],"curies":[{"name":"wp","href":"https:\/\/api.w.org\/{rel}","templated":true}]}}