{"id":339251,"date":"2023-04-27T08:02:58","date_gmt":"2023-04-27T11:02:58","guid":{"rendered":"https:\/\/blogdofarnesio.com.br\/?p=339251"},"modified":"2023-04-26T17:42:52","modified_gmt":"2023-04-26T20:42:52","slug":"bolsonaro-fala-a-pf-em-engano-e-efeito-de-remedios-por-video-golpista-apos-8-1","status":"publish","type":"post","link":"https:\/\/blogdofarnesio.com.br\/?p=339251","title":{"rendered":"Bolsonaro fala \u00e0 PF em engano e efeito de rem\u00e9dios por v\u00eddeo golpista ap\u00f3s 8\/1"},"content":{"rendered":"<div class=\"sc-8a384deb-0 gcFtGo\">\n<div class=\"sc-8a384deb-4 ebUzRt\"><time datetime=\"2023-04-26T17:20:00\"><\/time>Por Renato Machado | Folhapress\u00a0 &#8211;<\/div>\n<\/div>\n<div class=\"sc-494c7b39-1 bRxsec\">\n<div class=\"sc-494c7b39-3 fUSHdU\">\n<p>Representantes da defesa do ex-presidente Jair Bolsonaro (PL) afirmaram que o ex-mandat\u00e1rio disse nesta quarta-feira (26) a investigadores da Pol\u00edcia Federal que publicou por engano em uma rede social v\u00eddeo repassado a ele que questionava a lisura das urnas eletr\u00f4nicas.<\/p>\n<p>O ex-presidente ainda estaria sob efeito de medicamentos quando fez a postagem, por ter sido hospitalizado.<\/p>\n<p>&#8220;Esse v\u00eddeo foi postado na p\u00e1gina do presidente do Facebook quando ele tentava transmiti-lo para o seu arquivo de WhatsApp para assisti-lo posteriormente&#8221;, disse o advogado Paulo Cunha Bueno, na sa\u00edda da sede da Pol\u00edcia Federal.<\/p>\n<p>&#8220;Por acaso, justamente nesse per\u00edodo, o presidente estava internado em um hospital em Orlando. Justamente no per\u00edodo entre o dia 8 e o dia 10 [de janeiro] ele teve uma crise de obstru\u00e7\u00e3o intestinal, isso est\u00e1 documentado, foi submetido a um tratamento com morfina, ficou hospitalizado e s\u00f3 recebeu alta na tarde do dai 10&#8221;, continuou.<br \/>\nAo longo de seu mandato (2019-2022), Bolsonaro acumulou declara\u00e7\u00f5es de cunho golpista e, ao perder as elei\u00e7\u00f5es, al\u00e9m de n\u00e3o reconhecer o resultado, incentivou apoiadores a permanecer em acampamentos que pediam \u00e0s For\u00e7as Armadas uma interven\u00e7\u00e3o federal que impedisse a posse do presidente Lula.<br \/>\nA defesa acrescentou que Bolsonaro apenas respondeu aos questionamentos relativos ao objetivo de sua intima\u00e7\u00e3o, que era a postagem do v\u00eddeo produzido por um procurador do estado de Mato Grosso que ataca a seguran\u00e7a das urnas eletr\u00f4nicas. No entanto, diz que o ex-mandat\u00e1rio se colocou \u00e0 disposi\u00e7\u00e3o para esclarecer outros pontos.<br \/>\nAfirmou ainda que Bolsonaro est\u00e1 \u00e0 disposi\u00e7\u00e3o para depor na Comiss\u00e3o Parlamentar Mista de Inqu\u00e9rito, para investigar os eventos de 8 de janeiro, que deve ser instalada nesta quarta.<br \/>\nSegundo a defesa, o ex-presidente teria recebido o v\u00eddeo e queria armazen\u00e1-lo para assistir mais tarde. Bolsonaro, diz a sua defesa, n\u00e3o teria se dado conta que realizou postagem, que acabou removida por auxiliares em seguida.<br \/>\n&#8220;Essa postagem foi feita de forma equivocada, tanto que pouco tempo depois, duas ou tr\u00eas horas depois, ele foi advertido e imediatamente retirou essa postagem. Observem inclusive que essa postagem foi feita na sua rede social de menor import\u00e2ncia, apenas no Facebook, que \u00e9 uma rede que ele pouco utiliza hoje em dia e n\u00e3o foi colocado nas demais redes&#8221;, afirmou o advogado.<br \/>\nBolsonaro foi intimado a depor \u00e0 PF por ter compartilhado nas redes sociais, dois dias depois da invas\u00e3o do Pal\u00e1cio do Planalto, um v\u00eddeo de ataques \u00e0 seguran\u00e7a das urnas eletr\u00f4nicas. A postagem foi apagada pouco depois de ser tornada p\u00fablica.<br \/>\nO ex-presidente dep\u00f4s por cerca de duas horas e meia no \u00e2mbito da investiga\u00e7\u00e3o que apura os ataques golpistas de 8 de janeiro. O inqu\u00e9rito mira os autores intelectuais da investida golpista que desaguou na invas\u00e3o e depreda\u00e7\u00e3o de Pal\u00e1cio do Planalto, Congresso e STF (Supremo Tribunal Federal).<br \/>\nEle permaneceu na sede da PF em Bras\u00edlia das 8h45 \u00e0s 11h20. Estava acompanhado dos advogados Paulo Cunha Bueno e Daniel Tesser, al\u00e9m do ex-ministro da Secretaria de Comunica\u00e7\u00e3o da Presid\u00eancia Fabio Wajngarten.<br \/>\nNa sa\u00edda, seus advogados pararam para falar com jornalistas. O pr\u00f3prio Bolsonaro chegou a descer de um outro ve\u00edculo, indicando que concederia entrevista. No entanto, logo na sequ\u00eancia voltou para o carro e deixou o local.<br \/>\nWajngarten afirmou que a postagem havia sido feita, equivocadamente, pelo pr\u00f3prio ex-presidente. Afastou assim hip\u00f3teses de que terceiros teriam sido os respons\u00e1veis, como um de seus filhos, o vereador Carlos Bolsonaro.<br \/>\n&#8220;Foi ele que postou, todos os metadados da plataforma estar\u00e3o \u00e0 disposi\u00e7\u00e3o dos delegados da Pol\u00edcia Federal&#8221;, afirmou.<br \/>\nO aliado ainda acrescentou que a defesa ainda fez uma demonstra\u00e7\u00e3o aos policiais federais de como \u00e9 f\u00e1cil realizar uma postagem no Facebook.<br \/>\n&#8220;A referida postagem, objeto do depoimento de hoje, acontece poucas horas, poucos momentos ap\u00f3s a sa\u00edda dele do hospital, altamente debilitado, altamente medicado. E a postagem, a mec\u00e2nica de postagem na plataforma do Facebook, se d\u00e1 com meros dois cliques no bot\u00e3o compartilhar&#8221;, afirmou.<br \/>\nOs advogados foram questionados por jornalistas a respeito das respostas dadas sobre a minuta de um golpe, encontrada na casa do ex-ministro da Justi\u00e7a Anderson Torres. A defesa refor\u00e7ou que ele apenas tratou do objeto daquela intima\u00e7\u00e3o, no caso, a postagem do v\u00eddeo.<br \/>\nSua equipe ainda acrescentou que as elei\u00e7\u00f5es de outubro de 2022 s\u00e3o &#8220;p\u00e1gina virada&#8221; para o presidente e que ele deixou claro isso durante o depoimento. Al\u00e9m disso, novamente, teria condenado os atos de 8 de janeiro.<br \/>\n&#8220;O presidente reiterou no depoimento de hoje, recriminou todo e qualquer ato antidemocr\u00e1tico, todo e qualquer ato que visa gerar instabilidade na ordem democr\u00e1tico&#8221;, afirmou o advogado Daniel Tesser.<br \/>\n&#8220;O presidente fez quest\u00e3o de consignar no depoimento de hoje: as elei\u00e7\u00f5es de 2022 s\u00e3o p\u00e1ginas viradas para ele. Isso est\u00e1 duas vezes no depoimento de hoje&#8221;, completou.<br \/>\nA defesa do ex-presidente ainda acrescentou que o ex-presidente est\u00e1 &#8220;sempre \u00e0 disposi\u00e7\u00e3o&#8221;, caso ele seja convocado para prestar depoimento na CPI mista que ser\u00e1 instalada para apurar os atos golpistas de 8 de janeiro.<br \/>\n&#8220;L\u00f3gico, ele est\u00e1 sempre \u00e0 disposi\u00e7\u00e3o, nada a ocultar&#8221;, afirmou Bueno.<br \/>\nCom um pouco mais de cautela, Wajngarten responde que \u00e9 necess\u00e1rio &#8220;esperar para ver o que vai acontecer&#8221;.<br \/>\nSegundo a coluna M\u00f4nica Bergamo, da Folha, Bolsonaro passou a tarde de ter\u00e7a (25) reunido com advogados e assessores para treinar as respostas que daria \u00e0 Pol\u00edcia Federal.<br \/>\nO ex-presidente retornou ao Brasil no dia 30 de mar\u00e7o, ap\u00f3s uma temporada de quase tr\u00eas meses nos Estados Unidos. Bolsonaro havia sa\u00eddo do pa\u00eds um dia antes do fim de seu mandato, interrompendo assim a tradi\u00e7\u00e3o hist\u00f3ria de passar a faixa presidencial para o seu sucessor.<br \/>\nEsse foi o seu segundo depoimento \u00e0 Pol\u00edcia Federal ap\u00f3s o seu retorno. O ex-mandat\u00e1rio j\u00e1 precisou dar explica\u00e7\u00f5es sobre o caso das joias recebidas de autoridades da Ar\u00e1bia Saudita.<br \/>\nA PF abriu quatro frentes de investiga\u00e7\u00e3o ap\u00f3s os ataques dos bolsonaristas acampados no QG do Ex\u00e9rcito.<br \/>\nUma delas mira os poss\u00edveis autores intelectuais, e \u00e9 essa frente que pode alcan\u00e7ar Bolsonaro. Outra tem como objetivo mapear os financiadores e respons\u00e1veis pela log\u00edstica do acampamento e transporte de bolsonaristas para Bras\u00edlia.<br \/>\nO terceiro foco da investiga\u00e7\u00e3o da PF s\u00e3o os v\u00e2ndalos. Os investigadores querem identificar e individualizar a conduta de cada um dos envolvidos na depreda\u00e7\u00e3o dos pr\u00e9dios hist\u00f3ricos da capital federal.<br \/>\nA quarta linha de apura\u00e7\u00e3o avan\u00e7a sobre autoridades omissas durante o 8 de janeiro e que facilitaram a atua\u00e7\u00e3o dos golpistas.<br \/>\nEssas investiga\u00e7\u00f5es deram origem a dez fases ostensivas da Lesa P\u00e1tria at\u00e9 o momento, deflagradas pela PF para avan\u00e7ar nas apura\u00e7\u00f5es.<\/p>\n<\/div>\n<\/div>\n","protected":false},"excerpt":{"rendered":"<p>Por Renato Machado | Folhapress\u00a0 &#8211; Representantes da defesa do ex-presidente Jair Bolsonaro (PL) afirmaram que o ex-mandat\u00e1rio disse nesta quarta-feira (26) a investigadores da Pol\u00edcia Federal que publicou por engano em uma rede social v\u00eddeo repassado a ele que questionava a lisura das urnas eletr\u00f4nicas. O ex-presidente ainda estaria sob efeito de medicamentos quando fez a postagem, por ter sido hospitalizado. &#8220;Esse v\u00eddeo foi postado na p\u00e1gina do presidente do Facebook quando ele tentava transmiti-lo para o seu arquivo de WhatsApp para assisti-lo posteriormente&#8221;, disse o advogado Paulo Cunha Bueno, na sa\u00edda da sede da Pol\u00edcia Federal. &#8220;Por acaso, justamente nesse per\u00edodo, o presidente estava internado em um hospital em Orlando. Justamente no per\u00edodo entre o dia 8 e&hellip; <\/p>\n","protected":false},"author":2,"featured_media":247109,"comment_status":"open","ping_status":"open","sticky":false,"template":"","format":"standard","meta":{"_acf_changed":false,"footnotes":""},"categories":[9],"tags":[],"class_list":["post-339251","post","type-post","status-publish","format-standard","has-post-thumbnail","hentry","category-policia"],"acf":[],"yoast_head":"<!-- This site is optimized with the Yoast SEO plugin v27.4 - https:\/\/yoast.com\/product\/yoast-seo-wordpress\/ -->\n<title>Bolsonaro fala \u00e0 PF em engano e efeito de rem\u00e9dios por v\u00eddeo golpista ap\u00f3s 8\/1 - Blog do Farn\u00e9sio<\/title>\n<meta name=\"robots\" content=\"index, follow, max-snippet:-1, max-image-preview:large, max-video-preview:-1\" \/>\n<link rel=\"canonical\" href=\"https:\/\/blogdofarnesio.com.br\/?p=339251\" \/>\n<meta property=\"og:locale\" content=\"pt_BR\" \/>\n<meta property=\"og:type\" content=\"article\" \/>\n<meta property=\"og:title\" content=\"Bolsonaro fala \u00e0 PF em engano e efeito de rem\u00e9dios por v\u00eddeo golpista ap\u00f3s 8\/1 - Blog do Farn\u00e9sio\" \/>\n<meta property=\"og:description\" content=\"Por Renato Machado | Folhapress\u00a0 &#8211; Representantes da defesa do ex-presidente Jair Bolsonaro (PL) afirmaram que o ex-mandat\u00e1rio disse nesta quarta-feira (26) a investigadores da Pol\u00edcia Federal que publicou por engano em uma rede social v\u00eddeo repassado a ele que questionava a lisura das urnas eletr\u00f4nicas. O ex-presidente ainda estaria sob efeito de medicamentos quando fez a postagem, por ter sido hospitalizado. &#8220;Esse v\u00eddeo foi postado na p\u00e1gina do presidente do Facebook quando ele tentava transmiti-lo para o seu arquivo de WhatsApp para assisti-lo posteriormente&#8221;, disse o advogado Paulo Cunha Bueno, na sa\u00edda da sede da Pol\u00edcia Federal. &#8220;Por acaso, justamente nesse per\u00edodo, o presidente estava internado em um hospital em Orlando. Justamente no per\u00edodo entre o dia 8 e&hellip;\" \/>\n<meta property=\"og:url\" content=\"https:\/\/blogdofarnesio.com.br\/?p=339251\" \/>\n<meta property=\"og:site_name\" content=\"Blog do Farn\u00e9sio\" \/>\n<meta property=\"article:publisher\" content=\"https:\/\/www.facebook.com\/BlogQuerSaberPolitica\/\" \/>\n<meta property=\"article:author\" content=\"https:\/\/www.facebook.com\/?ref=tn_tnmn\" \/>\n<meta property=\"article:published_time\" content=\"2023-04-27T11:02:58+00:00\" \/>\n<meta property=\"og:image\" content=\"https:\/\/blogdofarnesio.com.br\/wp-content\/uploads\/2020\/01\/blogqspbolso-l-o-pin\u00d3quio-do-whatsapp-Esmael-mpraes.jpg\" \/>\n\t<meta property=\"og:image:width\" content=\"501\" \/>\n\t<meta property=\"og:image:height\" content=\"330\" \/>\n\t<meta property=\"og:image:type\" content=\"image\/jpeg\" \/>\n<meta name=\"author\" content=\"Farn\u00e9sio\" \/>\n<meta name=\"twitter:card\" content=\"summary_large_image\" \/>\n<meta name=\"twitter:label1\" content=\"Escrito por\" \/>\n\t<meta name=\"twitter:data1\" content=\"Farn\u00e9sio\" \/>\n\t<meta name=\"twitter:label2\" content=\"Est. tempo de leitura\" \/>\n\t<meta name=\"twitter:data2\" content=\"6 minutos\" \/>\n<script type=\"application\/ld+json\" class=\"yoast-schema-graph\">{\"@context\":\"https:\\\/\\\/schema.org\",\"@graph\":[{\"@type\":\"Article\",\"@id\":\"https:\\\/\\\/blogdofarnesio.com.br\\\/?p=339251#article\",\"isPartOf\":{\"@id\":\"https:\\\/\\\/blogdofarnesio.com.br\\\/?p=339251\"},\"author\":{\"name\":\"Farn\u00e9sio\",\"@id\":\"https:\\\/\\\/blogdofarnesio.com.br\\\/#\\\/schema\\\/person\\\/bb9b23ae3ad0609ce8df7b6c9e76824d\"},\"headline\":\"Bolsonaro fala \u00e0 PF em engano e efeito de rem\u00e9dios por v\u00eddeo golpista ap\u00f3s 8\\\/1\",\"datePublished\":\"2023-04-27T11:02:58+00:00\",\"mainEntityOfPage\":{\"@id\":\"https:\\\/\\\/blogdofarnesio.com.br\\\/?p=339251\"},\"wordCount\":1188,\"commentCount\":0,\"publisher\":{\"@id\":\"https:\\\/\\\/blogdofarnesio.com.br\\\/#organization\"},\"image\":{\"@id\":\"https:\\\/\\\/blogdofarnesio.com.br\\\/?p=339251#primaryimage\"},\"thumbnailUrl\":\"https:\\\/\\\/blogdofarnesio.com.br\\\/wp-content\\\/uploads\\\/2020\\\/01\\\/blogqspbolso-l-o-pin\u00d3quio-do-whatsapp-Esmael-mpraes.jpg\",\"articleSection\":[\"Pol\u00edcia\"],\"inLanguage\":\"pt-BR\",\"potentialAction\":[{\"@type\":\"CommentAction\",\"name\":\"Comment\",\"target\":[\"https:\\\/\\\/blogdofarnesio.com.br\\\/?p=339251#respond\"]}]},{\"@type\":\"WebPage\",\"@id\":\"https:\\\/\\\/blogdofarnesio.com.br\\\/?p=339251\",\"url\":\"https:\\\/\\\/blogdofarnesio.com.br\\\/?p=339251\",\"name\":\"Bolsonaro fala \u00e0 PF em engano e efeito de rem\u00e9dios por v\u00eddeo golpista ap\u00f3s 8\\\/1 - Blog do Farn\u00e9sio\",\"isPartOf\":{\"@id\":\"https:\\\/\\\/blogdofarnesio.com.br\\\/#website\"},\"primaryImageOfPage\":{\"@id\":\"https:\\\/\\\/blogdofarnesio.com.br\\\/?p=339251#primaryimage\"},\"image\":{\"@id\":\"https:\\\/\\\/blogdofarnesio.com.br\\\/?p=339251#primaryimage\"},\"thumbnailUrl\":\"https:\\\/\\\/blogdofarnesio.com.br\\\/wp-content\\\/uploads\\\/2020\\\/01\\\/blogqspbolso-l-o-pin\u00d3quio-do-whatsapp-Esmael-mpraes.jpg\",\"datePublished\":\"2023-04-27T11:02:58+00:00\",\"breadcrumb\":{\"@id\":\"https:\\\/\\\/blogdofarnesio.com.br\\\/?p=339251#breadcrumb\"},\"inLanguage\":\"pt-BR\",\"potentialAction\":[{\"@type\":\"ReadAction\",\"target\":[\"https:\\\/\\\/blogdofarnesio.com.br\\\/?p=339251\"]}]},{\"@type\":\"ImageObject\",\"inLanguage\":\"pt-BR\",\"@id\":\"https:\\\/\\\/blogdofarnesio.com.br\\\/?p=339251#primaryimage\",\"url\":\"https:\\\/\\\/blogdofarnesio.com.br\\\/wp-content\\\/uploads\\\/2020\\\/01\\\/blogqspbolso-l-o-pin\u00d3quio-do-whatsapp-Esmael-mpraes.jpg\",\"contentUrl\":\"https:\\\/\\\/blogdofarnesio.com.br\\\/wp-content\\\/uploads\\\/2020\\\/01\\\/blogqspbolso-l-o-pin\u00d3quio-do-whatsapp-Esmael-mpraes.jpg\",\"width\":501,\"height\":330},{\"@type\":\"BreadcrumbList\",\"@id\":\"https:\\\/\\\/blogdofarnesio.com.br\\\/?p=339251#breadcrumb\",\"itemListElement\":[{\"@type\":\"ListItem\",\"position\":1,\"name\":\"In\u00edcio\",\"item\":\"https:\\\/\\\/blogdofarnesio.com.br\\\/\"},{\"@type\":\"ListItem\",\"position\":2,\"name\":\"Bolsonaro fala \u00e0 PF em engano e efeito de rem\u00e9dios por v\u00eddeo golpista ap\u00f3s 8\\\/1\"}]},{\"@type\":\"WebSite\",\"@id\":\"https:\\\/\\\/blogdofarnesio.com.br\\\/#website\",\"url\":\"https:\\\/\\\/blogdofarnesio.com.br\\\/\",\"name\":\"Blog do Farn\u00e9sio\",\"description\":\"Quer Saber Pol\u00edtica?\",\"publisher\":{\"@id\":\"https:\\\/\\\/blogdofarnesio.com.br\\\/#organization\"},\"potentialAction\":[{\"@type\":\"SearchAction\",\"target\":{\"@type\":\"EntryPoint\",\"urlTemplate\":\"https:\\\/\\\/blogdofarnesio.com.br\\\/?s={search_term_string}\"},\"query-input\":{\"@type\":\"PropertyValueSpecification\",\"valueRequired\":true,\"valueName\":\"search_term_string\"}}],\"inLanguage\":\"pt-BR\"},{\"@type\":\"Organization\",\"@id\":\"https:\\\/\\\/blogdofarnesio.com.br\\\/#organization\",\"name\":\"Blog do Farn\u00e9sio\",\"url\":\"https:\\\/\\\/blogdofarnesio.com.br\\\/\",\"logo\":{\"@type\":\"ImageObject\",\"inLanguage\":\"pt-BR\",\"@id\":\"https:\\\/\\\/blogdofarnesio.com.br\\\/#\\\/schema\\\/logo\\\/image\\\/\",\"url\":\"https:\\\/\\\/blogdofarnesio.com.br\\\/wp-content\\\/uploads\\\/2026\\\/03\\\/cropped-logo_new-1.png\",\"contentUrl\":\"https:\\\/\\\/blogdofarnesio.com.br\\\/wp-content\\\/uploads\\\/2026\\\/03\\\/cropped-logo_new-1.png\",\"width\":881,\"height\":685,\"caption\":\"Blog do Farn\u00e9sio\"},\"image\":{\"@id\":\"https:\\\/\\\/blogdofarnesio.com.br\\\/#\\\/schema\\\/logo\\\/image\\\/\"},\"sameAs\":[\"https:\\\/\\\/www.facebook.com\\\/BlogQuerSaberPolitica\\\/\"]},{\"@type\":\"Person\",\"@id\":\"https:\\\/\\\/blogdofarnesio.com.br\\\/#\\\/schema\\\/person\\\/bb9b23ae3ad0609ce8df7b6c9e76824d\",\"name\":\"Farn\u00e9sio\",\"image\":{\"@type\":\"ImageObject\",\"inLanguage\":\"pt-BR\",\"@id\":\"https:\\\/\\\/secure.gravatar.com\\\/avatar\\\/986aa4c61ccdb66f8555bf88fc2a65609d00bcabd4d2d94377a727547345cbca?s=96&d=mm&r=g\",\"url\":\"https:\\\/\\\/secure.gravatar.com\\\/avatar\\\/986aa4c61ccdb66f8555bf88fc2a65609d00bcabd4d2d94377a727547345cbca?s=96&d=mm&r=g\",\"contentUrl\":\"https:\\\/\\\/secure.gravatar.com\\\/avatar\\\/986aa4c61ccdb66f8555bf88fc2a65609d00bcabd4d2d94377a727547345cbca?s=96&d=mm&r=g\",\"caption\":\"Farn\u00e9sio\"},\"description\":\"Radialista blogueiro, chegou a Petrolina\\\/Juazeiro em setembro de 1980, Farn\u00e9sio Silva \u00e9 de Arapiraca-Alagoas.\",\"sameAs\":[\"http:\\\/\\\/blogdofarnesio.com.br\",\"https:\\\/\\\/www.facebook.com\\\/?ref=tn_tnmn\",\"https:\\\/\\\/www.instagram.com\\\/?utm_source=pwa_homescreen\",\"https:\\\/\\\/youtube.com.br\\\/\"],\"url\":\"https:\\\/\\\/blogdofarnesio.com.br\\\/?author=2\"}]}<\/script>\n<!-- \/ Yoast SEO plugin. -->","yoast_head_json":{"title":"Bolsonaro fala \u00e0 PF em engano e efeito de rem\u00e9dios por v\u00eddeo golpista ap\u00f3s 8\/1 - Blog do Farn\u00e9sio","robots":{"index":"index","follow":"follow","max-snippet":"max-snippet:-1","max-image-preview":"max-image-preview:large","max-video-preview":"max-video-preview:-1"},"canonical":"https:\/\/blogdofarnesio.com.br\/?p=339251","og_locale":"pt_BR","og_type":"article","og_title":"Bolsonaro fala \u00e0 PF em engano e efeito de rem\u00e9dios por v\u00eddeo golpista ap\u00f3s 8\/1 - Blog do Farn\u00e9sio","og_description":"Por Renato Machado | Folhapress\u00a0 &#8211; Representantes da defesa do ex-presidente Jair Bolsonaro (PL) afirmaram que o ex-mandat\u00e1rio disse nesta quarta-feira (26) a investigadores da Pol\u00edcia Federal que publicou por engano em uma rede social v\u00eddeo repassado a ele que questionava a lisura das urnas eletr\u00f4nicas. O ex-presidente ainda estaria sob efeito de medicamentos quando fez a postagem, por ter sido hospitalizado. &#8220;Esse v\u00eddeo foi postado na p\u00e1gina do presidente do Facebook quando ele tentava transmiti-lo para o seu arquivo de WhatsApp para assisti-lo posteriormente&#8221;, disse o advogado Paulo Cunha Bueno, na sa\u00edda da sede da Pol\u00edcia Federal. &#8220;Por acaso, justamente nesse per\u00edodo, o presidente estava internado em um hospital em Orlando. Justamente no per\u00edodo entre o dia 8 e&hellip;","og_url":"https:\/\/blogdofarnesio.com.br\/?p=339251","og_site_name":"Blog do Farn\u00e9sio","article_publisher":"https:\/\/www.facebook.com\/BlogQuerSaberPolitica\/","article_author":"https:\/\/www.facebook.com\/?ref=tn_tnmn","article_published_time":"2023-04-27T11:02:58+00:00","og_image":[{"width":501,"height":330,"url":"https:\/\/blogdofarnesio.com.br\/wp-content\/uploads\/2020\/01\/blogqspbolso-l-o-pin\u00d3quio-do-whatsapp-Esmael-mpraes.jpg","type":"image\/jpeg"}],"author":"Farn\u00e9sio","twitter_card":"summary_large_image","twitter_misc":{"Escrito por":"Farn\u00e9sio","Est. tempo de leitura":"6 minutos"},"schema":{"@context":"https:\/\/schema.org","@graph":[{"@type":"Article","@id":"https:\/\/blogdofarnesio.com.br\/?p=339251#article","isPartOf":{"@id":"https:\/\/blogdofarnesio.com.br\/?p=339251"},"author":{"name":"Farn\u00e9sio","@id":"https:\/\/blogdofarnesio.com.br\/#\/schema\/person\/bb9b23ae3ad0609ce8df7b6c9e76824d"},"headline":"Bolsonaro fala \u00e0 PF em engano e efeito de rem\u00e9dios por v\u00eddeo golpista ap\u00f3s 8\/1","datePublished":"2023-04-27T11:02:58+00:00","mainEntityOfPage":{"@id":"https:\/\/blogdofarnesio.com.br\/?p=339251"},"wordCount":1188,"commentCount":0,"publisher":{"@id":"https:\/\/blogdofarnesio.com.br\/#organization"},"image":{"@id":"https:\/\/blogdofarnesio.com.br\/?p=339251#primaryimage"},"thumbnailUrl":"https:\/\/blogdofarnesio.com.br\/wp-content\/uploads\/2020\/01\/blogqspbolso-l-o-pin\u00d3quio-do-whatsapp-Esmael-mpraes.jpg","articleSection":["Pol\u00edcia"],"inLanguage":"pt-BR","potentialAction":[{"@type":"CommentAction","name":"Comment","target":["https:\/\/blogdofarnesio.com.br\/?p=339251#respond"]}]},{"@type":"WebPage","@id":"https:\/\/blogdofarnesio.com.br\/?p=339251","url":"https:\/\/blogdofarnesio.com.br\/?p=339251","name":"Bolsonaro fala \u00e0 PF em engano e efeito de rem\u00e9dios por v\u00eddeo golpista ap\u00f3s 8\/1 - Blog do Farn\u00e9sio","isPartOf":{"@id":"https:\/\/blogdofarnesio.com.br\/#website"},"primaryImageOfPage":{"@id":"https:\/\/blogdofarnesio.com.br\/?p=339251#primaryimage"},"image":{"@id":"https:\/\/blogdofarnesio.com.br\/?p=339251#primaryimage"},"thumbnailUrl":"https:\/\/blogdofarnesio.com.br\/wp-content\/uploads\/2020\/01\/blogqspbolso-l-o-pin\u00d3quio-do-whatsapp-Esmael-mpraes.jpg","datePublished":"2023-04-27T11:02:58+00:00","breadcrumb":{"@id":"https:\/\/blogdofarnesio.com.br\/?p=339251#breadcrumb"},"inLanguage":"pt-BR","potentialAction":[{"@type":"ReadAction","target":["https:\/\/blogdofarnesio.com.br\/?p=339251"]}]},{"@type":"ImageObject","inLanguage":"pt-BR","@id":"https:\/\/blogdofarnesio.com.br\/?p=339251#primaryimage","url":"https:\/\/blogdofarnesio.com.br\/wp-content\/uploads\/2020\/01\/blogqspbolso-l-o-pin\u00d3quio-do-whatsapp-Esmael-mpraes.jpg","contentUrl":"https:\/\/blogdofarnesio.com.br\/wp-content\/uploads\/2020\/01\/blogqspbolso-l-o-pin\u00d3quio-do-whatsapp-Esmael-mpraes.jpg","width":501,"height":330},{"@type":"BreadcrumbList","@id":"https:\/\/blogdofarnesio.com.br\/?p=339251#breadcrumb","itemListElement":[{"@type":"ListItem","position":1,"name":"In\u00edcio","item":"https:\/\/blogdofarnesio.com.br\/"},{"@type":"ListItem","position":2,"name":"Bolsonaro fala \u00e0 PF em engano e efeito de rem\u00e9dios por v\u00eddeo golpista ap\u00f3s 8\/1"}]},{"@type":"WebSite","@id":"https:\/\/blogdofarnesio.com.br\/#website","url":"https:\/\/blogdofarnesio.com.br\/","name":"Blog do Farn\u00e9sio","description":"Quer Saber Pol\u00edtica?","publisher":{"@id":"https:\/\/blogdofarnesio.com.br\/#organization"},"potentialAction":[{"@type":"SearchAction","target":{"@type":"EntryPoint","urlTemplate":"https:\/\/blogdofarnesio.com.br\/?s={search_term_string}"},"query-input":{"@type":"PropertyValueSpecification","valueRequired":true,"valueName":"search_term_string"}}],"inLanguage":"pt-BR"},{"@type":"Organization","@id":"https:\/\/blogdofarnesio.com.br\/#organization","name":"Blog do Farn\u00e9sio","url":"https:\/\/blogdofarnesio.com.br\/","logo":{"@type":"ImageObject","inLanguage":"pt-BR","@id":"https:\/\/blogdofarnesio.com.br\/#\/schema\/logo\/image\/","url":"https:\/\/blogdofarnesio.com.br\/wp-content\/uploads\/2026\/03\/cropped-logo_new-1.png","contentUrl":"https:\/\/blogdofarnesio.com.br\/wp-content\/uploads\/2026\/03\/cropped-logo_new-1.png","width":881,"height":685,"caption":"Blog do Farn\u00e9sio"},"image":{"@id":"https:\/\/blogdofarnesio.com.br\/#\/schema\/logo\/image\/"},"sameAs":["https:\/\/www.facebook.com\/BlogQuerSaberPolitica\/"]},{"@type":"Person","@id":"https:\/\/blogdofarnesio.com.br\/#\/schema\/person\/bb9b23ae3ad0609ce8df7b6c9e76824d","name":"Farn\u00e9sio","image":{"@type":"ImageObject","inLanguage":"pt-BR","@id":"https:\/\/secure.gravatar.com\/avatar\/986aa4c61ccdb66f8555bf88fc2a65609d00bcabd4d2d94377a727547345cbca?s=96&d=mm&r=g","url":"https:\/\/secure.gravatar.com\/avatar\/986aa4c61ccdb66f8555bf88fc2a65609d00bcabd4d2d94377a727547345cbca?s=96&d=mm&r=g","contentUrl":"https:\/\/secure.gravatar.com\/avatar\/986aa4c61ccdb66f8555bf88fc2a65609d00bcabd4d2d94377a727547345cbca?s=96&d=mm&r=g","caption":"Farn\u00e9sio"},"description":"Radialista blogueiro, chegou a Petrolina\/Juazeiro em setembro de 1980, Farn\u00e9sio Silva \u00e9 de Arapiraca-Alagoas.","sameAs":["http:\/\/blogdofarnesio.com.br","https:\/\/www.facebook.com\/?ref=tn_tnmn","https:\/\/www.instagram.com\/?utm_source=pwa_homescreen","https:\/\/youtube.com.br\/"],"url":"https:\/\/blogdofarnesio.com.br\/?author=2"}]}},"_links":{"self":[{"href":"https:\/\/blogdofarnesio.com.br\/index.php?rest_route=\/wp\/v2\/posts\/339251","targetHints":{"allow":["GET"]}}],"collection":[{"href":"https:\/\/blogdofarnesio.com.br\/index.php?rest_route=\/wp\/v2\/posts"}],"about":[{"href":"https:\/\/blogdofarnesio.com.br\/index.php?rest_route=\/wp\/v2\/types\/post"}],"author":[{"embeddable":true,"href":"https:\/\/blogdofarnesio.com.br\/index.php?rest_route=\/wp\/v2\/users\/2"}],"replies":[{"embeddable":true,"href":"https:\/\/blogdofarnesio.com.br\/index.php?rest_route=%2Fwp%2Fv2%2Fcomments&post=339251"}],"version-history":[{"count":0,"href":"https:\/\/blogdofarnesio.com.br\/index.php?rest_route=\/wp\/v2\/posts\/339251\/revisions"}],"wp:featuredmedia":[{"embeddable":true,"href":"https:\/\/blogdofarnesio.com.br\/index.php?rest_route=\/wp\/v2\/media\/247109"}],"wp:attachment":[{"href":"https:\/\/blogdofarnesio.com.br\/index.php?rest_route=%2Fwp%2Fv2%2Fmedia&parent=339251"}],"wp:term":[{"taxonomy":"category","embeddable":true,"href":"https:\/\/blogdofarnesio.com.br\/index.php?rest_route=%2Fwp%2Fv2%2Fcategories&post=339251"},{"taxonomy":"post_tag","embeddable":true,"href":"https:\/\/blogdofarnesio.com.br\/index.php?rest_route=%2Fwp%2Fv2%2Ftags&post=339251"}],"curies":[{"name":"wp","href":"https:\/\/api.w.org\/{rel}","templated":true}]}}