{"id":339248,"date":"2023-04-27T11:24:13","date_gmt":"2023-04-27T14:24:13","guid":{"rendered":"https:\/\/blogdofarnesio.com.br\/?p=339248"},"modified":"2023-04-26T19:07:29","modified_gmt":"2023-04-26T22:07:29","slug":"petrolina-amplia-a-partir-de-hoje-vacinacao-bivalente-para-populacao-acima-de-18-anos","status":"publish","type":"post","link":"https:\/\/blogdofarnesio.com.br\/?p=339248","title":{"rendered":"Petrolina amplia a partir de hoje, vacina\u00e7\u00e3o Bivalente para popula\u00e7\u00e3o acima de 18 anos"},"content":{"rendered":"<p style=\"font-weight: 400;\">A Prefeitura de Petrolina, atrav\u00e9s da Secretaria de Sa\u00fade, ampliou a vacina\u00e7\u00e3o contra Covid-19. Seguindo as orienta\u00e7\u00f5es do Minist\u00e9rio da Sa\u00fade, a partir dessa quinta-feira (27) a popula\u00e7\u00e3o com 18 anos ou mais j\u00e1 pode tomar a dose de refor\u00e7o com o imuno Bivalente. Para fazer uso da vacina \u00e9 necess\u00e1rio ter, no m\u00ednimo, o esquema b\u00e1sico com duas doses da monovalente e respeitar um intervalo de quatro meses da \u00faltima dose.<\/p>\n<p style=\"font-weight: 400;\">Todas as Unidades B\u00e1sicas de Sa\u00fade do munic\u00edpio est\u00e3o abastecidas. Para se imunizar basta procurar uma unidade na zona urbana, das 8h \u00e0s 12h e das 14h \u00e0s 16h45, ou na zona rural, das 8h \u00e0s 12h45, portando um documento de identifica\u00e7\u00e3o com foto, cart\u00e3o SUS ou CPF e o cart\u00e3o de vacina.<\/p>\n<p style=\"font-weight: 400;\">A secret\u00e1ria executiva de Vigil\u00e2ncia em Sa\u00fade, Marlene Leandro, destaca a import\u00e2ncia da vacina\u00e7\u00e3o. \u201cJ\u00e1 est\u00e1vamos vacinando o p\u00fablico-alvo com esse imuno h\u00e1 mais de dois meses, agora de acordo com a nova norma t\u00e9cnica, toda a popula\u00e7\u00e3o com 18 anos e mais poder\u00e1 ser contemplada. Continuamos seguindo a orienta\u00e7\u00e3o do prefeito Sim\u00e3o Durando em explicar e refor\u00e7ar com a popula\u00e7\u00e3o que a vacina\u00e7\u00e3o \u00e9 a \u00fanica forma eficaz de prote\u00e7\u00e3o contra o v\u00edrus\u201d, destaca.<\/p>\n<p style=\"font-weight: 400;\">&#8212;&#8212;&#8212;&#8212;&#8212;&#8212;&#8212;&#8211;<\/p>\n<p style=\"font-weight: 400;\">Texto: Jhulyenne Souza &#8211; Assessora de Comunica\u00e7\u00e3o<\/p>\n","protected":false},"excerpt":{"rendered":"<p>A Prefeitura de Petrolina, atrav\u00e9s da Secretaria de Sa\u00fade, ampliou a vacina\u00e7\u00e3o contra Covid-19. Seguindo as orienta\u00e7\u00f5es do Minist\u00e9rio da Sa\u00fade, a partir dessa quinta-feira (27) a popula\u00e7\u00e3o com 18 anos ou mais j\u00e1 pode tomar a dose de refor\u00e7o com o imuno Bivalente. Para fazer uso da vacina \u00e9 necess\u00e1rio ter, no m\u00ednimo, o esquema b\u00e1sico com duas doses da monovalente e respeitar um intervalo de quatro meses da \u00faltima dose. Todas as Unidades B\u00e1sicas de Sa\u00fade do munic\u00edpio est\u00e3o abastecidas. Para se imunizar basta procurar uma unidade na zona urbana, das 8h \u00e0s 12h e das 14h \u00e0s 16h45, ou na zona rural, das 8h \u00e0s 12h45, portando um documento de identifica\u00e7\u00e3o com foto, cart\u00e3o SUS ou CPF&hellip; <\/p>\n","protected":false},"author":2,"featured_media":312051,"comment_status":"open","ping_status":"open","sticky":false,"template":"","format":"standard","meta":{"_acf_changed":false,"footnotes":""},"categories":[4],"tags":[],"class_list":["post-339248","post","type-post","status-publish","format-standard","has-post-thumbnail","hentry","category-saude"],"acf":[],"yoast_head":"<!-- This site is optimized with the Yoast SEO plugin v27.4 - https:\/\/yoast.com\/product\/yoast-seo-wordpress\/ -->\n<title>Petrolina amplia a partir de hoje, vacina\u00e7\u00e3o Bivalente para popula\u00e7\u00e3o acima de 18 anos - Blog do Farn\u00e9sio<\/title>\n<meta name=\"robots\" content=\"index, follow, max-snippet:-1, max-image-preview:large, max-video-preview:-1\" \/>\n<link rel=\"canonical\" href=\"https:\/\/blogdofarnesio.com.br\/?p=339248\" \/>\n<meta property=\"og:locale\" content=\"pt_BR\" \/>\n<meta property=\"og:type\" content=\"article\" \/>\n<meta property=\"og:title\" content=\"Petrolina amplia a partir de hoje, vacina\u00e7\u00e3o Bivalente para popula\u00e7\u00e3o acima de 18 anos - Blog do Farn\u00e9sio\" \/>\n<meta property=\"og:description\" content=\"A Prefeitura de Petrolina, atrav\u00e9s da Secretaria de Sa\u00fade, ampliou a vacina\u00e7\u00e3o contra Covid-19. Seguindo as orienta\u00e7\u00f5es do Minist\u00e9rio da Sa\u00fade, a partir dessa quinta-feira (27) a popula\u00e7\u00e3o com 18 anos ou mais j\u00e1 pode tomar a dose de refor\u00e7o com o imuno Bivalente. Para fazer uso da vacina \u00e9 necess\u00e1rio ter, no m\u00ednimo, o esquema b\u00e1sico com duas doses da monovalente e respeitar um intervalo de quatro meses da \u00faltima dose. Todas as Unidades B\u00e1sicas de Sa\u00fade do munic\u00edpio est\u00e3o abastecidas. Para se imunizar basta procurar uma unidade na zona urbana, das 8h \u00e0s 12h e das 14h \u00e0s 16h45, ou na zona rural, das 8h \u00e0s 12h45, portando um documento de identifica\u00e7\u00e3o com foto, cart\u00e3o SUS ou CPF&hellip;\" \/>\n<meta property=\"og:url\" content=\"https:\/\/blogdofarnesio.com.br\/?p=339248\" \/>\n<meta property=\"og:site_name\" content=\"Blog do Farn\u00e9sio\" \/>\n<meta property=\"article:publisher\" content=\"https:\/\/www.facebook.com\/BlogQuerSaberPolitica\/\" \/>\n<meta property=\"article:author\" content=\"https:\/\/www.facebook.com\/?ref=tn_tnmn\" \/>\n<meta property=\"article:published_time\" content=\"2023-04-27T14:24:13+00:00\" \/>\n<meta property=\"og:image\" content=\"https:\/\/blogdofarnesio.com.br\/wp-content\/uploads\/2022\/04\/blogqspvacinacao-dia-d.png\" \/>\n\t<meta property=\"og:image:width\" content=\"747\" \/>\n\t<meta property=\"og:image:height\" content=\"410\" \/>\n\t<meta property=\"og:image:type\" content=\"image\/png\" \/>\n<meta name=\"author\" content=\"Farn\u00e9sio\" \/>\n<meta name=\"twitter:card\" content=\"summary_large_image\" \/>\n<meta name=\"twitter:label1\" content=\"Escrito por\" \/>\n\t<meta name=\"twitter:data1\" content=\"Farn\u00e9sio\" \/>\n\t<meta name=\"twitter:label2\" content=\"Est. tempo de leitura\" \/>\n\t<meta name=\"twitter:data2\" content=\"2 minutos\" \/>\n<script type=\"application\/ld+json\" class=\"yoast-schema-graph\">{\"@context\":\"https:\\\/\\\/schema.org\",\"@graph\":[{\"@type\":\"Article\",\"@id\":\"https:\\\/\\\/blogdofarnesio.com.br\\\/?p=339248#article\",\"isPartOf\":{\"@id\":\"https:\\\/\\\/blogdofarnesio.com.br\\\/?p=339248\"},\"author\":{\"name\":\"Farn\u00e9sio\",\"@id\":\"https:\\\/\\\/blogdofarnesio.com.br\\\/#\\\/schema\\\/person\\\/bb9b23ae3ad0609ce8df7b6c9e76824d\"},\"headline\":\"Petrolina amplia a partir de hoje, vacina\u00e7\u00e3o Bivalente para popula\u00e7\u00e3o acima de 18 anos\",\"datePublished\":\"2023-04-27T14:24:13+00:00\",\"mainEntityOfPage\":{\"@id\":\"https:\\\/\\\/blogdofarnesio.com.br\\\/?p=339248\"},\"wordCount\":253,\"commentCount\":0,\"publisher\":{\"@id\":\"https:\\\/\\\/blogdofarnesio.com.br\\\/#organization\"},\"image\":{\"@id\":\"https:\\\/\\\/blogdofarnesio.com.br\\\/?p=339248#primaryimage\"},\"thumbnailUrl\":\"https:\\\/\\\/blogdofarnesio.com.br\\\/wp-content\\\/uploads\\\/2022\\\/04\\\/blogqspvacinacao-dia-d.png\",\"articleSection\":[\"Sa\u00fade\"],\"inLanguage\":\"pt-BR\",\"potentialAction\":[{\"@type\":\"CommentAction\",\"name\":\"Comment\",\"target\":[\"https:\\\/\\\/blogdofarnesio.com.br\\\/?p=339248#respond\"]}]},{\"@type\":\"WebPage\",\"@id\":\"https:\\\/\\\/blogdofarnesio.com.br\\\/?p=339248\",\"url\":\"https:\\\/\\\/blogdofarnesio.com.br\\\/?p=339248\",\"name\":\"Petrolina amplia a partir de hoje, vacina\u00e7\u00e3o Bivalente para popula\u00e7\u00e3o acima de 18 anos - Blog do Farn\u00e9sio\",\"isPartOf\":{\"@id\":\"https:\\\/\\\/blogdofarnesio.com.br\\\/#website\"},\"primaryImageOfPage\":{\"@id\":\"https:\\\/\\\/blogdofarnesio.com.br\\\/?p=339248#primaryimage\"},\"image\":{\"@id\":\"https:\\\/\\\/blogdofarnesio.com.br\\\/?p=339248#primaryimage\"},\"thumbnailUrl\":\"https:\\\/\\\/blogdofarnesio.com.br\\\/wp-content\\\/uploads\\\/2022\\\/04\\\/blogqspvacinacao-dia-d.png\",\"datePublished\":\"2023-04-27T14:24:13+00:00\",\"breadcrumb\":{\"@id\":\"https:\\\/\\\/blogdofarnesio.com.br\\\/?p=339248#breadcrumb\"},\"inLanguage\":\"pt-BR\",\"potentialAction\":[{\"@type\":\"ReadAction\",\"target\":[\"https:\\\/\\\/blogdofarnesio.com.br\\\/?p=339248\"]}]},{\"@type\":\"ImageObject\",\"inLanguage\":\"pt-BR\",\"@id\":\"https:\\\/\\\/blogdofarnesio.com.br\\\/?p=339248#primaryimage\",\"url\":\"https:\\\/\\\/blogdofarnesio.com.br\\\/wp-content\\\/uploads\\\/2022\\\/04\\\/blogqspvacinacao-dia-d.png\",\"contentUrl\":\"https:\\\/\\\/blogdofarnesio.com.br\\\/wp-content\\\/uploads\\\/2022\\\/04\\\/blogqspvacinacao-dia-d.png\",\"width\":747,\"height\":410},{\"@type\":\"BreadcrumbList\",\"@id\":\"https:\\\/\\\/blogdofarnesio.com.br\\\/?p=339248#breadcrumb\",\"itemListElement\":[{\"@type\":\"ListItem\",\"position\":1,\"name\":\"In\u00edcio\",\"item\":\"https:\\\/\\\/blogdofarnesio.com.br\\\/\"},{\"@type\":\"ListItem\",\"position\":2,\"name\":\"Petrolina amplia a partir de hoje, vacina\u00e7\u00e3o Bivalente para popula\u00e7\u00e3o acima de 18 anos\"}]},{\"@type\":\"WebSite\",\"@id\":\"https:\\\/\\\/blogdofarnesio.com.br\\\/#website\",\"url\":\"https:\\\/\\\/blogdofarnesio.com.br\\\/\",\"name\":\"Blog do Farn\u00e9sio\",\"description\":\"Quer Saber Pol\u00edtica?\",\"publisher\":{\"@id\":\"https:\\\/\\\/blogdofarnesio.com.br\\\/#organization\"},\"potentialAction\":[{\"@type\":\"SearchAction\",\"target\":{\"@type\":\"EntryPoint\",\"urlTemplate\":\"https:\\\/\\\/blogdofarnesio.com.br\\\/?s={search_term_string}\"},\"query-input\":{\"@type\":\"PropertyValueSpecification\",\"valueRequired\":true,\"valueName\":\"search_term_string\"}}],\"inLanguage\":\"pt-BR\"},{\"@type\":\"Organization\",\"@id\":\"https:\\\/\\\/blogdofarnesio.com.br\\\/#organization\",\"name\":\"Blog do Farn\u00e9sio\",\"url\":\"https:\\\/\\\/blogdofarnesio.com.br\\\/\",\"logo\":{\"@type\":\"ImageObject\",\"inLanguage\":\"pt-BR\",\"@id\":\"https:\\\/\\\/blogdofarnesio.com.br\\\/#\\\/schema\\\/logo\\\/image\\\/\",\"url\":\"https:\\\/\\\/blogdofarnesio.com.br\\\/wp-content\\\/uploads\\\/2026\\\/03\\\/cropped-logo_new-1.png\",\"contentUrl\":\"https:\\\/\\\/blogdofarnesio.com.br\\\/wp-content\\\/uploads\\\/2026\\\/03\\\/cropped-logo_new-1.png\",\"width\":881,\"height\":685,\"caption\":\"Blog do Farn\u00e9sio\"},\"image\":{\"@id\":\"https:\\\/\\\/blogdofarnesio.com.br\\\/#\\\/schema\\\/logo\\\/image\\\/\"},\"sameAs\":[\"https:\\\/\\\/www.facebook.com\\\/BlogQuerSaberPolitica\\\/\"]},{\"@type\":\"Person\",\"@id\":\"https:\\\/\\\/blogdofarnesio.com.br\\\/#\\\/schema\\\/person\\\/bb9b23ae3ad0609ce8df7b6c9e76824d\",\"name\":\"Farn\u00e9sio\",\"image\":{\"@type\":\"ImageObject\",\"inLanguage\":\"pt-BR\",\"@id\":\"https:\\\/\\\/secure.gravatar.com\\\/avatar\\\/986aa4c61ccdb66f8555bf88fc2a65609d00bcabd4d2d94377a727547345cbca?s=96&d=mm&r=g\",\"url\":\"https:\\\/\\\/secure.gravatar.com\\\/avatar\\\/986aa4c61ccdb66f8555bf88fc2a65609d00bcabd4d2d94377a727547345cbca?s=96&d=mm&r=g\",\"contentUrl\":\"https:\\\/\\\/secure.gravatar.com\\\/avatar\\\/986aa4c61ccdb66f8555bf88fc2a65609d00bcabd4d2d94377a727547345cbca?s=96&d=mm&r=g\",\"caption\":\"Farn\u00e9sio\"},\"description\":\"Radialista blogueiro, chegou a Petrolina\\\/Juazeiro em setembro de 1980, Farn\u00e9sio Silva \u00e9 de Arapiraca-Alagoas.\",\"sameAs\":[\"http:\\\/\\\/blogdofarnesio.com.br\",\"https:\\\/\\\/www.facebook.com\\\/?ref=tn_tnmn\",\"https:\\\/\\\/www.instagram.com\\\/?utm_source=pwa_homescreen\",\"https:\\\/\\\/youtube.com.br\\\/\"],\"url\":\"https:\\\/\\\/blogdofarnesio.com.br\\\/?author=2\"}]}<\/script>\n<!-- \/ Yoast SEO plugin. -->","yoast_head_json":{"title":"Petrolina amplia a partir de hoje, vacina\u00e7\u00e3o Bivalente para popula\u00e7\u00e3o acima de 18 anos - Blog do Farn\u00e9sio","robots":{"index":"index","follow":"follow","max-snippet":"max-snippet:-1","max-image-preview":"max-image-preview:large","max-video-preview":"max-video-preview:-1"},"canonical":"https:\/\/blogdofarnesio.com.br\/?p=339248","og_locale":"pt_BR","og_type":"article","og_title":"Petrolina amplia a partir de hoje, vacina\u00e7\u00e3o Bivalente para popula\u00e7\u00e3o acima de 18 anos - Blog do Farn\u00e9sio","og_description":"A Prefeitura de Petrolina, atrav\u00e9s da Secretaria de Sa\u00fade, ampliou a vacina\u00e7\u00e3o contra Covid-19. Seguindo as orienta\u00e7\u00f5es do Minist\u00e9rio da Sa\u00fade, a partir dessa quinta-feira (27) a popula\u00e7\u00e3o com 18 anos ou mais j\u00e1 pode tomar a dose de refor\u00e7o com o imuno Bivalente. Para fazer uso da vacina \u00e9 necess\u00e1rio ter, no m\u00ednimo, o esquema b\u00e1sico com duas doses da monovalente e respeitar um intervalo de quatro meses da \u00faltima dose. Todas as Unidades B\u00e1sicas de Sa\u00fade do munic\u00edpio est\u00e3o abastecidas. Para se imunizar basta procurar uma unidade na zona urbana, das 8h \u00e0s 12h e das 14h \u00e0s 16h45, ou na zona rural, das 8h \u00e0s 12h45, portando um documento de identifica\u00e7\u00e3o com foto, cart\u00e3o SUS ou CPF&hellip;","og_url":"https:\/\/blogdofarnesio.com.br\/?p=339248","og_site_name":"Blog do Farn\u00e9sio","article_publisher":"https:\/\/www.facebook.com\/BlogQuerSaberPolitica\/","article_author":"https:\/\/www.facebook.com\/?ref=tn_tnmn","article_published_time":"2023-04-27T14:24:13+00:00","og_image":[{"width":747,"height":410,"url":"https:\/\/blogdofarnesio.com.br\/wp-content\/uploads\/2022\/04\/blogqspvacinacao-dia-d.png","type":"image\/png"}],"author":"Farn\u00e9sio","twitter_card":"summary_large_image","twitter_misc":{"Escrito por":"Farn\u00e9sio","Est. tempo de leitura":"2 minutos"},"schema":{"@context":"https:\/\/schema.org","@graph":[{"@type":"Article","@id":"https:\/\/blogdofarnesio.com.br\/?p=339248#article","isPartOf":{"@id":"https:\/\/blogdofarnesio.com.br\/?p=339248"},"author":{"name":"Farn\u00e9sio","@id":"https:\/\/blogdofarnesio.com.br\/#\/schema\/person\/bb9b23ae3ad0609ce8df7b6c9e76824d"},"headline":"Petrolina amplia a partir de hoje, vacina\u00e7\u00e3o Bivalente para popula\u00e7\u00e3o acima de 18 anos","datePublished":"2023-04-27T14:24:13+00:00","mainEntityOfPage":{"@id":"https:\/\/blogdofarnesio.com.br\/?p=339248"},"wordCount":253,"commentCount":0,"publisher":{"@id":"https:\/\/blogdofarnesio.com.br\/#organization"},"image":{"@id":"https:\/\/blogdofarnesio.com.br\/?p=339248#primaryimage"},"thumbnailUrl":"https:\/\/blogdofarnesio.com.br\/wp-content\/uploads\/2022\/04\/blogqspvacinacao-dia-d.png","articleSection":["Sa\u00fade"],"inLanguage":"pt-BR","potentialAction":[{"@type":"CommentAction","name":"Comment","target":["https:\/\/blogdofarnesio.com.br\/?p=339248#respond"]}]},{"@type":"WebPage","@id":"https:\/\/blogdofarnesio.com.br\/?p=339248","url":"https:\/\/blogdofarnesio.com.br\/?p=339248","name":"Petrolina amplia a partir de hoje, vacina\u00e7\u00e3o Bivalente para popula\u00e7\u00e3o acima de 18 anos - Blog do Farn\u00e9sio","isPartOf":{"@id":"https:\/\/blogdofarnesio.com.br\/#website"},"primaryImageOfPage":{"@id":"https:\/\/blogdofarnesio.com.br\/?p=339248#primaryimage"},"image":{"@id":"https:\/\/blogdofarnesio.com.br\/?p=339248#primaryimage"},"thumbnailUrl":"https:\/\/blogdofarnesio.com.br\/wp-content\/uploads\/2022\/04\/blogqspvacinacao-dia-d.png","datePublished":"2023-04-27T14:24:13+00:00","breadcrumb":{"@id":"https:\/\/blogdofarnesio.com.br\/?p=339248#breadcrumb"},"inLanguage":"pt-BR","potentialAction":[{"@type":"ReadAction","target":["https:\/\/blogdofarnesio.com.br\/?p=339248"]}]},{"@type":"ImageObject","inLanguage":"pt-BR","@id":"https:\/\/blogdofarnesio.com.br\/?p=339248#primaryimage","url":"https:\/\/blogdofarnesio.com.br\/wp-content\/uploads\/2022\/04\/blogqspvacinacao-dia-d.png","contentUrl":"https:\/\/blogdofarnesio.com.br\/wp-content\/uploads\/2022\/04\/blogqspvacinacao-dia-d.png","width":747,"height":410},{"@type":"BreadcrumbList","@id":"https:\/\/blogdofarnesio.com.br\/?p=339248#breadcrumb","itemListElement":[{"@type":"ListItem","position":1,"name":"In\u00edcio","item":"https:\/\/blogdofarnesio.com.br\/"},{"@type":"ListItem","position":2,"name":"Petrolina amplia a partir de hoje, vacina\u00e7\u00e3o Bivalente para popula\u00e7\u00e3o acima de 18 anos"}]},{"@type":"WebSite","@id":"https:\/\/blogdofarnesio.com.br\/#website","url":"https:\/\/blogdofarnesio.com.br\/","name":"Blog do Farn\u00e9sio","description":"Quer Saber Pol\u00edtica?","publisher":{"@id":"https:\/\/blogdofarnesio.com.br\/#organization"},"potentialAction":[{"@type":"SearchAction","target":{"@type":"EntryPoint","urlTemplate":"https:\/\/blogdofarnesio.com.br\/?s={search_term_string}"},"query-input":{"@type":"PropertyValueSpecification","valueRequired":true,"valueName":"search_term_string"}}],"inLanguage":"pt-BR"},{"@type":"Organization","@id":"https:\/\/blogdofarnesio.com.br\/#organization","name":"Blog do Farn\u00e9sio","url":"https:\/\/blogdofarnesio.com.br\/","logo":{"@type":"ImageObject","inLanguage":"pt-BR","@id":"https:\/\/blogdofarnesio.com.br\/#\/schema\/logo\/image\/","url":"https:\/\/blogdofarnesio.com.br\/wp-content\/uploads\/2026\/03\/cropped-logo_new-1.png","contentUrl":"https:\/\/blogdofarnesio.com.br\/wp-content\/uploads\/2026\/03\/cropped-logo_new-1.png","width":881,"height":685,"caption":"Blog do Farn\u00e9sio"},"image":{"@id":"https:\/\/blogdofarnesio.com.br\/#\/schema\/logo\/image\/"},"sameAs":["https:\/\/www.facebook.com\/BlogQuerSaberPolitica\/"]},{"@type":"Person","@id":"https:\/\/blogdofarnesio.com.br\/#\/schema\/person\/bb9b23ae3ad0609ce8df7b6c9e76824d","name":"Farn\u00e9sio","image":{"@type":"ImageObject","inLanguage":"pt-BR","@id":"https:\/\/secure.gravatar.com\/avatar\/986aa4c61ccdb66f8555bf88fc2a65609d00bcabd4d2d94377a727547345cbca?s=96&d=mm&r=g","url":"https:\/\/secure.gravatar.com\/avatar\/986aa4c61ccdb66f8555bf88fc2a65609d00bcabd4d2d94377a727547345cbca?s=96&d=mm&r=g","contentUrl":"https:\/\/secure.gravatar.com\/avatar\/986aa4c61ccdb66f8555bf88fc2a65609d00bcabd4d2d94377a727547345cbca?s=96&d=mm&r=g","caption":"Farn\u00e9sio"},"description":"Radialista blogueiro, chegou a Petrolina\/Juazeiro em setembro de 1980, Farn\u00e9sio Silva \u00e9 de Arapiraca-Alagoas.","sameAs":["http:\/\/blogdofarnesio.com.br","https:\/\/www.facebook.com\/?ref=tn_tnmn","https:\/\/www.instagram.com\/?utm_source=pwa_homescreen","https:\/\/youtube.com.br\/"],"url":"https:\/\/blogdofarnesio.com.br\/?author=2"}]}},"_links":{"self":[{"href":"https:\/\/blogdofarnesio.com.br\/index.php?rest_route=\/wp\/v2\/posts\/339248","targetHints":{"allow":["GET"]}}],"collection":[{"href":"https:\/\/blogdofarnesio.com.br\/index.php?rest_route=\/wp\/v2\/posts"}],"about":[{"href":"https:\/\/blogdofarnesio.com.br\/index.php?rest_route=\/wp\/v2\/types\/post"}],"author":[{"embeddable":true,"href":"https:\/\/blogdofarnesio.com.br\/index.php?rest_route=\/wp\/v2\/users\/2"}],"replies":[{"embeddable":true,"href":"https:\/\/blogdofarnesio.com.br\/index.php?rest_route=%2Fwp%2Fv2%2Fcomments&post=339248"}],"version-history":[{"count":0,"href":"https:\/\/blogdofarnesio.com.br\/index.php?rest_route=\/wp\/v2\/posts\/339248\/revisions"}],"wp:featuredmedia":[{"embeddable":true,"href":"https:\/\/blogdofarnesio.com.br\/index.php?rest_route=\/wp\/v2\/media\/312051"}],"wp:attachment":[{"href":"https:\/\/blogdofarnesio.com.br\/index.php?rest_route=%2Fwp%2Fv2%2Fmedia&parent=339248"}],"wp:term":[{"taxonomy":"category","embeddable":true,"href":"https:\/\/blogdofarnesio.com.br\/index.php?rest_route=%2Fwp%2Fv2%2Fcategories&post=339248"},{"taxonomy":"post_tag","embeddable":true,"href":"https:\/\/blogdofarnesio.com.br\/index.php?rest_route=%2Fwp%2Fv2%2Ftags&post=339248"}],"curies":[{"name":"wp","href":"https:\/\/api.w.org\/{rel}","templated":true}]}}